{"id":26435,"date":"2024-04-11T10:32:49","date_gmt":"2024-04-11T08:32:49","guid":{"rendered":"https:\/\/www.m-q.ch\/?p=19613"},"modified":"2024-11-11T07:56:49","modified_gmt":"2024-11-11T06:56:49","slug":"innovation-im-fokus-tag-der-schweizer-qualitaet-2024-2","status":"publish","type":"post","link":"https:\/\/www.organisator.ch\/de\/operational-excellence\/2024-04-11\/innovation-im-fokus-tag-der-schweizer-qualitaet-2024-2\/","title":{"rendered":"Innovation im Fokus: Tag der Schweizer Qualit\u00e4t 2024"},"content":{"rendered":"<figure id=\"attachment_19615\" class=\"wp-caption alignnone\" style=\"width: 680px\" aria-describedby=\"caption-attachment-19615\"><img class=\"alignnone wp-image-19615 size-full\" src=\"https:\/\/www.m-q.ch\/wp-content\/uploads\/2024\/04\/Innovation-im-Fokus-Tag-der-Schweizer-Qualitaet-2024_MQ.jpg\" alt=\"Tag der Schweizer Qualit\u00e4t \" width=\"680\" height=\"351\" \/>\r\n<figcaption id=\"caption-attachment-19615\" class=\"wp-caption-text\">Der Tag der Schweizer Qualit\u00e4t 2024 widmet sich dem Thema Innovation. (Bild: KI-generiert)<\/figcaption>\r\n<\/figure>\r\n<p>Innovation steht im Mittelpunkt des diesj\u00e4hrigen \u201aTags der Schweizer Qualit\u00e4t\u2018, der am 23. April 2024 im Berner Kursaal unter der Moderation von Andrea Vetsch stattfindet. Die Veranstaltung zieht j\u00e4hrlich \u00fcber 350 Teilnehmer aus mehr als 180 Unternehmen an und bietet eine breite Branchenvertretung. Wertvolle Netzwerkm\u00f6glichkeiten bieten Raum, bestehende Kundenbeziehungen zu pflegen und neue Kontakte zu kn\u00fcpfen. Der Tag der Schweizer Qualit\u00e4t wurde 2008 von der <a href=\"https:\/\/saq.ch\/\">SAQ <u>Swiss Association for Quality<\/u><\/a>, dem Verband f\u00fcr Schweizer Qualit\u00e4t, ins Leben gerufen. Ziel der Veranstaltung ist es, einen branchen\u00fcbergreifenden Austausch zum Thema Qualit\u00e4t als einen der Grundpfeiler der Schweizer Wirtschaft zu f\u00f6rdern. Organisiert wird der j\u00e4hrlich stattfindende Kongress von\u00a0 der SAQ Swiss Association for Quality in Zusammenarbeit mit <a href=\"https:\/\/u7061146.ct.sendgrid.net\/ls\/click?upn=u001.gqh-2BaxUzlo7XKIuSly0rC18ZVz9zeH5qPAeW5iYD7OCrUqJ2CT2lN4iBcjtAaxOrNpSc-2Bau8xAwjVghC6z38GA-3D-3DtLTc_93BsojE-2BL5C-2BY5bA-2FpB2S5x4ASie2lf0OAH97LZOvRzt5D75qfMMOIGJGzLAWsXlpS4vHcXs09HRhtCLbmr3DcPgBzlJhIy-2BMR44gVmw5DRa7BbJm-2BS4-2FCa-2BP5rfiNgz2ymAXLFnacuDvBVhstyemBDMkpJ6l8P9M9DOCTp2PSdkS5pswrQZqoj-2BNHQVsZW-2B8mF9akdOGPfBKHWDeNj5LuuGv-2Bk8Mw4jWpmtWzmdF4868YN4SFPUWjUVoLDko0o0a1liYlzuLba6Nazn3ulHjWg7udsi7hWQCKTDVq7o0o8yQpD7Im9mYkA5RmOrrWFgD6sek-2BCWBR7TteoizWrKCEuNqcQVuZk8xk8x5phYVCU-3D\">Shift Switzerland<\/a><a href=\"https:\/\/u7061146.ct.sendgrid.net\/ls\/click?upn=u001.gqh-2BaxUzlo7XKIuSly0rC18ZVz9zeH5qPAeW5iYD7OCrUqJ2CT2lN4iBcjtAaxOrNpSc-2Bau8xAwjVghC6z38GA-3D-3Dzsi__93BsojE-2BL5C-2BY5bA-2FpB2S5x4ASie2lf0OAH97LZOvRzt5D75qfMMOIGJGzLAWsXlpS4vHcXs09HRhtCLbmr3DcPgBzlJhIy-2BMR44gVmw5DRa7BbJm-2BS4-2FCa-2BP5rfiNgz2ymAXLFnacuDvBVhstyemBDMkpJ6l8P9M9DOCTp2PSdkS5pswrQZqoj-2BNHQVsZW-2B8mF9akdOGPfBKHWDeNj5LoaMhgheqmsKXDD4eKfeCg-2BfNP-2FkpGFIDsu1MP1ZUNuiGAtPcfVPoAdswCf4P56NOr8ik04kecCeoj7Lp-2Fv5zj3JFU7EqwGzOJ1rqk7uG-2BWrhNJw1YjKv5A6oExoZ7O2UjviTCXpokvNLMKxUwU5URs-3D\">.<\/a><\/p>\r\n<h3><strong>Inspiration aus Praxis und Wissenschaft <\/strong><\/h3>\r\n<p>Unter dem Motto \u201eInnovation \u2013 Antrieb der Schweizer Wirtschaft\u201c bietet die Veranstaltung 2024 einen Einblick in die vielf\u00e4ltige Welt der Schweizer Innovationslandschaft. Unternehmen, die kontinuierlich in Forschung, Entwicklung und kreative Leistungen investieren, stehen im Fokus dieses hochkar\u00e4tigen Kongresses. Das pr\u00e4sentierte <a href=\"https:\/\/u7061146.ct.sendgrid.net\/ls\/click?upn=u001.gqh-2BaxUzlo7XKIuSly0rC4MJZbj-2FVvPEewCbRZ2agn1LNfmeAEam5SC8gLSmp2B6z-2B2s-2B7-2BnaJfMUI-2FkG3CGKBd4yuTVE03Siz1PpFWDapTU2PmvOLdk6hct0rInEmelffVI_93BsojE-2BL5C-2BY5bA-2FpB2S5x4ASie2lf0OAH97LZOvRzt5D75qfMMOIGJGzLAWsXlpS4vHcXs09HRhtCLbmr3DcPgBzlJhIy-2BMR44gVmw5DRa7BbJm-2BS4-2FCa-2BP5rfiNgz2ymAXLFnacuDvBVhstyemBDMkpJ6l8P9M9DOCTp2PSdkS5pswrQZqoj-2BNHQVsZW-2B8mF9akdOGPfBKHWDeNj5Lg40A-2FbU1AWjbdnLWnY-2BkPdBqCj0FODIVVoZSfU0A7VcwgdFHkAWJcxzri-2BbQFk16RpFtMyyyD97z4sx8sKYjIjKbCEMtFUj4aoy44N5PUBG6bIW0Y8Ehso3BX-2FBBCGgatHSbXbxAx5ULQQtPtGYwxk-3D\">Programm<\/a> ist genau so vielseitig und inspirierend wie die renommierten <a href=\"https:\/\/u7061146.ct.sendgrid.net\/ls\/click?upn=u001.gqh-2BaxUzlo7XKIuSly0rC4MJZbj-2FVvPEewCbRZ2agn1LNfmeAEam5SC8gLSmp2B6z-2B2s-2B7-2BnaJfMUI-2FkG3CGKPPfiZJetA-2FP6HRqJRTbLgRzrFLSFJdrsRuAcVPDROkEHs1B_93BsojE-2BL5C-2BY5bA-2FpB2S5x4ASie2lf0OAH97LZOvRzt5D75qfMMOIGJGzLAWsXlpS4vHcXs09HRhtCLbmr3DcPgBzlJhIy-2BMR44gVmw5DRa7BbJm-2BS4-2FCa-2BP5rfiNgz2ymAXLFnacuDvBVhstyemBDMkpJ6l8P9M9DOCTp2PSdkS5pswrQZqoj-2BNHQVsZW-2B8mF9akdOGPfBKHWDeNj5LnGVwAA-2FY2tCv-2BA-2BEsHUdYNpZTxiA-2BU9och7wYJ6m5JE2Kyk2uw-2FcOLIGhDxeB9jC4t452wT-2Fm1klSOfRczPamU3-2FkHkN3OleayDuWq1iruKMxETEUkfmiLMNd2FgZ3Vt6W0PeTvWofYQKq0FnJEAJk-3D\">Referentinnen und Referenten<\/a> aus Wirtschaft und Forschung: Von aktuellen Robotik-Trends <a href=\"https:\/\/u7061146.ct.sendgrid.net\/ls\/click?upn=u001.gqh-2BaxUzlo7XKIuSly0rC4MJZbj-2FVvPEewCbRZ2agn1LNfmeAEam5SC8gLSmp2B6z-2B2s-2B7-2BnaJfMUI-2FkG3CGKPPfiZJetA-2FP6HRqJRTbLgSk3yzbZNAmbrQXOqLHORQS40pye-2B1ecrW6Vj5qQqe0Sg-3D-3DXovJ_93BsojE-2BL5C-2BY5bA-2FpB2S5x4ASie2lf0OAH97LZOvRzt5D75qfMMOIGJGzLAWsXlpS4vHcXs09HRhtCLbmr3DcPgBzlJhIy-2BMR44gVmw5DRa7BbJm-2BS4-2FCa-2BP5rfiNgz2ymAXLFnacuDvBVhstyemBDMkpJ6l8P9M9DOCTp2PSdkS5pswrQZqoj-2BNHQVsZW-2B8mF9akdOGPfBKHWDeNj5LvFDk8MH-2Bzsu9R2hvDB9qqFYy7hlI3hjicjo5XrgrFVh91RDXgMPSqVQxMYZdUC5CYXZJ0rDXTcu67o1rVhSqKUGAj3-2Fb73OULQhx-2Fryvb9uwzq5Pb6ylS9HevlUnip7T6f7HrRm-2BsRDDkquME13CvQ-3D\">(<\/a><a href=\"https:\/\/u7061146.ct.sendgrid.net\/ls\/click?upn=u001.gqh-2BaxUzlo7XKIuSly0rC4MJZbj-2FVvPEewCbRZ2agn1LNfmeAEam5SC8gLSmp2B6z-2B2s-2B7-2BnaJfMUI-2FkG3CGKPPfiZJetA-2FP6HRqJRTbLgSk3yzbZNAmbrQXOqLHORQS40pye-2B1ecrW6Vj5qQqe0Sg-3D-3DOJV6_93BsojE-2BL5C-2BY5bA-2FpB2S5x4ASie2lf0OAH97LZOvRzt5D75qfMMOIGJGzLAWsXlpS4vHcXs09HRhtCLbmr3DcPgBzlJhIy-2BMR44gVmw5DRa7BbJm-2BS4-2FCa-2BP5rfiNgz2ymAXLFnacuDvBVhstyemBDMkpJ6l8P9M9DOCTp2PSdkS5pswrQZqoj-2BNHQVsZW-2B8mF9akdOGPfBKHWDeNj5Lm7WyBilkQVLn3RxWjXJAr9TpMulAF3yJpIO1WpReyfckD-2BdfjY5hztLKEquDsTaC-2F-2FtFsx2wWNSusy9L83yZWTYpKKwj1MtaDKlPFgKBTLbRBRIjvHeDzMukZ-2BbDtf4GV4O-2BZHZrug9VAlVSnOsKZQ-3D\">Prof. Dr. <\/a><a href=\"https:\/\/u7061146.ct.sendgrid.net\/ls\/click?upn=u001.gqh-2BaxUzlo7XKIuSly0rC4MJZbj-2FVvPEewCbRZ2agn1LNfmeAEam5SC8gLSmp2B6z-2B2s-2B7-2BnaJfMUI-2FkG3CGKPPfiZJetA-2FP6HRqJRTbLgSk3yzbZNAmbrQXOqLHORQS40pye-2B1ecrW6Vj5qQqe0Sg-3D-3D7Epx_93BsojE-2BL5C-2BY5bA-2FpB2S5x4ASie2lf0OAH97LZOvRzt5D75qfMMOIGJGzLAWsXlpS4vHcXs09HRhtCLbmr3DcPgBzlJhIy-2BMR44gVmw5DRa7BbJm-2BS4-2FCa-2BP5rfiNgz2ymAXLFnacuDvBVhstyemBDMkpJ6l8P9M9DOCTp2PSdkS5pswrQZqoj-2BNHQVsZW-2B8mF9akdOGPfBKHWDeNj5Lha12-2Fy-2B6BBgGNSvqUJ-2B5iUdFaBy0dsnlZr0F99iEa6MKVQc9j9AyLPs8lDDn1AMvpYswRmAbpzw0QlKt2OEBfab5-2Fom0oMwi-2BbyLxsNpBav64OjvoD9I2-2BlcpJ-2Bjo5AYFLGtyTJQVyLKgIyxv14h5k-3D\">Roland Siegwart,<\/a> Director Autonomous Systems Lab ETH Z\u00fcrich), dem Mut zur Ver\u00e4nderung und die unerm\u00fcdliche Ausdauer, Hindernisse zu \u00fcberwinden (<a href=\"https:\/\/u7061146.ct.sendgrid.net\/ls\/click?upn=u001.gqh-2BaxUzlo7XKIuSly0rC4MJZbj-2FVvPEewCbRZ2agn1LNfmeAEam5SC8gLSmp2B6z-2B2s-2B7-2BnaJfMUI-2FkG3CGKPPfiZJetA-2FP6HRqJRTbLgSk3yzbZNAmbrQXOqLHORQS2HIuYHJs5ZRJw0w7qPPzFQ-3D-3DL7Rn_93BsojE-2BL5C-2BY5bA-2FpB2S5x4ASie2lf0OAH97LZOvRzt5D75qfMMOIGJGzLAWsXlpS4vHcXs09HRhtCLbmr3DcPgBzlJhIy-2BMR44gVmw5DRa7BbJm-2BS4-2FCa-2BP5rfiNgz2ymAXLFnacuDvBVhstyemBDMkpJ6l8P9M9DOCTp2PSdkS5pswrQZqoj-2BNHQVsZW-2B8mF9akdOGPfBKHWDeNj5Lm5SVMwUx8aQTf-2F59iMQwjymLqhHLFOjnPO3Wj7E-2BfFhIYlCJLuN9ugBOxoyHiAcYKSd6e5b9pGg9VXn2v9wg-2BbK9Sum3cWx95kAeE6yBKAPOslGhmRoGbAlIO4UiyYuHXqUPsvrCvhZH0TMSQ-2BYgTE-3D\">Thomas Binggeli,<\/a> CEO und Inhaber Th\u00f6mus AG), \u00fcber die Entstehung und F\u00f6rderung von kreativen Ideen (<a href=\"https:\/\/u7061146.ct.sendgrid.net\/ls\/click?upn=u001.gqh-2BaxUzlo7XKIuSly0rC4MJZbj-2FVvPEewCbRZ2agn1LNfmeAEam5SC8gLSmp2B6z-2B2s-2B7-2BnaJfMUI-2FkG3CGKPPfiZJetA-2FP6HRqJRTbLgSk3yzbZNAmbrQXOqLHORQSV6SNt6UvrgvxNUF-2BJKNHRg-3D-3DOPaf_93BsojE-2BL5C-2BY5bA-2FpB2S5x4ASie2lf0OAH97LZOvRzt5D75qfMMOIGJGzLAWsXlpS4vHcXs09HRhtCLbmr3DcPgBzlJhIy-2BMR44gVmw5DRa7BbJm-2BS4-2FCa-2BP5rfiNgz2ymAXLFnacuDvBVhstyemBDMkpJ6l8P9M9DOCTp2PSdkS5pswrQZqoj-2BNHQVsZW-2B8mF9akdOGPfBKHWDeNj5LgNiMPzYHVPLX8HXjaeDbqXDBYhJ4S7poJZ7T3UGDecAANNaG16wPYNtGjsGnYgCJwLSRRAMxa2sOzQVeEaLd1By70EzKCtYQ4lzur9ZPpErSY9dlN9c0tNw-2BW7hETyckSsRhIYeFYKF1CVbOOg9hAM-3D\">Barbara Studer,<\/a> Neurowissenschaftlerin mit Spezialisierung auf mentale Fitness und Gesundheit) bis hin zum Thema \u201aradikale Innovation\u2018, bei dem \u201ajunge Wilde\u2018 und \u201aalte Hasen\u2018 gemeinsam innovative Businessmodelle und Produktstrategien erkunden. Dies sind nur einige der diesj\u00e4hrigen Programmh\u00f6hepunkte.<\/p>\r\n<p><em>Der Kongress ist \u00f6ffentlich. Weitere Informationen und Anmeldung <a href=\"https:\/\/saq.ch\/de\/veranstaltungen\/tag_der_schweizer_qualitaet\/tsq-2024\/\">hier<\/a>.<\/em><\/p>\n<p class=\"syndicated-attribution\">Dieser Beitrag erschien urspr\u00fcnglich auf m-q.ch - <a href=\"https:\/\/www.m-q.ch\/de\/innovation-im-fokus-tag-der-schweizer-qualitaet-2024\/\" target=\"_blank\">https:\/\/www.m-q.ch\/de\/innovation-im-fokus-tag-der-schweizer-qualitaet-2024\/<\/a><\/p>","protected":false},"excerpt":{"rendered":"<p>Am 23. April 2024 findet zum siebzehnten Mal im Berner Kursaal der Tag der Schweizer Qualit\u00e4t statt. Das Motto lautet \u00abInnovation \u2013 Antrieb der Schweizer Wirtschaft\u00bb \u2013 ein Thema, das zwar nicht neu ist, aber auch in einer Epoche der kontinuierlichen Beschleunigung nicht an Relevanz verloren hat.<\/p>\n","protected":false},"author":8,"featured_media":0,"comment_status":"closed","ping_status":"closed","sticky":false,"template":"","format":"standard","meta":{"_acf_changed":false,"_yoast_wpseo_focuskw":"Tag der Schweizer Qualit\u00e4t","_yoast_wpseo_metadesc":"Der Tag der Schweizer Qualit\u00e4t 2024: Innovation im Fokus. Veranstaltung bietet branchen\u00fcbergreifenden Austausch und Netzwerkm\u00f6glichkeiten.","articlekey":"","footnotes":""},"categories":[582],"tags":[636,586,103,193,605],"class_list":["post-26435","post","type-post","status-publish","format-standard","hentry","category-operational-excellence","tag-tag-der-schweizer-qualitaet","tag-allgemein","tag-business-excellence","tag-fachkongressfachmesse","tag-qualitaetsmanagement"],"acf":[],"yoast_head":"<!-- This site is optimized with the Yoast SEO plugin v27.5 - https:\/\/yoast.com\/product\/yoast-seo-wordpress\/ -->\n<title>Innovation im Fokus: Tag der Schweizer Qualit\u00e4t 2024 - Organisator<\/title>\n<meta name=\"description\" content=\"Der Tag der Schweizer Qualit\u00e4t 2024: Innovation im Fokus. Veranstaltung bietet branchen\u00fcbergreifenden Austausch und Netzwerkm\u00f6glichkeiten.\" \/>\n<meta name=\"robots\" content=\"index, follow, max-snippet:-1, max-image-preview:large, max-video-preview:-1\" \/>\n<link rel=\"canonical\" href=\"https:\/\/www.organisator.ch\/de\/operational-excellence\/2024-04-11\/innovation-im-fokus-tag-der-schweizer-qualitaet-2024-2\/\" \/>\n<meta property=\"og:locale\" content=\"de_DE\" \/>\n<meta property=\"og:type\" content=\"article\" \/>\n<meta property=\"og:title\" content=\"Innovation im Fokus: Tag der Schweizer Qualit\u00e4t 2024 - Organisator\" \/>\n<meta property=\"og:description\" content=\"Der Tag der Schweizer Qualit\u00e4t 2024: Innovation im Fokus. Veranstaltung bietet branchen\u00fcbergreifenden Austausch und Netzwerkm\u00f6glichkeiten.\" \/>\n<meta property=\"og:url\" content=\"https:\/\/www.organisator.ch\/de\/operational-excellence\/2024-04-11\/innovation-im-fokus-tag-der-schweizer-qualitaet-2024-2\/\" \/>\n<meta property=\"og:site_name\" content=\"Organisator\" \/>\n<meta property=\"article:publisher\" content=\"https:\/\/www.facebook.com\/OrganisatorFachmagazin\" \/>\n<meta property=\"article:published_time\" content=\"2024-04-11T08:32:49+00:00\" \/>\n<meta property=\"article:modified_time\" content=\"2024-11-11T06:56:49+00:00\" \/>\n<meta property=\"og:image\" content=\"https:\/\/www.m-q.ch\/wp-content\/uploads\/2024\/04\/Innovation-im-Fokus-Tag-der-Schweizer-Qualitaet-2024_MQ.jpg\" \/>\n<meta name=\"author\" content=\"galledia\" \/>\n<meta name=\"twitter:card\" content=\"summary_large_image\" \/>\n<meta name=\"twitter:creator\" content=\"@admin\" \/>\n<script type=\"application\/ld+json\" class=\"yoast-schema-graph\">{\"@context\":\"https:\\\/\\\/schema.org\",\"@graph\":[{\"@type\":\"Article\",\"@id\":\"https:\\\/\\\/www.organisator.ch\\\/operational-excellence\\\/2024-04-11\\\/innovation-im-fokus-tag-der-schweizer-qualitaet-2024-2\\\/#article\",\"isPartOf\":{\"@id\":\"https:\\\/\\\/www.organisator.ch\\\/operational-excellence\\\/2024-04-11\\\/innovation-im-fokus-tag-der-schweizer-qualitaet-2024-2\\\/\"},\"author\":{\"name\":\"galledia\",\"@id\":\"https:\\\/\\\/www.organisator.ch\\\/#\\\/schema\\\/person\\\/4e51799071cd2dd1232ac003643ef5f0\"},\"headline\":\"Innovation im Fokus: Tag der Schweizer Qualit\u00e4t 2024\",\"datePublished\":\"2024-04-11T08:32:49+00:00\",\"dateModified\":\"2024-11-11T06:56:49+00:00\",\"mainEntityOfPage\":{\"@id\":\"https:\\\/\\\/www.organisator.ch\\\/operational-excellence\\\/2024-04-11\\\/innovation-im-fokus-tag-der-schweizer-qualitaet-2024-2\\\/\"},\"wordCount\":298,\"publisher\":{\"@id\":\"https:\\\/\\\/www.organisator.ch\\\/#organization\"},\"image\":{\"@id\":\"https:\\\/\\\/www.organisator.ch\\\/operational-excellence\\\/2024-04-11\\\/innovation-im-fokus-tag-der-schweizer-qualitaet-2024-2\\\/#primaryimage\"},\"thumbnailUrl\":\"https:\\\/\\\/www.m-q.ch\\\/wp-content\\\/uploads\\\/2024\\\/04\\\/Innovation-im-Fokus-Tag-der-Schweizer-Qualitaet-2024_MQ.jpg\",\"keywords\":{\"0\":\"\u00abTag der Schweizer Qualit\u00e4t\u00bb\",\"2\":\"Business Excellence\",\"3\":\"Fachkongress\\\/Fachmesse\",\"4\":\"Qualit\u00e4tsmanagement\"},\"articleSection\":[\"OPERATIONAL EXCELLENCE\"],\"inLanguage\":\"de\"},{\"@type\":\"WebPage\",\"@id\":\"https:\\\/\\\/www.organisator.ch\\\/operational-excellence\\\/2024-04-11\\\/innovation-im-fokus-tag-der-schweizer-qualitaet-2024-2\\\/\",\"url\":\"https:\\\/\\\/www.organisator.ch\\\/operational-excellence\\\/2024-04-11\\\/innovation-im-fokus-tag-der-schweizer-qualitaet-2024-2\\\/\",\"name\":\"Innovation im Fokus: Tag der Schweizer Qualit\u00e4t 2024 - Organisator\",\"isPartOf\":{\"@id\":\"https:\\\/\\\/www.organisator.ch\\\/#website\"},\"primaryImageOfPage\":{\"@id\":\"https:\\\/\\\/www.organisator.ch\\\/operational-excellence\\\/2024-04-11\\\/innovation-im-fokus-tag-der-schweizer-qualitaet-2024-2\\\/#primaryimage\"},\"image\":{\"@id\":\"https:\\\/\\\/www.organisator.ch\\\/operational-excellence\\\/2024-04-11\\\/innovation-im-fokus-tag-der-schweizer-qualitaet-2024-2\\\/#primaryimage\"},\"thumbnailUrl\":\"https:\\\/\\\/www.m-q.ch\\\/wp-content\\\/uploads\\\/2024\\\/04\\\/Innovation-im-Fokus-Tag-der-Schweizer-Qualitaet-2024_MQ.jpg\",\"datePublished\":\"2024-04-11T08:32:49+00:00\",\"dateModified\":\"2024-11-11T06:56:49+00:00\",\"description\":\"Der Tag der Schweizer Qualit\u00e4t 2024: Innovation im Fokus. Veranstaltung bietet branchen\u00fcbergreifenden Austausch und Netzwerkm\u00f6glichkeiten.\",\"breadcrumb\":{\"@id\":\"https:\\\/\\\/www.organisator.ch\\\/operational-excellence\\\/2024-04-11\\\/innovation-im-fokus-tag-der-schweizer-qualitaet-2024-2\\\/#breadcrumb\"},\"inLanguage\":\"de\",\"potentialAction\":[{\"@type\":\"ReadAction\",\"target\":[\"https:\\\/\\\/www.organisator.ch\\\/operational-excellence\\\/2024-04-11\\\/innovation-im-fokus-tag-der-schweizer-qualitaet-2024-2\\\/\"]}]},{\"@type\":\"ImageObject\",\"inLanguage\":\"de\",\"@id\":\"https:\\\/\\\/www.organisator.ch\\\/operational-excellence\\\/2024-04-11\\\/innovation-im-fokus-tag-der-schweizer-qualitaet-2024-2\\\/#primaryimage\",\"url\":\"https:\\\/\\\/www.m-q.ch\\\/wp-content\\\/uploads\\\/2024\\\/04\\\/Innovation-im-Fokus-Tag-der-Schweizer-Qualitaet-2024_MQ.jpg\",\"contentUrl\":\"https:\\\/\\\/www.m-q.ch\\\/wp-content\\\/uploads\\\/2024\\\/04\\\/Innovation-im-Fokus-Tag-der-Schweizer-Qualitaet-2024_MQ.jpg\"},{\"@type\":\"BreadcrumbList\",\"@id\":\"https:\\\/\\\/www.organisator.ch\\\/operational-excellence\\\/2024-04-11\\\/innovation-im-fokus-tag-der-schweizer-qualitaet-2024-2\\\/#breadcrumb\",\"itemListElement\":[{\"@type\":\"ListItem\",\"position\":1,\"name\":\"Home\",\"item\":\"https:\\\/\\\/www.organisator.ch\\\/\"},{\"@type\":\"ListItem\",\"position\":2,\"name\":\"Innovation im Fokus: Tag der Schweizer Qualit\u00e4t 2024\"}]},{\"@type\":\"WebSite\",\"@id\":\"https:\\\/\\\/www.organisator.ch\\\/#website\",\"url\":\"https:\\\/\\\/www.organisator.ch\\\/\",\"name\":\"Organisator\",\"description\":\"Kompetent. Praxisnah. Der ORGANISATOR bereitet in 10 Ausgaben pro Jahr die wesentlichen Themen f\u00fcr F\u00fchrungskr\u00e4fte von KMU auf.\",\"publisher\":{\"@id\":\"https:\\\/\\\/www.organisator.ch\\\/#organization\"},\"potentialAction\":[{\"@type\":\"SearchAction\",\"target\":{\"@type\":\"EntryPoint\",\"urlTemplate\":\"https:\\\/\\\/www.organisator.ch\\\/?s={search_term_string}\"},\"query-input\":{\"@type\":\"PropertyValueSpecification\",\"valueRequired\":true,\"valueName\":\"search_term_string\"}}],\"inLanguage\":\"de\"},{\"@type\":\"Organization\",\"@id\":\"https:\\\/\\\/www.organisator.ch\\\/#organization\",\"name\":\"Organisator\",\"url\":\"https:\\\/\\\/www.organisator.ch\\\/\",\"logo\":{\"@type\":\"ImageObject\",\"inLanguage\":\"de\",\"@id\":\"https:\\\/\\\/www.organisator.ch\\\/#\\\/schema\\\/logo\\\/image\\\/\",\"url\":\"https:\\\/\\\/www.organisator.ch\\\/wp-content\\\/uploads\\\/2022\\\/01\\\/Logo_Organisator_Website.png\",\"contentUrl\":\"https:\\\/\\\/www.organisator.ch\\\/wp-content\\\/uploads\\\/2022\\\/01\\\/Logo_Organisator_Website.png\",\"width\":800,\"height\":77,\"caption\":\"Organisator\"},\"image\":{\"@id\":\"https:\\\/\\\/www.organisator.ch\\\/#\\\/schema\\\/logo\\\/image\\\/\"},\"sameAs\":[\"https:\\\/\\\/www.facebook.com\\\/OrganisatorFachmagazin\",\"https:\\\/\\\/www.linkedin.com\\\/showcase\\\/organisator-das-magazin-fr-kmu\",\"https:\\\/\\\/www.xing.com\\\/news\\\/pages\\\/organisator-ch-695\",\"https:\\\/\\\/www.youtube.com\\\/channel\\\/UCGP2Sq0iWaZwT3BdIAQFYpw\"]},{\"@type\":\"Person\",\"@id\":\"https:\\\/\\\/www.organisator.ch\\\/#\\\/schema\\\/person\\\/4e51799071cd2dd1232ac003643ef5f0\",\"name\":\"galledia\",\"image\":{\"@type\":\"ImageObject\",\"inLanguage\":\"de\",\"@id\":\"https:\\\/\\\/secure.gravatar.com\\\/avatar\\\/78a7f90c01fc2bfc875782a0d4922b37cde2cf184ce347b91316d23cd7f69a36?s=96&d=mm&r=g\",\"url\":\"https:\\\/\\\/secure.gravatar.com\\\/avatar\\\/78a7f90c01fc2bfc875782a0d4922b37cde2cf184ce347b91316d23cd7f69a36?s=96&d=mm&r=g\",\"contentUrl\":\"https:\\\/\\\/secure.gravatar.com\\\/avatar\\\/78a7f90c01fc2bfc875782a0d4922b37cde2cf184ce347b91316d23cd7f69a36?s=96&d=mm&r=g\",\"caption\":\"galledia\"},\"sameAs\":[\"https:\\\/\\\/x.com\\\/admin\"],\"url\":\"https:\\\/\\\/www.organisator.ch\\\/de\\\/author\\\/galledia\\\/\"}]}<\/script>\n<!-- \/ Yoast SEO plugin. -->","yoast_head_json":{"title":"Innovation im Fokus: Tag der Schweizer Qualit\u00e4t 2024 - Organisator","description":"Der Tag der Schweizer Qualit\u00e4t 2024: Innovation im Fokus. Veranstaltung bietet branchen\u00fcbergreifenden Austausch und Netzwerkm\u00f6glichkeiten.","robots":{"index":"index","follow":"follow","max-snippet":"max-snippet:-1","max-image-preview":"max-image-preview:large","max-video-preview":"max-video-preview:-1"},"canonical":"https:\/\/www.organisator.ch\/de\/operational-excellence\/2024-04-11\/innovation-im-fokus-tag-der-schweizer-qualitaet-2024-2\/","og_locale":"de_DE","og_type":"article","og_title":"Innovation im Fokus: Tag der Schweizer Qualit\u00e4t 2024 - Organisator","og_description":"Der Tag der Schweizer Qualit\u00e4t 2024: Innovation im Fokus. Veranstaltung bietet branchen\u00fcbergreifenden Austausch und Netzwerkm\u00f6glichkeiten.","og_url":"https:\/\/www.organisator.ch\/de\/operational-excellence\/2024-04-11\/innovation-im-fokus-tag-der-schweizer-qualitaet-2024-2\/","og_site_name":"Organisator","article_publisher":"https:\/\/www.facebook.com\/OrganisatorFachmagazin","article_published_time":"2024-04-11T08:32:49+00:00","article_modified_time":"2024-11-11T06:56:49+00:00","og_image":[{"url":"https:\/\/www.m-q.ch\/wp-content\/uploads\/2024\/04\/Innovation-im-Fokus-Tag-der-Schweizer-Qualitaet-2024_MQ.jpg","type":"","width":"","height":""}],"author":"galledia","twitter_card":"summary_large_image","twitter_creator":"@admin","schema":{"@context":"https:\/\/schema.org","@graph":[{"@type":"Article","@id":"https:\/\/www.organisator.ch\/operational-excellence\/2024-04-11\/innovation-im-fokus-tag-der-schweizer-qualitaet-2024-2\/#article","isPartOf":{"@id":"https:\/\/www.organisator.ch\/operational-excellence\/2024-04-11\/innovation-im-fokus-tag-der-schweizer-qualitaet-2024-2\/"},"author":{"name":"galledia","@id":"https:\/\/www.organisator.ch\/#\/schema\/person\/4e51799071cd2dd1232ac003643ef5f0"},"headline":"Innovation im Fokus: Tag der Schweizer Qualit\u00e4t 2024","datePublished":"2024-04-11T08:32:49+00:00","dateModified":"2024-11-11T06:56:49+00:00","mainEntityOfPage":{"@id":"https:\/\/www.organisator.ch\/operational-excellence\/2024-04-11\/innovation-im-fokus-tag-der-schweizer-qualitaet-2024-2\/"},"wordCount":298,"publisher":{"@id":"https:\/\/www.organisator.ch\/#organization"},"image":{"@id":"https:\/\/www.organisator.ch\/operational-excellence\/2024-04-11\/innovation-im-fokus-tag-der-schweizer-qualitaet-2024-2\/#primaryimage"},"thumbnailUrl":"https:\/\/www.m-q.ch\/wp-content\/uploads\/2024\/04\/Innovation-im-Fokus-Tag-der-Schweizer-Qualitaet-2024_MQ.jpg","keywords":{"0":"\u00abTag der Schweizer Qualit\u00e4t\u00bb","2":"Business Excellence","3":"Fachkongress\/Fachmesse","4":"Qualit\u00e4tsmanagement"},"articleSection":["OPERATIONAL EXCELLENCE"],"inLanguage":"de"},{"@type":"WebPage","@id":"https:\/\/www.organisator.ch\/operational-excellence\/2024-04-11\/innovation-im-fokus-tag-der-schweizer-qualitaet-2024-2\/","url":"https:\/\/www.organisator.ch\/operational-excellence\/2024-04-11\/innovation-im-fokus-tag-der-schweizer-qualitaet-2024-2\/","name":"Innovation im Fokus: Tag der Schweizer Qualit\u00e4t 2024 - Organisator","isPartOf":{"@id":"https:\/\/www.organisator.ch\/#website"},"primaryImageOfPage":{"@id":"https:\/\/www.organisator.ch\/operational-excellence\/2024-04-11\/innovation-im-fokus-tag-der-schweizer-qualitaet-2024-2\/#primaryimage"},"image":{"@id":"https:\/\/www.organisator.ch\/operational-excellence\/2024-04-11\/innovation-im-fokus-tag-der-schweizer-qualitaet-2024-2\/#primaryimage"},"thumbnailUrl":"https:\/\/www.m-q.ch\/wp-content\/uploads\/2024\/04\/Innovation-im-Fokus-Tag-der-Schweizer-Qualitaet-2024_MQ.jpg","datePublished":"2024-04-11T08:32:49+00:00","dateModified":"2024-11-11T06:56:49+00:00","description":"Der Tag der Schweizer Qualit\u00e4t 2024: Innovation im Fokus. Veranstaltung bietet branchen\u00fcbergreifenden Austausch und Netzwerkm\u00f6glichkeiten.","breadcrumb":{"@id":"https:\/\/www.organisator.ch\/operational-excellence\/2024-04-11\/innovation-im-fokus-tag-der-schweizer-qualitaet-2024-2\/#breadcrumb"},"inLanguage":"de","potentialAction":[{"@type":"ReadAction","target":["https:\/\/www.organisator.ch\/operational-excellence\/2024-04-11\/innovation-im-fokus-tag-der-schweizer-qualitaet-2024-2\/"]}]},{"@type":"ImageObject","inLanguage":"de","@id":"https:\/\/www.organisator.ch\/operational-excellence\/2024-04-11\/innovation-im-fokus-tag-der-schweizer-qualitaet-2024-2\/#primaryimage","url":"https:\/\/www.m-q.ch\/wp-content\/uploads\/2024\/04\/Innovation-im-Fokus-Tag-der-Schweizer-Qualitaet-2024_MQ.jpg","contentUrl":"https:\/\/www.m-q.ch\/wp-content\/uploads\/2024\/04\/Innovation-im-Fokus-Tag-der-Schweizer-Qualitaet-2024_MQ.jpg"},{"@type":"BreadcrumbList","@id":"https:\/\/www.organisator.ch\/operational-excellence\/2024-04-11\/innovation-im-fokus-tag-der-schweizer-qualitaet-2024-2\/#breadcrumb","itemListElement":[{"@type":"ListItem","position":1,"name":"Home","item":"https:\/\/www.organisator.ch\/"},{"@type":"ListItem","position":2,"name":"Innovation im Fokus: Tag der Schweizer Qualit\u00e4t 2024"}]},{"@type":"WebSite","@id":"https:\/\/www.organisator.ch\/#website","url":"https:\/\/www.organisator.ch\/","name":"Organisator","description":"Kompetent. Praxisnah. Der ORGANISATOR bereitet in 10 Ausgaben pro Jahr die wesentlichen Themen f\u00fcr F\u00fchrungskr\u00e4fte von KMU auf.","publisher":{"@id":"https:\/\/www.organisator.ch\/#organization"},"potentialAction":[{"@type":"SearchAction","target":{"@type":"EntryPoint","urlTemplate":"https:\/\/www.organisator.ch\/?s={search_term_string}"},"query-input":{"@type":"PropertyValueSpecification","valueRequired":true,"valueName":"search_term_string"}}],"inLanguage":"de"},{"@type":"Organization","@id":"https:\/\/www.organisator.ch\/#organization","name":"Organisator","url":"https:\/\/www.organisator.ch\/","logo":{"@type":"ImageObject","inLanguage":"de","@id":"https:\/\/www.organisator.ch\/#\/schema\/logo\/image\/","url":"https:\/\/www.organisator.ch\/wp-content\/uploads\/2022\/01\/Logo_Organisator_Website.png","contentUrl":"https:\/\/www.organisator.ch\/wp-content\/uploads\/2022\/01\/Logo_Organisator_Website.png","width":800,"height":77,"caption":"Organisator"},"image":{"@id":"https:\/\/www.organisator.ch\/#\/schema\/logo\/image\/"},"sameAs":["https:\/\/www.facebook.com\/OrganisatorFachmagazin","https:\/\/www.linkedin.com\/showcase\/organisator-das-magazin-fr-kmu","https:\/\/www.xing.com\/news\/pages\/organisator-ch-695","https:\/\/www.youtube.com\/channel\/UCGP2Sq0iWaZwT3BdIAQFYpw"]},{"@type":"Person","@id":"https:\/\/www.organisator.ch\/#\/schema\/person\/4e51799071cd2dd1232ac003643ef5f0","name":"galledia","image":{"@type":"ImageObject","inLanguage":"de","@id":"https:\/\/secure.gravatar.com\/avatar\/78a7f90c01fc2bfc875782a0d4922b37cde2cf184ce347b91316d23cd7f69a36?s=96&d=mm&r=g","url":"https:\/\/secure.gravatar.com\/avatar\/78a7f90c01fc2bfc875782a0d4922b37cde2cf184ce347b91316d23cd7f69a36?s=96&d=mm&r=g","contentUrl":"https:\/\/secure.gravatar.com\/avatar\/78a7f90c01fc2bfc875782a0d4922b37cde2cf184ce347b91316d23cd7f69a36?s=96&d=mm&r=g","caption":"galledia"},"sameAs":["https:\/\/x.com\/admin"],"url":"https:\/\/www.organisator.ch\/de\/author\/galledia\/"}]}},"_links":{"self":[{"href":"https:\/\/www.organisator.ch\/de\/wp-json\/wp\/v2\/posts\/26435","targetHints":{"allow":["GET"]}}],"collection":[{"href":"https:\/\/www.organisator.ch\/de\/wp-json\/wp\/v2\/posts"}],"about":[{"href":"https:\/\/www.organisator.ch\/de\/wp-json\/wp\/v2\/types\/post"}],"author":[{"embeddable":true,"href":"https:\/\/www.organisator.ch\/de\/wp-json\/wp\/v2\/users\/8"}],"replies":[{"embeddable":true,"href":"https:\/\/www.organisator.ch\/de\/wp-json\/wp\/v2\/comments?post=26435"}],"version-history":[{"count":9,"href":"https:\/\/www.organisator.ch\/de\/wp-json\/wp\/v2\/posts\/26435\/revisions"}],"predecessor-version":[{"id":32333,"href":"https:\/\/www.organisator.ch\/de\/wp-json\/wp\/v2\/posts\/26435\/revisions\/32333"}],"wp:attachment":[{"href":"https:\/\/www.organisator.ch\/de\/wp-json\/wp\/v2\/media?parent=26435"}],"wp:term":[{"taxonomy":"category","embeddable":true,"href":"https:\/\/www.organisator.ch\/de\/wp-json\/wp\/v2\/categories?post=26435"},{"taxonomy":"post_tag","embeddable":true,"href":"https:\/\/www.organisator.ch\/de\/wp-json\/wp\/v2\/tags?post=26435"}],"curies":[{"name":"wp","href":"https:\/\/api.w.org\/{rel}","templated":true}]}}