{"id":26489,"date":"2024-04-12T09:58:36","date_gmt":"2024-04-12T07:58:36","guid":{"rendered":"https:\/\/www.werbewoche.ch\/?p=213596"},"modified":"2024-11-11T07:15:28","modified_gmt":"2024-11-11T06:15:28","slug":"genfer-uhrenmesse-bietet-auch-kleinen-marken-ein-gutes-schaufenster","status":"publish","type":"post","link":"https:\/\/www.organisator.ch\/de\/marketing\/2024-04-12\/genfer-uhrenmesse-bietet-auch-kleinen-marken-ein-gutes-schaufenster\/","title":{"rendered":"Genfer Uhrenmesse bietet auch kleinen Marken ein gutes Schaufenster"},"content":{"rendered":"<figure id=\"attachment_213597\" class=\"wp-caption aligncenter\" style=\"width: 1200px\" aria-describedby=\"caption-attachment-213597\"><img class=\"aligncenter wp-image-213597 size-full\" src=\"https:\/\/www.werbewoche.ch\/wp-content\/uploads\/2024\/04\/Ambiance-Day-2-HD.jpg\" alt=\"Watches&amp;Wonders\" width=\"1200\" height=\"800\" \/>\r\n<figcaption id=\"caption-attachment-213597\" class=\"wp-caption-text\">Impressionen von der Uhrenmesse \u00abWatches&amp;Wonders\u00bb im Messekomplex Palexpo Genf. (Bild: WWGF\/KEYSTONE\/Valentin Flauraud)<\/figcaption>\r\n<\/figure>\r\n<p>Der Genfer Uhrensalon war jahrelang in der Hand der Richemont-Gruppe mit weltbekannten Marken wie Cartier, Piaget, IWC oder Jaeger LeCoultre. Nach dem Ende des Basler Pendants \u00abBaselworld\u00bb wurde 2022 die \u00abWatches&amp;Wonders\u00bb ins Leben gerufen, an der neben dem Branchenprimus Rolex auch klingende Namen wie Patek Philippe, Hublot, Tag Heuer oder Chopard teilnehmen.<\/p>\r\n<p>Aber auch kleinere Marken nutzen die neu geschaffene Plattform, um ihre neuesten Produkte zu pr\u00e4sentieren. So zum Beispiel Charriol, die auch im Schmucksegment stark vertreten ist, die Luzerner Uhrenmanufaktur Chronoswiss oder die Genfer Luxusuhrenmarke Artya. Die \u00abWatches&amp;Wonders\u00bb wurde am vergangenen Dienstag er\u00f6ffnet und dauert noch bis und mit Montag.<\/p>\r\n<h3>Ort f\u00fcr Kontakte<\/h3>\r\n<p>\u00abDie Messe ist f\u00fcr uns eine gute Gelegenheit, unsere Neuheiten vorzustellen. Wir treffen andere Vertreter der Branche, verkaufen Uhren und kn\u00fcpfen wichtige Kontakte, die zu weiteren Verk\u00e4ufen f\u00fchren werden\u00bb, erkl\u00e4rte Coralie Charriol, Gesch\u00e4ftsf\u00fchrerin von Charriol, im Gespr\u00e4ch mit der Nachrichtenagentur AWP.<\/p>\r\n<p>Charriol \u00fcbernahm die Leitung des Familienunternehmens nach dem Tod ihres Vaters im Jahr 2019 und leitete eine umfassende Umstrukturierung des Unternehmens ein. Dies sei f\u00fcr die Entwicklung des Unternehmens notwendig gewesen und habe zum Erfolg gef\u00fchrt.<\/p>\r\n<p>Wichtig war auch der Ausbau des Vertriebsnetzes. Allein in Indien kamen im vergangenen Jahr 14 neue Verkaufsstellen hinzu, und auch in Thailand oder Polen ist die Marke wieder vertreten. \u00abDieses und n\u00e4chstes Jahr werden wir uns auf die USA konzentrieren, wo wir bereits gute Ums\u00e4tze erzielen\u00bb, so Charriol. Ziel sei es, neben den langj\u00e4hrigen Vertriebspartnerschaften auch eigene Shops zu er\u00f6ffnen.<\/p>\r\n<h3>Die H\u00e4lfte der Jahresverk\u00e4ufe in Genf<\/h3>\r\n<p>Auch Chronoswiss z\u00e4hlt die USA zu seinen wichtigsten Absatzm\u00e4rkten und zieht viel Positives aus dem Auftritt in Genf. \u00abEine Uhrenmarke muss auf verschiedene Strategien setzen, um sich einen Namen zu machen\u00bb, ist Chronoswiss-Chef Oliver Ebstein im Gespr\u00e4ch mit AWP \u00fcberzeugt.<\/p>\r\n<p>Auf der Messe sei der direkte Kundenkontakt ein wichtiger Faktor, denn immerhin werde fast die H\u00e4lfte des Jahresumsatzes auf der Messe gemacht, so Ebstein weiter. \u00abHier k\u00f6nnen wir neue Kontakte kn\u00fcpfen, denn hier sind alle Akteure der Branche und auch die Presse versammelt.\u00bb<\/p>\r\n<p>Um den Messebesuchern den Beruf n\u00e4her zu bringen, demonstriert Chronoswiss an seinem Stand die Arbeit und die Arbeitsschritte der Uhrmacher. \u00abWir produzieren nur rund 100 St\u00fcck pro Jahr und setzen auf die Einzigartigkeit des Produkts und die Familiengeschichte, die es vermittelt\u00bb, erkl\u00e4rt ein Uhrmacher. Eine Uhr kostet zwischen 9\u2019000 und 15\u2019000 Franken.<\/p>\r\n<h3>Luxus f\u00fcr Kund:innen in Dubai<\/h3>\r\n<p>Eine weitere Marke, die der breiten \u00d6ffentlichkeit kaum bekannt ist, ist Artya, die zum ersten Mal an der \u00abWatches&amp;Wonders\u00bb teilnimmt. \u00abDas gibt uns die M\u00f6glichkeit, unsere Uhren zu pr\u00e4sentieren und Kunden zu treffen\u00bb, sagt Marketingleiter Guillaume Fonti. \u00abMit den Verk\u00e4ufen in den ersten 48 Stunden der Messe haben wir unser Wochenziel bereits \u00fcbertroffen.\u00bb<\/p>\r\n<p>Zu den Kunden der 2009 von Yvan Arpa gegr\u00fcndeten Luxusmarke z\u00e4hlen vor allem Sammler und Uhrenliebhaber, von denen viele in Dubai, Doha und Abu Dhabi leben. Denn die Artya-Uhren sind nicht billig: Sie kosten bis zu 500\u2019000 Franken pro St\u00fcck und werden weltweit an 70 Verkaufspunkten angeboten. <em>(AWP\/Leila Fern\u00e1ndez)<\/em><\/p>","protected":false},"excerpt":{"rendered":"<p>Die Genfer Uhrenmesse \u00abWatches&amp;Wonders\u00bb wird immer mehr zum Schauplatz f\u00fcr kleinere, weniger bekannte Marken. Sie machen an ihren St\u00e4nden auf sich aufmerksam, kn\u00fcpfen Kontakte zu H\u00e4ndlern und wickeln hier einen grossen Teil ihres Jahresumsatzes ab. Die Marken wollen vor allem ihren Bekanntheitsgrad steigern.<\/p>\n","protected":false},"author":8,"featured_media":0,"comment_status":"closed","ping_status":"closed","sticky":false,"template":"","format":"standard","meta":{"_acf_changed":false,"_yoast_wpseo_focuskw":"Watches&Wonders","_yoast_wpseo_metadesc":"Watches&Wonders: Genfer Uhrenmesse mit Rolex, Patek Philippe, Chronoswiss. Neue Produkte und wertvolle Branchenkontakte.","articlekey":"","footnotes":""},"categories":[29],"tags":[2617,2799,3966],"class_list":["post-26489","post","type-post","status-publish","format-standard","hentry","category-marketing","tag-marken","tag-messen-und-events","tag-schweizer-uhren"],"acf":[],"yoast_head":"<!-- This site is optimized with the Yoast SEO plugin v27.5 - https:\/\/yoast.com\/product\/yoast-seo-wordpress\/ -->\n<title>Genfer Uhrenmesse bietet auch kleinen Marken ein gutes Schaufenster - Organisator<\/title>\n<meta name=\"description\" content=\"Watches&amp;Wonders: Genfer Uhrenmesse mit Rolex, Patek Philippe, Chronoswiss. Neue Produkte und wertvolle Branchenkontakte.\" \/>\n<meta name=\"robots\" content=\"index, follow, max-snippet:-1, max-image-preview:large, max-video-preview:-1\" \/>\n<link rel=\"canonical\" href=\"https:\/\/www.organisator.ch\/de\/marketing\/2024-04-12\/genfer-uhrenmesse-bietet-auch-kleinen-marken-ein-gutes-schaufenster\/\" \/>\n<meta property=\"og:locale\" content=\"de_DE\" \/>\n<meta property=\"og:type\" content=\"article\" \/>\n<meta property=\"og:title\" content=\"Genfer Uhrenmesse bietet auch kleinen Marken ein gutes Schaufenster - Organisator\" \/>\n<meta property=\"og:description\" content=\"Watches&amp;Wonders: Genfer Uhrenmesse mit Rolex, Patek Philippe, Chronoswiss. Neue Produkte und wertvolle Branchenkontakte.\" \/>\n<meta property=\"og:url\" content=\"https:\/\/www.organisator.ch\/de\/marketing\/2024-04-12\/genfer-uhrenmesse-bietet-auch-kleinen-marken-ein-gutes-schaufenster\/\" \/>\n<meta property=\"og:site_name\" content=\"Organisator\" \/>\n<meta property=\"article:publisher\" content=\"https:\/\/www.facebook.com\/OrganisatorFachmagazin\" \/>\n<meta property=\"article:published_time\" content=\"2024-04-12T07:58:36+00:00\" \/>\n<meta property=\"article:modified_time\" content=\"2024-11-11T06:15:28+00:00\" \/>\n<meta property=\"og:image\" content=\"https:\/\/www.werbewoche.ch\/wp-content\/uploads\/2024\/04\/Ambiance-Day-2-HD.jpg\" \/>\n<meta name=\"author\" content=\"galledia\" \/>\n<meta name=\"twitter:card\" content=\"summary_large_image\" \/>\n<meta name=\"twitter:creator\" content=\"@admin\" \/>\n<script type=\"application\/ld+json\" class=\"yoast-schema-graph\">{\"@context\":\"https:\\\/\\\/schema.org\",\"@graph\":[{\"@type\":\"Article\",\"@id\":\"https:\\\/\\\/www.organisator.ch\\\/marketing\\\/2024-04-12\\\/genfer-uhrenmesse-bietet-auch-kleinen-marken-ein-gutes-schaufenster\\\/#article\",\"isPartOf\":{\"@id\":\"https:\\\/\\\/www.organisator.ch\\\/marketing\\\/2024-04-12\\\/genfer-uhrenmesse-bietet-auch-kleinen-marken-ein-gutes-schaufenster\\\/\"},\"author\":{\"name\":\"galledia\",\"@id\":\"https:\\\/\\\/www.organisator.ch\\\/#\\\/schema\\\/person\\\/4e51799071cd2dd1232ac003643ef5f0\"},\"headline\":\"Genfer Uhrenmesse bietet auch kleinen Marken ein gutes Schaufenster\",\"datePublished\":\"2024-04-12T07:58:36+00:00\",\"dateModified\":\"2024-11-11T06:15:28+00:00\",\"mainEntityOfPage\":{\"@id\":\"https:\\\/\\\/www.organisator.ch\\\/marketing\\\/2024-04-12\\\/genfer-uhrenmesse-bietet-auch-kleinen-marken-ein-gutes-schaufenster\\\/\"},\"wordCount\":548,\"publisher\":{\"@id\":\"https:\\\/\\\/www.organisator.ch\\\/#organization\"},\"image\":{\"@id\":\"https:\\\/\\\/www.organisator.ch\\\/marketing\\\/2024-04-12\\\/genfer-uhrenmesse-bietet-auch-kleinen-marken-ein-gutes-schaufenster\\\/#primaryimage\"},\"thumbnailUrl\":\"https:\\\/\\\/www.werbewoche.ch\\\/wp-content\\\/uploads\\\/2024\\\/04\\\/Ambiance-Day-2-HD.jpg\",\"keywords\":[\"Marken\",\"Messen und Events\",\"Schweizer Uhren\"],\"articleSection\":[\"MARKETING\"],\"inLanguage\":\"de\"},{\"@type\":\"WebPage\",\"@id\":\"https:\\\/\\\/www.organisator.ch\\\/marketing\\\/2024-04-12\\\/genfer-uhrenmesse-bietet-auch-kleinen-marken-ein-gutes-schaufenster\\\/\",\"url\":\"https:\\\/\\\/www.organisator.ch\\\/marketing\\\/2024-04-12\\\/genfer-uhrenmesse-bietet-auch-kleinen-marken-ein-gutes-schaufenster\\\/\",\"name\":\"Genfer Uhrenmesse bietet auch kleinen Marken ein gutes Schaufenster - Organisator\",\"isPartOf\":{\"@id\":\"https:\\\/\\\/www.organisator.ch\\\/#website\"},\"primaryImageOfPage\":{\"@id\":\"https:\\\/\\\/www.organisator.ch\\\/marketing\\\/2024-04-12\\\/genfer-uhrenmesse-bietet-auch-kleinen-marken-ein-gutes-schaufenster\\\/#primaryimage\"},\"image\":{\"@id\":\"https:\\\/\\\/www.organisator.ch\\\/marketing\\\/2024-04-12\\\/genfer-uhrenmesse-bietet-auch-kleinen-marken-ein-gutes-schaufenster\\\/#primaryimage\"},\"thumbnailUrl\":\"https:\\\/\\\/www.werbewoche.ch\\\/wp-content\\\/uploads\\\/2024\\\/04\\\/Ambiance-Day-2-HD.jpg\",\"datePublished\":\"2024-04-12T07:58:36+00:00\",\"dateModified\":\"2024-11-11T06:15:28+00:00\",\"description\":\"Watches&Wonders: Genfer Uhrenmesse mit Rolex, Patek Philippe, Chronoswiss. Neue Produkte und wertvolle Branchenkontakte.\",\"breadcrumb\":{\"@id\":\"https:\\\/\\\/www.organisator.ch\\\/marketing\\\/2024-04-12\\\/genfer-uhrenmesse-bietet-auch-kleinen-marken-ein-gutes-schaufenster\\\/#breadcrumb\"},\"inLanguage\":\"de\",\"potentialAction\":[{\"@type\":\"ReadAction\",\"target\":[\"https:\\\/\\\/www.organisator.ch\\\/marketing\\\/2024-04-12\\\/genfer-uhrenmesse-bietet-auch-kleinen-marken-ein-gutes-schaufenster\\\/\"]}]},{\"@type\":\"ImageObject\",\"inLanguage\":\"de\",\"@id\":\"https:\\\/\\\/www.organisator.ch\\\/marketing\\\/2024-04-12\\\/genfer-uhrenmesse-bietet-auch-kleinen-marken-ein-gutes-schaufenster\\\/#primaryimage\",\"url\":\"https:\\\/\\\/www.werbewoche.ch\\\/wp-content\\\/uploads\\\/2024\\\/04\\\/Ambiance-Day-2-HD.jpg\",\"contentUrl\":\"https:\\\/\\\/www.werbewoche.ch\\\/wp-content\\\/uploads\\\/2024\\\/04\\\/Ambiance-Day-2-HD.jpg\"},{\"@type\":\"BreadcrumbList\",\"@id\":\"https:\\\/\\\/www.organisator.ch\\\/marketing\\\/2024-04-12\\\/genfer-uhrenmesse-bietet-auch-kleinen-marken-ein-gutes-schaufenster\\\/#breadcrumb\",\"itemListElement\":[{\"@type\":\"ListItem\",\"position\":1,\"name\":\"Home\",\"item\":\"https:\\\/\\\/www.organisator.ch\\\/\"},{\"@type\":\"ListItem\",\"position\":2,\"name\":\"Genfer Uhrenmesse bietet auch kleinen Marken ein gutes Schaufenster\"}]},{\"@type\":\"WebSite\",\"@id\":\"https:\\\/\\\/www.organisator.ch\\\/#website\",\"url\":\"https:\\\/\\\/www.organisator.ch\\\/\",\"name\":\"Organisator\",\"description\":\"Kompetent. Praxisnah. Der ORGANISATOR bereitet in 10 Ausgaben pro Jahr die wesentlichen Themen f\u00fcr F\u00fchrungskr\u00e4fte von KMU auf.\",\"publisher\":{\"@id\":\"https:\\\/\\\/www.organisator.ch\\\/#organization\"},\"potentialAction\":[{\"@type\":\"SearchAction\",\"target\":{\"@type\":\"EntryPoint\",\"urlTemplate\":\"https:\\\/\\\/www.organisator.ch\\\/?s={search_term_string}\"},\"query-input\":{\"@type\":\"PropertyValueSpecification\",\"valueRequired\":true,\"valueName\":\"search_term_string\"}}],\"inLanguage\":\"de\"},{\"@type\":\"Organization\",\"@id\":\"https:\\\/\\\/www.organisator.ch\\\/#organization\",\"name\":\"Organisator\",\"url\":\"https:\\\/\\\/www.organisator.ch\\\/\",\"logo\":{\"@type\":\"ImageObject\",\"inLanguage\":\"de\",\"@id\":\"https:\\\/\\\/www.organisator.ch\\\/#\\\/schema\\\/logo\\\/image\\\/\",\"url\":\"https:\\\/\\\/www.organisator.ch\\\/wp-content\\\/uploads\\\/2022\\\/01\\\/Logo_Organisator_Website.png\",\"contentUrl\":\"https:\\\/\\\/www.organisator.ch\\\/wp-content\\\/uploads\\\/2022\\\/01\\\/Logo_Organisator_Website.png\",\"width\":800,\"height\":77,\"caption\":\"Organisator\"},\"image\":{\"@id\":\"https:\\\/\\\/www.organisator.ch\\\/#\\\/schema\\\/logo\\\/image\\\/\"},\"sameAs\":[\"https:\\\/\\\/www.facebook.com\\\/OrganisatorFachmagazin\",\"https:\\\/\\\/www.linkedin.com\\\/showcase\\\/organisator-das-magazin-fr-kmu\",\"https:\\\/\\\/www.xing.com\\\/news\\\/pages\\\/organisator-ch-695\",\"https:\\\/\\\/www.youtube.com\\\/channel\\\/UCGP2Sq0iWaZwT3BdIAQFYpw\"]},{\"@type\":\"Person\",\"@id\":\"https:\\\/\\\/www.organisator.ch\\\/#\\\/schema\\\/person\\\/4e51799071cd2dd1232ac003643ef5f0\",\"name\":\"galledia\",\"image\":{\"@type\":\"ImageObject\",\"inLanguage\":\"de\",\"@id\":\"https:\\\/\\\/secure.gravatar.com\\\/avatar\\\/78a7f90c01fc2bfc875782a0d4922b37cde2cf184ce347b91316d23cd7f69a36?s=96&d=mm&r=g\",\"url\":\"https:\\\/\\\/secure.gravatar.com\\\/avatar\\\/78a7f90c01fc2bfc875782a0d4922b37cde2cf184ce347b91316d23cd7f69a36?s=96&d=mm&r=g\",\"contentUrl\":\"https:\\\/\\\/secure.gravatar.com\\\/avatar\\\/78a7f90c01fc2bfc875782a0d4922b37cde2cf184ce347b91316d23cd7f69a36?s=96&d=mm&r=g\",\"caption\":\"galledia\"},\"sameAs\":[\"https:\\\/\\\/x.com\\\/admin\"],\"url\":\"https:\\\/\\\/www.organisator.ch\\\/de\\\/author\\\/galledia\\\/\"}]}<\/script>\n<!-- \/ Yoast SEO plugin. -->","yoast_head_json":{"title":"Genfer Uhrenmesse bietet auch kleinen Marken ein gutes Schaufenster - Organisator","description":"Watches&Wonders: Genfer Uhrenmesse mit Rolex, Patek Philippe, Chronoswiss. Neue Produkte und wertvolle Branchenkontakte.","robots":{"index":"index","follow":"follow","max-snippet":"max-snippet:-1","max-image-preview":"max-image-preview:large","max-video-preview":"max-video-preview:-1"},"canonical":"https:\/\/www.organisator.ch\/de\/marketing\/2024-04-12\/genfer-uhrenmesse-bietet-auch-kleinen-marken-ein-gutes-schaufenster\/","og_locale":"de_DE","og_type":"article","og_title":"Genfer Uhrenmesse bietet auch kleinen Marken ein gutes Schaufenster - Organisator","og_description":"Watches&Wonders: Genfer Uhrenmesse mit Rolex, Patek Philippe, Chronoswiss. Neue Produkte und wertvolle Branchenkontakte.","og_url":"https:\/\/www.organisator.ch\/de\/marketing\/2024-04-12\/genfer-uhrenmesse-bietet-auch-kleinen-marken-ein-gutes-schaufenster\/","og_site_name":"Organisator","article_publisher":"https:\/\/www.facebook.com\/OrganisatorFachmagazin","article_published_time":"2024-04-12T07:58:36+00:00","article_modified_time":"2024-11-11T06:15:28+00:00","og_image":[{"url":"https:\/\/www.werbewoche.ch\/wp-content\/uploads\/2024\/04\/Ambiance-Day-2-HD.jpg","type":"","width":"","height":""}],"author":"galledia","twitter_card":"summary_large_image","twitter_creator":"@admin","schema":{"@context":"https:\/\/schema.org","@graph":[{"@type":"Article","@id":"https:\/\/www.organisator.ch\/marketing\/2024-04-12\/genfer-uhrenmesse-bietet-auch-kleinen-marken-ein-gutes-schaufenster\/#article","isPartOf":{"@id":"https:\/\/www.organisator.ch\/marketing\/2024-04-12\/genfer-uhrenmesse-bietet-auch-kleinen-marken-ein-gutes-schaufenster\/"},"author":{"name":"galledia","@id":"https:\/\/www.organisator.ch\/#\/schema\/person\/4e51799071cd2dd1232ac003643ef5f0"},"headline":"Genfer Uhrenmesse bietet auch kleinen Marken ein gutes Schaufenster","datePublished":"2024-04-12T07:58:36+00:00","dateModified":"2024-11-11T06:15:28+00:00","mainEntityOfPage":{"@id":"https:\/\/www.organisator.ch\/marketing\/2024-04-12\/genfer-uhrenmesse-bietet-auch-kleinen-marken-ein-gutes-schaufenster\/"},"wordCount":548,"publisher":{"@id":"https:\/\/www.organisator.ch\/#organization"},"image":{"@id":"https:\/\/www.organisator.ch\/marketing\/2024-04-12\/genfer-uhrenmesse-bietet-auch-kleinen-marken-ein-gutes-schaufenster\/#primaryimage"},"thumbnailUrl":"https:\/\/www.werbewoche.ch\/wp-content\/uploads\/2024\/04\/Ambiance-Day-2-HD.jpg","keywords":["Marken","Messen und Events","Schweizer Uhren"],"articleSection":["MARKETING"],"inLanguage":"de"},{"@type":"WebPage","@id":"https:\/\/www.organisator.ch\/marketing\/2024-04-12\/genfer-uhrenmesse-bietet-auch-kleinen-marken-ein-gutes-schaufenster\/","url":"https:\/\/www.organisator.ch\/marketing\/2024-04-12\/genfer-uhrenmesse-bietet-auch-kleinen-marken-ein-gutes-schaufenster\/","name":"Genfer Uhrenmesse bietet auch kleinen Marken ein gutes Schaufenster - Organisator","isPartOf":{"@id":"https:\/\/www.organisator.ch\/#website"},"primaryImageOfPage":{"@id":"https:\/\/www.organisator.ch\/marketing\/2024-04-12\/genfer-uhrenmesse-bietet-auch-kleinen-marken-ein-gutes-schaufenster\/#primaryimage"},"image":{"@id":"https:\/\/www.organisator.ch\/marketing\/2024-04-12\/genfer-uhrenmesse-bietet-auch-kleinen-marken-ein-gutes-schaufenster\/#primaryimage"},"thumbnailUrl":"https:\/\/www.werbewoche.ch\/wp-content\/uploads\/2024\/04\/Ambiance-Day-2-HD.jpg","datePublished":"2024-04-12T07:58:36+00:00","dateModified":"2024-11-11T06:15:28+00:00","description":"Watches&Wonders: Genfer Uhrenmesse mit Rolex, Patek Philippe, Chronoswiss. Neue Produkte und wertvolle Branchenkontakte.","breadcrumb":{"@id":"https:\/\/www.organisator.ch\/marketing\/2024-04-12\/genfer-uhrenmesse-bietet-auch-kleinen-marken-ein-gutes-schaufenster\/#breadcrumb"},"inLanguage":"de","potentialAction":[{"@type":"ReadAction","target":["https:\/\/www.organisator.ch\/marketing\/2024-04-12\/genfer-uhrenmesse-bietet-auch-kleinen-marken-ein-gutes-schaufenster\/"]}]},{"@type":"ImageObject","inLanguage":"de","@id":"https:\/\/www.organisator.ch\/marketing\/2024-04-12\/genfer-uhrenmesse-bietet-auch-kleinen-marken-ein-gutes-schaufenster\/#primaryimage","url":"https:\/\/www.werbewoche.ch\/wp-content\/uploads\/2024\/04\/Ambiance-Day-2-HD.jpg","contentUrl":"https:\/\/www.werbewoche.ch\/wp-content\/uploads\/2024\/04\/Ambiance-Day-2-HD.jpg"},{"@type":"BreadcrumbList","@id":"https:\/\/www.organisator.ch\/marketing\/2024-04-12\/genfer-uhrenmesse-bietet-auch-kleinen-marken-ein-gutes-schaufenster\/#breadcrumb","itemListElement":[{"@type":"ListItem","position":1,"name":"Home","item":"https:\/\/www.organisator.ch\/"},{"@type":"ListItem","position":2,"name":"Genfer Uhrenmesse bietet auch kleinen Marken ein gutes Schaufenster"}]},{"@type":"WebSite","@id":"https:\/\/www.organisator.ch\/#website","url":"https:\/\/www.organisator.ch\/","name":"Organisator","description":"Kompetent. Praxisnah. Der ORGANISATOR bereitet in 10 Ausgaben pro Jahr die wesentlichen Themen f\u00fcr F\u00fchrungskr\u00e4fte von KMU auf.","publisher":{"@id":"https:\/\/www.organisator.ch\/#organization"},"potentialAction":[{"@type":"SearchAction","target":{"@type":"EntryPoint","urlTemplate":"https:\/\/www.organisator.ch\/?s={search_term_string}"},"query-input":{"@type":"PropertyValueSpecification","valueRequired":true,"valueName":"search_term_string"}}],"inLanguage":"de"},{"@type":"Organization","@id":"https:\/\/www.organisator.ch\/#organization","name":"Organisator","url":"https:\/\/www.organisator.ch\/","logo":{"@type":"ImageObject","inLanguage":"de","@id":"https:\/\/www.organisator.ch\/#\/schema\/logo\/image\/","url":"https:\/\/www.organisator.ch\/wp-content\/uploads\/2022\/01\/Logo_Organisator_Website.png","contentUrl":"https:\/\/www.organisator.ch\/wp-content\/uploads\/2022\/01\/Logo_Organisator_Website.png","width":800,"height":77,"caption":"Organisator"},"image":{"@id":"https:\/\/www.organisator.ch\/#\/schema\/logo\/image\/"},"sameAs":["https:\/\/www.facebook.com\/OrganisatorFachmagazin","https:\/\/www.linkedin.com\/showcase\/organisator-das-magazin-fr-kmu","https:\/\/www.xing.com\/news\/pages\/organisator-ch-695","https:\/\/www.youtube.com\/channel\/UCGP2Sq0iWaZwT3BdIAQFYpw"]},{"@type":"Person","@id":"https:\/\/www.organisator.ch\/#\/schema\/person\/4e51799071cd2dd1232ac003643ef5f0","name":"galledia","image":{"@type":"ImageObject","inLanguage":"de","@id":"https:\/\/secure.gravatar.com\/avatar\/78a7f90c01fc2bfc875782a0d4922b37cde2cf184ce347b91316d23cd7f69a36?s=96&d=mm&r=g","url":"https:\/\/secure.gravatar.com\/avatar\/78a7f90c01fc2bfc875782a0d4922b37cde2cf184ce347b91316d23cd7f69a36?s=96&d=mm&r=g","contentUrl":"https:\/\/secure.gravatar.com\/avatar\/78a7f90c01fc2bfc875782a0d4922b37cde2cf184ce347b91316d23cd7f69a36?s=96&d=mm&r=g","caption":"galledia"},"sameAs":["https:\/\/x.com\/admin"],"url":"https:\/\/www.organisator.ch\/de\/author\/galledia\/"}]}},"_links":{"self":[{"href":"https:\/\/www.organisator.ch\/de\/wp-json\/wp\/v2\/posts\/26489","targetHints":{"allow":["GET"]}}],"collection":[{"href":"https:\/\/www.organisator.ch\/de\/wp-json\/wp\/v2\/posts"}],"about":[{"href":"https:\/\/www.organisator.ch\/de\/wp-json\/wp\/v2\/types\/post"}],"author":[{"embeddable":true,"href":"https:\/\/www.organisator.ch\/de\/wp-json\/wp\/v2\/users\/8"}],"replies":[{"embeddable":true,"href":"https:\/\/www.organisator.ch\/de\/wp-json\/wp\/v2\/comments?post=26489"}],"version-history":[{"count":5,"href":"https:\/\/www.organisator.ch\/de\/wp-json\/wp\/v2\/posts\/26489\/revisions"}],"predecessor-version":[{"id":32326,"href":"https:\/\/www.organisator.ch\/de\/wp-json\/wp\/v2\/posts\/26489\/revisions\/32326"}],"wp:attachment":[{"href":"https:\/\/www.organisator.ch\/de\/wp-json\/wp\/v2\/media?parent=26489"}],"wp:term":[{"taxonomy":"category","embeddable":true,"href":"https:\/\/www.organisator.ch\/de\/wp-json\/wp\/v2\/categories?post=26489"},{"taxonomy":"post_tag","embeddable":true,"href":"https:\/\/www.organisator.ch\/de\/wp-json\/wp\/v2\/tags?post=26489"}],"curies":[{"name":"wp","href":"https:\/\/api.w.org\/{rel}","templated":true}]}}