{"id":2650,"date":"2017-11-03T09:48:42","date_gmt":"2017-11-03T08:48:42","guid":{"rendered":"https:\/\/www.organisator.ch\/?p=2650"},"modified":"2017-11-03T09:48:42","modified_gmt":"2017-11-03T08:48:42","slug":"prix-svc-nordschweiz-2017-diese-sechs-firmen-kaempfen-um-die-trophaee","status":"publish","type":"post","link":"https:\/\/www.organisator.ch\/de\/management\/2017-11-03\/prix-svc-nordschweiz-2017-diese-sechs-firmen-kaempfen-um-die-trophaee\/","title":{"rendered":"Prix SVC Nordschweiz 2017: Diese sechs Firmen k\u00e4mpfen um die Troph\u00e4e"},"content":{"rendered":"<figure id=\"attachment_2651\" aria-describedby=\"caption-attachment-2651\" style=\"width: 565px\" class=\"wp-caption alignnone\"><img loading=\"lazy\" decoding=\"async\" class=\"size-full wp-image-2651\" src=\"https:\/\/www.organisator.ch\/wp-content\/uploads\/2017\/11\/Prix-SVC-Nordschweiz-2017-Diese-sechs-Firmen-kaempfen-um-die-Trophaee_Organisator.jpg\" alt=\"\" width=\"565\" height=\"480\" srcset=\"https:\/\/www.organisator.ch\/wp-content\/uploads\/2017\/11\/Prix-SVC-Nordschweiz-2017-Diese-sechs-Firmen-kaempfen-um-die-Trophaee_Organisator.jpg 565w, https:\/\/www.organisator.ch\/wp-content\/uploads\/2017\/11\/Prix-SVC-Nordschweiz-2017-Diese-sechs-Firmen-kaempfen-um-die-Trophaee_Organisator-14x12.jpg 14w, https:\/\/www.organisator.ch\/wp-content\/uploads\/2017\/11\/Prix-SVC-Nordschweiz-2017-Diese-sechs-Firmen-kaempfen-um-die-Trophaee_Organisator-206x175.jpg 206w, https:\/\/www.organisator.ch\/wp-content\/uploads\/2017\/11\/Prix-SVC-Nordschweiz-2017-Diese-sechs-Firmen-kaempfen-um-die-Trophaee_Organisator-412x350.jpg 412w, https:\/\/www.organisator.ch\/wp-content\/uploads\/2017\/11\/Prix-SVC-Nordschweiz-2017-Diese-sechs-Firmen-kaempfen-um-die-Trophaee_Organisator-300x255.jpg 300w\" sizes=\"auto, (max-width: 565px) 100vw, 565px\" \/><figcaption id=\"caption-attachment-2651\" class=\"wp-caption-text\">Die sechs Finalisten f\u00fcr den Prix SVC Nordschweiz 2017 (v.l.n.r.): Felix R\u00fcbel (St\u00e4ger &amp; Co.), Gerhard Nikles (Nikles Inter AG), Christian Br\u00f6nnimann (Dectris AG), George Kuratle (Kuratle Group), Franz-Xaver Leonhardt (Krafft Gruppe) und Derek Brandt (Sensile Medical AG). (Bild: Swiss Venture Club).<\/figcaption><\/figure>\n<p>Die Vorbereitungen f\u00fcr den Prix SVC Nordschweiz 2017 laufen auf Hochtouren biegen auf die Zielgerade ein. Mit dem Prix SVC Nordschweiz f\u00f6rdert der Swiss Venture Club das Unternehmertum in dieser Region. Die Preisvergabe wird bereits zum 8. Mal in Basel durchgef\u00fchrt. Bis zu 1&#8217;200 G\u00e4ste aus Wirtschaft, Wissenschaft, Politik und Kultur verfolgen diesen Prix und nutzen die Gelegenheit zum Networking. In diesem Jahr stehen folgende sechs Unternehmen im Final (in alphabetischer Reihenfolge):<\/p>\n<div id=\"BereichDet8085_CMSBereichDetContent\" class=\"Modul6_ContentDiv\">\n<ul>\n<li><strong>Dectris,\u00a0<\/strong>Baden-D\u00e4ttwil: Dieses Unternehmen entwickelt und produziert R\u00f6ntgendetektoren. Weltweit erzielen Kunden in Wissenschaft und Industrie dank der Detektor-Performance exzellente Ergebnisse und machen Unsichtbares sichtbar. So konnte mit Hilfe eines solchen Detektors der Aufbau des Zika Virus entschl\u00fcsselt und das Virus bek\u00e4mpft werden.\u00a0Das Unternehmen\u00a0wird von Gr\u00fcnder Dr. Christian Br\u00f6nnimann gef\u00fchrt und besch\u00e4ftigt \u00fcber 100 Mitarbeitende.<\/li>\n<li><strong>Krafft Gruppe<\/strong>: Die Krafft Gruppe mit Sitz in Basel ist seit 2003 Betreiberin von Hotel- und Gastronomiebetrieben in Basel und Z\u00fcrich. Gef\u00fchrt wird sie von CEO und Mitinhaber Franz-Xaver Leonhardt und von ihren Teilhabern, die in den verschiedenen Unternehmen t\u00e4tig sind. Die Unternehmens-Gruppe besch\u00e4ftigt 150 Mitarbeitende, davon 16 in Ausbildung.<\/li>\n<li><strong>Kuratel Group\u00a0AG<\/strong>, Leibstadt:\u00a0Im Fokus dieses international ausgerichteten, lokal handelnden Schweizer Familienunternehmens steht der Holzbau, die K\u00fcchen-, M\u00f6bel- und\u00a0 Parkettindustrie, der Wiederverkauf sowie die Baum\u00e4rkte. Mit dem Synergienutzen der Bereiche Handel, Logistik und Lagerung k\u00f6nnen Kundensegmente mit Gesamtl\u00f6sungen aus einer Hand bedient werden. Derzeit besch\u00e4ftigt die Unternehmens-Gruppe 536 Mitarbeitende (Schweiz) und 298 (International). Inhaber und Verwaltungsratsdelegierter ist George Kuratle.<\/li>\n<li><strong>Nikles Inter\u00a0AG<\/strong>, Aesch\/Basel: Dieses Schweizer Familienunternehmen wurde 1982 vom heutigen Pr\u00e4sidenten Gerhard Nikles gegr\u00fcndet und ist einer der weltweiten Hersteller und Zulieferer von Duschausstattungen. Die hochwertigen, nachhaltigen und langlebigen Produkte sind in der ganzen Welt beliebt. Das Unternehmen investiert best\u00e4ndig einen grossen Teil des Gewinnes in die eigene Forschung und Entwicklung, damit immer neue Produkte und Technologien entwickelt werden k\u00f6nnen. Weltweit sind \u00fcber 180 Mitarbeitende, f\u00fcr die Unternehmung t\u00e4tig.<\/li>\n<li><strong>Sensile Medical\u00a0AG<\/strong>, Olten: Sensile Medical AG ist ein f\u00fchrendes Unternehmen auf dem Gebiet der Mikropumpen-Technologie und entwickelt kundenspezifische L\u00f6sungen zur Abgabe und Dosierung von Fl\u00fcssigmedikamenten. Kernst\u00fcck bildet die patentierte SenseCore Pumpentechnologie. Das Unternehmen wurde 2004 gegr\u00fcndet, hat seinen Sitz in Olten und wird\u00a0von CEO Derek Brandt gef\u00fchrt. Es\u00a0besch\u00e4ftigt derzeit rund 110 Mitarbeitende.<\/li>\n<li><strong>St\u00e4ger &amp; Co. AG<\/strong>, Muri: Die St\u00e4ger Verpackungsgruppe ist eine europaweit f\u00fchrende Anbieterin von anwendungsspezifischen und massgeschneiderten Verpackungsl\u00f6sungen aus transparenten und tiefgezogenen Kunststoffen. \u00dcber 200 Mitarbeitende sind an Standorten in der Schweiz, England, Deutschland und Tschechien besch\u00e4ftigt. Gef\u00fchrt wird das Unternehmen von der Gesch\u00e4ftsleitung Thorsten Seufert und Marlen Saner, in enger Zusammenarbeit mit den Inhabern Felix R\u00fcbel und Alex B\u00fchrer.<\/li>\n<\/ul>\n<p>Den Erstplatzierten beim Prix SVC Nordschweiz 2017 winken attraktive Preise: Der Gewinner kann an einer Unternehmensreise nach Asien teilnehmen, die exklusive Einblicke in die lokalen Volkswirtschaften und Firmen sowie viele Kontakt- und Netzwerkm\u00f6glichkeiten bietet. Auch das zweitplatzierte Unternehmen wird auf eine Reise gehen k\u00f6nnen, und zwar entweder nach Singapur oder Thailand oder an den US Entrepreneur of the Year Kongress in Palm Springs. Der Drittplatzierte erh\u00e4lt die M\u00f6glichkeit f\u00fcr einen einmaligen Teamanlass, z.B. ein Skitag\u00a0mit einem Mitglied der Schweizer Ski-Nationalmannschaft. Alle diese Preise werden gestiftet von namhaften Netzwerkpartnern des Swiss Venture Club.<\/p>\n<p><em>Informationen: <a href=\"http:\/\/www.swiss-venture-club.ch\">www.swiss-venture-club.ch<\/a><\/em><\/p>\n<\/div>\n<p>&nbsp;<\/p>\n","protected":false},"excerpt":{"rendered":"<p>Die Vorbereitungen f\u00fcr den Prix SVC Nordschweiz 2017 laufen auf Hochtouren biegen auf die Zielgerade ein. Mit dem Prix SVC Nordschweiz f\u00f6rdert der Swiss Venture Club das Unternehmertum in dieser Region. Die Preisvergabe wird bereits zum 8. Mal in Basel durchgef\u00fchrt. Bis zu 1&#8217;200 G\u00e4ste aus Wirtschaft, Wissenschaft, Politik und Kultur verfolgen diesen Prix und [&hellip;]<\/p>\n","protected":false},"author":4,"featured_media":2651,"comment_status":"open","ping_status":"open","sticky":false,"template":"","format":"standard","meta":{"_acf_changed":false,"_yoast_wpseo_focuskw":"Prix SVC Nordschweiz 2017","_yoast_wpseo_metadesc":"Am 30. November wird in Basel der Prix SVC Nordschweiz 2017 vergeben. Aus 96 Unternehmen hat eine Expertenjury sechs Finalisten bestimmt.","articlekey":"","footnotes":""},"categories":[28],"tags":[66,335,502,508],"class_list":["post-2650","post","type-post","status-publish","format-standard","has-post-thumbnail","hentry","category-management","tag-awards","tag-management-und-unternehmensfuehrung","tag-veranstaltungen","tag-vermischtes"],"acf":[],"yoast_head":"<!-- This site is optimized with the Yoast SEO plugin v27.4 - https:\/\/yoast.com\/product\/yoast-seo-wordpress\/ -->\n<title>Prix SVC Nordschweiz 2017: Diese sechs Firmen k\u00e4mpfen um die Troph\u00e4e - Organisator<\/title>\n<meta name=\"description\" content=\"Am 30. November wird in Basel der Prix SVC Nordschweiz 2017 vergeben. Aus 96 Unternehmen hat eine Expertenjury sechs Finalisten bestimmt.\" \/>\n<meta name=\"robots\" content=\"index, follow, max-snippet:-1, max-image-preview:large, max-video-preview:-1\" \/>\n<link rel=\"canonical\" href=\"https:\/\/www.organisator.ch\/de\/management\/2017-11-03\/prix-svc-nordschweiz-2017-diese-sechs-firmen-kaempfen-um-die-trophaee\/\" \/>\n<meta property=\"og:locale\" content=\"de_DE\" \/>\n<meta property=\"og:type\" content=\"article\" \/>\n<meta property=\"og:title\" content=\"Prix SVC Nordschweiz 2017: Diese sechs Firmen k\u00e4mpfen um die Troph\u00e4e\" \/>\n<meta property=\"og:description\" content=\"Am 30. November wird in Basel der Prix #SVC #Nordschweiz 2017 vergeben. Aus 96 Unternehmen hat eine Expertenjury sechs Finalisten bestimmt.\" \/>\n<meta property=\"og:url\" content=\"https:\/\/www.organisator.ch\/de\/management\/2017-11-03\/prix-svc-nordschweiz-2017-diese-sechs-firmen-kaempfen-um-die-trophaee\/\" \/>\n<meta property=\"og:site_name\" content=\"Organisator\" \/>\n<meta property=\"article:publisher\" content=\"https:\/\/www.facebook.com\/OrganisatorFachmagazin\" \/>\n<meta property=\"article:published_time\" content=\"2017-11-03T08:48:42+00:00\" \/>\n<meta property=\"og:image\" content=\"https:\/\/www.organisator.ch\/wp-content\/uploads\/2017\/11\/Prix-SVC-Nordschweiz-2017-Diese-sechs-Firmen-kaempfen-um-die-Trophaee_Organisator.jpg\" \/>\n\t<meta property=\"og:image:width\" content=\"565\" \/>\n\t<meta property=\"og:image:height\" content=\"480\" \/>\n\t<meta property=\"og:image:type\" content=\"image\/jpeg\" \/>\n<meta name=\"author\" content=\"thomas.berner\" \/>\n<meta name=\"twitter:card\" content=\"summary_large_image\" \/>\n<meta name=\"twitter:title\" content=\"Prix #SVC #Nordschweiz 2017: Diese sechs Firmen k\u00e4mpfen um die Troph\u00e4e #PrixSVCNordschweiz\" \/>\n<meta name=\"twitter:description\" content=\"Am 30. November wird in Basel der Prix #SVC #Nordschweiz 2017 vergeben. Aus 96 Unternehmen hat eine Expertenjury sechs Finalisten bestimmt.\" \/>\n<meta name=\"twitter:image\" content=\"https:\/\/www.organisator.ch\/wp-content\/uploads\/2017\/11\/Prix-SVC-Nordschweiz-2017-Diese-sechs-Firmen-k\u00e4mpfen-um-die-Troph\u00e4e_Organisator.jpg\" \/>\n<script type=\"application\/ld+json\" class=\"yoast-schema-graph\">{\"@context\":\"https:\\\/\\\/schema.org\",\"@graph\":[{\"@type\":\"Article\",\"@id\":\"https:\\\/\\\/www.organisator.ch\\\/management\\\/2017-11-03\\\/prix-svc-nordschweiz-2017-diese-sechs-firmen-kaempfen-um-die-trophaee\\\/#article\",\"isPartOf\":{\"@id\":\"https:\\\/\\\/www.organisator.ch\\\/management\\\/2017-11-03\\\/prix-svc-nordschweiz-2017-diese-sechs-firmen-kaempfen-um-die-trophaee\\\/\"},\"author\":{\"name\":\"thomas.berner\",\"@id\":\"https:\\\/\\\/www.organisator.ch\\\/#\\\/schema\\\/person\\\/6f650f90b2842cd4c0cc334b4e36f67e\"},\"headline\":\"Prix SVC Nordschweiz 2017: Diese sechs Firmen k\u00e4mpfen um die Troph\u00e4e\",\"datePublished\":\"2017-11-03T08:48:42+00:00\",\"mainEntityOfPage\":{\"@id\":\"https:\\\/\\\/www.organisator.ch\\\/management\\\/2017-11-03\\\/prix-svc-nordschweiz-2017-diese-sechs-firmen-kaempfen-um-die-trophaee\\\/\"},\"wordCount\":624,\"commentCount\":0,\"publisher\":{\"@id\":\"https:\\\/\\\/www.organisator.ch\\\/#organization\"},\"image\":{\"@id\":\"https:\\\/\\\/www.organisator.ch\\\/management\\\/2017-11-03\\\/prix-svc-nordschweiz-2017-diese-sechs-firmen-kaempfen-um-die-trophaee\\\/#primaryimage\"},\"thumbnailUrl\":\"https:\\\/\\\/www.organisator.ch\\\/wp-content\\\/uploads\\\/2017\\\/11\\\/Prix-SVC-Nordschweiz-2017-Diese-sechs-Firmen-kaempfen-um-die-Trophaee_Organisator.jpg\",\"keywords\":[\"Awards\",\"Management und Unternehmensf\u00fchrung\",\"Veranstaltungen\",\"Vermischtes\"],\"articleSection\":[\"MANAGEMENT\"],\"inLanguage\":\"de\"},{\"@type\":\"WebPage\",\"@id\":\"https:\\\/\\\/www.organisator.ch\\\/management\\\/2017-11-03\\\/prix-svc-nordschweiz-2017-diese-sechs-firmen-kaempfen-um-die-trophaee\\\/\",\"url\":\"https:\\\/\\\/www.organisator.ch\\\/management\\\/2017-11-03\\\/prix-svc-nordschweiz-2017-diese-sechs-firmen-kaempfen-um-die-trophaee\\\/\",\"name\":\"Prix SVC Nordschweiz 2017: Diese sechs Firmen k\u00e4mpfen um die Troph\u00e4e - Organisator\",\"isPartOf\":{\"@id\":\"https:\\\/\\\/www.organisator.ch\\\/#website\"},\"primaryImageOfPage\":{\"@id\":\"https:\\\/\\\/www.organisator.ch\\\/management\\\/2017-11-03\\\/prix-svc-nordschweiz-2017-diese-sechs-firmen-kaempfen-um-die-trophaee\\\/#primaryimage\"},\"image\":{\"@id\":\"https:\\\/\\\/www.organisator.ch\\\/management\\\/2017-11-03\\\/prix-svc-nordschweiz-2017-diese-sechs-firmen-kaempfen-um-die-trophaee\\\/#primaryimage\"},\"thumbnailUrl\":\"https:\\\/\\\/www.organisator.ch\\\/wp-content\\\/uploads\\\/2017\\\/11\\\/Prix-SVC-Nordschweiz-2017-Diese-sechs-Firmen-kaempfen-um-die-Trophaee_Organisator.jpg\",\"datePublished\":\"2017-11-03T08:48:42+00:00\",\"description\":\"Am 30. November wird in Basel der Prix SVC Nordschweiz 2017 vergeben. Aus 96 Unternehmen hat eine Expertenjury sechs Finalisten bestimmt.\",\"breadcrumb\":{\"@id\":\"https:\\\/\\\/www.organisator.ch\\\/management\\\/2017-11-03\\\/prix-svc-nordschweiz-2017-diese-sechs-firmen-kaempfen-um-die-trophaee\\\/#breadcrumb\"},\"inLanguage\":\"de\",\"potentialAction\":[{\"@type\":\"ReadAction\",\"target\":[\"https:\\\/\\\/www.organisator.ch\\\/management\\\/2017-11-03\\\/prix-svc-nordschweiz-2017-diese-sechs-firmen-kaempfen-um-die-trophaee\\\/\"]}]},{\"@type\":\"ImageObject\",\"inLanguage\":\"de\",\"@id\":\"https:\\\/\\\/www.organisator.ch\\\/management\\\/2017-11-03\\\/prix-svc-nordschweiz-2017-diese-sechs-firmen-kaempfen-um-die-trophaee\\\/#primaryimage\",\"url\":\"https:\\\/\\\/www.organisator.ch\\\/wp-content\\\/uploads\\\/2017\\\/11\\\/Prix-SVC-Nordschweiz-2017-Diese-sechs-Firmen-kaempfen-um-die-Trophaee_Organisator.jpg\",\"contentUrl\":\"https:\\\/\\\/www.organisator.ch\\\/wp-content\\\/uploads\\\/2017\\\/11\\\/Prix-SVC-Nordschweiz-2017-Diese-sechs-Firmen-kaempfen-um-die-Trophaee_Organisator.jpg\",\"width\":565,\"height\":480,\"caption\":\"Die sechs Finalisten f\u00fcr den Prix SVC Nordschweiz 2017 (v.l.n.r.): Felix R\u00fcbel (St\u00e4ger & Co.), Gerhard Nikles (Nikles Inter AG), Christian Br\u00f6nnimann (Dectris AG), George Kuratle (Kuratle Group), Franz-Xaver Leonhardt (Krafft Gruppe) und Derek Brandt (Sensile Medical AG). (Bild: Swiss Venture Club).\"},{\"@type\":\"BreadcrumbList\",\"@id\":\"https:\\\/\\\/www.organisator.ch\\\/management\\\/2017-11-03\\\/prix-svc-nordschweiz-2017-diese-sechs-firmen-kaempfen-um-die-trophaee\\\/#breadcrumb\",\"itemListElement\":[{\"@type\":\"ListItem\",\"position\":1,\"name\":\"Home\",\"item\":\"https:\\\/\\\/www.organisator.ch\\\/\"},{\"@type\":\"ListItem\",\"position\":2,\"name\":\"Prix SVC Nordschweiz 2017: Diese sechs Firmen k\u00e4mpfen um die Troph\u00e4e\"}]},{\"@type\":\"WebSite\",\"@id\":\"https:\\\/\\\/www.organisator.ch\\\/#website\",\"url\":\"https:\\\/\\\/www.organisator.ch\\\/\",\"name\":\"Organisator\",\"description\":\"Kompetent. Praxisnah. Der ORGANISATOR bereitet in 10 Ausgaben pro Jahr die wesentlichen Themen f\u00fcr F\u00fchrungskr\u00e4fte von KMU auf.\",\"publisher\":{\"@id\":\"https:\\\/\\\/www.organisator.ch\\\/#organization\"},\"potentialAction\":[{\"@type\":\"SearchAction\",\"target\":{\"@type\":\"EntryPoint\",\"urlTemplate\":\"https:\\\/\\\/www.organisator.ch\\\/?s={search_term_string}\"},\"query-input\":{\"@type\":\"PropertyValueSpecification\",\"valueRequired\":true,\"valueName\":\"search_term_string\"}}],\"inLanguage\":\"de\"},{\"@type\":\"Organization\",\"@id\":\"https:\\\/\\\/www.organisator.ch\\\/#organization\",\"name\":\"Organisator\",\"url\":\"https:\\\/\\\/www.organisator.ch\\\/\",\"logo\":{\"@type\":\"ImageObject\",\"inLanguage\":\"de\",\"@id\":\"https:\\\/\\\/www.organisator.ch\\\/#\\\/schema\\\/logo\\\/image\\\/\",\"url\":\"https:\\\/\\\/www.organisator.ch\\\/wp-content\\\/uploads\\\/2022\\\/01\\\/Logo_Organisator_Website.png\",\"contentUrl\":\"https:\\\/\\\/www.organisator.ch\\\/wp-content\\\/uploads\\\/2022\\\/01\\\/Logo_Organisator_Website.png\",\"width\":800,\"height\":77,\"caption\":\"Organisator\"},\"image\":{\"@id\":\"https:\\\/\\\/www.organisator.ch\\\/#\\\/schema\\\/logo\\\/image\\\/\"},\"sameAs\":[\"https:\\\/\\\/www.facebook.com\\\/OrganisatorFachmagazin\",\"https:\\\/\\\/www.linkedin.com\\\/showcase\\\/organisator-das-magazin-fr-kmu\",\"https:\\\/\\\/www.xing.com\\\/news\\\/pages\\\/organisator-ch-695\",\"https:\\\/\\\/www.youtube.com\\\/channel\\\/UCGP2Sq0iWaZwT3BdIAQFYpw\"]},{\"@type\":\"Person\",\"@id\":\"https:\\\/\\\/www.organisator.ch\\\/#\\\/schema\\\/person\\\/6f650f90b2842cd4c0cc334b4e36f67e\",\"name\":\"thomas.berner\",\"image\":{\"@type\":\"ImageObject\",\"inLanguage\":\"de\",\"@id\":\"https:\\\/\\\/secure.gravatar.com\\\/avatar\\\/ac5001d2a36cb6c6cd3e50789007ffca834b477b74a2144564522e944eabff61?s=96&d=mm&r=g\",\"url\":\"https:\\\/\\\/secure.gravatar.com\\\/avatar\\\/ac5001d2a36cb6c6cd3e50789007ffca834b477b74a2144564522e944eabff61?s=96&d=mm&r=g\",\"contentUrl\":\"https:\\\/\\\/secure.gravatar.com\\\/avatar\\\/ac5001d2a36cb6c6cd3e50789007ffca834b477b74a2144564522e944eabff61?s=96&d=mm&r=g\",\"caption\":\"thomas.berner\"},\"url\":\"https:\\\/\\\/www.organisator.ch\\\/de\\\/author\\\/thomas-berner\\\/\"}]}<\/script>\n<!-- \/ Yoast SEO plugin. -->","yoast_head_json":{"title":"Prix SVC Nordschweiz 2017: Diese sechs Firmen k\u00e4mpfen um die Troph\u00e4e - Organisator","description":"Am 30. November wird in Basel der Prix SVC Nordschweiz 2017 vergeben. Aus 96 Unternehmen hat eine Expertenjury sechs Finalisten bestimmt.","robots":{"index":"index","follow":"follow","max-snippet":"max-snippet:-1","max-image-preview":"max-image-preview:large","max-video-preview":"max-video-preview:-1"},"canonical":"https:\/\/www.organisator.ch\/de\/management\/2017-11-03\/prix-svc-nordschweiz-2017-diese-sechs-firmen-kaempfen-um-die-trophaee\/","og_locale":"de_DE","og_type":"article","og_title":"Prix SVC Nordschweiz 2017: Diese sechs Firmen k\u00e4mpfen um die Troph\u00e4e","og_description":"Am 30. November wird in Basel der Prix #SVC #Nordschweiz 2017 vergeben. Aus 96 Unternehmen hat eine Expertenjury sechs Finalisten bestimmt.","og_url":"https:\/\/www.organisator.ch\/de\/management\/2017-11-03\/prix-svc-nordschweiz-2017-diese-sechs-firmen-kaempfen-um-die-trophaee\/","og_site_name":"Organisator","article_publisher":"https:\/\/www.facebook.com\/OrganisatorFachmagazin","article_published_time":"2017-11-03T08:48:42+00:00","og_image":[{"width":565,"height":480,"url":"https:\/\/www.organisator.ch\/wp-content\/uploads\/2017\/11\/Prix-SVC-Nordschweiz-2017-Diese-sechs-Firmen-kaempfen-um-die-Trophaee_Organisator.jpg","type":"image\/jpeg"}],"author":"thomas.berner","twitter_card":"summary_large_image","twitter_title":"Prix #SVC #Nordschweiz 2017: Diese sechs Firmen k\u00e4mpfen um die Troph\u00e4e #PrixSVCNordschweiz","twitter_description":"Am 30. November wird in Basel der Prix #SVC #Nordschweiz 2017 vergeben. Aus 96 Unternehmen hat eine Expertenjury sechs Finalisten bestimmt.","twitter_image":"https:\/\/www.organisator.ch\/wp-content\/uploads\/2017\/11\/Prix-SVC-Nordschweiz-2017-Diese-sechs-Firmen-k\u00e4mpfen-um-die-Troph\u00e4e_Organisator.jpg","schema":{"@context":"https:\/\/schema.org","@graph":[{"@type":"Article","@id":"https:\/\/www.organisator.ch\/management\/2017-11-03\/prix-svc-nordschweiz-2017-diese-sechs-firmen-kaempfen-um-die-trophaee\/#article","isPartOf":{"@id":"https:\/\/www.organisator.ch\/management\/2017-11-03\/prix-svc-nordschweiz-2017-diese-sechs-firmen-kaempfen-um-die-trophaee\/"},"author":{"name":"thomas.berner","@id":"https:\/\/www.organisator.ch\/#\/schema\/person\/6f650f90b2842cd4c0cc334b4e36f67e"},"headline":"Prix SVC Nordschweiz 2017: Diese sechs Firmen k\u00e4mpfen um die Troph\u00e4e","datePublished":"2017-11-03T08:48:42+00:00","mainEntityOfPage":{"@id":"https:\/\/www.organisator.ch\/management\/2017-11-03\/prix-svc-nordschweiz-2017-diese-sechs-firmen-kaempfen-um-die-trophaee\/"},"wordCount":624,"commentCount":0,"publisher":{"@id":"https:\/\/www.organisator.ch\/#organization"},"image":{"@id":"https:\/\/www.organisator.ch\/management\/2017-11-03\/prix-svc-nordschweiz-2017-diese-sechs-firmen-kaempfen-um-die-trophaee\/#primaryimage"},"thumbnailUrl":"https:\/\/www.organisator.ch\/wp-content\/uploads\/2017\/11\/Prix-SVC-Nordschweiz-2017-Diese-sechs-Firmen-kaempfen-um-die-Trophaee_Organisator.jpg","keywords":["Awards","Management und Unternehmensf\u00fchrung","Veranstaltungen","Vermischtes"],"articleSection":["MANAGEMENT"],"inLanguage":"de"},{"@type":"WebPage","@id":"https:\/\/www.organisator.ch\/management\/2017-11-03\/prix-svc-nordschweiz-2017-diese-sechs-firmen-kaempfen-um-die-trophaee\/","url":"https:\/\/www.organisator.ch\/management\/2017-11-03\/prix-svc-nordschweiz-2017-diese-sechs-firmen-kaempfen-um-die-trophaee\/","name":"Prix SVC Nordschweiz 2017: Diese sechs Firmen k\u00e4mpfen um die Troph\u00e4e - Organisator","isPartOf":{"@id":"https:\/\/www.organisator.ch\/#website"},"primaryImageOfPage":{"@id":"https:\/\/www.organisator.ch\/management\/2017-11-03\/prix-svc-nordschweiz-2017-diese-sechs-firmen-kaempfen-um-die-trophaee\/#primaryimage"},"image":{"@id":"https:\/\/www.organisator.ch\/management\/2017-11-03\/prix-svc-nordschweiz-2017-diese-sechs-firmen-kaempfen-um-die-trophaee\/#primaryimage"},"thumbnailUrl":"https:\/\/www.organisator.ch\/wp-content\/uploads\/2017\/11\/Prix-SVC-Nordschweiz-2017-Diese-sechs-Firmen-kaempfen-um-die-Trophaee_Organisator.jpg","datePublished":"2017-11-03T08:48:42+00:00","description":"Am 30. November wird in Basel der Prix SVC Nordschweiz 2017 vergeben. Aus 96 Unternehmen hat eine Expertenjury sechs Finalisten bestimmt.","breadcrumb":{"@id":"https:\/\/www.organisator.ch\/management\/2017-11-03\/prix-svc-nordschweiz-2017-diese-sechs-firmen-kaempfen-um-die-trophaee\/#breadcrumb"},"inLanguage":"de","potentialAction":[{"@type":"ReadAction","target":["https:\/\/www.organisator.ch\/management\/2017-11-03\/prix-svc-nordschweiz-2017-diese-sechs-firmen-kaempfen-um-die-trophaee\/"]}]},{"@type":"ImageObject","inLanguage":"de","@id":"https:\/\/www.organisator.ch\/management\/2017-11-03\/prix-svc-nordschweiz-2017-diese-sechs-firmen-kaempfen-um-die-trophaee\/#primaryimage","url":"https:\/\/www.organisator.ch\/wp-content\/uploads\/2017\/11\/Prix-SVC-Nordschweiz-2017-Diese-sechs-Firmen-kaempfen-um-die-Trophaee_Organisator.jpg","contentUrl":"https:\/\/www.organisator.ch\/wp-content\/uploads\/2017\/11\/Prix-SVC-Nordschweiz-2017-Diese-sechs-Firmen-kaempfen-um-die-Trophaee_Organisator.jpg","width":565,"height":480,"caption":"Die sechs Finalisten f\u00fcr den Prix SVC Nordschweiz 2017 (v.l.n.r.): Felix R\u00fcbel (St\u00e4ger & Co.), Gerhard Nikles (Nikles Inter AG), Christian Br\u00f6nnimann (Dectris AG), George Kuratle (Kuratle Group), Franz-Xaver Leonhardt (Krafft Gruppe) und Derek Brandt (Sensile Medical AG). (Bild: Swiss Venture Club)."},{"@type":"BreadcrumbList","@id":"https:\/\/www.organisator.ch\/management\/2017-11-03\/prix-svc-nordschweiz-2017-diese-sechs-firmen-kaempfen-um-die-trophaee\/#breadcrumb","itemListElement":[{"@type":"ListItem","position":1,"name":"Home","item":"https:\/\/www.organisator.ch\/"},{"@type":"ListItem","position":2,"name":"Prix SVC Nordschweiz 2017: Diese sechs Firmen k\u00e4mpfen um die Troph\u00e4e"}]},{"@type":"WebSite","@id":"https:\/\/www.organisator.ch\/#website","url":"https:\/\/www.organisator.ch\/","name":"Organisator","description":"Kompetent. Praxisnah. Der ORGANISATOR bereitet in 10 Ausgaben pro Jahr die wesentlichen Themen f\u00fcr F\u00fchrungskr\u00e4fte von KMU auf.","publisher":{"@id":"https:\/\/www.organisator.ch\/#organization"},"potentialAction":[{"@type":"SearchAction","target":{"@type":"EntryPoint","urlTemplate":"https:\/\/www.organisator.ch\/?s={search_term_string}"},"query-input":{"@type":"PropertyValueSpecification","valueRequired":true,"valueName":"search_term_string"}}],"inLanguage":"de"},{"@type":"Organization","@id":"https:\/\/www.organisator.ch\/#organization","name":"Organisator","url":"https:\/\/www.organisator.ch\/","logo":{"@type":"ImageObject","inLanguage":"de","@id":"https:\/\/www.organisator.ch\/#\/schema\/logo\/image\/","url":"https:\/\/www.organisator.ch\/wp-content\/uploads\/2022\/01\/Logo_Organisator_Website.png","contentUrl":"https:\/\/www.organisator.ch\/wp-content\/uploads\/2022\/01\/Logo_Organisator_Website.png","width":800,"height":77,"caption":"Organisator"},"image":{"@id":"https:\/\/www.organisator.ch\/#\/schema\/logo\/image\/"},"sameAs":["https:\/\/www.facebook.com\/OrganisatorFachmagazin","https:\/\/www.linkedin.com\/showcase\/organisator-das-magazin-fr-kmu","https:\/\/www.xing.com\/news\/pages\/organisator-ch-695","https:\/\/www.youtube.com\/channel\/UCGP2Sq0iWaZwT3BdIAQFYpw"]},{"@type":"Person","@id":"https:\/\/www.organisator.ch\/#\/schema\/person\/6f650f90b2842cd4c0cc334b4e36f67e","name":"thomas.berner","image":{"@type":"ImageObject","inLanguage":"de","@id":"https:\/\/secure.gravatar.com\/avatar\/ac5001d2a36cb6c6cd3e50789007ffca834b477b74a2144564522e944eabff61?s=96&d=mm&r=g","url":"https:\/\/secure.gravatar.com\/avatar\/ac5001d2a36cb6c6cd3e50789007ffca834b477b74a2144564522e944eabff61?s=96&d=mm&r=g","contentUrl":"https:\/\/secure.gravatar.com\/avatar\/ac5001d2a36cb6c6cd3e50789007ffca834b477b74a2144564522e944eabff61?s=96&d=mm&r=g","caption":"thomas.berner"},"url":"https:\/\/www.organisator.ch\/de\/author\/thomas-berner\/"}]}},"_links":{"self":[{"href":"https:\/\/www.organisator.ch\/de\/wp-json\/wp\/v2\/posts\/2650","targetHints":{"allow":["GET"]}}],"collection":[{"href":"https:\/\/www.organisator.ch\/de\/wp-json\/wp\/v2\/posts"}],"about":[{"href":"https:\/\/www.organisator.ch\/de\/wp-json\/wp\/v2\/types\/post"}],"author":[{"embeddable":true,"href":"https:\/\/www.organisator.ch\/de\/wp-json\/wp\/v2\/users\/4"}],"replies":[{"embeddable":true,"href":"https:\/\/www.organisator.ch\/de\/wp-json\/wp\/v2\/comments?post=2650"}],"version-history":[{"count":0,"href":"https:\/\/www.organisator.ch\/de\/wp-json\/wp\/v2\/posts\/2650\/revisions"}],"wp:featuredmedia":[{"embeddable":true,"href":"https:\/\/www.organisator.ch\/de\/wp-json\/wp\/v2\/media\/2651"}],"wp:attachment":[{"href":"https:\/\/www.organisator.ch\/de\/wp-json\/wp\/v2\/media?parent=2650"}],"wp:term":[{"taxonomy":"category","embeddable":true,"href":"https:\/\/www.organisator.ch\/de\/wp-json\/wp\/v2\/categories?post=2650"},{"taxonomy":"post_tag","embeddable":true,"href":"https:\/\/www.organisator.ch\/de\/wp-json\/wp\/v2\/tags?post=2650"}],"curies":[{"name":"wp","href":"https:\/\/api.w.org\/{rel}","templated":true}]}}