{"id":26526,"date":"2024-04-15T10:14:14","date_gmt":"2024-04-15T08:14:14","guid":{"rendered":"https:\/\/www.werbewoche.ch\/?p=213632"},"modified":"2024-11-11T07:13:42","modified_gmt":"2024-11-11T06:13:42","slug":"bav-interview-swissness-swissness-und-nochmal-swissness","status":"publish","type":"post","link":"https:\/\/www.organisator.ch\/de\/marketing\/2024-04-15\/bav-interview-swissness-swissness-und-nochmal-swissness\/","title":{"rendered":"BAV-Interview: \u00abSwissness, Swissness und nochmal Swissness\u00bb"},"content":{"rendered":"<p><\/p>\r\n<p>Das exklusive Interview zum Brand Asset Valuator mit Swen Morath und Martin Keller wurde als Video und in schriftlicher Form gef\u00fchrt.<\/p>\r\n<p>&nbsp;<\/p>\r\n<p><strong>Werbewoche.ch: Swen Morath, der Brand Asset Valuator (BAV), wie werden die Rankings erhoben?<\/strong><\/p>\r\n<p style=\"font-weight: 400\">Wir befragen j\u00e4hrlich knapp 10\u2019000 Schweizerinnen und Schweizer zu rund 600 Marken. Dabei werden neben mehr als 60 Image-Attributen auch die Dimensionen Relevanz, Differenziertheit, Wertsch\u00e4tzung und Vertrautheit erhoben. Aus diesen vier Kernwerten errechnet sich die Markenst\u00e4rke und somit die Rankings.<\/p>\r\n<p>&nbsp;<\/p>\r\n<p style=\"font-weight: 400\"><strong>Martin Keller, was umfasst der BAV?<\/strong><\/p>\r\n<p style=\"font-weight: 400\">Der BAV umfasst dezidierte Aussagen zu Markenst\u00e4rke und Brand Momentum, eine ausgesprochen granulare Analyse der Image-Faktoren einer Marke \u2013 wie gesagt: wie erheben mehr als 60 Attribute \u2013 sowie eine Betrachtung des Markenfunnels, und zwar sowohl hinsichtlich der Nutzung als auch der emotionalen N\u00e4he einer Marke.<\/p>\r\n<p>&nbsp;<\/p>\r\n<p style=\"font-weight: 400\"><strong>Ihre gr\u00f6sste \u00dcberraschung im BAV 2024?<\/strong><\/p>\r\n<p style=\"font-weight: 400\"><strong>Swen Morath:<\/strong> In der diesj\u00e4hrigen Erhebung haben sich eine Reihe von Food-Marken stark positiv entwickelt. Die Tatsache, dass sich daneben auch einige Haushalts-Brands wie K\u00e4rcher und Dyson verbessern konnten, l\u00e4sst darauf schliessen, dass es in der Schweiz derzeit einen Trend zum Cocooning gibt.<\/p>\r\n<p>&nbsp;<\/p>\r\n<p style=\"font-weight: 400\"><strong>Jetzt haben wir das Hauptranking \u00abDie st\u00e4rksten Marken der Schweiz\u00bb <\/strong><strong>Mit Google, Rega, Lego, Migros, Lindt, Ricola, Zweifel an der Spitze. Ihr Kommentar?<\/strong><\/p>\r\n<p style=\"font-weight: 400\"><strong>Martin Keller:<\/strong> Google, Rega und Migros waren schon immer sehr stark im BAV. Dass mit Lindt, Ricola und Zweifel drei Marken ganz vorne landen, bei denen es um Gemeinschaft und Zugeh\u00f6rigkeit geht, best\u00e4tigt den Trend zum Cocooning.<\/p>\r\n<figure id=\"attachment_213644\" class=\"wp-caption alignnone\" style=\"width: 1300px\" aria-describedby=\"caption-attachment-213644\"><img class=\"alignnone wp-image-213644 size-full\" src=\"https:\/\/www.werbewoche.ch\/wp-content\/uploads\/2024\/04\/IMG_7261-scaled.jpg\" alt=\"Brand Asset Valuator\" width=\"1300\" height=\"866\" \/>\r\n<figcaption id=\"caption-attachment-213644\" class=\"wp-caption-text\">Martin Keller ist CEO von Ogilvy Schweiz<\/figcaption>\r\n<\/figure>\r\n<p>&nbsp;<\/p>\r\n<p style=\"font-weight: 400\"><strong>\u00abDie vertrauensvollsten Marken der Schweiz\u00bb m<\/strong><strong>it Zweifel, Ovo, Lindt, Lego, Migros, Google, Ricola, Migros, Google und Victorinox an der Spitze. Bemerkenswert ist die Entwicklung von Ricola. Was haben die besser gemacht, um 22 R\u00e4nge hochzuklettern?<\/strong><\/p>\r\n<p style=\"font-weight: 400\"><strong>Martin Keller:<\/strong> Dieses Ranking gibt Auskunft \u00fcber die Markenstatur, also die Kombination aus Wertsch\u00e4tzung und Vertrautheit. Gerade in Krisenzeiten suchen die Menschen Halt bei Marken, die einem das Gef\u00fchl von Geborgenheit geben k\u00f6nnen. Die Marken in diesem Ranking, auch Ricola, haben es geschafft \u00fcber Jahre ein sehr starkes Depot an emotionalem Kapital aufzubauen und das wirkt sich jetzt positiv aus.<\/p>\r\n<p><span style=\"font-weight: 400\">\u00a0<\/span><\/p>\r\n<p style=\"font-weight: 400\"><strong>Was zeichnet eine vertrauensvolle Schweizer Marke aus?<\/strong><\/p>\r\n<p style=\"font-weight: 400\"><strong>Swen Morath:<\/strong> Wie gesagt: Vertrauen schafft man nicht \u00fcber Nacht. Die Top-Marken in diesem Ranking haben \u00fcber Jahre konsequent und vor allem konsistent ihren Markenkern gepflegt und sich so langfristig einen festen Platz in den Herzen und K\u00f6pfen der Verbraucher:innen erarbeitet. Sie sind der Beweis daf\u00fcr, dass sich konsequente Markenarbeit langfristig auszahlt.<\/p>\r\n<p><img class=\"alignnone size-full wp-image-213266\" src=\"https:\/\/www.werbewoche.ch\/wp-content\/uploads\/2024\/04\/Valuator2.jpg\" alt=\"\" width=\"1200\" height=\"675\" \/><\/p>\r\n<p style=\"font-weight: 400\"><strong>Welchen Wert hat Vertrauen, in einer sich so rasch sich \u00e4nderten Welt noch?<\/strong><\/p>\r\n<p style=\"font-weight: 400\"><strong>Swen Morath:<\/strong> Es gibt Untersuchungen dazu, dass heutzutage ein einziger Media-Kontakt ausreichen kann, um von einer zur anderen Marke zu wechseln. Wir sehen unheimlich viele neue Marken, zum Beispiel von Celebrities und Influencern, die sich in sehr schneller Zeit Marktanteile sichern k\u00f6nnen. Allerdings sind diese Effekte oft nicht nachhaltig. Auf der anderen Seite gibt es Marken, die seit vielen Jahren weit rechts in unserem Power-Grid stehen, also eine hohe Markenstatur haben. Dieses Kapital hat einen hohen Einfluss auf die Markenst\u00e4rke insgesamt \u2013 und wenn diese Marken es dann noch schaffen, \u00abfrisch\u00bb zu bleiben, dann geh\u00f6ren sie zu den absoluten Power-Marken.<\/p>\r\n<p>&nbsp;<\/p>\r\n<p style=\"font-weight: 400\"><strong>Jetzt gibt es die neue Kategorie \u00abLove-Brands\u00bb? Mit den Marken Lindt, Twint, Ragusa, Gruyere, WhatsApp, Migros, Cumulus, Coop, Ovo und Raclette an der Spitze \u2013 Ihr Kommentar dazu?<\/strong><\/p>\r\n<p style=\"font-weight: 400\"><strong>Martin Keller:<\/strong> Swissness, Swissness und nochmal Swissness. Wir haben bereits im letzten Jahr bemerkt, wie wichtig Swissness hierzulande f\u00fcr die Brand Love ist \u2013 anders \u00fcbrigens als in anderen L\u00e4ndern wie Deutschland oder Frankreich. In diesem Jahr finden sich nun noch mehr lokale Marken unter den Love Brands als im Vorjahr. Auch dies k\u00f6nnte ein Beleg f\u00fcr den Trend zum Cocooning sein \u2013 nur eben eine Art nationales<\/p>\r\n<p><img class=\"alignnone size-full wp-image-213267\" src=\"https:\/\/www.werbewoche.ch\/wp-content\/uploads\/2024\/04\/Valuator3.jpg\" alt=\"\" width=\"1200\" height=\"675\" \/><\/p>\r\n<p style=\"font-weight: 400\"><strong>Interessant ist, dass Coop nur bei den Love-Brands in den Top-Ten erscheint. Also Coop hat f\u00fcnf Pl\u00e4tze zugelegt, Migros f\u00fcnf verloren. Ihre Erkl\u00e4rung?<\/strong><\/p>\r\n<p style=\"font-weight: 400\"><strong>Swen Morath:<\/strong> Es ist nat\u00fcrlich immer w\u00fcnschenswert, eine einfache und klare Erkl\u00e4rung f\u00fcr solche Bewegungen im Ranking geben zu k\u00f6nnen. Aber ganz so einfach ist es nat\u00fcrlich nicht. Gerade wenn es um einzelne Faktoren wie Brand Love geht gibt es h\u00e4ufig nicht DIE EINE Erkl\u00e4rung. Allerdings wissen wir, dass es eine hohe Korrelation zwischen Brand Love und der Authentizit\u00e4t einer Marke gibt. Vielleicht wird die MIGROS derzeit als nicht ganz so authentisch empfunden wie Coop.<\/p>\r\n<p>&nbsp;<\/p>\r\n<p style=\"font-weight: 400\"><strong>Ogilvy und Wunder Thompson sind in ihrer DNA Kreativagenturen. Welche Rolle spielt Kreativit\u00e4t auf dem Weg an die Spitze der BAV-Rankings?<\/strong><\/p>\r\n<p style=\"font-weight: 400\"><strong>Swen Morath:<\/strong> Die Kreativit\u00e4t einer Marke spielt einen sehr hohen Wert f\u00fcr die Markenst\u00e4rke. Zum einen hat die kreative Power einen starken Einfluss auf die Differenzierung einer Marke: je kreativer, desto gr\u00f6sser die Chance sich klar abzugrenzen. Zweitens wissen wird, dass Kreativit\u00e4t und Innovationskraft einen starken Einfluss auf eine Dimension haben, die wir \u00abInfluence\u00bb nennen, also auf die F\u00e4higkeit, im kulturellen Diskurs positive Impulse zu setzen und damit langfristig die Marke zu st\u00e4rken. Wir bereiten gerade ein White Paper zu diesem Thema vor, welches wir beim Schweizer Markenkongress im Juni vorstellen werden.<\/p>\r\n<p>&nbsp;<\/p>\r\n<p style=\"font-weight: 400\"><strong>Welche Hauptergebnisse liefert die Studie zum BrandAsset<img class=\"wp-smiley\" style=\"height: 1em;max-height: 1em\" src=\"https:\/\/s.w.org\/images\/core\/emoji\/15.0.3\/72x72\/2122.png\" alt=\"\u2122\" \/> Valuator (BAV) 2024 bez\u00fcglich der Markenlandschaft in der Schweiz?<\/strong><\/p>\r\n<p style=\"font-weight: 400\"><strong>Martin Keller:<\/strong> Wie eben schon erw\u00e4hnt scheint es derzeit einen Trend zum Cocooning zu geben. Das sehen wir \u00fcbrigens auch in unserem gerade ver\u00f6ffentlichen Future 100 Report: Es gibt derzeit ein starkes Bed\u00fcrfnis nach mehr \u00abmental health\u00bb und mehr emotionaler Geborgenheit. Marken, die dieses Bed\u00fcrfnis befriedigen, haben derzeit sicherlich ein grosses Potenzial. Ausserdem haben wir festgestellt, dass digitale Marken wie Apple, Microsoft oder Samsung, die noch im Vorjahr zu den klaren Gewinnern geh\u00f6rten, in diesem Jahr \u00fcberraschend an Markenst\u00e4rke verloren haben. Ob sich hieraus eine grunds\u00e4tzliche Empfehlung zu weniger Digitalit\u00e4t ableiten l\u00e4sst \u2013 zum Beispiel in der Medienauswahl \u2013 ist noch nicht klar. Allerdings sehen wir ebenfalls ein verst\u00e4rktes Bed\u00fcrfnis nach Erlebnissen \u00abin real life\u00bb \u2013 also IRL statt URL.<\/p>\r\n<p><img class=\"alignnone size-full wp-image-213265\" src=\"https:\/\/www.werbewoche.ch\/wp-content\/uploads\/2024\/04\/Valuator.jpg\" alt=\"\" width=\"1200\" height=\"675\" \/><\/p>\r\n<p>&nbsp;<\/p>\r\n<p style=\"font-weight: 400\"><strong>Welche Implikationen ergeben sich aus der Dominanz lokaler Marken in der Liste der \u00abMost Loved Brands\u00bb f\u00fcr internationale Marken in der Schweiz?<\/strong><\/p>\r\n<p style=\"font-weight: 400\"><strong>Martin Keller:<\/strong> Es liegt auf der Hand, dass Marken, die von Haus aus \u00fcber keine Schweizer DNA verf\u00fcgen, dar\u00fcber nachdenken sollten, wie sie zumindest Assoziationen zu \u00abSwissness\u00bb wecken k\u00f6nnen. Das k\u00f6nnte \u00fcber Kooperationen mit lokalen Influencern passieren, aber auch durch ein aktives Engagement in den lokalen Communities.<\/p>\r\n<p>&nbsp;<\/p>\r\n<p style=\"font-weight: 400\"><strong>Wie k\u00f6nnen Unternehmen die Erkenntnisse aus der Studie nutzen, um ihre zuk\u00fcnftige Markenstrategie anzupassen und ihre Wettbewerbsf\u00e4higkeit zu st\u00e4rken?<\/strong><\/p>\r\n<p style=\"font-weight: 400\"><strong>Swen Morath:<\/strong> Wir haben eine ganze Reihe von Kunden \u2013 auch solche, die wir nicht als Agentur betreuen \u2013 f\u00fcr die wir regelm\u00e4ssig den BAV erheben. Mit diesen Kunden diskutieren wir die Ergebnisse sehr intensiv und geben sogenannte \u00abStrategic Starters\u00bb als Impulse f\u00fcr die Markenf\u00fchrung. Viele dieser Kunden tracken bestimmte Attribute im zeitlichen Verlauf und \u00fcberpr\u00fcfen so, ob sich beispielsweise die Markenpers\u00f6nlichkeit in die richtige Richtung bewegt. Die grosse St\u00e4rke des BAV liegt unter anderem darin, dass wir ihn hierzulande schon seit 1995 erheben. Wir k\u00f6nnen also sehr valide Aussagen zur Entwicklung einzelner Marken im Zeitverlauf treffen. Das ist aus unserer Sicht sehr viel sinnvoller als ein einzelner \u00abTemperatur-Check\u00bb<em>.\u00a0<\/em><\/p>","protected":false},"excerpt":{"rendered":"<p>Der Brand Asset Valuator (BAV) ist die f\u00fchrende Erhebung zu Markenst\u00e4rke und Image in der Schweiz. Er zeigt, welche Marken am pr\u00e4sentesten und angesehensten sind. Starke Marken sind oft immun gegen kurzfristige Moden, doch gr\u00f6ssere Trends beeinflussen sie ebenfalls. Im Interview geben Swen Morath und Martin Keller Einblicke in die Studie.<\/p>\n","protected":false},"author":8,"featured_media":0,"comment_status":"closed","ping_status":"closed","sticky":false,"template":"","format":"standard","meta":{"_acf_changed":false,"_yoast_wpseo_focuskw":"Brand Asset Valuator","_yoast_wpseo_metadesc":"Brand Asset Valuator 2024: Google, Rega und Migros an der Spitze. Trends wie Cocooning und Swissness pr\u00e4gen Markenst\u00e4rke.","articlekey":"","footnotes":""},"categories":[29],"tags":[3700,339],"class_list":["post-26526","post","type-post","status-publish","format-standard","hentry","category-marketing","tag-brand-asset-valuator","tag-marketing"],"acf":[],"yoast_head":"<!-- This site is optimized with the Yoast SEO plugin v27.5 - https:\/\/yoast.com\/product\/yoast-seo-wordpress\/ -->\n<title>BAV-Interview: \u00abSwissness, Swissness und nochmal Swissness\u00bb - Organisator<\/title>\n<meta name=\"description\" content=\"Brand Asset Valuator 2024: Google, Rega und Migros an der Spitze. Trends wie Cocooning und Swissness pr\u00e4gen Markenst\u00e4rke.\" \/>\n<meta name=\"robots\" content=\"index, follow, max-snippet:-1, max-image-preview:large, max-video-preview:-1\" \/>\n<link rel=\"canonical\" href=\"https:\/\/www.organisator.ch\/de\/marketing\/2024-04-15\/bav-interview-swissness-swissness-und-nochmal-swissness\/\" \/>\n<meta property=\"og:locale\" content=\"de_DE\" \/>\n<meta property=\"og:type\" content=\"article\" \/>\n<meta property=\"og:title\" content=\"BAV-Interview: \u00abSwissness, Swissness und nochmal Swissness\u00bb - Organisator\" \/>\n<meta property=\"og:description\" content=\"Brand Asset Valuator 2024: Google, Rega und Migros an der Spitze. Trends wie Cocooning und Swissness pr\u00e4gen Markenst\u00e4rke.\" \/>\n<meta property=\"og:url\" content=\"https:\/\/www.organisator.ch\/de\/marketing\/2024-04-15\/bav-interview-swissness-swissness-und-nochmal-swissness\/\" \/>\n<meta property=\"og:site_name\" content=\"Organisator\" \/>\n<meta property=\"article:publisher\" content=\"https:\/\/www.facebook.com\/OrganisatorFachmagazin\" \/>\n<meta property=\"article:published_time\" content=\"2024-04-15T08:14:14+00:00\" \/>\n<meta property=\"article:modified_time\" content=\"2024-11-11T06:13:42+00:00\" \/>\n<meta property=\"og:image\" content=\"https:\/\/www.werbewoche.ch\/wp-content\/uploads\/2024\/04\/IMG_7261-scaled.jpg\" \/>\n<meta name=\"author\" content=\"galledia\" \/>\n<meta name=\"twitter:card\" content=\"summary_large_image\" \/>\n<meta name=\"twitter:creator\" content=\"@admin\" \/>\n<script type=\"application\/ld+json\" class=\"yoast-schema-graph\">{\"@context\":\"https:\\\/\\\/schema.org\",\"@graph\":[{\"@type\":\"Article\",\"@id\":\"https:\\\/\\\/www.organisator.ch\\\/marketing\\\/2024-04-15\\\/bav-interview-swissness-swissness-und-nochmal-swissness\\\/#article\",\"isPartOf\":{\"@id\":\"https:\\\/\\\/www.organisator.ch\\\/marketing\\\/2024-04-15\\\/bav-interview-swissness-swissness-und-nochmal-swissness\\\/\"},\"author\":{\"name\":\"galledia\",\"@id\":\"https:\\\/\\\/www.organisator.ch\\\/#\\\/schema\\\/person\\\/4e51799071cd2dd1232ac003643ef5f0\"},\"headline\":\"BAV-Interview: \u00abSwissness, Swissness und nochmal Swissness\u00bb\",\"datePublished\":\"2024-04-15T08:14:14+00:00\",\"dateModified\":\"2024-11-11T06:13:42+00:00\",\"mainEntityOfPage\":{\"@id\":\"https:\\\/\\\/www.organisator.ch\\\/marketing\\\/2024-04-15\\\/bav-interview-swissness-swissness-und-nochmal-swissness\\\/\"},\"wordCount\":1224,\"publisher\":{\"@id\":\"https:\\\/\\\/www.organisator.ch\\\/#organization\"},\"image\":{\"@id\":\"https:\\\/\\\/www.organisator.ch\\\/marketing\\\/2024-04-15\\\/bav-interview-swissness-swissness-und-nochmal-swissness\\\/#primaryimage\"},\"thumbnailUrl\":\"https:\\\/\\\/www.werbewoche.ch\\\/wp-content\\\/uploads\\\/2024\\\/04\\\/IMG_7261-scaled.jpg\",\"keywords\":[\"Brand Asset Valuator\",\"Marketing\"],\"articleSection\":[\"MARKETING\"],\"inLanguage\":\"de\"},{\"@type\":\"WebPage\",\"@id\":\"https:\\\/\\\/www.organisator.ch\\\/marketing\\\/2024-04-15\\\/bav-interview-swissness-swissness-und-nochmal-swissness\\\/\",\"url\":\"https:\\\/\\\/www.organisator.ch\\\/marketing\\\/2024-04-15\\\/bav-interview-swissness-swissness-und-nochmal-swissness\\\/\",\"name\":\"BAV-Interview: \u00abSwissness, Swissness und nochmal Swissness\u00bb - Organisator\",\"isPartOf\":{\"@id\":\"https:\\\/\\\/www.organisator.ch\\\/#website\"},\"primaryImageOfPage\":{\"@id\":\"https:\\\/\\\/www.organisator.ch\\\/marketing\\\/2024-04-15\\\/bav-interview-swissness-swissness-und-nochmal-swissness\\\/#primaryimage\"},\"image\":{\"@id\":\"https:\\\/\\\/www.organisator.ch\\\/marketing\\\/2024-04-15\\\/bav-interview-swissness-swissness-und-nochmal-swissness\\\/#primaryimage\"},\"thumbnailUrl\":\"https:\\\/\\\/www.werbewoche.ch\\\/wp-content\\\/uploads\\\/2024\\\/04\\\/IMG_7261-scaled.jpg\",\"datePublished\":\"2024-04-15T08:14:14+00:00\",\"dateModified\":\"2024-11-11T06:13:42+00:00\",\"description\":\"Brand Asset Valuator 2024: Google, Rega und Migros an der Spitze. Trends wie Cocooning und Swissness pr\u00e4gen Markenst\u00e4rke.\",\"breadcrumb\":{\"@id\":\"https:\\\/\\\/www.organisator.ch\\\/marketing\\\/2024-04-15\\\/bav-interview-swissness-swissness-und-nochmal-swissness\\\/#breadcrumb\"},\"inLanguage\":\"de\",\"potentialAction\":[{\"@type\":\"ReadAction\",\"target\":[\"https:\\\/\\\/www.organisator.ch\\\/marketing\\\/2024-04-15\\\/bav-interview-swissness-swissness-und-nochmal-swissness\\\/\"]}]},{\"@type\":\"ImageObject\",\"inLanguage\":\"de\",\"@id\":\"https:\\\/\\\/www.organisator.ch\\\/marketing\\\/2024-04-15\\\/bav-interview-swissness-swissness-und-nochmal-swissness\\\/#primaryimage\",\"url\":\"https:\\\/\\\/www.werbewoche.ch\\\/wp-content\\\/uploads\\\/2024\\\/04\\\/IMG_7261-scaled.jpg\",\"contentUrl\":\"https:\\\/\\\/www.werbewoche.ch\\\/wp-content\\\/uploads\\\/2024\\\/04\\\/IMG_7261-scaled.jpg\"},{\"@type\":\"BreadcrumbList\",\"@id\":\"https:\\\/\\\/www.organisator.ch\\\/marketing\\\/2024-04-15\\\/bav-interview-swissness-swissness-und-nochmal-swissness\\\/#breadcrumb\",\"itemListElement\":[{\"@type\":\"ListItem\",\"position\":1,\"name\":\"Home\",\"item\":\"https:\\\/\\\/www.organisator.ch\\\/\"},{\"@type\":\"ListItem\",\"position\":2,\"name\":\"BAV-Interview: \u00abSwissness, Swissness und nochmal Swissness\u00bb\"}]},{\"@type\":\"WebSite\",\"@id\":\"https:\\\/\\\/www.organisator.ch\\\/#website\",\"url\":\"https:\\\/\\\/www.organisator.ch\\\/\",\"name\":\"Organisator\",\"description\":\"Kompetent. Praxisnah. Der ORGANISATOR bereitet in 10 Ausgaben pro Jahr die wesentlichen Themen f\u00fcr F\u00fchrungskr\u00e4fte von KMU auf.\",\"publisher\":{\"@id\":\"https:\\\/\\\/www.organisator.ch\\\/#organization\"},\"potentialAction\":[{\"@type\":\"SearchAction\",\"target\":{\"@type\":\"EntryPoint\",\"urlTemplate\":\"https:\\\/\\\/www.organisator.ch\\\/?s={search_term_string}\"},\"query-input\":{\"@type\":\"PropertyValueSpecification\",\"valueRequired\":true,\"valueName\":\"search_term_string\"}}],\"inLanguage\":\"de\"},{\"@type\":\"Organization\",\"@id\":\"https:\\\/\\\/www.organisator.ch\\\/#organization\",\"name\":\"Organisator\",\"url\":\"https:\\\/\\\/www.organisator.ch\\\/\",\"logo\":{\"@type\":\"ImageObject\",\"inLanguage\":\"de\",\"@id\":\"https:\\\/\\\/www.organisator.ch\\\/#\\\/schema\\\/logo\\\/image\\\/\",\"url\":\"https:\\\/\\\/www.organisator.ch\\\/wp-content\\\/uploads\\\/2022\\\/01\\\/Logo_Organisator_Website.png\",\"contentUrl\":\"https:\\\/\\\/www.organisator.ch\\\/wp-content\\\/uploads\\\/2022\\\/01\\\/Logo_Organisator_Website.png\",\"width\":800,\"height\":77,\"caption\":\"Organisator\"},\"image\":{\"@id\":\"https:\\\/\\\/www.organisator.ch\\\/#\\\/schema\\\/logo\\\/image\\\/\"},\"sameAs\":[\"https:\\\/\\\/www.facebook.com\\\/OrganisatorFachmagazin\",\"https:\\\/\\\/www.linkedin.com\\\/showcase\\\/organisator-das-magazin-fr-kmu\",\"https:\\\/\\\/www.xing.com\\\/news\\\/pages\\\/organisator-ch-695\",\"https:\\\/\\\/www.youtube.com\\\/channel\\\/UCGP2Sq0iWaZwT3BdIAQFYpw\"]},{\"@type\":\"Person\",\"@id\":\"https:\\\/\\\/www.organisator.ch\\\/#\\\/schema\\\/person\\\/4e51799071cd2dd1232ac003643ef5f0\",\"name\":\"galledia\",\"image\":{\"@type\":\"ImageObject\",\"inLanguage\":\"de\",\"@id\":\"https:\\\/\\\/secure.gravatar.com\\\/avatar\\\/78a7f90c01fc2bfc875782a0d4922b37cde2cf184ce347b91316d23cd7f69a36?s=96&d=mm&r=g\",\"url\":\"https:\\\/\\\/secure.gravatar.com\\\/avatar\\\/78a7f90c01fc2bfc875782a0d4922b37cde2cf184ce347b91316d23cd7f69a36?s=96&d=mm&r=g\",\"contentUrl\":\"https:\\\/\\\/secure.gravatar.com\\\/avatar\\\/78a7f90c01fc2bfc875782a0d4922b37cde2cf184ce347b91316d23cd7f69a36?s=96&d=mm&r=g\",\"caption\":\"galledia\"},\"sameAs\":[\"https:\\\/\\\/x.com\\\/admin\"],\"url\":\"https:\\\/\\\/www.organisator.ch\\\/de\\\/author\\\/galledia\\\/\"}]}<\/script>\n<!-- \/ Yoast SEO plugin. -->","yoast_head_json":{"title":"BAV-Interview: \u00abSwissness, Swissness und nochmal Swissness\u00bb - Organisator","description":"Brand Asset Valuator 2024: Google, Rega und Migros an der Spitze. Trends wie Cocooning und Swissness pr\u00e4gen Markenst\u00e4rke.","robots":{"index":"index","follow":"follow","max-snippet":"max-snippet:-1","max-image-preview":"max-image-preview:large","max-video-preview":"max-video-preview:-1"},"canonical":"https:\/\/www.organisator.ch\/de\/marketing\/2024-04-15\/bav-interview-swissness-swissness-und-nochmal-swissness\/","og_locale":"de_DE","og_type":"article","og_title":"BAV-Interview: \u00abSwissness, Swissness und nochmal Swissness\u00bb - Organisator","og_description":"Brand Asset Valuator 2024: Google, Rega und Migros an der Spitze. Trends wie Cocooning und Swissness pr\u00e4gen Markenst\u00e4rke.","og_url":"https:\/\/www.organisator.ch\/de\/marketing\/2024-04-15\/bav-interview-swissness-swissness-und-nochmal-swissness\/","og_site_name":"Organisator","article_publisher":"https:\/\/www.facebook.com\/OrganisatorFachmagazin","article_published_time":"2024-04-15T08:14:14+00:00","article_modified_time":"2024-11-11T06:13:42+00:00","og_image":[{"url":"https:\/\/www.werbewoche.ch\/wp-content\/uploads\/2024\/04\/IMG_7261-scaled.jpg","type":"","width":"","height":""}],"author":"galledia","twitter_card":"summary_large_image","twitter_creator":"@admin","schema":{"@context":"https:\/\/schema.org","@graph":[{"@type":"Article","@id":"https:\/\/www.organisator.ch\/marketing\/2024-04-15\/bav-interview-swissness-swissness-und-nochmal-swissness\/#article","isPartOf":{"@id":"https:\/\/www.organisator.ch\/marketing\/2024-04-15\/bav-interview-swissness-swissness-und-nochmal-swissness\/"},"author":{"name":"galledia","@id":"https:\/\/www.organisator.ch\/#\/schema\/person\/4e51799071cd2dd1232ac003643ef5f0"},"headline":"BAV-Interview: \u00abSwissness, Swissness und nochmal Swissness\u00bb","datePublished":"2024-04-15T08:14:14+00:00","dateModified":"2024-11-11T06:13:42+00:00","mainEntityOfPage":{"@id":"https:\/\/www.organisator.ch\/marketing\/2024-04-15\/bav-interview-swissness-swissness-und-nochmal-swissness\/"},"wordCount":1224,"publisher":{"@id":"https:\/\/www.organisator.ch\/#organization"},"image":{"@id":"https:\/\/www.organisator.ch\/marketing\/2024-04-15\/bav-interview-swissness-swissness-und-nochmal-swissness\/#primaryimage"},"thumbnailUrl":"https:\/\/www.werbewoche.ch\/wp-content\/uploads\/2024\/04\/IMG_7261-scaled.jpg","keywords":["Brand Asset Valuator","Marketing"],"articleSection":["MARKETING"],"inLanguage":"de"},{"@type":"WebPage","@id":"https:\/\/www.organisator.ch\/marketing\/2024-04-15\/bav-interview-swissness-swissness-und-nochmal-swissness\/","url":"https:\/\/www.organisator.ch\/marketing\/2024-04-15\/bav-interview-swissness-swissness-und-nochmal-swissness\/","name":"BAV-Interview: \u00abSwissness, Swissness und nochmal Swissness\u00bb - Organisator","isPartOf":{"@id":"https:\/\/www.organisator.ch\/#website"},"primaryImageOfPage":{"@id":"https:\/\/www.organisator.ch\/marketing\/2024-04-15\/bav-interview-swissness-swissness-und-nochmal-swissness\/#primaryimage"},"image":{"@id":"https:\/\/www.organisator.ch\/marketing\/2024-04-15\/bav-interview-swissness-swissness-und-nochmal-swissness\/#primaryimage"},"thumbnailUrl":"https:\/\/www.werbewoche.ch\/wp-content\/uploads\/2024\/04\/IMG_7261-scaled.jpg","datePublished":"2024-04-15T08:14:14+00:00","dateModified":"2024-11-11T06:13:42+00:00","description":"Brand Asset Valuator 2024: Google, Rega und Migros an der Spitze. Trends wie Cocooning und Swissness pr\u00e4gen Markenst\u00e4rke.","breadcrumb":{"@id":"https:\/\/www.organisator.ch\/marketing\/2024-04-15\/bav-interview-swissness-swissness-und-nochmal-swissness\/#breadcrumb"},"inLanguage":"de","potentialAction":[{"@type":"ReadAction","target":["https:\/\/www.organisator.ch\/marketing\/2024-04-15\/bav-interview-swissness-swissness-und-nochmal-swissness\/"]}]},{"@type":"ImageObject","inLanguage":"de","@id":"https:\/\/www.organisator.ch\/marketing\/2024-04-15\/bav-interview-swissness-swissness-und-nochmal-swissness\/#primaryimage","url":"https:\/\/www.werbewoche.ch\/wp-content\/uploads\/2024\/04\/IMG_7261-scaled.jpg","contentUrl":"https:\/\/www.werbewoche.ch\/wp-content\/uploads\/2024\/04\/IMG_7261-scaled.jpg"},{"@type":"BreadcrumbList","@id":"https:\/\/www.organisator.ch\/marketing\/2024-04-15\/bav-interview-swissness-swissness-und-nochmal-swissness\/#breadcrumb","itemListElement":[{"@type":"ListItem","position":1,"name":"Home","item":"https:\/\/www.organisator.ch\/"},{"@type":"ListItem","position":2,"name":"BAV-Interview: \u00abSwissness, Swissness und nochmal Swissness\u00bb"}]},{"@type":"WebSite","@id":"https:\/\/www.organisator.ch\/#website","url":"https:\/\/www.organisator.ch\/","name":"Organisator","description":"Kompetent. Praxisnah. Der ORGANISATOR bereitet in 10 Ausgaben pro Jahr die wesentlichen Themen f\u00fcr F\u00fchrungskr\u00e4fte von KMU auf.","publisher":{"@id":"https:\/\/www.organisator.ch\/#organization"},"potentialAction":[{"@type":"SearchAction","target":{"@type":"EntryPoint","urlTemplate":"https:\/\/www.organisator.ch\/?s={search_term_string}"},"query-input":{"@type":"PropertyValueSpecification","valueRequired":true,"valueName":"search_term_string"}}],"inLanguage":"de"},{"@type":"Organization","@id":"https:\/\/www.organisator.ch\/#organization","name":"Organisator","url":"https:\/\/www.organisator.ch\/","logo":{"@type":"ImageObject","inLanguage":"de","@id":"https:\/\/www.organisator.ch\/#\/schema\/logo\/image\/","url":"https:\/\/www.organisator.ch\/wp-content\/uploads\/2022\/01\/Logo_Organisator_Website.png","contentUrl":"https:\/\/www.organisator.ch\/wp-content\/uploads\/2022\/01\/Logo_Organisator_Website.png","width":800,"height":77,"caption":"Organisator"},"image":{"@id":"https:\/\/www.organisator.ch\/#\/schema\/logo\/image\/"},"sameAs":["https:\/\/www.facebook.com\/OrganisatorFachmagazin","https:\/\/www.linkedin.com\/showcase\/organisator-das-magazin-fr-kmu","https:\/\/www.xing.com\/news\/pages\/organisator-ch-695","https:\/\/www.youtube.com\/channel\/UCGP2Sq0iWaZwT3BdIAQFYpw"]},{"@type":"Person","@id":"https:\/\/www.organisator.ch\/#\/schema\/person\/4e51799071cd2dd1232ac003643ef5f0","name":"galledia","image":{"@type":"ImageObject","inLanguage":"de","@id":"https:\/\/secure.gravatar.com\/avatar\/78a7f90c01fc2bfc875782a0d4922b37cde2cf184ce347b91316d23cd7f69a36?s=96&d=mm&r=g","url":"https:\/\/secure.gravatar.com\/avatar\/78a7f90c01fc2bfc875782a0d4922b37cde2cf184ce347b91316d23cd7f69a36?s=96&d=mm&r=g","contentUrl":"https:\/\/secure.gravatar.com\/avatar\/78a7f90c01fc2bfc875782a0d4922b37cde2cf184ce347b91316d23cd7f69a36?s=96&d=mm&r=g","caption":"galledia"},"sameAs":["https:\/\/x.com\/admin"],"url":"https:\/\/www.organisator.ch\/de\/author\/galledia\/"}]}},"_links":{"self":[{"href":"https:\/\/www.organisator.ch\/de\/wp-json\/wp\/v2\/posts\/26526","targetHints":{"allow":["GET"]}}],"collection":[{"href":"https:\/\/www.organisator.ch\/de\/wp-json\/wp\/v2\/posts"}],"about":[{"href":"https:\/\/www.organisator.ch\/de\/wp-json\/wp\/v2\/types\/post"}],"author":[{"embeddable":true,"href":"https:\/\/www.organisator.ch\/de\/wp-json\/wp\/v2\/users\/8"}],"replies":[{"embeddable":true,"href":"https:\/\/www.organisator.ch\/de\/wp-json\/wp\/v2\/comments?post=26526"}],"version-history":[{"count":2,"href":"https:\/\/www.organisator.ch\/de\/wp-json\/wp\/v2\/posts\/26526\/revisions"}],"predecessor-version":[{"id":32322,"href":"https:\/\/www.organisator.ch\/de\/wp-json\/wp\/v2\/posts\/26526\/revisions\/32322"}],"wp:attachment":[{"href":"https:\/\/www.organisator.ch\/de\/wp-json\/wp\/v2\/media?parent=26526"}],"wp:term":[{"taxonomy":"category","embeddable":true,"href":"https:\/\/www.organisator.ch\/de\/wp-json\/wp\/v2\/categories?post=26526"},{"taxonomy":"post_tag","embeddable":true,"href":"https:\/\/www.organisator.ch\/de\/wp-json\/wp\/v2\/tags?post=26526"}],"curies":[{"name":"wp","href":"https:\/\/api.w.org\/{rel}","templated":true}]}}