{"id":26549,"date":"2024-04-16T10:44:59","date_gmt":"2024-04-16T08:44:59","guid":{"rendered":"https:\/\/www.organisator.ch\/?p=26549"},"modified":"2024-04-16T10:44:59","modified_gmt":"2024-04-16T08:44:59","slug":"lehrabgaengerinnen-umfrage-betriebe-muessen-ihre-fuersorgepflicht-wahrnehmen","status":"publish","type":"post","link":"https:\/\/www.organisator.ch\/de\/weiterbildung\/2024-04-16\/lehrabgaengerinnen-umfrage-betriebe-muessen-ihre-fuersorgepflicht-wahrnehmen\/","title":{"rendered":"Lehrabg\u00e4nger:innen-Umfrage: Betriebe m\u00fcssen ihre F\u00fcrsorgepflicht wahrnehmen"},"content":{"rendered":"<figure id=\"attachment_26552\" aria-describedby=\"caption-attachment-26552\" style=\"width: 680px\" class=\"wp-caption alignnone\"><img loading=\"lazy\" decoding=\"async\" class=\"size-full wp-image-26552\" src=\"https:\/\/www.organisator.ch\/wp-content\/uploads\/2024\/04\/KV_Bild1_ps.jpg\" alt=\"\" width=\"680\" height=\"454\" srcset=\"https:\/\/www.organisator.ch\/wp-content\/uploads\/2024\/04\/KV_Bild1_ps.jpg 680w, https:\/\/www.organisator.ch\/wp-content\/uploads\/2024\/04\/KV_Bild1_ps-18x12.jpg 18w, https:\/\/www.organisator.ch\/wp-content\/uploads\/2024\/04\/KV_Bild1_ps-375x250.jpg 375w, https:\/\/www.organisator.ch\/wp-content\/uploads\/2024\/04\/KV_Bild1_ps-524x350.jpg 524w\" sizes=\"auto, (max-width: 680px) 100vw, 680px\" \/><figcaption id=\"caption-attachment-26552\" class=\"wp-caption-text\">Mit rund 12 500 Absolvierenden pro Jahr ist die KV-Lehre die beliebteste Grundbildung der Schweiz. (Bild: Kaufm\u00e4nnischer Verband Schweiz\/Merlin Photography Ltd.)<\/figcaption><\/figure>\n<p>70.7% der Jugendlichen haben nach Abschluss der KV-Lehre bereits eine Arbeitsstelle gefunden. Als heikel erweisen sich jedoch weiterhin die Einstiegslohn- und die \u00dcberstunden-Praxen gewisser Betriebe sowie die mangelnde Beteiligung an der \u00abBring Your Own Device\u00bb-Policy und den Schulmaterialkosten.<\/p>\n<p>Mit rund 12 500 Absolvierenden pro Jahr ist die KV-Lehre die beliebteste Grundbildung der Schweiz. Um die Arbeitsbedingungen w\u00e4hrend und nach der Lehre, den Berufseinstieg und die Zukunftspl\u00e4ne der jungen Berufsleute zu untersuchen, f\u00fchrt der Kaufm\u00e4nnische Verband Schweiz seit 2006 j\u00e4hrlich eine Umfrage bei den EBA- und EFZ-Absolvierenden der betrieblich organisierten Grundbildung (BOG) und der schulisch organisierten Grundbildung (SOG) durch. An der ersten Erhebungswelle im Juli 2023 haben 3879 Personen, und somit knapp ein Drittel aller KV-Lehrabg\u00e4nger:innen der Schweiz, teilgenommen. An der zweiten Erhebungswelle im November 2023 waren es 1165 Personen.<\/p>\n<h3><strong>Positive Wahrnehmung der KV-Lehre <\/strong><\/h3>\n<p>\u00abInsgesamt 92.8% der Teilnehmenden haben best\u00e4tigt, dass sie sich durch die kaufm\u00e4nnische Grundbildung gut bis sehr gut auf die Arbeitswelt vorbereitet f\u00fchlen\u00bb, berichtet Svenja Albrecht, Projektmitarbeiterin Bildungspolitik, welche die diesj\u00e4hrige Befragung verantwortet. Dabei gilt der Betrieb mit 5.1 von insgesamt 6 Punkten als beliebtester Lernort. Es folgen die Schule mit 4.2 und die \u00fcberbetrieblichen Kurse (\u00fcK) mit 3.8 Punkten. \u00abDas spricht deutlich f\u00fcr den betrieblichen Teil der Ausbildung und unterstreicht die Rolle der Berufs- und Praxisbildner:innen im Betrieb, welche die Freude am Beruf an die n\u00e4chste Generation weitergeben.\u00bb<\/p>\n<figure id=\"attachment_26551\" aria-describedby=\"caption-attachment-26551\" style=\"width: 680px\" class=\"wp-caption alignnone\"><img loading=\"lazy\" decoding=\"async\" class=\"size-full wp-image-26551\" src=\"https:\/\/www.organisator.ch\/wp-content\/uploads\/2024\/04\/KV_Bild2_ps.jpg\" alt=\"\" width=\"680\" height=\"361\" srcset=\"https:\/\/www.organisator.ch\/wp-content\/uploads\/2024\/04\/KV_Bild2_ps.jpg 680w, https:\/\/www.organisator.ch\/wp-content\/uploads\/2024\/04\/KV_Bild2_ps-18x10.jpg 18w, https:\/\/www.organisator.ch\/wp-content\/uploads\/2024\/04\/KV_Bild2_ps-375x199.jpg 375w, https:\/\/www.organisator.ch\/wp-content\/uploads\/2024\/04\/KV_Bild2_ps-659x350.jpg 659w\" sizes=\"auto, (max-width: 680px) 100vw, 680px\" \/><figcaption id=\"caption-attachment-26551\" class=\"wp-caption-text\">(Bild: www.kfmv.ch)<\/figcaption><\/figure>\n<h3><strong>Gelungener Berufseinstieg <\/strong><\/h3>\n<p>Dabei bietet die KV-Lehre nach wie vor einen idealen Einstieg in die Berufswelt: Die Mehrheit der KV-Absolvent:innen (70.7%) ist zum Zeitpunkt der zweiten Erhebungswelle im November 2023 erwerbst\u00e4tig. \u00abDas sind 4.8 Prozentpunkte mehr als im Vorjahr\u00bb, sagt Albrecht erfreut. Rund 21.0% befinden sich nach der Lehre in einer nicht-erwerbst\u00e4tigen Situation wie einer Weiterbildung, einem Sprachaufenthalt oder im Milit\u00e4rdienst. Nur 5.2% befinden sich im November 2023 tats\u00e4chlich auf Stellensuche.<\/p>\n<h3><strong>H\u00f6here L\u00f6hne f\u00fcr die kaufm\u00e4nnischen Berufseinsteiger:innen <\/strong><\/h3>\n<p>Ein Fokus der Befragung lag auch dieses Jahr erneut auf den L\u00f6hnen der Berufseinsteiger:innen. Zwar ist der j\u00e4hrliche Medianlohn f\u00fcr Berufseinsteiger:innen im Jahr 2023 um CHF + 1300.- im Vergleich zum Vorjahr angestiegen, dennoch erhalten knapp 20% der Lehrabg\u00e4nger:innen weiterhin ein Sal\u00e4r, welches sich unter den Minimallohnempfehlungen 2023 des Kaufm\u00e4nnischen Verbands Schweiz von CHF 54&#8217;080.- befindet. Diese Lohnempfehlungen wurden f\u00fcr 2024 angesichts der Teuerung nach oben angepasst, damit die Lehrabg\u00e4nger:innen mit einer fairen Entl\u00f6hnung rechnen k\u00f6nnen. \u00abAnerkennung geht auch \u00fcber den Lohn, wie es die aktuellen Lohnrunden zeigen\u00bb, warnt Albrecht. \u00abAuch junge Berufseinsteiger:innen sollten fair f\u00fcr ihre Arbeit entl\u00f6hnt werden. Gerade in Zeiten des Fachkr\u00e4ftemangels, in welchen die Betriebe auf gut ausgebildetes Personal angewiesen sind, k\u00f6nnen die Lehrabg\u00e4nger:innen besonders selbstbewusst einen guten Einsteigerlohn verhandeln.\u00bb Aus diesen Gr\u00fcnden fordert der Kaufm\u00e4nnische Verband Schweiz neu einen Minimallohn von CHF 58&#8217;500.- f\u00fcr Berufseinsteiger:innen.<\/p>\n<h3><strong>Problematische \u00dcberstunden-Praxen <\/strong><\/h3>\n<p>Knapp die H\u00e4lfte der Teilnehmer:innen gibt an, w\u00e4hrend der Grundbildung w\u00f6chentlich \u00dcberstunden leisten zu m\u00fcssen \u2013 im Durchschnitt 2 Stunden pro Woche. Rund 10% berichten gar von t\u00e4glich geleisteten \u00dcberstunden. Weitere 25.1% geben an, dass sie ohne \u00dcberstunden die Arbeitsauftr\u00e4ge nicht h\u00e4tten bew\u00e4ltigen k\u00f6nnen. Albrecht best\u00e4tigt: \u00abDieser Trend ist durchaus besorgniserregend. H\u00e4ufige \u00dcberstunden k\u00f6nnen sich negativ auf die psychische Gesundheit und den Erfolg der Lernenden auswirken.\u00bb So geben 17.1% der Lernenden an, dass sie das Leisten von \u00dcberstunden gelegentlich herausfordernd finden und weitere 2.8%, dass \u00dcberstunden eine starke Belastung darstellen. Hinzu kommt, dass ein betr\u00e4chtlicher Anteil der Lernenden \u2013 immerhin fast 6% \u2013 daf\u00fcr keine Kompensation erhalten hat, was gem\u00e4ss Arbeitsrecht nicht erlaubt ist.<\/p>\n<h3><strong>Mangelhafte BYOD-Policy und Beteiligung an den Schulmaterialkosten <\/strong><\/h3>\n<p>Besonders ern\u00fcchternd ist die Feststellung, dass \u00fcber 50% der Lehrabg\u00e4nger:innen ihre eigenen Ger\u00e4te bezahlen und in die Schule mitbringen mussten, ohne jegliche finanzielle Unterst\u00fctzung ihrer Betriebe. Vor allem Lernende aus finanziell schw\u00e4cheren Haushalten werden somit benachteiligt. \u00abDas ist auf mehreren Ebenen problematisch\u00bb, f\u00fchrt Albrecht fort. \u00abEs darf nicht dazu kommen, dass sich junge Menschen gegen eine KV-Lehre entscheiden, weil sie nicht die Mittel haben, sich einen Laptop zu leisten, welcher den BYOD-Vorschriften der Berufsfachschule entspricht.\u00bb Die Haltung des Kaufm\u00e4nnischen Verbands Schweiz ist deshalb glasklar: Wenn ein Betrieb seinen Lernenden kein Ger\u00e4t zur Verf\u00fcgung stellen kann, haben die Betriebe die Kosten f\u00fcr die Anschaffung zu tragen.<\/p>\n<p>\u00c4hnlich steht es mit den Schulmaterialkosten: \u00abBetriebe sollten nicht nur f\u00fcr B\u00fccher oder andere physische Materialien aufkommen, sondern auch digitale Lernplattformen unterst\u00fctzen\u00bb, sagt Albrecht. \u00abLeider geben 27.6% der Befragten an, dass ihr Betrieb kein einziges Schulmaterial bezahlt hat.\u00bb Bei weiteren 32% der Lernenden trugen die Betriebe die Kosten teilweise. Weniger als die H\u00e4lfte der Betriebe (40.5%) hat die gesamten Schulmaterialkosten \u00fcbernommen.<\/p>\n<h3><strong>Betriebe m\u00fcssen ihre F\u00fcrsorgepflicht wahrnehmen <\/strong><\/h3>\n<p>F\u00fcr den Kaufm\u00e4nnischen Verband Schweiz besteht grosser Handlungsbedarf, vor allem hinsichtlich der neuen reformierten KV-Lehre. Lernende, die im Sommer 2024 ihre Ausbildung beginnen, m\u00fcssen die Abschlusspr\u00fcfungen alle unter der neuen BYOD-Policy antreten. Albrecht appelliert: \u00abWir fordern Betriebe auf, ihre F\u00fcrsorgepflicht entsprechend wahrzunehmen: L\u00f6hne von Berufseinsteiger:innen m\u00fcssen angehoben und \u00dcberstunden w\u00e4hrend der Lehre sollten, wenn immer m\u00f6glich, verhindert werden. Wenn Letztere nicht vermieden werden k\u00f6nnen, m\u00fcssen sie zwingend kompensiert oder ausbezahlt werden. Die Finanzierung von Schulmaterialien und BYOD-Ger\u00e4ten muss sichergestellt werden. Nur so kann garantiert werden, dass Jugendliche aus allen sozialen Schichten eine faire Chance auf eine KV-Lehre haben.\u00bb Um die BYOD-Situation zu kl\u00e4ren und zu verbessern, hat der Kaufm\u00e4nnische Verband Schweiz das Staatssekretariat f\u00fcr Bildung, Forschung und Innovation SBFI angeschrieben und um eine Stellungnahme gebeten.<\/p>\n<p><em>Quelle: <a href=\"http:\/\/www.kfmv.ch\">www.kfmv.ch<\/a><\/em><\/p>\n","protected":false},"excerpt":{"rendered":"<p>Die Lehrabg\u00e4nger:innen-Umfrage 2023 des Kaufm\u00e4nnischen Verbands Schweiz hat gezeigt, dass die \u00fcberw\u00e4ltigende Mehrheit der Befragten (92.8%) die kaufm\u00e4nnische Ausbildung positiv bewertet und sich gut auf den Arbeitsmarkt vorbereitet f\u00fchlt. <\/p>\n","protected":false},"author":58,"featured_media":26552,"comment_status":"closed","ping_status":"closed","sticky":false,"template":"","format":"standard","meta":{"_acf_changed":false,"_yoast_wpseo_focuskw":"KV-Lehre","_yoast_wpseo_metadesc":"Die Lehrabg\u00e4nger:innen-Umfrage 2023 des Kaufm\u00e4nnischen Verbands Schweiz hat gezeigt, dass die Mehrheit der Befragten (92.8%) die kaufm\u00e4nnische Ausbildung positiv bewertet und sich gut vorbereitet f\u00fchlt.","articlekey":"","footnotes":""},"categories":[30],"tags":[4101,3864,424,487,492],"class_list":["post-26549","post","type-post","status-publish","format-standard","has-post-thumbnail","hentry","category-weiterbildung","tag-aus-und-weiterbildung","tag-kv-lehre","tag-schweiz","tag-umfrage","tag-unternehmen"],"acf":[],"yoast_head":"<!-- This site is optimized with the Yoast SEO plugin v27.4 - https:\/\/yoast.com\/product\/yoast-seo-wordpress\/ -->\n<title>Lehrabg\u00e4nger:innen-Umfrage: Betriebe m\u00fcssen ihre F\u00fcrsorgepflicht wahrnehmen - Organisator<\/title>\n<meta name=\"description\" content=\"Die Lehrabg\u00e4nger:innen-Umfrage 2023 des Kaufm\u00e4nnischen Verbands Schweiz hat gezeigt, dass die Mehrheit der Befragten (92.8%) die kaufm\u00e4nnische Ausbildung positiv bewertet und sich gut vorbereitet f\u00fchlt.\" \/>\n<meta name=\"robots\" content=\"index, follow, max-snippet:-1, max-image-preview:large, max-video-preview:-1\" \/>\n<link rel=\"canonical\" href=\"https:\/\/www.organisator.ch\/de\/weiterbildung\/2024-04-16\/lehrabgaengerinnen-umfrage-betriebe-muessen-ihre-fuersorgepflicht-wahrnehmen\/\" \/>\n<meta property=\"og:locale\" content=\"de_DE\" \/>\n<meta property=\"og:type\" content=\"article\" \/>\n<meta property=\"og:title\" content=\"Lehrabg\u00e4nger:innen-Umfrage: Betriebe m\u00fcssen ihre F\u00fcrsorgepflicht wahrnehmen\" \/>\n<meta property=\"og:description\" content=\"Die Lehrabg\u00e4nger:innen-Umfrage 2023 des Kaufm\u00e4nnischen Verbands Schweiz hat gezeigt, dass die Mehrheit der Befragten (92.8%) die kaufm\u00e4nnische Ausbildung positiv bewertet und sich gut vorbereitet f\u00fchlt.\" \/>\n<meta property=\"og:url\" content=\"https:\/\/www.organisator.ch\/de\/weiterbildung\/2024-04-16\/lehrabgaengerinnen-umfrage-betriebe-muessen-ihre-fuersorgepflicht-wahrnehmen\/\" \/>\n<meta property=\"og:site_name\" content=\"Organisator\" \/>\n<meta property=\"article:publisher\" content=\"https:\/\/www.facebook.com\/OrganisatorFachmagazin\" \/>\n<meta property=\"article:published_time\" content=\"2024-04-16T08:44:59+00:00\" \/>\n<meta property=\"og:image\" content=\"https:\/\/www.organisator.ch\/wp-content\/uploads\/2024\/04\/KV_Bild1_ps.jpg\" \/>\n\t<meta property=\"og:image:width\" content=\"680\" \/>\n\t<meta property=\"og:image:height\" content=\"454\" \/>\n\t<meta property=\"og:image:type\" content=\"image\/jpeg\" \/>\n<meta name=\"author\" content=\"Adelisa Kalajdzini\" \/>\n<meta name=\"twitter:card\" content=\"summary_large_image\" \/>\n<meta name=\"twitter:title\" content=\"Lehrabg\u00e4nger:innen-Umfrage: Betriebe m\u00fcssen ihre F\u00fcrsorgepflicht wahrnehmen\" \/>\n<meta name=\"twitter:description\" content=\"Die #Lehrabg\u00e4nger:innen-Umfrage 2023 des #Kaufm\u00e4nnischen #Verbands #Schweiz hat gezeigt, dass die Mehrheit der Befragten (92.8%) die kaufm\u00e4nnische #Ausbildung positiv bewertet und sich gut vorbereitet f\u00fchlt.\" \/>\n<meta name=\"twitter:image\" content=\"https:\/\/www.organisator.ch\/wp-content\/uploads\/2024\/04\/KV_Bild1_ps.jpg\" \/>\n<script type=\"application\/ld+json\" class=\"yoast-schema-graph\">{\"@context\":\"https:\\\/\\\/schema.org\",\"@graph\":[{\"@type\":\"Article\",\"@id\":\"https:\\\/\\\/www.organisator.ch\\\/weiterbildung\\\/2024-04-16\\\/lehrabgaengerinnen-umfrage-betriebe-muessen-ihre-fuersorgepflicht-wahrnehmen\\\/#article\",\"isPartOf\":{\"@id\":\"https:\\\/\\\/www.organisator.ch\\\/weiterbildung\\\/2024-04-16\\\/lehrabgaengerinnen-umfrage-betriebe-muessen-ihre-fuersorgepflicht-wahrnehmen\\\/\"},\"author\":{\"name\":\"Adelisa Kalajdzini\",\"@id\":\"https:\\\/\\\/www.organisator.ch\\\/#\\\/schema\\\/person\\\/2e1314a2172123f874db408d8911d3f3\"},\"headline\":\"Lehrabg\u00e4nger:innen-Umfrage: Betriebe m\u00fcssen ihre F\u00fcrsorgepflicht wahrnehmen\",\"datePublished\":\"2024-04-16T08:44:59+00:00\",\"mainEntityOfPage\":{\"@id\":\"https:\\\/\\\/www.organisator.ch\\\/weiterbildung\\\/2024-04-16\\\/lehrabgaengerinnen-umfrage-betriebe-muessen-ihre-fuersorgepflicht-wahrnehmen\\\/\"},\"wordCount\":970,\"publisher\":{\"@id\":\"https:\\\/\\\/www.organisator.ch\\\/#organization\"},\"image\":{\"@id\":\"https:\\\/\\\/www.organisator.ch\\\/weiterbildung\\\/2024-04-16\\\/lehrabgaengerinnen-umfrage-betriebe-muessen-ihre-fuersorgepflicht-wahrnehmen\\\/#primaryimage\"},\"thumbnailUrl\":\"https:\\\/\\\/www.organisator.ch\\\/wp-content\\\/uploads\\\/2024\\\/04\\\/KV_Bild1_ps.jpg\",\"keywords\":[\"Aus- und Weiterbildung\",\"KV-Lehre\",\"Schweiz\",\"Umfrage\",\"Unternehmen\"],\"articleSection\":[\"WEITERBILDUNG\"],\"inLanguage\":\"de\"},{\"@type\":\"WebPage\",\"@id\":\"https:\\\/\\\/www.organisator.ch\\\/weiterbildung\\\/2024-04-16\\\/lehrabgaengerinnen-umfrage-betriebe-muessen-ihre-fuersorgepflicht-wahrnehmen\\\/\",\"url\":\"https:\\\/\\\/www.organisator.ch\\\/weiterbildung\\\/2024-04-16\\\/lehrabgaengerinnen-umfrage-betriebe-muessen-ihre-fuersorgepflicht-wahrnehmen\\\/\",\"name\":\"Lehrabg\u00e4nger:innen-Umfrage: Betriebe m\u00fcssen ihre F\u00fcrsorgepflicht wahrnehmen - Organisator\",\"isPartOf\":{\"@id\":\"https:\\\/\\\/www.organisator.ch\\\/#website\"},\"primaryImageOfPage\":{\"@id\":\"https:\\\/\\\/www.organisator.ch\\\/weiterbildung\\\/2024-04-16\\\/lehrabgaengerinnen-umfrage-betriebe-muessen-ihre-fuersorgepflicht-wahrnehmen\\\/#primaryimage\"},\"image\":{\"@id\":\"https:\\\/\\\/www.organisator.ch\\\/weiterbildung\\\/2024-04-16\\\/lehrabgaengerinnen-umfrage-betriebe-muessen-ihre-fuersorgepflicht-wahrnehmen\\\/#primaryimage\"},\"thumbnailUrl\":\"https:\\\/\\\/www.organisator.ch\\\/wp-content\\\/uploads\\\/2024\\\/04\\\/KV_Bild1_ps.jpg\",\"datePublished\":\"2024-04-16T08:44:59+00:00\",\"description\":\"Die Lehrabg\u00e4nger:innen-Umfrage 2023 des Kaufm\u00e4nnischen Verbands Schweiz hat gezeigt, dass die Mehrheit der Befragten (92.8%) die kaufm\u00e4nnische Ausbildung positiv bewertet und sich gut vorbereitet f\u00fchlt.\",\"breadcrumb\":{\"@id\":\"https:\\\/\\\/www.organisator.ch\\\/weiterbildung\\\/2024-04-16\\\/lehrabgaengerinnen-umfrage-betriebe-muessen-ihre-fuersorgepflicht-wahrnehmen\\\/#breadcrumb\"},\"inLanguage\":\"de\",\"potentialAction\":[{\"@type\":\"ReadAction\",\"target\":[\"https:\\\/\\\/www.organisator.ch\\\/weiterbildung\\\/2024-04-16\\\/lehrabgaengerinnen-umfrage-betriebe-muessen-ihre-fuersorgepflicht-wahrnehmen\\\/\"]}]},{\"@type\":\"ImageObject\",\"inLanguage\":\"de\",\"@id\":\"https:\\\/\\\/www.organisator.ch\\\/weiterbildung\\\/2024-04-16\\\/lehrabgaengerinnen-umfrage-betriebe-muessen-ihre-fuersorgepflicht-wahrnehmen\\\/#primaryimage\",\"url\":\"https:\\\/\\\/www.organisator.ch\\\/wp-content\\\/uploads\\\/2024\\\/04\\\/KV_Bild1_ps.jpg\",\"contentUrl\":\"https:\\\/\\\/www.organisator.ch\\\/wp-content\\\/uploads\\\/2024\\\/04\\\/KV_Bild1_ps.jpg\",\"width\":680,\"height\":454,\"caption\":\"Mit rund 12 500 Absolvierenden pro Jahr ist die KV-Lehre die beliebteste Grundbildung der Schweiz. (Bild: Kaufm\u00e4nnischer Verband Schweiz\\\/Merlin Photography Ltd.)\"},{\"@type\":\"BreadcrumbList\",\"@id\":\"https:\\\/\\\/www.organisator.ch\\\/weiterbildung\\\/2024-04-16\\\/lehrabgaengerinnen-umfrage-betriebe-muessen-ihre-fuersorgepflicht-wahrnehmen\\\/#breadcrumb\",\"itemListElement\":[{\"@type\":\"ListItem\",\"position\":1,\"name\":\"Home\",\"item\":\"https:\\\/\\\/www.organisator.ch\\\/\"},{\"@type\":\"ListItem\",\"position\":2,\"name\":\"Lehrabg\u00e4nger:innen-Umfrage: Betriebe m\u00fcssen ihre F\u00fcrsorgepflicht wahrnehmen\"}]},{\"@type\":\"WebSite\",\"@id\":\"https:\\\/\\\/www.organisator.ch\\\/#website\",\"url\":\"https:\\\/\\\/www.organisator.ch\\\/\",\"name\":\"Organisator\",\"description\":\"Kompetent. Praxisnah. Der ORGANISATOR bereitet in 10 Ausgaben pro Jahr die wesentlichen Themen f\u00fcr F\u00fchrungskr\u00e4fte von KMU auf.\",\"publisher\":{\"@id\":\"https:\\\/\\\/www.organisator.ch\\\/#organization\"},\"potentialAction\":[{\"@type\":\"SearchAction\",\"target\":{\"@type\":\"EntryPoint\",\"urlTemplate\":\"https:\\\/\\\/www.organisator.ch\\\/?s={search_term_string}\"},\"query-input\":{\"@type\":\"PropertyValueSpecification\",\"valueRequired\":true,\"valueName\":\"search_term_string\"}}],\"inLanguage\":\"de\"},{\"@type\":\"Organization\",\"@id\":\"https:\\\/\\\/www.organisator.ch\\\/#organization\",\"name\":\"Organisator\",\"url\":\"https:\\\/\\\/www.organisator.ch\\\/\",\"logo\":{\"@type\":\"ImageObject\",\"inLanguage\":\"de\",\"@id\":\"https:\\\/\\\/www.organisator.ch\\\/#\\\/schema\\\/logo\\\/image\\\/\",\"url\":\"https:\\\/\\\/www.organisator.ch\\\/wp-content\\\/uploads\\\/2022\\\/01\\\/Logo_Organisator_Website.png\",\"contentUrl\":\"https:\\\/\\\/www.organisator.ch\\\/wp-content\\\/uploads\\\/2022\\\/01\\\/Logo_Organisator_Website.png\",\"width\":800,\"height\":77,\"caption\":\"Organisator\"},\"image\":{\"@id\":\"https:\\\/\\\/www.organisator.ch\\\/#\\\/schema\\\/logo\\\/image\\\/\"},\"sameAs\":[\"https:\\\/\\\/www.facebook.com\\\/OrganisatorFachmagazin\",\"https:\\\/\\\/www.linkedin.com\\\/showcase\\\/organisator-das-magazin-fr-kmu\",\"https:\\\/\\\/www.xing.com\\\/news\\\/pages\\\/organisator-ch-695\",\"https:\\\/\\\/www.youtube.com\\\/channel\\\/UCGP2Sq0iWaZwT3BdIAQFYpw\"]},{\"@type\":\"Person\",\"@id\":\"https:\\\/\\\/www.organisator.ch\\\/#\\\/schema\\\/person\\\/2e1314a2172123f874db408d8911d3f3\",\"name\":\"Adelisa Kalajdzini\",\"image\":{\"@type\":\"ImageObject\",\"inLanguage\":\"de\",\"@id\":\"https:\\\/\\\/secure.gravatar.com\\\/avatar\\\/09a397c22ac58cad6f160ee8306348599df9df58a8ede73696226897b9fa4b24?s=96&d=mm&r=g\",\"url\":\"https:\\\/\\\/secure.gravatar.com\\\/avatar\\\/09a397c22ac58cad6f160ee8306348599df9df58a8ede73696226897b9fa4b24?s=96&d=mm&r=g\",\"contentUrl\":\"https:\\\/\\\/secure.gravatar.com\\\/avatar\\\/09a397c22ac58cad6f160ee8306348599df9df58a8ede73696226897b9fa4b24?s=96&d=mm&r=g\",\"caption\":\"Adelisa Kalajdzini\"},\"url\":\"https:\\\/\\\/www.organisator.ch\\\/de\\\/author\\\/adelisa-kalajdzini\\\/\"}]}<\/script>\n<!-- \/ Yoast SEO plugin. -->","yoast_head_json":{"title":"Lehrabg\u00e4nger:innen-Umfrage: Betriebe m\u00fcssen ihre F\u00fcrsorgepflicht wahrnehmen - Organisator","description":"Die Lehrabg\u00e4nger:innen-Umfrage 2023 des Kaufm\u00e4nnischen Verbands Schweiz hat gezeigt, dass die Mehrheit der Befragten (92.8%) die kaufm\u00e4nnische Ausbildung positiv bewertet und sich gut vorbereitet f\u00fchlt.","robots":{"index":"index","follow":"follow","max-snippet":"max-snippet:-1","max-image-preview":"max-image-preview:large","max-video-preview":"max-video-preview:-1"},"canonical":"https:\/\/www.organisator.ch\/de\/weiterbildung\/2024-04-16\/lehrabgaengerinnen-umfrage-betriebe-muessen-ihre-fuersorgepflicht-wahrnehmen\/","og_locale":"de_DE","og_type":"article","og_title":"Lehrabg\u00e4nger:innen-Umfrage: Betriebe m\u00fcssen ihre F\u00fcrsorgepflicht wahrnehmen","og_description":"Die Lehrabg\u00e4nger:innen-Umfrage 2023 des Kaufm\u00e4nnischen Verbands Schweiz hat gezeigt, dass die Mehrheit der Befragten (92.8%) die kaufm\u00e4nnische Ausbildung positiv bewertet und sich gut vorbereitet f\u00fchlt.","og_url":"https:\/\/www.organisator.ch\/de\/weiterbildung\/2024-04-16\/lehrabgaengerinnen-umfrage-betriebe-muessen-ihre-fuersorgepflicht-wahrnehmen\/","og_site_name":"Organisator","article_publisher":"https:\/\/www.facebook.com\/OrganisatorFachmagazin","article_published_time":"2024-04-16T08:44:59+00:00","og_image":[{"width":680,"height":454,"url":"https:\/\/www.organisator.ch\/wp-content\/uploads\/2024\/04\/KV_Bild1_ps.jpg","type":"image\/jpeg"}],"author":"Adelisa Kalajdzini","twitter_card":"summary_large_image","twitter_title":"Lehrabg\u00e4nger:innen-Umfrage: Betriebe m\u00fcssen ihre F\u00fcrsorgepflicht wahrnehmen","twitter_description":"Die #Lehrabg\u00e4nger:innen-Umfrage 2023 des #Kaufm\u00e4nnischen #Verbands #Schweiz hat gezeigt, dass die Mehrheit der Befragten (92.8%) die kaufm\u00e4nnische #Ausbildung positiv bewertet und sich gut vorbereitet f\u00fchlt.","twitter_image":"https:\/\/www.organisator.ch\/wp-content\/uploads\/2024\/04\/KV_Bild1_ps.jpg","schema":{"@context":"https:\/\/schema.org","@graph":[{"@type":"Article","@id":"https:\/\/www.organisator.ch\/weiterbildung\/2024-04-16\/lehrabgaengerinnen-umfrage-betriebe-muessen-ihre-fuersorgepflicht-wahrnehmen\/#article","isPartOf":{"@id":"https:\/\/www.organisator.ch\/weiterbildung\/2024-04-16\/lehrabgaengerinnen-umfrage-betriebe-muessen-ihre-fuersorgepflicht-wahrnehmen\/"},"author":{"name":"Adelisa Kalajdzini","@id":"https:\/\/www.organisator.ch\/#\/schema\/person\/2e1314a2172123f874db408d8911d3f3"},"headline":"Lehrabg\u00e4nger:innen-Umfrage: Betriebe m\u00fcssen ihre F\u00fcrsorgepflicht wahrnehmen","datePublished":"2024-04-16T08:44:59+00:00","mainEntityOfPage":{"@id":"https:\/\/www.organisator.ch\/weiterbildung\/2024-04-16\/lehrabgaengerinnen-umfrage-betriebe-muessen-ihre-fuersorgepflicht-wahrnehmen\/"},"wordCount":970,"publisher":{"@id":"https:\/\/www.organisator.ch\/#organization"},"image":{"@id":"https:\/\/www.organisator.ch\/weiterbildung\/2024-04-16\/lehrabgaengerinnen-umfrage-betriebe-muessen-ihre-fuersorgepflicht-wahrnehmen\/#primaryimage"},"thumbnailUrl":"https:\/\/www.organisator.ch\/wp-content\/uploads\/2024\/04\/KV_Bild1_ps.jpg","keywords":["Aus- und Weiterbildung","KV-Lehre","Schweiz","Umfrage","Unternehmen"],"articleSection":["WEITERBILDUNG"],"inLanguage":"de"},{"@type":"WebPage","@id":"https:\/\/www.organisator.ch\/weiterbildung\/2024-04-16\/lehrabgaengerinnen-umfrage-betriebe-muessen-ihre-fuersorgepflicht-wahrnehmen\/","url":"https:\/\/www.organisator.ch\/weiterbildung\/2024-04-16\/lehrabgaengerinnen-umfrage-betriebe-muessen-ihre-fuersorgepflicht-wahrnehmen\/","name":"Lehrabg\u00e4nger:innen-Umfrage: Betriebe m\u00fcssen ihre F\u00fcrsorgepflicht wahrnehmen - Organisator","isPartOf":{"@id":"https:\/\/www.organisator.ch\/#website"},"primaryImageOfPage":{"@id":"https:\/\/www.organisator.ch\/weiterbildung\/2024-04-16\/lehrabgaengerinnen-umfrage-betriebe-muessen-ihre-fuersorgepflicht-wahrnehmen\/#primaryimage"},"image":{"@id":"https:\/\/www.organisator.ch\/weiterbildung\/2024-04-16\/lehrabgaengerinnen-umfrage-betriebe-muessen-ihre-fuersorgepflicht-wahrnehmen\/#primaryimage"},"thumbnailUrl":"https:\/\/www.organisator.ch\/wp-content\/uploads\/2024\/04\/KV_Bild1_ps.jpg","datePublished":"2024-04-16T08:44:59+00:00","description":"Die Lehrabg\u00e4nger:innen-Umfrage 2023 des Kaufm\u00e4nnischen Verbands Schweiz hat gezeigt, dass die Mehrheit der Befragten (92.8%) die kaufm\u00e4nnische Ausbildung positiv bewertet und sich gut vorbereitet f\u00fchlt.","breadcrumb":{"@id":"https:\/\/www.organisator.ch\/weiterbildung\/2024-04-16\/lehrabgaengerinnen-umfrage-betriebe-muessen-ihre-fuersorgepflicht-wahrnehmen\/#breadcrumb"},"inLanguage":"de","potentialAction":[{"@type":"ReadAction","target":["https:\/\/www.organisator.ch\/weiterbildung\/2024-04-16\/lehrabgaengerinnen-umfrage-betriebe-muessen-ihre-fuersorgepflicht-wahrnehmen\/"]}]},{"@type":"ImageObject","inLanguage":"de","@id":"https:\/\/www.organisator.ch\/weiterbildung\/2024-04-16\/lehrabgaengerinnen-umfrage-betriebe-muessen-ihre-fuersorgepflicht-wahrnehmen\/#primaryimage","url":"https:\/\/www.organisator.ch\/wp-content\/uploads\/2024\/04\/KV_Bild1_ps.jpg","contentUrl":"https:\/\/www.organisator.ch\/wp-content\/uploads\/2024\/04\/KV_Bild1_ps.jpg","width":680,"height":454,"caption":"Mit rund 12 500 Absolvierenden pro Jahr ist die KV-Lehre die beliebteste Grundbildung der Schweiz. (Bild: Kaufm\u00e4nnischer Verband Schweiz\/Merlin Photography Ltd.)"},{"@type":"BreadcrumbList","@id":"https:\/\/www.organisator.ch\/weiterbildung\/2024-04-16\/lehrabgaengerinnen-umfrage-betriebe-muessen-ihre-fuersorgepflicht-wahrnehmen\/#breadcrumb","itemListElement":[{"@type":"ListItem","position":1,"name":"Home","item":"https:\/\/www.organisator.ch\/"},{"@type":"ListItem","position":2,"name":"Lehrabg\u00e4nger:innen-Umfrage: Betriebe m\u00fcssen ihre F\u00fcrsorgepflicht wahrnehmen"}]},{"@type":"WebSite","@id":"https:\/\/www.organisator.ch\/#website","url":"https:\/\/www.organisator.ch\/","name":"Organisator","description":"Kompetent. Praxisnah. Der ORGANISATOR bereitet in 10 Ausgaben pro Jahr die wesentlichen Themen f\u00fcr F\u00fchrungskr\u00e4fte von KMU auf.","publisher":{"@id":"https:\/\/www.organisator.ch\/#organization"},"potentialAction":[{"@type":"SearchAction","target":{"@type":"EntryPoint","urlTemplate":"https:\/\/www.organisator.ch\/?s={search_term_string}"},"query-input":{"@type":"PropertyValueSpecification","valueRequired":true,"valueName":"search_term_string"}}],"inLanguage":"de"},{"@type":"Organization","@id":"https:\/\/www.organisator.ch\/#organization","name":"Organisator","url":"https:\/\/www.organisator.ch\/","logo":{"@type":"ImageObject","inLanguage":"de","@id":"https:\/\/www.organisator.ch\/#\/schema\/logo\/image\/","url":"https:\/\/www.organisator.ch\/wp-content\/uploads\/2022\/01\/Logo_Organisator_Website.png","contentUrl":"https:\/\/www.organisator.ch\/wp-content\/uploads\/2022\/01\/Logo_Organisator_Website.png","width":800,"height":77,"caption":"Organisator"},"image":{"@id":"https:\/\/www.organisator.ch\/#\/schema\/logo\/image\/"},"sameAs":["https:\/\/www.facebook.com\/OrganisatorFachmagazin","https:\/\/www.linkedin.com\/showcase\/organisator-das-magazin-fr-kmu","https:\/\/www.xing.com\/news\/pages\/organisator-ch-695","https:\/\/www.youtube.com\/channel\/UCGP2Sq0iWaZwT3BdIAQFYpw"]},{"@type":"Person","@id":"https:\/\/www.organisator.ch\/#\/schema\/person\/2e1314a2172123f874db408d8911d3f3","name":"Adelisa Kalajdzini","image":{"@type":"ImageObject","inLanguage":"de","@id":"https:\/\/secure.gravatar.com\/avatar\/09a397c22ac58cad6f160ee8306348599df9df58a8ede73696226897b9fa4b24?s=96&d=mm&r=g","url":"https:\/\/secure.gravatar.com\/avatar\/09a397c22ac58cad6f160ee8306348599df9df58a8ede73696226897b9fa4b24?s=96&d=mm&r=g","contentUrl":"https:\/\/secure.gravatar.com\/avatar\/09a397c22ac58cad6f160ee8306348599df9df58a8ede73696226897b9fa4b24?s=96&d=mm&r=g","caption":"Adelisa Kalajdzini"},"url":"https:\/\/www.organisator.ch\/de\/author\/adelisa-kalajdzini\/"}]}},"_links":{"self":[{"href":"https:\/\/www.organisator.ch\/de\/wp-json\/wp\/v2\/posts\/26549","targetHints":{"allow":["GET"]}}],"collection":[{"href":"https:\/\/www.organisator.ch\/de\/wp-json\/wp\/v2\/posts"}],"about":[{"href":"https:\/\/www.organisator.ch\/de\/wp-json\/wp\/v2\/types\/post"}],"author":[{"embeddable":true,"href":"https:\/\/www.organisator.ch\/de\/wp-json\/wp\/v2\/users\/58"}],"replies":[{"embeddable":true,"href":"https:\/\/www.organisator.ch\/de\/wp-json\/wp\/v2\/comments?post=26549"}],"version-history":[{"count":4,"href":"https:\/\/www.organisator.ch\/de\/wp-json\/wp\/v2\/posts\/26549\/revisions"}],"predecessor-version":[{"id":26577,"href":"https:\/\/www.organisator.ch\/de\/wp-json\/wp\/v2\/posts\/26549\/revisions\/26577"}],"wp:featuredmedia":[{"embeddable":true,"href":"https:\/\/www.organisator.ch\/de\/wp-json\/wp\/v2\/media\/26552"}],"wp:attachment":[{"href":"https:\/\/www.organisator.ch\/de\/wp-json\/wp\/v2\/media?parent=26549"}],"wp:term":[{"taxonomy":"category","embeddable":true,"href":"https:\/\/www.organisator.ch\/de\/wp-json\/wp\/v2\/categories?post=26549"},{"taxonomy":"post_tag","embeddable":true,"href":"https:\/\/www.organisator.ch\/de\/wp-json\/wp\/v2\/tags?post=26549"}],"curies":[{"name":"wp","href":"https:\/\/api.w.org\/{rel}","templated":true}]}}