{"id":26672,"date":"2024-04-23T07:24:21","date_gmt":"2024-04-23T05:24:21","guid":{"rendered":"https:\/\/www.organisator.ch\/?p=26672"},"modified":"2024-04-22T15:24:38","modified_gmt":"2024-04-22T13:24:38","slug":"im-professionellen-setting-stoert-auch-junge-das-du","status":"publish","type":"post","link":"https:\/\/www.organisator.ch\/de\/human-resources\/2024-04-23\/im-professionellen-setting-stoert-auch-junge-das-du\/","title":{"rendered":"Im professionellen Setting st\u00f6rt auch Junge das \u00abDu\u00bb"},"content":{"rendered":"<figure id=\"attachment_26673\" aria-describedby=\"caption-attachment-26673\" style=\"width: 680px\" class=\"wp-caption alignnone\"><img loading=\"lazy\" decoding=\"async\" class=\"size-full wp-image-26673\" src=\"https:\/\/www.organisator.ch\/wp-content\/uploads\/2024\/04\/Axa-Studie_Bild1_ps.jpg\" alt=\"\" width=\"680\" height=\"454\" srcset=\"https:\/\/www.organisator.ch\/wp-content\/uploads\/2024\/04\/Axa-Studie_Bild1_ps.jpg 680w, https:\/\/www.organisator.ch\/wp-content\/uploads\/2024\/04\/Axa-Studie_Bild1_ps-18x12.jpg 18w, https:\/\/www.organisator.ch\/wp-content\/uploads\/2024\/04\/Axa-Studie_Bild1_ps-375x250.jpg 375w, https:\/\/www.organisator.ch\/wp-content\/uploads\/2024\/04\/Axa-Studie_Bild1_ps-524x350.jpg 524w\" sizes=\"auto, (max-width: 680px) 100vw, 680px\" \/><figcaption id=\"caption-attachment-26673\" class=\"wp-caption-text\">J\u00fcngere Personen stehen dem Duzen generell offener gegen\u00fcber als \u00e4ltere. (Bild: www.depositphotos.com)<\/figcaption><\/figure>\n<p>Wenig \u00fcberraschend unterscheiden sich die Haltungen zwischen den Altersgruppen bei der Frage, ob in der Kommunikation zwischen Unternehmen und Privatpersonen geduzt oder gesiezt werden soll. J\u00fcngere Personen stehen dem Duzen generell offener gegen\u00fcber als \u00e4ltere. Die AXA Studie best\u00e4tigt auch die regional unterschiedlichen Pr\u00e4ferenzen: In der Deutschschweiz ist das Duzen deutlich beliebter als in der Romandie und im Tessin.<\/p>\n<h3><strong>Das Setting ist entscheidender als das Alter<\/strong><\/h3>\n<p>Der st\u00e4rkste Einflussfaktor auf die pers\u00f6nliche Haltung zum Duzen ist allerdings nicht das Alter, sondern der Kommunikationskontext. Das Setting soll kollegial, ungezwungen und sportlich sein, damit das Du als passend erachtet wird. Konkret bedeutet dies, dass gerade einmal jede zwanzigste Person im Sportverein gerne gesiezt w\u00fcrde, w\u00e4hrend es am Take-Away-Stand bereits jede f\u00fcnfte Person, an der Kasse des Lebensmittelgesch\u00e4fts fast jede zweite und am Bankschalter zwei Drittel aller Personen sind.\u00a0<\/p>\n<figure id=\"attachment_26675\" aria-describedby=\"caption-attachment-26675\" style=\"width: 680px\" class=\"wp-caption alignnone\"><img loading=\"lazy\" decoding=\"async\" class=\"size-full wp-image-26675\" src=\"https:\/\/www.organisator.ch\/wp-content\/uploads\/2024\/04\/Axa-Studie_Bild2_ps.jpg\" alt=\"\" width=\"680\" height=\"379\" srcset=\"https:\/\/www.organisator.ch\/wp-content\/uploads\/2024\/04\/Axa-Studie_Bild2_ps.jpg 680w, https:\/\/www.organisator.ch\/wp-content\/uploads\/2024\/04\/Axa-Studie_Bild2_ps-18x10.jpg 18w, https:\/\/www.organisator.ch\/wp-content\/uploads\/2024\/04\/Axa-Studie_Bild2_ps-375x209.jpg 375w, https:\/\/www.organisator.ch\/wp-content\/uploads\/2024\/04\/Axa-Studie_Bild2_ps-628x350.jpg 628w\" sizes=\"auto, (max-width: 680px) 100vw, 680px\" \/><figcaption id=\"caption-attachment-26675\" class=\"wp-caption-text\"><br \/>\n(Bild: www.axa.ch)<\/figcaption><\/figure>\n<h3><strong>Duzen als Zeichen von Unprofessionalit\u00e4t<\/strong><\/h3>\n<p>Das Du, das sich in immer mehr Lebensbereichen etabliert hat, wird mit zunehmender Seriosit\u00e4t des Kontexts insbesondere von der j\u00fcngsten Testgruppe, den 15- bis 29-J\u00e4hrigen, abgelehnt \u2013 signifikant h\u00e4ufiger als die 30- bis 70-J\u00e4hrigen empfinden sie das Duzen in formelleren Kontexten als unprofessionell. \u00c4ltere Menschen lehnen das Du in professionellen Kontexten prim\u00e4r aus Gr\u00fcnden des Respekts ab und sehen das Duzen privaten und pers\u00f6nlichen Kontexten vorbehalten. Aufdringlich oder unanst\u00e4ndig ist das Duzen im Allgemeinen nur f\u00fcr die wenigsten Personen \u2013 \u00fcber alle Altersgruppen hinweg.<\/p>\n<p>Deutlichere Altersunterschiede zeigen sich wiederum bei der allgemeinen Haltung zum Siezen. Mit zunehmendem Alter sinkt der Anteil der Personen, welche die Siez-Kultur f\u00fcr veraltet halten. \u00dcber alle Befragten hinweg erachten knapp ein F\u00fcnftel die Siez-Kultur als veraltet, rund ein Drittel ist gegenteiliger Meinung. Ein Alterseffekt zeigt sich auch bei der Frage, ob es als unanst\u00e4ndig empfunden wird, wenn man von einer j\u00fcngeren Person geduzt wird. \u00c4ltere Menschen st\u00f6rt dies klar h\u00e4ufiger. Einig sind sich die unterschiedlichen Generationen hingegen darin, dass man sich erst duzt, wenn das Gegen\u00fcber das Du angeboten hat.<\/p>\n<p><em>Quelle: <a href=\"http:\/\/www.axa.ch\">www.axa.ch<\/a><\/em><\/p>\n","protected":false},"excerpt":{"rendered":"<p>Die Pr\u00e4ferenz f\u00fcrs Duzen oder Siezen h\u00e4ngt nebst dem Alter und der Sprachregion prim\u00e4r vom Kontext ab, belegt eine neue Studie der AXA. Altersunterschiede zeigen sich allerdings bei den Gr\u00fcnden gegen eine Ansprache per \u00abDu\u00bb. J\u00fcngere empfinden Duzen im formellen Umfeld als unprofessionell, \u00e4ltere Menschen als unh\u00f6flich.<\/p>\n","protected":false},"author":58,"featured_media":26673,"comment_status":"closed","ping_status":"closed","sticky":false,"template":"","format":"standard","meta":{"_acf_changed":false,"_yoast_wpseo_focuskw":"Duzen","_yoast_wpseo_metadesc":"Die Pr\u00e4ferenz f\u00fcrs Duzen oder Siezen h\u00e4ngt nebst dem Alter und der Sprachregion prim\u00e4r vom Kontext ab, belegt eine neue Studie der AXA.","articlekey":"","footnotes":""},"categories":[579],"tags":[3365,3506,424,459],"class_list":["post-26672","post","type-post","status-publish","format-standard","has-post-thumbnail","hentry","category-human-resources","tag-generationen","tag-human-resources","tag-schweiz","tag-studie"],"acf":[],"yoast_head":"<!-- This site is optimized with the Yoast SEO plugin v27.5 - https:\/\/yoast.com\/product\/yoast-seo-wordpress\/ -->\n<title>Im professionellen Setting st\u00f6rt auch Junge das \u00abDu\u00bb - Organisator<\/title>\n<meta name=\"description\" content=\"Die Pr\u00e4ferenz f\u00fcrs Duzen oder Siezen h\u00e4ngt nebst dem Alter und der Sprachregion prim\u00e4r vom Kontext ab, belegt eine neue Studie der AXA.\" \/>\n<meta name=\"robots\" content=\"index, follow, max-snippet:-1, max-image-preview:large, max-video-preview:-1\" \/>\n<link rel=\"canonical\" href=\"https:\/\/www.organisator.ch\/de\/human-resources\/2024-04-23\/im-professionellen-setting-stoert-auch-junge-das-du\/\" \/>\n<meta property=\"og:locale\" content=\"de_DE\" \/>\n<meta property=\"og:type\" content=\"article\" \/>\n<meta property=\"og:title\" content=\"Im professionellen Setting st\u00f6rt auch Junge das \u00abDu\u00bb\" \/>\n<meta property=\"og:description\" content=\"Die Pr\u00e4ferenz f\u00fcrs Duzen oder Siezen h\u00e4ngt nebst dem Alter und der Sprachregion prim\u00e4r vom Kontext ab, belegt eine neue Studie der AXA.\" \/>\n<meta property=\"og:url\" content=\"https:\/\/www.organisator.ch\/de\/human-resources\/2024-04-23\/im-professionellen-setting-stoert-auch-junge-das-du\/\" \/>\n<meta property=\"og:site_name\" content=\"Organisator\" \/>\n<meta property=\"article:publisher\" content=\"https:\/\/www.facebook.com\/OrganisatorFachmagazin\" \/>\n<meta property=\"article:published_time\" content=\"2024-04-23T05:24:21+00:00\" \/>\n<meta property=\"og:image\" content=\"https:\/\/www.organisator.ch\/wp-content\/uploads\/2024\/04\/Axa-Studie_Bild1_ps.jpg\" \/>\n\t<meta property=\"og:image:width\" content=\"680\" \/>\n\t<meta property=\"og:image:height\" content=\"454\" \/>\n\t<meta property=\"og:image:type\" content=\"image\/jpeg\" \/>\n<meta name=\"author\" content=\"Adelisa Kalajdzini\" \/>\n<meta name=\"twitter:card\" content=\"summary_large_image\" \/>\n<meta name=\"twitter:title\" content=\"Im professionellen Setting st\u00f6rt auch Junge das \u00abDu\u00bb\" \/>\n<meta name=\"twitter:description\" content=\"Die Pr\u00e4ferenz f\u00fcrs #Duzen oder Siezen h\u00e4ngt nebst dem #Alter und der #Sprachregion prim\u00e4r vom Kontext ab, belegt eine neue #Studie der #AXA.\" \/>\n<meta name=\"twitter:image\" content=\"https:\/\/www.organisator.ch\/wp-content\/uploads\/2024\/04\/Axa-Studie_Bild1_ps.jpg\" \/>\n<script type=\"application\/ld+json\" class=\"yoast-schema-graph\">{\"@context\":\"https:\\\/\\\/schema.org\",\"@graph\":[{\"@type\":\"Article\",\"@id\":\"https:\\\/\\\/www.organisator.ch\\\/human-resources\\\/2024-04-23\\\/im-professionellen-setting-stoert-auch-junge-das-du\\\/#article\",\"isPartOf\":{\"@id\":\"https:\\\/\\\/www.organisator.ch\\\/human-resources\\\/2024-04-23\\\/im-professionellen-setting-stoert-auch-junge-das-du\\\/\"},\"author\":{\"name\":\"Adelisa Kalajdzini\",\"@id\":\"https:\\\/\\\/www.organisator.ch\\\/#\\\/schema\\\/person\\\/2e1314a2172123f874db408d8911d3f3\"},\"headline\":\"Im professionellen Setting st\u00f6rt auch Junge das \u00abDu\u00bb\",\"datePublished\":\"2024-04-23T05:24:21+00:00\",\"mainEntityOfPage\":{\"@id\":\"https:\\\/\\\/www.organisator.ch\\\/human-resources\\\/2024-04-23\\\/im-professionellen-setting-stoert-auch-junge-das-du\\\/\"},\"wordCount\":389,\"publisher\":{\"@id\":\"https:\\\/\\\/www.organisator.ch\\\/#organization\"},\"image\":{\"@id\":\"https:\\\/\\\/www.organisator.ch\\\/human-resources\\\/2024-04-23\\\/im-professionellen-setting-stoert-auch-junge-das-du\\\/#primaryimage\"},\"thumbnailUrl\":\"https:\\\/\\\/www.organisator.ch\\\/wp-content\\\/uploads\\\/2024\\\/04\\\/Axa-Studie_Bild1_ps.jpg\",\"keywords\":[\"Generationen\",\"Human Resources\",\"Schweiz\",\"Studie\"],\"articleSection\":[\"HUMAN RESOURCES\"],\"inLanguage\":\"de\"},{\"@type\":\"WebPage\",\"@id\":\"https:\\\/\\\/www.organisator.ch\\\/human-resources\\\/2024-04-23\\\/im-professionellen-setting-stoert-auch-junge-das-du\\\/\",\"url\":\"https:\\\/\\\/www.organisator.ch\\\/human-resources\\\/2024-04-23\\\/im-professionellen-setting-stoert-auch-junge-das-du\\\/\",\"name\":\"Im professionellen Setting st\u00f6rt auch Junge das \u00abDu\u00bb - Organisator\",\"isPartOf\":{\"@id\":\"https:\\\/\\\/www.organisator.ch\\\/#website\"},\"primaryImageOfPage\":{\"@id\":\"https:\\\/\\\/www.organisator.ch\\\/human-resources\\\/2024-04-23\\\/im-professionellen-setting-stoert-auch-junge-das-du\\\/#primaryimage\"},\"image\":{\"@id\":\"https:\\\/\\\/www.organisator.ch\\\/human-resources\\\/2024-04-23\\\/im-professionellen-setting-stoert-auch-junge-das-du\\\/#primaryimage\"},\"thumbnailUrl\":\"https:\\\/\\\/www.organisator.ch\\\/wp-content\\\/uploads\\\/2024\\\/04\\\/Axa-Studie_Bild1_ps.jpg\",\"datePublished\":\"2024-04-23T05:24:21+00:00\",\"description\":\"Die Pr\u00e4ferenz f\u00fcrs Duzen oder Siezen h\u00e4ngt nebst dem Alter und der Sprachregion prim\u00e4r vom Kontext ab, belegt eine neue Studie der AXA.\",\"breadcrumb\":{\"@id\":\"https:\\\/\\\/www.organisator.ch\\\/human-resources\\\/2024-04-23\\\/im-professionellen-setting-stoert-auch-junge-das-du\\\/#breadcrumb\"},\"inLanguage\":\"de\",\"potentialAction\":[{\"@type\":\"ReadAction\",\"target\":[\"https:\\\/\\\/www.organisator.ch\\\/human-resources\\\/2024-04-23\\\/im-professionellen-setting-stoert-auch-junge-das-du\\\/\"]}]},{\"@type\":\"ImageObject\",\"inLanguage\":\"de\",\"@id\":\"https:\\\/\\\/www.organisator.ch\\\/human-resources\\\/2024-04-23\\\/im-professionellen-setting-stoert-auch-junge-das-du\\\/#primaryimage\",\"url\":\"https:\\\/\\\/www.organisator.ch\\\/wp-content\\\/uploads\\\/2024\\\/04\\\/Axa-Studie_Bild1_ps.jpg\",\"contentUrl\":\"https:\\\/\\\/www.organisator.ch\\\/wp-content\\\/uploads\\\/2024\\\/04\\\/Axa-Studie_Bild1_ps.jpg\",\"width\":680,\"height\":454,\"caption\":\"J\u00fcngere Personen stehen dem Duzen generell offener gegen\u00fcber als \u00e4ltere. (Bild: www.depositphotos.com)\"},{\"@type\":\"BreadcrumbList\",\"@id\":\"https:\\\/\\\/www.organisator.ch\\\/human-resources\\\/2024-04-23\\\/im-professionellen-setting-stoert-auch-junge-das-du\\\/#breadcrumb\",\"itemListElement\":[{\"@type\":\"ListItem\",\"position\":1,\"name\":\"Home\",\"item\":\"https:\\\/\\\/www.organisator.ch\\\/\"},{\"@type\":\"ListItem\",\"position\":2,\"name\":\"Im professionellen Setting st\u00f6rt auch Junge das \u00abDu\u00bb\"}]},{\"@type\":\"WebSite\",\"@id\":\"https:\\\/\\\/www.organisator.ch\\\/#website\",\"url\":\"https:\\\/\\\/www.organisator.ch\\\/\",\"name\":\"Organisator\",\"description\":\"Kompetent. Praxisnah. Der ORGANISATOR bereitet in 10 Ausgaben pro Jahr die wesentlichen Themen f\u00fcr F\u00fchrungskr\u00e4fte von KMU auf.\",\"publisher\":{\"@id\":\"https:\\\/\\\/www.organisator.ch\\\/#organization\"},\"potentialAction\":[{\"@type\":\"SearchAction\",\"target\":{\"@type\":\"EntryPoint\",\"urlTemplate\":\"https:\\\/\\\/www.organisator.ch\\\/?s={search_term_string}\"},\"query-input\":{\"@type\":\"PropertyValueSpecification\",\"valueRequired\":true,\"valueName\":\"search_term_string\"}}],\"inLanguage\":\"de\"},{\"@type\":\"Organization\",\"@id\":\"https:\\\/\\\/www.organisator.ch\\\/#organization\",\"name\":\"Organisator\",\"url\":\"https:\\\/\\\/www.organisator.ch\\\/\",\"logo\":{\"@type\":\"ImageObject\",\"inLanguage\":\"de\",\"@id\":\"https:\\\/\\\/www.organisator.ch\\\/#\\\/schema\\\/logo\\\/image\\\/\",\"url\":\"https:\\\/\\\/www.organisator.ch\\\/wp-content\\\/uploads\\\/2022\\\/01\\\/Logo_Organisator_Website.png\",\"contentUrl\":\"https:\\\/\\\/www.organisator.ch\\\/wp-content\\\/uploads\\\/2022\\\/01\\\/Logo_Organisator_Website.png\",\"width\":800,\"height\":77,\"caption\":\"Organisator\"},\"image\":{\"@id\":\"https:\\\/\\\/www.organisator.ch\\\/#\\\/schema\\\/logo\\\/image\\\/\"},\"sameAs\":[\"https:\\\/\\\/www.facebook.com\\\/OrganisatorFachmagazin\",\"https:\\\/\\\/www.linkedin.com\\\/showcase\\\/organisator-das-magazin-fr-kmu\",\"https:\\\/\\\/www.xing.com\\\/news\\\/pages\\\/organisator-ch-695\",\"https:\\\/\\\/www.youtube.com\\\/channel\\\/UCGP2Sq0iWaZwT3BdIAQFYpw\"]},{\"@type\":\"Person\",\"@id\":\"https:\\\/\\\/www.organisator.ch\\\/#\\\/schema\\\/person\\\/2e1314a2172123f874db408d8911d3f3\",\"name\":\"Adelisa Kalajdzini\",\"image\":{\"@type\":\"ImageObject\",\"inLanguage\":\"de\",\"@id\":\"https:\\\/\\\/secure.gravatar.com\\\/avatar\\\/09a397c22ac58cad6f160ee8306348599df9df58a8ede73696226897b9fa4b24?s=96&d=mm&r=g\",\"url\":\"https:\\\/\\\/secure.gravatar.com\\\/avatar\\\/09a397c22ac58cad6f160ee8306348599df9df58a8ede73696226897b9fa4b24?s=96&d=mm&r=g\",\"contentUrl\":\"https:\\\/\\\/secure.gravatar.com\\\/avatar\\\/09a397c22ac58cad6f160ee8306348599df9df58a8ede73696226897b9fa4b24?s=96&d=mm&r=g\",\"caption\":\"Adelisa Kalajdzini\"},\"url\":\"https:\\\/\\\/www.organisator.ch\\\/de\\\/author\\\/adelisa-kalajdzini\\\/\"}]}<\/script>\n<!-- \/ Yoast SEO plugin. -->","yoast_head_json":{"title":"Im professionellen Setting st\u00f6rt auch Junge das \u00abDu\u00bb - Organisator","description":"Die Pr\u00e4ferenz f\u00fcrs Duzen oder Siezen h\u00e4ngt nebst dem Alter und der Sprachregion prim\u00e4r vom Kontext ab, belegt eine neue Studie der AXA.","robots":{"index":"index","follow":"follow","max-snippet":"max-snippet:-1","max-image-preview":"max-image-preview:large","max-video-preview":"max-video-preview:-1"},"canonical":"https:\/\/www.organisator.ch\/de\/human-resources\/2024-04-23\/im-professionellen-setting-stoert-auch-junge-das-du\/","og_locale":"de_DE","og_type":"article","og_title":"Im professionellen Setting st\u00f6rt auch Junge das \u00abDu\u00bb","og_description":"Die Pr\u00e4ferenz f\u00fcrs Duzen oder Siezen h\u00e4ngt nebst dem Alter und der Sprachregion prim\u00e4r vom Kontext ab, belegt eine neue Studie der AXA.","og_url":"https:\/\/www.organisator.ch\/de\/human-resources\/2024-04-23\/im-professionellen-setting-stoert-auch-junge-das-du\/","og_site_name":"Organisator","article_publisher":"https:\/\/www.facebook.com\/OrganisatorFachmagazin","article_published_time":"2024-04-23T05:24:21+00:00","og_image":[{"width":680,"height":454,"url":"https:\/\/www.organisator.ch\/wp-content\/uploads\/2024\/04\/Axa-Studie_Bild1_ps.jpg","type":"image\/jpeg"}],"author":"Adelisa Kalajdzini","twitter_card":"summary_large_image","twitter_title":"Im professionellen Setting st\u00f6rt auch Junge das \u00abDu\u00bb","twitter_description":"Die Pr\u00e4ferenz f\u00fcrs #Duzen oder Siezen h\u00e4ngt nebst dem #Alter und der #Sprachregion prim\u00e4r vom Kontext ab, belegt eine neue #Studie der #AXA.","twitter_image":"https:\/\/www.organisator.ch\/wp-content\/uploads\/2024\/04\/Axa-Studie_Bild1_ps.jpg","schema":{"@context":"https:\/\/schema.org","@graph":[{"@type":"Article","@id":"https:\/\/www.organisator.ch\/human-resources\/2024-04-23\/im-professionellen-setting-stoert-auch-junge-das-du\/#article","isPartOf":{"@id":"https:\/\/www.organisator.ch\/human-resources\/2024-04-23\/im-professionellen-setting-stoert-auch-junge-das-du\/"},"author":{"name":"Adelisa Kalajdzini","@id":"https:\/\/www.organisator.ch\/#\/schema\/person\/2e1314a2172123f874db408d8911d3f3"},"headline":"Im professionellen Setting st\u00f6rt auch Junge das \u00abDu\u00bb","datePublished":"2024-04-23T05:24:21+00:00","mainEntityOfPage":{"@id":"https:\/\/www.organisator.ch\/human-resources\/2024-04-23\/im-professionellen-setting-stoert-auch-junge-das-du\/"},"wordCount":389,"publisher":{"@id":"https:\/\/www.organisator.ch\/#organization"},"image":{"@id":"https:\/\/www.organisator.ch\/human-resources\/2024-04-23\/im-professionellen-setting-stoert-auch-junge-das-du\/#primaryimage"},"thumbnailUrl":"https:\/\/www.organisator.ch\/wp-content\/uploads\/2024\/04\/Axa-Studie_Bild1_ps.jpg","keywords":["Generationen","Human Resources","Schweiz","Studie"],"articleSection":["HUMAN RESOURCES"],"inLanguage":"de"},{"@type":"WebPage","@id":"https:\/\/www.organisator.ch\/human-resources\/2024-04-23\/im-professionellen-setting-stoert-auch-junge-das-du\/","url":"https:\/\/www.organisator.ch\/human-resources\/2024-04-23\/im-professionellen-setting-stoert-auch-junge-das-du\/","name":"Im professionellen Setting st\u00f6rt auch Junge das \u00abDu\u00bb - Organisator","isPartOf":{"@id":"https:\/\/www.organisator.ch\/#website"},"primaryImageOfPage":{"@id":"https:\/\/www.organisator.ch\/human-resources\/2024-04-23\/im-professionellen-setting-stoert-auch-junge-das-du\/#primaryimage"},"image":{"@id":"https:\/\/www.organisator.ch\/human-resources\/2024-04-23\/im-professionellen-setting-stoert-auch-junge-das-du\/#primaryimage"},"thumbnailUrl":"https:\/\/www.organisator.ch\/wp-content\/uploads\/2024\/04\/Axa-Studie_Bild1_ps.jpg","datePublished":"2024-04-23T05:24:21+00:00","description":"Die Pr\u00e4ferenz f\u00fcrs Duzen oder Siezen h\u00e4ngt nebst dem Alter und der Sprachregion prim\u00e4r vom Kontext ab, belegt eine neue Studie der AXA.","breadcrumb":{"@id":"https:\/\/www.organisator.ch\/human-resources\/2024-04-23\/im-professionellen-setting-stoert-auch-junge-das-du\/#breadcrumb"},"inLanguage":"de","potentialAction":[{"@type":"ReadAction","target":["https:\/\/www.organisator.ch\/human-resources\/2024-04-23\/im-professionellen-setting-stoert-auch-junge-das-du\/"]}]},{"@type":"ImageObject","inLanguage":"de","@id":"https:\/\/www.organisator.ch\/human-resources\/2024-04-23\/im-professionellen-setting-stoert-auch-junge-das-du\/#primaryimage","url":"https:\/\/www.organisator.ch\/wp-content\/uploads\/2024\/04\/Axa-Studie_Bild1_ps.jpg","contentUrl":"https:\/\/www.organisator.ch\/wp-content\/uploads\/2024\/04\/Axa-Studie_Bild1_ps.jpg","width":680,"height":454,"caption":"J\u00fcngere Personen stehen dem Duzen generell offener gegen\u00fcber als \u00e4ltere. (Bild: www.depositphotos.com)"},{"@type":"BreadcrumbList","@id":"https:\/\/www.organisator.ch\/human-resources\/2024-04-23\/im-professionellen-setting-stoert-auch-junge-das-du\/#breadcrumb","itemListElement":[{"@type":"ListItem","position":1,"name":"Home","item":"https:\/\/www.organisator.ch\/"},{"@type":"ListItem","position":2,"name":"Im professionellen Setting st\u00f6rt auch Junge das \u00abDu\u00bb"}]},{"@type":"WebSite","@id":"https:\/\/www.organisator.ch\/#website","url":"https:\/\/www.organisator.ch\/","name":"Organisator","description":"Kompetent. Praxisnah. Der ORGANISATOR bereitet in 10 Ausgaben pro Jahr die wesentlichen Themen f\u00fcr F\u00fchrungskr\u00e4fte von KMU auf.","publisher":{"@id":"https:\/\/www.organisator.ch\/#organization"},"potentialAction":[{"@type":"SearchAction","target":{"@type":"EntryPoint","urlTemplate":"https:\/\/www.organisator.ch\/?s={search_term_string}"},"query-input":{"@type":"PropertyValueSpecification","valueRequired":true,"valueName":"search_term_string"}}],"inLanguage":"de"},{"@type":"Organization","@id":"https:\/\/www.organisator.ch\/#organization","name":"Organisator","url":"https:\/\/www.organisator.ch\/","logo":{"@type":"ImageObject","inLanguage":"de","@id":"https:\/\/www.organisator.ch\/#\/schema\/logo\/image\/","url":"https:\/\/www.organisator.ch\/wp-content\/uploads\/2022\/01\/Logo_Organisator_Website.png","contentUrl":"https:\/\/www.organisator.ch\/wp-content\/uploads\/2022\/01\/Logo_Organisator_Website.png","width":800,"height":77,"caption":"Organisator"},"image":{"@id":"https:\/\/www.organisator.ch\/#\/schema\/logo\/image\/"},"sameAs":["https:\/\/www.facebook.com\/OrganisatorFachmagazin","https:\/\/www.linkedin.com\/showcase\/organisator-das-magazin-fr-kmu","https:\/\/www.xing.com\/news\/pages\/organisator-ch-695","https:\/\/www.youtube.com\/channel\/UCGP2Sq0iWaZwT3BdIAQFYpw"]},{"@type":"Person","@id":"https:\/\/www.organisator.ch\/#\/schema\/person\/2e1314a2172123f874db408d8911d3f3","name":"Adelisa Kalajdzini","image":{"@type":"ImageObject","inLanguage":"de","@id":"https:\/\/secure.gravatar.com\/avatar\/09a397c22ac58cad6f160ee8306348599df9df58a8ede73696226897b9fa4b24?s=96&d=mm&r=g","url":"https:\/\/secure.gravatar.com\/avatar\/09a397c22ac58cad6f160ee8306348599df9df58a8ede73696226897b9fa4b24?s=96&d=mm&r=g","contentUrl":"https:\/\/secure.gravatar.com\/avatar\/09a397c22ac58cad6f160ee8306348599df9df58a8ede73696226897b9fa4b24?s=96&d=mm&r=g","caption":"Adelisa Kalajdzini"},"url":"https:\/\/www.organisator.ch\/de\/author\/adelisa-kalajdzini\/"}]}},"_links":{"self":[{"href":"https:\/\/www.organisator.ch\/de\/wp-json\/wp\/v2\/posts\/26672","targetHints":{"allow":["GET"]}}],"collection":[{"href":"https:\/\/www.organisator.ch\/de\/wp-json\/wp\/v2\/posts"}],"about":[{"href":"https:\/\/www.organisator.ch\/de\/wp-json\/wp\/v2\/types\/post"}],"author":[{"embeddable":true,"href":"https:\/\/www.organisator.ch\/de\/wp-json\/wp\/v2\/users\/58"}],"replies":[{"embeddable":true,"href":"https:\/\/www.organisator.ch\/de\/wp-json\/wp\/v2\/comments?post=26672"}],"version-history":[{"count":5,"href":"https:\/\/www.organisator.ch\/de\/wp-json\/wp\/v2\/posts\/26672\/revisions"}],"predecessor-version":[{"id":26703,"href":"https:\/\/www.organisator.ch\/de\/wp-json\/wp\/v2\/posts\/26672\/revisions\/26703"}],"wp:featuredmedia":[{"embeddable":true,"href":"https:\/\/www.organisator.ch\/de\/wp-json\/wp\/v2\/media\/26673"}],"wp:attachment":[{"href":"https:\/\/www.organisator.ch\/de\/wp-json\/wp\/v2\/media?parent=26672"}],"wp:term":[{"taxonomy":"category","embeddable":true,"href":"https:\/\/www.organisator.ch\/de\/wp-json\/wp\/v2\/categories?post=26672"},{"taxonomy":"post_tag","embeddable":true,"href":"https:\/\/www.organisator.ch\/de\/wp-json\/wp\/v2\/tags?post=26672"}],"curies":[{"name":"wp","href":"https:\/\/api.w.org\/{rel}","templated":true}]}}