{"id":26709,"date":"2024-04-24T13:14:35","date_gmt":"2024-04-24T11:14:35","guid":{"rendered":"https:\/\/www.werbewoche.ch\/?p=214123"},"modified":"2024-11-11T06:40:27","modified_gmt":"2024-11-11T05:40:27","slug":"rivella-group-erzaehlt-unternehmensgeschichte-auf-neuer-website","status":"publish","type":"post","link":"https:\/\/www.organisator.ch\/de\/marketing\/2024-04-24\/rivella-group-erzaehlt-unternehmensgeschichte-auf-neuer-website\/","title":{"rendered":"Rivella Group erz\u00e4hlt Unternehmensgeschichte auf neuer Website"},"content":{"rendered":"<p><img class=\"aligncenter wp-image-214124 size-full\" src=\"https:\/\/www.werbewoche.ch\/wp-content\/uploads\/2024\/04\/Neue-Website-RivellaGroup-Soda-Frontify.jpg\" alt=\"Rivella Group\" width=\"1200\" height=\"900\" \/><\/p>\r\n<p>Die <a href=\"https:\/\/rivella-group.com\/\" rel=\"noopener\">Website der Rivella Group<\/a> hat einen frischen, modernen Anstrich erhalten und soll die Werte und Visionen widerspiegeln, die das Unternehmen seit seiner Gr\u00fcndung vor \u00fcber 70 Jahren pr\u00e4gen.<\/p>\r\n<p>Von der Vergangenheit inspiriert und auf die Zukunft ausgerichtet, soll den Besuchenden eine immersive Erfahrung geboten werden, die Tradition und Innovation in Einklang bringt.<\/p>\r\n<h3><strong>Eine Reise durch die Geschichte <\/strong><\/h3>\r\n<p>Im Geschichtsbereich der Website tauchen Besuchende in die Vergangenheit von Rivella ein, erleben alte TV-Spots und entdecken die Evolution der Marken. \u00abDie Geschichte von Rivella ist auch die Geschichte einer ganzen Generation. Unsere TV-Spots sind echte Perlen, die unsere Entwicklung und Verbindung zu den Menschen \u00fcber die Jahre hinweg zeigen\u00bb, erkl\u00e4rt Monika Christener, Leiterin der Unternehmenskommunikation bei Rivella.<\/p>\r\n<h3><strong>Einzigartiger und bunter Arbeitgeber <\/strong><\/h3>\r\n<p>Mit dem Ziel, den Ver\u00e4nderungen auf dem Arbeitsmarkt und dem damit zusammenh\u00e4ngenden Arbeits- und Fachkr\u00e4ftemangel entgegentreten, wurde der Bereich \u00abKarriere und Arbeitgebermarke\u00bb stark ausgebaut.<\/p>\r\n<p>Mit dem Slogan \u00abGenau dein Geschmack\u00bb will die Unternehmung auf inspirierende und erfrischende Art zeigen, was sie zu einem einzigartigen Arbeitgeber macht. \u00abAls Arbeitgeber wollen wir begeistern und ins Bewusstsein der f\u00fcr uns relevanten Talente gelangen, damit uns diese bei ihrer Arbeitgeber-Wahl in Betracht ziehen. Unsere Werte, Kultur und Begeisterung wollen wir mit einem starken Arbeitgeberauftritt nach aussen tragen: authentisch und durchaus auch etwas selbstironisch\u00bb, erkl\u00e4rt Markus Krienb\u00fchl, Leiter People &amp; Culture bei Rivella.<\/p>\r\n<h3><strong>Engagement f\u00fcr Umwelt und Gesellschaft <\/strong><\/h3>\r\n<p>Ein zentraler Schwerpunkt der neuen Website ist zudem das Thema Nachhaltigkeit, wo das Familienunternehmen seine Bestrebungen zur Reduzierung des CO2-Fussabdrucks und seine sozialen und gesellschaftlichen Engagements pr\u00e4sentiert. \u00abAls Unternehmen tragen wir eine Verantwortung gegen\u00fcber unserer Umwelt und Gesellschaft. Unsere Massnahmen zur Nachhaltigkeit sind ein wichtiger Teil unserer DNA und zeigen unser Engagement f\u00fcr eine bessere Zukunft\u00bb, f\u00fchrt Christener weiter aus.<\/p>\r\n<h3><strong>Modernit\u00e4t und Benutzerfreundlichkeit im Fokus <\/strong><\/h3>\r\n<p>Die neue Website wurde nicht nur inhaltlich, sondern auch technisch modernisiert. Aaron Meder von der Agentur Soda Studios, die f\u00fcr Entwicklung und Umsetzung verantwortlich zeichnet, hebt besonders die modernen Features und die konsequente Ausrichtung auf mobile Endger\u00e4te hervor: \u00abWir haben die Benutzerfreundlichkeit und Zug\u00e4nglichkeit der Website optimiert, um unseren Besuchern ein nahtloses und inspirierendes Erlebnis zu bieten, egal von welchem Ger\u00e4t aus sie darauf zugreifen.\u00bb<\/p>\r\n<p>An der Umsetzung der Website waren sowohl Rivella-interne Teams aus Unternehmenskommunikation, People&amp;Culture und Marketing als auch externe Partner der Agenturen Soda und Frontify beteiligt.<\/p>\r\n<hr \/>\r\n<p><strong>Verantwortlich bei Rivella Group: <\/strong>Susanne Widmer, Monika Christener (Unternehmenskommunikation), Markus Krienb\u00fchl, Jennifer B\u00fchler, Ayana Bachmann (People&amp;Culture), Kevin Bieri (Marketing). <strong>Bilder:<\/strong> Markus B\u00fchler (Fotograf). <strong>Verantwortlich bei<\/strong> <strong>Soda Studios: <\/strong>Aaron Meder, Severin H\u00f6in. <strong>Verantwortlich bei Frontify<\/strong>: Darko Maravic.<\/p>","protected":false},"excerpt":{"rendered":"<p>Nach sieben Monaten Vorarbeit ist die neue Website der Getr\u00e4nkeherstellerin Rivella live. Mit einem modernen Blick auf Tradition und Innovation fungiert die Website als Schaufenster in die Geschichte, Kultur und Zukunft des Familienunternehmens.<\/p>\n","protected":false},"author":8,"featured_media":0,"comment_status":"closed","ping_status":"closed","sticky":false,"template":"","format":"standard","meta":{"_acf_changed":false,"_yoast_wpseo_focuskw":"Rivella Group","_yoast_wpseo_metadesc":"Rivella Group: Neuer Website-Relaunch verbindet Tradition und Innovation. Fokus auf Nachhaltigkeit und Arbeitgebermarke.","articlekey":"","footnotes":""},"categories":[29],"tags":[2617,2758],"class_list":["post-26709","post","type-post","status-publish","format-standard","hentry","category-marketing","tag-marken","tag-rivella"],"acf":[],"yoast_head":"<!-- This site is optimized with the Yoast SEO plugin v27.4 - https:\/\/yoast.com\/product\/yoast-seo-wordpress\/ -->\n<title>Rivella Group erz\u00e4hlt Unternehmensgeschichte auf neuer Website - Organisator<\/title>\n<meta name=\"description\" content=\"Rivella Group: Neuer Website-Relaunch verbindet Tradition und Innovation. Fokus auf Nachhaltigkeit und Arbeitgebermarke.\" \/>\n<meta name=\"robots\" content=\"index, follow, max-snippet:-1, max-image-preview:large, max-video-preview:-1\" \/>\n<link rel=\"canonical\" href=\"https:\/\/www.organisator.ch\/de\/marketing\/2024-04-24\/rivella-group-erzaehlt-unternehmensgeschichte-auf-neuer-website\/\" \/>\n<meta property=\"og:locale\" content=\"de_DE\" \/>\n<meta property=\"og:type\" content=\"article\" \/>\n<meta property=\"og:title\" content=\"Rivella Group erz\u00e4hlt Unternehmensgeschichte auf neuer Website - Organisator\" \/>\n<meta property=\"og:description\" content=\"Rivella Group: Neuer Website-Relaunch verbindet Tradition und Innovation. Fokus auf Nachhaltigkeit und Arbeitgebermarke.\" \/>\n<meta property=\"og:url\" content=\"https:\/\/www.organisator.ch\/de\/marketing\/2024-04-24\/rivella-group-erzaehlt-unternehmensgeschichte-auf-neuer-website\/\" \/>\n<meta property=\"og:site_name\" content=\"Organisator\" \/>\n<meta property=\"article:publisher\" content=\"https:\/\/www.facebook.com\/OrganisatorFachmagazin\" \/>\n<meta property=\"article:published_time\" content=\"2024-04-24T11:14:35+00:00\" \/>\n<meta property=\"article:modified_time\" content=\"2024-11-11T05:40:27+00:00\" \/>\n<meta property=\"og:image\" content=\"https:\/\/www.werbewoche.ch\/wp-content\/uploads\/2024\/04\/Neue-Website-RivellaGroup-Soda-Frontify.jpg\" \/>\n<meta name=\"author\" content=\"galledia\" \/>\n<meta name=\"twitter:card\" content=\"summary_large_image\" \/>\n<meta name=\"twitter:creator\" content=\"@admin\" \/>\n<script type=\"application\/ld+json\" class=\"yoast-schema-graph\">{\"@context\":\"https:\\\/\\\/schema.org\",\"@graph\":[{\"@type\":\"Article\",\"@id\":\"https:\\\/\\\/www.organisator.ch\\\/marketing\\\/2024-04-24\\\/rivella-group-erzaehlt-unternehmensgeschichte-auf-neuer-website\\\/#article\",\"isPartOf\":{\"@id\":\"https:\\\/\\\/www.organisator.ch\\\/marketing\\\/2024-04-24\\\/rivella-group-erzaehlt-unternehmensgeschichte-auf-neuer-website\\\/\"},\"author\":{\"name\":\"galledia\",\"@id\":\"https:\\\/\\\/www.organisator.ch\\\/#\\\/schema\\\/person\\\/4e51799071cd2dd1232ac003643ef5f0\"},\"headline\":\"Rivella Group erz\u00e4hlt Unternehmensgeschichte auf neuer Website\",\"datePublished\":\"2024-04-24T11:14:35+00:00\",\"dateModified\":\"2024-11-11T05:40:27+00:00\",\"mainEntityOfPage\":{\"@id\":\"https:\\\/\\\/www.organisator.ch\\\/marketing\\\/2024-04-24\\\/rivella-group-erzaehlt-unternehmensgeschichte-auf-neuer-website\\\/\"},\"wordCount\":448,\"publisher\":{\"@id\":\"https:\\\/\\\/www.organisator.ch\\\/#organization\"},\"image\":{\"@id\":\"https:\\\/\\\/www.organisator.ch\\\/marketing\\\/2024-04-24\\\/rivella-group-erzaehlt-unternehmensgeschichte-auf-neuer-website\\\/#primaryimage\"},\"thumbnailUrl\":\"https:\\\/\\\/www.werbewoche.ch\\\/wp-content\\\/uploads\\\/2024\\\/04\\\/Neue-Website-RivellaGroup-Soda-Frontify.jpg\",\"keywords\":[\"Marken\",\"Rivella\"],\"articleSection\":[\"MARKETING\"],\"inLanguage\":\"de\"},{\"@type\":\"WebPage\",\"@id\":\"https:\\\/\\\/www.organisator.ch\\\/marketing\\\/2024-04-24\\\/rivella-group-erzaehlt-unternehmensgeschichte-auf-neuer-website\\\/\",\"url\":\"https:\\\/\\\/www.organisator.ch\\\/marketing\\\/2024-04-24\\\/rivella-group-erzaehlt-unternehmensgeschichte-auf-neuer-website\\\/\",\"name\":\"Rivella Group erz\u00e4hlt Unternehmensgeschichte auf neuer Website - Organisator\",\"isPartOf\":{\"@id\":\"https:\\\/\\\/www.organisator.ch\\\/#website\"},\"primaryImageOfPage\":{\"@id\":\"https:\\\/\\\/www.organisator.ch\\\/marketing\\\/2024-04-24\\\/rivella-group-erzaehlt-unternehmensgeschichte-auf-neuer-website\\\/#primaryimage\"},\"image\":{\"@id\":\"https:\\\/\\\/www.organisator.ch\\\/marketing\\\/2024-04-24\\\/rivella-group-erzaehlt-unternehmensgeschichte-auf-neuer-website\\\/#primaryimage\"},\"thumbnailUrl\":\"https:\\\/\\\/www.werbewoche.ch\\\/wp-content\\\/uploads\\\/2024\\\/04\\\/Neue-Website-RivellaGroup-Soda-Frontify.jpg\",\"datePublished\":\"2024-04-24T11:14:35+00:00\",\"dateModified\":\"2024-11-11T05:40:27+00:00\",\"description\":\"Rivella Group: Neuer Website-Relaunch verbindet Tradition und Innovation. Fokus auf Nachhaltigkeit und Arbeitgebermarke.\",\"breadcrumb\":{\"@id\":\"https:\\\/\\\/www.organisator.ch\\\/marketing\\\/2024-04-24\\\/rivella-group-erzaehlt-unternehmensgeschichte-auf-neuer-website\\\/#breadcrumb\"},\"inLanguage\":\"de\",\"potentialAction\":[{\"@type\":\"ReadAction\",\"target\":[\"https:\\\/\\\/www.organisator.ch\\\/marketing\\\/2024-04-24\\\/rivella-group-erzaehlt-unternehmensgeschichte-auf-neuer-website\\\/\"]}]},{\"@type\":\"ImageObject\",\"inLanguage\":\"de\",\"@id\":\"https:\\\/\\\/www.organisator.ch\\\/marketing\\\/2024-04-24\\\/rivella-group-erzaehlt-unternehmensgeschichte-auf-neuer-website\\\/#primaryimage\",\"url\":\"https:\\\/\\\/www.werbewoche.ch\\\/wp-content\\\/uploads\\\/2024\\\/04\\\/Neue-Website-RivellaGroup-Soda-Frontify.jpg\",\"contentUrl\":\"https:\\\/\\\/www.werbewoche.ch\\\/wp-content\\\/uploads\\\/2024\\\/04\\\/Neue-Website-RivellaGroup-Soda-Frontify.jpg\"},{\"@type\":\"BreadcrumbList\",\"@id\":\"https:\\\/\\\/www.organisator.ch\\\/marketing\\\/2024-04-24\\\/rivella-group-erzaehlt-unternehmensgeschichte-auf-neuer-website\\\/#breadcrumb\",\"itemListElement\":[{\"@type\":\"ListItem\",\"position\":1,\"name\":\"Home\",\"item\":\"https:\\\/\\\/www.organisator.ch\\\/\"},{\"@type\":\"ListItem\",\"position\":2,\"name\":\"Rivella Group erz\u00e4hlt Unternehmensgeschichte auf neuer Website\"}]},{\"@type\":\"WebSite\",\"@id\":\"https:\\\/\\\/www.organisator.ch\\\/#website\",\"url\":\"https:\\\/\\\/www.organisator.ch\\\/\",\"name\":\"Organisator\",\"description\":\"Kompetent. Praxisnah. Der ORGANISATOR bereitet in 10 Ausgaben pro Jahr die wesentlichen Themen f\u00fcr F\u00fchrungskr\u00e4fte von KMU auf.\",\"publisher\":{\"@id\":\"https:\\\/\\\/www.organisator.ch\\\/#organization\"},\"potentialAction\":[{\"@type\":\"SearchAction\",\"target\":{\"@type\":\"EntryPoint\",\"urlTemplate\":\"https:\\\/\\\/www.organisator.ch\\\/?s={search_term_string}\"},\"query-input\":{\"@type\":\"PropertyValueSpecification\",\"valueRequired\":true,\"valueName\":\"search_term_string\"}}],\"inLanguage\":\"de\"},{\"@type\":\"Organization\",\"@id\":\"https:\\\/\\\/www.organisator.ch\\\/#organization\",\"name\":\"Organisator\",\"url\":\"https:\\\/\\\/www.organisator.ch\\\/\",\"logo\":{\"@type\":\"ImageObject\",\"inLanguage\":\"de\",\"@id\":\"https:\\\/\\\/www.organisator.ch\\\/#\\\/schema\\\/logo\\\/image\\\/\",\"url\":\"https:\\\/\\\/www.organisator.ch\\\/wp-content\\\/uploads\\\/2022\\\/01\\\/Logo_Organisator_Website.png\",\"contentUrl\":\"https:\\\/\\\/www.organisator.ch\\\/wp-content\\\/uploads\\\/2022\\\/01\\\/Logo_Organisator_Website.png\",\"width\":800,\"height\":77,\"caption\":\"Organisator\"},\"image\":{\"@id\":\"https:\\\/\\\/www.organisator.ch\\\/#\\\/schema\\\/logo\\\/image\\\/\"},\"sameAs\":[\"https:\\\/\\\/www.facebook.com\\\/OrganisatorFachmagazin\",\"https:\\\/\\\/www.linkedin.com\\\/showcase\\\/organisator-das-magazin-fr-kmu\",\"https:\\\/\\\/www.xing.com\\\/news\\\/pages\\\/organisator-ch-695\",\"https:\\\/\\\/www.youtube.com\\\/channel\\\/UCGP2Sq0iWaZwT3BdIAQFYpw\"]},{\"@type\":\"Person\",\"@id\":\"https:\\\/\\\/www.organisator.ch\\\/#\\\/schema\\\/person\\\/4e51799071cd2dd1232ac003643ef5f0\",\"name\":\"galledia\",\"image\":{\"@type\":\"ImageObject\",\"inLanguage\":\"de\",\"@id\":\"https:\\\/\\\/secure.gravatar.com\\\/avatar\\\/78a7f90c01fc2bfc875782a0d4922b37cde2cf184ce347b91316d23cd7f69a36?s=96&d=mm&r=g\",\"url\":\"https:\\\/\\\/secure.gravatar.com\\\/avatar\\\/78a7f90c01fc2bfc875782a0d4922b37cde2cf184ce347b91316d23cd7f69a36?s=96&d=mm&r=g\",\"contentUrl\":\"https:\\\/\\\/secure.gravatar.com\\\/avatar\\\/78a7f90c01fc2bfc875782a0d4922b37cde2cf184ce347b91316d23cd7f69a36?s=96&d=mm&r=g\",\"caption\":\"galledia\"},\"sameAs\":[\"https:\\\/\\\/x.com\\\/admin\"],\"url\":\"https:\\\/\\\/www.organisator.ch\\\/de\\\/author\\\/galledia\\\/\"}]}<\/script>\n<!-- \/ Yoast SEO plugin. -->","yoast_head_json":{"title":"Rivella Group erz\u00e4hlt Unternehmensgeschichte auf neuer Website - Organisator","description":"Rivella Group: Neuer Website-Relaunch verbindet Tradition und Innovation. Fokus auf Nachhaltigkeit und Arbeitgebermarke.","robots":{"index":"index","follow":"follow","max-snippet":"max-snippet:-1","max-image-preview":"max-image-preview:large","max-video-preview":"max-video-preview:-1"},"canonical":"https:\/\/www.organisator.ch\/de\/marketing\/2024-04-24\/rivella-group-erzaehlt-unternehmensgeschichte-auf-neuer-website\/","og_locale":"de_DE","og_type":"article","og_title":"Rivella Group erz\u00e4hlt Unternehmensgeschichte auf neuer Website - Organisator","og_description":"Rivella Group: Neuer Website-Relaunch verbindet Tradition und Innovation. Fokus auf Nachhaltigkeit und Arbeitgebermarke.","og_url":"https:\/\/www.organisator.ch\/de\/marketing\/2024-04-24\/rivella-group-erzaehlt-unternehmensgeschichte-auf-neuer-website\/","og_site_name":"Organisator","article_publisher":"https:\/\/www.facebook.com\/OrganisatorFachmagazin","article_published_time":"2024-04-24T11:14:35+00:00","article_modified_time":"2024-11-11T05:40:27+00:00","og_image":[{"url":"https:\/\/www.werbewoche.ch\/wp-content\/uploads\/2024\/04\/Neue-Website-RivellaGroup-Soda-Frontify.jpg","type":"","width":"","height":""}],"author":"galledia","twitter_card":"summary_large_image","twitter_creator":"@admin","schema":{"@context":"https:\/\/schema.org","@graph":[{"@type":"Article","@id":"https:\/\/www.organisator.ch\/marketing\/2024-04-24\/rivella-group-erzaehlt-unternehmensgeschichte-auf-neuer-website\/#article","isPartOf":{"@id":"https:\/\/www.organisator.ch\/marketing\/2024-04-24\/rivella-group-erzaehlt-unternehmensgeschichte-auf-neuer-website\/"},"author":{"name":"galledia","@id":"https:\/\/www.organisator.ch\/#\/schema\/person\/4e51799071cd2dd1232ac003643ef5f0"},"headline":"Rivella Group erz\u00e4hlt Unternehmensgeschichte auf neuer Website","datePublished":"2024-04-24T11:14:35+00:00","dateModified":"2024-11-11T05:40:27+00:00","mainEntityOfPage":{"@id":"https:\/\/www.organisator.ch\/marketing\/2024-04-24\/rivella-group-erzaehlt-unternehmensgeschichte-auf-neuer-website\/"},"wordCount":448,"publisher":{"@id":"https:\/\/www.organisator.ch\/#organization"},"image":{"@id":"https:\/\/www.organisator.ch\/marketing\/2024-04-24\/rivella-group-erzaehlt-unternehmensgeschichte-auf-neuer-website\/#primaryimage"},"thumbnailUrl":"https:\/\/www.werbewoche.ch\/wp-content\/uploads\/2024\/04\/Neue-Website-RivellaGroup-Soda-Frontify.jpg","keywords":["Marken","Rivella"],"articleSection":["MARKETING"],"inLanguage":"de"},{"@type":"WebPage","@id":"https:\/\/www.organisator.ch\/marketing\/2024-04-24\/rivella-group-erzaehlt-unternehmensgeschichte-auf-neuer-website\/","url":"https:\/\/www.organisator.ch\/marketing\/2024-04-24\/rivella-group-erzaehlt-unternehmensgeschichte-auf-neuer-website\/","name":"Rivella Group erz\u00e4hlt Unternehmensgeschichte auf neuer Website - Organisator","isPartOf":{"@id":"https:\/\/www.organisator.ch\/#website"},"primaryImageOfPage":{"@id":"https:\/\/www.organisator.ch\/marketing\/2024-04-24\/rivella-group-erzaehlt-unternehmensgeschichte-auf-neuer-website\/#primaryimage"},"image":{"@id":"https:\/\/www.organisator.ch\/marketing\/2024-04-24\/rivella-group-erzaehlt-unternehmensgeschichte-auf-neuer-website\/#primaryimage"},"thumbnailUrl":"https:\/\/www.werbewoche.ch\/wp-content\/uploads\/2024\/04\/Neue-Website-RivellaGroup-Soda-Frontify.jpg","datePublished":"2024-04-24T11:14:35+00:00","dateModified":"2024-11-11T05:40:27+00:00","description":"Rivella Group: Neuer Website-Relaunch verbindet Tradition und Innovation. Fokus auf Nachhaltigkeit und Arbeitgebermarke.","breadcrumb":{"@id":"https:\/\/www.organisator.ch\/marketing\/2024-04-24\/rivella-group-erzaehlt-unternehmensgeschichte-auf-neuer-website\/#breadcrumb"},"inLanguage":"de","potentialAction":[{"@type":"ReadAction","target":["https:\/\/www.organisator.ch\/marketing\/2024-04-24\/rivella-group-erzaehlt-unternehmensgeschichte-auf-neuer-website\/"]}]},{"@type":"ImageObject","inLanguage":"de","@id":"https:\/\/www.organisator.ch\/marketing\/2024-04-24\/rivella-group-erzaehlt-unternehmensgeschichte-auf-neuer-website\/#primaryimage","url":"https:\/\/www.werbewoche.ch\/wp-content\/uploads\/2024\/04\/Neue-Website-RivellaGroup-Soda-Frontify.jpg","contentUrl":"https:\/\/www.werbewoche.ch\/wp-content\/uploads\/2024\/04\/Neue-Website-RivellaGroup-Soda-Frontify.jpg"},{"@type":"BreadcrumbList","@id":"https:\/\/www.organisator.ch\/marketing\/2024-04-24\/rivella-group-erzaehlt-unternehmensgeschichte-auf-neuer-website\/#breadcrumb","itemListElement":[{"@type":"ListItem","position":1,"name":"Home","item":"https:\/\/www.organisator.ch\/"},{"@type":"ListItem","position":2,"name":"Rivella Group erz\u00e4hlt Unternehmensgeschichte auf neuer Website"}]},{"@type":"WebSite","@id":"https:\/\/www.organisator.ch\/#website","url":"https:\/\/www.organisator.ch\/","name":"Organisator","description":"Kompetent. Praxisnah. Der ORGANISATOR bereitet in 10 Ausgaben pro Jahr die wesentlichen Themen f\u00fcr F\u00fchrungskr\u00e4fte von KMU auf.","publisher":{"@id":"https:\/\/www.organisator.ch\/#organization"},"potentialAction":[{"@type":"SearchAction","target":{"@type":"EntryPoint","urlTemplate":"https:\/\/www.organisator.ch\/?s={search_term_string}"},"query-input":{"@type":"PropertyValueSpecification","valueRequired":true,"valueName":"search_term_string"}}],"inLanguage":"de"},{"@type":"Organization","@id":"https:\/\/www.organisator.ch\/#organization","name":"Organisator","url":"https:\/\/www.organisator.ch\/","logo":{"@type":"ImageObject","inLanguage":"de","@id":"https:\/\/www.organisator.ch\/#\/schema\/logo\/image\/","url":"https:\/\/www.organisator.ch\/wp-content\/uploads\/2022\/01\/Logo_Organisator_Website.png","contentUrl":"https:\/\/www.organisator.ch\/wp-content\/uploads\/2022\/01\/Logo_Organisator_Website.png","width":800,"height":77,"caption":"Organisator"},"image":{"@id":"https:\/\/www.organisator.ch\/#\/schema\/logo\/image\/"},"sameAs":["https:\/\/www.facebook.com\/OrganisatorFachmagazin","https:\/\/www.linkedin.com\/showcase\/organisator-das-magazin-fr-kmu","https:\/\/www.xing.com\/news\/pages\/organisator-ch-695","https:\/\/www.youtube.com\/channel\/UCGP2Sq0iWaZwT3BdIAQFYpw"]},{"@type":"Person","@id":"https:\/\/www.organisator.ch\/#\/schema\/person\/4e51799071cd2dd1232ac003643ef5f0","name":"galledia","image":{"@type":"ImageObject","inLanguage":"de","@id":"https:\/\/secure.gravatar.com\/avatar\/78a7f90c01fc2bfc875782a0d4922b37cde2cf184ce347b91316d23cd7f69a36?s=96&d=mm&r=g","url":"https:\/\/secure.gravatar.com\/avatar\/78a7f90c01fc2bfc875782a0d4922b37cde2cf184ce347b91316d23cd7f69a36?s=96&d=mm&r=g","contentUrl":"https:\/\/secure.gravatar.com\/avatar\/78a7f90c01fc2bfc875782a0d4922b37cde2cf184ce347b91316d23cd7f69a36?s=96&d=mm&r=g","caption":"galledia"},"sameAs":["https:\/\/x.com\/admin"],"url":"https:\/\/www.organisator.ch\/de\/author\/galledia\/"}]}},"_links":{"self":[{"href":"https:\/\/www.organisator.ch\/de\/wp-json\/wp\/v2\/posts\/26709","targetHints":{"allow":["GET"]}}],"collection":[{"href":"https:\/\/www.organisator.ch\/de\/wp-json\/wp\/v2\/posts"}],"about":[{"href":"https:\/\/www.organisator.ch\/de\/wp-json\/wp\/v2\/types\/post"}],"author":[{"embeddable":true,"href":"https:\/\/www.organisator.ch\/de\/wp-json\/wp\/v2\/users\/8"}],"replies":[{"embeddable":true,"href":"https:\/\/www.organisator.ch\/de\/wp-json\/wp\/v2\/comments?post=26709"}],"version-history":[{"count":5,"href":"https:\/\/www.organisator.ch\/de\/wp-json\/wp\/v2\/posts\/26709\/revisions"}],"predecessor-version":[{"id":32291,"href":"https:\/\/www.organisator.ch\/de\/wp-json\/wp\/v2\/posts\/26709\/revisions\/32291"}],"wp:attachment":[{"href":"https:\/\/www.organisator.ch\/de\/wp-json\/wp\/v2\/media?parent=26709"}],"wp:term":[{"taxonomy":"category","embeddable":true,"href":"https:\/\/www.organisator.ch\/de\/wp-json\/wp\/v2\/categories?post=26709"},{"taxonomy":"post_tag","embeddable":true,"href":"https:\/\/www.organisator.ch\/de\/wp-json\/wp\/v2\/tags?post=26709"}],"curies":[{"name":"wp","href":"https:\/\/api.w.org\/{rel}","templated":true}]}}