{"id":26711,"date":"2024-04-24T11:17:27","date_gmt":"2024-04-24T09:17:27","guid":{"rendered":"https:\/\/www.werbewoche.ch\/?p=214115"},"modified":"2024-11-11T06:41:17","modified_gmt":"2024-11-11T05:41:17","slug":"kneipp-erleidet-vor-eu-gericht-niederlage-in-markenstreit","status":"publish","type":"post","link":"https:\/\/www.organisator.ch\/de\/marketing\/2024-04-24\/kneipp-erleidet-vor-eu-gericht-niederlage-in-markenstreit\/","title":{"rendered":"Kneipp erleidet vor EU-Gericht Niederlage in Markenstreit"},"content":{"rendered":"<p><img class=\"aligncenter wp-image-214116 size-full\" src=\"https:\/\/www.werbewoche.ch\/wp-content\/uploads\/2024\/04\/Kneipp-Logo-Markenstreit-Joy.jpg\" alt=\"Kneipp EUIPO Markenstreit\" width=\"1200\" height=\"900\" \/><\/p>\r\n<p>Das Traditionsunternehmen mit Sitz in W\u00fcrzburg wollte 2019 beim Europ\u00e4ischen Amt f\u00fcr geistiges Eigentum EUIPO die Marke \u00abJoyful by Nature\u00bb f\u00fcr Kosmetika, Duftkerzen und Marketing eintragen lassen. Der franz\u00f6sische Parf\u00fcmhersteller Maison Jean Patou legte dagegen Widerspruch wegen der eigenen Marke \u00abJoy\u00bb ein. Das EUIPO gab ihm teilweise recht.<\/p>\r\n<p>Dagegen wehrte sich Kneipp vor dem Gericht der EU \u2013 erfolglos, wie nun feststeht. Die Richter entschieden, dass die Marke \u00abJoy\u00bb in einem wesentlichen Teil der EU, insbesondere in Frankreich, Wertsch\u00e4tzung geniesse. Die Marke habe in der Vergangenheit grosse Bekanntheit aufgebaut.<\/p>\r\n<p>Selbst wenn der Bekanntheitsgrad \u00fcber die Jahre abgenommen habe, habe eine gewisse \u00abRestbekanntheit\u00bb \u00fcberdauert. Die beiden Marken seien sich so \u00e4hnlich, dass sie gedanklich miteinander in Verbindung gebracht werden k\u00f6nnten. Deswegen bestehe die Gefahr, dass Kneipp den Ruf der \u00abJoy\u00bb-Marke in unlauterer Weise ausnutzen k\u00f6nnte, so die Richter.<\/p>\r\n<p>Gegen das Urteil kann noch vor dem h\u00f6chsten Gericht der EU, dem Europ\u00e4ischen Gerichtshof (EuGH) vorgegangen werden. <em>(SDA)<\/em><\/p>","protected":false},"excerpt":{"rendered":"<p>Der deutsche Kosmetikhersteller Kneipp hat im Markenstreit mit einem franz\u00f6sischen Parf\u00fcmfabrikanten vor dem Gericht der EU eine Niederlage erlitten. Die Richter wiesen eine Klage Kneipps wegen der Marke \u00abJoyful by Nature\u00bb am Mittwoch in Luxemburg ab.<\/p>\n","protected":false},"author":8,"featured_media":0,"comment_status":"closed","ping_status":"closed","sticky":false,"template":"","format":"standard","meta":{"_acf_changed":false,"_yoast_wpseo_focuskw":"Kneipp EUIPO Markenstreit","_yoast_wpseo_metadesc":"Kneipp verliert vor EU-Gericht: \"Joyful by Nature\" Marke kollidiert mit \"Joy\" von Maison Jean Patou. EUIPO gibt Widerspruch recht.","articlekey":"","footnotes":""},"categories":[29],"tags":[2617,4203],"class_list":["post-26711","post","type-post","status-publish","format-standard","hentry","category-marketing","tag-marken","tag-markenstreit"],"acf":[],"yoast_head":"<!-- This site is optimized with the Yoast SEO plugin v27.4 - https:\/\/yoast.com\/product\/yoast-seo-wordpress\/ -->\n<title>Kneipp erleidet vor EU-Gericht Niederlage in Markenstreit - Organisator<\/title>\n<meta name=\"description\" content=\"Kneipp verliert vor EU-Gericht: &quot;Joyful by Nature&quot; Marke kollidiert mit &quot;Joy&quot; von Maison Jean Patou. EUIPO gibt Widerspruch recht.\" \/>\n<meta name=\"robots\" content=\"index, follow, max-snippet:-1, max-image-preview:large, max-video-preview:-1\" \/>\n<link rel=\"canonical\" href=\"https:\/\/www.organisator.ch\/de\/marketing\/2024-04-24\/kneipp-erleidet-vor-eu-gericht-niederlage-in-markenstreit\/\" \/>\n<meta property=\"og:locale\" content=\"de_DE\" \/>\n<meta property=\"og:type\" content=\"article\" \/>\n<meta property=\"og:title\" content=\"Kneipp erleidet vor EU-Gericht Niederlage in Markenstreit - Organisator\" \/>\n<meta property=\"og:description\" content=\"Kneipp verliert vor EU-Gericht: &quot;Joyful by Nature&quot; Marke kollidiert mit &quot;Joy&quot; von Maison Jean Patou. EUIPO gibt Widerspruch recht.\" \/>\n<meta property=\"og:url\" content=\"https:\/\/www.organisator.ch\/de\/marketing\/2024-04-24\/kneipp-erleidet-vor-eu-gericht-niederlage-in-markenstreit\/\" \/>\n<meta property=\"og:site_name\" content=\"Organisator\" \/>\n<meta property=\"article:publisher\" content=\"https:\/\/www.facebook.com\/OrganisatorFachmagazin\" \/>\n<meta property=\"article:published_time\" content=\"2024-04-24T09:17:27+00:00\" \/>\n<meta property=\"article:modified_time\" content=\"2024-11-11T05:41:17+00:00\" \/>\n<meta property=\"og:image\" content=\"https:\/\/www.werbewoche.ch\/wp-content\/uploads\/2024\/04\/Kneipp-Logo-Markenstreit-Joy.jpg\" \/>\n<meta name=\"author\" content=\"galledia\" \/>\n<meta name=\"twitter:card\" content=\"summary_large_image\" \/>\n<meta name=\"twitter:creator\" content=\"@admin\" \/>\n<script type=\"application\/ld+json\" class=\"yoast-schema-graph\">{\"@context\":\"https:\\\/\\\/schema.org\",\"@graph\":[{\"@type\":\"Article\",\"@id\":\"https:\\\/\\\/www.organisator.ch\\\/marketing\\\/2024-04-24\\\/kneipp-erleidet-vor-eu-gericht-niederlage-in-markenstreit\\\/#article\",\"isPartOf\":{\"@id\":\"https:\\\/\\\/www.organisator.ch\\\/marketing\\\/2024-04-24\\\/kneipp-erleidet-vor-eu-gericht-niederlage-in-markenstreit\\\/\"},\"author\":{\"name\":\"galledia\",\"@id\":\"https:\\\/\\\/www.organisator.ch\\\/#\\\/schema\\\/person\\\/4e51799071cd2dd1232ac003643ef5f0\"},\"headline\":\"Kneipp erleidet vor EU-Gericht Niederlage in Markenstreit\",\"datePublished\":\"2024-04-24T09:17:27+00:00\",\"dateModified\":\"2024-11-11T05:41:17+00:00\",\"mainEntityOfPage\":{\"@id\":\"https:\\\/\\\/www.organisator.ch\\\/marketing\\\/2024-04-24\\\/kneipp-erleidet-vor-eu-gericht-niederlage-in-markenstreit\\\/\"},\"wordCount\":172,\"publisher\":{\"@id\":\"https:\\\/\\\/www.organisator.ch\\\/#organization\"},\"image\":{\"@id\":\"https:\\\/\\\/www.organisator.ch\\\/marketing\\\/2024-04-24\\\/kneipp-erleidet-vor-eu-gericht-niederlage-in-markenstreit\\\/#primaryimage\"},\"thumbnailUrl\":\"https:\\\/\\\/www.werbewoche.ch\\\/wp-content\\\/uploads\\\/2024\\\/04\\\/Kneipp-Logo-Markenstreit-Joy.jpg\",\"keywords\":[\"Marken\",\"Markenstreit\"],\"articleSection\":[\"MARKETING\"],\"inLanguage\":\"de\"},{\"@type\":\"WebPage\",\"@id\":\"https:\\\/\\\/www.organisator.ch\\\/marketing\\\/2024-04-24\\\/kneipp-erleidet-vor-eu-gericht-niederlage-in-markenstreit\\\/\",\"url\":\"https:\\\/\\\/www.organisator.ch\\\/marketing\\\/2024-04-24\\\/kneipp-erleidet-vor-eu-gericht-niederlage-in-markenstreit\\\/\",\"name\":\"Kneipp erleidet vor EU-Gericht Niederlage in Markenstreit - Organisator\",\"isPartOf\":{\"@id\":\"https:\\\/\\\/www.organisator.ch\\\/#website\"},\"primaryImageOfPage\":{\"@id\":\"https:\\\/\\\/www.organisator.ch\\\/marketing\\\/2024-04-24\\\/kneipp-erleidet-vor-eu-gericht-niederlage-in-markenstreit\\\/#primaryimage\"},\"image\":{\"@id\":\"https:\\\/\\\/www.organisator.ch\\\/marketing\\\/2024-04-24\\\/kneipp-erleidet-vor-eu-gericht-niederlage-in-markenstreit\\\/#primaryimage\"},\"thumbnailUrl\":\"https:\\\/\\\/www.werbewoche.ch\\\/wp-content\\\/uploads\\\/2024\\\/04\\\/Kneipp-Logo-Markenstreit-Joy.jpg\",\"datePublished\":\"2024-04-24T09:17:27+00:00\",\"dateModified\":\"2024-11-11T05:41:17+00:00\",\"description\":\"Kneipp verliert vor EU-Gericht: \\\"Joyful by Nature\\\" Marke kollidiert mit \\\"Joy\\\" von Maison Jean Patou. EUIPO gibt Widerspruch recht.\",\"breadcrumb\":{\"@id\":\"https:\\\/\\\/www.organisator.ch\\\/marketing\\\/2024-04-24\\\/kneipp-erleidet-vor-eu-gericht-niederlage-in-markenstreit\\\/#breadcrumb\"},\"inLanguage\":\"de\",\"potentialAction\":[{\"@type\":\"ReadAction\",\"target\":[\"https:\\\/\\\/www.organisator.ch\\\/marketing\\\/2024-04-24\\\/kneipp-erleidet-vor-eu-gericht-niederlage-in-markenstreit\\\/\"]}]},{\"@type\":\"ImageObject\",\"inLanguage\":\"de\",\"@id\":\"https:\\\/\\\/www.organisator.ch\\\/marketing\\\/2024-04-24\\\/kneipp-erleidet-vor-eu-gericht-niederlage-in-markenstreit\\\/#primaryimage\",\"url\":\"https:\\\/\\\/www.werbewoche.ch\\\/wp-content\\\/uploads\\\/2024\\\/04\\\/Kneipp-Logo-Markenstreit-Joy.jpg\",\"contentUrl\":\"https:\\\/\\\/www.werbewoche.ch\\\/wp-content\\\/uploads\\\/2024\\\/04\\\/Kneipp-Logo-Markenstreit-Joy.jpg\"},{\"@type\":\"BreadcrumbList\",\"@id\":\"https:\\\/\\\/www.organisator.ch\\\/marketing\\\/2024-04-24\\\/kneipp-erleidet-vor-eu-gericht-niederlage-in-markenstreit\\\/#breadcrumb\",\"itemListElement\":[{\"@type\":\"ListItem\",\"position\":1,\"name\":\"Home\",\"item\":\"https:\\\/\\\/www.organisator.ch\\\/\"},{\"@type\":\"ListItem\",\"position\":2,\"name\":\"Kneipp erleidet vor EU-Gericht Niederlage in Markenstreit\"}]},{\"@type\":\"WebSite\",\"@id\":\"https:\\\/\\\/www.organisator.ch\\\/#website\",\"url\":\"https:\\\/\\\/www.organisator.ch\\\/\",\"name\":\"Organisator\",\"description\":\"Kompetent. Praxisnah. Der ORGANISATOR bereitet in 10 Ausgaben pro Jahr die wesentlichen Themen f\u00fcr F\u00fchrungskr\u00e4fte von KMU auf.\",\"publisher\":{\"@id\":\"https:\\\/\\\/www.organisator.ch\\\/#organization\"},\"potentialAction\":[{\"@type\":\"SearchAction\",\"target\":{\"@type\":\"EntryPoint\",\"urlTemplate\":\"https:\\\/\\\/www.organisator.ch\\\/?s={search_term_string}\"},\"query-input\":{\"@type\":\"PropertyValueSpecification\",\"valueRequired\":true,\"valueName\":\"search_term_string\"}}],\"inLanguage\":\"de\"},{\"@type\":\"Organization\",\"@id\":\"https:\\\/\\\/www.organisator.ch\\\/#organization\",\"name\":\"Organisator\",\"url\":\"https:\\\/\\\/www.organisator.ch\\\/\",\"logo\":{\"@type\":\"ImageObject\",\"inLanguage\":\"de\",\"@id\":\"https:\\\/\\\/www.organisator.ch\\\/#\\\/schema\\\/logo\\\/image\\\/\",\"url\":\"https:\\\/\\\/www.organisator.ch\\\/wp-content\\\/uploads\\\/2022\\\/01\\\/Logo_Organisator_Website.png\",\"contentUrl\":\"https:\\\/\\\/www.organisator.ch\\\/wp-content\\\/uploads\\\/2022\\\/01\\\/Logo_Organisator_Website.png\",\"width\":800,\"height\":77,\"caption\":\"Organisator\"},\"image\":{\"@id\":\"https:\\\/\\\/www.organisator.ch\\\/#\\\/schema\\\/logo\\\/image\\\/\"},\"sameAs\":[\"https:\\\/\\\/www.facebook.com\\\/OrganisatorFachmagazin\",\"https:\\\/\\\/www.linkedin.com\\\/showcase\\\/organisator-das-magazin-fr-kmu\",\"https:\\\/\\\/www.xing.com\\\/news\\\/pages\\\/organisator-ch-695\",\"https:\\\/\\\/www.youtube.com\\\/channel\\\/UCGP2Sq0iWaZwT3BdIAQFYpw\"]},{\"@type\":\"Person\",\"@id\":\"https:\\\/\\\/www.organisator.ch\\\/#\\\/schema\\\/person\\\/4e51799071cd2dd1232ac003643ef5f0\",\"name\":\"galledia\",\"image\":{\"@type\":\"ImageObject\",\"inLanguage\":\"de\",\"@id\":\"https:\\\/\\\/secure.gravatar.com\\\/avatar\\\/78a7f90c01fc2bfc875782a0d4922b37cde2cf184ce347b91316d23cd7f69a36?s=96&d=mm&r=g\",\"url\":\"https:\\\/\\\/secure.gravatar.com\\\/avatar\\\/78a7f90c01fc2bfc875782a0d4922b37cde2cf184ce347b91316d23cd7f69a36?s=96&d=mm&r=g\",\"contentUrl\":\"https:\\\/\\\/secure.gravatar.com\\\/avatar\\\/78a7f90c01fc2bfc875782a0d4922b37cde2cf184ce347b91316d23cd7f69a36?s=96&d=mm&r=g\",\"caption\":\"galledia\"},\"sameAs\":[\"https:\\\/\\\/x.com\\\/admin\"],\"url\":\"https:\\\/\\\/www.organisator.ch\\\/de\\\/author\\\/galledia\\\/\"}]}<\/script>\n<!-- \/ Yoast SEO plugin. -->","yoast_head_json":{"title":"Kneipp erleidet vor EU-Gericht Niederlage in Markenstreit - Organisator","description":"Kneipp verliert vor EU-Gericht: \"Joyful by Nature\" Marke kollidiert mit \"Joy\" von Maison Jean Patou. EUIPO gibt Widerspruch recht.","robots":{"index":"index","follow":"follow","max-snippet":"max-snippet:-1","max-image-preview":"max-image-preview:large","max-video-preview":"max-video-preview:-1"},"canonical":"https:\/\/www.organisator.ch\/de\/marketing\/2024-04-24\/kneipp-erleidet-vor-eu-gericht-niederlage-in-markenstreit\/","og_locale":"de_DE","og_type":"article","og_title":"Kneipp erleidet vor EU-Gericht Niederlage in Markenstreit - Organisator","og_description":"Kneipp verliert vor EU-Gericht: \"Joyful by Nature\" Marke kollidiert mit \"Joy\" von Maison Jean Patou. EUIPO gibt Widerspruch recht.","og_url":"https:\/\/www.organisator.ch\/de\/marketing\/2024-04-24\/kneipp-erleidet-vor-eu-gericht-niederlage-in-markenstreit\/","og_site_name":"Organisator","article_publisher":"https:\/\/www.facebook.com\/OrganisatorFachmagazin","article_published_time":"2024-04-24T09:17:27+00:00","article_modified_time":"2024-11-11T05:41:17+00:00","og_image":[{"url":"https:\/\/www.werbewoche.ch\/wp-content\/uploads\/2024\/04\/Kneipp-Logo-Markenstreit-Joy.jpg","type":"","width":"","height":""}],"author":"galledia","twitter_card":"summary_large_image","twitter_creator":"@admin","schema":{"@context":"https:\/\/schema.org","@graph":[{"@type":"Article","@id":"https:\/\/www.organisator.ch\/marketing\/2024-04-24\/kneipp-erleidet-vor-eu-gericht-niederlage-in-markenstreit\/#article","isPartOf":{"@id":"https:\/\/www.organisator.ch\/marketing\/2024-04-24\/kneipp-erleidet-vor-eu-gericht-niederlage-in-markenstreit\/"},"author":{"name":"galledia","@id":"https:\/\/www.organisator.ch\/#\/schema\/person\/4e51799071cd2dd1232ac003643ef5f0"},"headline":"Kneipp erleidet vor EU-Gericht Niederlage in Markenstreit","datePublished":"2024-04-24T09:17:27+00:00","dateModified":"2024-11-11T05:41:17+00:00","mainEntityOfPage":{"@id":"https:\/\/www.organisator.ch\/marketing\/2024-04-24\/kneipp-erleidet-vor-eu-gericht-niederlage-in-markenstreit\/"},"wordCount":172,"publisher":{"@id":"https:\/\/www.organisator.ch\/#organization"},"image":{"@id":"https:\/\/www.organisator.ch\/marketing\/2024-04-24\/kneipp-erleidet-vor-eu-gericht-niederlage-in-markenstreit\/#primaryimage"},"thumbnailUrl":"https:\/\/www.werbewoche.ch\/wp-content\/uploads\/2024\/04\/Kneipp-Logo-Markenstreit-Joy.jpg","keywords":["Marken","Markenstreit"],"articleSection":["MARKETING"],"inLanguage":"de"},{"@type":"WebPage","@id":"https:\/\/www.organisator.ch\/marketing\/2024-04-24\/kneipp-erleidet-vor-eu-gericht-niederlage-in-markenstreit\/","url":"https:\/\/www.organisator.ch\/marketing\/2024-04-24\/kneipp-erleidet-vor-eu-gericht-niederlage-in-markenstreit\/","name":"Kneipp erleidet vor EU-Gericht Niederlage in Markenstreit - Organisator","isPartOf":{"@id":"https:\/\/www.organisator.ch\/#website"},"primaryImageOfPage":{"@id":"https:\/\/www.organisator.ch\/marketing\/2024-04-24\/kneipp-erleidet-vor-eu-gericht-niederlage-in-markenstreit\/#primaryimage"},"image":{"@id":"https:\/\/www.organisator.ch\/marketing\/2024-04-24\/kneipp-erleidet-vor-eu-gericht-niederlage-in-markenstreit\/#primaryimage"},"thumbnailUrl":"https:\/\/www.werbewoche.ch\/wp-content\/uploads\/2024\/04\/Kneipp-Logo-Markenstreit-Joy.jpg","datePublished":"2024-04-24T09:17:27+00:00","dateModified":"2024-11-11T05:41:17+00:00","description":"Kneipp verliert vor EU-Gericht: \"Joyful by Nature\" Marke kollidiert mit \"Joy\" von Maison Jean Patou. EUIPO gibt Widerspruch recht.","breadcrumb":{"@id":"https:\/\/www.organisator.ch\/marketing\/2024-04-24\/kneipp-erleidet-vor-eu-gericht-niederlage-in-markenstreit\/#breadcrumb"},"inLanguage":"de","potentialAction":[{"@type":"ReadAction","target":["https:\/\/www.organisator.ch\/marketing\/2024-04-24\/kneipp-erleidet-vor-eu-gericht-niederlage-in-markenstreit\/"]}]},{"@type":"ImageObject","inLanguage":"de","@id":"https:\/\/www.organisator.ch\/marketing\/2024-04-24\/kneipp-erleidet-vor-eu-gericht-niederlage-in-markenstreit\/#primaryimage","url":"https:\/\/www.werbewoche.ch\/wp-content\/uploads\/2024\/04\/Kneipp-Logo-Markenstreit-Joy.jpg","contentUrl":"https:\/\/www.werbewoche.ch\/wp-content\/uploads\/2024\/04\/Kneipp-Logo-Markenstreit-Joy.jpg"},{"@type":"BreadcrumbList","@id":"https:\/\/www.organisator.ch\/marketing\/2024-04-24\/kneipp-erleidet-vor-eu-gericht-niederlage-in-markenstreit\/#breadcrumb","itemListElement":[{"@type":"ListItem","position":1,"name":"Home","item":"https:\/\/www.organisator.ch\/"},{"@type":"ListItem","position":2,"name":"Kneipp erleidet vor EU-Gericht Niederlage in Markenstreit"}]},{"@type":"WebSite","@id":"https:\/\/www.organisator.ch\/#website","url":"https:\/\/www.organisator.ch\/","name":"Organisator","description":"Kompetent. Praxisnah. Der ORGANISATOR bereitet in 10 Ausgaben pro Jahr die wesentlichen Themen f\u00fcr F\u00fchrungskr\u00e4fte von KMU auf.","publisher":{"@id":"https:\/\/www.organisator.ch\/#organization"},"potentialAction":[{"@type":"SearchAction","target":{"@type":"EntryPoint","urlTemplate":"https:\/\/www.organisator.ch\/?s={search_term_string}"},"query-input":{"@type":"PropertyValueSpecification","valueRequired":true,"valueName":"search_term_string"}}],"inLanguage":"de"},{"@type":"Organization","@id":"https:\/\/www.organisator.ch\/#organization","name":"Organisator","url":"https:\/\/www.organisator.ch\/","logo":{"@type":"ImageObject","inLanguage":"de","@id":"https:\/\/www.organisator.ch\/#\/schema\/logo\/image\/","url":"https:\/\/www.organisator.ch\/wp-content\/uploads\/2022\/01\/Logo_Organisator_Website.png","contentUrl":"https:\/\/www.organisator.ch\/wp-content\/uploads\/2022\/01\/Logo_Organisator_Website.png","width":800,"height":77,"caption":"Organisator"},"image":{"@id":"https:\/\/www.organisator.ch\/#\/schema\/logo\/image\/"},"sameAs":["https:\/\/www.facebook.com\/OrganisatorFachmagazin","https:\/\/www.linkedin.com\/showcase\/organisator-das-magazin-fr-kmu","https:\/\/www.xing.com\/news\/pages\/organisator-ch-695","https:\/\/www.youtube.com\/channel\/UCGP2Sq0iWaZwT3BdIAQFYpw"]},{"@type":"Person","@id":"https:\/\/www.organisator.ch\/#\/schema\/person\/4e51799071cd2dd1232ac003643ef5f0","name":"galledia","image":{"@type":"ImageObject","inLanguage":"de","@id":"https:\/\/secure.gravatar.com\/avatar\/78a7f90c01fc2bfc875782a0d4922b37cde2cf184ce347b91316d23cd7f69a36?s=96&d=mm&r=g","url":"https:\/\/secure.gravatar.com\/avatar\/78a7f90c01fc2bfc875782a0d4922b37cde2cf184ce347b91316d23cd7f69a36?s=96&d=mm&r=g","contentUrl":"https:\/\/secure.gravatar.com\/avatar\/78a7f90c01fc2bfc875782a0d4922b37cde2cf184ce347b91316d23cd7f69a36?s=96&d=mm&r=g","caption":"galledia"},"sameAs":["https:\/\/x.com\/admin"],"url":"https:\/\/www.organisator.ch\/de\/author\/galledia\/"}]}},"_links":{"self":[{"href":"https:\/\/www.organisator.ch\/de\/wp-json\/wp\/v2\/posts\/26711","targetHints":{"allow":["GET"]}}],"collection":[{"href":"https:\/\/www.organisator.ch\/de\/wp-json\/wp\/v2\/posts"}],"about":[{"href":"https:\/\/www.organisator.ch\/de\/wp-json\/wp\/v2\/types\/post"}],"author":[{"embeddable":true,"href":"https:\/\/www.organisator.ch\/de\/wp-json\/wp\/v2\/users\/8"}],"replies":[{"embeddable":true,"href":"https:\/\/www.organisator.ch\/de\/wp-json\/wp\/v2\/comments?post=26711"}],"version-history":[{"count":3,"href":"https:\/\/www.organisator.ch\/de\/wp-json\/wp\/v2\/posts\/26711\/revisions"}],"predecessor-version":[{"id":32292,"href":"https:\/\/www.organisator.ch\/de\/wp-json\/wp\/v2\/posts\/26711\/revisions\/32292"}],"wp:attachment":[{"href":"https:\/\/www.organisator.ch\/de\/wp-json\/wp\/v2\/media?parent=26711"}],"wp:term":[{"taxonomy":"category","embeddable":true,"href":"https:\/\/www.organisator.ch\/de\/wp-json\/wp\/v2\/categories?post=26711"},{"taxonomy":"post_tag","embeddable":true,"href":"https:\/\/www.organisator.ch\/de\/wp-json\/wp\/v2\/tags?post=26711"}],"curies":[{"name":"wp","href":"https:\/\/api.w.org\/{rel}","templated":true}]}}