{"id":26828,"date":"2024-04-29T14:29:14","date_gmt":"2024-04-29T12:29:14","guid":{"rendered":"https:\/\/www.werbewoche.ch\/?p=214283"},"modified":"2024-11-11T06:28:26","modified_gmt":"2024-11-11T05:28:26","slug":"nach-30-jahren-goldblume-made-identity-schafft-neue-marke-switzerland-2","status":"publish","type":"post","link":"https:\/\/www.organisator.ch\/de\/marketing\/2024-04-29\/nach-30-jahren-goldblume-made-identity-schafft-neue-marke-switzerland-2\/","title":{"rendered":"Nach 30 Jahren Goldblume: Made Identity schafft neue Marke \u00abSwitzerland\u00bb"},"content":{"rendered":"<p><img class=\"aligncenter wp-image-214288 size-full\" src=\"https:\/\/www.werbewoche.ch\/wp-content\/uploads\/2024\/04\/MADE_Switzerland_Rebranding_Logo3.jpg\" alt=\"Schweiz Tourismus\" width=\"1200\" height=\"675\" \/><\/p>\r\n<p>1995 wurde aus der altehrw\u00fcrdigen \u00abSchweizerischen Verkehrszentrale SVZ\u00bb die heutige nationale Tourismusmarketing-Organisation Schweiz Tourismus (ST). Unter dem Dach eines neuen Logos, der \u00abGoldblume\u00bb, wurde damals gleichzeitig das gemeinsame Image der touristischen Schweiz geschaffen. Diese Goldblume bildete danach eine Generation lang das bekannte und beliebte Erkennungszeichen f\u00fcr die Schweizer Tourismuswerbung. W\u00e4hrend vieler Jahre bewarben nicht nur die damals neue Marketingorganisation ST, sondern auch eine Anzahl an Branchenorganisationen, Destinationen und Leistungstr\u00e4ger das touristische Angebot der Schweiz mit demselben Signet. Die Goldblume hat damit eine ganze Generation begleitet und wird heute von der Schweizer Bev\u00f6lkerung und von vielen G\u00e4sten mit der touristischen Schweiz in Verbindung gebracht.<\/p>\r\n<p>30 Jahre sp\u00e4ter haben sich die Anforderungen an eine Marke gewandelt. ST hat deshalb beschlossen, eine neue, einzigartige und wiedererkennbare digitale Schweizer Markenwelt zu erschaffen: Aus einem reinen Signet wird jetzt erstmals in der Geschichte der Schweizer Tourismuswerbung eine vollst\u00e4ndige Markenwelt. \u00abDie Goldblume pr\u00e4gte f\u00fcr eine Generation von Touristikern eine Epoche. Die Marke Switzerland vermittelt Vertrauen, pr\u00e4sentiert sich einem modernen Design und ist zukunftsweisend f\u00fcr eine weitere Generation angelegt\u00bb, erkl\u00e4rt ST-Direktor Martin Nydegger.<\/p>\r\n<p><\/p>\r\n<p>Die Marke reduziert sich von mehreren Logo-Varianten in allen Sprachen hin zu einer konsequenten \u00abOne Brand\u00bb-Strategie. Darum herum baut sich ein vielseitiges Brand-Ecosystem auf, das der Marke r\u00e4umlich, physisch und auch digital optimale Inszenierung erlauben soll. Damit erschliessen sich f\u00fcr Schweiz Tourismus neue M\u00f6glichkeiten, die Marke auf der internationalen B\u00fchne zu pr\u00e4sentieren.<\/p>\r\n<p>Entwickelt und umgesetzt wurde der neue Auftritt von der Z\u00fcrcher Branding-Agentur Made Identity. In einem umfassenden Brand Audit wurden die Anforderungen und Potenziale erfasst und schliesslich mit \u00abSwitzerland\u00bb erschlossen. Das Logo vereint dabei die beiden prominentesten Botschafter der Schweiz: den Namen \u00abSwitzerland\u00bb und die Flagge. Dabei nimmt der Schriftzug das Schweizerkreuz in seiner Mitte auf \u2013 und macht das ansonsten stille \u00abt\u00bb f\u00fcr einmal ganz laut.<\/p>\r\n<p><img class=\"aligncenter size-full wp-image-214284\" src=\"https:\/\/www.werbewoche.ch\/wp-content\/uploads\/2024\/04\/MADE_Switzerland_Rebranding_Anwendung1.jpg\" alt=\"\" width=\"1200\" height=\"675\" \/><\/p>\r\n<p>Der Farbklang \u00abHorizon\u00bb ist vom Alpengl\u00fchen inspiriert, f\u00e4chert das Schweizer Rot in f\u00fcnf Schattierungen auf und wird so zum vielseitigen Gestaltungselement, das den Absender auch ohne Logopr\u00e4senz erkennen lassen soll.<\/p>\r\n<p><img class=\"aligncenter size-full wp-image-214285\" src=\"https:\/\/www.werbewoche.ch\/wp-content\/uploads\/2024\/04\/MADE_Switzerland_Rebranding_Anwendung2.jpg\" alt=\"\" width=\"1200\" height=\"675\" \/><\/p>\r\n<p>\u00abSwitzerland\u00bb soll die Vielfalt der Reisedestination repr\u00e4sentieren, den Partner:innen eine sichtbare B\u00fchne bieten und G\u00e4ste kompromisslos ins Zentrum stellen. Das Markenerlebnis begleitet die G\u00e4ste entlang der gesamten Reise: vom ersten St\u00f6bern, durch die Planung und den Aufenthalt bis zum Souvenir. Die Marke wird zum Gastgeber.<\/p>\r\n<p>Ab Mittwoch wird \u00abSwitzerland\u00bb in s\u00e4mtlichen M\u00e4rkten lanciert und bis Ende Jahr laufend auf alle Massnahmen \u00fcbersetzt.<\/p>\r\n<p><a href=\"https:\/\/www.werbewoche.ch\/wp-content\/uploads\/2024\/04\/MADE_Switzerland_Rebranding_Logo2.jpg\"><img class=\"attachment-full size-full\" src=\"https:\/\/www.werbewoche.ch\/wp-content\/uploads\/2024\/04\/MADE_Switzerland_Rebranding_Logo2.jpg\" alt=\"\" width=\"1200\" height=\"675\" \/><\/a> <a href=\"https:\/\/www.werbewoche.ch\/wp-content\/uploads\/2024\/04\/MADE_Switzerland_Rebranding_Logo1.jpg\"><img class=\"attachment-full size-full\" src=\"https:\/\/www.werbewoche.ch\/wp-content\/uploads\/2024\/04\/MADE_Switzerland_Rebranding_Logo1.jpg\" alt=\"\" width=\"1200\" height=\"675\" \/><\/a><\/p>\r\n<div class=\"wp-video\" style=\"width: 768px\"><!-- [if lt IE 9]&gt;document.createElement('video');&lt;![endif]--> <video id=\"video-214283-1\" class=\"wp-video-shortcode\" preload=\"metadata\" controls=\"controls\" width=\"768\" height=\"432\"><a href=\"https:\/\/www.werbewoche.ch\/wp-content\/uploads\/2024\/04\/Switzerland_animiert.mp4\">https:\/\/www.werbewoche.ch\/wp-content\/uploads\/2024\/04\/Switzerland_animiert.mp4<\/a><\/video><\/div>\r\n<hr \/>\r\n<p><strong>Verantwortlich bei Schweiz Tourismus:<\/strong> Andr\u00e9 Hefti (CMO), Oliver Nyffeler (Head Productions), Martin Pally, (Head Campaigning), Anouk Blum, Claudia Brugger, Sarah Krauer, Samira Steriti (Project Management), Andrea Jenzer, Nadine Ackermann, Susanne Berther, Jan Karlen (Graphic &amp; Media Design), Pascal Bloch (Specialist Multimedia Production), Kim Corpataux, Sariana Berchtold, Nicola F\u00fcrer, Matyas Fabian (Multimedia Producers), Andr\u00e9 Meier (Photography). <strong>Verantwortlich bei Made Identity: <\/strong>Georg Gadient (Strategie), Adrian Glatthorn (Creative Direction Branding), Alexander Weis (Creative Direction Digital), Zoe Heeb (Art Direction Branding), Jan Keller (Lead Consultant), Bettina Gugler, Mauro Simeon, Karin Hauser (Brand Design) Alessio Rattazzi (Motion Design).<\/p>","protected":false},"excerpt":{"rendered":"<p>30 Jahre lang war die Goldblume das Markenzeichen f\u00fcr die Reisedestination Schweiz. Nun schl\u00e4gt Schweiz Tourismus ein neues Kapitel in der Markenf\u00fchrung auf. Am Montag wurde \u00abSwitzerland\u00bb in Genf pr\u00e4sentiert. Die neue Marke wurde von Made Identity erarbeitet und ist ab sofort im Einsatz.<\/p>\n","protected":false},"author":8,"featured_media":0,"comment_status":"closed","ping_status":"closed","sticky":false,"template":"","format":"standard","meta":{"_acf_changed":false,"_yoast_wpseo_focuskw":"Schweiz Tourismus","_yoast_wpseo_metadesc":"Schweiz Tourismus lanciert neue Markenwelt: Einzigartige \u00abOne Brand\u00bb-Strategie mit modernem Design und internationaler Ausrichtung.","articlekey":"","footnotes":""},"categories":[29],"tags":[4212,2617,2854],"class_list":["post-26828","post","type-post","status-publish","format-standard","hentry","category-marketing","tag-made-identity","tag-marken","tag-schweiz-tourismus"],"acf":[],"yoast_head":"<!-- This site is optimized with the Yoast SEO plugin v27.4 - https:\/\/yoast.com\/product\/yoast-seo-wordpress\/ -->\n<title>Nach 30 Jahren Goldblume: Made Identity schafft neue Marke \u00abSwitzerland\u00bb - Organisator<\/title>\n<meta name=\"description\" content=\"Schweiz Tourismus lanciert neue Markenwelt: Einzigartige \u00abOne Brand\u00bb-Strategie mit modernem Design und internationaler Ausrichtung.\" \/>\n<meta name=\"robots\" content=\"index, follow, max-snippet:-1, max-image-preview:large, max-video-preview:-1\" \/>\n<link rel=\"canonical\" href=\"https:\/\/www.organisator.ch\/de\/marketing\/2024-04-29\/nach-30-jahren-goldblume-made-identity-schafft-neue-marke-switzerland-2\/\" \/>\n<meta property=\"og:locale\" content=\"de_DE\" \/>\n<meta property=\"og:type\" content=\"article\" \/>\n<meta property=\"og:title\" content=\"Nach 30 Jahren Goldblume: Made Identity schafft neue Marke \u00abSwitzerland\u00bb - Organisator\" \/>\n<meta property=\"og:description\" content=\"Schweiz Tourismus lanciert neue Markenwelt: Einzigartige \u00abOne Brand\u00bb-Strategie mit modernem Design und internationaler Ausrichtung.\" \/>\n<meta property=\"og:url\" content=\"https:\/\/www.organisator.ch\/de\/marketing\/2024-04-29\/nach-30-jahren-goldblume-made-identity-schafft-neue-marke-switzerland-2\/\" \/>\n<meta property=\"og:site_name\" content=\"Organisator\" \/>\n<meta property=\"article:publisher\" content=\"https:\/\/www.facebook.com\/OrganisatorFachmagazin\" \/>\n<meta property=\"article:published_time\" content=\"2024-04-29T12:29:14+00:00\" \/>\n<meta property=\"article:modified_time\" content=\"2024-11-11T05:28:26+00:00\" \/>\n<meta property=\"og:image\" content=\"https:\/\/www.werbewoche.ch\/wp-content\/uploads\/2024\/04\/MADE_Switzerland_Rebranding_Logo3.jpg\" \/>\n<meta name=\"author\" content=\"galledia\" \/>\n<meta name=\"twitter:card\" content=\"summary_large_image\" \/>\n<meta name=\"twitter:creator\" content=\"@admin\" \/>\n<script type=\"application\/ld+json\" class=\"yoast-schema-graph\">{\"@context\":\"https:\\\/\\\/schema.org\",\"@graph\":[{\"@type\":\"Article\",\"@id\":\"https:\\\/\\\/www.organisator.ch\\\/marketing\\\/2024-04-29\\\/nach-30-jahren-goldblume-made-identity-schafft-neue-marke-switzerland-2\\\/#article\",\"isPartOf\":{\"@id\":\"https:\\\/\\\/www.organisator.ch\\\/marketing\\\/2024-04-29\\\/nach-30-jahren-goldblume-made-identity-schafft-neue-marke-switzerland-2\\\/\"},\"author\":{\"name\":\"galledia\",\"@id\":\"https:\\\/\\\/www.organisator.ch\\\/#\\\/schema\\\/person\\\/4e51799071cd2dd1232ac003643ef5f0\"},\"headline\":\"Nach 30 Jahren Goldblume: Made Identity schafft neue Marke \u00abSwitzerland\u00bb\",\"datePublished\":\"2024-04-29T12:29:14+00:00\",\"dateModified\":\"2024-11-11T05:28:26+00:00\",\"mainEntityOfPage\":{\"@id\":\"https:\\\/\\\/www.organisator.ch\\\/marketing\\\/2024-04-29\\\/nach-30-jahren-goldblume-made-identity-schafft-neue-marke-switzerland-2\\\/\"},\"wordCount\":528,\"publisher\":{\"@id\":\"https:\\\/\\\/www.organisator.ch\\\/#organization\"},\"image\":{\"@id\":\"https:\\\/\\\/www.organisator.ch\\\/marketing\\\/2024-04-29\\\/nach-30-jahren-goldblume-made-identity-schafft-neue-marke-switzerland-2\\\/#primaryimage\"},\"thumbnailUrl\":\"https:\\\/\\\/www.werbewoche.ch\\\/wp-content\\\/uploads\\\/2024\\\/04\\\/MADE_Switzerland_Rebranding_Logo3.jpg\",\"keywords\":[\"Made Identity\",\"Marken\",\"Schweiz Tourismus\"],\"articleSection\":[\"MARKETING\"],\"inLanguage\":\"de\"},{\"@type\":\"WebPage\",\"@id\":\"https:\\\/\\\/www.organisator.ch\\\/marketing\\\/2024-04-29\\\/nach-30-jahren-goldblume-made-identity-schafft-neue-marke-switzerland-2\\\/\",\"url\":\"https:\\\/\\\/www.organisator.ch\\\/marketing\\\/2024-04-29\\\/nach-30-jahren-goldblume-made-identity-schafft-neue-marke-switzerland-2\\\/\",\"name\":\"Nach 30 Jahren Goldblume: Made Identity schafft neue Marke \u00abSwitzerland\u00bb - Organisator\",\"isPartOf\":{\"@id\":\"https:\\\/\\\/www.organisator.ch\\\/#website\"},\"primaryImageOfPage\":{\"@id\":\"https:\\\/\\\/www.organisator.ch\\\/marketing\\\/2024-04-29\\\/nach-30-jahren-goldblume-made-identity-schafft-neue-marke-switzerland-2\\\/#primaryimage\"},\"image\":{\"@id\":\"https:\\\/\\\/www.organisator.ch\\\/marketing\\\/2024-04-29\\\/nach-30-jahren-goldblume-made-identity-schafft-neue-marke-switzerland-2\\\/#primaryimage\"},\"thumbnailUrl\":\"https:\\\/\\\/www.werbewoche.ch\\\/wp-content\\\/uploads\\\/2024\\\/04\\\/MADE_Switzerland_Rebranding_Logo3.jpg\",\"datePublished\":\"2024-04-29T12:29:14+00:00\",\"dateModified\":\"2024-11-11T05:28:26+00:00\",\"description\":\"Schweiz Tourismus lanciert neue Markenwelt: Einzigartige \u00abOne Brand\u00bb-Strategie mit modernem Design und internationaler Ausrichtung.\",\"breadcrumb\":{\"@id\":\"https:\\\/\\\/www.organisator.ch\\\/marketing\\\/2024-04-29\\\/nach-30-jahren-goldblume-made-identity-schafft-neue-marke-switzerland-2\\\/#breadcrumb\"},\"inLanguage\":\"de\",\"potentialAction\":[{\"@type\":\"ReadAction\",\"target\":[\"https:\\\/\\\/www.organisator.ch\\\/marketing\\\/2024-04-29\\\/nach-30-jahren-goldblume-made-identity-schafft-neue-marke-switzerland-2\\\/\"]}]},{\"@type\":\"ImageObject\",\"inLanguage\":\"de\",\"@id\":\"https:\\\/\\\/www.organisator.ch\\\/marketing\\\/2024-04-29\\\/nach-30-jahren-goldblume-made-identity-schafft-neue-marke-switzerland-2\\\/#primaryimage\",\"url\":\"https:\\\/\\\/www.werbewoche.ch\\\/wp-content\\\/uploads\\\/2024\\\/04\\\/MADE_Switzerland_Rebranding_Logo3.jpg\",\"contentUrl\":\"https:\\\/\\\/www.werbewoche.ch\\\/wp-content\\\/uploads\\\/2024\\\/04\\\/MADE_Switzerland_Rebranding_Logo3.jpg\"},{\"@type\":\"BreadcrumbList\",\"@id\":\"https:\\\/\\\/www.organisator.ch\\\/marketing\\\/2024-04-29\\\/nach-30-jahren-goldblume-made-identity-schafft-neue-marke-switzerland-2\\\/#breadcrumb\",\"itemListElement\":[{\"@type\":\"ListItem\",\"position\":1,\"name\":\"Home\",\"item\":\"https:\\\/\\\/www.organisator.ch\\\/\"},{\"@type\":\"ListItem\",\"position\":2,\"name\":\"Nach 30 Jahren Goldblume: Made Identity schafft neue Marke \u00abSwitzerland\u00bb\"}]},{\"@type\":\"WebSite\",\"@id\":\"https:\\\/\\\/www.organisator.ch\\\/#website\",\"url\":\"https:\\\/\\\/www.organisator.ch\\\/\",\"name\":\"Organisator\",\"description\":\"Kompetent. Praxisnah. Der ORGANISATOR bereitet in 10 Ausgaben pro Jahr die wesentlichen Themen f\u00fcr F\u00fchrungskr\u00e4fte von KMU auf.\",\"publisher\":{\"@id\":\"https:\\\/\\\/www.organisator.ch\\\/#organization\"},\"potentialAction\":[{\"@type\":\"SearchAction\",\"target\":{\"@type\":\"EntryPoint\",\"urlTemplate\":\"https:\\\/\\\/www.organisator.ch\\\/?s={search_term_string}\"},\"query-input\":{\"@type\":\"PropertyValueSpecification\",\"valueRequired\":true,\"valueName\":\"search_term_string\"}}],\"inLanguage\":\"de\"},{\"@type\":\"Organization\",\"@id\":\"https:\\\/\\\/www.organisator.ch\\\/#organization\",\"name\":\"Organisator\",\"url\":\"https:\\\/\\\/www.organisator.ch\\\/\",\"logo\":{\"@type\":\"ImageObject\",\"inLanguage\":\"de\",\"@id\":\"https:\\\/\\\/www.organisator.ch\\\/#\\\/schema\\\/logo\\\/image\\\/\",\"url\":\"https:\\\/\\\/www.organisator.ch\\\/wp-content\\\/uploads\\\/2022\\\/01\\\/Logo_Organisator_Website.png\",\"contentUrl\":\"https:\\\/\\\/www.organisator.ch\\\/wp-content\\\/uploads\\\/2022\\\/01\\\/Logo_Organisator_Website.png\",\"width\":800,\"height\":77,\"caption\":\"Organisator\"},\"image\":{\"@id\":\"https:\\\/\\\/www.organisator.ch\\\/#\\\/schema\\\/logo\\\/image\\\/\"},\"sameAs\":[\"https:\\\/\\\/www.facebook.com\\\/OrganisatorFachmagazin\",\"https:\\\/\\\/www.linkedin.com\\\/showcase\\\/organisator-das-magazin-fr-kmu\",\"https:\\\/\\\/www.xing.com\\\/news\\\/pages\\\/organisator-ch-695\",\"https:\\\/\\\/www.youtube.com\\\/channel\\\/UCGP2Sq0iWaZwT3BdIAQFYpw\"]},{\"@type\":\"Person\",\"@id\":\"https:\\\/\\\/www.organisator.ch\\\/#\\\/schema\\\/person\\\/4e51799071cd2dd1232ac003643ef5f0\",\"name\":\"galledia\",\"image\":{\"@type\":\"ImageObject\",\"inLanguage\":\"de\",\"@id\":\"https:\\\/\\\/secure.gravatar.com\\\/avatar\\\/78a7f90c01fc2bfc875782a0d4922b37cde2cf184ce347b91316d23cd7f69a36?s=96&d=mm&r=g\",\"url\":\"https:\\\/\\\/secure.gravatar.com\\\/avatar\\\/78a7f90c01fc2bfc875782a0d4922b37cde2cf184ce347b91316d23cd7f69a36?s=96&d=mm&r=g\",\"contentUrl\":\"https:\\\/\\\/secure.gravatar.com\\\/avatar\\\/78a7f90c01fc2bfc875782a0d4922b37cde2cf184ce347b91316d23cd7f69a36?s=96&d=mm&r=g\",\"caption\":\"galledia\"},\"sameAs\":[\"https:\\\/\\\/x.com\\\/admin\"],\"url\":\"https:\\\/\\\/www.organisator.ch\\\/de\\\/author\\\/galledia\\\/\"}]}<\/script>\n<!-- \/ Yoast SEO plugin. -->","yoast_head_json":{"title":"Nach 30 Jahren Goldblume: Made Identity schafft neue Marke \u00abSwitzerland\u00bb - Organisator","description":"Schweiz Tourismus lanciert neue Markenwelt: Einzigartige \u00abOne Brand\u00bb-Strategie mit modernem Design und internationaler Ausrichtung.","robots":{"index":"index","follow":"follow","max-snippet":"max-snippet:-1","max-image-preview":"max-image-preview:large","max-video-preview":"max-video-preview:-1"},"canonical":"https:\/\/www.organisator.ch\/de\/marketing\/2024-04-29\/nach-30-jahren-goldblume-made-identity-schafft-neue-marke-switzerland-2\/","og_locale":"de_DE","og_type":"article","og_title":"Nach 30 Jahren Goldblume: Made Identity schafft neue Marke \u00abSwitzerland\u00bb - Organisator","og_description":"Schweiz Tourismus lanciert neue Markenwelt: Einzigartige \u00abOne Brand\u00bb-Strategie mit modernem Design und internationaler Ausrichtung.","og_url":"https:\/\/www.organisator.ch\/de\/marketing\/2024-04-29\/nach-30-jahren-goldblume-made-identity-schafft-neue-marke-switzerland-2\/","og_site_name":"Organisator","article_publisher":"https:\/\/www.facebook.com\/OrganisatorFachmagazin","article_published_time":"2024-04-29T12:29:14+00:00","article_modified_time":"2024-11-11T05:28:26+00:00","og_image":[{"url":"https:\/\/www.werbewoche.ch\/wp-content\/uploads\/2024\/04\/MADE_Switzerland_Rebranding_Logo3.jpg","type":"","width":"","height":""}],"author":"galledia","twitter_card":"summary_large_image","twitter_creator":"@admin","schema":{"@context":"https:\/\/schema.org","@graph":[{"@type":"Article","@id":"https:\/\/www.organisator.ch\/marketing\/2024-04-29\/nach-30-jahren-goldblume-made-identity-schafft-neue-marke-switzerland-2\/#article","isPartOf":{"@id":"https:\/\/www.organisator.ch\/marketing\/2024-04-29\/nach-30-jahren-goldblume-made-identity-schafft-neue-marke-switzerland-2\/"},"author":{"name":"galledia","@id":"https:\/\/www.organisator.ch\/#\/schema\/person\/4e51799071cd2dd1232ac003643ef5f0"},"headline":"Nach 30 Jahren Goldblume: Made Identity schafft neue Marke \u00abSwitzerland\u00bb","datePublished":"2024-04-29T12:29:14+00:00","dateModified":"2024-11-11T05:28:26+00:00","mainEntityOfPage":{"@id":"https:\/\/www.organisator.ch\/marketing\/2024-04-29\/nach-30-jahren-goldblume-made-identity-schafft-neue-marke-switzerland-2\/"},"wordCount":528,"publisher":{"@id":"https:\/\/www.organisator.ch\/#organization"},"image":{"@id":"https:\/\/www.organisator.ch\/marketing\/2024-04-29\/nach-30-jahren-goldblume-made-identity-schafft-neue-marke-switzerland-2\/#primaryimage"},"thumbnailUrl":"https:\/\/www.werbewoche.ch\/wp-content\/uploads\/2024\/04\/MADE_Switzerland_Rebranding_Logo3.jpg","keywords":["Made Identity","Marken","Schweiz Tourismus"],"articleSection":["MARKETING"],"inLanguage":"de"},{"@type":"WebPage","@id":"https:\/\/www.organisator.ch\/marketing\/2024-04-29\/nach-30-jahren-goldblume-made-identity-schafft-neue-marke-switzerland-2\/","url":"https:\/\/www.organisator.ch\/marketing\/2024-04-29\/nach-30-jahren-goldblume-made-identity-schafft-neue-marke-switzerland-2\/","name":"Nach 30 Jahren Goldblume: Made Identity schafft neue Marke \u00abSwitzerland\u00bb - Organisator","isPartOf":{"@id":"https:\/\/www.organisator.ch\/#website"},"primaryImageOfPage":{"@id":"https:\/\/www.organisator.ch\/marketing\/2024-04-29\/nach-30-jahren-goldblume-made-identity-schafft-neue-marke-switzerland-2\/#primaryimage"},"image":{"@id":"https:\/\/www.organisator.ch\/marketing\/2024-04-29\/nach-30-jahren-goldblume-made-identity-schafft-neue-marke-switzerland-2\/#primaryimage"},"thumbnailUrl":"https:\/\/www.werbewoche.ch\/wp-content\/uploads\/2024\/04\/MADE_Switzerland_Rebranding_Logo3.jpg","datePublished":"2024-04-29T12:29:14+00:00","dateModified":"2024-11-11T05:28:26+00:00","description":"Schweiz Tourismus lanciert neue Markenwelt: Einzigartige \u00abOne Brand\u00bb-Strategie mit modernem Design und internationaler Ausrichtung.","breadcrumb":{"@id":"https:\/\/www.organisator.ch\/marketing\/2024-04-29\/nach-30-jahren-goldblume-made-identity-schafft-neue-marke-switzerland-2\/#breadcrumb"},"inLanguage":"de","potentialAction":[{"@type":"ReadAction","target":["https:\/\/www.organisator.ch\/marketing\/2024-04-29\/nach-30-jahren-goldblume-made-identity-schafft-neue-marke-switzerland-2\/"]}]},{"@type":"ImageObject","inLanguage":"de","@id":"https:\/\/www.organisator.ch\/marketing\/2024-04-29\/nach-30-jahren-goldblume-made-identity-schafft-neue-marke-switzerland-2\/#primaryimage","url":"https:\/\/www.werbewoche.ch\/wp-content\/uploads\/2024\/04\/MADE_Switzerland_Rebranding_Logo3.jpg","contentUrl":"https:\/\/www.werbewoche.ch\/wp-content\/uploads\/2024\/04\/MADE_Switzerland_Rebranding_Logo3.jpg"},{"@type":"BreadcrumbList","@id":"https:\/\/www.organisator.ch\/marketing\/2024-04-29\/nach-30-jahren-goldblume-made-identity-schafft-neue-marke-switzerland-2\/#breadcrumb","itemListElement":[{"@type":"ListItem","position":1,"name":"Home","item":"https:\/\/www.organisator.ch\/"},{"@type":"ListItem","position":2,"name":"Nach 30 Jahren Goldblume: Made Identity schafft neue Marke \u00abSwitzerland\u00bb"}]},{"@type":"WebSite","@id":"https:\/\/www.organisator.ch\/#website","url":"https:\/\/www.organisator.ch\/","name":"Organisator","description":"Kompetent. Praxisnah. Der ORGANISATOR bereitet in 10 Ausgaben pro Jahr die wesentlichen Themen f\u00fcr F\u00fchrungskr\u00e4fte von KMU auf.","publisher":{"@id":"https:\/\/www.organisator.ch\/#organization"},"potentialAction":[{"@type":"SearchAction","target":{"@type":"EntryPoint","urlTemplate":"https:\/\/www.organisator.ch\/?s={search_term_string}"},"query-input":{"@type":"PropertyValueSpecification","valueRequired":true,"valueName":"search_term_string"}}],"inLanguage":"de"},{"@type":"Organization","@id":"https:\/\/www.organisator.ch\/#organization","name":"Organisator","url":"https:\/\/www.organisator.ch\/","logo":{"@type":"ImageObject","inLanguage":"de","@id":"https:\/\/www.organisator.ch\/#\/schema\/logo\/image\/","url":"https:\/\/www.organisator.ch\/wp-content\/uploads\/2022\/01\/Logo_Organisator_Website.png","contentUrl":"https:\/\/www.organisator.ch\/wp-content\/uploads\/2022\/01\/Logo_Organisator_Website.png","width":800,"height":77,"caption":"Organisator"},"image":{"@id":"https:\/\/www.organisator.ch\/#\/schema\/logo\/image\/"},"sameAs":["https:\/\/www.facebook.com\/OrganisatorFachmagazin","https:\/\/www.linkedin.com\/showcase\/organisator-das-magazin-fr-kmu","https:\/\/www.xing.com\/news\/pages\/organisator-ch-695","https:\/\/www.youtube.com\/channel\/UCGP2Sq0iWaZwT3BdIAQFYpw"]},{"@type":"Person","@id":"https:\/\/www.organisator.ch\/#\/schema\/person\/4e51799071cd2dd1232ac003643ef5f0","name":"galledia","image":{"@type":"ImageObject","inLanguage":"de","@id":"https:\/\/secure.gravatar.com\/avatar\/78a7f90c01fc2bfc875782a0d4922b37cde2cf184ce347b91316d23cd7f69a36?s=96&d=mm&r=g","url":"https:\/\/secure.gravatar.com\/avatar\/78a7f90c01fc2bfc875782a0d4922b37cde2cf184ce347b91316d23cd7f69a36?s=96&d=mm&r=g","contentUrl":"https:\/\/secure.gravatar.com\/avatar\/78a7f90c01fc2bfc875782a0d4922b37cde2cf184ce347b91316d23cd7f69a36?s=96&d=mm&r=g","caption":"galledia"},"sameAs":["https:\/\/x.com\/admin"],"url":"https:\/\/www.organisator.ch\/de\/author\/galledia\/"}]}},"_links":{"self":[{"href":"https:\/\/www.organisator.ch\/de\/wp-json\/wp\/v2\/posts\/26828","targetHints":{"allow":["GET"]}}],"collection":[{"href":"https:\/\/www.organisator.ch\/de\/wp-json\/wp\/v2\/posts"}],"about":[{"href":"https:\/\/www.organisator.ch\/de\/wp-json\/wp\/v2\/types\/post"}],"author":[{"embeddable":true,"href":"https:\/\/www.organisator.ch\/de\/wp-json\/wp\/v2\/users\/8"}],"replies":[{"embeddable":true,"href":"https:\/\/www.organisator.ch\/de\/wp-json\/wp\/v2\/comments?post=26828"}],"version-history":[{"count":7,"href":"https:\/\/www.organisator.ch\/de\/wp-json\/wp\/v2\/posts\/26828\/revisions"}],"predecessor-version":[{"id":32280,"href":"https:\/\/www.organisator.ch\/de\/wp-json\/wp\/v2\/posts\/26828\/revisions\/32280"}],"wp:attachment":[{"href":"https:\/\/www.organisator.ch\/de\/wp-json\/wp\/v2\/media?parent=26828"}],"wp:term":[{"taxonomy":"category","embeddable":true,"href":"https:\/\/www.organisator.ch\/de\/wp-json\/wp\/v2\/categories?post=26828"},{"taxonomy":"post_tag","embeddable":true,"href":"https:\/\/www.organisator.ch\/de\/wp-json\/wp\/v2\/tags?post=26828"}],"curies":[{"name":"wp","href":"https:\/\/api.w.org\/{rel}","templated":true}]}}