{"id":26857,"date":"2024-04-30T13:15:20","date_gmt":"2024-04-30T11:15:20","guid":{"rendered":"https:\/\/www.m-q.ch\/?p=19703"},"modified":"2024-11-11T06:26:43","modified_gmt":"2024-11-11T05:26:43","slug":"controlling-excellence-award-2024-fuer-bosch","status":"publish","type":"post","link":"https:\/\/www.organisator.ch\/de\/operational-excellence\/2024-04-30\/controlling-excellence-award-2024-fuer-bosch\/","title":{"rendered":"Controlling Excellence Award 2024 f\u00fcr Bosch"},"content":{"rendered":"<figure id=\"attachment_19710\" class=\"wp-caption alignnone\" style=\"width: 680px\" aria-describedby=\"caption-attachment-19710\"><img class=\"alignnone wp-image-19710 size-full\" src=\"https:\/\/www.m-q.ch\/wp-content\/uploads\/2024\/04\/ICV_Bild1_ps.jpg\" alt=\"Bosch myGreenBusiness\" width=\"680\" height=\"565\" \/>\r\n<figcaption id=\"caption-attachment-19710\" class=\"wp-caption-text\">ICV Vorstandsvorsitzender Prof. Dr. Heimo Losbichler (rechts) und Juryleiter Prof. Dr. Utz Sch\u00e4ffer (links)) mit dem Gewinnerteam von Bosch und Dr. Marco M\u00f6hrer (Co-Projektleiter im Corporate Office Sustainability Business Management). (Bild: www.icv-controlling.com)<\/figcaption>\r\n<\/figure>\r\n<p>\u201eEs setzt somit an einem zentralen Schmerzpunkt vieler Unternehmen an und entwickelt eine konkrete L\u00f6sung, die Controller massgeblich entlastet und es erm\u00f6glicht, freiwerdende Kapazit\u00e4ten f\u00fcr tiefergehende Analysen und steuerungsrelevante Fragestellungen zu nutzen\u201c, begr\u00fcndet Jury-Vorsitzender Prof. Dr. Utz Sch\u00e4ffer die Entscheidung f\u00fcr das Gewinnerprojekt zum hochrelevanten Thema Nachhaltigkeit.<\/p>\r\n<p>Mit seiner Controlling-L\u00f6sung \u201emyGreenBusiness\u201c verbessert das Technologie- und Dienstleistungsunternehmen die Steuerung und das Reporting zu wichtigen Kennzahlen des Nachhaltigkeitsmanagements. Zugleich lassen sich damit die Anforderungen an externe Berichtspflichten der EU-Taxonomie leichter umsetzen und zu einem konzernweiten, digitalen Taxonomie-Reporting ausbauen. Ziel ist es, einerseits mit Nachhaltigkeit zu den Wachstumszielen des Unternehmens beizutragen. Andererseits soll es Bosch bei der langfristigen Ausrichtung auf die Balance zwischen \u00f6konomischem, \u00f6kologischem und sozialem Handeln unterst\u00fctzen.<\/p>\r\n<h3><strong>Integrierte Betrachtung erm\u00f6glicht ganzheitliche Steuerung<\/strong><\/h3>\r\n<p>Zentraler Baustein f\u00fcr das digitale Taxonomie-Reporting ist die Verkn\u00fcpfung des Finanz- und Nachhaltigkeitscontrollings in einer IT-L\u00f6sung. Die integrierte Betrachtung des Unternehmenserfolgs erm\u00f6glicht eine ganzheitliche Steuerung des Produktportfolios und entlastet durch den hohen Digitalisierungsgrad: Bislang manuelle Routinet\u00e4tigkeiten, etwa aufgrund der Pflege klassischer Excel-Tabellen, entfallen. Controllerinnen und Controller k\u00f6nnen die nachhaltige Ausrichtung des Produktportfolios ihrer Organisationseinheit anhand der finanziellen Kenngr\u00f6ssen der Taxonomie transparent machen \u2013 eine optimale Basis f\u00fcr ihre Rolle als Business Partner des Managements. \u201eMit wenigen Klicks erhalten wir Einblick in unsere Taxonomie-Kennzahlen entlang des gesamten Produkt- und Serviceportfolios\u201c, erkl\u00e4rt dazu Patrick Hehl, Co-Projektleiter im Corporate Office Finance und Reporting bei Bosch.<\/p>\r\n<h3><strong>Realisierung in weniger als einem Jahr<\/strong><\/h3>\r\n<p>Das Projektteam hatte mit der Entwicklung der L\u00f6sung im April 2023 gestartet und sein Ziel schon wenige Monate sp\u00e4ter erreicht: Im Februar 2024 hat die schrittweise Einf\u00fchrung f\u00fcr die Endanwender begonnen. In der Endausbaustufe sollen unternehmensweit rund 950 Nutzer in Zentralfunktionen, Gesch\u00e4ftsbereichen und Rechtseinheiten mit \u201emyGreenBusiness\u201c arbeiten. \u201eWir konnten bei der Entwicklung auf die umfassende Erfahrung zur\u00fcckgreifen, die wir mit der Digitalisierung im Finanzbereich schon gesammelt haben\u201c, sagt Patrick Hehl, und: \u201eWesentlich f\u00fcr den schnellen Erfolg war auch die Integration einer vorhandenen Controlling-L\u00f6sung, mit der Entwickler und Anwender bereits vertraut waren.\u201c<\/p>\r\n<h3><strong>Boschs myGreenBusiness vereint aktuelle Anforderungen<\/strong><\/h3>\r\n<p>Die Taxonomie-KPIs Umsatz sowie Investitions- und Betriebsausgaben bilden die Nachhaltigkeitsleistung von Bosch gem\u00e4ss EU-Taxonomie in myGreenBusiness ab. Im Fall von Zielabweichungen ist somit fr\u00fchzeitiges Gegensteuern m\u00f6glich. \u201eMit der Einf\u00fchrung von myGreenBusiness k\u00f6nnen wir die gesetzlichen Vorgaben der EU-Taxonomie leichter umsetzen. Die konzernweite Transparenz \u00fcber unsere nachhaltigen Produkte wird durch effizientere Abl\u00e4ufe und die ganzheitliche Steuerbarkeit des Produktportfolios zudem auch zum Wettbewerbsvorteil\u201c, erl\u00e4utert Dr. Marco M\u00f6hrer, Co-Projektleiter im Corporate Office Sustainability Business Management bei Bosch.<\/p>\r\n<h3><strong>Projekt-Erfahrung in die Controlling-Community tragen<\/strong><\/h3>\r\n<p>Die Bosch-eigene IT-L\u00f6sung myGreenBusiness ist Teil eines Projekts, das die unternehmensweite Implementierung der EU-Taxonomie und EU Corporate Sustainability Reporting Directive (CSRD) zum Ziel hat. Patrick Hehl betont dazu die Vorteile der Zusammenarbeit: \u201eDie gemeinsam konzipierte Controlling-Applikation zeigt das grosse Potenzial, das die enge Verschmelzung der Disziplinen Controlling, Nachhaltigkeit und Finanzen bietet.\u201c Beide Co-Projektleiter sind sich einig \u00fcber die Bedeutung der \u00fcbergreifenden Teamarbeit. Dazu Dr. Marco M\u00f6hrer mit Blick auf die Auszeichnung: \u201eNachhaltigkeit ist ein Thema, das alle in der Wirtschaft gleichermassen verpflichtet. Unsere Erfahrungen aus dem Projekt wollen wir daher in die Controlling-Community einbringen \u2013 der ICV Controlling Excellence Award ist uns ein Ansporn dazu.\u201c<\/p>\r\n<h3><strong>\u00d6sterreichische Post und Vetter Pharma-Fertigung \u00fcberzeugen ebenfalls<\/strong><\/h3>\r\n<p>Das Projekt von Bosch hat sich gegen die Einreichungen der ebenfalls f\u00fcr den ICV Controlling Excellence Award 2024 nominierten Unternehmen Vetter Pharma-Fertigung GmbH &amp; Co. KG, Ravensburg, sowie \u00d6sterreichische Post AG, Wien, durchgesetzt. Dabei betont Prof. Dr. Utz Sch\u00e4ffer: \u201eWir als Jury sind sehr davon \u00fcberzeugt, dass die nominierten L\u00f6sungen erneut auf vorbildliche Art und Weise f\u00fcr Excellenz im Controlling stehen und dabei die ganze Bandbreite zwischen innovativer L\u00f6sung mit Vorbildcharakter \u2013 neben Robert Bosch die \u00d6sterreichische Post mit einem agilen Controlling Framework \u2013 und erfolgreicher Umsetzung einer integrierten Unternehmenssteuerung im Mittelstand wie bei Vetter Pharma abdecken.\u201c<\/p>\r\n<h3><strong>\u00d6sterreichische Post: Agile Prinzipien in der Finanzarbeit weiter ausgerollt<\/strong><\/h3>\r\n<p>Das Controlling-Team der \u00d6sterreichischen Post AG hat sich mit einem agilen Framework f\u00fcr das gesamte Konzerncontrolling befasst, um besser und schneller auf sich ver\u00e4ndernde Rahmenbedingungen reagieren zu k\u00f6nnen. Dazu wurden anderem ein neuer Priorisierungsprozess f\u00fcr die Topthemen des Folgejahres, OKRs als Tool f\u00fcr komplexere Aufgabenstellungen und ein sogenannter \u201eCycle of Clarity\u201c, der f\u00fcr klarere Zielsetzungen sorgen soll, entwickelt. Damit, lobt Utz Sch\u00e4ffer, werden \u201eSchritt f\u00fcr Schritt die agilen Prinzipien nun auch auf andere Aspekte der Arbeit im Finanzbereich ausgerollt\u201c, und: \u201eIm Ergebnis sehen wir im Controlling der \u00d6sterreichischen Post nicht nur k\u00fcrzere Prozessdurchlaufzeiten und Fortschritte bei der Prozess- bzw. Projektqualit\u00e4t. Die agile Transformation hat zudem zu mehr Eigenverantwortung, neuen Entwicklungspfaden f\u00fcr Controller und einem st\u00e4rkeren Fokus auf strategische Themen gef\u00fchrt.\u201c<\/p>\r\n<h3><strong>Vetter Pharma-Fertigung: Konsequentes, umfassendes Vorgehen beeindruckt<\/strong><\/h3>\r\n<p>Vetter Pharma-Fertigung hat sich die Operationalisierung der Vetter Finance Strategie 2025 am Beispiel der integrierten Unternehmenssteuerung vorgenommen, mit dem Ziel der Weiterentwicklung hin zu einem ganzheitlichen strategischen und operativen Steuerungskonzept auf Basis vollintegrierter und automatisierter Daten. Das Konzept beinhaltet eine rollierende 24-monatige Umsatzplanung, die auf einer kapazit\u00e4tsgepr\u00fcften Produktionsplanung \u00fcber alle Wertsch\u00f6pfungsstufen basiert, eine einheitliche, konsistente Informationsbasis, interaktive Dashboards, Process Mining und Analytics Bausteine und nicht zuletzt eine Ausdifferenzierung der Controller-Rollen. Was die Award-Jury bei diesem Projekt \u00fcberzeugt hat: \u201eJeder einzelne Baustein in diesem Konzept ist nicht grunds\u00e4tzlich neu oder spektakul\u00e4r innovativ und noch nie gesehen. Uns hat aber das konsequente und umfassende Vorgehen in einem mittelst\u00e4ndischen Kontext beeindruckt\u201c, denn: \u201eIm Ergebnis zeigt sich bei Vetter Pharma ein deutlich geringerer Aufwand in der Unternehmenssteuerung, eine h\u00f6here Datenqualit\u00e4t, -Transparenz und Akzeptanz sowie eine bessere Interaktion mit dem Management\u201c, fasst Utz Sch\u00e4ffer zusammen.<\/p>\r\n<h3><strong>Der ICV Controlling Excellence Award: renommierte Auszeichnung seit 2003<\/strong><\/h3>\r\n<p>Mit dem Controlling Excellence Award zeichnet der ICV seit 2003 \u00fcberzeugende Controlling-Projekte aus, die f\u00fcr das einreichende Unternehmen eine massgebliche Unterst\u00fctzung bedeuten, weil sie genauso innovativ wie praxistauglich sind. Unter der Leitung von Prof. Dr. Utz Sch\u00e4ffer (WHU \u2013 Otto Beisheim School of Management) w\u00e4gen die Jurymitglieder Prof. Dr. Andreas Seufert (Hochschule f\u00fcr Wirtschaft und Gesellschaft Ludwigshafen, Institut f\u00fcr Business Intelligence an der Steinbeis Hochschule Berlin), Prof. Dr. Ute Vanini (u.a. FH Kiel), Roland Iff (u.a. ehem. CFO Geberit); Dipl. Wirt. Ing. Jens Bieniek (u.a. ehem. CFO BLG Logistics) und Dr. rer. pol. Lars Gr\u00fcnert (CFO TRUMPF Werkzeugmaschinen) genau ab, wer am Ende neben Titel und Preisgeld auch das internationale Renomm\u00e9e des ICV Controlling Excellence Awards sein Eigen nennen darf. Die Hauptsponsoren des mit 3.000 Euro dotierten Preises sind in Atvisio und smartPM.solutions. Bewerbungen sind jeweils bis Ende Januar f\u00fcr den Award des dann laufenden Jahres m\u00f6glich.<\/p>\r\n<h3><strong>Der ICV setzt seit fast 50 Jahren Standards f\u00fcr Controlling Excellence<\/strong><\/h3>\r\n<p>Der Internationale Controller Verein (ICV) mit Gesch\u00e4ftsstelle in W\u00f6rthsee, Deutschland, hat in fast 50 Jahren f\u00fcr Controlling und Controller:innen gleichermassen Standards gesetzt und ist heute die Kompetenz-Adresse f\u00fcr Controlling Excellence in Europa. Die rund 6.000 Mitglieder und rund 260 Firmenmitglieder profitieren von einem weit gespannten Netzwerk, zentralen Ansprechpartner:innen, hochkar\u00e4tigen Fachveranstaltungen, Awards f\u00fcr exzellente Arbeiten sowie von mehr als 60 Arbeitskreisen. Diese sind regional ausgerichtet, widmen sich bestimmten Branchen oder Fachthemen. Der Verein bringt Theorie und Praxis, Trends und Bew\u00e4hrtes, Fachwissen und Fachk\u00f6nnen zusammen und bietet damit ein Komplett-Angebot f\u00fcr Controller:innen, CFOs und alle, die Controlling und Unternehmenssteuerung im Fokus haben.<\/p>\r\n<h3><strong>Im \u00dcberblick: Alle Preistr\u00e4ger des ICV Controlling Excellence Awards seit 2003<\/strong><\/h3>\r\n<blockquote>\r\n<p><strong>2024 Bosch <\/strong>\u2013 myGreenBusiness \u2013 Digitalisierung des EU- Taxonomie-Reportings<\/p>\r\n<\/blockquote>\r\n<blockquote>\r\n<p><strong>2023 Merck KGaA <\/strong>\u2013 Enabling High-Impact Culture in Financial Steering<\/p>\r\n<\/blockquote>\r\n<blockquote>\r\n<p><strong>2022 Deutsche Post DHL Group <\/strong>\u2013 Integration der Nachhaltigkeitsziele im Controlling von Deutsche Post DHL Group<\/p>\r\n<\/blockquote>\r\n<blockquote>\r\n<p><strong>2021 Robert Bosch GmbH<\/strong>, Controller of the Future \u2013 People make the Difference<\/p>\r\n<\/blockquote>\r\n<blockquote>\r\n<p><strong>2020 BASF SE<\/strong>, PACE \u2013 Predictive Analytics Estimate<\/p>\r\n<\/blockquote>\r\n<blockquote>\r\n<p><strong>2019 Unitymedia GmbH<\/strong>, Strom \u2013Value Stearing Roadmap. Etablierung einer wertorientierten Steuerung<\/p>\r\n<\/blockquote>\r\n<blockquote>\r\n<p><strong>2018 Robert Bosch GmbH<\/strong>, Big Data \u2013 Basierter Ansatz zur Optimierung NWC bei Bosch Diesel Systems<\/p>\r\n<\/blockquote>\r\n<blockquote>\r\n<p><strong>2017 EDEKA Handelsgesellschaft S\u00fcdwest mbH<\/strong>, Richtung gebende L\u00f6sung zur umfassenden Ver\u00e4nderung des Steuerungssystems und des Controllings<\/p>\r\n<\/blockquote>\r\n<blockquote>\r\n<p><strong>2016 Covestro Deutschland AG<\/strong>, Umfassendes Re-Design des gesamten Controllings als Folge des Carve Outs von Covestro aus dem Bayer-Konzern<\/p>\r\n<\/blockquote>\r\n<blockquote>\r\n<p><strong>2015 RWE AG<\/strong>, Ber\u00fccksichtigung von Biases in Entscheidungsprozessen<\/p>\r\n<\/blockquote>\r\n<blockquote>\r\n<p><strong>2014 EliteMedianet GmbH<\/strong>, Controlling- &amp; Analyse-Team, Projekt MEDIA-KOMPASS Regressionsgest\u00fctzte Optimierung der Allokation des Werbebudgets<\/p>\r\n<\/blockquote>\r\n<blockquote>\r\n<p><strong>2013 Deutsche Lufthansa AG<\/strong>, Projektteam Bandbreitenplanung, Bandbreitensimulation im Luftverkehrspassagiergesch\u00e4ft<\/p>\r\n<\/blockquote>\r\n<blockquote>\r\n<p><strong>2012 Otto GmbH &amp; Co KG, <\/strong>Service Center Lieferantenverkehr, Einf\u00fchrung einer Prozesskostenrechnung im Service Center Lieferantenverkehr der Otto Group<\/p>\r\n<\/blockquote>\r\n<blockquote>\r\n<p><strong>2011 McDonald\u2018s Deutschland Inc<\/strong>., Projektteam Controlling, Initiativen-Controlling McCaf\u00e9<\/p>\r\n<\/blockquote>\r\n<blockquote>\r\n<p><strong>2010 Bundesagentur f\u00fcr Arbeit<\/strong>, Bereich Controlling, Entwicklung des Tools \u201eSAMP\u201c<\/p>\r\n<\/blockquote>\r\n<blockquote>\r\n<p><strong>2009 FIEGE Stiftung GmbH &amp; Co. KG<\/strong>, Bernd Voss, stellvertretend f\u00fcr das Logistik Controlling Team<\/p>\r\n<\/blockquote>\r\n<blockquote>\r\n<p><strong>2008 Lufthansa CityLine GmbH<\/strong>, Neuausrichtung der Unternehmenssteuerung<\/p>\r\n<\/blockquote>\r\n<blockquote>\r\n<p><strong>2008 Wittlinger Therapiezentrum \/ Dr. Vodder Akademie<\/strong>, Entwicklung eines Prozess-, Qualit\u00e4ts-, und Finanzcontrolling im Zusammenspiel<\/p>\r\n<\/blockquote>\r\n<blockquote>\r\n<p><strong>2007 Hansgrohe AG<\/strong>, Business Development, Sales Up! \u2013 Wachstum gegen den Trend!<\/p>\r\n<\/blockquote>\r\n<blockquote>\r\n<p><strong>2006 Kaufhof Warenhaus AG<\/strong>, Leitungsbereich Controlling &amp; Projekte, Marktorientierte Filialsteuerung<\/p>\r\n<\/blockquote>\r\n<blockquote>\r\n<p><strong>2005 T-Online International AG<\/strong>, Steuerung von Wachstumsunternehmen \u00fcber die Effizienzmatrix<\/p>\r\n<\/blockquote>\r\n<blockquote>\r\n<p><strong>2004 Aventis Pharma Deutschland GmbH<\/strong>, FACTs Team, Finance Analyzing &amp; Controlling Tools \u2013 FACTs<\/p>\r\n<\/blockquote>\r\n<blockquote>\r\n<p><strong>2003 SICK AG Waldkirch<\/strong>, Controller-Team, Planungs- und Berichts-Konzept One Page Only \u2013 OPO<\/p>\r\n<\/blockquote>\r\n<p><em>Quelle: <a href=\"http:\/\/www.icv-controlling.com\/\">www.icv-controlling.com<\/a><\/em><\/p>\n<p class=\"syndicated-attribution\">Dieser Beitrag erschien urspr\u00fcnglich auf m-q.ch - <a href=\"https:\/\/www.m-q.ch\/de\/controlling-excellence-award-2024-fuer-bosch\/\" target=\"_blank\">https:\/\/www.m-q.ch\/de\/controlling-excellence-award-2024-fuer-bosch\/<\/a><\/p>","protected":false},"excerpt":{"rendered":"<p>Der ICV Controlling Excellence Award 2024 geht an das Technologie- und Dienstleistungsunternehmen Bosch f\u00fcr das Projekt \u201emyGreenBusiness \u2013 Digitalisierung des EU-Taxonomie-Reportings\u201c. Die beim 48. Congress der Controller in M\u00fcnchen ausgezeichnete L\u00f6sung verbessert die Steuerung f\u00fcr ein nachhaltiges Produktportfolio, vereinfacht die Umsetzung der EU-Taxonomie f\u00fcr externe Berichtspflichten und unterst\u00fctzt Controller:innen in ihrer Rolle als Management-Berater:innen.<\/p>\n","protected":false},"author":58,"featured_media":0,"comment_status":"closed","ping_status":"closed","sticky":false,"template":"","format":"standard","meta":{"_acf_changed":false,"_yoast_wpseo_focuskw":"Bosch myGreenBusiness","_yoast_wpseo_metadesc":"Bosch gewinnt ICV Controlling Excellence Award 2024 mit myGreenBusiness: Nachhaltigkeitssteuerung und digitales Taxonomie-Reporting.","articlekey":"","footnotes":""},"categories":[582,580],"tags":[66,103,4163,492],"class_list":["post-26857","post","type-post","status-publish","format-standard","hentry","category-operational-excellence","category-sustainability","tag-awards","tag-business-excellence","tag-controller","tag-unternehmen"],"acf":[],"yoast_head":"<!-- This site is optimized with the Yoast SEO plugin v27.5 - https:\/\/yoast.com\/product\/yoast-seo-wordpress\/ -->\n<title>Controlling Excellence Award 2024 f\u00fcr Bosch - Organisator<\/title>\n<meta name=\"description\" content=\"Bosch gewinnt ICV Controlling Excellence Award 2024 mit myGreenBusiness: Nachhaltigkeitssteuerung und digitales Taxonomie-Reporting.\" \/>\n<meta name=\"robots\" content=\"index, follow, max-snippet:-1, max-image-preview:large, max-video-preview:-1\" \/>\n<link rel=\"canonical\" href=\"https:\/\/www.organisator.ch\/de\/operational-excellence\/2024-04-30\/controlling-excellence-award-2024-fuer-bosch\/\" \/>\n<meta property=\"og:locale\" content=\"de_DE\" \/>\n<meta property=\"og:type\" content=\"article\" \/>\n<meta property=\"og:title\" content=\"Controlling Excellence Award 2024 f\u00fcr Bosch - Organisator\" \/>\n<meta property=\"og:description\" content=\"Bosch gewinnt ICV Controlling Excellence Award 2024 mit myGreenBusiness: Nachhaltigkeitssteuerung und digitales Taxonomie-Reporting.\" \/>\n<meta property=\"og:url\" content=\"https:\/\/www.organisator.ch\/de\/operational-excellence\/2024-04-30\/controlling-excellence-award-2024-fuer-bosch\/\" \/>\n<meta property=\"og:site_name\" content=\"Organisator\" \/>\n<meta property=\"article:publisher\" content=\"https:\/\/www.facebook.com\/OrganisatorFachmagazin\" \/>\n<meta property=\"article:published_time\" content=\"2024-04-30T11:15:20+00:00\" \/>\n<meta property=\"article:modified_time\" content=\"2024-11-11T05:26:43+00:00\" \/>\n<meta property=\"og:image\" content=\"https:\/\/www.m-q.ch\/wp-content\/uploads\/2024\/04\/ICV_Bild1_ps.jpg\" \/>\n<meta name=\"author\" content=\"Adelisa Kalajdzini\" \/>\n<meta name=\"twitter:card\" content=\"summary_large_image\" \/>\n<script type=\"application\/ld+json\" class=\"yoast-schema-graph\">{\"@context\":\"https:\\\/\\\/schema.org\",\"@graph\":[{\"@type\":\"Article\",\"@id\":\"https:\\\/\\\/www.organisator.ch\\\/operational-excellence\\\/2024-04-30\\\/controlling-excellence-award-2024-fuer-bosch\\\/#article\",\"isPartOf\":{\"@id\":\"https:\\\/\\\/www.organisator.ch\\\/operational-excellence\\\/2024-04-30\\\/controlling-excellence-award-2024-fuer-bosch\\\/\"},\"author\":{\"name\":\"Adelisa Kalajdzini\",\"@id\":\"https:\\\/\\\/www.organisator.ch\\\/#\\\/schema\\\/person\\\/2e1314a2172123f874db408d8911d3f3\"},\"headline\":\"Controlling Excellence Award 2024 f\u00fcr Bosch\",\"datePublished\":\"2024-04-30T11:15:20+00:00\",\"dateModified\":\"2024-11-11T05:26:43+00:00\",\"mainEntityOfPage\":{\"@id\":\"https:\\\/\\\/www.organisator.ch\\\/operational-excellence\\\/2024-04-30\\\/controlling-excellence-award-2024-fuer-bosch\\\/\"},\"wordCount\":1544,\"publisher\":{\"@id\":\"https:\\\/\\\/www.organisator.ch\\\/#organization\"},\"image\":{\"@id\":\"https:\\\/\\\/www.organisator.ch\\\/operational-excellence\\\/2024-04-30\\\/controlling-excellence-award-2024-fuer-bosch\\\/#primaryimage\"},\"thumbnailUrl\":\"https:\\\/\\\/www.m-q.ch\\\/wp-content\\\/uploads\\\/2024\\\/04\\\/ICV_Bild1_ps.jpg\",\"keywords\":[\"Awards\",\"Business Excellence\",\"Controller\",\"Unternehmen\"],\"articleSection\":[\"OPERATIONAL EXCELLENCE\",\"SUSTAINABILITY\"],\"inLanguage\":\"de\"},{\"@type\":\"WebPage\",\"@id\":\"https:\\\/\\\/www.organisator.ch\\\/operational-excellence\\\/2024-04-30\\\/controlling-excellence-award-2024-fuer-bosch\\\/\",\"url\":\"https:\\\/\\\/www.organisator.ch\\\/operational-excellence\\\/2024-04-30\\\/controlling-excellence-award-2024-fuer-bosch\\\/\",\"name\":\"Controlling Excellence Award 2024 f\u00fcr Bosch - Organisator\",\"isPartOf\":{\"@id\":\"https:\\\/\\\/www.organisator.ch\\\/#website\"},\"primaryImageOfPage\":{\"@id\":\"https:\\\/\\\/www.organisator.ch\\\/operational-excellence\\\/2024-04-30\\\/controlling-excellence-award-2024-fuer-bosch\\\/#primaryimage\"},\"image\":{\"@id\":\"https:\\\/\\\/www.organisator.ch\\\/operational-excellence\\\/2024-04-30\\\/controlling-excellence-award-2024-fuer-bosch\\\/#primaryimage\"},\"thumbnailUrl\":\"https:\\\/\\\/www.m-q.ch\\\/wp-content\\\/uploads\\\/2024\\\/04\\\/ICV_Bild1_ps.jpg\",\"datePublished\":\"2024-04-30T11:15:20+00:00\",\"dateModified\":\"2024-11-11T05:26:43+00:00\",\"description\":\"Bosch gewinnt ICV Controlling Excellence Award 2024 mit myGreenBusiness: Nachhaltigkeitssteuerung und digitales Taxonomie-Reporting.\",\"breadcrumb\":{\"@id\":\"https:\\\/\\\/www.organisator.ch\\\/operational-excellence\\\/2024-04-30\\\/controlling-excellence-award-2024-fuer-bosch\\\/#breadcrumb\"},\"inLanguage\":\"de\",\"potentialAction\":[{\"@type\":\"ReadAction\",\"target\":[\"https:\\\/\\\/www.organisator.ch\\\/operational-excellence\\\/2024-04-30\\\/controlling-excellence-award-2024-fuer-bosch\\\/\"]}]},{\"@type\":\"ImageObject\",\"inLanguage\":\"de\",\"@id\":\"https:\\\/\\\/www.organisator.ch\\\/operational-excellence\\\/2024-04-30\\\/controlling-excellence-award-2024-fuer-bosch\\\/#primaryimage\",\"url\":\"https:\\\/\\\/www.m-q.ch\\\/wp-content\\\/uploads\\\/2024\\\/04\\\/ICV_Bild1_ps.jpg\",\"contentUrl\":\"https:\\\/\\\/www.m-q.ch\\\/wp-content\\\/uploads\\\/2024\\\/04\\\/ICV_Bild1_ps.jpg\"},{\"@type\":\"BreadcrumbList\",\"@id\":\"https:\\\/\\\/www.organisator.ch\\\/operational-excellence\\\/2024-04-30\\\/controlling-excellence-award-2024-fuer-bosch\\\/#breadcrumb\",\"itemListElement\":[{\"@type\":\"ListItem\",\"position\":1,\"name\":\"Home\",\"item\":\"https:\\\/\\\/www.organisator.ch\\\/\"},{\"@type\":\"ListItem\",\"position\":2,\"name\":\"Controlling Excellence Award 2024 f\u00fcr Bosch\"}]},{\"@type\":\"WebSite\",\"@id\":\"https:\\\/\\\/www.organisator.ch\\\/#website\",\"url\":\"https:\\\/\\\/www.organisator.ch\\\/\",\"name\":\"Organisator\",\"description\":\"Kompetent. Praxisnah. Der ORGANISATOR bereitet in 10 Ausgaben pro Jahr die wesentlichen Themen f\u00fcr F\u00fchrungskr\u00e4fte von KMU auf.\",\"publisher\":{\"@id\":\"https:\\\/\\\/www.organisator.ch\\\/#organization\"},\"potentialAction\":[{\"@type\":\"SearchAction\",\"target\":{\"@type\":\"EntryPoint\",\"urlTemplate\":\"https:\\\/\\\/www.organisator.ch\\\/?s={search_term_string}\"},\"query-input\":{\"@type\":\"PropertyValueSpecification\",\"valueRequired\":true,\"valueName\":\"search_term_string\"}}],\"inLanguage\":\"de\"},{\"@type\":\"Organization\",\"@id\":\"https:\\\/\\\/www.organisator.ch\\\/#organization\",\"name\":\"Organisator\",\"url\":\"https:\\\/\\\/www.organisator.ch\\\/\",\"logo\":{\"@type\":\"ImageObject\",\"inLanguage\":\"de\",\"@id\":\"https:\\\/\\\/www.organisator.ch\\\/#\\\/schema\\\/logo\\\/image\\\/\",\"url\":\"https:\\\/\\\/www.organisator.ch\\\/wp-content\\\/uploads\\\/2022\\\/01\\\/Logo_Organisator_Website.png\",\"contentUrl\":\"https:\\\/\\\/www.organisator.ch\\\/wp-content\\\/uploads\\\/2022\\\/01\\\/Logo_Organisator_Website.png\",\"width\":800,\"height\":77,\"caption\":\"Organisator\"},\"image\":{\"@id\":\"https:\\\/\\\/www.organisator.ch\\\/#\\\/schema\\\/logo\\\/image\\\/\"},\"sameAs\":[\"https:\\\/\\\/www.facebook.com\\\/OrganisatorFachmagazin\",\"https:\\\/\\\/www.linkedin.com\\\/showcase\\\/organisator-das-magazin-fr-kmu\",\"https:\\\/\\\/www.xing.com\\\/news\\\/pages\\\/organisator-ch-695\",\"https:\\\/\\\/www.youtube.com\\\/channel\\\/UCGP2Sq0iWaZwT3BdIAQFYpw\"]},{\"@type\":\"Person\",\"@id\":\"https:\\\/\\\/www.organisator.ch\\\/#\\\/schema\\\/person\\\/2e1314a2172123f874db408d8911d3f3\",\"name\":\"Adelisa Kalajdzini\",\"image\":{\"@type\":\"ImageObject\",\"inLanguage\":\"de\",\"@id\":\"https:\\\/\\\/secure.gravatar.com\\\/avatar\\\/09a397c22ac58cad6f160ee8306348599df9df58a8ede73696226897b9fa4b24?s=96&d=mm&r=g\",\"url\":\"https:\\\/\\\/secure.gravatar.com\\\/avatar\\\/09a397c22ac58cad6f160ee8306348599df9df58a8ede73696226897b9fa4b24?s=96&d=mm&r=g\",\"contentUrl\":\"https:\\\/\\\/secure.gravatar.com\\\/avatar\\\/09a397c22ac58cad6f160ee8306348599df9df58a8ede73696226897b9fa4b24?s=96&d=mm&r=g\",\"caption\":\"Adelisa Kalajdzini\"},\"url\":\"https:\\\/\\\/www.organisator.ch\\\/de\\\/author\\\/adelisa-kalajdzini\\\/\"}]}<\/script>\n<!-- \/ Yoast SEO plugin. -->","yoast_head_json":{"title":"Controlling Excellence Award 2024 f\u00fcr Bosch - Organisator","description":"Bosch gewinnt ICV Controlling Excellence Award 2024 mit myGreenBusiness: Nachhaltigkeitssteuerung und digitales Taxonomie-Reporting.","robots":{"index":"index","follow":"follow","max-snippet":"max-snippet:-1","max-image-preview":"max-image-preview:large","max-video-preview":"max-video-preview:-1"},"canonical":"https:\/\/www.organisator.ch\/de\/operational-excellence\/2024-04-30\/controlling-excellence-award-2024-fuer-bosch\/","og_locale":"de_DE","og_type":"article","og_title":"Controlling Excellence Award 2024 f\u00fcr Bosch - Organisator","og_description":"Bosch gewinnt ICV Controlling Excellence Award 2024 mit myGreenBusiness: Nachhaltigkeitssteuerung und digitales Taxonomie-Reporting.","og_url":"https:\/\/www.organisator.ch\/de\/operational-excellence\/2024-04-30\/controlling-excellence-award-2024-fuer-bosch\/","og_site_name":"Organisator","article_publisher":"https:\/\/www.facebook.com\/OrganisatorFachmagazin","article_published_time":"2024-04-30T11:15:20+00:00","article_modified_time":"2024-11-11T05:26:43+00:00","og_image":[{"url":"https:\/\/www.m-q.ch\/wp-content\/uploads\/2024\/04\/ICV_Bild1_ps.jpg","type":"","width":"","height":""}],"author":"Adelisa Kalajdzini","twitter_card":"summary_large_image","schema":{"@context":"https:\/\/schema.org","@graph":[{"@type":"Article","@id":"https:\/\/www.organisator.ch\/operational-excellence\/2024-04-30\/controlling-excellence-award-2024-fuer-bosch\/#article","isPartOf":{"@id":"https:\/\/www.organisator.ch\/operational-excellence\/2024-04-30\/controlling-excellence-award-2024-fuer-bosch\/"},"author":{"name":"Adelisa Kalajdzini","@id":"https:\/\/www.organisator.ch\/#\/schema\/person\/2e1314a2172123f874db408d8911d3f3"},"headline":"Controlling Excellence Award 2024 f\u00fcr Bosch","datePublished":"2024-04-30T11:15:20+00:00","dateModified":"2024-11-11T05:26:43+00:00","mainEntityOfPage":{"@id":"https:\/\/www.organisator.ch\/operational-excellence\/2024-04-30\/controlling-excellence-award-2024-fuer-bosch\/"},"wordCount":1544,"publisher":{"@id":"https:\/\/www.organisator.ch\/#organization"},"image":{"@id":"https:\/\/www.organisator.ch\/operational-excellence\/2024-04-30\/controlling-excellence-award-2024-fuer-bosch\/#primaryimage"},"thumbnailUrl":"https:\/\/www.m-q.ch\/wp-content\/uploads\/2024\/04\/ICV_Bild1_ps.jpg","keywords":["Awards","Business Excellence","Controller","Unternehmen"],"articleSection":["OPERATIONAL EXCELLENCE","SUSTAINABILITY"],"inLanguage":"de"},{"@type":"WebPage","@id":"https:\/\/www.organisator.ch\/operational-excellence\/2024-04-30\/controlling-excellence-award-2024-fuer-bosch\/","url":"https:\/\/www.organisator.ch\/operational-excellence\/2024-04-30\/controlling-excellence-award-2024-fuer-bosch\/","name":"Controlling Excellence Award 2024 f\u00fcr Bosch - Organisator","isPartOf":{"@id":"https:\/\/www.organisator.ch\/#website"},"primaryImageOfPage":{"@id":"https:\/\/www.organisator.ch\/operational-excellence\/2024-04-30\/controlling-excellence-award-2024-fuer-bosch\/#primaryimage"},"image":{"@id":"https:\/\/www.organisator.ch\/operational-excellence\/2024-04-30\/controlling-excellence-award-2024-fuer-bosch\/#primaryimage"},"thumbnailUrl":"https:\/\/www.m-q.ch\/wp-content\/uploads\/2024\/04\/ICV_Bild1_ps.jpg","datePublished":"2024-04-30T11:15:20+00:00","dateModified":"2024-11-11T05:26:43+00:00","description":"Bosch gewinnt ICV Controlling Excellence Award 2024 mit myGreenBusiness: Nachhaltigkeitssteuerung und digitales Taxonomie-Reporting.","breadcrumb":{"@id":"https:\/\/www.organisator.ch\/operational-excellence\/2024-04-30\/controlling-excellence-award-2024-fuer-bosch\/#breadcrumb"},"inLanguage":"de","potentialAction":[{"@type":"ReadAction","target":["https:\/\/www.organisator.ch\/operational-excellence\/2024-04-30\/controlling-excellence-award-2024-fuer-bosch\/"]}]},{"@type":"ImageObject","inLanguage":"de","@id":"https:\/\/www.organisator.ch\/operational-excellence\/2024-04-30\/controlling-excellence-award-2024-fuer-bosch\/#primaryimage","url":"https:\/\/www.m-q.ch\/wp-content\/uploads\/2024\/04\/ICV_Bild1_ps.jpg","contentUrl":"https:\/\/www.m-q.ch\/wp-content\/uploads\/2024\/04\/ICV_Bild1_ps.jpg"},{"@type":"BreadcrumbList","@id":"https:\/\/www.organisator.ch\/operational-excellence\/2024-04-30\/controlling-excellence-award-2024-fuer-bosch\/#breadcrumb","itemListElement":[{"@type":"ListItem","position":1,"name":"Home","item":"https:\/\/www.organisator.ch\/"},{"@type":"ListItem","position":2,"name":"Controlling Excellence Award 2024 f\u00fcr Bosch"}]},{"@type":"WebSite","@id":"https:\/\/www.organisator.ch\/#website","url":"https:\/\/www.organisator.ch\/","name":"Organisator","description":"Kompetent. Praxisnah. Der ORGANISATOR bereitet in 10 Ausgaben pro Jahr die wesentlichen Themen f\u00fcr F\u00fchrungskr\u00e4fte von KMU auf.","publisher":{"@id":"https:\/\/www.organisator.ch\/#organization"},"potentialAction":[{"@type":"SearchAction","target":{"@type":"EntryPoint","urlTemplate":"https:\/\/www.organisator.ch\/?s={search_term_string}"},"query-input":{"@type":"PropertyValueSpecification","valueRequired":true,"valueName":"search_term_string"}}],"inLanguage":"de"},{"@type":"Organization","@id":"https:\/\/www.organisator.ch\/#organization","name":"Organisator","url":"https:\/\/www.organisator.ch\/","logo":{"@type":"ImageObject","inLanguage":"de","@id":"https:\/\/www.organisator.ch\/#\/schema\/logo\/image\/","url":"https:\/\/www.organisator.ch\/wp-content\/uploads\/2022\/01\/Logo_Organisator_Website.png","contentUrl":"https:\/\/www.organisator.ch\/wp-content\/uploads\/2022\/01\/Logo_Organisator_Website.png","width":800,"height":77,"caption":"Organisator"},"image":{"@id":"https:\/\/www.organisator.ch\/#\/schema\/logo\/image\/"},"sameAs":["https:\/\/www.facebook.com\/OrganisatorFachmagazin","https:\/\/www.linkedin.com\/showcase\/organisator-das-magazin-fr-kmu","https:\/\/www.xing.com\/news\/pages\/organisator-ch-695","https:\/\/www.youtube.com\/channel\/UCGP2Sq0iWaZwT3BdIAQFYpw"]},{"@type":"Person","@id":"https:\/\/www.organisator.ch\/#\/schema\/person\/2e1314a2172123f874db408d8911d3f3","name":"Adelisa Kalajdzini","image":{"@type":"ImageObject","inLanguage":"de","@id":"https:\/\/secure.gravatar.com\/avatar\/09a397c22ac58cad6f160ee8306348599df9df58a8ede73696226897b9fa4b24?s=96&d=mm&r=g","url":"https:\/\/secure.gravatar.com\/avatar\/09a397c22ac58cad6f160ee8306348599df9df58a8ede73696226897b9fa4b24?s=96&d=mm&r=g","contentUrl":"https:\/\/secure.gravatar.com\/avatar\/09a397c22ac58cad6f160ee8306348599df9df58a8ede73696226897b9fa4b24?s=96&d=mm&r=g","caption":"Adelisa Kalajdzini"},"url":"https:\/\/www.organisator.ch\/de\/author\/adelisa-kalajdzini\/"}]}},"_links":{"self":[{"href":"https:\/\/www.organisator.ch\/de\/wp-json\/wp\/v2\/posts\/26857","targetHints":{"allow":["GET"]}}],"collection":[{"href":"https:\/\/www.organisator.ch\/de\/wp-json\/wp\/v2\/posts"}],"about":[{"href":"https:\/\/www.organisator.ch\/de\/wp-json\/wp\/v2\/types\/post"}],"author":[{"embeddable":true,"href":"https:\/\/www.organisator.ch\/de\/wp-json\/wp\/v2\/users\/58"}],"replies":[{"embeddable":true,"href":"https:\/\/www.organisator.ch\/de\/wp-json\/wp\/v2\/comments?post=26857"}],"version-history":[{"count":10,"href":"https:\/\/www.organisator.ch\/de\/wp-json\/wp\/v2\/posts\/26857\/revisions"}],"predecessor-version":[{"id":32278,"href":"https:\/\/www.organisator.ch\/de\/wp-json\/wp\/v2\/posts\/26857\/revisions\/32278"}],"wp:attachment":[{"href":"https:\/\/www.organisator.ch\/de\/wp-json\/wp\/v2\/media?parent=26857"}],"wp:term":[{"taxonomy":"category","embeddable":true,"href":"https:\/\/www.organisator.ch\/de\/wp-json\/wp\/v2\/categories?post=26857"},{"taxonomy":"post_tag","embeddable":true,"href":"https:\/\/www.organisator.ch\/de\/wp-json\/wp\/v2\/tags?post=26857"}],"curies":[{"name":"wp","href":"https:\/\/api.w.org\/{rel}","templated":true}]}}