{"id":26875,"date":"2024-05-02T07:21:40","date_gmt":"2024-05-02T05:21:40","guid":{"rendered":"https:\/\/www.organisator.ch\/?p=26875"},"modified":"2024-05-01T10:25:45","modified_gmt":"2024-05-01T08:25:45","slug":"schweizer-unternehmen-sind-positiv-gestimmt-erwarten-aber-sinkende-mitarbeiterzahlen","status":"publish","type":"post","link":"https:\/\/www.organisator.ch\/de\/management\/2024-05-02\/schweizer-unternehmen-sind-positiv-gestimmt-erwarten-aber-sinkende-mitarbeiterzahlen\/","title":{"rendered":"Schweizer Unternehmen sind positiv gestimmt, erwarten aber sinkende Mitarbeiterzahlen"},"content":{"rendered":"<figure id=\"attachment_26879\" aria-describedby=\"caption-attachment-26879\" style=\"width: 680px\" class=\"wp-caption alignnone\"><img loading=\"lazy\" decoding=\"async\" class=\"wp-image-26879 size-full\" src=\"https:\/\/www.organisator.ch\/wp-content\/uploads\/2024\/05\/Deloitte_Bild1_ps.jpg\" alt=\"\" width=\"680\" height=\"454\" srcset=\"https:\/\/www.organisator.ch\/wp-content\/uploads\/2024\/05\/Deloitte_Bild1_ps.jpg 680w, https:\/\/www.organisator.ch\/wp-content\/uploads\/2024\/05\/Deloitte_Bild1_ps-18x12.jpg 18w, https:\/\/www.organisator.ch\/wp-content\/uploads\/2024\/05\/Deloitte_Bild1_ps-375x250.jpg 375w, https:\/\/www.organisator.ch\/wp-content\/uploads\/2024\/05\/Deloitte_Bild1_ps-524x350.jpg 524w\" sizes=\"auto, (max-width: 680px) 100vw, 680px\" \/><figcaption id=\"caption-attachment-26879\" class=\"wp-caption-text\">\u00dcber die H\u00e4lfte der Befragten (56%) blickt entweder positiv oder sehr positiv auf die Konjunkturentwicklung der Schweiz in den kommenden zw\u00f6lf Monaten. (Bild: www.depositphotos.com)<\/figcaption><\/figure>\n<p>Die Stimmung der Schweizer CFOs scheint sich markant aufgehellt zu haben, wie die Ergebnisse der neuesten CFO-Umfrage zeigen, die das Pr\u00fcfungs- und Beratungsunternehmen Deloitte Schweiz j\u00fcngst durchgef\u00fchrt hat. \u00dcber die H\u00e4lfte der Befragten (56%) blickt entweder positiv oder sehr positiv auf die Konjunkturentwicklung der Schweiz in den kommenden zw\u00f6lf Monaten (vs. Herbst 2023: 41%), rund 38 Prozent sch\u00e4tzen die Erwartungen als neutral ein. Die Aussichten sind damit solide positiv, aber nicht euphorisch. Noch optimistischer blicken die Schweizer Finanzchefs auf den wichtigsten Handelspartner USA: 59 Prozent der CFOs (vs. Herbst 2023: 41%) rechnen mit einer positiven oder sehr positiven Wirtschaftsentwicklung in den USA \u00fcber die kommenden zw\u00f6lf Monate.<\/p>\n<figure id=\"attachment_26877\" aria-describedby=\"caption-attachment-26877\" style=\"width: 680px\" class=\"wp-caption alignnone\"><img loading=\"lazy\" decoding=\"async\" class=\"size-full wp-image-26877\" src=\"https:\/\/www.organisator.ch\/wp-content\/uploads\/2024\/05\/Deloitte_Grafik1_ps.jpg\" alt=\"\" width=\"680\" height=\"456\" srcset=\"https:\/\/www.organisator.ch\/wp-content\/uploads\/2024\/05\/Deloitte_Grafik1_ps.jpg 680w, https:\/\/www.organisator.ch\/wp-content\/uploads\/2024\/05\/Deloitte_Grafik1_ps-18x12.jpg 18w, https:\/\/www.organisator.ch\/wp-content\/uploads\/2024\/05\/Deloitte_Grafik1_ps-375x251.jpg 375w, https:\/\/www.organisator.ch\/wp-content\/uploads\/2024\/05\/Deloitte_Grafik1_ps-522x350.jpg 522w\" sizes=\"auto, (max-width: 680px) 100vw, 680px\" \/><figcaption id=\"caption-attachment-26877\" class=\"wp-caption-text\">Konjunkturerwartungen Schweiz und wichtigste Schweizer Handelspartner. (Bild: www.deloitte.com)<\/figcaption><\/figure>\n<p>Diese positiven Erwartungen stehen in einem drastischen Gegensatz zur erwarteten Wirtschaftsentwicklung des zweitwichtigsten Handelspartners Deutschland und derjenigen Chinas. Vor allem in Bezug auf Deutschland h\u00e4lt die \u00e4usserst negative Einsch\u00e4tzung an: 66 Prozent der CFOs gehen von einer negativen oder sehr negativen Konjunkturentwicklung aus (vs. Herbst 2023: 65%). Hinsichtlich China haben sich die Erwartungen zwar etwas verbessert, doch ein Grossteil der befragten CFOs (47%) erwartet auch dort eine negative bis sehr negative Entwicklung (vs. Herbst 2023: 65%). Damit zeichnet sich ein Trend ab, wonach sich die Aussichten f\u00fcr die Schweiz und andere wichtige Handelspartner aufhellen, die Prognose f\u00fcr Deutschland aber fast unver\u00e4ndert bleibt, d. h. \u00e4usserst pessimistisch.<\/p>\n<p>\u00abWenn sich die negativen Wirtschaftsprognosen f\u00fcr Deutschland best\u00e4tigen, wird die Schweizer Exportwirtschaft ihr Engagement in anderen M\u00e4rkten verst\u00e4rken m\u00fcssen. Unternehmen m\u00fcssen flexible Gesch\u00e4ftsmodelle entwickeln, die rasch an ver\u00e4nderte Bedingungen angepasst werden k\u00f6nnen. Eine proaktive Risikomanagementstrategie, die auf Diversifikation und finanzieller Stabilit\u00e4t beruht, ist entscheidend, um unsere Abh\u00e4ngigkeit von einzelnen M\u00e4rkten zu verringern\u00bb, erkl\u00e4rt Alessandro Miolo, Leiter Audit &amp; Assurance bei Deloitte Schweiz.<\/p>\n<h3><strong>CFOs erwarten r\u00fcckl\u00e4ufige Mitarbeiterzahlen <\/strong><\/h3>\n<p>Nicht nur in Bezug auf die guten Konjunkturaussichten, sondern auch im Hinblick auf die Unternehmensaussichten sind die CFOs grunds\u00e4tzlich optimistisch. Die H\u00e4lfte (50%) der Befragten sieht die Entwicklung des eigenen Unternehmens in den kommenden zw\u00f6lf Monaten positiv, nur 16 Prozent sind pessimistisch. Diese Werte sind \u00e4hnlich wie bei der Befragung im Herbst 2023. Auch bei den Unternehmenskennzahlen sind die befragten CFOs positiv: 63 Prozent erwarten steigende Ums\u00e4tze und 39 Prozent gehen von steigenden Margen aus.<\/p>\n<p>Bei den Unternehmenskennzahlen sticht jedoch eine gewichtige Ausnahme hervor: 27 Prozent der Finanzchefs gehen davon aus, dass die Mitarbeiterzahl in ihrem Unternehmen im kommenden Jahr sinken wird \u2013 sei es durch Entlassungen oder durch frei werdende Stellen, die nicht neu besetzt werden.<\/p>\n<p>Dieser Prozentsatz ist schon zum zweiten Mal in Folge gestiegen. Dazu Alessandro Miolo: \u00abDass so viele Unternehmen von einem R\u00fcckgang ihrer Mitarbeiterzahl ausgehen, l\u00e4sst sich teilweise damit begr\u00fcnden, dass sie nicht damit rechnen, innert n\u00fctzlicher Frist geeignete Fachkr\u00e4fte zu finden. Der Arbeitskr\u00e4ftemangel bleibt f\u00fcr viele Betriebe ein grosses Problem. Unternehmen setzen aber auch zunehmend auf k\u00fcnstliche Intelligenz und Automatisierung. In der Konsequenz f\u00fchrt dies zu einer geringeren Einstellungsbereitschaft und einer schrumpfenden Belegschaft.\u00bb Dieser Trend widerspiegelt sich auch in den aktuellen Zahlen des Staatssekretariats f\u00fcr Wirtschaft SECO: Die Zahl der offenen Stellen ist im Laufe des letzten Jahres gesunken, und das SECO erwartet f\u00fcr das Jahr 2024 eine leicht steigende Arbeitslosenquote.<\/p>\n<h3><strong>Geopolitische Risiken schnellen auf Platz eins <\/strong><\/h3>\n<p>Nahost-Konflikt, Ukraine-Krieg, Spannungen zwischen Taiwan und China und der ungewisse Ausgang der anstehenden US-Pr\u00e4sidentschaftswahlen: Das Gef\u00fchl einer zunehmend unsicheren Welt spiegelt sich auch im Barometer der gr\u00f6ssten Unternehmenssorgen wider: Geopolitische Risiken sind (im Vergleich zum Herbst 2023) um neun Pl\u00e4tze nach vorne geschnellt und rangieren nun auf Platz 1. Leicht zur\u00fcckgegangen sind die Sorgen hinsichtlich einer Konjunktur-bzw. Nachfrageschw\u00e4che (Platz 2) und die Sorgen in Bezug auf den Arbeitskr\u00e4ftemangel (Platz 3). Auch wenn die Einstellungsabsichten bis zum Herbst 2024 sinken werden, bleibt es eine Herausforderung f\u00fcr Unternehmen, qualifizierte Fachkr\u00e4fte innert n\u00fctzlicher Frist zu finden.<\/p>\n<figure id=\"attachment_26878\" aria-describedby=\"caption-attachment-26878\" style=\"width: 680px\" class=\"wp-caption alignnone\"><img loading=\"lazy\" decoding=\"async\" class=\"size-full wp-image-26878\" src=\"https:\/\/www.organisator.ch\/wp-content\/uploads\/2024\/05\/Deloitte_Grafik2_ps.jpg\" alt=\"\" width=\"680\" height=\"879\" srcset=\"https:\/\/www.organisator.ch\/wp-content\/uploads\/2024\/05\/Deloitte_Grafik2_ps.jpg 680w, https:\/\/www.organisator.ch\/wp-content\/uploads\/2024\/05\/Deloitte_Grafik2_ps-9x12.jpg 9w, https:\/\/www.organisator.ch\/wp-content\/uploads\/2024\/05\/Deloitte_Grafik2_ps-232x300.jpg 232w, https:\/\/www.organisator.ch\/wp-content\/uploads\/2024\/05\/Deloitte_Grafik2_ps-271x350.jpg 271w, https:\/\/www.organisator.ch\/wp-content\/uploads\/2024\/05\/Deloitte_Grafik2_ps-619x800.jpg 619w\" sizes=\"auto, (max-width: 680px) 100vw, 680px\" \/><figcaption id=\"caption-attachment-26878\" class=\"wp-caption-text\">Risiken f\u00fcr Unternehmen aus Sicht der Schweizer CFOs. (Bild: www.deloitte.com)<\/figcaption><\/figure>\n<h3><strong>ESG-Regulierungen bereiten ebenfalls Sorgen <\/strong><\/h3>\n<p>In den Top-10 und direkt auf dem vierten Platz ist das Thema Regulierung gelandet, das vielen Finanzchefs Sorgen bereitet. In diesem Zusammenhang wurden von den CFOs erstmals Regulierungen im Nachhaltigkeitsbereich (ESG-Reporting) genannt. \u00abDie steigende Anzahl und die Vielfalt der regulatorischen Vorgaben f\u00fchren nicht nur zu einem erh\u00f6hten Compliance-Aufwand, sondern auch zu zus\u00e4tzlichen Kosten f\u00fcr Unternehmen. Insbesondere die Implementierung und die \u00dcberwachung von Nachhaltigkeitsregulierungen erfordern betr\u00e4chtliche Ressourcen und Investitionen. Die Umfrage zeigt, dass dies f\u00fcr viele CFOs einen bedeutenden Zielkonflikt darstellt, da sie gleichzeitig die Compliance sicherstellen und die unternehmerischen Ziele erreichen m\u00fcssen. In dieser komplexen und sehr dynamischen regulatorischen Landschaft ist es daher entscheidend, dass Unternehmen eine robuste Governance-Struktur etablieren und sich kontinuierlich \u00fcber die neuesten regulatorischen Entwicklungen informieren, um Risiken zu minimieren und Chancen zu nutzen\u00bb, ordnet Alessandro Miolo ein.<\/p>\n<p>Stabilisiert hat sich f\u00fcr die CFOs die wirtschaftliche und geldpolitische Lage: W\u00e4hrungsrisiken und das Zinsumfeld rangieren zwar noch in den Top-10, die Sorge vor einer anhaltenden Inflation ist daf\u00fcr aber aus der Rangliste gefallen. Die CFOs erwarten im Durchschnitt eine stabile Inflationsrate von 1,5 Prozent in 12 Monaten und 1,4 Prozent in 24 Monaten, was deutlich unter der Zwei-Prozent-Grenze liegt und damit Preisstabilit\u00e4t bedeutet.<\/p>\n<p><em>Quelle: <a href=\"http:\/\/www.deloitte.com\">www.deloitte.com<\/a><\/em><\/p>\n","protected":false},"excerpt":{"rendered":"<p>Deutlicher Stimmungsumschwung unter Schweizer CFOs: 56 Prozent erwarten f\u00fcr die n\u00e4chsten zw\u00f6lf Monate eine positive Entwicklung der Schweizer Wirtschaft, was einem Anstieg von 15 Prozentpunkten gegen\u00fcber dem Herbst 2023 entspricht. Dies zeigt die j\u00fcngste CFO-Umfrage von Deloitte. Auch zeigen sich die CFOs f\u00fcr die Zukunft des eigenen Unternehmens optimistisch. Gut ein Viertel der Befragten rechnet allerdings mit einer sinkenden Mitarbeiterzahl im eigenen Betrieb. Mit Sorge blicken die Finanzchefs auf wichtige Handelspartner wie China und Deutschland.<\/p>\n","protected":false},"author":58,"featured_media":26879,"comment_status":"closed","ping_status":"closed","sticky":false,"template":"","format":"standard","meta":{"_acf_changed":false,"_yoast_wpseo_focuskw":"CFO-Umfrage","_yoast_wpseo_metadesc":"Stimmungsumschwung unter Schweizer CFOs: 56 Prozent erwarten f\u00fcr die n\u00e4chsten zw\u00f6lf Monate eine positive Entwicklung der Schweizer Wirtschaft.","articlekey":"","footnotes":""},"categories":[28],"tags":[201,334,487,492],"class_list":["post-26875","post","type-post","status-publish","format-standard","has-post-thumbnail","hentry","category-management","tag-finanzen","tag-management","tag-umfrage","tag-unternehmen"],"acf":[],"yoast_head":"<!-- This site is optimized with the Yoast SEO plugin v27.5 - https:\/\/yoast.com\/product\/yoast-seo-wordpress\/ -->\n<title>Schweizer Unternehmen sind positiv gestimmt, erwarten aber sinkende Mitarbeiterzahlen - Organisator<\/title>\n<meta name=\"description\" content=\"Stimmungsumschwung unter Schweizer CFOs: 56 Prozent erwarten f\u00fcr die n\u00e4chsten zw\u00f6lf Monate eine positive Entwicklung der Schweizer Wirtschaft.\" \/>\n<meta name=\"robots\" content=\"index, follow, max-snippet:-1, max-image-preview:large, max-video-preview:-1\" \/>\n<link rel=\"canonical\" href=\"https:\/\/www.organisator.ch\/de\/management\/2024-05-02\/schweizer-unternehmen-sind-positiv-gestimmt-erwarten-aber-sinkende-mitarbeiterzahlen\/\" \/>\n<meta property=\"og:locale\" content=\"de_DE\" \/>\n<meta property=\"og:type\" content=\"article\" \/>\n<meta property=\"og:title\" content=\"Schweizer Unternehmen sind positiv gestimmt, erwarten aber sinkende Mitarbeiterzahlen\" \/>\n<meta property=\"og:description\" content=\"Stimmungsumschwung unter Schweizer CFOs: 56 Prozent erwarten f\u00fcr die n\u00e4chsten zw\u00f6lf Monate eine positive Entwicklung der Schweizer Wirtschaft.\" \/>\n<meta property=\"og:url\" content=\"https:\/\/www.organisator.ch\/de\/management\/2024-05-02\/schweizer-unternehmen-sind-positiv-gestimmt-erwarten-aber-sinkende-mitarbeiterzahlen\/\" \/>\n<meta property=\"og:site_name\" content=\"Organisator\" \/>\n<meta property=\"article:publisher\" content=\"https:\/\/www.facebook.com\/OrganisatorFachmagazin\" \/>\n<meta property=\"article:published_time\" content=\"2024-05-02T05:21:40+00:00\" \/>\n<meta property=\"og:image\" content=\"https:\/\/www.organisator.ch\/wp-content\/uploads\/2024\/05\/Deloitte_Bild1_ps.jpg\" \/>\n\t<meta property=\"og:image:width\" content=\"680\" \/>\n\t<meta property=\"og:image:height\" content=\"454\" \/>\n\t<meta property=\"og:image:type\" content=\"image\/jpeg\" \/>\n<meta name=\"author\" content=\"Adelisa Kalajdzini\" \/>\n<meta name=\"twitter:card\" content=\"summary_large_image\" \/>\n<meta name=\"twitter:title\" content=\"Schweizer Unternehmen sind positiv gestimmt, erwarten aber sinkende Mitarbeiterzahlen\" \/>\n<meta name=\"twitter:description\" content=\"Stimmungsumschwung unter #Schweizer #CFOs: 56 Prozent erwarten f\u00fcr die n\u00e4chsten zw\u00f6lf Monate eine positive #Entwicklung der Schweizer #Wirtschaft.\" \/>\n<meta name=\"twitter:image\" content=\"https:\/\/www.organisator.ch\/wp-content\/uploads\/2024\/05\/Deloitte_Bild1_ps.jpg\" \/>\n<script type=\"application\/ld+json\" class=\"yoast-schema-graph\">{\"@context\":\"https:\\\/\\\/schema.org\",\"@graph\":[{\"@type\":\"Article\",\"@id\":\"https:\\\/\\\/www.organisator.ch\\\/management\\\/2024-05-02\\\/schweizer-unternehmen-sind-positiv-gestimmt-erwarten-aber-sinkende-mitarbeiterzahlen\\\/#article\",\"isPartOf\":{\"@id\":\"https:\\\/\\\/www.organisator.ch\\\/management\\\/2024-05-02\\\/schweizer-unternehmen-sind-positiv-gestimmt-erwarten-aber-sinkende-mitarbeiterzahlen\\\/\"},\"author\":{\"name\":\"Adelisa Kalajdzini\",\"@id\":\"https:\\\/\\\/www.organisator.ch\\\/#\\\/schema\\\/person\\\/2e1314a2172123f874db408d8911d3f3\"},\"headline\":\"Schweizer Unternehmen sind positiv gestimmt, erwarten aber sinkende Mitarbeiterzahlen\",\"datePublished\":\"2024-05-02T05:21:40+00:00\",\"mainEntityOfPage\":{\"@id\":\"https:\\\/\\\/www.organisator.ch\\\/management\\\/2024-05-02\\\/schweizer-unternehmen-sind-positiv-gestimmt-erwarten-aber-sinkende-mitarbeiterzahlen\\\/\"},\"wordCount\":921,\"publisher\":{\"@id\":\"https:\\\/\\\/www.organisator.ch\\\/#organization\"},\"image\":{\"@id\":\"https:\\\/\\\/www.organisator.ch\\\/management\\\/2024-05-02\\\/schweizer-unternehmen-sind-positiv-gestimmt-erwarten-aber-sinkende-mitarbeiterzahlen\\\/#primaryimage\"},\"thumbnailUrl\":\"https:\\\/\\\/www.organisator.ch\\\/wp-content\\\/uploads\\\/2024\\\/05\\\/Deloitte_Bild1_ps.jpg\",\"keywords\":[\"Finanzen\",\"Management\",\"Umfrage\",\"Unternehmen\"],\"articleSection\":[\"MANAGEMENT\"],\"inLanguage\":\"de\"},{\"@type\":\"WebPage\",\"@id\":\"https:\\\/\\\/www.organisator.ch\\\/management\\\/2024-05-02\\\/schweizer-unternehmen-sind-positiv-gestimmt-erwarten-aber-sinkende-mitarbeiterzahlen\\\/\",\"url\":\"https:\\\/\\\/www.organisator.ch\\\/management\\\/2024-05-02\\\/schweizer-unternehmen-sind-positiv-gestimmt-erwarten-aber-sinkende-mitarbeiterzahlen\\\/\",\"name\":\"Schweizer Unternehmen sind positiv gestimmt, erwarten aber sinkende Mitarbeiterzahlen - Organisator\",\"isPartOf\":{\"@id\":\"https:\\\/\\\/www.organisator.ch\\\/#website\"},\"primaryImageOfPage\":{\"@id\":\"https:\\\/\\\/www.organisator.ch\\\/management\\\/2024-05-02\\\/schweizer-unternehmen-sind-positiv-gestimmt-erwarten-aber-sinkende-mitarbeiterzahlen\\\/#primaryimage\"},\"image\":{\"@id\":\"https:\\\/\\\/www.organisator.ch\\\/management\\\/2024-05-02\\\/schweizer-unternehmen-sind-positiv-gestimmt-erwarten-aber-sinkende-mitarbeiterzahlen\\\/#primaryimage\"},\"thumbnailUrl\":\"https:\\\/\\\/www.organisator.ch\\\/wp-content\\\/uploads\\\/2024\\\/05\\\/Deloitte_Bild1_ps.jpg\",\"datePublished\":\"2024-05-02T05:21:40+00:00\",\"description\":\"Stimmungsumschwung unter Schweizer CFOs: 56 Prozent erwarten f\u00fcr die n\u00e4chsten zw\u00f6lf Monate eine positive Entwicklung der Schweizer Wirtschaft.\",\"breadcrumb\":{\"@id\":\"https:\\\/\\\/www.organisator.ch\\\/management\\\/2024-05-02\\\/schweizer-unternehmen-sind-positiv-gestimmt-erwarten-aber-sinkende-mitarbeiterzahlen\\\/#breadcrumb\"},\"inLanguage\":\"de\",\"potentialAction\":[{\"@type\":\"ReadAction\",\"target\":[\"https:\\\/\\\/www.organisator.ch\\\/management\\\/2024-05-02\\\/schweizer-unternehmen-sind-positiv-gestimmt-erwarten-aber-sinkende-mitarbeiterzahlen\\\/\"]}]},{\"@type\":\"ImageObject\",\"inLanguage\":\"de\",\"@id\":\"https:\\\/\\\/www.organisator.ch\\\/management\\\/2024-05-02\\\/schweizer-unternehmen-sind-positiv-gestimmt-erwarten-aber-sinkende-mitarbeiterzahlen\\\/#primaryimage\",\"url\":\"https:\\\/\\\/www.organisator.ch\\\/wp-content\\\/uploads\\\/2024\\\/05\\\/Deloitte_Bild1_ps.jpg\",\"contentUrl\":\"https:\\\/\\\/www.organisator.ch\\\/wp-content\\\/uploads\\\/2024\\\/05\\\/Deloitte_Bild1_ps.jpg\",\"width\":680,\"height\":454,\"caption\":\"\u00dcber die H\u00e4lfte der Befragten (56%) blickt entweder positiv oder sehr positiv auf die Konjunkturentwicklung der Schweiz in den kommenden zw\u00f6lf Monaten. (Bild: www.depositphotos.com)\"},{\"@type\":\"BreadcrumbList\",\"@id\":\"https:\\\/\\\/www.organisator.ch\\\/management\\\/2024-05-02\\\/schweizer-unternehmen-sind-positiv-gestimmt-erwarten-aber-sinkende-mitarbeiterzahlen\\\/#breadcrumb\",\"itemListElement\":[{\"@type\":\"ListItem\",\"position\":1,\"name\":\"Home\",\"item\":\"https:\\\/\\\/www.organisator.ch\\\/\"},{\"@type\":\"ListItem\",\"position\":2,\"name\":\"Schweizer Unternehmen sind positiv gestimmt, erwarten aber sinkende Mitarbeiterzahlen\"}]},{\"@type\":\"WebSite\",\"@id\":\"https:\\\/\\\/www.organisator.ch\\\/#website\",\"url\":\"https:\\\/\\\/www.organisator.ch\\\/\",\"name\":\"Organisator\",\"description\":\"Kompetent. Praxisnah. Der ORGANISATOR bereitet in 10 Ausgaben pro Jahr die wesentlichen Themen f\u00fcr F\u00fchrungskr\u00e4fte von KMU auf.\",\"publisher\":{\"@id\":\"https:\\\/\\\/www.organisator.ch\\\/#organization\"},\"potentialAction\":[{\"@type\":\"SearchAction\",\"target\":{\"@type\":\"EntryPoint\",\"urlTemplate\":\"https:\\\/\\\/www.organisator.ch\\\/?s={search_term_string}\"},\"query-input\":{\"@type\":\"PropertyValueSpecification\",\"valueRequired\":true,\"valueName\":\"search_term_string\"}}],\"inLanguage\":\"de\"},{\"@type\":\"Organization\",\"@id\":\"https:\\\/\\\/www.organisator.ch\\\/#organization\",\"name\":\"Organisator\",\"url\":\"https:\\\/\\\/www.organisator.ch\\\/\",\"logo\":{\"@type\":\"ImageObject\",\"inLanguage\":\"de\",\"@id\":\"https:\\\/\\\/www.organisator.ch\\\/#\\\/schema\\\/logo\\\/image\\\/\",\"url\":\"https:\\\/\\\/www.organisator.ch\\\/wp-content\\\/uploads\\\/2022\\\/01\\\/Logo_Organisator_Website.png\",\"contentUrl\":\"https:\\\/\\\/www.organisator.ch\\\/wp-content\\\/uploads\\\/2022\\\/01\\\/Logo_Organisator_Website.png\",\"width\":800,\"height\":77,\"caption\":\"Organisator\"},\"image\":{\"@id\":\"https:\\\/\\\/www.organisator.ch\\\/#\\\/schema\\\/logo\\\/image\\\/\"},\"sameAs\":[\"https:\\\/\\\/www.facebook.com\\\/OrganisatorFachmagazin\",\"https:\\\/\\\/www.linkedin.com\\\/showcase\\\/organisator-das-magazin-fr-kmu\",\"https:\\\/\\\/www.xing.com\\\/news\\\/pages\\\/organisator-ch-695\",\"https:\\\/\\\/www.youtube.com\\\/channel\\\/UCGP2Sq0iWaZwT3BdIAQFYpw\"]},{\"@type\":\"Person\",\"@id\":\"https:\\\/\\\/www.organisator.ch\\\/#\\\/schema\\\/person\\\/2e1314a2172123f874db408d8911d3f3\",\"name\":\"Adelisa Kalajdzini\",\"image\":{\"@type\":\"ImageObject\",\"inLanguage\":\"de\",\"@id\":\"https:\\\/\\\/secure.gravatar.com\\\/avatar\\\/09a397c22ac58cad6f160ee8306348599df9df58a8ede73696226897b9fa4b24?s=96&d=mm&r=g\",\"url\":\"https:\\\/\\\/secure.gravatar.com\\\/avatar\\\/09a397c22ac58cad6f160ee8306348599df9df58a8ede73696226897b9fa4b24?s=96&d=mm&r=g\",\"contentUrl\":\"https:\\\/\\\/secure.gravatar.com\\\/avatar\\\/09a397c22ac58cad6f160ee8306348599df9df58a8ede73696226897b9fa4b24?s=96&d=mm&r=g\",\"caption\":\"Adelisa Kalajdzini\"},\"url\":\"https:\\\/\\\/www.organisator.ch\\\/de\\\/author\\\/adelisa-kalajdzini\\\/\"}]}<\/script>\n<!-- \/ Yoast SEO plugin. -->","yoast_head_json":{"title":"Schweizer Unternehmen sind positiv gestimmt, erwarten aber sinkende Mitarbeiterzahlen - Organisator","description":"Stimmungsumschwung unter Schweizer CFOs: 56 Prozent erwarten f\u00fcr die n\u00e4chsten zw\u00f6lf Monate eine positive Entwicklung der Schweizer Wirtschaft.","robots":{"index":"index","follow":"follow","max-snippet":"max-snippet:-1","max-image-preview":"max-image-preview:large","max-video-preview":"max-video-preview:-1"},"canonical":"https:\/\/www.organisator.ch\/de\/management\/2024-05-02\/schweizer-unternehmen-sind-positiv-gestimmt-erwarten-aber-sinkende-mitarbeiterzahlen\/","og_locale":"de_DE","og_type":"article","og_title":"Schweizer Unternehmen sind positiv gestimmt, erwarten aber sinkende Mitarbeiterzahlen","og_description":"Stimmungsumschwung unter Schweizer CFOs: 56 Prozent erwarten f\u00fcr die n\u00e4chsten zw\u00f6lf Monate eine positive Entwicklung der Schweizer Wirtschaft.","og_url":"https:\/\/www.organisator.ch\/de\/management\/2024-05-02\/schweizer-unternehmen-sind-positiv-gestimmt-erwarten-aber-sinkende-mitarbeiterzahlen\/","og_site_name":"Organisator","article_publisher":"https:\/\/www.facebook.com\/OrganisatorFachmagazin","article_published_time":"2024-05-02T05:21:40+00:00","og_image":[{"width":680,"height":454,"url":"https:\/\/www.organisator.ch\/wp-content\/uploads\/2024\/05\/Deloitte_Bild1_ps.jpg","type":"image\/jpeg"}],"author":"Adelisa Kalajdzini","twitter_card":"summary_large_image","twitter_title":"Schweizer Unternehmen sind positiv gestimmt, erwarten aber sinkende Mitarbeiterzahlen","twitter_description":"Stimmungsumschwung unter #Schweizer #CFOs: 56 Prozent erwarten f\u00fcr die n\u00e4chsten zw\u00f6lf Monate eine positive #Entwicklung der Schweizer #Wirtschaft.","twitter_image":"https:\/\/www.organisator.ch\/wp-content\/uploads\/2024\/05\/Deloitte_Bild1_ps.jpg","schema":{"@context":"https:\/\/schema.org","@graph":[{"@type":"Article","@id":"https:\/\/www.organisator.ch\/management\/2024-05-02\/schweizer-unternehmen-sind-positiv-gestimmt-erwarten-aber-sinkende-mitarbeiterzahlen\/#article","isPartOf":{"@id":"https:\/\/www.organisator.ch\/management\/2024-05-02\/schweizer-unternehmen-sind-positiv-gestimmt-erwarten-aber-sinkende-mitarbeiterzahlen\/"},"author":{"name":"Adelisa Kalajdzini","@id":"https:\/\/www.organisator.ch\/#\/schema\/person\/2e1314a2172123f874db408d8911d3f3"},"headline":"Schweizer Unternehmen sind positiv gestimmt, erwarten aber sinkende Mitarbeiterzahlen","datePublished":"2024-05-02T05:21:40+00:00","mainEntityOfPage":{"@id":"https:\/\/www.organisator.ch\/management\/2024-05-02\/schweizer-unternehmen-sind-positiv-gestimmt-erwarten-aber-sinkende-mitarbeiterzahlen\/"},"wordCount":921,"publisher":{"@id":"https:\/\/www.organisator.ch\/#organization"},"image":{"@id":"https:\/\/www.organisator.ch\/management\/2024-05-02\/schweizer-unternehmen-sind-positiv-gestimmt-erwarten-aber-sinkende-mitarbeiterzahlen\/#primaryimage"},"thumbnailUrl":"https:\/\/www.organisator.ch\/wp-content\/uploads\/2024\/05\/Deloitte_Bild1_ps.jpg","keywords":["Finanzen","Management","Umfrage","Unternehmen"],"articleSection":["MANAGEMENT"],"inLanguage":"de"},{"@type":"WebPage","@id":"https:\/\/www.organisator.ch\/management\/2024-05-02\/schweizer-unternehmen-sind-positiv-gestimmt-erwarten-aber-sinkende-mitarbeiterzahlen\/","url":"https:\/\/www.organisator.ch\/management\/2024-05-02\/schweizer-unternehmen-sind-positiv-gestimmt-erwarten-aber-sinkende-mitarbeiterzahlen\/","name":"Schweizer Unternehmen sind positiv gestimmt, erwarten aber sinkende Mitarbeiterzahlen - Organisator","isPartOf":{"@id":"https:\/\/www.organisator.ch\/#website"},"primaryImageOfPage":{"@id":"https:\/\/www.organisator.ch\/management\/2024-05-02\/schweizer-unternehmen-sind-positiv-gestimmt-erwarten-aber-sinkende-mitarbeiterzahlen\/#primaryimage"},"image":{"@id":"https:\/\/www.organisator.ch\/management\/2024-05-02\/schweizer-unternehmen-sind-positiv-gestimmt-erwarten-aber-sinkende-mitarbeiterzahlen\/#primaryimage"},"thumbnailUrl":"https:\/\/www.organisator.ch\/wp-content\/uploads\/2024\/05\/Deloitte_Bild1_ps.jpg","datePublished":"2024-05-02T05:21:40+00:00","description":"Stimmungsumschwung unter Schweizer CFOs: 56 Prozent erwarten f\u00fcr die n\u00e4chsten zw\u00f6lf Monate eine positive Entwicklung der Schweizer Wirtschaft.","breadcrumb":{"@id":"https:\/\/www.organisator.ch\/management\/2024-05-02\/schweizer-unternehmen-sind-positiv-gestimmt-erwarten-aber-sinkende-mitarbeiterzahlen\/#breadcrumb"},"inLanguage":"de","potentialAction":[{"@type":"ReadAction","target":["https:\/\/www.organisator.ch\/management\/2024-05-02\/schweizer-unternehmen-sind-positiv-gestimmt-erwarten-aber-sinkende-mitarbeiterzahlen\/"]}]},{"@type":"ImageObject","inLanguage":"de","@id":"https:\/\/www.organisator.ch\/management\/2024-05-02\/schweizer-unternehmen-sind-positiv-gestimmt-erwarten-aber-sinkende-mitarbeiterzahlen\/#primaryimage","url":"https:\/\/www.organisator.ch\/wp-content\/uploads\/2024\/05\/Deloitte_Bild1_ps.jpg","contentUrl":"https:\/\/www.organisator.ch\/wp-content\/uploads\/2024\/05\/Deloitte_Bild1_ps.jpg","width":680,"height":454,"caption":"\u00dcber die H\u00e4lfte der Befragten (56%) blickt entweder positiv oder sehr positiv auf die Konjunkturentwicklung der Schweiz in den kommenden zw\u00f6lf Monaten. (Bild: www.depositphotos.com)"},{"@type":"BreadcrumbList","@id":"https:\/\/www.organisator.ch\/management\/2024-05-02\/schweizer-unternehmen-sind-positiv-gestimmt-erwarten-aber-sinkende-mitarbeiterzahlen\/#breadcrumb","itemListElement":[{"@type":"ListItem","position":1,"name":"Home","item":"https:\/\/www.organisator.ch\/"},{"@type":"ListItem","position":2,"name":"Schweizer Unternehmen sind positiv gestimmt, erwarten aber sinkende Mitarbeiterzahlen"}]},{"@type":"WebSite","@id":"https:\/\/www.organisator.ch\/#website","url":"https:\/\/www.organisator.ch\/","name":"Organisator","description":"Kompetent. Praxisnah. Der ORGANISATOR bereitet in 10 Ausgaben pro Jahr die wesentlichen Themen f\u00fcr F\u00fchrungskr\u00e4fte von KMU auf.","publisher":{"@id":"https:\/\/www.organisator.ch\/#organization"},"potentialAction":[{"@type":"SearchAction","target":{"@type":"EntryPoint","urlTemplate":"https:\/\/www.organisator.ch\/?s={search_term_string}"},"query-input":{"@type":"PropertyValueSpecification","valueRequired":true,"valueName":"search_term_string"}}],"inLanguage":"de"},{"@type":"Organization","@id":"https:\/\/www.organisator.ch\/#organization","name":"Organisator","url":"https:\/\/www.organisator.ch\/","logo":{"@type":"ImageObject","inLanguage":"de","@id":"https:\/\/www.organisator.ch\/#\/schema\/logo\/image\/","url":"https:\/\/www.organisator.ch\/wp-content\/uploads\/2022\/01\/Logo_Organisator_Website.png","contentUrl":"https:\/\/www.organisator.ch\/wp-content\/uploads\/2022\/01\/Logo_Organisator_Website.png","width":800,"height":77,"caption":"Organisator"},"image":{"@id":"https:\/\/www.organisator.ch\/#\/schema\/logo\/image\/"},"sameAs":["https:\/\/www.facebook.com\/OrganisatorFachmagazin","https:\/\/www.linkedin.com\/showcase\/organisator-das-magazin-fr-kmu","https:\/\/www.xing.com\/news\/pages\/organisator-ch-695","https:\/\/www.youtube.com\/channel\/UCGP2Sq0iWaZwT3BdIAQFYpw"]},{"@type":"Person","@id":"https:\/\/www.organisator.ch\/#\/schema\/person\/2e1314a2172123f874db408d8911d3f3","name":"Adelisa Kalajdzini","image":{"@type":"ImageObject","inLanguage":"de","@id":"https:\/\/secure.gravatar.com\/avatar\/09a397c22ac58cad6f160ee8306348599df9df58a8ede73696226897b9fa4b24?s=96&d=mm&r=g","url":"https:\/\/secure.gravatar.com\/avatar\/09a397c22ac58cad6f160ee8306348599df9df58a8ede73696226897b9fa4b24?s=96&d=mm&r=g","contentUrl":"https:\/\/secure.gravatar.com\/avatar\/09a397c22ac58cad6f160ee8306348599df9df58a8ede73696226897b9fa4b24?s=96&d=mm&r=g","caption":"Adelisa Kalajdzini"},"url":"https:\/\/www.organisator.ch\/de\/author\/adelisa-kalajdzini\/"}]}},"_links":{"self":[{"href":"https:\/\/www.organisator.ch\/de\/wp-json\/wp\/v2\/posts\/26875","targetHints":{"allow":["GET"]}}],"collection":[{"href":"https:\/\/www.organisator.ch\/de\/wp-json\/wp\/v2\/posts"}],"about":[{"href":"https:\/\/www.organisator.ch\/de\/wp-json\/wp\/v2\/types\/post"}],"author":[{"embeddable":true,"href":"https:\/\/www.organisator.ch\/de\/wp-json\/wp\/v2\/users\/58"}],"replies":[{"embeddable":true,"href":"https:\/\/www.organisator.ch\/de\/wp-json\/wp\/v2\/comments?post=26875"}],"version-history":[{"count":9,"href":"https:\/\/www.organisator.ch\/de\/wp-json\/wp\/v2\/posts\/26875\/revisions"}],"predecessor-version":[{"id":26934,"href":"https:\/\/www.organisator.ch\/de\/wp-json\/wp\/v2\/posts\/26875\/revisions\/26934"}],"wp:featuredmedia":[{"embeddable":true,"href":"https:\/\/www.organisator.ch\/de\/wp-json\/wp\/v2\/media\/26879"}],"wp:attachment":[{"href":"https:\/\/www.organisator.ch\/de\/wp-json\/wp\/v2\/media?parent=26875"}],"wp:term":[{"taxonomy":"category","embeddable":true,"href":"https:\/\/www.organisator.ch\/de\/wp-json\/wp\/v2\/categories?post=26875"},{"taxonomy":"post_tag","embeddable":true,"href":"https:\/\/www.organisator.ch\/de\/wp-json\/wp\/v2\/tags?post=26875"}],"curies":[{"name":"wp","href":"https:\/\/api.w.org\/{rel}","templated":true}]}}