{"id":2688,"date":"2017-11-10T08:07:02","date_gmt":"2017-11-10T07:07:02","guid":{"rendered":"https:\/\/www.organisator.ch\/?p=2688"},"modified":"2017-11-10T08:07:02","modified_gmt":"2017-11-10T07:07:02","slug":"cyber-kriminalitaet-informationssicherheit-in-schweizer-kmu-mit-verbesserungspotenzial","status":"publish","type":"post","link":"https:\/\/www.organisator.ch\/de\/management\/it\/2017-11-10\/cyber-kriminalitaet-informationssicherheit-in-schweizer-kmu-mit-verbesserungspotenzial\/","title":{"rendered":"Cyber-Kriminalit\u00e4t: Informationssicherheit in Schweizer KMU mit Verbesserungspotenzial"},"content":{"rendered":"<figure id=\"attachment_2689\" aria-describedby=\"caption-attachment-2689\" style=\"width: 584px\" class=\"wp-caption alignnone\"><img loading=\"lazy\" decoding=\"async\" class=\"size-full wp-image-2689\" src=\"https:\/\/www.organisator.ch\/wp-content\/uploads\/2017\/11\/Cyber-Kriminalitaet-Informationssicherheit-in-Schweizer-KMU-mit-Verbesserungspotenzial_Organisator.jpg\" alt=\"\" width=\"584\" height=\"252\" srcset=\"https:\/\/www.organisator.ch\/wp-content\/uploads\/2017\/11\/Cyber-Kriminalitaet-Informationssicherheit-in-Schweizer-KMU-mit-Verbesserungspotenzial_Organisator.jpg 584w, https:\/\/www.organisator.ch\/wp-content\/uploads\/2017\/11\/Cyber-Kriminalitaet-Informationssicherheit-in-Schweizer-KMU-mit-Verbesserungspotenzial_Organisator-16x7.jpg 16w, https:\/\/www.organisator.ch\/wp-content\/uploads\/2017\/11\/Cyber-Kriminalitaet-Informationssicherheit-in-Schweizer-KMU-mit-Verbesserungspotenzial_Organisator-375x162.jpg 375w, https:\/\/www.organisator.ch\/wp-content\/uploads\/2017\/11\/Cyber-Kriminalitaet-Informationssicherheit-in-Schweizer-KMU-mit-Verbesserungspotenzial_Organisator-300x129.jpg 300w\" sizes=\"auto, (max-width: 584px) 100vw, 584px\" \/><figcaption id=\"caption-attachment-2689\" class=\"wp-caption-text\">Schweizer KMU widmen dem Thema Cyber-Kriminalit\u00e4t noch nicht gen\u00fcgend Aufmerksamkeit, wie eine Studie der Hochschule Luzern herausfand. (Bild: <a href=\"https:\/\/www.hslu.ch\/de-ch\/informatik\/forschung\/themen\/information-security\/?sourceurl=\/forschung-information-security\">www.hslu.ch<\/a>)<\/figcaption><\/figure>\n<p>Nicht nur grosse Firmen wie Banken, Versicherungen oder die Pharma-Industrie sind von Cyber-Kriminalit\u00e4t bedroht. Auch Schweizer KMU sehen sich einer wachsenden Zahl von Angriffen\u00a0 aus dem Internet ausgesetzt. Die Hochschule Luzern hat dies zum Anlass genommen, im letzten Jahr kleinere und mittlere Unternehmen zum Thema Informationssicherheit zu befragen.<\/p>\n<h2>Fehlendes Wissen zu Pr\u00e4vention von Cyber-Kriminalit\u00e4t<\/h2>\n<p>Nun haben die beiden Autoren Oliver Hirschi und Armand Portmann vom Departement Informatik die Resultate der Untersuchung ver\u00f6ffentlicht. Hauptautor Hirschi fasst die Ergebnisse wie folgt zusammen: \u00abIn vielen KMU fehlt es an Wissen zum Umgang mit dem Thema Informationssicherheit.\u00bb Dies, obwohl rund 40 Prozent der befragten Unternehmen angegeben h\u00e4tten, vor kurzem \u2013 das heisst, in den 12 Monaten vor der Umfrage \u2013 von Cyber-Angriffen wie Malware oder Phishing-Mails betroffen gewesen zu sein.<\/p>\n<p>Die Studie basiert auf einer Online-Umfrage, welche die Forschenden bei 230 KMU durchgef\u00fchrt haben. Darunter waren Firmen aus verschiedensten Branchen wie Dienstleistung, Beratung, Gewerbe oder Gesundheitswesen. Fast zwei Drittel der Firmen erlaubt ihren Mitarbeitenden, gesch\u00e4ftliche E-Mails auf privaten Ger\u00e4ten zu bearbeiten. Knapp ein Drittel erm\u00f6glicht den Zugriff auf s\u00e4mtliche IT-Anwendungen. \u00abDas vergr\u00f6ssert nat\u00fcrlich die Angriffsfl\u00e4che\u00bb, so Hirschi, \u00abgenauso wie die Verwendung von Cloud-Diensten\u00bb, also beispielsweise Datenspeichern, auf die man jederzeit von \u00fcberall her zugreifen kann. Diese nutzten fast 60 Prozent der Firmen in irgendeiner Form.<\/p>\n<h2>Grosse Sch\u00e4den durch Missbrauch bef\u00fcrchtet<\/h2>\n<p>Ist eine Firma von Cyber-Kriminalit\u00e4t betroffen, f\u00fchrt dies dazu, dass sie sich st\u00e4rker mit dem Thema Informationssicherheit auseinandersetzt. Im Zentrum des Interesses steht dabei die Sicherstellung des Gesch\u00e4ftsbetriebs. Dies geschieht vor dem Hintergrund eines grossen Vertraulichkeitsanspruchs: \u00dcber zwei Drittel der Unternehmen beurteilen die Sch\u00e4den, die durch die missbr\u00e4uchliche Ver\u00f6ffentlichung ihrer vertraulichen Daten entstehen w\u00fcrde, als gross oder sehr gross.<\/p>\n<p>Schutzmassnahmen sind also wichtig. \u00abTrotzdem gab die grosse Mehrheit der Unternehmen an, keine oder nur minimale Ressourcen f\u00fcr das Thema Informationssicherheit bereitzustellen\u00bb, sagt Armand Portmann, Co-Autor der Studie. Viele Unternehmen haben zudem ihr Personal im Jahr vor der Umfrage nach eigenen Angaben nicht im Umgang mit Gefahren geschult. Dementsprechend schwach entwickelt sind vielerorts die Steuerung und Kontrolle der Informationssicherheit: Nicht einmal die H\u00e4lfte der KMU pr\u00fcft ihre Sicherheitsmassnahmen regelm\u00e4ssig auf deren Wirksamkeit. Dies erkl\u00e4rt auch, warum Standards oder Leitf\u00e4den f\u00fcr die Informationssicherheit eher selten zum Einsatz kommen. Besser sieht es bei technischen Massnahmen aus. Darunter fallen unter anderem Backups, Virenscanner und Firewalls. Diese setzen gem\u00e4ss Umfrage fast alle befragten Unternehmen ein.<\/p>\n<h2>Wanted: mehr Personal, mehr Schulungen<\/h2>\n<p>Angesichts dieser Resultate sehen die beiden Studienautoren gerade im organisatorischen und personellen Bereich Nachholbedarf: Um die Situation in den Schweizer KMU zu verbessern, m\u00fcssten die Firmen mehr Ressourcen f\u00fcr die Informationssicherheit bereitstellen und ihre Mitarbeitenden in Schulungen besser auf die Gefahren von Cyber-Angriffen vorbereiten.<\/p>\n<p><em>Quelle: <a href=\"http:\/\/www.hslu.ch\">Hochschule Luzern<br \/>\n<\/a><\/em><em>Weiterbildungen zu Informationssicherheit: <a href=\"http:\/\/www.hslu.ch\/information-security-privacy\">www.hslu.ch\/information-security-privacy<br \/>\n<\/a><\/em><em>Tipps f\u00fcr mehr IT-Sicherheit gibt es u.a.\u00a0<a href=\"https:\/\/www.organisator.ch\/10-praktische-tipps-fuer-mehr-it-sicherheit\/\">hier<\/a><\/em><\/p>\n<p>&nbsp;<\/p>\n","protected":false},"excerpt":{"rendered":"<p>Nicht nur grosse Firmen wie Banken, Versicherungen oder die Pharma-Industrie sind von Cyber-Kriminalit\u00e4t bedroht. Auch Schweizer KMU sehen sich einer wachsenden Zahl von Angriffen\u00a0 aus dem Internet ausgesetzt. Die Hochschule Luzern hat dies zum Anlass genommen, im letzten Jahr kleinere und mittlere Unternehmen zum Thema Informationssicherheit zu befragen. Fehlendes Wissen zu Pr\u00e4vention von Cyber-Kriminalit\u00e4t Nun [&hellip;]<\/p>\n","protected":false},"author":4,"featured_media":2689,"comment_status":"open","ping_status":"open","sticky":false,"template":"","format":"standard","meta":{"_acf_changed":false,"_yoast_wpseo_focuskw":"Cyber-Kriminalit\u00e4t","_yoast_wpseo_metadesc":"Auch Schweizer KMU sind von Cyber-Kriminalit\u00e4t betroffen. Trotzdem r\u00fcckt das Thema Informationssicherheit bei den Unternehmen nur langsam in den Fokus.","articlekey":"","footnotes":""},"categories":[27],"tags":[142,260,269,459],"class_list":["post-2688","post","type-post","status-publish","format-standard","has-post-thumbnail","hentry","category-it","tag-cyber-crime","tag-ict-sicherheit","tag-informationssicherheit","tag-studie"],"acf":[],"yoast_head":"<!-- This site is optimized with the Yoast SEO plugin v27.4 - https:\/\/yoast.com\/product\/yoast-seo-wordpress\/ -->\n<title>Cyber-Kriminalit\u00e4t: Informationssicherheit in Schweizer KMU mit Verbesserungspotenzial - Organisator<\/title>\n<meta name=\"description\" content=\"Auch Schweizer KMU sind von Cyber-Kriminalit\u00e4t betroffen. Trotzdem r\u00fcckt das Thema Informationssicherheit bei den Unternehmen nur langsam in den Fokus.\" \/>\n<meta name=\"robots\" content=\"index, follow, max-snippet:-1, max-image-preview:large, max-video-preview:-1\" \/>\n<link rel=\"canonical\" href=\"https:\/\/www.organisator.ch\/de\/management\/it\/2017-11-10\/cyber-kriminalitaet-informationssicherheit-in-schweizer-kmu-mit-verbesserungspotenzial\/\" \/>\n<meta property=\"og:locale\" content=\"de_DE\" \/>\n<meta property=\"og:type\" content=\"article\" \/>\n<meta property=\"og:title\" content=\"Cyber-Kriminalit\u00e4t: Informationssicherheit in Schweizer KMU mit Verbesserungspotenzial\" \/>\n<meta property=\"og:description\" content=\"Auch Schweizer KMU sind von #Cyber-Kriminalit\u00e4t betroffen. Trotzdem r\u00fcckt das Thema #Informationssicherheit bei den Unternehmen nur langsam in den Fokus.\" \/>\n<meta property=\"og:url\" content=\"https:\/\/www.organisator.ch\/de\/management\/it\/2017-11-10\/cyber-kriminalitaet-informationssicherheit-in-schweizer-kmu-mit-verbesserungspotenzial\/\" \/>\n<meta property=\"og:site_name\" content=\"Organisator\" \/>\n<meta property=\"article:publisher\" content=\"https:\/\/www.facebook.com\/OrganisatorFachmagazin\" \/>\n<meta property=\"article:published_time\" content=\"2017-11-10T07:07:02+00:00\" \/>\n<meta property=\"og:image\" content=\"https:\/\/www.organisator.ch\/wp-content\/uploads\/2017\/11\/Cyber-Kriminalitaet-Informationssicherheit-in-Schweizer-KMU-mit-Verbesserungspotenzial_Organisator.jpg\" \/>\n\t<meta property=\"og:image:width\" content=\"584\" \/>\n\t<meta property=\"og:image:height\" content=\"252\" \/>\n\t<meta property=\"og:image:type\" content=\"image\/jpeg\" \/>\n<meta name=\"author\" content=\"thomas.berner\" \/>\n<meta name=\"twitter:card\" content=\"summary_large_image\" \/>\n<meta name=\"twitter:title\" content=\"#Cyber-Kriminalit\u00e4t: #Informationssicherheit in Schweizer KMU mit Verbesserungspotenzial\" \/>\n<meta name=\"twitter:description\" content=\"Auch Schweizer KMU sind von #Cyber-Kriminalit\u00e4t betroffen. Trotzdem r\u00fcckt das Thema #Informationssicherheit bei den Unternehmen nur langsam in den Fokus.\" \/>\n<meta name=\"twitter:image\" content=\"https:\/\/www.organisator.ch\/wp-content\/uploads\/2017\/11\/Cyber-Kriminalit\u00e4t-Informationssicherheit-in-Schweizer-KMU-mit-Verbesserungspotenzial_Organisator.jpg\" \/>\n<script type=\"application\/ld+json\" class=\"yoast-schema-graph\">{\"@context\":\"https:\\\/\\\/schema.org\",\"@graph\":[{\"@type\":\"Article\",\"@id\":\"https:\\\/\\\/www.organisator.ch\\\/management\\\/it\\\/2017-11-10\\\/cyber-kriminalitaet-informationssicherheit-in-schweizer-kmu-mit-verbesserungspotenzial\\\/#article\",\"isPartOf\":{\"@id\":\"https:\\\/\\\/www.organisator.ch\\\/management\\\/it\\\/2017-11-10\\\/cyber-kriminalitaet-informationssicherheit-in-schweizer-kmu-mit-verbesserungspotenzial\\\/\"},\"author\":{\"name\":\"thomas.berner\",\"@id\":\"https:\\\/\\\/www.organisator.ch\\\/#\\\/schema\\\/person\\\/6f650f90b2842cd4c0cc334b4e36f67e\"},\"headline\":\"Cyber-Kriminalit\u00e4t: Informationssicherheit in Schweizer KMU mit Verbesserungspotenzial\",\"datePublished\":\"2017-11-10T07:07:02+00:00\",\"mainEntityOfPage\":{\"@id\":\"https:\\\/\\\/www.organisator.ch\\\/management\\\/it\\\/2017-11-10\\\/cyber-kriminalitaet-informationssicherheit-in-schweizer-kmu-mit-verbesserungspotenzial\\\/\"},\"wordCount\":521,\"commentCount\":0,\"publisher\":{\"@id\":\"https:\\\/\\\/www.organisator.ch\\\/#organization\"},\"image\":{\"@id\":\"https:\\\/\\\/www.organisator.ch\\\/management\\\/it\\\/2017-11-10\\\/cyber-kriminalitaet-informationssicherheit-in-schweizer-kmu-mit-verbesserungspotenzial\\\/#primaryimage\"},\"thumbnailUrl\":\"https:\\\/\\\/www.organisator.ch\\\/wp-content\\\/uploads\\\/2017\\\/11\\\/Cyber-Kriminalitaet-Informationssicherheit-in-Schweizer-KMU-mit-Verbesserungspotenzial_Organisator.jpg\",\"keywords\":[\"Cyber-Crime\",\"ICT-Sicherheit\",\"Informationssicherheit\",\"Studie\"],\"articleSection\":[\"IT\"],\"inLanguage\":\"de\"},{\"@type\":\"WebPage\",\"@id\":\"https:\\\/\\\/www.organisator.ch\\\/management\\\/it\\\/2017-11-10\\\/cyber-kriminalitaet-informationssicherheit-in-schweizer-kmu-mit-verbesserungspotenzial\\\/\",\"url\":\"https:\\\/\\\/www.organisator.ch\\\/management\\\/it\\\/2017-11-10\\\/cyber-kriminalitaet-informationssicherheit-in-schweizer-kmu-mit-verbesserungspotenzial\\\/\",\"name\":\"Cyber-Kriminalit\u00e4t: Informationssicherheit in Schweizer KMU mit Verbesserungspotenzial - Organisator\",\"isPartOf\":{\"@id\":\"https:\\\/\\\/www.organisator.ch\\\/#website\"},\"primaryImageOfPage\":{\"@id\":\"https:\\\/\\\/www.organisator.ch\\\/management\\\/it\\\/2017-11-10\\\/cyber-kriminalitaet-informationssicherheit-in-schweizer-kmu-mit-verbesserungspotenzial\\\/#primaryimage\"},\"image\":{\"@id\":\"https:\\\/\\\/www.organisator.ch\\\/management\\\/it\\\/2017-11-10\\\/cyber-kriminalitaet-informationssicherheit-in-schweizer-kmu-mit-verbesserungspotenzial\\\/#primaryimage\"},\"thumbnailUrl\":\"https:\\\/\\\/www.organisator.ch\\\/wp-content\\\/uploads\\\/2017\\\/11\\\/Cyber-Kriminalitaet-Informationssicherheit-in-Schweizer-KMU-mit-Verbesserungspotenzial_Organisator.jpg\",\"datePublished\":\"2017-11-10T07:07:02+00:00\",\"description\":\"Auch Schweizer KMU sind von Cyber-Kriminalit\u00e4t betroffen. Trotzdem r\u00fcckt das Thema Informationssicherheit bei den Unternehmen nur langsam in den Fokus.\",\"breadcrumb\":{\"@id\":\"https:\\\/\\\/www.organisator.ch\\\/management\\\/it\\\/2017-11-10\\\/cyber-kriminalitaet-informationssicherheit-in-schweizer-kmu-mit-verbesserungspotenzial\\\/#breadcrumb\"},\"inLanguage\":\"de\",\"potentialAction\":[{\"@type\":\"ReadAction\",\"target\":[\"https:\\\/\\\/www.organisator.ch\\\/management\\\/it\\\/2017-11-10\\\/cyber-kriminalitaet-informationssicherheit-in-schweizer-kmu-mit-verbesserungspotenzial\\\/\"]}]},{\"@type\":\"ImageObject\",\"inLanguage\":\"de\",\"@id\":\"https:\\\/\\\/www.organisator.ch\\\/management\\\/it\\\/2017-11-10\\\/cyber-kriminalitaet-informationssicherheit-in-schweizer-kmu-mit-verbesserungspotenzial\\\/#primaryimage\",\"url\":\"https:\\\/\\\/www.organisator.ch\\\/wp-content\\\/uploads\\\/2017\\\/11\\\/Cyber-Kriminalitaet-Informationssicherheit-in-Schweizer-KMU-mit-Verbesserungspotenzial_Organisator.jpg\",\"contentUrl\":\"https:\\\/\\\/www.organisator.ch\\\/wp-content\\\/uploads\\\/2017\\\/11\\\/Cyber-Kriminalitaet-Informationssicherheit-in-Schweizer-KMU-mit-Verbesserungspotenzial_Organisator.jpg\",\"width\":584,\"height\":252,\"caption\":\"Schweizer KMU widmen dem Thema Cyber-Kriminalit\u00e4t noch nicht gen\u00fcgend Aufmerksamkeit, wie eine Studie der Hochschule Luzern herausfand.\"},{\"@type\":\"BreadcrumbList\",\"@id\":\"https:\\\/\\\/www.organisator.ch\\\/management\\\/it\\\/2017-11-10\\\/cyber-kriminalitaet-informationssicherheit-in-schweizer-kmu-mit-verbesserungspotenzial\\\/#breadcrumb\",\"itemListElement\":[{\"@type\":\"ListItem\",\"position\":1,\"name\":\"Home\",\"item\":\"https:\\\/\\\/www.organisator.ch\\\/\"},{\"@type\":\"ListItem\",\"position\":2,\"name\":\"Cyber-Kriminalit\u00e4t: Informationssicherheit in Schweizer KMU mit Verbesserungspotenzial\"}]},{\"@type\":\"WebSite\",\"@id\":\"https:\\\/\\\/www.organisator.ch\\\/#website\",\"url\":\"https:\\\/\\\/www.organisator.ch\\\/\",\"name\":\"Organisator\",\"description\":\"Kompetent. Praxisnah. Der ORGANISATOR bereitet in 10 Ausgaben pro Jahr die wesentlichen Themen f\u00fcr F\u00fchrungskr\u00e4fte von KMU auf.\",\"publisher\":{\"@id\":\"https:\\\/\\\/www.organisator.ch\\\/#organization\"},\"potentialAction\":[{\"@type\":\"SearchAction\",\"target\":{\"@type\":\"EntryPoint\",\"urlTemplate\":\"https:\\\/\\\/www.organisator.ch\\\/?s={search_term_string}\"},\"query-input\":{\"@type\":\"PropertyValueSpecification\",\"valueRequired\":true,\"valueName\":\"search_term_string\"}}],\"inLanguage\":\"de\"},{\"@type\":\"Organization\",\"@id\":\"https:\\\/\\\/www.organisator.ch\\\/#organization\",\"name\":\"Organisator\",\"url\":\"https:\\\/\\\/www.organisator.ch\\\/\",\"logo\":{\"@type\":\"ImageObject\",\"inLanguage\":\"de\",\"@id\":\"https:\\\/\\\/www.organisator.ch\\\/#\\\/schema\\\/logo\\\/image\\\/\",\"url\":\"https:\\\/\\\/www.organisator.ch\\\/wp-content\\\/uploads\\\/2022\\\/01\\\/Logo_Organisator_Website.png\",\"contentUrl\":\"https:\\\/\\\/www.organisator.ch\\\/wp-content\\\/uploads\\\/2022\\\/01\\\/Logo_Organisator_Website.png\",\"width\":800,\"height\":77,\"caption\":\"Organisator\"},\"image\":{\"@id\":\"https:\\\/\\\/www.organisator.ch\\\/#\\\/schema\\\/logo\\\/image\\\/\"},\"sameAs\":[\"https:\\\/\\\/www.facebook.com\\\/OrganisatorFachmagazin\",\"https:\\\/\\\/www.linkedin.com\\\/showcase\\\/organisator-das-magazin-fr-kmu\",\"https:\\\/\\\/www.xing.com\\\/news\\\/pages\\\/organisator-ch-695\",\"https:\\\/\\\/www.youtube.com\\\/channel\\\/UCGP2Sq0iWaZwT3BdIAQFYpw\"]},{\"@type\":\"Person\",\"@id\":\"https:\\\/\\\/www.organisator.ch\\\/#\\\/schema\\\/person\\\/6f650f90b2842cd4c0cc334b4e36f67e\",\"name\":\"thomas.berner\",\"image\":{\"@type\":\"ImageObject\",\"inLanguage\":\"de\",\"@id\":\"https:\\\/\\\/secure.gravatar.com\\\/avatar\\\/ac5001d2a36cb6c6cd3e50789007ffca834b477b74a2144564522e944eabff61?s=96&d=mm&r=g\",\"url\":\"https:\\\/\\\/secure.gravatar.com\\\/avatar\\\/ac5001d2a36cb6c6cd3e50789007ffca834b477b74a2144564522e944eabff61?s=96&d=mm&r=g\",\"contentUrl\":\"https:\\\/\\\/secure.gravatar.com\\\/avatar\\\/ac5001d2a36cb6c6cd3e50789007ffca834b477b74a2144564522e944eabff61?s=96&d=mm&r=g\",\"caption\":\"thomas.berner\"},\"url\":\"https:\\\/\\\/www.organisator.ch\\\/de\\\/author\\\/thomas-berner\\\/\"}]}<\/script>\n<!-- \/ Yoast SEO plugin. -->","yoast_head_json":{"title":"Cyber-Kriminalit\u00e4t: Informationssicherheit in Schweizer KMU mit Verbesserungspotenzial - Organisator","description":"Auch Schweizer KMU sind von Cyber-Kriminalit\u00e4t betroffen. Trotzdem r\u00fcckt das Thema Informationssicherheit bei den Unternehmen nur langsam in den Fokus.","robots":{"index":"index","follow":"follow","max-snippet":"max-snippet:-1","max-image-preview":"max-image-preview:large","max-video-preview":"max-video-preview:-1"},"canonical":"https:\/\/www.organisator.ch\/de\/management\/it\/2017-11-10\/cyber-kriminalitaet-informationssicherheit-in-schweizer-kmu-mit-verbesserungspotenzial\/","og_locale":"de_DE","og_type":"article","og_title":"Cyber-Kriminalit\u00e4t: Informationssicherheit in Schweizer KMU mit Verbesserungspotenzial","og_description":"Auch Schweizer KMU sind von #Cyber-Kriminalit\u00e4t betroffen. Trotzdem r\u00fcckt das Thema #Informationssicherheit bei den Unternehmen nur langsam in den Fokus.","og_url":"https:\/\/www.organisator.ch\/de\/management\/it\/2017-11-10\/cyber-kriminalitaet-informationssicherheit-in-schweizer-kmu-mit-verbesserungspotenzial\/","og_site_name":"Organisator","article_publisher":"https:\/\/www.facebook.com\/OrganisatorFachmagazin","article_published_time":"2017-11-10T07:07:02+00:00","og_image":[{"width":584,"height":252,"url":"https:\/\/www.organisator.ch\/wp-content\/uploads\/2017\/11\/Cyber-Kriminalitaet-Informationssicherheit-in-Schweizer-KMU-mit-Verbesserungspotenzial_Organisator.jpg","type":"image\/jpeg"}],"author":"thomas.berner","twitter_card":"summary_large_image","twitter_title":"#Cyber-Kriminalit\u00e4t: #Informationssicherheit in Schweizer KMU mit Verbesserungspotenzial","twitter_description":"Auch Schweizer KMU sind von #Cyber-Kriminalit\u00e4t betroffen. Trotzdem r\u00fcckt das Thema #Informationssicherheit bei den Unternehmen nur langsam in den Fokus.","twitter_image":"https:\/\/www.organisator.ch\/wp-content\/uploads\/2017\/11\/Cyber-Kriminalit\u00e4t-Informationssicherheit-in-Schweizer-KMU-mit-Verbesserungspotenzial_Organisator.jpg","schema":{"@context":"https:\/\/schema.org","@graph":[{"@type":"Article","@id":"https:\/\/www.organisator.ch\/management\/it\/2017-11-10\/cyber-kriminalitaet-informationssicherheit-in-schweizer-kmu-mit-verbesserungspotenzial\/#article","isPartOf":{"@id":"https:\/\/www.organisator.ch\/management\/it\/2017-11-10\/cyber-kriminalitaet-informationssicherheit-in-schweizer-kmu-mit-verbesserungspotenzial\/"},"author":{"name":"thomas.berner","@id":"https:\/\/www.organisator.ch\/#\/schema\/person\/6f650f90b2842cd4c0cc334b4e36f67e"},"headline":"Cyber-Kriminalit\u00e4t: Informationssicherheit in Schweizer KMU mit Verbesserungspotenzial","datePublished":"2017-11-10T07:07:02+00:00","mainEntityOfPage":{"@id":"https:\/\/www.organisator.ch\/management\/it\/2017-11-10\/cyber-kriminalitaet-informationssicherheit-in-schweizer-kmu-mit-verbesserungspotenzial\/"},"wordCount":521,"commentCount":0,"publisher":{"@id":"https:\/\/www.organisator.ch\/#organization"},"image":{"@id":"https:\/\/www.organisator.ch\/management\/it\/2017-11-10\/cyber-kriminalitaet-informationssicherheit-in-schweizer-kmu-mit-verbesserungspotenzial\/#primaryimage"},"thumbnailUrl":"https:\/\/www.organisator.ch\/wp-content\/uploads\/2017\/11\/Cyber-Kriminalitaet-Informationssicherheit-in-Schweizer-KMU-mit-Verbesserungspotenzial_Organisator.jpg","keywords":["Cyber-Crime","ICT-Sicherheit","Informationssicherheit","Studie"],"articleSection":["IT"],"inLanguage":"de"},{"@type":"WebPage","@id":"https:\/\/www.organisator.ch\/management\/it\/2017-11-10\/cyber-kriminalitaet-informationssicherheit-in-schweizer-kmu-mit-verbesserungspotenzial\/","url":"https:\/\/www.organisator.ch\/management\/it\/2017-11-10\/cyber-kriminalitaet-informationssicherheit-in-schweizer-kmu-mit-verbesserungspotenzial\/","name":"Cyber-Kriminalit\u00e4t: Informationssicherheit in Schweizer KMU mit Verbesserungspotenzial - Organisator","isPartOf":{"@id":"https:\/\/www.organisator.ch\/#website"},"primaryImageOfPage":{"@id":"https:\/\/www.organisator.ch\/management\/it\/2017-11-10\/cyber-kriminalitaet-informationssicherheit-in-schweizer-kmu-mit-verbesserungspotenzial\/#primaryimage"},"image":{"@id":"https:\/\/www.organisator.ch\/management\/it\/2017-11-10\/cyber-kriminalitaet-informationssicherheit-in-schweizer-kmu-mit-verbesserungspotenzial\/#primaryimage"},"thumbnailUrl":"https:\/\/www.organisator.ch\/wp-content\/uploads\/2017\/11\/Cyber-Kriminalitaet-Informationssicherheit-in-Schweizer-KMU-mit-Verbesserungspotenzial_Organisator.jpg","datePublished":"2017-11-10T07:07:02+00:00","description":"Auch Schweizer KMU sind von Cyber-Kriminalit\u00e4t betroffen. Trotzdem r\u00fcckt das Thema Informationssicherheit bei den Unternehmen nur langsam in den Fokus.","breadcrumb":{"@id":"https:\/\/www.organisator.ch\/management\/it\/2017-11-10\/cyber-kriminalitaet-informationssicherheit-in-schweizer-kmu-mit-verbesserungspotenzial\/#breadcrumb"},"inLanguage":"de","potentialAction":[{"@type":"ReadAction","target":["https:\/\/www.organisator.ch\/management\/it\/2017-11-10\/cyber-kriminalitaet-informationssicherheit-in-schweizer-kmu-mit-verbesserungspotenzial\/"]}]},{"@type":"ImageObject","inLanguage":"de","@id":"https:\/\/www.organisator.ch\/management\/it\/2017-11-10\/cyber-kriminalitaet-informationssicherheit-in-schweizer-kmu-mit-verbesserungspotenzial\/#primaryimage","url":"https:\/\/www.organisator.ch\/wp-content\/uploads\/2017\/11\/Cyber-Kriminalitaet-Informationssicherheit-in-Schweizer-KMU-mit-Verbesserungspotenzial_Organisator.jpg","contentUrl":"https:\/\/www.organisator.ch\/wp-content\/uploads\/2017\/11\/Cyber-Kriminalitaet-Informationssicherheit-in-Schweizer-KMU-mit-Verbesserungspotenzial_Organisator.jpg","width":584,"height":252,"caption":"Schweizer KMU widmen dem Thema Cyber-Kriminalit\u00e4t noch nicht gen\u00fcgend Aufmerksamkeit, wie eine Studie der Hochschule Luzern herausfand."},{"@type":"BreadcrumbList","@id":"https:\/\/www.organisator.ch\/management\/it\/2017-11-10\/cyber-kriminalitaet-informationssicherheit-in-schweizer-kmu-mit-verbesserungspotenzial\/#breadcrumb","itemListElement":[{"@type":"ListItem","position":1,"name":"Home","item":"https:\/\/www.organisator.ch\/"},{"@type":"ListItem","position":2,"name":"Cyber-Kriminalit\u00e4t: Informationssicherheit in Schweizer KMU mit Verbesserungspotenzial"}]},{"@type":"WebSite","@id":"https:\/\/www.organisator.ch\/#website","url":"https:\/\/www.organisator.ch\/","name":"Organisator","description":"Kompetent. Praxisnah. Der ORGANISATOR bereitet in 10 Ausgaben pro Jahr die wesentlichen Themen f\u00fcr F\u00fchrungskr\u00e4fte von KMU auf.","publisher":{"@id":"https:\/\/www.organisator.ch\/#organization"},"potentialAction":[{"@type":"SearchAction","target":{"@type":"EntryPoint","urlTemplate":"https:\/\/www.organisator.ch\/?s={search_term_string}"},"query-input":{"@type":"PropertyValueSpecification","valueRequired":true,"valueName":"search_term_string"}}],"inLanguage":"de"},{"@type":"Organization","@id":"https:\/\/www.organisator.ch\/#organization","name":"Organisator","url":"https:\/\/www.organisator.ch\/","logo":{"@type":"ImageObject","inLanguage":"de","@id":"https:\/\/www.organisator.ch\/#\/schema\/logo\/image\/","url":"https:\/\/www.organisator.ch\/wp-content\/uploads\/2022\/01\/Logo_Organisator_Website.png","contentUrl":"https:\/\/www.organisator.ch\/wp-content\/uploads\/2022\/01\/Logo_Organisator_Website.png","width":800,"height":77,"caption":"Organisator"},"image":{"@id":"https:\/\/www.organisator.ch\/#\/schema\/logo\/image\/"},"sameAs":["https:\/\/www.facebook.com\/OrganisatorFachmagazin","https:\/\/www.linkedin.com\/showcase\/organisator-das-magazin-fr-kmu","https:\/\/www.xing.com\/news\/pages\/organisator-ch-695","https:\/\/www.youtube.com\/channel\/UCGP2Sq0iWaZwT3BdIAQFYpw"]},{"@type":"Person","@id":"https:\/\/www.organisator.ch\/#\/schema\/person\/6f650f90b2842cd4c0cc334b4e36f67e","name":"thomas.berner","image":{"@type":"ImageObject","inLanguage":"de","@id":"https:\/\/secure.gravatar.com\/avatar\/ac5001d2a36cb6c6cd3e50789007ffca834b477b74a2144564522e944eabff61?s=96&d=mm&r=g","url":"https:\/\/secure.gravatar.com\/avatar\/ac5001d2a36cb6c6cd3e50789007ffca834b477b74a2144564522e944eabff61?s=96&d=mm&r=g","contentUrl":"https:\/\/secure.gravatar.com\/avatar\/ac5001d2a36cb6c6cd3e50789007ffca834b477b74a2144564522e944eabff61?s=96&d=mm&r=g","caption":"thomas.berner"},"url":"https:\/\/www.organisator.ch\/de\/author\/thomas-berner\/"}]}},"_links":{"self":[{"href":"https:\/\/www.organisator.ch\/de\/wp-json\/wp\/v2\/posts\/2688","targetHints":{"allow":["GET"]}}],"collection":[{"href":"https:\/\/www.organisator.ch\/de\/wp-json\/wp\/v2\/posts"}],"about":[{"href":"https:\/\/www.organisator.ch\/de\/wp-json\/wp\/v2\/types\/post"}],"author":[{"embeddable":true,"href":"https:\/\/www.organisator.ch\/de\/wp-json\/wp\/v2\/users\/4"}],"replies":[{"embeddable":true,"href":"https:\/\/www.organisator.ch\/de\/wp-json\/wp\/v2\/comments?post=2688"}],"version-history":[{"count":0,"href":"https:\/\/www.organisator.ch\/de\/wp-json\/wp\/v2\/posts\/2688\/revisions"}],"wp:featuredmedia":[{"embeddable":true,"href":"https:\/\/www.organisator.ch\/de\/wp-json\/wp\/v2\/media\/2689"}],"wp:attachment":[{"href":"https:\/\/www.organisator.ch\/de\/wp-json\/wp\/v2\/media?parent=2688"}],"wp:term":[{"taxonomy":"category","embeddable":true,"href":"https:\/\/www.organisator.ch\/de\/wp-json\/wp\/v2\/categories?post=2688"},{"taxonomy":"post_tag","embeddable":true,"href":"https:\/\/www.organisator.ch\/de\/wp-json\/wp\/v2\/tags?post=2688"}],"curies":[{"name":"wp","href":"https:\/\/api.w.org\/{rel}","templated":true}]}}