{"id":26998,"date":"2024-05-08T13:00:46","date_gmt":"2024-05-08T11:00:46","guid":{"rendered":"https:\/\/www.organisator.ch\/?p=26998"},"modified":"2024-05-28T15:40:42","modified_gmt":"2024-05-28T13:40:42","slug":"ostschweizer-personaltag-bietet-antworten-zur-generationenfrage","status":"publish","type":"post","link":"https:\/\/www.organisator.ch\/de\/human-resources\/2024-05-08\/ostschweizer-personaltag-bietet-antworten-zur-generationenfrage\/","title":{"rendered":"Ostschweizer Personaltag bietet Antworten zur \u00abGenerationenfrage\u00bb"},"content":{"rendered":"<figure id=\"attachment_26999\" aria-describedby=\"caption-attachment-26999\" style=\"width: 680px\" class=\"wp-caption alignnone\"><img loading=\"lazy\" decoding=\"async\" class=\"wp-image-26999 size-full\" src=\"https:\/\/www.organisator.ch\/wp-content\/uploads\/2024\/05\/Personaltag_Bild1_ps.jpg\" alt=\"\" width=\"680\" height=\"510\" srcset=\"https:\/\/www.organisator.ch\/wp-content\/uploads\/2024\/05\/Personaltag_Bild1_ps.jpg 680w, https:\/\/www.organisator.ch\/wp-content\/uploads\/2024\/05\/Personaltag_Bild1_ps-16x12.jpg 16w, https:\/\/www.organisator.ch\/wp-content\/uploads\/2024\/05\/Personaltag_Bild1_ps-375x281.jpg 375w, https:\/\/www.organisator.ch\/wp-content\/uploads\/2024\/05\/Personaltag_Bild1_ps-467x350.jpg 467w\" sizes=\"auto, (max-width: 680px) 100vw, 680px\" \/><figcaption id=\"caption-attachment-26999\" class=\"wp-caption-text\">Der 20. Ostschweizer Personaltag widmet sich dem Thema \u00abDie Generationenfrage \u2013 Mitarbeitende im Wandel\u00bb. (Bild: www.personaltag.ch)<\/figcaption><\/figure>\n<p>Die Arbeitswelt steht vor der Herausforderung, die unterschiedlichen Bed\u00fcrfnisse der Generationen zu verstehen und Vorurteile zu \u00fcberwinden. Wie k\u00f6nnen diese Vorurteile abgebaut und ein besseres Verst\u00e4ndnis innerhalb der Generationen gef\u00f6rdert werden? Am Ostschweizer Personaltag werden diese Fragen intensiv diskutiert, um Personalfachleuten wertvolle Einblicke zu bieten.<\/p>\n<h3><strong>Hochkar\u00e4tiges Line-up und Generationen-Talk <\/strong><\/h3>\n<p>Namhafte Referentinnen und Referenten werden am 26. September 2024 auf der Personaltag-B\u00fchne sprechen. Einer von ihnen ist der Zukunftsforscher Tristan Horx, Vertreter der Generation Y. Er wirft die Frage auf, ob Generationen grunds\u00e4tzlich noch in traditionelle Modelle eingeteilt werden k\u00f6nnen. Neben seiner T\u00e4tigkeit als Forscher, Autor und Speaker ist Horx Gr\u00fcnder und Botschafter des Thinktanks The Future:Project. Einen umfassenden \u00dcberblick \u00fcber die Thematik \u00abGenerationen\u00bb gibt Dr. Ronald Ivancic von der OST \u2013 Ostschweizer Fachhochschule. Er ist Dozent am Institut f\u00fcr Organisation und Leadership (IOL).<\/p>\n<p>Ein Highlight des Programms ist der Generationen-Talk, bei dem Vertreterinnen und Vertreter verschiedener Generationen \u00fcber ihre Ansichten und Erfahrungen sprechen: die 18-j\u00e4hrige Anastasia Kurer, Ivo Riedi, Head of Vocational Training der SFS Group Schweiz, und Mich\u00e8le M\u00e9groz, CEO der CSP AG. Moderiert wird die Runde von Sabine Bianchi. \u00dcber Generationen im Gesundheitswesen und den Wandel der Rollen und Strukturen spricht Mich\u00e8le Bongetta. Sie ist Gesch\u00e4ftsf\u00fchrerin der Rehakliniken Zihlschlacht und Dussnang und besch\u00e4ftigt sich intensiv mit dem Thema der \u00abalten\u00bb, \u00abheutigen\u00bb und \u00abkommenden\u00bb Generationen. Zudem referiert Hans Rupli, Pr\u00e4sident des Netzwerks focus50plus, zum Thema \u00abGeneration 50plus: Chancen und Herausforderungen f\u00fcr Unternehmen\u00bb.<\/p>\n<h3><strong>Neue Partnerschaft st\u00e4rkt den Ostschweizer Personaltag <\/strong><\/h3>\n<p>Nachdem im letzten Jahr Helsana als neuer Co-Sponsor gewonnen wurde, folgt in diesem Jahr die OBT AG, ebenfalls mit einem Co-Sponsoring. Karin Krawczyk, stellvertretende Gesch\u00e4ftsf\u00fchrerin der Galledia Event AG und Tagungsleiterin, betont: \u00abEs freut uns sehr, die OBT AG als neuen Co-Sponsor f\u00fcr dieses Jahr gewonnen zu haben. Ohne die Unterst\u00fctzung all unserer Sponsoren und Partner w\u00e4re der Personaltag nicht m\u00f6glich.\u00bb Neben den neuen Partnerschaften setzen auch langj\u00e4hrige Unterst\u00fctzer wie die Hauptsponsoren ostjob.ch und BVS St. Gallen sowie die Patronatsgeber HR Ostschweiz und OST \u2013 Ostschweizer Fachhochschule ihre Zusammenarbeit fort.<\/p>\n<p><em>Quelle, weitere Informationen und Anmeldung: <a href=\"http:\/\/www.personaltag.ch\">www.personaltag.ch<\/a><\/em><\/p>\n","protected":false},"excerpt":{"rendered":"<p>Der 20. Ostschweizer Personaltag, der am 26. September 2024 in St. Gallen stattfindet, widmet sich dem Thema \u00abDie Generationenfrage \u2013 Mitarbeitende im Wandel\u00bb. Die Teilnehmerinnen und Teilnehmer erwarten ein hochkar\u00e4tiges Programm und viele Netzwerkm\u00f6glichkeiten mit Ostschweizer Personalfachleuten.<\/p>\n","protected":false},"author":58,"featured_media":26999,"comment_status":"closed","ping_status":"closed","sticky":false,"template":"","format":"standard","meta":{"_acf_changed":false,"_yoast_wpseo_focuskw":"Personaltag","_yoast_wpseo_metadesc":"Der 20. Ostschweizer Personaltag, der am 26. September 2024 in St. Gallen stattfindet, widmet sich dem Thema \u00abDie Generationenfrage \u2013 Mitarbeitende im Wandel\u00bb.","articlekey":"","footnotes":""},"categories":[579],"tags":[3365,2694,424,492],"class_list":["post-26998","post","type-post","status-publish","format-standard","has-post-thumbnail","hentry","category-human-resources","tag-generationen","tag-personaltag","tag-schweiz","tag-unternehmen"],"acf":[],"yoast_head":"<!-- This site is optimized with the Yoast SEO plugin v27.5 - https:\/\/yoast.com\/product\/yoast-seo-wordpress\/ -->\n<title>Ostschweizer Personaltag bietet Antworten zur \u00abGenerationenfrage\u00bb - Organisator<\/title>\n<meta name=\"description\" content=\"Der 20. Ostschweizer Personaltag, der am 26. September 2024 in St. Gallen stattfindet, widmet sich dem Thema \u00abDie Generationenfrage \u2013 Mitarbeitende im Wandel\u00bb.\" \/>\n<meta name=\"robots\" content=\"index, follow, max-snippet:-1, max-image-preview:large, max-video-preview:-1\" \/>\n<link rel=\"canonical\" href=\"https:\/\/www.organisator.ch\/de\/human-resources\/2024-05-08\/ostschweizer-personaltag-bietet-antworten-zur-generationenfrage\/\" \/>\n<meta property=\"og:locale\" content=\"de_DE\" \/>\n<meta property=\"og:type\" content=\"article\" \/>\n<meta property=\"og:title\" content=\"Ostschweizer Personaltag bietet Antworten zur \u00abGenerationenfrage\u00bb\" \/>\n<meta property=\"og:description\" content=\"Der 20. Ostschweizer Personaltag, der am 26. September 2024 in St. Gallen stattfindet, widmet sich dem Thema \u00abDie Generationenfrage \u2013 Mitarbeitende im Wandel\u00bb.\" \/>\n<meta property=\"og:url\" content=\"https:\/\/www.organisator.ch\/de\/human-resources\/2024-05-08\/ostschweizer-personaltag-bietet-antworten-zur-generationenfrage\/\" \/>\n<meta property=\"og:site_name\" content=\"Organisator\" \/>\n<meta property=\"article:publisher\" content=\"https:\/\/www.facebook.com\/OrganisatorFachmagazin\" \/>\n<meta property=\"article:published_time\" content=\"2024-05-08T11:00:46+00:00\" \/>\n<meta property=\"article:modified_time\" content=\"2024-05-28T13:40:42+00:00\" \/>\n<meta property=\"og:image\" content=\"https:\/\/www.organisator.ch\/wp-content\/uploads\/2024\/05\/Personaltag_Bild1_ps.jpg\" \/>\n\t<meta property=\"og:image:width\" content=\"680\" \/>\n\t<meta property=\"og:image:height\" content=\"510\" \/>\n\t<meta property=\"og:image:type\" content=\"image\/jpeg\" \/>\n<meta name=\"author\" content=\"Adelisa Kalajdzini\" \/>\n<meta name=\"twitter:card\" content=\"summary_large_image\" \/>\n<meta name=\"twitter:title\" content=\"Ostschweizer Personaltag bietet Antworten zur \u00abGenerationenfrage\u00bb\" \/>\n<meta name=\"twitter:description\" content=\"Der 20. #Ostschweizer #Personaltag, der am 26. September 2024 in St. Gallen stattfindet, widmet sich dem #Thema #\u00abDie Generationenfrage \u2013 Mitarbeitende im Wandel\u00bb.\" \/>\n<meta name=\"twitter:image\" content=\"https:\/\/www.organisator.ch\/wp-content\/uploads\/2024\/05\/Personaltag_Bild1_ps.jpg\" \/>\n<script type=\"application\/ld+json\" class=\"yoast-schema-graph\">{\"@context\":\"https:\\\/\\\/schema.org\",\"@graph\":[{\"@type\":\"Article\",\"@id\":\"https:\\\/\\\/www.organisator.ch\\\/human-resources\\\/2024-05-08\\\/ostschweizer-personaltag-bietet-antworten-zur-generationenfrage\\\/#article\",\"isPartOf\":{\"@id\":\"https:\\\/\\\/www.organisator.ch\\\/human-resources\\\/2024-05-08\\\/ostschweizer-personaltag-bietet-antworten-zur-generationenfrage\\\/\"},\"author\":{\"name\":\"Adelisa Kalajdzini\",\"@id\":\"https:\\\/\\\/www.organisator.ch\\\/#\\\/schema\\\/person\\\/2e1314a2172123f874db408d8911d3f3\"},\"headline\":\"Ostschweizer Personaltag bietet Antworten zur \u00abGenerationenfrage\u00bb\",\"datePublished\":\"2024-05-08T11:00:46+00:00\",\"dateModified\":\"2024-05-28T13:40:42+00:00\",\"mainEntityOfPage\":{\"@id\":\"https:\\\/\\\/www.organisator.ch\\\/human-resources\\\/2024-05-08\\\/ostschweizer-personaltag-bietet-antworten-zur-generationenfrage\\\/\"},\"wordCount\":394,\"publisher\":{\"@id\":\"https:\\\/\\\/www.organisator.ch\\\/#organization\"},\"image\":{\"@id\":\"https:\\\/\\\/www.organisator.ch\\\/human-resources\\\/2024-05-08\\\/ostschweizer-personaltag-bietet-antworten-zur-generationenfrage\\\/#primaryimage\"},\"thumbnailUrl\":\"https:\\\/\\\/www.organisator.ch\\\/wp-content\\\/uploads\\\/2024\\\/05\\\/Personaltag_Bild1_ps.jpg\",\"keywords\":[\"Generationen\",\"Personaltag\",\"Schweiz\",\"Unternehmen\"],\"articleSection\":[\"HUMAN RESOURCES\"],\"inLanguage\":\"de\"},{\"@type\":\"WebPage\",\"@id\":\"https:\\\/\\\/www.organisator.ch\\\/human-resources\\\/2024-05-08\\\/ostschweizer-personaltag-bietet-antworten-zur-generationenfrage\\\/\",\"url\":\"https:\\\/\\\/www.organisator.ch\\\/human-resources\\\/2024-05-08\\\/ostschweizer-personaltag-bietet-antworten-zur-generationenfrage\\\/\",\"name\":\"Ostschweizer Personaltag bietet Antworten zur \u00abGenerationenfrage\u00bb - Organisator\",\"isPartOf\":{\"@id\":\"https:\\\/\\\/www.organisator.ch\\\/#website\"},\"primaryImageOfPage\":{\"@id\":\"https:\\\/\\\/www.organisator.ch\\\/human-resources\\\/2024-05-08\\\/ostschweizer-personaltag-bietet-antworten-zur-generationenfrage\\\/#primaryimage\"},\"image\":{\"@id\":\"https:\\\/\\\/www.organisator.ch\\\/human-resources\\\/2024-05-08\\\/ostschweizer-personaltag-bietet-antworten-zur-generationenfrage\\\/#primaryimage\"},\"thumbnailUrl\":\"https:\\\/\\\/www.organisator.ch\\\/wp-content\\\/uploads\\\/2024\\\/05\\\/Personaltag_Bild1_ps.jpg\",\"datePublished\":\"2024-05-08T11:00:46+00:00\",\"dateModified\":\"2024-05-28T13:40:42+00:00\",\"description\":\"Der 20. Ostschweizer Personaltag, der am 26. September 2024 in St. Gallen stattfindet, widmet sich dem Thema \u00abDie Generationenfrage \u2013 Mitarbeitende im Wandel\u00bb.\",\"breadcrumb\":{\"@id\":\"https:\\\/\\\/www.organisator.ch\\\/human-resources\\\/2024-05-08\\\/ostschweizer-personaltag-bietet-antworten-zur-generationenfrage\\\/#breadcrumb\"},\"inLanguage\":\"de\",\"potentialAction\":[{\"@type\":\"ReadAction\",\"target\":[\"https:\\\/\\\/www.organisator.ch\\\/human-resources\\\/2024-05-08\\\/ostschweizer-personaltag-bietet-antworten-zur-generationenfrage\\\/\"]}]},{\"@type\":\"ImageObject\",\"inLanguage\":\"de\",\"@id\":\"https:\\\/\\\/www.organisator.ch\\\/human-resources\\\/2024-05-08\\\/ostschweizer-personaltag-bietet-antworten-zur-generationenfrage\\\/#primaryimage\",\"url\":\"https:\\\/\\\/www.organisator.ch\\\/wp-content\\\/uploads\\\/2024\\\/05\\\/Personaltag_Bild1_ps.jpg\",\"contentUrl\":\"https:\\\/\\\/www.organisator.ch\\\/wp-content\\\/uploads\\\/2024\\\/05\\\/Personaltag_Bild1_ps.jpg\",\"width\":680,\"height\":510,\"caption\":\"Der 20. Ostschweizer Personaltag widmet sich dem Thema \u00abDie Generationenfrage \u2013 Mitarbeitende im Wandel\u00bb. (Bild: www.personaltag.ch)\"},{\"@type\":\"BreadcrumbList\",\"@id\":\"https:\\\/\\\/www.organisator.ch\\\/human-resources\\\/2024-05-08\\\/ostschweizer-personaltag-bietet-antworten-zur-generationenfrage\\\/#breadcrumb\",\"itemListElement\":[{\"@type\":\"ListItem\",\"position\":1,\"name\":\"Home\",\"item\":\"https:\\\/\\\/www.organisator.ch\\\/\"},{\"@type\":\"ListItem\",\"position\":2,\"name\":\"Ostschweizer Personaltag bietet Antworten zur \u00abGenerationenfrage\u00bb\"}]},{\"@type\":\"WebSite\",\"@id\":\"https:\\\/\\\/www.organisator.ch\\\/#website\",\"url\":\"https:\\\/\\\/www.organisator.ch\\\/\",\"name\":\"Organisator\",\"description\":\"Kompetent. Praxisnah. Der ORGANISATOR bereitet in 10 Ausgaben pro Jahr die wesentlichen Themen f\u00fcr F\u00fchrungskr\u00e4fte von KMU auf.\",\"publisher\":{\"@id\":\"https:\\\/\\\/www.organisator.ch\\\/#organization\"},\"potentialAction\":[{\"@type\":\"SearchAction\",\"target\":{\"@type\":\"EntryPoint\",\"urlTemplate\":\"https:\\\/\\\/www.organisator.ch\\\/?s={search_term_string}\"},\"query-input\":{\"@type\":\"PropertyValueSpecification\",\"valueRequired\":true,\"valueName\":\"search_term_string\"}}],\"inLanguage\":\"de\"},{\"@type\":\"Organization\",\"@id\":\"https:\\\/\\\/www.organisator.ch\\\/#organization\",\"name\":\"Organisator\",\"url\":\"https:\\\/\\\/www.organisator.ch\\\/\",\"logo\":{\"@type\":\"ImageObject\",\"inLanguage\":\"de\",\"@id\":\"https:\\\/\\\/www.organisator.ch\\\/#\\\/schema\\\/logo\\\/image\\\/\",\"url\":\"https:\\\/\\\/www.organisator.ch\\\/wp-content\\\/uploads\\\/2022\\\/01\\\/Logo_Organisator_Website.png\",\"contentUrl\":\"https:\\\/\\\/www.organisator.ch\\\/wp-content\\\/uploads\\\/2022\\\/01\\\/Logo_Organisator_Website.png\",\"width\":800,\"height\":77,\"caption\":\"Organisator\"},\"image\":{\"@id\":\"https:\\\/\\\/www.organisator.ch\\\/#\\\/schema\\\/logo\\\/image\\\/\"},\"sameAs\":[\"https:\\\/\\\/www.facebook.com\\\/OrganisatorFachmagazin\",\"https:\\\/\\\/www.linkedin.com\\\/showcase\\\/organisator-das-magazin-fr-kmu\",\"https:\\\/\\\/www.xing.com\\\/news\\\/pages\\\/organisator-ch-695\",\"https:\\\/\\\/www.youtube.com\\\/channel\\\/UCGP2Sq0iWaZwT3BdIAQFYpw\"]},{\"@type\":\"Person\",\"@id\":\"https:\\\/\\\/www.organisator.ch\\\/#\\\/schema\\\/person\\\/2e1314a2172123f874db408d8911d3f3\",\"name\":\"Adelisa Kalajdzini\",\"image\":{\"@type\":\"ImageObject\",\"inLanguage\":\"de\",\"@id\":\"https:\\\/\\\/secure.gravatar.com\\\/avatar\\\/09a397c22ac58cad6f160ee8306348599df9df58a8ede73696226897b9fa4b24?s=96&d=mm&r=g\",\"url\":\"https:\\\/\\\/secure.gravatar.com\\\/avatar\\\/09a397c22ac58cad6f160ee8306348599df9df58a8ede73696226897b9fa4b24?s=96&d=mm&r=g\",\"contentUrl\":\"https:\\\/\\\/secure.gravatar.com\\\/avatar\\\/09a397c22ac58cad6f160ee8306348599df9df58a8ede73696226897b9fa4b24?s=96&d=mm&r=g\",\"caption\":\"Adelisa Kalajdzini\"},\"url\":\"https:\\\/\\\/www.organisator.ch\\\/de\\\/author\\\/adelisa-kalajdzini\\\/\"}]}<\/script>\n<!-- \/ Yoast SEO plugin. -->","yoast_head_json":{"title":"Ostschweizer Personaltag bietet Antworten zur \u00abGenerationenfrage\u00bb - Organisator","description":"Der 20. Ostschweizer Personaltag, der am 26. September 2024 in St. Gallen stattfindet, widmet sich dem Thema \u00abDie Generationenfrage \u2013 Mitarbeitende im Wandel\u00bb.","robots":{"index":"index","follow":"follow","max-snippet":"max-snippet:-1","max-image-preview":"max-image-preview:large","max-video-preview":"max-video-preview:-1"},"canonical":"https:\/\/www.organisator.ch\/de\/human-resources\/2024-05-08\/ostschweizer-personaltag-bietet-antworten-zur-generationenfrage\/","og_locale":"de_DE","og_type":"article","og_title":"Ostschweizer Personaltag bietet Antworten zur \u00abGenerationenfrage\u00bb","og_description":"Der 20. Ostschweizer Personaltag, der am 26. September 2024 in St. Gallen stattfindet, widmet sich dem Thema \u00abDie Generationenfrage \u2013 Mitarbeitende im Wandel\u00bb.","og_url":"https:\/\/www.organisator.ch\/de\/human-resources\/2024-05-08\/ostschweizer-personaltag-bietet-antworten-zur-generationenfrage\/","og_site_name":"Organisator","article_publisher":"https:\/\/www.facebook.com\/OrganisatorFachmagazin","article_published_time":"2024-05-08T11:00:46+00:00","article_modified_time":"2024-05-28T13:40:42+00:00","og_image":[{"width":680,"height":510,"url":"https:\/\/www.organisator.ch\/wp-content\/uploads\/2024\/05\/Personaltag_Bild1_ps.jpg","type":"image\/jpeg"}],"author":"Adelisa Kalajdzini","twitter_card":"summary_large_image","twitter_title":"Ostschweizer Personaltag bietet Antworten zur \u00abGenerationenfrage\u00bb","twitter_description":"Der 20. #Ostschweizer #Personaltag, der am 26. September 2024 in St. Gallen stattfindet, widmet sich dem #Thema #\u00abDie Generationenfrage \u2013 Mitarbeitende im Wandel\u00bb.","twitter_image":"https:\/\/www.organisator.ch\/wp-content\/uploads\/2024\/05\/Personaltag_Bild1_ps.jpg","schema":{"@context":"https:\/\/schema.org","@graph":[{"@type":"Article","@id":"https:\/\/www.organisator.ch\/human-resources\/2024-05-08\/ostschweizer-personaltag-bietet-antworten-zur-generationenfrage\/#article","isPartOf":{"@id":"https:\/\/www.organisator.ch\/human-resources\/2024-05-08\/ostschweizer-personaltag-bietet-antworten-zur-generationenfrage\/"},"author":{"name":"Adelisa Kalajdzini","@id":"https:\/\/www.organisator.ch\/#\/schema\/person\/2e1314a2172123f874db408d8911d3f3"},"headline":"Ostschweizer Personaltag bietet Antworten zur \u00abGenerationenfrage\u00bb","datePublished":"2024-05-08T11:00:46+00:00","dateModified":"2024-05-28T13:40:42+00:00","mainEntityOfPage":{"@id":"https:\/\/www.organisator.ch\/human-resources\/2024-05-08\/ostschweizer-personaltag-bietet-antworten-zur-generationenfrage\/"},"wordCount":394,"publisher":{"@id":"https:\/\/www.organisator.ch\/#organization"},"image":{"@id":"https:\/\/www.organisator.ch\/human-resources\/2024-05-08\/ostschweizer-personaltag-bietet-antworten-zur-generationenfrage\/#primaryimage"},"thumbnailUrl":"https:\/\/www.organisator.ch\/wp-content\/uploads\/2024\/05\/Personaltag_Bild1_ps.jpg","keywords":["Generationen","Personaltag","Schweiz","Unternehmen"],"articleSection":["HUMAN RESOURCES"],"inLanguage":"de"},{"@type":"WebPage","@id":"https:\/\/www.organisator.ch\/human-resources\/2024-05-08\/ostschweizer-personaltag-bietet-antworten-zur-generationenfrage\/","url":"https:\/\/www.organisator.ch\/human-resources\/2024-05-08\/ostschweizer-personaltag-bietet-antworten-zur-generationenfrage\/","name":"Ostschweizer Personaltag bietet Antworten zur \u00abGenerationenfrage\u00bb - Organisator","isPartOf":{"@id":"https:\/\/www.organisator.ch\/#website"},"primaryImageOfPage":{"@id":"https:\/\/www.organisator.ch\/human-resources\/2024-05-08\/ostschweizer-personaltag-bietet-antworten-zur-generationenfrage\/#primaryimage"},"image":{"@id":"https:\/\/www.organisator.ch\/human-resources\/2024-05-08\/ostschweizer-personaltag-bietet-antworten-zur-generationenfrage\/#primaryimage"},"thumbnailUrl":"https:\/\/www.organisator.ch\/wp-content\/uploads\/2024\/05\/Personaltag_Bild1_ps.jpg","datePublished":"2024-05-08T11:00:46+00:00","dateModified":"2024-05-28T13:40:42+00:00","description":"Der 20. Ostschweizer Personaltag, der am 26. September 2024 in St. Gallen stattfindet, widmet sich dem Thema \u00abDie Generationenfrage \u2013 Mitarbeitende im Wandel\u00bb.","breadcrumb":{"@id":"https:\/\/www.organisator.ch\/human-resources\/2024-05-08\/ostschweizer-personaltag-bietet-antworten-zur-generationenfrage\/#breadcrumb"},"inLanguage":"de","potentialAction":[{"@type":"ReadAction","target":["https:\/\/www.organisator.ch\/human-resources\/2024-05-08\/ostschweizer-personaltag-bietet-antworten-zur-generationenfrage\/"]}]},{"@type":"ImageObject","inLanguage":"de","@id":"https:\/\/www.organisator.ch\/human-resources\/2024-05-08\/ostschweizer-personaltag-bietet-antworten-zur-generationenfrage\/#primaryimage","url":"https:\/\/www.organisator.ch\/wp-content\/uploads\/2024\/05\/Personaltag_Bild1_ps.jpg","contentUrl":"https:\/\/www.organisator.ch\/wp-content\/uploads\/2024\/05\/Personaltag_Bild1_ps.jpg","width":680,"height":510,"caption":"Der 20. Ostschweizer Personaltag widmet sich dem Thema \u00abDie Generationenfrage \u2013 Mitarbeitende im Wandel\u00bb. (Bild: www.personaltag.ch)"},{"@type":"BreadcrumbList","@id":"https:\/\/www.organisator.ch\/human-resources\/2024-05-08\/ostschweizer-personaltag-bietet-antworten-zur-generationenfrage\/#breadcrumb","itemListElement":[{"@type":"ListItem","position":1,"name":"Home","item":"https:\/\/www.organisator.ch\/"},{"@type":"ListItem","position":2,"name":"Ostschweizer Personaltag bietet Antworten zur \u00abGenerationenfrage\u00bb"}]},{"@type":"WebSite","@id":"https:\/\/www.organisator.ch\/#website","url":"https:\/\/www.organisator.ch\/","name":"Organisator","description":"Kompetent. Praxisnah. Der ORGANISATOR bereitet in 10 Ausgaben pro Jahr die wesentlichen Themen f\u00fcr F\u00fchrungskr\u00e4fte von KMU auf.","publisher":{"@id":"https:\/\/www.organisator.ch\/#organization"},"potentialAction":[{"@type":"SearchAction","target":{"@type":"EntryPoint","urlTemplate":"https:\/\/www.organisator.ch\/?s={search_term_string}"},"query-input":{"@type":"PropertyValueSpecification","valueRequired":true,"valueName":"search_term_string"}}],"inLanguage":"de"},{"@type":"Organization","@id":"https:\/\/www.organisator.ch\/#organization","name":"Organisator","url":"https:\/\/www.organisator.ch\/","logo":{"@type":"ImageObject","inLanguage":"de","@id":"https:\/\/www.organisator.ch\/#\/schema\/logo\/image\/","url":"https:\/\/www.organisator.ch\/wp-content\/uploads\/2022\/01\/Logo_Organisator_Website.png","contentUrl":"https:\/\/www.organisator.ch\/wp-content\/uploads\/2022\/01\/Logo_Organisator_Website.png","width":800,"height":77,"caption":"Organisator"},"image":{"@id":"https:\/\/www.organisator.ch\/#\/schema\/logo\/image\/"},"sameAs":["https:\/\/www.facebook.com\/OrganisatorFachmagazin","https:\/\/www.linkedin.com\/showcase\/organisator-das-magazin-fr-kmu","https:\/\/www.xing.com\/news\/pages\/organisator-ch-695","https:\/\/www.youtube.com\/channel\/UCGP2Sq0iWaZwT3BdIAQFYpw"]},{"@type":"Person","@id":"https:\/\/www.organisator.ch\/#\/schema\/person\/2e1314a2172123f874db408d8911d3f3","name":"Adelisa Kalajdzini","image":{"@type":"ImageObject","inLanguage":"de","@id":"https:\/\/secure.gravatar.com\/avatar\/09a397c22ac58cad6f160ee8306348599df9df58a8ede73696226897b9fa4b24?s=96&d=mm&r=g","url":"https:\/\/secure.gravatar.com\/avatar\/09a397c22ac58cad6f160ee8306348599df9df58a8ede73696226897b9fa4b24?s=96&d=mm&r=g","contentUrl":"https:\/\/secure.gravatar.com\/avatar\/09a397c22ac58cad6f160ee8306348599df9df58a8ede73696226897b9fa4b24?s=96&d=mm&r=g","caption":"Adelisa Kalajdzini"},"url":"https:\/\/www.organisator.ch\/de\/author\/adelisa-kalajdzini\/"}]}},"_links":{"self":[{"href":"https:\/\/www.organisator.ch\/de\/wp-json\/wp\/v2\/posts\/26998","targetHints":{"allow":["GET"]}}],"collection":[{"href":"https:\/\/www.organisator.ch\/de\/wp-json\/wp\/v2\/posts"}],"about":[{"href":"https:\/\/www.organisator.ch\/de\/wp-json\/wp\/v2\/types\/post"}],"author":[{"embeddable":true,"href":"https:\/\/www.organisator.ch\/de\/wp-json\/wp\/v2\/users\/58"}],"replies":[{"embeddable":true,"href":"https:\/\/www.organisator.ch\/de\/wp-json\/wp\/v2\/comments?post=26998"}],"version-history":[{"count":7,"href":"https:\/\/www.organisator.ch\/de\/wp-json\/wp\/v2\/posts\/26998\/revisions"}],"predecessor-version":[{"id":27001,"href":"https:\/\/www.organisator.ch\/de\/wp-json\/wp\/v2\/posts\/26998\/revisions\/27001"}],"wp:featuredmedia":[{"embeddable":true,"href":"https:\/\/www.organisator.ch\/de\/wp-json\/wp\/v2\/media\/26999"}],"wp:attachment":[{"href":"https:\/\/www.organisator.ch\/de\/wp-json\/wp\/v2\/media?parent=26998"}],"wp:term":[{"taxonomy":"category","embeddable":true,"href":"https:\/\/www.organisator.ch\/de\/wp-json\/wp\/v2\/categories?post=26998"},{"taxonomy":"post_tag","embeddable":true,"href":"https:\/\/www.organisator.ch\/de\/wp-json\/wp\/v2\/tags?post=26998"}],"curies":[{"name":"wp","href":"https:\/\/api.w.org\/{rel}","templated":true}]}}