{"id":2700,"date":"2017-11-14T12:13:38","date_gmt":"2017-11-14T11:13:38","guid":{"rendered":"https:\/\/www.organisator.ch\/?p=2700"},"modified":"2017-11-14T12:13:38","modified_gmt":"2017-11-14T11:13:38","slug":"schweizer-finanzchefs-rechnen-mit-einem-boom","status":"publish","type":"post","link":"https:\/\/www.organisator.ch\/de\/management\/2017-11-14\/schweizer-finanzchefs-rechnen-mit-einem-boom\/","title":{"rendered":"Schweizer Finanzchefs rechnen mit einem Boom"},"content":{"rendered":"<figure id=\"attachment_2701\" aria-describedby=\"caption-attachment-2701\" style=\"width: 640px\" class=\"wp-caption alignnone\"><img loading=\"lazy\" decoding=\"async\" class=\"size-full wp-image-2701\" src=\"https:\/\/www.organisator.ch\/wp-content\/uploads\/2017\/11\/Schweizer-Finanzchefs-rechnen-mit-einem-Boom-1_Organisator.jpg\" alt=\"\" width=\"640\" height=\"447\" srcset=\"https:\/\/www.organisator.ch\/wp-content\/uploads\/2017\/11\/Schweizer-Finanzchefs-rechnen-mit-einem-Boom-1_Organisator.jpg 640w, https:\/\/www.organisator.ch\/wp-content\/uploads\/2017\/11\/Schweizer-Finanzchefs-rechnen-mit-einem-Boom-1_Organisator-16x12.jpg 16w, https:\/\/www.organisator.ch\/wp-content\/uploads\/2017\/11\/Schweizer-Finanzchefs-rechnen-mit-einem-Boom-1_Organisator-251x175.jpg 251w, https:\/\/www.organisator.ch\/wp-content\/uploads\/2017\/11\/Schweizer-Finanzchefs-rechnen-mit-einem-Boom-1_Organisator-501x350.jpg 501w, https:\/\/www.organisator.ch\/wp-content\/uploads\/2017\/11\/Schweizer-Finanzchefs-rechnen-mit-einem-Boom-1_Organisator-300x210.jpg 300w\" sizes=\"auto, (max-width: 640px) 100vw, 640px\" \/><figcaption id=\"caption-attachment-2701\" class=\"wp-caption-text\">Die Konjunkturaussichten deuten nach oben: Ist mit einem Boom zu rechnen? (Bild: Fotolia.com)<\/figcaption><\/figure>\n<p>Schweizer CFOs sehen so optimistisch in die Zukunft wie nicht mehr seit die Schweizerische Nationalbank (SNB) Mitte Januar 2015 den Mindestkurs des Frankens aufhob. Konjunkturoptimismus und Wachstumsstimmung macht sich in den Teppichetagen breit &#8211; fast schon darf man von Aussichten auf einen Boom sprechen: 74% (Vorquartal 71%) der CFOs beurteilen die Wirtschaftsaussichten f\u00fcr die Schweiz positiv; knapp vier F\u00fcnftel (79%, Vorquartal 76%) budgetieren f\u00fcr die kommenden zw\u00f6lf Monate mehr Umsatz. \u00dcber zwei Drittel der Finanzchefs (68%, Vorquartal 66%) beurteilen die finanziellen Aussichten ihres Unternehmens als positiv. Und 41% (Vorquartal 38%) rechnen mit h\u00f6heren Margen, sodass sich auch die Gewinne der Schweizer Unternehmen im kommenden Jahr verbessern d\u00fcrften.<\/p>\n<h2>Boom mit unsicheren Vorzeichen<\/h2>\n<p>Laut der durch Deloitte im September unter 114 CFOs durchgef\u00fchrten Umfrage steigen auch die Investitionen. Mehrheitlich sind diese in der Schweiz geplant \u2013 ein gutes Zeichen f\u00fcr die Binnenkonjunktur. Massgeblich verantwortlich f\u00fcr den gestiegenen Optimismus d\u00fcrfte neben den allgemein positiven Konjunkturdaten auch der sich abschw\u00e4chende Schweizer Franken sein. Damit ist die positive Stimmung aber anf\u00e4llig f\u00fcr ein m\u00f6gliches Wiedererstarken des Frankens. Entsprechend r\u00fccken W\u00e4hrungsrisiken wieder in den Fokus der Schweizer CFOs. Da sich die Mehrheit der Schweizer Unternehmen mittlerweile auf das volatilere Umfeld und die W\u00e4hrungsrisiken eingestellt haben, ist diese Gefahr aber inzwischen weniger ausgepr\u00e4gt als in der Vergangenheit.<\/p>\n<figure id=\"attachment_2703\" aria-describedby=\"caption-attachment-2703\" style=\"width: 680px\" class=\"wp-caption alignnone\"><img loading=\"lazy\" decoding=\"async\" class=\"size-medium wp-image-2703\" src=\"https:\/\/www.organisator.ch\/wp-content\/uploads\/2017\/11\/Schweizer-Finanzchefs-rechnen-mit-einem-Boom-2_Organisator.jpg\" alt=\"\" width=\"680\" height=\"405\" srcset=\"https:\/\/www.organisator.ch\/wp-content\/uploads\/2017\/11\/Schweizer-Finanzchefs-rechnen-mit-einem-Boom-2_Organisator.jpg 844w, https:\/\/www.organisator.ch\/wp-content\/uploads\/2017\/11\/Schweizer-Finanzchefs-rechnen-mit-einem-Boom-2_Organisator-680x405.jpg 680w, https:\/\/www.organisator.ch\/wp-content\/uploads\/2017\/11\/Schweizer-Finanzchefs-rechnen-mit-einem-Boom-2_Organisator-768x458.jpg 768w, https:\/\/www.organisator.ch\/wp-content\/uploads\/2017\/11\/Schweizer-Finanzchefs-rechnen-mit-einem-Boom-2_Organisator-16x10.jpg 16w, https:\/\/www.organisator.ch\/wp-content\/uploads\/2017\/11\/Schweizer-Finanzchefs-rechnen-mit-einem-Boom-2_Organisator-294x175.jpg 294w, https:\/\/www.organisator.ch\/wp-content\/uploads\/2017\/11\/Schweizer-Finanzchefs-rechnen-mit-einem-Boom-2_Organisator-587x350.jpg 587w, https:\/\/www.organisator.ch\/wp-content\/uploads\/2017\/11\/Schweizer-Finanzchefs-rechnen-mit-einem-Boom-2_Organisator-300x179.jpg 300w\" sizes=\"auto, (max-width: 680px) 100vw, 680px\" \/><figcaption id=\"caption-attachment-2703\" class=\"wp-caption-text\">Antworten von Schweizer CFOs auf die Frage: Wie beurteilen Sie die finanziellen Aussichten f\u00fcr Ihr Unternehmen in den n\u00e4chsten zw\u00f6lf Monaten? (Grafik: Deloitte)<\/figcaption><\/figure>\n<p>Zweitwichtigstes Risiko sind interne Unternehmensprobleme, geopolitische Risiken sind hingegen wieder etwas aus dem Fokus gerutscht. \u00abDie Schweizer Unternehmen haben breites Vertrauen in die wirtschaftlichen Rahmendaten in Europa und in die Stabilit\u00e4t des Welthandels. Auch auf die aktuellen Unabw\u00e4gbarkeiten der US-Politik scheinen sie sich zunehmend eingestellt zu haben. Sie haben das eigene Unternehmen fit gemacht sowie ihre Analyse- und Reaktionsf\u00e4higkeit ausgebaut. Zudem machen sie innovative Produkte und Dienstleistungen unabh\u00e4ngiger von externen Risiken\u00bb, sagt Michael Grampp, Chef\u00f6konom bei Deloitte Schweiz.<\/p>\n<h2>Frankenschock weitgehend verdaut<\/h2>\n<p>\u00abDie Schweizer Finanzchefs freuen sich auf den Aufschwung \u2013 alle relevanten Indikatoren zeigen nach oben\u00bb, so die weitere Einsch\u00e4tzung von Grampp. \u00abDer f\u00fcr 2018 erwartete wirtschaftliche Aufschwung muss aber noch realisiert werden, ein Nachlassen bei den Anstrengungen liegt nicht drin. Generell l\u00e4sst sich aber bereits sagen, dass die Schweizer Unternehmen den Frankenschock weitgehend verdaut haben und dessen Auswirkungen weniger gravierend sind als man damals gemutmasst hatte. Viele Unternehmen aus exportierenden Branchen hatten Investitionen und Besch\u00e4ftigung stark zur\u00fcckgefahren. Nun ist die Investitionsbereitschaft wieder auf breiter Front vorhanden. Exportorientiere Unternehmen rechnen auch viel h\u00e4ufiger mit einer wachsenden Belegschaft als die \u00fcbrigen Unternehmen.\u00bb<\/p>\n<h2>Europ\u00e4ische Unternehmen positiv eingestellt \u2013 Ausnahme UK<\/h2>\n<p>Die gleichzeitig auch in anderen europ\u00e4ischen L\u00e4ndern bei \u00fcber 1500 CFOs durchgef\u00fchrte Umfrage zeigt, dass in den meisten L\u00e4ndern die Zukunft des eigenen Unternehmens besser eingesch\u00e4tzt wird als bei der letzten Umfrage vor einem halben Jahr. Die Finanzchefs haben zudem hohe und weiter steigende Umsatzerwartungen, rechnen mit mehr Investitionen und einem deutlichen Anstieg der Mitarbeiterzahlen \u2013 ein sehr erfreuliches Zeichen angesichts der in den lateinischen L\u00e4nder nach wie vor hohen Arbeitslosigkeit.<\/p>\n<p>Die Aussichten auf einen wirtschaftlichen Boom\u00a0sind aber auch\u00a0anderswo\u00a0g\u00fcnstiger als auch schon. Von den grossen Volkswirtschaften pr\u00e4sentiert sich Frankreich bei mehreren Kennzahlen als beinahe euphorisch (Unternehmensaussichten, Investitionen oder Mitarbeitendenzahlen), aber auch Deutschland (Umsatz), Italien (Margen) oder Spanien (Investitionen) weisen sehr gute Zahlen aus. Die wahrgenommene Unsicherheit nimmt in den grossen Volkswirtschaften durchgehend ab \u2013 ausser in Grossbritannien, wo sich angesichts der anhaltenden Unsicherheiten beim Brexit die meisten Kennzahlen verschlechtert haben.<\/p>\n<h2>Zinswende in der Schweiz nicht vor 2020<\/h2>\n<p>Die CFOs aus der Eurozone gingen bei der Befragung noch mehrheitlich davon aus, dass die Zinsen innert Jahresfrist ansteigen w\u00fcrden. Sie d\u00fcrften nun vom Zinsentscheid der EZB von Ende Oktober eher entt\u00e4uscht sein. F\u00fcr zwei Drittel der Eurozonen-CFOs ist die Geldpolitik allerdings nicht zentral, sie w\u00fcrden ihre Strategie auch bei einer Zinswende nicht ver\u00e4ndern.<\/p>\n<p>\u00abDie CFOs gerade aus wirtschaftsst\u00e4rkeren L\u00e4ndern sehen die Geldpolitik der EZB eher kritisch. Sie halten sie mehrheitlich f\u00fcr zu locker und bef\u00fcrchten die Entstehung von Immobilienblasen oder \u00dcberreaktionen an den Finanzm\u00e4rkten. Sie m\u00f6chten nicht mehr lange auf die Zinswende warten und sehnen sich nach einer R\u00fcckkehr zur geldpolitischen Normalit\u00e4t\u00bb, sagt Dennis Brandes, Senior Economic Analyst und Ko-Autor der Umfrage.<\/p>\n<p>Die kleinste Anzahl Finanzchefs, die in ihrem Land einen Zinsanstieg innert zw\u00f6lf Monaten erwartet, findet sich in der Schweiz. \u00abDie Unternehmen in der Schweiz rechnen inzwischen eher wieder mit einer l\u00e4ngeren Dauer der Negativzinspolitik. Die SNB kann auch bei einem stabilen Wirtschaftswachstum die Zinsen kaum vor dem Euroraum erh\u00f6hen, daher rechnen wir nicht mit einer Zinswende vor Anfang 2020\u00bb, so die Einsch\u00e4tzung von Brandes.<\/p>\n<p><em>Quelle und weitere Informationen: <a href=\"https:\/\/www2.deloitte.com\/ch\/de\/pages\/finance\/articles\/cfo-survey.html\">Deloitte CFO-Umfrage<\/a><\/em><\/p>\n<p>&nbsp;<\/p>\n","protected":false},"excerpt":{"rendered":"<p>Schweizer CFOs sehen so optimistisch in die Zukunft wie nicht mehr seit die Schweizerische Nationalbank (SNB) Mitte Januar 2015 den Mindestkurs des Frankens aufhob. Konjunkturoptimismus und Wachstumsstimmung macht sich in den Teppichetagen breit &#8211; fast schon darf man von Aussichten auf einen Boom sprechen: 74% (Vorquartal 71%) der CFOs beurteilen die Wirtschaftsaussichten f\u00fcr die Schweiz [&hellip;]<\/p>\n","protected":false},"author":4,"featured_media":2701,"comment_status":"open","ping_status":"open","sticky":false,"template":"","format":"standard","meta":{"_acf_changed":false,"_yoast_wpseo_focuskw":"Boom","_yoast_wpseo_metadesc":"Geht es nach den Einsch\u00e4tzungen von Schweizer Finanzchefs, deuten vielen Anzeichen auf einen wirtschaftlichen Boom hin - so das Ergebnis einer Umfrage.","articlekey":"","footnotes":""},"categories":[28],"tags":[310,335,459,531],"class_list":["post-2700","post","type-post","status-publish","format-standard","has-post-thumbnail","hentry","category-management","tag-konjunktur","tag-management-und-unternehmensfuehrung","tag-studie","tag-wirtschaftspolitik"],"acf":[],"yoast_head":"<!-- This site is optimized with the Yoast SEO plugin v27.5 - https:\/\/yoast.com\/product\/yoast-seo-wordpress\/ -->\n<title>Schweizer Finanzchefs rechnen mit einem Boom - Organisator<\/title>\n<meta name=\"description\" content=\"Geht es nach den Einsch\u00e4tzungen von Schweizer Finanzchefs, deuten vielen Anzeichen auf einen wirtschaftlichen Boom hin - so das Ergebnis einer Umfrage.\" \/>\n<meta name=\"robots\" content=\"index, follow, max-snippet:-1, max-image-preview:large, max-video-preview:-1\" \/>\n<link rel=\"canonical\" href=\"https:\/\/www.organisator.ch\/de\/management\/2017-11-14\/schweizer-finanzchefs-rechnen-mit-einem-boom\/\" \/>\n<meta property=\"og:locale\" content=\"de_DE\" \/>\n<meta property=\"og:type\" content=\"article\" \/>\n<meta property=\"og:title\" content=\"Schweizer Finanzchefs rechnen mit einem Boom\" \/>\n<meta property=\"og:description\" content=\"Geht es nach den Einsch\u00e4tzungen von Schweizer #Finanzchefs, deuten vielen Anzeichen auf einen wirtschaftlichen #Boom hin - so das Ergebnis einer Umfrage.\" \/>\n<meta property=\"og:url\" content=\"https:\/\/www.organisator.ch\/de\/management\/2017-11-14\/schweizer-finanzchefs-rechnen-mit-einem-boom\/\" \/>\n<meta property=\"og:site_name\" content=\"Organisator\" \/>\n<meta property=\"article:publisher\" content=\"https:\/\/www.facebook.com\/OrganisatorFachmagazin\" \/>\n<meta property=\"article:published_time\" content=\"2017-11-14T11:13:38+00:00\" \/>\n<meta property=\"og:image\" content=\"https:\/\/www.organisator.ch\/wp-content\/uploads\/2017\/11\/Schweizer-Finanzchefs-rechnen-mit-einem-Boom-1_Organisator.jpg\" \/>\n\t<meta property=\"og:image:width\" content=\"640\" \/>\n\t<meta property=\"og:image:height\" content=\"447\" \/>\n\t<meta property=\"og:image:type\" content=\"image\/jpeg\" \/>\n<meta name=\"author\" content=\"thomas.berner\" \/>\n<meta name=\"twitter:card\" content=\"summary_large_image\" \/>\n<meta name=\"twitter:title\" content=\"Schweizer #Finanzchefs rechnen mit einem #Boom\" \/>\n<meta name=\"twitter:description\" content=\"Geht es nach den Einsch\u00e4tzungen von Schweizer #Finanzchefs, deuten vielen Anzeichen auf einen wirtschaftlichen #Boom hin - so das Ergebnis einer Umfrage.\" \/>\n<meta name=\"twitter:image\" content=\"https:\/\/www.organisator.ch\/wp-content\/uploads\/2017\/11\/Schweizer-Finanzchefs-rechnen-mit-einem-Boom-1_Organisator.jpg\" \/>\n<script type=\"application\/ld+json\" class=\"yoast-schema-graph\">{\"@context\":\"https:\\\/\\\/schema.org\",\"@graph\":[{\"@type\":\"Article\",\"@id\":\"https:\\\/\\\/www.organisator.ch\\\/management\\\/2017-11-14\\\/schweizer-finanzchefs-rechnen-mit-einem-boom\\\/#article\",\"isPartOf\":{\"@id\":\"https:\\\/\\\/www.organisator.ch\\\/management\\\/2017-11-14\\\/schweizer-finanzchefs-rechnen-mit-einem-boom\\\/\"},\"author\":{\"name\":\"thomas.berner\",\"@id\":\"https:\\\/\\\/www.organisator.ch\\\/#\\\/schema\\\/person\\\/6f650f90b2842cd4c0cc334b4e36f67e\"},\"headline\":\"Schweizer Finanzchefs rechnen mit einem Boom\",\"datePublished\":\"2017-11-14T11:13:38+00:00\",\"mainEntityOfPage\":{\"@id\":\"https:\\\/\\\/www.organisator.ch\\\/management\\\/2017-11-14\\\/schweizer-finanzchefs-rechnen-mit-einem-boom\\\/\"},\"wordCount\":829,\"commentCount\":0,\"publisher\":{\"@id\":\"https:\\\/\\\/www.organisator.ch\\\/#organization\"},\"image\":{\"@id\":\"https:\\\/\\\/www.organisator.ch\\\/management\\\/2017-11-14\\\/schweizer-finanzchefs-rechnen-mit-einem-boom\\\/#primaryimage\"},\"thumbnailUrl\":\"https:\\\/\\\/www.organisator.ch\\\/wp-content\\\/uploads\\\/2017\\\/11\\\/Schweizer-Finanzchefs-rechnen-mit-einem-Boom-1_Organisator.jpg\",\"keywords\":[\"Konjunktur\",\"Management und Unternehmensf\u00fchrung\",\"Studie\",\"Wirtschaftspolitik\"],\"articleSection\":[\"MANAGEMENT\"],\"inLanguage\":\"de\"},{\"@type\":\"WebPage\",\"@id\":\"https:\\\/\\\/www.organisator.ch\\\/management\\\/2017-11-14\\\/schweizer-finanzchefs-rechnen-mit-einem-boom\\\/\",\"url\":\"https:\\\/\\\/www.organisator.ch\\\/management\\\/2017-11-14\\\/schweizer-finanzchefs-rechnen-mit-einem-boom\\\/\",\"name\":\"Schweizer Finanzchefs rechnen mit einem Boom - Organisator\",\"isPartOf\":{\"@id\":\"https:\\\/\\\/www.organisator.ch\\\/#website\"},\"primaryImageOfPage\":{\"@id\":\"https:\\\/\\\/www.organisator.ch\\\/management\\\/2017-11-14\\\/schweizer-finanzchefs-rechnen-mit-einem-boom\\\/#primaryimage\"},\"image\":{\"@id\":\"https:\\\/\\\/www.organisator.ch\\\/management\\\/2017-11-14\\\/schweizer-finanzchefs-rechnen-mit-einem-boom\\\/#primaryimage\"},\"thumbnailUrl\":\"https:\\\/\\\/www.organisator.ch\\\/wp-content\\\/uploads\\\/2017\\\/11\\\/Schweizer-Finanzchefs-rechnen-mit-einem-Boom-1_Organisator.jpg\",\"datePublished\":\"2017-11-14T11:13:38+00:00\",\"description\":\"Geht es nach den Einsch\u00e4tzungen von Schweizer Finanzchefs, deuten vielen Anzeichen auf einen wirtschaftlichen Boom hin - so das Ergebnis einer Umfrage.\",\"breadcrumb\":{\"@id\":\"https:\\\/\\\/www.organisator.ch\\\/management\\\/2017-11-14\\\/schweizer-finanzchefs-rechnen-mit-einem-boom\\\/#breadcrumb\"},\"inLanguage\":\"de\",\"potentialAction\":[{\"@type\":\"ReadAction\",\"target\":[\"https:\\\/\\\/www.organisator.ch\\\/management\\\/2017-11-14\\\/schweizer-finanzchefs-rechnen-mit-einem-boom\\\/\"]}]},{\"@type\":\"ImageObject\",\"inLanguage\":\"de\",\"@id\":\"https:\\\/\\\/www.organisator.ch\\\/management\\\/2017-11-14\\\/schweizer-finanzchefs-rechnen-mit-einem-boom\\\/#primaryimage\",\"url\":\"https:\\\/\\\/www.organisator.ch\\\/wp-content\\\/uploads\\\/2017\\\/11\\\/Schweizer-Finanzchefs-rechnen-mit-einem-Boom-1_Organisator.jpg\",\"contentUrl\":\"https:\\\/\\\/www.organisator.ch\\\/wp-content\\\/uploads\\\/2017\\\/11\\\/Schweizer-Finanzchefs-rechnen-mit-einem-Boom-1_Organisator.jpg\",\"width\":640,\"height\":447,\"caption\":\"Die Konjunkturaussichten deuten nach oben: Ist mit einem Boom zu rechnen? (Bild: Fotolia.com)\"},{\"@type\":\"BreadcrumbList\",\"@id\":\"https:\\\/\\\/www.organisator.ch\\\/management\\\/2017-11-14\\\/schweizer-finanzchefs-rechnen-mit-einem-boom\\\/#breadcrumb\",\"itemListElement\":[{\"@type\":\"ListItem\",\"position\":1,\"name\":\"Home\",\"item\":\"https:\\\/\\\/www.organisator.ch\\\/\"},{\"@type\":\"ListItem\",\"position\":2,\"name\":\"Schweizer Finanzchefs rechnen mit einem Boom\"}]},{\"@type\":\"WebSite\",\"@id\":\"https:\\\/\\\/www.organisator.ch\\\/#website\",\"url\":\"https:\\\/\\\/www.organisator.ch\\\/\",\"name\":\"Organisator\",\"description\":\"Kompetent. Praxisnah. Der ORGANISATOR bereitet in 10 Ausgaben pro Jahr die wesentlichen Themen f\u00fcr F\u00fchrungskr\u00e4fte von KMU auf.\",\"publisher\":{\"@id\":\"https:\\\/\\\/www.organisator.ch\\\/#organization\"},\"potentialAction\":[{\"@type\":\"SearchAction\",\"target\":{\"@type\":\"EntryPoint\",\"urlTemplate\":\"https:\\\/\\\/www.organisator.ch\\\/?s={search_term_string}\"},\"query-input\":{\"@type\":\"PropertyValueSpecification\",\"valueRequired\":true,\"valueName\":\"search_term_string\"}}],\"inLanguage\":\"de\"},{\"@type\":\"Organization\",\"@id\":\"https:\\\/\\\/www.organisator.ch\\\/#organization\",\"name\":\"Organisator\",\"url\":\"https:\\\/\\\/www.organisator.ch\\\/\",\"logo\":{\"@type\":\"ImageObject\",\"inLanguage\":\"de\",\"@id\":\"https:\\\/\\\/www.organisator.ch\\\/#\\\/schema\\\/logo\\\/image\\\/\",\"url\":\"https:\\\/\\\/www.organisator.ch\\\/wp-content\\\/uploads\\\/2022\\\/01\\\/Logo_Organisator_Website.png\",\"contentUrl\":\"https:\\\/\\\/www.organisator.ch\\\/wp-content\\\/uploads\\\/2022\\\/01\\\/Logo_Organisator_Website.png\",\"width\":800,\"height\":77,\"caption\":\"Organisator\"},\"image\":{\"@id\":\"https:\\\/\\\/www.organisator.ch\\\/#\\\/schema\\\/logo\\\/image\\\/\"},\"sameAs\":[\"https:\\\/\\\/www.facebook.com\\\/OrganisatorFachmagazin\",\"https:\\\/\\\/www.linkedin.com\\\/showcase\\\/organisator-das-magazin-fr-kmu\",\"https:\\\/\\\/www.xing.com\\\/news\\\/pages\\\/organisator-ch-695\",\"https:\\\/\\\/www.youtube.com\\\/channel\\\/UCGP2Sq0iWaZwT3BdIAQFYpw\"]},{\"@type\":\"Person\",\"@id\":\"https:\\\/\\\/www.organisator.ch\\\/#\\\/schema\\\/person\\\/6f650f90b2842cd4c0cc334b4e36f67e\",\"name\":\"thomas.berner\",\"image\":{\"@type\":\"ImageObject\",\"inLanguage\":\"de\",\"@id\":\"https:\\\/\\\/secure.gravatar.com\\\/avatar\\\/ac5001d2a36cb6c6cd3e50789007ffca834b477b74a2144564522e944eabff61?s=96&d=mm&r=g\",\"url\":\"https:\\\/\\\/secure.gravatar.com\\\/avatar\\\/ac5001d2a36cb6c6cd3e50789007ffca834b477b74a2144564522e944eabff61?s=96&d=mm&r=g\",\"contentUrl\":\"https:\\\/\\\/secure.gravatar.com\\\/avatar\\\/ac5001d2a36cb6c6cd3e50789007ffca834b477b74a2144564522e944eabff61?s=96&d=mm&r=g\",\"caption\":\"thomas.berner\"},\"url\":\"https:\\\/\\\/www.organisator.ch\\\/de\\\/author\\\/thomas-berner\\\/\"}]}<\/script>\n<!-- \/ Yoast SEO plugin. -->","yoast_head_json":{"title":"Schweizer Finanzchefs rechnen mit einem Boom - Organisator","description":"Geht es nach den Einsch\u00e4tzungen von Schweizer Finanzchefs, deuten vielen Anzeichen auf einen wirtschaftlichen Boom hin - so das Ergebnis einer Umfrage.","robots":{"index":"index","follow":"follow","max-snippet":"max-snippet:-1","max-image-preview":"max-image-preview:large","max-video-preview":"max-video-preview:-1"},"canonical":"https:\/\/www.organisator.ch\/de\/management\/2017-11-14\/schweizer-finanzchefs-rechnen-mit-einem-boom\/","og_locale":"de_DE","og_type":"article","og_title":"Schweizer Finanzchefs rechnen mit einem Boom","og_description":"Geht es nach den Einsch\u00e4tzungen von Schweizer #Finanzchefs, deuten vielen Anzeichen auf einen wirtschaftlichen #Boom hin - so das Ergebnis einer Umfrage.","og_url":"https:\/\/www.organisator.ch\/de\/management\/2017-11-14\/schweizer-finanzchefs-rechnen-mit-einem-boom\/","og_site_name":"Organisator","article_publisher":"https:\/\/www.facebook.com\/OrganisatorFachmagazin","article_published_time":"2017-11-14T11:13:38+00:00","og_image":[{"width":640,"height":447,"url":"https:\/\/www.organisator.ch\/wp-content\/uploads\/2017\/11\/Schweizer-Finanzchefs-rechnen-mit-einem-Boom-1_Organisator.jpg","type":"image\/jpeg"}],"author":"thomas.berner","twitter_card":"summary_large_image","twitter_title":"Schweizer #Finanzchefs rechnen mit einem #Boom","twitter_description":"Geht es nach den Einsch\u00e4tzungen von Schweizer #Finanzchefs, deuten vielen Anzeichen auf einen wirtschaftlichen #Boom hin - so das Ergebnis einer Umfrage.","twitter_image":"https:\/\/www.organisator.ch\/wp-content\/uploads\/2017\/11\/Schweizer-Finanzchefs-rechnen-mit-einem-Boom-1_Organisator.jpg","schema":{"@context":"https:\/\/schema.org","@graph":[{"@type":"Article","@id":"https:\/\/www.organisator.ch\/management\/2017-11-14\/schweizer-finanzchefs-rechnen-mit-einem-boom\/#article","isPartOf":{"@id":"https:\/\/www.organisator.ch\/management\/2017-11-14\/schweizer-finanzchefs-rechnen-mit-einem-boom\/"},"author":{"name":"thomas.berner","@id":"https:\/\/www.organisator.ch\/#\/schema\/person\/6f650f90b2842cd4c0cc334b4e36f67e"},"headline":"Schweizer Finanzchefs rechnen mit einem Boom","datePublished":"2017-11-14T11:13:38+00:00","mainEntityOfPage":{"@id":"https:\/\/www.organisator.ch\/management\/2017-11-14\/schweizer-finanzchefs-rechnen-mit-einem-boom\/"},"wordCount":829,"commentCount":0,"publisher":{"@id":"https:\/\/www.organisator.ch\/#organization"},"image":{"@id":"https:\/\/www.organisator.ch\/management\/2017-11-14\/schweizer-finanzchefs-rechnen-mit-einem-boom\/#primaryimage"},"thumbnailUrl":"https:\/\/www.organisator.ch\/wp-content\/uploads\/2017\/11\/Schweizer-Finanzchefs-rechnen-mit-einem-Boom-1_Organisator.jpg","keywords":["Konjunktur","Management und Unternehmensf\u00fchrung","Studie","Wirtschaftspolitik"],"articleSection":["MANAGEMENT"],"inLanguage":"de"},{"@type":"WebPage","@id":"https:\/\/www.organisator.ch\/management\/2017-11-14\/schweizer-finanzchefs-rechnen-mit-einem-boom\/","url":"https:\/\/www.organisator.ch\/management\/2017-11-14\/schweizer-finanzchefs-rechnen-mit-einem-boom\/","name":"Schweizer Finanzchefs rechnen mit einem Boom - Organisator","isPartOf":{"@id":"https:\/\/www.organisator.ch\/#website"},"primaryImageOfPage":{"@id":"https:\/\/www.organisator.ch\/management\/2017-11-14\/schweizer-finanzchefs-rechnen-mit-einem-boom\/#primaryimage"},"image":{"@id":"https:\/\/www.organisator.ch\/management\/2017-11-14\/schweizer-finanzchefs-rechnen-mit-einem-boom\/#primaryimage"},"thumbnailUrl":"https:\/\/www.organisator.ch\/wp-content\/uploads\/2017\/11\/Schweizer-Finanzchefs-rechnen-mit-einem-Boom-1_Organisator.jpg","datePublished":"2017-11-14T11:13:38+00:00","description":"Geht es nach den Einsch\u00e4tzungen von Schweizer Finanzchefs, deuten vielen Anzeichen auf einen wirtschaftlichen Boom hin - so das Ergebnis einer Umfrage.","breadcrumb":{"@id":"https:\/\/www.organisator.ch\/management\/2017-11-14\/schweizer-finanzchefs-rechnen-mit-einem-boom\/#breadcrumb"},"inLanguage":"de","potentialAction":[{"@type":"ReadAction","target":["https:\/\/www.organisator.ch\/management\/2017-11-14\/schweizer-finanzchefs-rechnen-mit-einem-boom\/"]}]},{"@type":"ImageObject","inLanguage":"de","@id":"https:\/\/www.organisator.ch\/management\/2017-11-14\/schweizer-finanzchefs-rechnen-mit-einem-boom\/#primaryimage","url":"https:\/\/www.organisator.ch\/wp-content\/uploads\/2017\/11\/Schweizer-Finanzchefs-rechnen-mit-einem-Boom-1_Organisator.jpg","contentUrl":"https:\/\/www.organisator.ch\/wp-content\/uploads\/2017\/11\/Schweizer-Finanzchefs-rechnen-mit-einem-Boom-1_Organisator.jpg","width":640,"height":447,"caption":"Die Konjunkturaussichten deuten nach oben: Ist mit einem Boom zu rechnen? (Bild: Fotolia.com)"},{"@type":"BreadcrumbList","@id":"https:\/\/www.organisator.ch\/management\/2017-11-14\/schweizer-finanzchefs-rechnen-mit-einem-boom\/#breadcrumb","itemListElement":[{"@type":"ListItem","position":1,"name":"Home","item":"https:\/\/www.organisator.ch\/"},{"@type":"ListItem","position":2,"name":"Schweizer Finanzchefs rechnen mit einem Boom"}]},{"@type":"WebSite","@id":"https:\/\/www.organisator.ch\/#website","url":"https:\/\/www.organisator.ch\/","name":"Organisator","description":"Kompetent. Praxisnah. Der ORGANISATOR bereitet in 10 Ausgaben pro Jahr die wesentlichen Themen f\u00fcr F\u00fchrungskr\u00e4fte von KMU auf.","publisher":{"@id":"https:\/\/www.organisator.ch\/#organization"},"potentialAction":[{"@type":"SearchAction","target":{"@type":"EntryPoint","urlTemplate":"https:\/\/www.organisator.ch\/?s={search_term_string}"},"query-input":{"@type":"PropertyValueSpecification","valueRequired":true,"valueName":"search_term_string"}}],"inLanguage":"de"},{"@type":"Organization","@id":"https:\/\/www.organisator.ch\/#organization","name":"Organisator","url":"https:\/\/www.organisator.ch\/","logo":{"@type":"ImageObject","inLanguage":"de","@id":"https:\/\/www.organisator.ch\/#\/schema\/logo\/image\/","url":"https:\/\/www.organisator.ch\/wp-content\/uploads\/2022\/01\/Logo_Organisator_Website.png","contentUrl":"https:\/\/www.organisator.ch\/wp-content\/uploads\/2022\/01\/Logo_Organisator_Website.png","width":800,"height":77,"caption":"Organisator"},"image":{"@id":"https:\/\/www.organisator.ch\/#\/schema\/logo\/image\/"},"sameAs":["https:\/\/www.facebook.com\/OrganisatorFachmagazin","https:\/\/www.linkedin.com\/showcase\/organisator-das-magazin-fr-kmu","https:\/\/www.xing.com\/news\/pages\/organisator-ch-695","https:\/\/www.youtube.com\/channel\/UCGP2Sq0iWaZwT3BdIAQFYpw"]},{"@type":"Person","@id":"https:\/\/www.organisator.ch\/#\/schema\/person\/6f650f90b2842cd4c0cc334b4e36f67e","name":"thomas.berner","image":{"@type":"ImageObject","inLanguage":"de","@id":"https:\/\/secure.gravatar.com\/avatar\/ac5001d2a36cb6c6cd3e50789007ffca834b477b74a2144564522e944eabff61?s=96&d=mm&r=g","url":"https:\/\/secure.gravatar.com\/avatar\/ac5001d2a36cb6c6cd3e50789007ffca834b477b74a2144564522e944eabff61?s=96&d=mm&r=g","contentUrl":"https:\/\/secure.gravatar.com\/avatar\/ac5001d2a36cb6c6cd3e50789007ffca834b477b74a2144564522e944eabff61?s=96&d=mm&r=g","caption":"thomas.berner"},"url":"https:\/\/www.organisator.ch\/de\/author\/thomas-berner\/"}]}},"_links":{"self":[{"href":"https:\/\/www.organisator.ch\/de\/wp-json\/wp\/v2\/posts\/2700","targetHints":{"allow":["GET"]}}],"collection":[{"href":"https:\/\/www.organisator.ch\/de\/wp-json\/wp\/v2\/posts"}],"about":[{"href":"https:\/\/www.organisator.ch\/de\/wp-json\/wp\/v2\/types\/post"}],"author":[{"embeddable":true,"href":"https:\/\/www.organisator.ch\/de\/wp-json\/wp\/v2\/users\/4"}],"replies":[{"embeddable":true,"href":"https:\/\/www.organisator.ch\/de\/wp-json\/wp\/v2\/comments?post=2700"}],"version-history":[{"count":0,"href":"https:\/\/www.organisator.ch\/de\/wp-json\/wp\/v2\/posts\/2700\/revisions"}],"wp:featuredmedia":[{"embeddable":true,"href":"https:\/\/www.organisator.ch\/de\/wp-json\/wp\/v2\/media\/2701"}],"wp:attachment":[{"href":"https:\/\/www.organisator.ch\/de\/wp-json\/wp\/v2\/media?parent=2700"}],"wp:term":[{"taxonomy":"category","embeddable":true,"href":"https:\/\/www.organisator.ch\/de\/wp-json\/wp\/v2\/categories?post=2700"},{"taxonomy":"post_tag","embeddable":true,"href":"https:\/\/www.organisator.ch\/de\/wp-json\/wp\/v2\/tags?post=2700"}],"curies":[{"name":"wp","href":"https:\/\/api.w.org\/{rel}","templated":true}]}}