{"id":27028,"date":"2024-05-10T07:55:53","date_gmt":"2024-05-10T05:55:53","guid":{"rendered":"https:\/\/www.organisator.ch\/?p=27028"},"modified":"2024-05-10T07:55:53","modified_gmt":"2024-05-10T05:55:53","slug":"wechsel-im-verwaltungsrat-von-skyguide","status":"publish","type":"post","link":"https:\/\/www.organisator.ch\/de\/management\/2024-05-10\/wechsel-im-verwaltungsrat-von-skyguide\/","title":{"rendered":"Wechsel im Verwaltungsrat von Skyguide"},"content":{"rendered":"<figure id=\"attachment_27029\" aria-describedby=\"caption-attachment-27029\" style=\"width: 680px\" class=\"wp-caption alignnone\"><img loading=\"lazy\" decoding=\"async\" class=\"size-full wp-image-27029\" src=\"https:\/\/www.organisator.ch\/wp-content\/uploads\/2024\/05\/Skyguide_Bild1_ps.jpg\" alt=\"\" width=\"680\" height=\"408\" srcset=\"https:\/\/www.organisator.ch\/wp-content\/uploads\/2024\/05\/Skyguide_Bild1_ps.jpg 680w, https:\/\/www.organisator.ch\/wp-content\/uploads\/2024\/05\/Skyguide_Bild1_ps-18x12.jpg 18w, https:\/\/www.organisator.ch\/wp-content\/uploads\/2024\/05\/Skyguide_Bild1_ps-375x225.jpg 375w, https:\/\/www.organisator.ch\/wp-content\/uploads\/2024\/05\/Skyguide_Bild1_ps-583x350.jpg 583w\" sizes=\"auto, (max-width: 680px) 100vw, 680px\" \/><figcaption id=\"caption-attachment-27029\" class=\"wp-caption-text\">Aldo C. Schellenberg, Linda de Winter und Annette Rinck. (Bild: www.skyguide.ch)<\/figcaption><\/figure>\n<p>An der ordentlichen Generalversammlung von Skyguide vom 8. Mai 2024 wurde Aldo C. Schellenberg zum neuen Verwaltungsratspr\u00e4sidenten des Schweizer Flugsicherungsunternehmens gew\u00e4hlt. Der bisherige Pr\u00e4sident Walter T. Vogel gibt sein Amt nach neun Jahren ab. Auch Vizepr\u00e4sidentin Anne Bobillier ist an der Generalversammlung nach zehn Jahren im Verwaltungsrat zur\u00fcckgetreten. Mit Linda de Winter Kohler und Annette Rinck r\u00fccken zwei ausgewiesene Expertinnen f\u00fcr digitale Transformation und Unternehmensentwicklung nach.<\/p>\n<p>Aldo C. Schellenberg war in der Schweizer Armee in verschiedenen Funktionen t\u00e4tig, zuletzt als Korpskommandant und Stellvertreter des Chefs der Armee sowie Chef des Kommandos Operationen. Er promovierte in Wirtschaftswissenschaften an der Universit\u00e4t Z\u00fcrich und absolvierte ein Nachdiplomstudium in Wirtschaftsrecht an der Universit\u00e4t Bern. Er verf\u00fcgt zudem \u00fcber ein CAS in General Management f\u00fcr Verwaltungsr\u00e4te.<\/p>\n<p>Linda de Winter ist seit April 2023 Chief Information Officer (CIO) und Mitglied der Gesch\u00e4ftsleitung der Swisscard AECS GmbH. Zuvor war sie seit 2016 bei der Schweizerischen Post als Leiterin der Entwicklung und anschliessend als Leiterin der Strategie und Chief Operating Officer (COO) sowie als Mitglied der IT-Gesch\u00e4ftsleitung t\u00e4tig. Auch bei Swisscom bekleidete sie verschiedene Positionen, unter anderem im Produktmanagement und im Outsourcing Service Desk f\u00fcr Gesch\u00e4ftskunden. Linda de Winter verf\u00fcgt \u00fcber einen Abschluss in Betriebswirtschaft, einen Master of Science in Telekommunikation, einen MBA in Strategie- und Finanzmanagement sowie ein CAS in General Management f\u00fcr Verwaltungsr\u00e4te.<\/p>\n<p>Annette Rinck ist seit Januar 2022 Pr\u00e4sidentin und CEO von Leica Microsystems, einem globalen Anbieter von L\u00f6sungen f\u00fcr LifeSciences, Medizintechnik und Industrie. In den vergangenen sieben Jahren war sie bei Honeywell t\u00e4tig, zuletzt als General Managerin f\u00fcr globale Marken im Bereich Energy Management und im Kader der Transportation System Division. Zuvor hatte sie verschiedene F\u00fchrungspositionen bei Eaton Electric, Caterpillar und der BMW-Gruppe inne. Seit Mai 2022 ist Annette Rinck Mitglied des Verwaltungsrats von Pilatus Flugzeugwerke. Sie hat einen Doktortitel in angewandter Betriebswirtschaftslehre und Kommunikationswissenschaften und ist Alumni der IMD Business School in Lausanne.<\/p>\n<p>Aldo C. Schellenberg w\u00fcrdigt die Verdienste von Walter T. Vogel und Anne Bobillier: &#8222;Dank ihrer umsichtigen F\u00fchrung ist Skyguide heute europaweit eine der f\u00fchrenden Flugsicherungen und Vorreiterin bei der digitalen Transformation. Die Realisierung von zwei der drei Tranchen des innovativen Virtual Centre-Programms haben Skyguide mehr Effizienz und Flexibilit\u00e4t in der Luftraumbewirtschaftung gebracht.&#8220; Weiter freut sich der frisch gew\u00e4hlte Verwaltungsratspr\u00e4sident auf die Zusammenarbeit mit den zwei neuen Mitgliedern: &#8222;Mit Linda de Winter und Annette Rinck konnten wir zwei hochkar\u00e4tige F\u00fchrungspers\u00f6nlichkeiten mit viel Erfahrung in den Bereichen Technologie und Unternehmensentwicklung gewinnen, die unseren Verwaltungsrat ideal erg\u00e4nzen.&#8220;<\/p>\n<p><em>Quelle: <a href=\"http:\/\/www.skyguide.ch\">www.skyguide.ch<\/a><\/em><\/p>\n","protected":false},"excerpt":{"rendered":"<p>Die Generalversammlung von Skyguide hat Aldo C. Schellenberg neu zum Verwaltungsratspr\u00e4sidenten des Flugsicherungsunternehmens gew\u00e4hlt. Er tritt die Nachfolge von Walter T. Vogel an. Die Vizepr\u00e4sidentin Anne Bobillier tritt zur\u00fcck. Neu in den Verwaltungsrat gew\u00e4hlt hat die Generalversammlung Linda de Winter und Annette Rinck.<\/p>\n","protected":false},"author":58,"featured_media":27029,"comment_status":"closed","ping_status":"closed","sticky":false,"template":"","format":"standard","meta":{"_acf_changed":false,"_yoast_wpseo_focuskw":"Skyguide","_yoast_wpseo_metadesc":"Die Generalversammlung von Skyguide hat Aldo C. Schellenberg neu zum Verwaltungsratspr\u00e4sidenten des Flugsicherungsunternehmens gew\u00e4hlt.","articlekey":"","footnotes":""},"categories":[28],"tags":[334,424,492,2471],"class_list":["post-27028","post","type-post","status-publish","format-standard","has-post-thumbnail","hentry","category-management","tag-management","tag-schweiz","tag-unternehmen","tag-verwaltungsrat"],"acf":[],"yoast_head":"<!-- This site is optimized with the Yoast SEO plugin v27.5 - https:\/\/yoast.com\/product\/yoast-seo-wordpress\/ -->\n<title>Wechsel im Verwaltungsrat von Skyguide - Organisator<\/title>\n<meta name=\"description\" content=\"Die Generalversammlung von Skyguide hat Aldo C. Schellenberg neu zum Verwaltungsratspr\u00e4sidenten des Flugsicherungsunternehmens gew\u00e4hlt.\" \/>\n<meta name=\"robots\" content=\"index, follow, max-snippet:-1, max-image-preview:large, max-video-preview:-1\" \/>\n<link rel=\"canonical\" href=\"https:\/\/www.organisator.ch\/de\/management\/2024-05-10\/wechsel-im-verwaltungsrat-von-skyguide\/\" \/>\n<meta property=\"og:locale\" content=\"de_DE\" \/>\n<meta property=\"og:type\" content=\"article\" \/>\n<meta property=\"og:title\" content=\"Wechsel im Verwaltungsrat von Skyguide\" \/>\n<meta property=\"og:description\" content=\"Die Generalversammlung von Skyguide hat Aldo C. Schellenberg neu zum Verwaltungsratspr\u00e4sidenten des Flugsicherungsunternehmens gew\u00e4hlt.\" \/>\n<meta property=\"og:url\" content=\"https:\/\/www.organisator.ch\/de\/management\/2024-05-10\/wechsel-im-verwaltungsrat-von-skyguide\/\" \/>\n<meta property=\"og:site_name\" content=\"Organisator\" \/>\n<meta property=\"article:publisher\" content=\"https:\/\/www.facebook.com\/OrganisatorFachmagazin\" \/>\n<meta property=\"article:published_time\" content=\"2024-05-10T05:55:53+00:00\" \/>\n<meta property=\"og:image\" content=\"https:\/\/www.organisator.ch\/wp-content\/uploads\/2024\/05\/Skyguide_Bild1_ps.jpg\" \/>\n\t<meta property=\"og:image:width\" content=\"680\" \/>\n\t<meta property=\"og:image:height\" content=\"408\" \/>\n\t<meta property=\"og:image:type\" content=\"image\/jpeg\" \/>\n<meta name=\"author\" content=\"Adelisa Kalajdzini\" \/>\n<meta name=\"twitter:card\" content=\"summary_large_image\" \/>\n<meta name=\"twitter:title\" content=\"Wechsel im Verwaltungsrat von Skyguide\" \/>\n<meta name=\"twitter:description\" content=\"Die Generalversammlung von #Skyguide hat #Aldo C. #Schellenberg neu zum #Verwaltungsratspr\u00e4sidenten des Flugsicherungsunternehmens gew\u00e4hlt.\" \/>\n<meta name=\"twitter:image\" content=\"https:\/\/www.organisator.ch\/wp-content\/uploads\/2024\/05\/Skyguide_Bild1_ps.jpg\" \/>\n<script type=\"application\/ld+json\" class=\"yoast-schema-graph\">{\"@context\":\"https:\\\/\\\/schema.org\",\"@graph\":[{\"@type\":\"Article\",\"@id\":\"https:\\\/\\\/www.organisator.ch\\\/management\\\/2024-05-10\\\/wechsel-im-verwaltungsrat-von-skyguide\\\/#article\",\"isPartOf\":{\"@id\":\"https:\\\/\\\/www.organisator.ch\\\/management\\\/2024-05-10\\\/wechsel-im-verwaltungsrat-von-skyguide\\\/\"},\"author\":{\"name\":\"Adelisa Kalajdzini\",\"@id\":\"https:\\\/\\\/www.organisator.ch\\\/#\\\/schema\\\/person\\\/2e1314a2172123f874db408d8911d3f3\"},\"headline\":\"Wechsel im Verwaltungsrat von Skyguide\",\"datePublished\":\"2024-05-10T05:55:53+00:00\",\"mainEntityOfPage\":{\"@id\":\"https:\\\/\\\/www.organisator.ch\\\/management\\\/2024-05-10\\\/wechsel-im-verwaltungsrat-von-skyguide\\\/\"},\"wordCount\":465,\"publisher\":{\"@id\":\"https:\\\/\\\/www.organisator.ch\\\/#organization\"},\"image\":{\"@id\":\"https:\\\/\\\/www.organisator.ch\\\/management\\\/2024-05-10\\\/wechsel-im-verwaltungsrat-von-skyguide\\\/#primaryimage\"},\"thumbnailUrl\":\"https:\\\/\\\/www.organisator.ch\\\/wp-content\\\/uploads\\\/2024\\\/05\\\/Skyguide_Bild1_ps.jpg\",\"keywords\":[\"Management\",\"Schweiz\",\"Unternehmen\",\"Verwaltungsrat\"],\"articleSection\":[\"MANAGEMENT\"],\"inLanguage\":\"de\"},{\"@type\":\"WebPage\",\"@id\":\"https:\\\/\\\/www.organisator.ch\\\/management\\\/2024-05-10\\\/wechsel-im-verwaltungsrat-von-skyguide\\\/\",\"url\":\"https:\\\/\\\/www.organisator.ch\\\/management\\\/2024-05-10\\\/wechsel-im-verwaltungsrat-von-skyguide\\\/\",\"name\":\"Wechsel im Verwaltungsrat von Skyguide - Organisator\",\"isPartOf\":{\"@id\":\"https:\\\/\\\/www.organisator.ch\\\/#website\"},\"primaryImageOfPage\":{\"@id\":\"https:\\\/\\\/www.organisator.ch\\\/management\\\/2024-05-10\\\/wechsel-im-verwaltungsrat-von-skyguide\\\/#primaryimage\"},\"image\":{\"@id\":\"https:\\\/\\\/www.organisator.ch\\\/management\\\/2024-05-10\\\/wechsel-im-verwaltungsrat-von-skyguide\\\/#primaryimage\"},\"thumbnailUrl\":\"https:\\\/\\\/www.organisator.ch\\\/wp-content\\\/uploads\\\/2024\\\/05\\\/Skyguide_Bild1_ps.jpg\",\"datePublished\":\"2024-05-10T05:55:53+00:00\",\"description\":\"Die Generalversammlung von Skyguide hat Aldo C. Schellenberg neu zum Verwaltungsratspr\u00e4sidenten des Flugsicherungsunternehmens gew\u00e4hlt.\",\"breadcrumb\":{\"@id\":\"https:\\\/\\\/www.organisator.ch\\\/management\\\/2024-05-10\\\/wechsel-im-verwaltungsrat-von-skyguide\\\/#breadcrumb\"},\"inLanguage\":\"de\",\"potentialAction\":[{\"@type\":\"ReadAction\",\"target\":[\"https:\\\/\\\/www.organisator.ch\\\/management\\\/2024-05-10\\\/wechsel-im-verwaltungsrat-von-skyguide\\\/\"]}]},{\"@type\":\"ImageObject\",\"inLanguage\":\"de\",\"@id\":\"https:\\\/\\\/www.organisator.ch\\\/management\\\/2024-05-10\\\/wechsel-im-verwaltungsrat-von-skyguide\\\/#primaryimage\",\"url\":\"https:\\\/\\\/www.organisator.ch\\\/wp-content\\\/uploads\\\/2024\\\/05\\\/Skyguide_Bild1_ps.jpg\",\"contentUrl\":\"https:\\\/\\\/www.organisator.ch\\\/wp-content\\\/uploads\\\/2024\\\/05\\\/Skyguide_Bild1_ps.jpg\",\"width\":680,\"height\":408,\"caption\":\"Aldo C. Schellenberg, Linda de Winter und Annette Rinck. (Bild: www.skyguide.ch)\"},{\"@type\":\"BreadcrumbList\",\"@id\":\"https:\\\/\\\/www.organisator.ch\\\/management\\\/2024-05-10\\\/wechsel-im-verwaltungsrat-von-skyguide\\\/#breadcrumb\",\"itemListElement\":[{\"@type\":\"ListItem\",\"position\":1,\"name\":\"Home\",\"item\":\"https:\\\/\\\/www.organisator.ch\\\/\"},{\"@type\":\"ListItem\",\"position\":2,\"name\":\"Wechsel im Verwaltungsrat von Skyguide\"}]},{\"@type\":\"WebSite\",\"@id\":\"https:\\\/\\\/www.organisator.ch\\\/#website\",\"url\":\"https:\\\/\\\/www.organisator.ch\\\/\",\"name\":\"Organisator\",\"description\":\"Kompetent. Praxisnah. Der ORGANISATOR bereitet in 10 Ausgaben pro Jahr die wesentlichen Themen f\u00fcr F\u00fchrungskr\u00e4fte von KMU auf.\",\"publisher\":{\"@id\":\"https:\\\/\\\/www.organisator.ch\\\/#organization\"},\"potentialAction\":[{\"@type\":\"SearchAction\",\"target\":{\"@type\":\"EntryPoint\",\"urlTemplate\":\"https:\\\/\\\/www.organisator.ch\\\/?s={search_term_string}\"},\"query-input\":{\"@type\":\"PropertyValueSpecification\",\"valueRequired\":true,\"valueName\":\"search_term_string\"}}],\"inLanguage\":\"de\"},{\"@type\":\"Organization\",\"@id\":\"https:\\\/\\\/www.organisator.ch\\\/#organization\",\"name\":\"Organisator\",\"url\":\"https:\\\/\\\/www.organisator.ch\\\/\",\"logo\":{\"@type\":\"ImageObject\",\"inLanguage\":\"de\",\"@id\":\"https:\\\/\\\/www.organisator.ch\\\/#\\\/schema\\\/logo\\\/image\\\/\",\"url\":\"https:\\\/\\\/www.organisator.ch\\\/wp-content\\\/uploads\\\/2022\\\/01\\\/Logo_Organisator_Website.png\",\"contentUrl\":\"https:\\\/\\\/www.organisator.ch\\\/wp-content\\\/uploads\\\/2022\\\/01\\\/Logo_Organisator_Website.png\",\"width\":800,\"height\":77,\"caption\":\"Organisator\"},\"image\":{\"@id\":\"https:\\\/\\\/www.organisator.ch\\\/#\\\/schema\\\/logo\\\/image\\\/\"},\"sameAs\":[\"https:\\\/\\\/www.facebook.com\\\/OrganisatorFachmagazin\",\"https:\\\/\\\/www.linkedin.com\\\/showcase\\\/organisator-das-magazin-fr-kmu\",\"https:\\\/\\\/www.xing.com\\\/news\\\/pages\\\/organisator-ch-695\",\"https:\\\/\\\/www.youtube.com\\\/channel\\\/UCGP2Sq0iWaZwT3BdIAQFYpw\"]},{\"@type\":\"Person\",\"@id\":\"https:\\\/\\\/www.organisator.ch\\\/#\\\/schema\\\/person\\\/2e1314a2172123f874db408d8911d3f3\",\"name\":\"Adelisa Kalajdzini\",\"image\":{\"@type\":\"ImageObject\",\"inLanguage\":\"de\",\"@id\":\"https:\\\/\\\/secure.gravatar.com\\\/avatar\\\/09a397c22ac58cad6f160ee8306348599df9df58a8ede73696226897b9fa4b24?s=96&d=mm&r=g\",\"url\":\"https:\\\/\\\/secure.gravatar.com\\\/avatar\\\/09a397c22ac58cad6f160ee8306348599df9df58a8ede73696226897b9fa4b24?s=96&d=mm&r=g\",\"contentUrl\":\"https:\\\/\\\/secure.gravatar.com\\\/avatar\\\/09a397c22ac58cad6f160ee8306348599df9df58a8ede73696226897b9fa4b24?s=96&d=mm&r=g\",\"caption\":\"Adelisa Kalajdzini\"},\"url\":\"https:\\\/\\\/www.organisator.ch\\\/de\\\/author\\\/adelisa-kalajdzini\\\/\"}]}<\/script>\n<!-- \/ Yoast SEO plugin. -->","yoast_head_json":{"title":"Wechsel im Verwaltungsrat von Skyguide - Organisator","description":"Die Generalversammlung von Skyguide hat Aldo C. Schellenberg neu zum Verwaltungsratspr\u00e4sidenten des Flugsicherungsunternehmens gew\u00e4hlt.","robots":{"index":"index","follow":"follow","max-snippet":"max-snippet:-1","max-image-preview":"max-image-preview:large","max-video-preview":"max-video-preview:-1"},"canonical":"https:\/\/www.organisator.ch\/de\/management\/2024-05-10\/wechsel-im-verwaltungsrat-von-skyguide\/","og_locale":"de_DE","og_type":"article","og_title":"Wechsel im Verwaltungsrat von Skyguide","og_description":"Die Generalversammlung von Skyguide hat Aldo C. Schellenberg neu zum Verwaltungsratspr\u00e4sidenten des Flugsicherungsunternehmens gew\u00e4hlt.","og_url":"https:\/\/www.organisator.ch\/de\/management\/2024-05-10\/wechsel-im-verwaltungsrat-von-skyguide\/","og_site_name":"Organisator","article_publisher":"https:\/\/www.facebook.com\/OrganisatorFachmagazin","article_published_time":"2024-05-10T05:55:53+00:00","og_image":[{"width":680,"height":408,"url":"https:\/\/www.organisator.ch\/wp-content\/uploads\/2024\/05\/Skyguide_Bild1_ps.jpg","type":"image\/jpeg"}],"author":"Adelisa Kalajdzini","twitter_card":"summary_large_image","twitter_title":"Wechsel im Verwaltungsrat von Skyguide","twitter_description":"Die Generalversammlung von #Skyguide hat #Aldo C. #Schellenberg neu zum #Verwaltungsratspr\u00e4sidenten des Flugsicherungsunternehmens gew\u00e4hlt.","twitter_image":"https:\/\/www.organisator.ch\/wp-content\/uploads\/2024\/05\/Skyguide_Bild1_ps.jpg","schema":{"@context":"https:\/\/schema.org","@graph":[{"@type":"Article","@id":"https:\/\/www.organisator.ch\/management\/2024-05-10\/wechsel-im-verwaltungsrat-von-skyguide\/#article","isPartOf":{"@id":"https:\/\/www.organisator.ch\/management\/2024-05-10\/wechsel-im-verwaltungsrat-von-skyguide\/"},"author":{"name":"Adelisa Kalajdzini","@id":"https:\/\/www.organisator.ch\/#\/schema\/person\/2e1314a2172123f874db408d8911d3f3"},"headline":"Wechsel im Verwaltungsrat von Skyguide","datePublished":"2024-05-10T05:55:53+00:00","mainEntityOfPage":{"@id":"https:\/\/www.organisator.ch\/management\/2024-05-10\/wechsel-im-verwaltungsrat-von-skyguide\/"},"wordCount":465,"publisher":{"@id":"https:\/\/www.organisator.ch\/#organization"},"image":{"@id":"https:\/\/www.organisator.ch\/management\/2024-05-10\/wechsel-im-verwaltungsrat-von-skyguide\/#primaryimage"},"thumbnailUrl":"https:\/\/www.organisator.ch\/wp-content\/uploads\/2024\/05\/Skyguide_Bild1_ps.jpg","keywords":["Management","Schweiz","Unternehmen","Verwaltungsrat"],"articleSection":["MANAGEMENT"],"inLanguage":"de"},{"@type":"WebPage","@id":"https:\/\/www.organisator.ch\/management\/2024-05-10\/wechsel-im-verwaltungsrat-von-skyguide\/","url":"https:\/\/www.organisator.ch\/management\/2024-05-10\/wechsel-im-verwaltungsrat-von-skyguide\/","name":"Wechsel im Verwaltungsrat von Skyguide - Organisator","isPartOf":{"@id":"https:\/\/www.organisator.ch\/#website"},"primaryImageOfPage":{"@id":"https:\/\/www.organisator.ch\/management\/2024-05-10\/wechsel-im-verwaltungsrat-von-skyguide\/#primaryimage"},"image":{"@id":"https:\/\/www.organisator.ch\/management\/2024-05-10\/wechsel-im-verwaltungsrat-von-skyguide\/#primaryimage"},"thumbnailUrl":"https:\/\/www.organisator.ch\/wp-content\/uploads\/2024\/05\/Skyguide_Bild1_ps.jpg","datePublished":"2024-05-10T05:55:53+00:00","description":"Die Generalversammlung von Skyguide hat Aldo C. Schellenberg neu zum Verwaltungsratspr\u00e4sidenten des Flugsicherungsunternehmens gew\u00e4hlt.","breadcrumb":{"@id":"https:\/\/www.organisator.ch\/management\/2024-05-10\/wechsel-im-verwaltungsrat-von-skyguide\/#breadcrumb"},"inLanguage":"de","potentialAction":[{"@type":"ReadAction","target":["https:\/\/www.organisator.ch\/management\/2024-05-10\/wechsel-im-verwaltungsrat-von-skyguide\/"]}]},{"@type":"ImageObject","inLanguage":"de","@id":"https:\/\/www.organisator.ch\/management\/2024-05-10\/wechsel-im-verwaltungsrat-von-skyguide\/#primaryimage","url":"https:\/\/www.organisator.ch\/wp-content\/uploads\/2024\/05\/Skyguide_Bild1_ps.jpg","contentUrl":"https:\/\/www.organisator.ch\/wp-content\/uploads\/2024\/05\/Skyguide_Bild1_ps.jpg","width":680,"height":408,"caption":"Aldo C. Schellenberg, Linda de Winter und Annette Rinck. (Bild: www.skyguide.ch)"},{"@type":"BreadcrumbList","@id":"https:\/\/www.organisator.ch\/management\/2024-05-10\/wechsel-im-verwaltungsrat-von-skyguide\/#breadcrumb","itemListElement":[{"@type":"ListItem","position":1,"name":"Home","item":"https:\/\/www.organisator.ch\/"},{"@type":"ListItem","position":2,"name":"Wechsel im Verwaltungsrat von Skyguide"}]},{"@type":"WebSite","@id":"https:\/\/www.organisator.ch\/#website","url":"https:\/\/www.organisator.ch\/","name":"Organisator","description":"Kompetent. Praxisnah. Der ORGANISATOR bereitet in 10 Ausgaben pro Jahr die wesentlichen Themen f\u00fcr F\u00fchrungskr\u00e4fte von KMU auf.","publisher":{"@id":"https:\/\/www.organisator.ch\/#organization"},"potentialAction":[{"@type":"SearchAction","target":{"@type":"EntryPoint","urlTemplate":"https:\/\/www.organisator.ch\/?s={search_term_string}"},"query-input":{"@type":"PropertyValueSpecification","valueRequired":true,"valueName":"search_term_string"}}],"inLanguage":"de"},{"@type":"Organization","@id":"https:\/\/www.organisator.ch\/#organization","name":"Organisator","url":"https:\/\/www.organisator.ch\/","logo":{"@type":"ImageObject","inLanguage":"de","@id":"https:\/\/www.organisator.ch\/#\/schema\/logo\/image\/","url":"https:\/\/www.organisator.ch\/wp-content\/uploads\/2022\/01\/Logo_Organisator_Website.png","contentUrl":"https:\/\/www.organisator.ch\/wp-content\/uploads\/2022\/01\/Logo_Organisator_Website.png","width":800,"height":77,"caption":"Organisator"},"image":{"@id":"https:\/\/www.organisator.ch\/#\/schema\/logo\/image\/"},"sameAs":["https:\/\/www.facebook.com\/OrganisatorFachmagazin","https:\/\/www.linkedin.com\/showcase\/organisator-das-magazin-fr-kmu","https:\/\/www.xing.com\/news\/pages\/organisator-ch-695","https:\/\/www.youtube.com\/channel\/UCGP2Sq0iWaZwT3BdIAQFYpw"]},{"@type":"Person","@id":"https:\/\/www.organisator.ch\/#\/schema\/person\/2e1314a2172123f874db408d8911d3f3","name":"Adelisa Kalajdzini","image":{"@type":"ImageObject","inLanguage":"de","@id":"https:\/\/secure.gravatar.com\/avatar\/09a397c22ac58cad6f160ee8306348599df9df58a8ede73696226897b9fa4b24?s=96&d=mm&r=g","url":"https:\/\/secure.gravatar.com\/avatar\/09a397c22ac58cad6f160ee8306348599df9df58a8ede73696226897b9fa4b24?s=96&d=mm&r=g","contentUrl":"https:\/\/secure.gravatar.com\/avatar\/09a397c22ac58cad6f160ee8306348599df9df58a8ede73696226897b9fa4b24?s=96&d=mm&r=g","caption":"Adelisa Kalajdzini"},"url":"https:\/\/www.organisator.ch\/de\/author\/adelisa-kalajdzini\/"}]}},"_links":{"self":[{"href":"https:\/\/www.organisator.ch\/de\/wp-json\/wp\/v2\/posts\/27028","targetHints":{"allow":["GET"]}}],"collection":[{"href":"https:\/\/www.organisator.ch\/de\/wp-json\/wp\/v2\/posts"}],"about":[{"href":"https:\/\/www.organisator.ch\/de\/wp-json\/wp\/v2\/types\/post"}],"author":[{"embeddable":true,"href":"https:\/\/www.organisator.ch\/de\/wp-json\/wp\/v2\/users\/58"}],"replies":[{"embeddable":true,"href":"https:\/\/www.organisator.ch\/de\/wp-json\/wp\/v2\/comments?post=27028"}],"version-history":[{"count":4,"href":"https:\/\/www.organisator.ch\/de\/wp-json\/wp\/v2\/posts\/27028\/revisions"}],"predecessor-version":[{"id":27054,"href":"https:\/\/www.organisator.ch\/de\/wp-json\/wp\/v2\/posts\/27028\/revisions\/27054"}],"wp:featuredmedia":[{"embeddable":true,"href":"https:\/\/www.organisator.ch\/de\/wp-json\/wp\/v2\/media\/27029"}],"wp:attachment":[{"href":"https:\/\/www.organisator.ch\/de\/wp-json\/wp\/v2\/media?parent=27028"}],"wp:term":[{"taxonomy":"category","embeddable":true,"href":"https:\/\/www.organisator.ch\/de\/wp-json\/wp\/v2\/categories?post=27028"},{"taxonomy":"post_tag","embeddable":true,"href":"https:\/\/www.organisator.ch\/de\/wp-json\/wp\/v2\/tags?post=27028"}],"curies":[{"name":"wp","href":"https:\/\/api.w.org\/{rel}","templated":true}]}}