{"id":27033,"date":"2024-05-10T17:40:00","date_gmt":"2024-05-10T15:40:00","guid":{"rendered":"https:\/\/www.werbewoche.ch\/?p=214782"},"modified":"2024-11-11T06:14:43","modified_gmt":"2024-11-11T05:14:43","slug":"was-bedeutet-eigentlich-kommis","status":"publish","type":"post","link":"https:\/\/www.organisator.ch\/de\/marketing\/2024-05-10\/was-bedeutet-eigentlich-kommis\/","title":{"rendered":"Was bedeutet eigentlich\u2026 \u00abKommis\u00bb?"},"content":{"rendered":"<p><img class=\"aligncenter wp-image-200412 size-full\" src=\"https:\/\/www.werbewoche.ch\/wp-content\/uploads\/2023\/07\/kolumne_pnp_wasnedeuteteigentlich.jpg\" alt=\"Moderne Bedeutung\" width=\"1200\" height=\"801\" \/><\/p>\r\n<p>Diese Verk\u00fcrzung war schon w\u00e4hrend des kalten Krieges niedlich. Obwohl die Kommis damals die B\u00f6sen waren. Und sie sind es auch heute noch. Damals stand Kommis noch f\u00fcr Kommunisten. Heute gibt es kaum noch welche. Und die, die es noch gibt, leben und wirken in entfernten und exotischen L\u00e4ndern. Trotzdem ist das Wort wieder sehr popul\u00e4r. Aber mit anderer Bedeutung und Herkunft.<\/p>\r\n<p>Kommis sind heute keine Gl\u00e4ubigen einer politisch-\u00f6konomischen Ideologie, die auf der Abschaffung des Privateigentums und der Schaffung einer klassenlosen Gesellschaft basiert, in der G\u00fcter gemeinschaftlich gehalten und gem\u00e4ss den Bed\u00fcrfnissen verteilt werden. Mit Kommis sind heute vorwiegend Felder gemeint, die in den digitalen Medien am Ende des Artikels mit einem herzigen Sprachbl\u00e4sli Lesende animieren, ihre Meinung \u00f6ffentlich kundzutun. Und sie sind das Kapital der Teilnehmenden in den Sozialen Medien. Je mehr ich davon unter meinem Post habe, desto besser. Es gibt da im Gegensatz zu den alten Kommis Gute und B\u00f6se. Die Guten sind jene, die einem gerade auf LinkedIn das Gef\u00fchl vermitteln, selbst total erfolglos zu sein bei so viel gepostetem Erfolg. Vorgefertigte wie Kommis: Well done! Congrats! Weiter so! Fantastisch! Aber auch selbstgemachte, etwas ausf\u00fchrlichere Kommentare, die zur Endorphin-Aussch\u00fcttung und damit verbunden, einem Gef\u00fchl von Euphorie oder Wohlbefinden f\u00fchren. Die B\u00f6sen sind jene, die mit ungeb\u00e4ndigter Aggression gepostet werden und oft auch Nachfolger animieren, den Anstand zu verlieren.<\/p>\r\n<h3>Lieber kein Kommi als b\u00f6se Kommis<\/h3>\r\n<p>Wenn sie sich also das n\u00e4chste Mal dar\u00fcber \u00e4rgern, dass ihr Beitrag in den Sozialen Medien nicht kommentiert wurde, dann tr\u00f6sten sie sich damit, dass es noch schlimmer sein k\u00f6nnte. Obwohl im richtigen Leben Ignoranz eigentlich H\u00f6chststrafe bedeutet, ist diese auf den Sozialen Medien heilsam. Was unkommentiert bleibt, generiert weniger Aufmerksamkeit. Deshalb sollten wir es unterlassen, in den Posts die Aufforderung \u00abschreibt es in die Kommis\u00bb anzuf\u00fcgen. Und schon gar nicht daran glauben, dass wir mit unseren Kommentaren irgendetwas ver\u00e4ndern k\u00f6nnten. Dieser Anspruch \u00fcberlassen wir den Kommunisten, die oft nach einer revolution\u00e4ren Umgestaltung der Gesellschaft streben, um die Schaffung einer klassenlosen Gesellschaft zu erreichen. Denn wenn alle alles publik machen d\u00fcrfen, dann h\u00f6rt niemand mehr irgendjemandem zu. Bei Meinungen verh\u00e4lt sich das eben anders als beim Kapital. Oder anders gesagt, die B\u00f6sen werden vermeintlich zu den Guten, aber bleiben trotzdem die B\u00f6sen.<\/p>\r\n<hr \/>\r\n<div class=\"Post__content\">\r\n<div class=\"Post__content\">\r\n<p><em>*\u00a0<strong>Benno Maggi\u00a0<\/strong>ist Mitgr\u00fcnder und CEO von Partner &amp; Partner. Er lauscht seit \u00fcber 30 Jahren in der Branche und entdeckt dabei f\u00fcr uns Worte und Begriffe, die entweder zum Smalltalken, Wichtigtun, Aufregen, Scrabble spielen oder einfach so verwendet werden k\u00f6nnen.<\/em><\/p>\r\n<\/div>\r\n<\/div>","protected":false},"excerpt":{"rendered":"<p>Benno Maggi befasst sich in seiner Kolumne \u00abWas bedeutet eigentlich\u2026?\u00bb mit Begriffen aus dem Marketing- und Kommunikationsbereich. Dieses Mal behandelt er den Begriff \u00abKommis\u00bb.<\/p>\n","protected":false},"author":8,"featured_media":0,"comment_status":"closed","ping_status":"closed","sticky":false,"template":"","format":"standard","meta":{"_acf_changed":false,"_yoast_wpseo_focuskw":"Moderne Bedeutung","_yoast_wpseo_metadesc":"Kommis heute: Von kommunistischen Gl\u00e4ubigen zu Social Media Kommentaren. Bedeutung und Einfluss in der digitalen Welt.","articlekey":"","footnotes":""},"categories":[29],"tags":[2628,2629,2627],"class_list":["post-27033","post","type-post","status-publish","format-standard","hentry","category-marketing","tag-benno-maggi","tag-partner-partner","tag-was-bedeutet-eigentlich"],"acf":[],"yoast_head":"<!-- This site is optimized with the Yoast SEO plugin v27.4 - https:\/\/yoast.com\/product\/yoast-seo-wordpress\/ -->\n<title>Was bedeutet eigentlich\u2026 \u00abKommis\u00bb? - Organisator<\/title>\n<meta name=\"description\" content=\"Kommis heute: Von kommunistischen Gl\u00e4ubigen zu Social Media Kommentaren. Bedeutung und Einfluss in der digitalen Welt.\" \/>\n<meta name=\"robots\" content=\"index, follow, max-snippet:-1, max-image-preview:large, max-video-preview:-1\" \/>\n<link rel=\"canonical\" href=\"https:\/\/www.organisator.ch\/de\/marketing\/2024-05-10\/was-bedeutet-eigentlich-kommis\/\" \/>\n<meta property=\"og:locale\" content=\"de_DE\" \/>\n<meta property=\"og:type\" content=\"article\" \/>\n<meta property=\"og:title\" content=\"Was bedeutet eigentlich\u2026 \u00abKommis\u00bb? - Organisator\" \/>\n<meta property=\"og:description\" content=\"Kommis heute: Von kommunistischen Gl\u00e4ubigen zu Social Media Kommentaren. Bedeutung und Einfluss in der digitalen Welt.\" \/>\n<meta property=\"og:url\" content=\"https:\/\/www.organisator.ch\/de\/marketing\/2024-05-10\/was-bedeutet-eigentlich-kommis\/\" \/>\n<meta property=\"og:site_name\" content=\"Organisator\" \/>\n<meta property=\"article:publisher\" content=\"https:\/\/www.facebook.com\/OrganisatorFachmagazin\" \/>\n<meta property=\"article:published_time\" content=\"2024-05-10T15:40:00+00:00\" \/>\n<meta property=\"article:modified_time\" content=\"2024-11-11T05:14:43+00:00\" \/>\n<meta property=\"og:image\" content=\"https:\/\/www.werbewoche.ch\/wp-content\/uploads\/2023\/07\/kolumne_pnp_wasnedeuteteigentlich.jpg\" \/>\n<meta name=\"author\" content=\"galledia\" \/>\n<meta name=\"twitter:card\" content=\"summary_large_image\" \/>\n<meta name=\"twitter:creator\" content=\"@admin\" \/>\n<script type=\"application\/ld+json\" class=\"yoast-schema-graph\">{\"@context\":\"https:\\\/\\\/schema.org\",\"@graph\":[{\"@type\":\"Article\",\"@id\":\"https:\\\/\\\/www.organisator.ch\\\/marketing\\\/2024-05-10\\\/was-bedeutet-eigentlich-kommis\\\/#article\",\"isPartOf\":{\"@id\":\"https:\\\/\\\/www.organisator.ch\\\/marketing\\\/2024-05-10\\\/was-bedeutet-eigentlich-kommis\\\/\"},\"author\":{\"name\":\"galledia\",\"@id\":\"https:\\\/\\\/www.organisator.ch\\\/#\\\/schema\\\/person\\\/4e51799071cd2dd1232ac003643ef5f0\"},\"headline\":\"Was bedeutet eigentlich\u2026 \u00abKommis\u00bb?\",\"datePublished\":\"2024-05-10T15:40:00+00:00\",\"dateModified\":\"2024-11-11T05:14:43+00:00\",\"mainEntityOfPage\":{\"@id\":\"https:\\\/\\\/www.organisator.ch\\\/marketing\\\/2024-05-10\\\/was-bedeutet-eigentlich-kommis\\\/\"},\"wordCount\":452,\"publisher\":{\"@id\":\"https:\\\/\\\/www.organisator.ch\\\/#organization\"},\"image\":{\"@id\":\"https:\\\/\\\/www.organisator.ch\\\/marketing\\\/2024-05-10\\\/was-bedeutet-eigentlich-kommis\\\/#primaryimage\"},\"thumbnailUrl\":\"https:\\\/\\\/www.werbewoche.ch\\\/wp-content\\\/uploads\\\/2023\\\/07\\\/kolumne_pnp_wasnedeuteteigentlich.jpg\",\"keywords\":[\"Benno Maggi\",\"Partner &amp; Partner\",\"Was bedeutet eigentlich...\"],\"articleSection\":[\"MARKETING\"],\"inLanguage\":\"de\"},{\"@type\":\"WebPage\",\"@id\":\"https:\\\/\\\/www.organisator.ch\\\/marketing\\\/2024-05-10\\\/was-bedeutet-eigentlich-kommis\\\/\",\"url\":\"https:\\\/\\\/www.organisator.ch\\\/marketing\\\/2024-05-10\\\/was-bedeutet-eigentlich-kommis\\\/\",\"name\":\"Was bedeutet eigentlich\u2026 \u00abKommis\u00bb? - Organisator\",\"isPartOf\":{\"@id\":\"https:\\\/\\\/www.organisator.ch\\\/#website\"},\"primaryImageOfPage\":{\"@id\":\"https:\\\/\\\/www.organisator.ch\\\/marketing\\\/2024-05-10\\\/was-bedeutet-eigentlich-kommis\\\/#primaryimage\"},\"image\":{\"@id\":\"https:\\\/\\\/www.organisator.ch\\\/marketing\\\/2024-05-10\\\/was-bedeutet-eigentlich-kommis\\\/#primaryimage\"},\"thumbnailUrl\":\"https:\\\/\\\/www.werbewoche.ch\\\/wp-content\\\/uploads\\\/2023\\\/07\\\/kolumne_pnp_wasnedeuteteigentlich.jpg\",\"datePublished\":\"2024-05-10T15:40:00+00:00\",\"dateModified\":\"2024-11-11T05:14:43+00:00\",\"description\":\"Kommis heute: Von kommunistischen Gl\u00e4ubigen zu Social Media Kommentaren. Bedeutung und Einfluss in der digitalen Welt.\",\"breadcrumb\":{\"@id\":\"https:\\\/\\\/www.organisator.ch\\\/marketing\\\/2024-05-10\\\/was-bedeutet-eigentlich-kommis\\\/#breadcrumb\"},\"inLanguage\":\"de\",\"potentialAction\":[{\"@type\":\"ReadAction\",\"target\":[\"https:\\\/\\\/www.organisator.ch\\\/marketing\\\/2024-05-10\\\/was-bedeutet-eigentlich-kommis\\\/\"]}]},{\"@type\":\"ImageObject\",\"inLanguage\":\"de\",\"@id\":\"https:\\\/\\\/www.organisator.ch\\\/marketing\\\/2024-05-10\\\/was-bedeutet-eigentlich-kommis\\\/#primaryimage\",\"url\":\"https:\\\/\\\/www.werbewoche.ch\\\/wp-content\\\/uploads\\\/2023\\\/07\\\/kolumne_pnp_wasnedeuteteigentlich.jpg\",\"contentUrl\":\"https:\\\/\\\/www.werbewoche.ch\\\/wp-content\\\/uploads\\\/2023\\\/07\\\/kolumne_pnp_wasnedeuteteigentlich.jpg\"},{\"@type\":\"BreadcrumbList\",\"@id\":\"https:\\\/\\\/www.organisator.ch\\\/marketing\\\/2024-05-10\\\/was-bedeutet-eigentlich-kommis\\\/#breadcrumb\",\"itemListElement\":[{\"@type\":\"ListItem\",\"position\":1,\"name\":\"Home\",\"item\":\"https:\\\/\\\/www.organisator.ch\\\/\"},{\"@type\":\"ListItem\",\"position\":2,\"name\":\"Was bedeutet eigentlich\u2026 \u00abKommis\u00bb?\"}]},{\"@type\":\"WebSite\",\"@id\":\"https:\\\/\\\/www.organisator.ch\\\/#website\",\"url\":\"https:\\\/\\\/www.organisator.ch\\\/\",\"name\":\"Organisator\",\"description\":\"Kompetent. Praxisnah. Der ORGANISATOR bereitet in 10 Ausgaben pro Jahr die wesentlichen Themen f\u00fcr F\u00fchrungskr\u00e4fte von KMU auf.\",\"publisher\":{\"@id\":\"https:\\\/\\\/www.organisator.ch\\\/#organization\"},\"potentialAction\":[{\"@type\":\"SearchAction\",\"target\":{\"@type\":\"EntryPoint\",\"urlTemplate\":\"https:\\\/\\\/www.organisator.ch\\\/?s={search_term_string}\"},\"query-input\":{\"@type\":\"PropertyValueSpecification\",\"valueRequired\":true,\"valueName\":\"search_term_string\"}}],\"inLanguage\":\"de\"},{\"@type\":\"Organization\",\"@id\":\"https:\\\/\\\/www.organisator.ch\\\/#organization\",\"name\":\"Organisator\",\"url\":\"https:\\\/\\\/www.organisator.ch\\\/\",\"logo\":{\"@type\":\"ImageObject\",\"inLanguage\":\"de\",\"@id\":\"https:\\\/\\\/www.organisator.ch\\\/#\\\/schema\\\/logo\\\/image\\\/\",\"url\":\"https:\\\/\\\/www.organisator.ch\\\/wp-content\\\/uploads\\\/2022\\\/01\\\/Logo_Organisator_Website.png\",\"contentUrl\":\"https:\\\/\\\/www.organisator.ch\\\/wp-content\\\/uploads\\\/2022\\\/01\\\/Logo_Organisator_Website.png\",\"width\":800,\"height\":77,\"caption\":\"Organisator\"},\"image\":{\"@id\":\"https:\\\/\\\/www.organisator.ch\\\/#\\\/schema\\\/logo\\\/image\\\/\"},\"sameAs\":[\"https:\\\/\\\/www.facebook.com\\\/OrganisatorFachmagazin\",\"https:\\\/\\\/www.linkedin.com\\\/showcase\\\/organisator-das-magazin-fr-kmu\",\"https:\\\/\\\/www.xing.com\\\/news\\\/pages\\\/organisator-ch-695\",\"https:\\\/\\\/www.youtube.com\\\/channel\\\/UCGP2Sq0iWaZwT3BdIAQFYpw\"]},{\"@type\":\"Person\",\"@id\":\"https:\\\/\\\/www.organisator.ch\\\/#\\\/schema\\\/person\\\/4e51799071cd2dd1232ac003643ef5f0\",\"name\":\"galledia\",\"image\":{\"@type\":\"ImageObject\",\"inLanguage\":\"de\",\"@id\":\"https:\\\/\\\/secure.gravatar.com\\\/avatar\\\/78a7f90c01fc2bfc875782a0d4922b37cde2cf184ce347b91316d23cd7f69a36?s=96&d=mm&r=g\",\"url\":\"https:\\\/\\\/secure.gravatar.com\\\/avatar\\\/78a7f90c01fc2bfc875782a0d4922b37cde2cf184ce347b91316d23cd7f69a36?s=96&d=mm&r=g\",\"contentUrl\":\"https:\\\/\\\/secure.gravatar.com\\\/avatar\\\/78a7f90c01fc2bfc875782a0d4922b37cde2cf184ce347b91316d23cd7f69a36?s=96&d=mm&r=g\",\"caption\":\"galledia\"},\"sameAs\":[\"https:\\\/\\\/x.com\\\/admin\"],\"url\":\"https:\\\/\\\/www.organisator.ch\\\/de\\\/author\\\/galledia\\\/\"}]}<\/script>\n<!-- \/ Yoast SEO plugin. -->","yoast_head_json":{"title":"Was bedeutet eigentlich\u2026 \u00abKommis\u00bb? - Organisator","description":"Kommis heute: Von kommunistischen Gl\u00e4ubigen zu Social Media Kommentaren. Bedeutung und Einfluss in der digitalen Welt.","robots":{"index":"index","follow":"follow","max-snippet":"max-snippet:-1","max-image-preview":"max-image-preview:large","max-video-preview":"max-video-preview:-1"},"canonical":"https:\/\/www.organisator.ch\/de\/marketing\/2024-05-10\/was-bedeutet-eigentlich-kommis\/","og_locale":"de_DE","og_type":"article","og_title":"Was bedeutet eigentlich\u2026 \u00abKommis\u00bb? - Organisator","og_description":"Kommis heute: Von kommunistischen Gl\u00e4ubigen zu Social Media Kommentaren. Bedeutung und Einfluss in der digitalen Welt.","og_url":"https:\/\/www.organisator.ch\/de\/marketing\/2024-05-10\/was-bedeutet-eigentlich-kommis\/","og_site_name":"Organisator","article_publisher":"https:\/\/www.facebook.com\/OrganisatorFachmagazin","article_published_time":"2024-05-10T15:40:00+00:00","article_modified_time":"2024-11-11T05:14:43+00:00","og_image":[{"url":"https:\/\/www.werbewoche.ch\/wp-content\/uploads\/2023\/07\/kolumne_pnp_wasnedeuteteigentlich.jpg","type":"","width":"","height":""}],"author":"galledia","twitter_card":"summary_large_image","twitter_creator":"@admin","schema":{"@context":"https:\/\/schema.org","@graph":[{"@type":"Article","@id":"https:\/\/www.organisator.ch\/marketing\/2024-05-10\/was-bedeutet-eigentlich-kommis\/#article","isPartOf":{"@id":"https:\/\/www.organisator.ch\/marketing\/2024-05-10\/was-bedeutet-eigentlich-kommis\/"},"author":{"name":"galledia","@id":"https:\/\/www.organisator.ch\/#\/schema\/person\/4e51799071cd2dd1232ac003643ef5f0"},"headline":"Was bedeutet eigentlich\u2026 \u00abKommis\u00bb?","datePublished":"2024-05-10T15:40:00+00:00","dateModified":"2024-11-11T05:14:43+00:00","mainEntityOfPage":{"@id":"https:\/\/www.organisator.ch\/marketing\/2024-05-10\/was-bedeutet-eigentlich-kommis\/"},"wordCount":452,"publisher":{"@id":"https:\/\/www.organisator.ch\/#organization"},"image":{"@id":"https:\/\/www.organisator.ch\/marketing\/2024-05-10\/was-bedeutet-eigentlich-kommis\/#primaryimage"},"thumbnailUrl":"https:\/\/www.werbewoche.ch\/wp-content\/uploads\/2023\/07\/kolumne_pnp_wasnedeuteteigentlich.jpg","keywords":["Benno Maggi","Partner &amp; Partner","Was bedeutet eigentlich..."],"articleSection":["MARKETING"],"inLanguage":"de"},{"@type":"WebPage","@id":"https:\/\/www.organisator.ch\/marketing\/2024-05-10\/was-bedeutet-eigentlich-kommis\/","url":"https:\/\/www.organisator.ch\/marketing\/2024-05-10\/was-bedeutet-eigentlich-kommis\/","name":"Was bedeutet eigentlich\u2026 \u00abKommis\u00bb? - Organisator","isPartOf":{"@id":"https:\/\/www.organisator.ch\/#website"},"primaryImageOfPage":{"@id":"https:\/\/www.organisator.ch\/marketing\/2024-05-10\/was-bedeutet-eigentlich-kommis\/#primaryimage"},"image":{"@id":"https:\/\/www.organisator.ch\/marketing\/2024-05-10\/was-bedeutet-eigentlich-kommis\/#primaryimage"},"thumbnailUrl":"https:\/\/www.werbewoche.ch\/wp-content\/uploads\/2023\/07\/kolumne_pnp_wasnedeuteteigentlich.jpg","datePublished":"2024-05-10T15:40:00+00:00","dateModified":"2024-11-11T05:14:43+00:00","description":"Kommis heute: Von kommunistischen Gl\u00e4ubigen zu Social Media Kommentaren. Bedeutung und Einfluss in der digitalen Welt.","breadcrumb":{"@id":"https:\/\/www.organisator.ch\/marketing\/2024-05-10\/was-bedeutet-eigentlich-kommis\/#breadcrumb"},"inLanguage":"de","potentialAction":[{"@type":"ReadAction","target":["https:\/\/www.organisator.ch\/marketing\/2024-05-10\/was-bedeutet-eigentlich-kommis\/"]}]},{"@type":"ImageObject","inLanguage":"de","@id":"https:\/\/www.organisator.ch\/marketing\/2024-05-10\/was-bedeutet-eigentlich-kommis\/#primaryimage","url":"https:\/\/www.werbewoche.ch\/wp-content\/uploads\/2023\/07\/kolumne_pnp_wasnedeuteteigentlich.jpg","contentUrl":"https:\/\/www.werbewoche.ch\/wp-content\/uploads\/2023\/07\/kolumne_pnp_wasnedeuteteigentlich.jpg"},{"@type":"BreadcrumbList","@id":"https:\/\/www.organisator.ch\/marketing\/2024-05-10\/was-bedeutet-eigentlich-kommis\/#breadcrumb","itemListElement":[{"@type":"ListItem","position":1,"name":"Home","item":"https:\/\/www.organisator.ch\/"},{"@type":"ListItem","position":2,"name":"Was bedeutet eigentlich\u2026 \u00abKommis\u00bb?"}]},{"@type":"WebSite","@id":"https:\/\/www.organisator.ch\/#website","url":"https:\/\/www.organisator.ch\/","name":"Organisator","description":"Kompetent. Praxisnah. Der ORGANISATOR bereitet in 10 Ausgaben pro Jahr die wesentlichen Themen f\u00fcr F\u00fchrungskr\u00e4fte von KMU auf.","publisher":{"@id":"https:\/\/www.organisator.ch\/#organization"},"potentialAction":[{"@type":"SearchAction","target":{"@type":"EntryPoint","urlTemplate":"https:\/\/www.organisator.ch\/?s={search_term_string}"},"query-input":{"@type":"PropertyValueSpecification","valueRequired":true,"valueName":"search_term_string"}}],"inLanguage":"de"},{"@type":"Organization","@id":"https:\/\/www.organisator.ch\/#organization","name":"Organisator","url":"https:\/\/www.organisator.ch\/","logo":{"@type":"ImageObject","inLanguage":"de","@id":"https:\/\/www.organisator.ch\/#\/schema\/logo\/image\/","url":"https:\/\/www.organisator.ch\/wp-content\/uploads\/2022\/01\/Logo_Organisator_Website.png","contentUrl":"https:\/\/www.organisator.ch\/wp-content\/uploads\/2022\/01\/Logo_Organisator_Website.png","width":800,"height":77,"caption":"Organisator"},"image":{"@id":"https:\/\/www.organisator.ch\/#\/schema\/logo\/image\/"},"sameAs":["https:\/\/www.facebook.com\/OrganisatorFachmagazin","https:\/\/www.linkedin.com\/showcase\/organisator-das-magazin-fr-kmu","https:\/\/www.xing.com\/news\/pages\/organisator-ch-695","https:\/\/www.youtube.com\/channel\/UCGP2Sq0iWaZwT3BdIAQFYpw"]},{"@type":"Person","@id":"https:\/\/www.organisator.ch\/#\/schema\/person\/4e51799071cd2dd1232ac003643ef5f0","name":"galledia","image":{"@type":"ImageObject","inLanguage":"de","@id":"https:\/\/secure.gravatar.com\/avatar\/78a7f90c01fc2bfc875782a0d4922b37cde2cf184ce347b91316d23cd7f69a36?s=96&d=mm&r=g","url":"https:\/\/secure.gravatar.com\/avatar\/78a7f90c01fc2bfc875782a0d4922b37cde2cf184ce347b91316d23cd7f69a36?s=96&d=mm&r=g","contentUrl":"https:\/\/secure.gravatar.com\/avatar\/78a7f90c01fc2bfc875782a0d4922b37cde2cf184ce347b91316d23cd7f69a36?s=96&d=mm&r=g","caption":"galledia"},"sameAs":["https:\/\/x.com\/admin"],"url":"https:\/\/www.organisator.ch\/de\/author\/galledia\/"}]}},"_links":{"self":[{"href":"https:\/\/www.organisator.ch\/de\/wp-json\/wp\/v2\/posts\/27033","targetHints":{"allow":["GET"]}}],"collection":[{"href":"https:\/\/www.organisator.ch\/de\/wp-json\/wp\/v2\/posts"}],"about":[{"href":"https:\/\/www.organisator.ch\/de\/wp-json\/wp\/v2\/types\/post"}],"author":[{"embeddable":true,"href":"https:\/\/www.organisator.ch\/de\/wp-json\/wp\/v2\/users\/8"}],"replies":[{"embeddable":true,"href":"https:\/\/www.organisator.ch\/de\/wp-json\/wp\/v2\/comments?post=27033"}],"version-history":[{"count":4,"href":"https:\/\/www.organisator.ch\/de\/wp-json\/wp\/v2\/posts\/27033\/revisions"}],"predecessor-version":[{"id":32264,"href":"https:\/\/www.organisator.ch\/de\/wp-json\/wp\/v2\/posts\/27033\/revisions\/32264"}],"wp:attachment":[{"href":"https:\/\/www.organisator.ch\/de\/wp-json\/wp\/v2\/media?parent=27033"}],"wp:term":[{"taxonomy":"category","embeddable":true,"href":"https:\/\/www.organisator.ch\/de\/wp-json\/wp\/v2\/categories?post=27033"},{"taxonomy":"post_tag","embeddable":true,"href":"https:\/\/www.organisator.ch\/de\/wp-json\/wp\/v2\/tags?post=27033"}],"curies":[{"name":"wp","href":"https:\/\/api.w.org\/{rel}","templated":true}]}}