{"id":27038,"date":"2024-05-12T14:40:43","date_gmt":"2024-05-12T12:40:43","guid":{"rendered":"https:\/\/www.werbewoche.ch\/?p=214830"},"modified":"2024-11-11T06:13:30","modified_gmt":"2024-11-11T05:13:30","slug":"auch-deutsche-brands-setzen-nun-auf-refluenced","status":"publish","type":"post","link":"https:\/\/www.organisator.ch\/de\/marketing\/2024-05-12\/auch-deutsche-brands-setzen-nun-auf-refluenced\/","title":{"rendered":"Auch deutsche Brands setzen nun auf Refluenced"},"content":{"rendered":"<figure id=\"attachment_214831\" class=\"wp-caption aligncenter\" style=\"width: 1200px\" aria-describedby=\"caption-attachment-214831\"><img class=\"aligncenter wp-image-214831 size-full\" src=\"https:\/\/www.werbewoche.ch\/wp-content\/uploads\/2024\/05\/Vonlinksnachrechts_QuirinHasler_LucaEberhardt_AnkeHeyser_JonasHolzer_CarmenWu%E2%95%A0erth.jpg\" alt=\"Refluenced Expansion\" width=\"1200\" height=\"900\" \/>\r\n<figcaption id=\"caption-attachment-214831\" class=\"wp-caption-text\">Refluenced an der OMR in Hamburg: Quirin Hasler, Luca Eberhardt, Anke Heyser, Jonas Holzer und Carmen W\u00fcrth (v.l.n.r.). (Bild: zVg.)<\/figcaption>\r\n<\/figure>\r\n<p>Im <a href=\"https:\/\/www.werbewoche.ch\/de\/digital\/2023-10-05\/refluenced-wie-eine-schweizer-plattform-nano-influencerinnen-und-marken-zusammenfuehrt\/\" rel=\"noopener\">Interview mit <em>Werbewoche.ch<\/em><\/a> wurde Refluenced als Tinder f\u00fcr Unternehmen und Influencer bezeichnet. Doch das Z\u00fcrcher Startup will weit mehr als nur Unternehmen und Influencer zusammenbringen: \u00abRefluenced hat es sich zur Mission gemacht, den Prozess des Influencer Marketings f\u00fcr alle Beteiligten zu vereinfachen und dabei bessere Ergebnisse zu f\u00f6rdern\u00bb, so Quirin Hasler, Co-Founder und CEO.<\/p>\r\n<p>Refluenced zufolge sei das Interesse an der Influencer-Plattform in Deutschland bereits da: Die Master Class an der OMR 2024 mit Foundry war in k\u00fcrzester Zeit ausgebucht, trotz gleichzeitigem Auftritt von Kim Kardashian. Brands, Influencern und Agenturen wurden Einblicke, Herausforderungen und L\u00f6sungen rundum Micro-Influencing geboten.<\/p>\r\n<p><\/p>\r\n<p>Dabei geht es vor allem um den schnell voranschreitenden Trend des Nano- und Micro-Influencings. \u00abDie Konzentration auf Creators mit etwa 1\u2019000 bis 30\u2019000 Followers f\u00f6rdert kreativen und authentischeren Content, denn Influencer mit vergleichsweise kleiner Followerschaft sind oft engagierter, glaubw\u00fcrdiger und haben mehr lokalen Impact\u00bb, erkl\u00e4rt Jonas Holzer, Co-Founder von Refluenced. \u00abGleichzeitig kann ein Budget, das herk\u00f6mmlicherweise f\u00fcr nur eine Kollaboration gereicht h\u00e4tte, langfristig mehr Wirkung zeigen, wenn es auf mehrere Creators verteilt wird.\u00bb<\/p>\r\n<p>Die 2022 gegr\u00fcndete, datengetriebene Plattform f\u00fcr Nano- und Microinfluencer erm\u00f6glicht es Brands und Agenturen, den Prozess bis hin zur erfolgreichen Contentausspielung inklusive Reporting \u00fcber ein einfaches Tool zu managen. Dabei bewerben sich auf Refluenced Influencer bei Brands \u2013 und nicht umgekehrt: \u00abIndem Influencer sich auf die Kollaborationen bewerben, die sich authentisch und motivierend anf\u00fchlen, entsteht \u00fcberzeugenderer Content. Ein Win-Win f\u00fcr beide Seiten\u00bb, so Quirin Hasler.<\/p>\r\n<p>Bereits im Herbst 2023 hat Refluenced eine eigene Kampagne zum Auftakt der Expansion nach Deutschland gestartet. Unterst\u00fctzt hat dabei die Agentur Foundry, die auch als Investorin hinter dem Start-up steht.<\/p>\r\n<p>F\u00fcr den Eintritt in den deutschen Markt hat sich Refluenced soeben die zweite Finanzierungsrunde gesichert. \u00abWir haben das Gesch\u00e4ftsjahr 2023 erfolgreich abgeschlossen und im ersten Quartal 2024 einen signifikanten Wachstumsschub erlebt. Die erhaltene Finanzierung erm\u00f6glicht uns, die Expansion nach Deutschland schneller als urspr\u00fcnglich geplant voranzutreiben\u00bb, erkl\u00e4rt Hasler.<\/p>\r\n<p>Die Finanzierung in H\u00f6he von rund einer Million Schweizer Franken wird sowohl von bestehenden als auch neuen InvestorInnen angef\u00fchrt, unter anderem Anja Graf, bekannt aus der \u00abH\u00f6hle des L\u00f6wen\u00bb, und Thomas Br\u00e4ndle, Pr\u00e4sident der Swiss FinTech.<\/p>","protected":false},"excerpt":{"rendered":"<p>Mit einer Online-Kampagne, einem Auftritt an der OMR und einer erfolgreichen zweiten Finanzierungsrunde expandiert die Schweizer Influencer-Plattform \u00abRefluenced\u00bb mit grossen Schritten nach Deutschland.<\/p>\n","protected":false},"author":8,"featured_media":0,"comment_status":"closed","ping_status":"closed","sticky":false,"template":"","format":"standard","meta":{"_acf_changed":false,"_yoast_wpseo_focuskw":"Refluenced Expansion","_yoast_wpseo_metadesc":"Refluenced expandiert nach Deutschland: Plattform f\u00fcr Nano- und Microinfluencer sichert Finanzierungsrunde \u00fcber eine Million CHF.","articlekey":"","footnotes":""},"categories":[29],"tags":[339,4216,4217],"class_list":["post-27038","post","type-post","status-publish","format-standard","hentry","category-marketing","tag-marketing","tag-omr","tag-refluenced"],"acf":[],"yoast_head":"<!-- This site is optimized with the Yoast SEO plugin v27.5 - https:\/\/yoast.com\/product\/yoast-seo-wordpress\/ -->\n<title>Auch deutsche Brands setzen nun auf Refluenced - Organisator<\/title>\n<meta name=\"description\" content=\"Refluenced expandiert nach Deutschland: Plattform f\u00fcr Nano- und Microinfluencer sichert Finanzierungsrunde \u00fcber eine Million CHF.\" \/>\n<meta name=\"robots\" content=\"index, follow, max-snippet:-1, max-image-preview:large, max-video-preview:-1\" \/>\n<link rel=\"canonical\" href=\"https:\/\/www.organisator.ch\/de\/marketing\/2024-05-12\/auch-deutsche-brands-setzen-nun-auf-refluenced\/\" \/>\n<meta property=\"og:locale\" content=\"de_DE\" \/>\n<meta property=\"og:type\" content=\"article\" \/>\n<meta property=\"og:title\" content=\"Auch deutsche Brands setzen nun auf Refluenced - Organisator\" \/>\n<meta property=\"og:description\" content=\"Refluenced expandiert nach Deutschland: Plattform f\u00fcr Nano- und Microinfluencer sichert Finanzierungsrunde \u00fcber eine Million CHF.\" \/>\n<meta property=\"og:url\" content=\"https:\/\/www.organisator.ch\/de\/marketing\/2024-05-12\/auch-deutsche-brands-setzen-nun-auf-refluenced\/\" \/>\n<meta property=\"og:site_name\" content=\"Organisator\" \/>\n<meta property=\"article:publisher\" content=\"https:\/\/www.facebook.com\/OrganisatorFachmagazin\" \/>\n<meta property=\"article:published_time\" content=\"2024-05-12T12:40:43+00:00\" \/>\n<meta property=\"article:modified_time\" content=\"2024-11-11T05:13:30+00:00\" \/>\n<meta property=\"og:image\" content=\"https:\/\/www.werbewoche.ch\/wp-content\/uploads\/2024\/05\/Vonlinksnachrechts_QuirinHasler_LucaEberhardt_AnkeHeyser_JonasHolzer_CarmenWu%E2%95%A0erth.jpg\" \/>\n<meta name=\"author\" content=\"galledia\" \/>\n<meta name=\"twitter:card\" content=\"summary_large_image\" \/>\n<meta name=\"twitter:creator\" content=\"@admin\" \/>\n<script type=\"application\/ld+json\" class=\"yoast-schema-graph\">{\"@context\":\"https:\\\/\\\/schema.org\",\"@graph\":[{\"@type\":\"Article\",\"@id\":\"https:\\\/\\\/www.organisator.ch\\\/marketing\\\/2024-05-12\\\/auch-deutsche-brands-setzen-nun-auf-refluenced\\\/#article\",\"isPartOf\":{\"@id\":\"https:\\\/\\\/www.organisator.ch\\\/marketing\\\/2024-05-12\\\/auch-deutsche-brands-setzen-nun-auf-refluenced\\\/\"},\"author\":{\"name\":\"galledia\",\"@id\":\"https:\\\/\\\/www.organisator.ch\\\/#\\\/schema\\\/person\\\/4e51799071cd2dd1232ac003643ef5f0\"},\"headline\":\"Auch deutsche Brands setzen nun auf Refluenced\",\"datePublished\":\"2024-05-12T12:40:43+00:00\",\"dateModified\":\"2024-11-11T05:13:30+00:00\",\"mainEntityOfPage\":{\"@id\":\"https:\\\/\\\/www.organisator.ch\\\/marketing\\\/2024-05-12\\\/auch-deutsche-brands-setzen-nun-auf-refluenced\\\/\"},\"wordCount\":403,\"publisher\":{\"@id\":\"https:\\\/\\\/www.organisator.ch\\\/#organization\"},\"image\":{\"@id\":\"https:\\\/\\\/www.organisator.ch\\\/marketing\\\/2024-05-12\\\/auch-deutsche-brands-setzen-nun-auf-refluenced\\\/#primaryimage\"},\"thumbnailUrl\":\"https:\\\/\\\/www.werbewoche.ch\\\/wp-content\\\/uploads\\\/2024\\\/05\\\/Vonlinksnachrechts_QuirinHasler_LucaEberhardt_AnkeHeyser_JonasHolzer_CarmenWu%E2%95%A0erth.jpg\",\"keywords\":[\"Marketing\",\"OMR\",\"Refluenced\"],\"articleSection\":[\"MARKETING\"],\"inLanguage\":\"de\"},{\"@type\":\"WebPage\",\"@id\":\"https:\\\/\\\/www.organisator.ch\\\/marketing\\\/2024-05-12\\\/auch-deutsche-brands-setzen-nun-auf-refluenced\\\/\",\"url\":\"https:\\\/\\\/www.organisator.ch\\\/marketing\\\/2024-05-12\\\/auch-deutsche-brands-setzen-nun-auf-refluenced\\\/\",\"name\":\"Auch deutsche Brands setzen nun auf Refluenced - Organisator\",\"isPartOf\":{\"@id\":\"https:\\\/\\\/www.organisator.ch\\\/#website\"},\"primaryImageOfPage\":{\"@id\":\"https:\\\/\\\/www.organisator.ch\\\/marketing\\\/2024-05-12\\\/auch-deutsche-brands-setzen-nun-auf-refluenced\\\/#primaryimage\"},\"image\":{\"@id\":\"https:\\\/\\\/www.organisator.ch\\\/marketing\\\/2024-05-12\\\/auch-deutsche-brands-setzen-nun-auf-refluenced\\\/#primaryimage\"},\"thumbnailUrl\":\"https:\\\/\\\/www.werbewoche.ch\\\/wp-content\\\/uploads\\\/2024\\\/05\\\/Vonlinksnachrechts_QuirinHasler_LucaEberhardt_AnkeHeyser_JonasHolzer_CarmenWu%E2%95%A0erth.jpg\",\"datePublished\":\"2024-05-12T12:40:43+00:00\",\"dateModified\":\"2024-11-11T05:13:30+00:00\",\"description\":\"Refluenced expandiert nach Deutschland: Plattform f\u00fcr Nano- und Microinfluencer sichert Finanzierungsrunde \u00fcber eine Million CHF.\",\"breadcrumb\":{\"@id\":\"https:\\\/\\\/www.organisator.ch\\\/marketing\\\/2024-05-12\\\/auch-deutsche-brands-setzen-nun-auf-refluenced\\\/#breadcrumb\"},\"inLanguage\":\"de\",\"potentialAction\":[{\"@type\":\"ReadAction\",\"target\":[\"https:\\\/\\\/www.organisator.ch\\\/marketing\\\/2024-05-12\\\/auch-deutsche-brands-setzen-nun-auf-refluenced\\\/\"]}]},{\"@type\":\"ImageObject\",\"inLanguage\":\"de\",\"@id\":\"https:\\\/\\\/www.organisator.ch\\\/marketing\\\/2024-05-12\\\/auch-deutsche-brands-setzen-nun-auf-refluenced\\\/#primaryimage\",\"url\":\"https:\\\/\\\/www.werbewoche.ch\\\/wp-content\\\/uploads\\\/2024\\\/05\\\/Vonlinksnachrechts_QuirinHasler_LucaEberhardt_AnkeHeyser_JonasHolzer_CarmenWu%E2%95%A0erth.jpg\",\"contentUrl\":\"https:\\\/\\\/www.werbewoche.ch\\\/wp-content\\\/uploads\\\/2024\\\/05\\\/Vonlinksnachrechts_QuirinHasler_LucaEberhardt_AnkeHeyser_JonasHolzer_CarmenWu%E2%95%A0erth.jpg\"},{\"@type\":\"BreadcrumbList\",\"@id\":\"https:\\\/\\\/www.organisator.ch\\\/marketing\\\/2024-05-12\\\/auch-deutsche-brands-setzen-nun-auf-refluenced\\\/#breadcrumb\",\"itemListElement\":[{\"@type\":\"ListItem\",\"position\":1,\"name\":\"Home\",\"item\":\"https:\\\/\\\/www.organisator.ch\\\/\"},{\"@type\":\"ListItem\",\"position\":2,\"name\":\"Auch deutsche Brands setzen nun auf Refluenced\"}]},{\"@type\":\"WebSite\",\"@id\":\"https:\\\/\\\/www.organisator.ch\\\/#website\",\"url\":\"https:\\\/\\\/www.organisator.ch\\\/\",\"name\":\"Organisator\",\"description\":\"Kompetent. Praxisnah. Der ORGANISATOR bereitet in 10 Ausgaben pro Jahr die wesentlichen Themen f\u00fcr F\u00fchrungskr\u00e4fte von KMU auf.\",\"publisher\":{\"@id\":\"https:\\\/\\\/www.organisator.ch\\\/#organization\"},\"potentialAction\":[{\"@type\":\"SearchAction\",\"target\":{\"@type\":\"EntryPoint\",\"urlTemplate\":\"https:\\\/\\\/www.organisator.ch\\\/?s={search_term_string}\"},\"query-input\":{\"@type\":\"PropertyValueSpecification\",\"valueRequired\":true,\"valueName\":\"search_term_string\"}}],\"inLanguage\":\"de\"},{\"@type\":\"Organization\",\"@id\":\"https:\\\/\\\/www.organisator.ch\\\/#organization\",\"name\":\"Organisator\",\"url\":\"https:\\\/\\\/www.organisator.ch\\\/\",\"logo\":{\"@type\":\"ImageObject\",\"inLanguage\":\"de\",\"@id\":\"https:\\\/\\\/www.organisator.ch\\\/#\\\/schema\\\/logo\\\/image\\\/\",\"url\":\"https:\\\/\\\/www.organisator.ch\\\/wp-content\\\/uploads\\\/2022\\\/01\\\/Logo_Organisator_Website.png\",\"contentUrl\":\"https:\\\/\\\/www.organisator.ch\\\/wp-content\\\/uploads\\\/2022\\\/01\\\/Logo_Organisator_Website.png\",\"width\":800,\"height\":77,\"caption\":\"Organisator\"},\"image\":{\"@id\":\"https:\\\/\\\/www.organisator.ch\\\/#\\\/schema\\\/logo\\\/image\\\/\"},\"sameAs\":[\"https:\\\/\\\/www.facebook.com\\\/OrganisatorFachmagazin\",\"https:\\\/\\\/www.linkedin.com\\\/showcase\\\/organisator-das-magazin-fr-kmu\",\"https:\\\/\\\/www.xing.com\\\/news\\\/pages\\\/organisator-ch-695\",\"https:\\\/\\\/www.youtube.com\\\/channel\\\/UCGP2Sq0iWaZwT3BdIAQFYpw\"]},{\"@type\":\"Person\",\"@id\":\"https:\\\/\\\/www.organisator.ch\\\/#\\\/schema\\\/person\\\/4e51799071cd2dd1232ac003643ef5f0\",\"name\":\"galledia\",\"image\":{\"@type\":\"ImageObject\",\"inLanguage\":\"de\",\"@id\":\"https:\\\/\\\/secure.gravatar.com\\\/avatar\\\/78a7f90c01fc2bfc875782a0d4922b37cde2cf184ce347b91316d23cd7f69a36?s=96&d=mm&r=g\",\"url\":\"https:\\\/\\\/secure.gravatar.com\\\/avatar\\\/78a7f90c01fc2bfc875782a0d4922b37cde2cf184ce347b91316d23cd7f69a36?s=96&d=mm&r=g\",\"contentUrl\":\"https:\\\/\\\/secure.gravatar.com\\\/avatar\\\/78a7f90c01fc2bfc875782a0d4922b37cde2cf184ce347b91316d23cd7f69a36?s=96&d=mm&r=g\",\"caption\":\"galledia\"},\"sameAs\":[\"https:\\\/\\\/x.com\\\/admin\"],\"url\":\"https:\\\/\\\/www.organisator.ch\\\/de\\\/author\\\/galledia\\\/\"}]}<\/script>\n<!-- \/ Yoast SEO plugin. -->","yoast_head_json":{"title":"Auch deutsche Brands setzen nun auf Refluenced - Organisator","description":"Refluenced expandiert nach Deutschland: Plattform f\u00fcr Nano- und Microinfluencer sichert Finanzierungsrunde \u00fcber eine Million CHF.","robots":{"index":"index","follow":"follow","max-snippet":"max-snippet:-1","max-image-preview":"max-image-preview:large","max-video-preview":"max-video-preview:-1"},"canonical":"https:\/\/www.organisator.ch\/de\/marketing\/2024-05-12\/auch-deutsche-brands-setzen-nun-auf-refluenced\/","og_locale":"de_DE","og_type":"article","og_title":"Auch deutsche Brands setzen nun auf Refluenced - Organisator","og_description":"Refluenced expandiert nach Deutschland: Plattform f\u00fcr Nano- und Microinfluencer sichert Finanzierungsrunde \u00fcber eine Million CHF.","og_url":"https:\/\/www.organisator.ch\/de\/marketing\/2024-05-12\/auch-deutsche-brands-setzen-nun-auf-refluenced\/","og_site_name":"Organisator","article_publisher":"https:\/\/www.facebook.com\/OrganisatorFachmagazin","article_published_time":"2024-05-12T12:40:43+00:00","article_modified_time":"2024-11-11T05:13:30+00:00","og_image":[{"url":"https:\/\/www.werbewoche.ch\/wp-content\/uploads\/2024\/05\/Vonlinksnachrechts_QuirinHasler_LucaEberhardt_AnkeHeyser_JonasHolzer_CarmenWu%E2%95%A0erth.jpg","type":"","width":"","height":""}],"author":"galledia","twitter_card":"summary_large_image","twitter_creator":"@admin","schema":{"@context":"https:\/\/schema.org","@graph":[{"@type":"Article","@id":"https:\/\/www.organisator.ch\/marketing\/2024-05-12\/auch-deutsche-brands-setzen-nun-auf-refluenced\/#article","isPartOf":{"@id":"https:\/\/www.organisator.ch\/marketing\/2024-05-12\/auch-deutsche-brands-setzen-nun-auf-refluenced\/"},"author":{"name":"galledia","@id":"https:\/\/www.organisator.ch\/#\/schema\/person\/4e51799071cd2dd1232ac003643ef5f0"},"headline":"Auch deutsche Brands setzen nun auf Refluenced","datePublished":"2024-05-12T12:40:43+00:00","dateModified":"2024-11-11T05:13:30+00:00","mainEntityOfPage":{"@id":"https:\/\/www.organisator.ch\/marketing\/2024-05-12\/auch-deutsche-brands-setzen-nun-auf-refluenced\/"},"wordCount":403,"publisher":{"@id":"https:\/\/www.organisator.ch\/#organization"},"image":{"@id":"https:\/\/www.organisator.ch\/marketing\/2024-05-12\/auch-deutsche-brands-setzen-nun-auf-refluenced\/#primaryimage"},"thumbnailUrl":"https:\/\/www.werbewoche.ch\/wp-content\/uploads\/2024\/05\/Vonlinksnachrechts_QuirinHasler_LucaEberhardt_AnkeHeyser_JonasHolzer_CarmenWu%E2%95%A0erth.jpg","keywords":["Marketing","OMR","Refluenced"],"articleSection":["MARKETING"],"inLanguage":"de"},{"@type":"WebPage","@id":"https:\/\/www.organisator.ch\/marketing\/2024-05-12\/auch-deutsche-brands-setzen-nun-auf-refluenced\/","url":"https:\/\/www.organisator.ch\/marketing\/2024-05-12\/auch-deutsche-brands-setzen-nun-auf-refluenced\/","name":"Auch deutsche Brands setzen nun auf Refluenced - Organisator","isPartOf":{"@id":"https:\/\/www.organisator.ch\/#website"},"primaryImageOfPage":{"@id":"https:\/\/www.organisator.ch\/marketing\/2024-05-12\/auch-deutsche-brands-setzen-nun-auf-refluenced\/#primaryimage"},"image":{"@id":"https:\/\/www.organisator.ch\/marketing\/2024-05-12\/auch-deutsche-brands-setzen-nun-auf-refluenced\/#primaryimage"},"thumbnailUrl":"https:\/\/www.werbewoche.ch\/wp-content\/uploads\/2024\/05\/Vonlinksnachrechts_QuirinHasler_LucaEberhardt_AnkeHeyser_JonasHolzer_CarmenWu%E2%95%A0erth.jpg","datePublished":"2024-05-12T12:40:43+00:00","dateModified":"2024-11-11T05:13:30+00:00","description":"Refluenced expandiert nach Deutschland: Plattform f\u00fcr Nano- und Microinfluencer sichert Finanzierungsrunde \u00fcber eine Million CHF.","breadcrumb":{"@id":"https:\/\/www.organisator.ch\/marketing\/2024-05-12\/auch-deutsche-brands-setzen-nun-auf-refluenced\/#breadcrumb"},"inLanguage":"de","potentialAction":[{"@type":"ReadAction","target":["https:\/\/www.organisator.ch\/marketing\/2024-05-12\/auch-deutsche-brands-setzen-nun-auf-refluenced\/"]}]},{"@type":"ImageObject","inLanguage":"de","@id":"https:\/\/www.organisator.ch\/marketing\/2024-05-12\/auch-deutsche-brands-setzen-nun-auf-refluenced\/#primaryimage","url":"https:\/\/www.werbewoche.ch\/wp-content\/uploads\/2024\/05\/Vonlinksnachrechts_QuirinHasler_LucaEberhardt_AnkeHeyser_JonasHolzer_CarmenWu%E2%95%A0erth.jpg","contentUrl":"https:\/\/www.werbewoche.ch\/wp-content\/uploads\/2024\/05\/Vonlinksnachrechts_QuirinHasler_LucaEberhardt_AnkeHeyser_JonasHolzer_CarmenWu%E2%95%A0erth.jpg"},{"@type":"BreadcrumbList","@id":"https:\/\/www.organisator.ch\/marketing\/2024-05-12\/auch-deutsche-brands-setzen-nun-auf-refluenced\/#breadcrumb","itemListElement":[{"@type":"ListItem","position":1,"name":"Home","item":"https:\/\/www.organisator.ch\/"},{"@type":"ListItem","position":2,"name":"Auch deutsche Brands setzen nun auf Refluenced"}]},{"@type":"WebSite","@id":"https:\/\/www.organisator.ch\/#website","url":"https:\/\/www.organisator.ch\/","name":"Organisator","description":"Kompetent. Praxisnah. Der ORGANISATOR bereitet in 10 Ausgaben pro Jahr die wesentlichen Themen f\u00fcr F\u00fchrungskr\u00e4fte von KMU auf.","publisher":{"@id":"https:\/\/www.organisator.ch\/#organization"},"potentialAction":[{"@type":"SearchAction","target":{"@type":"EntryPoint","urlTemplate":"https:\/\/www.organisator.ch\/?s={search_term_string}"},"query-input":{"@type":"PropertyValueSpecification","valueRequired":true,"valueName":"search_term_string"}}],"inLanguage":"de"},{"@type":"Organization","@id":"https:\/\/www.organisator.ch\/#organization","name":"Organisator","url":"https:\/\/www.organisator.ch\/","logo":{"@type":"ImageObject","inLanguage":"de","@id":"https:\/\/www.organisator.ch\/#\/schema\/logo\/image\/","url":"https:\/\/www.organisator.ch\/wp-content\/uploads\/2022\/01\/Logo_Organisator_Website.png","contentUrl":"https:\/\/www.organisator.ch\/wp-content\/uploads\/2022\/01\/Logo_Organisator_Website.png","width":800,"height":77,"caption":"Organisator"},"image":{"@id":"https:\/\/www.organisator.ch\/#\/schema\/logo\/image\/"},"sameAs":["https:\/\/www.facebook.com\/OrganisatorFachmagazin","https:\/\/www.linkedin.com\/showcase\/organisator-das-magazin-fr-kmu","https:\/\/www.xing.com\/news\/pages\/organisator-ch-695","https:\/\/www.youtube.com\/channel\/UCGP2Sq0iWaZwT3BdIAQFYpw"]},{"@type":"Person","@id":"https:\/\/www.organisator.ch\/#\/schema\/person\/4e51799071cd2dd1232ac003643ef5f0","name":"galledia","image":{"@type":"ImageObject","inLanguage":"de","@id":"https:\/\/secure.gravatar.com\/avatar\/78a7f90c01fc2bfc875782a0d4922b37cde2cf184ce347b91316d23cd7f69a36?s=96&d=mm&r=g","url":"https:\/\/secure.gravatar.com\/avatar\/78a7f90c01fc2bfc875782a0d4922b37cde2cf184ce347b91316d23cd7f69a36?s=96&d=mm&r=g","contentUrl":"https:\/\/secure.gravatar.com\/avatar\/78a7f90c01fc2bfc875782a0d4922b37cde2cf184ce347b91316d23cd7f69a36?s=96&d=mm&r=g","caption":"galledia"},"sameAs":["https:\/\/x.com\/admin"],"url":"https:\/\/www.organisator.ch\/de\/author\/galledia\/"}]}},"_links":{"self":[{"href":"https:\/\/www.organisator.ch\/de\/wp-json\/wp\/v2\/posts\/27038","targetHints":{"allow":["GET"]}}],"collection":[{"href":"https:\/\/www.organisator.ch\/de\/wp-json\/wp\/v2\/posts"}],"about":[{"href":"https:\/\/www.organisator.ch\/de\/wp-json\/wp\/v2\/types\/post"}],"author":[{"embeddable":true,"href":"https:\/\/www.organisator.ch\/de\/wp-json\/wp\/v2\/users\/8"}],"replies":[{"embeddable":true,"href":"https:\/\/www.organisator.ch\/de\/wp-json\/wp\/v2\/comments?post=27038"}],"version-history":[{"count":7,"href":"https:\/\/www.organisator.ch\/de\/wp-json\/wp\/v2\/posts\/27038\/revisions"}],"predecessor-version":[{"id":32263,"href":"https:\/\/www.organisator.ch\/de\/wp-json\/wp\/v2\/posts\/27038\/revisions\/32263"}],"wp:attachment":[{"href":"https:\/\/www.organisator.ch\/de\/wp-json\/wp\/v2\/media?parent=27038"}],"wp:term":[{"taxonomy":"category","embeddable":true,"href":"https:\/\/www.organisator.ch\/de\/wp-json\/wp\/v2\/categories?post=27038"},{"taxonomy":"post_tag","embeddable":true,"href":"https:\/\/www.organisator.ch\/de\/wp-json\/wp\/v2\/tags?post=27038"}],"curies":[{"name":"wp","href":"https:\/\/api.w.org\/{rel}","templated":true}]}}