{"id":2705,"date":"2017-11-14T13:35:26","date_gmt":"2017-11-14T12:35:26","guid":{"rendered":"https:\/\/www.organisator.ch\/?p=2705"},"modified":"2017-11-14T13:35:26","modified_gmt":"2017-11-14T12:35:26","slug":"frankenschock-laesst-unternehmen-im-st-galler-rheintal-erstarken","status":"publish","type":"post","link":"https:\/\/www.organisator.ch\/de\/management\/2017-11-14\/frankenschock-laesst-unternehmen-im-st-galler-rheintal-erstarken\/","title":{"rendered":"Frankenschock l\u00e4sst Unternehmen im St.Galler Rheintal erstarken"},"content":{"rendered":"<figure id=\"attachment_2706\" aria-describedby=\"caption-attachment-2706\" style=\"width: 640px\" class=\"wp-caption alignnone\"><img loading=\"lazy\" decoding=\"async\" class=\"size-full wp-image-2706\" src=\"https:\/\/www.organisator.ch\/wp-content\/uploads\/2017\/11\/Frankenschock-laesst-Unternehmen-im-St.Galler-Rheintal-erstarken_Organisator.jpg\" alt=\"\" width=\"640\" height=\"360\" srcset=\"https:\/\/www.organisator.ch\/wp-content\/uploads\/2017\/11\/Frankenschock-laesst-Unternehmen-im-St.Galler-Rheintal-erstarken_Organisator.jpg 640w, https:\/\/www.organisator.ch\/wp-content\/uploads\/2017\/11\/Frankenschock-laesst-Unternehmen-im-St.Galler-Rheintal-erstarken_Organisator-16x9.jpg 16w, https:\/\/www.organisator.ch\/wp-content\/uploads\/2017\/11\/Frankenschock-laesst-Unternehmen-im-St.Galler-Rheintal-erstarken_Organisator-311x175.jpg 311w, https:\/\/www.organisator.ch\/wp-content\/uploads\/2017\/11\/Frankenschock-laesst-Unternehmen-im-St.Galler-Rheintal-erstarken_Organisator-622x350.jpg 622w, https:\/\/www.organisator.ch\/wp-content\/uploads\/2017\/11\/Frankenschock-laesst-Unternehmen-im-St.Galler-Rheintal-erstarken_Organisator-300x169.jpg 300w\" sizes=\"auto, (max-width: 640px) 100vw, 640px\" \/><figcaption id=\"caption-attachment-2706\" class=\"wp-caption-text\">Das international t\u00e4tige Rheintaler Unternehmen SFS\u00a0zeigt sich nach dem\u00a0Frankenschock sogar gest\u00e4rkt. (Bild: Rheintal.com)<\/figcaption><\/figure>\n<p>Das St.Galler Rheintal \u00fcberrascht mit seiner unerwartet leistungsf\u00e4higen Wirtschaft. Zahlreiche Unternehmen sind in ihren jeweiligen Bereichen Weltmarktf\u00fchrer. Dank Hightech- und Highquality-Produkten geh\u00f6rt das Rheintal zu den f\u00fchrenden Technologie-Standorten weltweit. Es zeichnet f\u00fcr fast die H\u00e4lfte des Exportvolumens des Kantons St.Gallen verantwortlich. \u00dcber 90 Prozent der im Rheintal hergestellten G\u00fcter gehen an Kunden im Ausland.<\/p>\n<p>Der Frankenschock\u00a0gepaart mit der starken Exportorientierung, stellte die Rheintaler Wirtschaft vor besondere Herausforderungen. Wie geht es den Unternehmen heute? Mit welchen Herausforderungen waren sie in den letzten zweieinhalb Jahren konfrontiert und welche Massnahmen waren dabei erfolgreich? Glauben sie weiterhin an den Werkplatz Schweiz? Dar\u00fcber informierten die Rheintaler Unternehmen SFS Group, Bauwerk Parkett, Colt\u00e8ne\/Whaledent und Leica Geosystems\u00a0unl\u00e4ngst\u00a0in einer gemeinsamen Mitteilung.<\/p>\n<h2><strong>Mit umfassendem Massnahmenpaket gegen den Frankenschock<\/strong><\/h2>\n<p>Die SFS Group mit Hauptsitz in Heerbrugg geh\u00f6rt zu den weltweit f\u00fchrenden Unternehmen f\u00fcr mechanische Befestigungssysteme und Pr\u00e4zisionsformteile. Hauptabnehmer des Unternehmens sind Kunden der Automobil-, Bau-, Beschl\u00e4ge-, Elektro- und Elektronikindustrie. Pr\u00e4zisionskomponenten von SFS leisten zum Beispiel einen Beitrag zur Erh\u00f6hung der Sicherheit f\u00fcr die Passagiere oder zur Verbesserung der Verbrauchs- und Emissionswerte in Autos.<\/p>\n<p>Die Schweizer Produktionswerke von SFS exportieren rund 90% ihrer Produkte ins Ausland. Die Preise sind dabei typischerweise in Euro festgelegt, die Kosten fallen jedoch \u00fcberwiegend in Schweizer Franken an. Zudem haben die Haupt-Wettbewerber ihre Kostenbasis in Euro. Um die Wettbewerbsf\u00e4higkeit wiederherzustellen, hat SFS mit einem umfassenden Massnahmenpaket reagiert, das auf vier Pfeilern aufgebaut war, so CEO Jens Breu: \u00abSFS hat rasch gehandelt, ihre St\u00e4rken konsequent genutzt, die Abh\u00e4ngigkeit des Schweizer Frankens reduziert und die Partnerschaft mit den Mitarbeitenden aktiv gelebt.\u00bb<\/p>\n<p>Dank den ergriffenen Massnahmen nach der Aufwertung des Schweizer Frankens stieg die Produktivit\u00e4t an den Schweizer Produktionsstandorten gegen\u00fcber 2015 um 15.9% gemessen am Deckungsbeitrag pro Mitarbeitenden. Der aktuelle Wert \u00fcbertrifft sogar das Ergebnis von 2014 vor der Aufgabe des Euro-Mindestkurses um 5.8%. Das Unternehmen\u00a0ist \u00fcberzeugt, sich auch k\u00fcnftig aus der Schweiz heraus erfolgreich im internationalen Wettbewerb behaupten zu k\u00f6nnen. So wird in der Schweiz die Fokussierung auf die Entwicklung und Herstellung von innovativen Produkten vorangetrieben. Dabei gelangen zunehmend know-how-intensive sowie technologisch anspruchsvolle und kapitalintensive Produkte und Prozesse zur Anwendung. Im Gegenzug wird die Herstellung von anderen Produkten an ausl\u00e4ndische Standorte transferiert. Das Besch\u00e4ftigungsniveau in der Schweiz kann dabei aber gehalten werden.<\/p>\n<h2><strong>Fusion als Herausforderung und Erfolgsmittel f\u00fcr Bauwerk Parkett<\/strong><\/h2>\n<p>Mit rund CHF 280 Mio. Umsatz und rund 1\u2018900 Mitarbeitenden ist Bauwerk Parkett einer der f\u00fchrenden Parketthersteller Europas. Das Unternehmen mit Sitz in St.Margrethen ist nach f\u00fcnf schwierigen Jahren ebenfalls auf gutem Weg, zur bekannten St\u00e4rke zur\u00fcck zu finden. CEO Klaus Brammertz rechnet damit, dass 2017 mit einem guten Ergebnis abgeschlossen wird. Als gr\u00f6sste Herausforderung, aber zugleich erfolgreichste Massnahme im Frankenschock war der damals bereits initiierte Zusammenschluss mit der BOEN AS. Der Frankenschock forcierte eine beschleunigte Fusion der gleich grossen, aber kulturell sehr unterschiedlichen Unternehmen. \u00abAus heutiger Sicht war dies die mit Abstand wichtigste Massnahme, um heute gar st\u00e4rker dazustehen, als vor 2015\u00bb, so Brammertz. Durch den Zusammenschluss konnte n\u00e4mlich Zugang zu Wachstumsm\u00e4rkten und kosteng\u00fcnstige Produktionsst\u00e4tten in Osteuropa generiert werden. Nach wie vor bietet der Werkplatz Schweiz jedoch die verl\u00e4sslichste Basis f\u00fcr die Gruppe und ist ihr bedeutendster Absatzmarkt. \u201eDeshalb haben wir in 2016 und 2017 jeweils \u00fcber 2 MCHF in der Schweiz investiert und werden dies auch weiterhin tun\u201c, wie Brammertz bekr\u00e4ftigt. Herausforderungen identifiziert er haupts\u00e4chlich im erwarteten R\u00fcckgang der Baut\u00e4tigkeit in der Schweiz, der grassierenden \u201eGeiz ist geil\u201c Mentalit\u00e4t und der wachsenden Bedeutung von einigen Holzersatzprodukten.<\/p>\n<h2><strong>Colt\u00e8ne\/Whaledent: Trotz Frankenst\u00e4rke hohe Qualit\u00e4t und Innovation halten<\/strong><\/h2>\n<p>Auch Colt\u00e8ne\/Whaledent, das international f\u00fchrende Unternehmen im Bereich Entwicklung, Herstellung und Vertrieb zahnmedizinischer Verbrauchsg\u00fcter und Kleinger\u00e4te, hat im Januar 2015 sofort Massnahmen eingeleitet, um dem Frankenschock zu begegnen. Insbesondere beim Einkauf der Rohmaterialien musste sofort reagiert werden. Zus\u00e4tzlich wurden Effizienzprogramme und Optimierungen gestartet, um die Kosten in den Griff zu kriegen. \u00abVon Lohnk\u00fcrzungen oder Mehrarbeitszeiten haben wir bewusst abgesehen\u00bb, wie CEO Martin Schaufelberger berichtete. \u00abNachdem wir uns auf einen Kurs von CHF 1.10 eingestellt hatten, hilft uns der aktuelle Kurs von CHF 1.15.\u00bb<\/p>\n<p>Trotz den Herausforderungen mit dem starken Franken, war es f\u00fcr Colt\u00e9ne\/Whaledent auch in dieser Zeit wichtig, in Sachen Qualit\u00e4t und Innovation mitzuhalten, denn nur so lassen sich auch die Preise halten. Im Werk in Altst\u00e4tten werden Top-Leute mit guter Ausbildung und hoher Motivation besch\u00e4ftigt. Aber: Die Lohnkosten sind auch Spitzenklasse und jedes Jahr werden Erh\u00f6hungen erwartet. Dennoch glaubt die Gesch\u00e4ftsleitung um Schaufelberger an den Werkplatz Schweiz. \u00abEs ist der Ort, an dem wir unser Gesch\u00e4ft am besten f\u00fchren k\u00f6nnen. Wir kennen uns hier aus, sei es bei Zulieferfirmen, Engineering- und Beratungspartnern, im Arbeitsmarkt und den staatlichen Anforderungen. Ich w\u00fcsste keinen Ort an dem ich Probleme wie den W\u00e4hrungs-Schock lieber l\u00f6sen w\u00fcrde.\u00bb Colt\u00e8ne\/Whaledent ist bez\u00fcglich Aktion\u00e4ren, Mitarbeitern und vielen Zulieferfirmen ein Rheintaler Unternehmen. Deshalb und aufgrund der verschiedenen Standortvorteile wird in Altst\u00e4ten in einen Neubau f\u00fcr Produktion und B\u00fcros \u00fcber 11 Mio CHF investiert. \u00abWir zementieren damit unseren Standort in der Region.\u00bb<\/p>\n<h2><strong>Leistungsstarke Innovationsfabrik Leica Geosystems in Heerbrugg<\/strong><\/h2>\n<p>Die Leica Geosystems AG, heute Teil von Hexagon AB, ist weiterhin erfolgreich unterwegs, wie CEO J\u00fcrgen Dold bekr\u00e4ftigt. \u00abWir halten an unserer globalen Wachstumsstrategie fest, die auf drei bew\u00e4hrten S\u00e4ulen steht. Zum ersten betreiben wir ohne Unterbruch Innovation in all unseren Produktlinien und erg\u00e4nzen durch gezielte Akquisitionen unser Portfolio mit zus\u00e4tzlichen Technologien. Zum zweiten erweitern wir unsere weltweite Marktpr\u00e4senz nicht nur mit Investitionen in unser Vertriebsnetz in Wachstumsm\u00e4rkten, sondern auch durch neue digitale Verkaufskan\u00e4le und neue Serviceleistungen. Zum dritten arbeiten wir an der kontinuierlichen Verbesserung unserer Produktivit\u00e4t, und zwar in all unseren Gesch\u00e4ftsbereichen und Funktionen. Der Frankenschock hat unsere Strategie nicht ver\u00e4ndert, aber gewisse Massnahmen im Bereich Effizienzsteigerungen beschleunigt.\u00bb<\/p>\n<p>In den letzten Jahren gab es vielf\u00e4ltige makro\u00f6konomische und geopolitische Herausforderungen, die bew\u00e4ltigt werden mussten. Die hohe Innovationskraft und die kontinuierlichen Effizienzsteigerungen sind sicherlich Hauptgr\u00fcnde, warum sich Leica in einem sehr anspruchsvollen, weltweiten Marktumfeld gut positionieren kann. Kurzfristig werden die Herausforderungen \u00e4hnlich bleiben. Das Unternehmen muss weiterhin agil unterwegs sein, um makro\u00f6konomische und geopolitische Herausforderungen zu bew\u00e4ltigen. Mittelfristig wird es spannend werden, wie schnell die Digitalisierung von unternehmens\u00fcbergreifenden Gesch\u00e4ftsprozessen voranschreiten wird. \u00abNeue Technologien werden uns erm\u00f6glichen, verschiedenste Gesch\u00e4ftsprozesses transformativ zu ver\u00e4ndern.\u00bb Der CEO ist \u00fcberzeugt, dass die Leica Geosystems als Teil von Hexagon ausgezeichnet positioniert ist, um die Chancen der Digitalisierung f\u00fcr ihr nachhaltiges Wachstum nutzen zu k\u00f6nnen.<\/p>\n<p>In Heerbrugg wird die Leica Geosystems bald ihr 100-j\u00e4hrige Bestehen feiern. Seit 1921 ist das Unternehmen im Rheintal zuhause. Eine leistungsstarke Innovationsfabrik, die j\u00e4hrlich etwa 40 neue Produkte erfolgreich in den Markt einf\u00fchrt. \u00abIn der j\u00fcngsten Vergangenheit haben wir zus\u00e4tzliche neue agile Entwicklungsmethoden eingef\u00fchrt, mit denen wir hoch innovative Produkte noch schneller zur Marktreife bringen\u00bb, so Dold. Heerbrugg ist einer der gr\u00f6ssten Standorte im Hexagon Konzern und hat nicht nur eine zentrale Bedeutung f\u00fcr die Leica Geosystems, sondern auch f\u00fcr Hexagon, der hier seine Konzernforschung ausgebaut hat.<\/p>\n<p><em>Weitere Informationen: Verein St.Galler Rheintal, <a href=\"http:\/\/www.rheintal.com\/\">www.rheintal.com<\/a><\/em><\/p>\n","protected":false},"excerpt":{"rendered":"<p>Das St.Galler Rheintal \u00fcberrascht mit seiner unerwartet leistungsf\u00e4higen Wirtschaft. Zahlreiche Unternehmen sind in ihren jeweiligen Bereichen Weltmarktf\u00fchrer. Dank Hightech- und Highquality-Produkten geh\u00f6rt das Rheintal zu den f\u00fchrenden Technologie-Standorten weltweit. Es zeichnet f\u00fcr fast die H\u00e4lfte des Exportvolumens des Kantons St.Gallen verantwortlich. \u00dcber 90 Prozent der im Rheintal hergestellten G\u00fcter gehen an Kunden im Ausland. Der [&hellip;]<\/p>\n","protected":false},"author":4,"featured_media":2706,"comment_status":"open","ping_status":"open","sticky":false,"template":"","format":"standard","meta":{"_acf_changed":false,"_yoast_wpseo_focuskw":"Frankenschock","_yoast_wpseo_metadesc":"Die Unternehmen im St.Galler Rheintal glaubten an den Standort und begegneten dem Frankenschock mit unterschiedlichen Ans\u00e4tzen - und sind st\u00e4rker als zuvor.","articlekey":"","footnotes":""},"categories":[28],"tags":[310,340,492,531],"class_list":["post-2705","post","type-post","status-publish","format-standard","has-post-thumbnail","hentry","category-management","tag-konjunktur","tag-maerkte","tag-unternehmen","tag-wirtschaftspolitik"],"acf":[],"yoast_head":"<!-- This site is optimized with the Yoast SEO plugin v27.5 - https:\/\/yoast.com\/product\/yoast-seo-wordpress\/ -->\n<title>Frankenschock l\u00e4sst Unternehmen im St.Galler Rheintal erstarken - Organisator<\/title>\n<meta name=\"description\" content=\"Die Unternehmen im St.Galler Rheintal glaubten an den Standort und begegneten dem Frankenschock mit unterschiedlichen Ans\u00e4tzen - und sind st\u00e4rker als zuvor.\" \/>\n<meta name=\"robots\" content=\"index, follow, max-snippet:-1, max-image-preview:large, max-video-preview:-1\" \/>\n<link rel=\"canonical\" href=\"https:\/\/www.organisator.ch\/de\/management\/2017-11-14\/frankenschock-laesst-unternehmen-im-st-galler-rheintal-erstarken\/\" \/>\n<meta property=\"og:locale\" content=\"de_DE\" \/>\n<meta property=\"og:type\" content=\"article\" \/>\n<meta property=\"og:title\" content=\"Frankenschock l\u00e4sst Unternehmen im St.Galler Rheintal erstarken\" \/>\n<meta property=\"og:description\" content=\"Die Unternehmen im St.Galler #Rheintal glaubten an den Standort und begegneten dem #Frankenschock mit unterschiedlichen Ans\u00e4tzen - und sind st\u00e4rker als zuvor.\" \/>\n<meta property=\"og:url\" content=\"https:\/\/www.organisator.ch\/de\/management\/2017-11-14\/frankenschock-laesst-unternehmen-im-st-galler-rheintal-erstarken\/\" \/>\n<meta property=\"og:site_name\" content=\"Organisator\" \/>\n<meta property=\"article:publisher\" content=\"https:\/\/www.facebook.com\/OrganisatorFachmagazin\" \/>\n<meta property=\"article:published_time\" content=\"2017-11-14T12:35:26+00:00\" \/>\n<meta property=\"og:image\" content=\"https:\/\/www.organisator.ch\/wp-content\/uploads\/2017\/11\/Frankenschock-laesst-Unternehmen-im-St.Galler-Rheintal-erstarken_Organisator.jpg\" \/>\n\t<meta property=\"og:image:width\" content=\"640\" \/>\n\t<meta property=\"og:image:height\" content=\"360\" \/>\n\t<meta property=\"og:image:type\" content=\"image\/jpeg\" \/>\n<meta name=\"author\" content=\"thomas.berner\" \/>\n<meta name=\"twitter:card\" content=\"summary_large_image\" \/>\n<meta name=\"twitter:title\" content=\"#Frankenschock l\u00e4sst Unternehmen im St.Galler #Rheintal erstarken\" \/>\n<meta name=\"twitter:description\" content=\"Die Unternehmen im St.Galler #Rheintal glaubten an den Standort und begegneten dem #Frankenschock mit unterschiedlichen Ans\u00e4tzen - und sind st\u00e4rker als zuvor.\" \/>\n<meta name=\"twitter:image\" content=\"https:\/\/www.organisator.ch\/wp-content\/uploads\/2017\/11\/Frankenschock-l\u00e4sst-Unternehmen-im-St.Galler-Rheintal-erstarken_Organisator.jpg\" \/>\n<script type=\"application\/ld+json\" class=\"yoast-schema-graph\">{\"@context\":\"https:\\\/\\\/schema.org\",\"@graph\":[{\"@type\":\"Article\",\"@id\":\"https:\\\/\\\/www.organisator.ch\\\/management\\\/2017-11-14\\\/frankenschock-laesst-unternehmen-im-st-galler-rheintal-erstarken\\\/#article\",\"isPartOf\":{\"@id\":\"https:\\\/\\\/www.organisator.ch\\\/management\\\/2017-11-14\\\/frankenschock-laesst-unternehmen-im-st-galler-rheintal-erstarken\\\/\"},\"author\":{\"name\":\"thomas.berner\",\"@id\":\"https:\\\/\\\/www.organisator.ch\\\/#\\\/schema\\\/person\\\/6f650f90b2842cd4c0cc334b4e36f67e\"},\"headline\":\"Frankenschock l\u00e4sst Unternehmen im St.Galler Rheintal erstarken\",\"datePublished\":\"2017-11-14T12:35:26+00:00\",\"mainEntityOfPage\":{\"@id\":\"https:\\\/\\\/www.organisator.ch\\\/management\\\/2017-11-14\\\/frankenschock-laesst-unternehmen-im-st-galler-rheintal-erstarken\\\/\"},\"wordCount\":1256,\"commentCount\":0,\"publisher\":{\"@id\":\"https:\\\/\\\/www.organisator.ch\\\/#organization\"},\"image\":{\"@id\":\"https:\\\/\\\/www.organisator.ch\\\/management\\\/2017-11-14\\\/frankenschock-laesst-unternehmen-im-st-galler-rheintal-erstarken\\\/#primaryimage\"},\"thumbnailUrl\":\"https:\\\/\\\/www.organisator.ch\\\/wp-content\\\/uploads\\\/2017\\\/11\\\/Frankenschock-laesst-Unternehmen-im-St.Galler-Rheintal-erstarken_Organisator.jpg\",\"keywords\":[\"Konjunktur\",\"M\u00e4rkte\",\"Unternehmen\",\"Wirtschaftspolitik\"],\"articleSection\":[\"MANAGEMENT\"],\"inLanguage\":\"de\"},{\"@type\":\"WebPage\",\"@id\":\"https:\\\/\\\/www.organisator.ch\\\/management\\\/2017-11-14\\\/frankenschock-laesst-unternehmen-im-st-galler-rheintal-erstarken\\\/\",\"url\":\"https:\\\/\\\/www.organisator.ch\\\/management\\\/2017-11-14\\\/frankenschock-laesst-unternehmen-im-st-galler-rheintal-erstarken\\\/\",\"name\":\"Frankenschock l\u00e4sst Unternehmen im St.Galler Rheintal erstarken - Organisator\",\"isPartOf\":{\"@id\":\"https:\\\/\\\/www.organisator.ch\\\/#website\"},\"primaryImageOfPage\":{\"@id\":\"https:\\\/\\\/www.organisator.ch\\\/management\\\/2017-11-14\\\/frankenschock-laesst-unternehmen-im-st-galler-rheintal-erstarken\\\/#primaryimage\"},\"image\":{\"@id\":\"https:\\\/\\\/www.organisator.ch\\\/management\\\/2017-11-14\\\/frankenschock-laesst-unternehmen-im-st-galler-rheintal-erstarken\\\/#primaryimage\"},\"thumbnailUrl\":\"https:\\\/\\\/www.organisator.ch\\\/wp-content\\\/uploads\\\/2017\\\/11\\\/Frankenschock-laesst-Unternehmen-im-St.Galler-Rheintal-erstarken_Organisator.jpg\",\"datePublished\":\"2017-11-14T12:35:26+00:00\",\"description\":\"Die Unternehmen im St.Galler Rheintal glaubten an den Standort und begegneten dem Frankenschock mit unterschiedlichen Ans\u00e4tzen - und sind st\u00e4rker als zuvor.\",\"breadcrumb\":{\"@id\":\"https:\\\/\\\/www.organisator.ch\\\/management\\\/2017-11-14\\\/frankenschock-laesst-unternehmen-im-st-galler-rheintal-erstarken\\\/#breadcrumb\"},\"inLanguage\":\"de\",\"potentialAction\":[{\"@type\":\"ReadAction\",\"target\":[\"https:\\\/\\\/www.organisator.ch\\\/management\\\/2017-11-14\\\/frankenschock-laesst-unternehmen-im-st-galler-rheintal-erstarken\\\/\"]}]},{\"@type\":\"ImageObject\",\"inLanguage\":\"de\",\"@id\":\"https:\\\/\\\/www.organisator.ch\\\/management\\\/2017-11-14\\\/frankenschock-laesst-unternehmen-im-st-galler-rheintal-erstarken\\\/#primaryimage\",\"url\":\"https:\\\/\\\/www.organisator.ch\\\/wp-content\\\/uploads\\\/2017\\\/11\\\/Frankenschock-laesst-Unternehmen-im-St.Galler-Rheintal-erstarken_Organisator.jpg\",\"contentUrl\":\"https:\\\/\\\/www.organisator.ch\\\/wp-content\\\/uploads\\\/2017\\\/11\\\/Frankenschock-laesst-Unternehmen-im-St.Galler-Rheintal-erstarken_Organisator.jpg\",\"width\":640,\"height\":360,\"caption\":\"Das international t\u00e4tige Rheintaler Unternehmen SFS ging gest\u00e4rkt aus dem Frankenschock hervor. (Bild: Rheintal.com)\"},{\"@type\":\"BreadcrumbList\",\"@id\":\"https:\\\/\\\/www.organisator.ch\\\/management\\\/2017-11-14\\\/frankenschock-laesst-unternehmen-im-st-galler-rheintal-erstarken\\\/#breadcrumb\",\"itemListElement\":[{\"@type\":\"ListItem\",\"position\":1,\"name\":\"Home\",\"item\":\"https:\\\/\\\/www.organisator.ch\\\/\"},{\"@type\":\"ListItem\",\"position\":2,\"name\":\"Frankenschock l\u00e4sst Unternehmen im St.Galler Rheintal erstarken\"}]},{\"@type\":\"WebSite\",\"@id\":\"https:\\\/\\\/www.organisator.ch\\\/#website\",\"url\":\"https:\\\/\\\/www.organisator.ch\\\/\",\"name\":\"Organisator\",\"description\":\"Kompetent. Praxisnah. Der ORGANISATOR bereitet in 10 Ausgaben pro Jahr die wesentlichen Themen f\u00fcr F\u00fchrungskr\u00e4fte von KMU auf.\",\"publisher\":{\"@id\":\"https:\\\/\\\/www.organisator.ch\\\/#organization\"},\"potentialAction\":[{\"@type\":\"SearchAction\",\"target\":{\"@type\":\"EntryPoint\",\"urlTemplate\":\"https:\\\/\\\/www.organisator.ch\\\/?s={search_term_string}\"},\"query-input\":{\"@type\":\"PropertyValueSpecification\",\"valueRequired\":true,\"valueName\":\"search_term_string\"}}],\"inLanguage\":\"de\"},{\"@type\":\"Organization\",\"@id\":\"https:\\\/\\\/www.organisator.ch\\\/#organization\",\"name\":\"Organisator\",\"url\":\"https:\\\/\\\/www.organisator.ch\\\/\",\"logo\":{\"@type\":\"ImageObject\",\"inLanguage\":\"de\",\"@id\":\"https:\\\/\\\/www.organisator.ch\\\/#\\\/schema\\\/logo\\\/image\\\/\",\"url\":\"https:\\\/\\\/www.organisator.ch\\\/wp-content\\\/uploads\\\/2022\\\/01\\\/Logo_Organisator_Website.png\",\"contentUrl\":\"https:\\\/\\\/www.organisator.ch\\\/wp-content\\\/uploads\\\/2022\\\/01\\\/Logo_Organisator_Website.png\",\"width\":800,\"height\":77,\"caption\":\"Organisator\"},\"image\":{\"@id\":\"https:\\\/\\\/www.organisator.ch\\\/#\\\/schema\\\/logo\\\/image\\\/\"},\"sameAs\":[\"https:\\\/\\\/www.facebook.com\\\/OrganisatorFachmagazin\",\"https:\\\/\\\/www.linkedin.com\\\/showcase\\\/organisator-das-magazin-fr-kmu\",\"https:\\\/\\\/www.xing.com\\\/news\\\/pages\\\/organisator-ch-695\",\"https:\\\/\\\/www.youtube.com\\\/channel\\\/UCGP2Sq0iWaZwT3BdIAQFYpw\"]},{\"@type\":\"Person\",\"@id\":\"https:\\\/\\\/www.organisator.ch\\\/#\\\/schema\\\/person\\\/6f650f90b2842cd4c0cc334b4e36f67e\",\"name\":\"thomas.berner\",\"image\":{\"@type\":\"ImageObject\",\"inLanguage\":\"de\",\"@id\":\"https:\\\/\\\/secure.gravatar.com\\\/avatar\\\/ac5001d2a36cb6c6cd3e50789007ffca834b477b74a2144564522e944eabff61?s=96&d=mm&r=g\",\"url\":\"https:\\\/\\\/secure.gravatar.com\\\/avatar\\\/ac5001d2a36cb6c6cd3e50789007ffca834b477b74a2144564522e944eabff61?s=96&d=mm&r=g\",\"contentUrl\":\"https:\\\/\\\/secure.gravatar.com\\\/avatar\\\/ac5001d2a36cb6c6cd3e50789007ffca834b477b74a2144564522e944eabff61?s=96&d=mm&r=g\",\"caption\":\"thomas.berner\"},\"url\":\"https:\\\/\\\/www.organisator.ch\\\/de\\\/author\\\/thomas-berner\\\/\"}]}<\/script>\n<!-- \/ Yoast SEO plugin. -->","yoast_head_json":{"title":"Frankenschock l\u00e4sst Unternehmen im St.Galler Rheintal erstarken - Organisator","description":"Die Unternehmen im St.Galler Rheintal glaubten an den Standort und begegneten dem Frankenschock mit unterschiedlichen Ans\u00e4tzen - und sind st\u00e4rker als zuvor.","robots":{"index":"index","follow":"follow","max-snippet":"max-snippet:-1","max-image-preview":"max-image-preview:large","max-video-preview":"max-video-preview:-1"},"canonical":"https:\/\/www.organisator.ch\/de\/management\/2017-11-14\/frankenschock-laesst-unternehmen-im-st-galler-rheintal-erstarken\/","og_locale":"de_DE","og_type":"article","og_title":"Frankenschock l\u00e4sst Unternehmen im St.Galler Rheintal erstarken","og_description":"Die Unternehmen im St.Galler #Rheintal glaubten an den Standort und begegneten dem #Frankenschock mit unterschiedlichen Ans\u00e4tzen - und sind st\u00e4rker als zuvor.","og_url":"https:\/\/www.organisator.ch\/de\/management\/2017-11-14\/frankenschock-laesst-unternehmen-im-st-galler-rheintal-erstarken\/","og_site_name":"Organisator","article_publisher":"https:\/\/www.facebook.com\/OrganisatorFachmagazin","article_published_time":"2017-11-14T12:35:26+00:00","og_image":[{"width":640,"height":360,"url":"https:\/\/www.organisator.ch\/wp-content\/uploads\/2017\/11\/Frankenschock-laesst-Unternehmen-im-St.Galler-Rheintal-erstarken_Organisator.jpg","type":"image\/jpeg"}],"author":"thomas.berner","twitter_card":"summary_large_image","twitter_title":"#Frankenschock l\u00e4sst Unternehmen im St.Galler #Rheintal erstarken","twitter_description":"Die Unternehmen im St.Galler #Rheintal glaubten an den Standort und begegneten dem #Frankenschock mit unterschiedlichen Ans\u00e4tzen - und sind st\u00e4rker als zuvor.","twitter_image":"https:\/\/www.organisator.ch\/wp-content\/uploads\/2017\/11\/Frankenschock-l\u00e4sst-Unternehmen-im-St.Galler-Rheintal-erstarken_Organisator.jpg","schema":{"@context":"https:\/\/schema.org","@graph":[{"@type":"Article","@id":"https:\/\/www.organisator.ch\/management\/2017-11-14\/frankenschock-laesst-unternehmen-im-st-galler-rheintal-erstarken\/#article","isPartOf":{"@id":"https:\/\/www.organisator.ch\/management\/2017-11-14\/frankenschock-laesst-unternehmen-im-st-galler-rheintal-erstarken\/"},"author":{"name":"thomas.berner","@id":"https:\/\/www.organisator.ch\/#\/schema\/person\/6f650f90b2842cd4c0cc334b4e36f67e"},"headline":"Frankenschock l\u00e4sst Unternehmen im St.Galler Rheintal erstarken","datePublished":"2017-11-14T12:35:26+00:00","mainEntityOfPage":{"@id":"https:\/\/www.organisator.ch\/management\/2017-11-14\/frankenschock-laesst-unternehmen-im-st-galler-rheintal-erstarken\/"},"wordCount":1256,"commentCount":0,"publisher":{"@id":"https:\/\/www.organisator.ch\/#organization"},"image":{"@id":"https:\/\/www.organisator.ch\/management\/2017-11-14\/frankenschock-laesst-unternehmen-im-st-galler-rheintal-erstarken\/#primaryimage"},"thumbnailUrl":"https:\/\/www.organisator.ch\/wp-content\/uploads\/2017\/11\/Frankenschock-laesst-Unternehmen-im-St.Galler-Rheintal-erstarken_Organisator.jpg","keywords":["Konjunktur","M\u00e4rkte","Unternehmen","Wirtschaftspolitik"],"articleSection":["MANAGEMENT"],"inLanguage":"de"},{"@type":"WebPage","@id":"https:\/\/www.organisator.ch\/management\/2017-11-14\/frankenschock-laesst-unternehmen-im-st-galler-rheintal-erstarken\/","url":"https:\/\/www.organisator.ch\/management\/2017-11-14\/frankenschock-laesst-unternehmen-im-st-galler-rheintal-erstarken\/","name":"Frankenschock l\u00e4sst Unternehmen im St.Galler Rheintal erstarken - Organisator","isPartOf":{"@id":"https:\/\/www.organisator.ch\/#website"},"primaryImageOfPage":{"@id":"https:\/\/www.organisator.ch\/management\/2017-11-14\/frankenschock-laesst-unternehmen-im-st-galler-rheintal-erstarken\/#primaryimage"},"image":{"@id":"https:\/\/www.organisator.ch\/management\/2017-11-14\/frankenschock-laesst-unternehmen-im-st-galler-rheintal-erstarken\/#primaryimage"},"thumbnailUrl":"https:\/\/www.organisator.ch\/wp-content\/uploads\/2017\/11\/Frankenschock-laesst-Unternehmen-im-St.Galler-Rheintal-erstarken_Organisator.jpg","datePublished":"2017-11-14T12:35:26+00:00","description":"Die Unternehmen im St.Galler Rheintal glaubten an den Standort und begegneten dem Frankenschock mit unterschiedlichen Ans\u00e4tzen - und sind st\u00e4rker als zuvor.","breadcrumb":{"@id":"https:\/\/www.organisator.ch\/management\/2017-11-14\/frankenschock-laesst-unternehmen-im-st-galler-rheintal-erstarken\/#breadcrumb"},"inLanguage":"de","potentialAction":[{"@type":"ReadAction","target":["https:\/\/www.organisator.ch\/management\/2017-11-14\/frankenschock-laesst-unternehmen-im-st-galler-rheintal-erstarken\/"]}]},{"@type":"ImageObject","inLanguage":"de","@id":"https:\/\/www.organisator.ch\/management\/2017-11-14\/frankenschock-laesst-unternehmen-im-st-galler-rheintal-erstarken\/#primaryimage","url":"https:\/\/www.organisator.ch\/wp-content\/uploads\/2017\/11\/Frankenschock-laesst-Unternehmen-im-St.Galler-Rheintal-erstarken_Organisator.jpg","contentUrl":"https:\/\/www.organisator.ch\/wp-content\/uploads\/2017\/11\/Frankenschock-laesst-Unternehmen-im-St.Galler-Rheintal-erstarken_Organisator.jpg","width":640,"height":360,"caption":"Das international t\u00e4tige Rheintaler Unternehmen SFS ging gest\u00e4rkt aus dem Frankenschock hervor. (Bild: Rheintal.com)"},{"@type":"BreadcrumbList","@id":"https:\/\/www.organisator.ch\/management\/2017-11-14\/frankenschock-laesst-unternehmen-im-st-galler-rheintal-erstarken\/#breadcrumb","itemListElement":[{"@type":"ListItem","position":1,"name":"Home","item":"https:\/\/www.organisator.ch\/"},{"@type":"ListItem","position":2,"name":"Frankenschock l\u00e4sst Unternehmen im St.Galler Rheintal erstarken"}]},{"@type":"WebSite","@id":"https:\/\/www.organisator.ch\/#website","url":"https:\/\/www.organisator.ch\/","name":"Organisator","description":"Kompetent. Praxisnah. Der ORGANISATOR bereitet in 10 Ausgaben pro Jahr die wesentlichen Themen f\u00fcr F\u00fchrungskr\u00e4fte von KMU auf.","publisher":{"@id":"https:\/\/www.organisator.ch\/#organization"},"potentialAction":[{"@type":"SearchAction","target":{"@type":"EntryPoint","urlTemplate":"https:\/\/www.organisator.ch\/?s={search_term_string}"},"query-input":{"@type":"PropertyValueSpecification","valueRequired":true,"valueName":"search_term_string"}}],"inLanguage":"de"},{"@type":"Organization","@id":"https:\/\/www.organisator.ch\/#organization","name":"Organisator","url":"https:\/\/www.organisator.ch\/","logo":{"@type":"ImageObject","inLanguage":"de","@id":"https:\/\/www.organisator.ch\/#\/schema\/logo\/image\/","url":"https:\/\/www.organisator.ch\/wp-content\/uploads\/2022\/01\/Logo_Organisator_Website.png","contentUrl":"https:\/\/www.organisator.ch\/wp-content\/uploads\/2022\/01\/Logo_Organisator_Website.png","width":800,"height":77,"caption":"Organisator"},"image":{"@id":"https:\/\/www.organisator.ch\/#\/schema\/logo\/image\/"},"sameAs":["https:\/\/www.facebook.com\/OrganisatorFachmagazin","https:\/\/www.linkedin.com\/showcase\/organisator-das-magazin-fr-kmu","https:\/\/www.xing.com\/news\/pages\/organisator-ch-695","https:\/\/www.youtube.com\/channel\/UCGP2Sq0iWaZwT3BdIAQFYpw"]},{"@type":"Person","@id":"https:\/\/www.organisator.ch\/#\/schema\/person\/6f650f90b2842cd4c0cc334b4e36f67e","name":"thomas.berner","image":{"@type":"ImageObject","inLanguage":"de","@id":"https:\/\/secure.gravatar.com\/avatar\/ac5001d2a36cb6c6cd3e50789007ffca834b477b74a2144564522e944eabff61?s=96&d=mm&r=g","url":"https:\/\/secure.gravatar.com\/avatar\/ac5001d2a36cb6c6cd3e50789007ffca834b477b74a2144564522e944eabff61?s=96&d=mm&r=g","contentUrl":"https:\/\/secure.gravatar.com\/avatar\/ac5001d2a36cb6c6cd3e50789007ffca834b477b74a2144564522e944eabff61?s=96&d=mm&r=g","caption":"thomas.berner"},"url":"https:\/\/www.organisator.ch\/de\/author\/thomas-berner\/"}]}},"_links":{"self":[{"href":"https:\/\/www.organisator.ch\/de\/wp-json\/wp\/v2\/posts\/2705","targetHints":{"allow":["GET"]}}],"collection":[{"href":"https:\/\/www.organisator.ch\/de\/wp-json\/wp\/v2\/posts"}],"about":[{"href":"https:\/\/www.organisator.ch\/de\/wp-json\/wp\/v2\/types\/post"}],"author":[{"embeddable":true,"href":"https:\/\/www.organisator.ch\/de\/wp-json\/wp\/v2\/users\/4"}],"replies":[{"embeddable":true,"href":"https:\/\/www.organisator.ch\/de\/wp-json\/wp\/v2\/comments?post=2705"}],"version-history":[{"count":0,"href":"https:\/\/www.organisator.ch\/de\/wp-json\/wp\/v2\/posts\/2705\/revisions"}],"wp:featuredmedia":[{"embeddable":true,"href":"https:\/\/www.organisator.ch\/de\/wp-json\/wp\/v2\/media\/2706"}],"wp:attachment":[{"href":"https:\/\/www.organisator.ch\/de\/wp-json\/wp\/v2\/media?parent=2705"}],"wp:term":[{"taxonomy":"category","embeddable":true,"href":"https:\/\/www.organisator.ch\/de\/wp-json\/wp\/v2\/categories?post=2705"},{"taxonomy":"post_tag","embeddable":true,"href":"https:\/\/www.organisator.ch\/de\/wp-json\/wp\/v2\/tags?post=2705"}],"curies":[{"name":"wp","href":"https:\/\/api.w.org\/{rel}","templated":true}]}}