{"id":2714,"date":"2020-01-07T18:07:39","date_gmt":"2020-01-07T17:07:39","guid":{"rendered":"https:\/\/www.umweltperspektiven.ch\/?p=2714"},"modified":"2022-02-09T11:10:01","modified_gmt":"2022-02-09T10:10:01","slug":"ifat-environmental-leadership-award","status":"publish","type":"post","link":"https:\/\/www.organisator.ch\/de\/sustainability\/2020-01-07\/ifat-environmental-leadership-award\/","title":{"rendered":"IFAT Environmental Leadership Award"},"content":{"rendered":"<p>&nbsp;<\/p>\n<figure id=\"attachment_2715\" aria-describedby=\"caption-attachment-2715\" style=\"width: 680px\" class=\"wp-caption alignnone\"><img loading=\"lazy\" decoding=\"async\" class=\"size-medium wp-image-2715\" src=\"\/\/www.umweltperspektiven.ch\/wp-content\/uploads\/2020\/01\/image-factory.media_.messe-muenchen.jpg\" alt=\"\" width=\"680\" height=\"453\" \/><figcaption id=\"caption-attachment-2715\" class=\"wp-caption-text\">Die Rolle als Weltleitmesse bedeutet auch, Verantwortung zu \u00fcbernehmen. (Bild_Copyright: IFAT)<\/figcaption><\/figure>\n<p>Der IFAT Environmental Leadership Award wird erst anfangs Mai 2020 verliehen. Auf der IFAT werden vision\u00e4re Technologien und intelligente L\u00f6sungen der Wasser-, Abwasser-, Abfall- und Rohstoffwirtschaft pr\u00e4sentiert. Die Innovationen der Aussteller liefern einen entscheidenden Beitrag f\u00fcr nachhaltige Kreislaufwirtschaft.\u00a0Die beteiligten Aussteller an der IFAT k\u00f6nnen sich noch bewerben.<\/p>\n<p>Das Gesamtkonzept eines nachhaltigen Messeauftritts wird durch eine Jury unter dem Vorsitz von Prof. Dr. Martin Faulstich, Professor f\u00fcr Umwelt- und Energietechnik an der Technischen Universit\u00e4t Clausthal, Direktor des INZIN \u2013 Institut f\u00fcr die Zukunft der Industriegesellschaft e.V. und ehemaliger Vorsitzender des Sachverst\u00e4ndigenrates f\u00fcr Umweltfragen \u2013 bewertet.<\/p>\n<div>\n<div>\n<div>\n<p>Freuen Sie sich auf eine \u00f6ffentlichkeitswirksame Preisverleihung und lassen Sie sich f\u00fcr Ihren umweltfreundlichen Messeauftritt feiern! Durch die Ehrung beginnen Sie die Messetage als Vorbild und hochdekorierter Aussteller.<\/p>\n<\/div>\n<\/div>\n<\/div>\n<p><strong>Wer darf teilnehmen?<\/strong><\/p>\n<div>\n<div>\n<div>\n<div>\n<div>\n<ul>\n<li>Alle Hauptaussteller<\/li>\n<li>Alle Organisatoren von Gemeinschaftsst\u00e4nden der IFAT 2020<\/li>\n<\/ul>\n<\/div>\n<\/div>\n<\/div>\n<\/div>\n<\/div>\n<p>Die Pr\u00e4mierung und Auszeichnung des nachhaltigsten Messekonzeptes wird\u00a0<strong>im Rahmen der Er\u00f6ffnungsveranstaltung der IFAT am 4. Mai 2020<\/strong>\u00a0vorgenommen. Aus allen Beteiligungen nominieren wir zehn nachhaltige Konzepte, von denen es drei bis ins Finale schaffen.<\/p>\n<p><strong>Nachhaltige Weltleitmesse\u00a0<\/strong><\/p>\n<div>\n<div>\n<div>\n<div>\n<p>Die Rolle als Weltleitmesse bedeutet auch, Verantwortung zu \u00fcbernehmen. Das reicht von der Auswahl der Materialien, dem Umgang mit Abfall bis zur Motivation der Aussteller und Besucher.<\/p>\n<p>Der Beitrag der Messe M\u00fcnchen:<\/p>\n<\/div>\n<\/div>\n<\/div>\n<div>\n<div>\n<div>\n<div>\n<div>\n<ul>\n<li>2.500 B\u00e4ume auf dem Messegel\u00e4nde als Ausgleich f\u00fcr CO2-Emissionen<\/li>\n<li>35.000 m2 begr\u00fcnte Hallend\u00e4cher<\/li>\n<li>Eine der weltweit gr\u00f6ssten Photovoltaik-Aufdachanlagen, um umweltfreundlichen Strom zu produzieren<\/li>\n<li>Gewinnung eines Grossteils der W\u00e4rme f\u00fcr die Messehallen mit Geothermie<\/li>\n<li>Umstellung auf 100% \u00d6kostrom ab 2020<\/li>\n<li>Bespeisung des Messesees mit Regen- und Grundwasser<\/li>\n<li>Ansiedlung von Bienenv\u00f6lkern auf dem Messegel\u00e4nde<\/li>\n<li>Sehr gute Anbindung des Messegel\u00e4ndes an den \u00d6PNV<\/li>\n<li>50 Parkpl\u00e4tze mit E-Lades\u00e4ulen<\/li>\n<\/ul>\n<p>\u201eUnser zuk\u00fcnftiges Handeln steht auf dem Fundament der Nachhaltigkeit. Es ist nicht nur ein Vorhaben, es ist unsere Haltung. Sie soll Grundlage f\u00fcr unsere Entscheidungen und Handlungen sein\u201c, meint Philipp Eisenmann, IFAT Projektleiter.<\/p>\n<footer><\/footer>\n<\/div>\n<\/div>\n<footer><a href=\"\/\/www.ifat.de\">http:\/\/www.ifat.de<\/a><\/footer>\n<\/div>\n<\/div>\n<\/div>\n<\/div>\n","protected":false},"excerpt":{"rendered":"<p>&nbsp; Der IFAT Environmental Leadership Award wird erst anfangs Mai 2020 verliehen. Auf der IFAT werden vision\u00e4re Technologien und intelligente L\u00f6sungen der Wasser-, Abwasser-, Abfall- und Rohstoffwirtschaft pr\u00e4sentiert. Die Innovationen der Aussteller liefern einen entscheidenden Beitrag f\u00fcr nachhaltige Kreislaufwirtschaft.\u00a0Die beteiligten Aussteller an der IFAT k\u00f6nnen sich noch bewerben. Das Gesamtkonzept eines nachhaltigen Messeauftritts wird durch [&hellip;]<\/p>\n","protected":false},"author":5,"featured_media":9667,"comment_status":"closed","ping_status":"closed","sticky":false,"template":"","format":"standard","meta":{"_acf_changed":false,"_yoast_wpseo_focuskw":"IFAT Environmental Leadership Award","_yoast_wpseo_metadesc":"Werden Sie zum Preistr\u00e4ger des IFAT Environmental Leadership Award. Die Weltleitmesse steht ganz im Zeichen der Nachhaltigkeit.","articlekey":"","footnotes":""},"categories":[580],"tags":[65,1392,320,502,2548],"class_list":["post-2714","post","type-post","status-publish","format-standard","has-post-thumbnail","hentry","category-sustainability","tag-award","tag-ifat","tag-leadership","tag-veranstaltungen","tag-weltleitmesse"],"acf":[],"yoast_head":"<!-- This site is optimized with the Yoast SEO plugin v27.4 - https:\/\/yoast.com\/product\/yoast-seo-wordpress\/ -->\n<title>IFAT Environmental Leadership Award - Organisator<\/title>\n<meta name=\"description\" content=\"Werden Sie zum Preistr\u00e4ger des IFAT Environmental Leadership Award. Die Weltleitmesse steht ganz im Zeichen der Nachhaltigkeit.\" \/>\n<meta name=\"robots\" content=\"index, follow, max-snippet:-1, max-image-preview:large, max-video-preview:-1\" \/>\n<link rel=\"canonical\" href=\"https:\/\/www.organisator.ch\/de\/sustainability\/2020-01-07\/ifat-environmental-leadership-award\/\" \/>\n<meta property=\"og:locale\" content=\"de_DE\" \/>\n<meta property=\"og:type\" content=\"article\" \/>\n<meta property=\"og:title\" content=\"IFAT Environmental Leadership Award - Organisator\" \/>\n<meta property=\"og:description\" content=\"Werden Sie zum Preistr\u00e4ger des IFAT Environmental Leadership Award. Die Weltleitmesse steht ganz im Zeichen der Nachhaltigkeit.\" \/>\n<meta property=\"og:url\" content=\"https:\/\/www.organisator.ch\/de\/sustainability\/2020-01-07\/ifat-environmental-leadership-award\/\" \/>\n<meta property=\"og:site_name\" content=\"Organisator\" \/>\n<meta property=\"article:publisher\" content=\"https:\/\/www.facebook.com\/OrganisatorFachmagazin\" \/>\n<meta property=\"article:published_time\" content=\"2020-01-07T17:07:39+00:00\" \/>\n<meta property=\"article:modified_time\" content=\"2022-02-09T10:10:01+00:00\" \/>\n<meta property=\"og:image\" content=\"https:\/\/www.organisator.ch\/wp-content\/uploads\/2020\/01\/image-factory.media_.messe-muenchen.jpg\" \/>\n\t<meta property=\"og:image:width\" content=\"1200\" \/>\n\t<meta property=\"og:image:height\" content=\"799\" \/>\n\t<meta property=\"og:image:type\" content=\"image\/jpeg\" \/>\n<meta name=\"author\" content=\"michael.merz\" \/>\n<meta name=\"twitter:card\" content=\"summary_large_image\" \/>\n<script type=\"application\/ld+json\" class=\"yoast-schema-graph\">{\"@context\":\"https:\\\/\\\/schema.org\",\"@graph\":[{\"@type\":\"Article\",\"@id\":\"https:\\\/\\\/www.organisator.ch\\\/sustainability\\\/2020-01-07\\\/ifat-environmental-leadership-award\\\/#article\",\"isPartOf\":{\"@id\":\"https:\\\/\\\/www.organisator.ch\\\/sustainability\\\/2020-01-07\\\/ifat-environmental-leadership-award\\\/\"},\"author\":{\"name\":\"michael.merz\",\"@id\":\"https:\\\/\\\/www.organisator.ch\\\/#\\\/schema\\\/person\\\/134708ca9321c57b0362cceb7948ffbd\"},\"headline\":\"IFAT Environmental Leadership Award\",\"datePublished\":\"2020-01-07T17:07:39+00:00\",\"dateModified\":\"2022-02-09T10:10:01+00:00\",\"mainEntityOfPage\":{\"@id\":\"https:\\\/\\\/www.organisator.ch\\\/sustainability\\\/2020-01-07\\\/ifat-environmental-leadership-award\\\/\"},\"wordCount\":350,\"publisher\":{\"@id\":\"https:\\\/\\\/www.organisator.ch\\\/#organization\"},\"image\":{\"@id\":\"https:\\\/\\\/www.organisator.ch\\\/sustainability\\\/2020-01-07\\\/ifat-environmental-leadership-award\\\/#primaryimage\"},\"thumbnailUrl\":\"https:\\\/\\\/www.organisator.ch\\\/wp-content\\\/uploads\\\/2020\\\/01\\\/image-factory.media_.messe-muenchen.jpg\",\"keywords\":[\"Award\",\"IFAT\",\"Leadership\",\"Veranstaltungen\",\"Weltleitmesse\"],\"articleSection\":[\"SUSTAINABILITY\"],\"inLanguage\":\"de\"},{\"@type\":\"WebPage\",\"@id\":\"https:\\\/\\\/www.organisator.ch\\\/sustainability\\\/2020-01-07\\\/ifat-environmental-leadership-award\\\/\",\"url\":\"https:\\\/\\\/www.organisator.ch\\\/sustainability\\\/2020-01-07\\\/ifat-environmental-leadership-award\\\/\",\"name\":\"IFAT Environmental Leadership Award - Organisator\",\"isPartOf\":{\"@id\":\"https:\\\/\\\/www.organisator.ch\\\/#website\"},\"primaryImageOfPage\":{\"@id\":\"https:\\\/\\\/www.organisator.ch\\\/sustainability\\\/2020-01-07\\\/ifat-environmental-leadership-award\\\/#primaryimage\"},\"image\":{\"@id\":\"https:\\\/\\\/www.organisator.ch\\\/sustainability\\\/2020-01-07\\\/ifat-environmental-leadership-award\\\/#primaryimage\"},\"thumbnailUrl\":\"https:\\\/\\\/www.organisator.ch\\\/wp-content\\\/uploads\\\/2020\\\/01\\\/image-factory.media_.messe-muenchen.jpg\",\"datePublished\":\"2020-01-07T17:07:39+00:00\",\"dateModified\":\"2022-02-09T10:10:01+00:00\",\"description\":\"Werden Sie zum Preistr\u00e4ger des IFAT Environmental Leadership Award. Die Weltleitmesse steht ganz im Zeichen der Nachhaltigkeit.\",\"breadcrumb\":{\"@id\":\"https:\\\/\\\/www.organisator.ch\\\/sustainability\\\/2020-01-07\\\/ifat-environmental-leadership-award\\\/#breadcrumb\"},\"inLanguage\":\"de\",\"potentialAction\":[{\"@type\":\"ReadAction\",\"target\":[\"https:\\\/\\\/www.organisator.ch\\\/sustainability\\\/2020-01-07\\\/ifat-environmental-leadership-award\\\/\"]}]},{\"@type\":\"ImageObject\",\"inLanguage\":\"de\",\"@id\":\"https:\\\/\\\/www.organisator.ch\\\/sustainability\\\/2020-01-07\\\/ifat-environmental-leadership-award\\\/#primaryimage\",\"url\":\"https:\\\/\\\/www.organisator.ch\\\/wp-content\\\/uploads\\\/2020\\\/01\\\/image-factory.media_.messe-muenchen.jpg\",\"contentUrl\":\"https:\\\/\\\/www.organisator.ch\\\/wp-content\\\/uploads\\\/2020\\\/01\\\/image-factory.media_.messe-muenchen.jpg\",\"width\":1200,\"height\":799,\"caption\":\"Die Rolle als Weltleitmesse bedeutet auch, Verantwortung zu \u00fcbernehmen. (Bild_Copyright: IFAT)\"},{\"@type\":\"BreadcrumbList\",\"@id\":\"https:\\\/\\\/www.organisator.ch\\\/sustainability\\\/2020-01-07\\\/ifat-environmental-leadership-award\\\/#breadcrumb\",\"itemListElement\":[{\"@type\":\"ListItem\",\"position\":1,\"name\":\"Home\",\"item\":\"https:\\\/\\\/www.organisator.ch\\\/\"},{\"@type\":\"ListItem\",\"position\":2,\"name\":\"IFAT Environmental Leadership Award\"}]},{\"@type\":\"WebSite\",\"@id\":\"https:\\\/\\\/www.organisator.ch\\\/#website\",\"url\":\"https:\\\/\\\/www.organisator.ch\\\/\",\"name\":\"Organisator\",\"description\":\"Kompetent. Praxisnah. Der ORGANISATOR bereitet in 10 Ausgaben pro Jahr die wesentlichen Themen f\u00fcr F\u00fchrungskr\u00e4fte von KMU auf.\",\"publisher\":{\"@id\":\"https:\\\/\\\/www.organisator.ch\\\/#organization\"},\"potentialAction\":[{\"@type\":\"SearchAction\",\"target\":{\"@type\":\"EntryPoint\",\"urlTemplate\":\"https:\\\/\\\/www.organisator.ch\\\/?s={search_term_string}\"},\"query-input\":{\"@type\":\"PropertyValueSpecification\",\"valueRequired\":true,\"valueName\":\"search_term_string\"}}],\"inLanguage\":\"de\"},{\"@type\":\"Organization\",\"@id\":\"https:\\\/\\\/www.organisator.ch\\\/#organization\",\"name\":\"Organisator\",\"url\":\"https:\\\/\\\/www.organisator.ch\\\/\",\"logo\":{\"@type\":\"ImageObject\",\"inLanguage\":\"de\",\"@id\":\"https:\\\/\\\/www.organisator.ch\\\/#\\\/schema\\\/logo\\\/image\\\/\",\"url\":\"https:\\\/\\\/www.organisator.ch\\\/wp-content\\\/uploads\\\/2022\\\/01\\\/Logo_Organisator_Website.png\",\"contentUrl\":\"https:\\\/\\\/www.organisator.ch\\\/wp-content\\\/uploads\\\/2022\\\/01\\\/Logo_Organisator_Website.png\",\"width\":800,\"height\":77,\"caption\":\"Organisator\"},\"image\":{\"@id\":\"https:\\\/\\\/www.organisator.ch\\\/#\\\/schema\\\/logo\\\/image\\\/\"},\"sameAs\":[\"https:\\\/\\\/www.facebook.com\\\/OrganisatorFachmagazin\",\"https:\\\/\\\/www.linkedin.com\\\/showcase\\\/organisator-das-magazin-fr-kmu\",\"https:\\\/\\\/www.xing.com\\\/news\\\/pages\\\/organisator-ch-695\",\"https:\\\/\\\/www.youtube.com\\\/channel\\\/UCGP2Sq0iWaZwT3BdIAQFYpw\"]},{\"@type\":\"Person\",\"@id\":\"https:\\\/\\\/www.organisator.ch\\\/#\\\/schema\\\/person\\\/134708ca9321c57b0362cceb7948ffbd\",\"name\":\"michael.merz\",\"image\":{\"@type\":\"ImageObject\",\"inLanguage\":\"de\",\"@id\":\"https:\\\/\\\/secure.gravatar.com\\\/avatar\\\/?s=96&d=mm&r=g\",\"url\":\"https:\\\/\\\/secure.gravatar.com\\\/avatar\\\/?s=96&d=mm&r=g\",\"contentUrl\":\"https:\\\/\\\/secure.gravatar.com\\\/avatar\\\/?s=96&d=mm&r=g\",\"caption\":\"michael.merz\"},\"url\":\"https:\\\/\\\/www.organisator.ch\\\/de\\\/author\\\/michael-merz\\\/\"}]}<\/script>\n<!-- \/ Yoast SEO plugin. -->","yoast_head_json":{"title":"IFAT Environmental Leadership Award - Organisator","description":"Werden Sie zum Preistr\u00e4ger des IFAT Environmental Leadership Award. Die Weltleitmesse steht ganz im Zeichen der Nachhaltigkeit.","robots":{"index":"index","follow":"follow","max-snippet":"max-snippet:-1","max-image-preview":"max-image-preview:large","max-video-preview":"max-video-preview:-1"},"canonical":"https:\/\/www.organisator.ch\/de\/sustainability\/2020-01-07\/ifat-environmental-leadership-award\/","og_locale":"de_DE","og_type":"article","og_title":"IFAT Environmental Leadership Award - Organisator","og_description":"Werden Sie zum Preistr\u00e4ger des IFAT Environmental Leadership Award. Die Weltleitmesse steht ganz im Zeichen der Nachhaltigkeit.","og_url":"https:\/\/www.organisator.ch\/de\/sustainability\/2020-01-07\/ifat-environmental-leadership-award\/","og_site_name":"Organisator","article_publisher":"https:\/\/www.facebook.com\/OrganisatorFachmagazin","article_published_time":"2020-01-07T17:07:39+00:00","article_modified_time":"2022-02-09T10:10:01+00:00","og_image":[{"width":1200,"height":799,"url":"https:\/\/www.organisator.ch\/wp-content\/uploads\/2020\/01\/image-factory.media_.messe-muenchen.jpg","type":"image\/jpeg"}],"author":"michael.merz","twitter_card":"summary_large_image","schema":{"@context":"https:\/\/schema.org","@graph":[{"@type":"Article","@id":"https:\/\/www.organisator.ch\/sustainability\/2020-01-07\/ifat-environmental-leadership-award\/#article","isPartOf":{"@id":"https:\/\/www.organisator.ch\/sustainability\/2020-01-07\/ifat-environmental-leadership-award\/"},"author":{"name":"michael.merz","@id":"https:\/\/www.organisator.ch\/#\/schema\/person\/134708ca9321c57b0362cceb7948ffbd"},"headline":"IFAT Environmental Leadership Award","datePublished":"2020-01-07T17:07:39+00:00","dateModified":"2022-02-09T10:10:01+00:00","mainEntityOfPage":{"@id":"https:\/\/www.organisator.ch\/sustainability\/2020-01-07\/ifat-environmental-leadership-award\/"},"wordCount":350,"publisher":{"@id":"https:\/\/www.organisator.ch\/#organization"},"image":{"@id":"https:\/\/www.organisator.ch\/sustainability\/2020-01-07\/ifat-environmental-leadership-award\/#primaryimage"},"thumbnailUrl":"https:\/\/www.organisator.ch\/wp-content\/uploads\/2020\/01\/image-factory.media_.messe-muenchen.jpg","keywords":["Award","IFAT","Leadership","Veranstaltungen","Weltleitmesse"],"articleSection":["SUSTAINABILITY"],"inLanguage":"de"},{"@type":"WebPage","@id":"https:\/\/www.organisator.ch\/sustainability\/2020-01-07\/ifat-environmental-leadership-award\/","url":"https:\/\/www.organisator.ch\/sustainability\/2020-01-07\/ifat-environmental-leadership-award\/","name":"IFAT Environmental Leadership Award - Organisator","isPartOf":{"@id":"https:\/\/www.organisator.ch\/#website"},"primaryImageOfPage":{"@id":"https:\/\/www.organisator.ch\/sustainability\/2020-01-07\/ifat-environmental-leadership-award\/#primaryimage"},"image":{"@id":"https:\/\/www.organisator.ch\/sustainability\/2020-01-07\/ifat-environmental-leadership-award\/#primaryimage"},"thumbnailUrl":"https:\/\/www.organisator.ch\/wp-content\/uploads\/2020\/01\/image-factory.media_.messe-muenchen.jpg","datePublished":"2020-01-07T17:07:39+00:00","dateModified":"2022-02-09T10:10:01+00:00","description":"Werden Sie zum Preistr\u00e4ger des IFAT Environmental Leadership Award. Die Weltleitmesse steht ganz im Zeichen der Nachhaltigkeit.","breadcrumb":{"@id":"https:\/\/www.organisator.ch\/sustainability\/2020-01-07\/ifat-environmental-leadership-award\/#breadcrumb"},"inLanguage":"de","potentialAction":[{"@type":"ReadAction","target":["https:\/\/www.organisator.ch\/sustainability\/2020-01-07\/ifat-environmental-leadership-award\/"]}]},{"@type":"ImageObject","inLanguage":"de","@id":"https:\/\/www.organisator.ch\/sustainability\/2020-01-07\/ifat-environmental-leadership-award\/#primaryimage","url":"https:\/\/www.organisator.ch\/wp-content\/uploads\/2020\/01\/image-factory.media_.messe-muenchen.jpg","contentUrl":"https:\/\/www.organisator.ch\/wp-content\/uploads\/2020\/01\/image-factory.media_.messe-muenchen.jpg","width":1200,"height":799,"caption":"Die Rolle als Weltleitmesse bedeutet auch, Verantwortung zu \u00fcbernehmen. (Bild_Copyright: IFAT)"},{"@type":"BreadcrumbList","@id":"https:\/\/www.organisator.ch\/sustainability\/2020-01-07\/ifat-environmental-leadership-award\/#breadcrumb","itemListElement":[{"@type":"ListItem","position":1,"name":"Home","item":"https:\/\/www.organisator.ch\/"},{"@type":"ListItem","position":2,"name":"IFAT Environmental Leadership Award"}]},{"@type":"WebSite","@id":"https:\/\/www.organisator.ch\/#website","url":"https:\/\/www.organisator.ch\/","name":"Organisator","description":"Kompetent. Praxisnah. Der ORGANISATOR bereitet in 10 Ausgaben pro Jahr die wesentlichen Themen f\u00fcr F\u00fchrungskr\u00e4fte von KMU auf.","publisher":{"@id":"https:\/\/www.organisator.ch\/#organization"},"potentialAction":[{"@type":"SearchAction","target":{"@type":"EntryPoint","urlTemplate":"https:\/\/www.organisator.ch\/?s={search_term_string}"},"query-input":{"@type":"PropertyValueSpecification","valueRequired":true,"valueName":"search_term_string"}}],"inLanguage":"de"},{"@type":"Organization","@id":"https:\/\/www.organisator.ch\/#organization","name":"Organisator","url":"https:\/\/www.organisator.ch\/","logo":{"@type":"ImageObject","inLanguage":"de","@id":"https:\/\/www.organisator.ch\/#\/schema\/logo\/image\/","url":"https:\/\/www.organisator.ch\/wp-content\/uploads\/2022\/01\/Logo_Organisator_Website.png","contentUrl":"https:\/\/www.organisator.ch\/wp-content\/uploads\/2022\/01\/Logo_Organisator_Website.png","width":800,"height":77,"caption":"Organisator"},"image":{"@id":"https:\/\/www.organisator.ch\/#\/schema\/logo\/image\/"},"sameAs":["https:\/\/www.facebook.com\/OrganisatorFachmagazin","https:\/\/www.linkedin.com\/showcase\/organisator-das-magazin-fr-kmu","https:\/\/www.xing.com\/news\/pages\/organisator-ch-695","https:\/\/www.youtube.com\/channel\/UCGP2Sq0iWaZwT3BdIAQFYpw"]},{"@type":"Person","@id":"https:\/\/www.organisator.ch\/#\/schema\/person\/134708ca9321c57b0362cceb7948ffbd","name":"michael.merz","image":{"@type":"ImageObject","inLanguage":"de","@id":"https:\/\/secure.gravatar.com\/avatar\/?s=96&d=mm&r=g","url":"https:\/\/secure.gravatar.com\/avatar\/?s=96&d=mm&r=g","contentUrl":"https:\/\/secure.gravatar.com\/avatar\/?s=96&d=mm&r=g","caption":"michael.merz"},"url":"https:\/\/www.organisator.ch\/de\/author\/michael-merz\/"}]}},"_links":{"self":[{"href":"https:\/\/www.organisator.ch\/de\/wp-json\/wp\/v2\/posts\/2714","targetHints":{"allow":["GET"]}}],"collection":[{"href":"https:\/\/www.organisator.ch\/de\/wp-json\/wp\/v2\/posts"}],"about":[{"href":"https:\/\/www.organisator.ch\/de\/wp-json\/wp\/v2\/types\/post"}],"author":[{"embeddable":true,"href":"https:\/\/www.organisator.ch\/de\/wp-json\/wp\/v2\/users\/5"}],"replies":[{"embeddable":true,"href":"https:\/\/www.organisator.ch\/de\/wp-json\/wp\/v2\/comments?post=2714"}],"version-history":[{"count":1,"href":"https:\/\/www.organisator.ch\/de\/wp-json\/wp\/v2\/posts\/2714\/revisions"}],"predecessor-version":[{"id":10858,"href":"https:\/\/www.organisator.ch\/de\/wp-json\/wp\/v2\/posts\/2714\/revisions\/10858"}],"wp:featuredmedia":[{"embeddable":true,"href":"https:\/\/www.organisator.ch\/de\/wp-json\/wp\/v2\/media\/9667"}],"wp:attachment":[{"href":"https:\/\/www.organisator.ch\/de\/wp-json\/wp\/v2\/media?parent=2714"}],"wp:term":[{"taxonomy":"category","embeddable":true,"href":"https:\/\/www.organisator.ch\/de\/wp-json\/wp\/v2\/categories?post=2714"},{"taxonomy":"post_tag","embeddable":true,"href":"https:\/\/www.organisator.ch\/de\/wp-json\/wp\/v2\/tags?post=2714"}],"curies":[{"name":"wp","href":"https:\/\/api.w.org\/{rel}","templated":true}]}}