{"id":27157,"date":"2024-05-17T13:35:13","date_gmt":"2024-05-17T11:35:13","guid":{"rendered":"https:\/\/www.organisator.ch\/?p=27157"},"modified":"2024-05-17T13:35:13","modified_gmt":"2024-05-17T11:35:13","slug":"jeder-zehnte-neue-lastwagen-mit-alternativ-antrieb","status":"publish","type":"post","link":"https:\/\/www.organisator.ch\/de\/sustainability\/2024-05-17\/jeder-zehnte-neue-lastwagen-mit-alternativ-antrieb\/","title":{"rendered":"Jeder zehnte neue Lastwagen mit Alternativ-Antrieb"},"content":{"rendered":"<figure id=\"attachment_27158\" aria-describedby=\"caption-attachment-27158\" style=\"width: 680px\" class=\"wp-caption alignnone\"><img loading=\"lazy\" decoding=\"async\" class=\"size-full wp-image-27158\" src=\"https:\/\/www.organisator.ch\/wp-content\/uploads\/2024\/05\/Auto-Schweiz_Bild1_ps.jpg\" alt=\"\" width=\"680\" height=\"452\" srcset=\"https:\/\/www.organisator.ch\/wp-content\/uploads\/2024\/05\/Auto-Schweiz_Bild1_ps.jpg 680w, https:\/\/www.organisator.ch\/wp-content\/uploads\/2024\/05\/Auto-Schweiz_Bild1_ps-18x12.jpg 18w, https:\/\/www.organisator.ch\/wp-content\/uploads\/2024\/05\/Auto-Schweiz_Bild1_ps-375x249.jpg 375w, https:\/\/www.organisator.ch\/wp-content\/uploads\/2024\/05\/Auto-Schweiz_Bild1_ps-527x350.jpg 527w\" sizes=\"auto, (max-width: 680px) 100vw, 680px\" \/><figcaption id=\"caption-attachment-27158\" class=\"wp-caption-text\">Trotz der konjunkturell schwierigen Lage scheint der Bedarf nach Transportleistung und zus\u00e4tzlichen Fahrzeugen derzeit ungebrochen. (Bild: www.depositphotos.com)<\/figcaption><\/figure>\n<p>Die schweren Nutzfahrzeuge erreichten in den ersten vier Monaten des Jahres 1&#8217;607 Neuzulassungen, 202 oder 14,4 Prozent mehr als zum gleichen Zeitpunkt vor einem Jahr. Wie die Auswertungen von auto-schweiz zeigen, w\u00e4chst dabei der Anteil an alternativen Antriebssystemen sp\u00fcrbar. So verf\u00fcgen 20 dieser neuen Lastwagen \u00fcber eine Gas-Motorisierung, sogar 133 fahren vollelektrisch und kommen damit auf einen Anteil von 8,3 Prozent. Zum Vergleich: Im Gesamtjahr 2023 kamen E-Lastwagen auf einen Marktanteil von 8,8 Prozent (383 von 4&#8217;369), bis Ende 2024 sollte dieser Wert \u00fcbertroffen werden k\u00f6nnen.<\/p>\n<p>Christoph Wolnik, stellvertretender Direktor von auto-schweiz, ordnet die Entwicklung ein: &#8222;Elektrisch angetriebene Lastwagen sind ein zunehmendes Ph\u00e4nomen auf unseren Strassen. Das Angebot der Nutzfahrzeug-Importeure wird verst\u00e4rkt von den Transportunternehmen nachgefragt, emissionsfreie Logistik von immer mehr Auftraggebern gefordert. Damit dieses erfreuliche Wachstum seine Fortsetzung findet, muss dringend das verf\u00fcgbare Schnellladenetz f\u00fcr E-Trucks ausgebaut werden. Dies hat nicht zuletzt die Studie von EBP gezeigt, die auto-schweiz als Teil einer Projektgruppe im November 2023 vorgestellt hat. Diese hat einen mittelfristigen Bedarf von 15 Schnellladehubs entlang der Haupttransportrouten zu Tage gef\u00f6rdert.&#8220; auto-schweiz sei hier im Gespr\u00e4ch mit zahlreichen Partnern, um hier m\u00f6glichst rasch den Aufbau eines Pilotprojektes realisieren zu k\u00f6nnen, so Christoph Wolnik.<\/p>\n<p>Auch bei den leichten Nutzfahrzeugen (Lieferwagen und leichte Sattelschlepper) war in den ersten vier Monaten des Jahres 2024 eine verst\u00e4rkte Nachfrage zu sp\u00fcren. Nach 9&#8217;248 Inverkehrsetzungen im ersten Trimester 2023 stieg die Zahl nunmehr um 15 Prozent auf 10&#8217;634. Elektrisch angetriebene Lieferwagen machten mit 658 St\u00fcck 6,2 Prozent aller Neuzulassungen aus, ihre Zahl ging im Jahresvergleich etwas zur\u00fcck (2023: 981).<\/p>\n<p>Die Zahl der neuen Personentransportfahrzeuge liegt per Ende April bei 2&#8217;533, ein Plus zum Vorjahr von 51 oder 2,1 Prozent. Die hier dominierenden Wohnmobile machen allein 2&#8217;227 dieser Neuzulassungen aus, sie k\u00f6nnen im Jahresvergleich um 5,1 Prozent zulegen und bleiben damit auch lange nach der Covid-Pandemie sehr gefragt.<\/p>\n<p>Zusammen mit den 77&#8217;264 neuen Personenwagen sind von Januar bis April 2024 in der Schweiz und im F\u00fcrstentum Liechtenstein insgesamt 92&#8217;038 neue Motorfahrzeuge in Verkehr gesetzt worden. Im Vergleich zum Vorjahreswert von 90&#8217;104 stellt dies einen Zuwachs um 1&#8217;934 Neuimmatrikulationen oder 2,1 Prozent dar.<\/p>\n<p><em>Quelle: <a href=\"https:\/\/www.auto.swiss\/\">www.auto.swiss<\/a><\/em><\/p>\n","protected":false},"excerpt":{"rendered":"<p>Der Schweizer Markt f\u00fcr neue Nutzfahrzeuge f\u00e4hrt weiterhin auf der \u00dcberholspur. Zwischen Januar und April sind die Neuimmatrikulationen von Sachen- und Personen-Transportfahrzeugen in der Schweiz und im F\u00fcrstentum Liechtenstein um 12,4 Prozent auf 14&#8217;774 gestiegen. <\/p>\n","protected":false},"author":58,"featured_media":27158,"comment_status":"closed","ping_status":"closed","sticky":false,"template":"","format":"standard","meta":{"_acf_changed":false,"_yoast_wpseo_focuskw":"Alternativ-Antrieb","_yoast_wpseo_metadesc":"Zwischen Januar und April sind die Neuimmatrikulationen von Sachen- und Personen-Transportfahrzeugen in der Schweiz und im F\u00fcrstentum Liechtenstein um 12,4 Prozent auf 14'774 gestiegen.","articlekey":"","footnotes":""},"categories":[580],"tags":[697,1787,424],"class_list":["post-27157","post","type-post","status-publish","format-standard","has-post-thumbnail","hentry","category-sustainability","tag-alternative-antriebe","tag-nachhaltigkeit","tag-schweiz"],"acf":[],"yoast_head":"<!-- This site is optimized with the Yoast SEO plugin v27.5 - https:\/\/yoast.com\/product\/yoast-seo-wordpress\/ -->\n<title>Jeder zehnte neue Lastwagen mit Alternativ-Antrieb - Organisator<\/title>\n<meta name=\"description\" content=\"Zwischen Januar und April sind die Neuimmatrikulationen von Sachen- und Personen-Transportfahrzeugen in der Schweiz und im F\u00fcrstentum Liechtenstein um 12,4 Prozent auf 14&#039;774 gestiegen.\" \/>\n<meta name=\"robots\" content=\"index, follow, max-snippet:-1, max-image-preview:large, max-video-preview:-1\" \/>\n<link rel=\"canonical\" href=\"https:\/\/www.organisator.ch\/de\/sustainability\/2024-05-17\/jeder-zehnte-neue-lastwagen-mit-alternativ-antrieb\/\" \/>\n<meta property=\"og:locale\" content=\"de_DE\" \/>\n<meta property=\"og:type\" content=\"article\" \/>\n<meta property=\"og:title\" content=\"Jeder zehnte neue Lastwagen mit Alternativ-Antrieb\" \/>\n<meta property=\"og:description\" content=\"Zwischen Januar und April sind die Neuimmatrikulationen von Sachen- und Personen-Transportfahrzeugen in der Schweiz und im F\u00fcrstentum Liechtenstein um 12,4 Prozent auf 14&#039;774 gestiegen.\" \/>\n<meta property=\"og:url\" content=\"https:\/\/www.organisator.ch\/de\/sustainability\/2024-05-17\/jeder-zehnte-neue-lastwagen-mit-alternativ-antrieb\/\" \/>\n<meta property=\"og:site_name\" content=\"Organisator\" \/>\n<meta property=\"article:publisher\" content=\"https:\/\/www.facebook.com\/OrganisatorFachmagazin\" \/>\n<meta property=\"article:published_time\" content=\"2024-05-17T11:35:13+00:00\" \/>\n<meta property=\"og:image\" content=\"https:\/\/www.organisator.ch\/wp-content\/uploads\/2024\/05\/Auto-Schweiz_Bild1_ps.jpg\" \/>\n\t<meta property=\"og:image:width\" content=\"680\" \/>\n\t<meta property=\"og:image:height\" content=\"452\" \/>\n\t<meta property=\"og:image:type\" content=\"image\/jpeg\" \/>\n<meta name=\"author\" content=\"Adelisa Kalajdzini\" \/>\n<meta name=\"twitter:card\" content=\"summary_large_image\" \/>\n<meta name=\"twitter:title\" content=\"Jeder zehnte neue Lastwagen mit Alternativ-Antrieb\" \/>\n<meta name=\"twitter:description\" content=\"Zwischen Januar und April sind die #Neuimmatrikulationen von Sachen- und Personen-#Transportfahrzeugen in der #Schweiz und im F\u00fcrstentum Liechtenstein um 12,4 Prozent auf 14&#039;774 #gestiegen.\" \/>\n<meta name=\"twitter:image\" content=\"https:\/\/www.organisator.ch\/wp-content\/uploads\/2024\/05\/Auto-Schweiz_Bild1_ps.jpg\" \/>\n<script type=\"application\/ld+json\" class=\"yoast-schema-graph\">{\"@context\":\"https:\\\/\\\/schema.org\",\"@graph\":[{\"@type\":\"Article\",\"@id\":\"https:\\\/\\\/www.organisator.ch\\\/sustainability\\\/2024-05-17\\\/jeder-zehnte-neue-lastwagen-mit-alternativ-antrieb\\\/#article\",\"isPartOf\":{\"@id\":\"https:\\\/\\\/www.organisator.ch\\\/sustainability\\\/2024-05-17\\\/jeder-zehnte-neue-lastwagen-mit-alternativ-antrieb\\\/\"},\"author\":{\"name\":\"Adelisa Kalajdzini\",\"@id\":\"https:\\\/\\\/www.organisator.ch\\\/#\\\/schema\\\/person\\\/2e1314a2172123f874db408d8911d3f3\"},\"headline\":\"Jeder zehnte neue Lastwagen mit Alternativ-Antrieb\",\"datePublished\":\"2024-05-17T11:35:13+00:00\",\"mainEntityOfPage\":{\"@id\":\"https:\\\/\\\/www.organisator.ch\\\/sustainability\\\/2024-05-17\\\/jeder-zehnte-neue-lastwagen-mit-alternativ-antrieb\\\/\"},\"wordCount\":369,\"publisher\":{\"@id\":\"https:\\\/\\\/www.organisator.ch\\\/#organization\"},\"image\":{\"@id\":\"https:\\\/\\\/www.organisator.ch\\\/sustainability\\\/2024-05-17\\\/jeder-zehnte-neue-lastwagen-mit-alternativ-antrieb\\\/#primaryimage\"},\"thumbnailUrl\":\"https:\\\/\\\/www.organisator.ch\\\/wp-content\\\/uploads\\\/2024\\\/05\\\/Auto-Schweiz_Bild1_ps.jpg\",\"keywords\":[\"Alternative Antriebe\",\"Nachhaltigkeit\",\"Schweiz\"],\"articleSection\":[\"SUSTAINABILITY\"],\"inLanguage\":\"de\"},{\"@type\":\"WebPage\",\"@id\":\"https:\\\/\\\/www.organisator.ch\\\/sustainability\\\/2024-05-17\\\/jeder-zehnte-neue-lastwagen-mit-alternativ-antrieb\\\/\",\"url\":\"https:\\\/\\\/www.organisator.ch\\\/sustainability\\\/2024-05-17\\\/jeder-zehnte-neue-lastwagen-mit-alternativ-antrieb\\\/\",\"name\":\"Jeder zehnte neue Lastwagen mit Alternativ-Antrieb - Organisator\",\"isPartOf\":{\"@id\":\"https:\\\/\\\/www.organisator.ch\\\/#website\"},\"primaryImageOfPage\":{\"@id\":\"https:\\\/\\\/www.organisator.ch\\\/sustainability\\\/2024-05-17\\\/jeder-zehnte-neue-lastwagen-mit-alternativ-antrieb\\\/#primaryimage\"},\"image\":{\"@id\":\"https:\\\/\\\/www.organisator.ch\\\/sustainability\\\/2024-05-17\\\/jeder-zehnte-neue-lastwagen-mit-alternativ-antrieb\\\/#primaryimage\"},\"thumbnailUrl\":\"https:\\\/\\\/www.organisator.ch\\\/wp-content\\\/uploads\\\/2024\\\/05\\\/Auto-Schweiz_Bild1_ps.jpg\",\"datePublished\":\"2024-05-17T11:35:13+00:00\",\"description\":\"Zwischen Januar und April sind die Neuimmatrikulationen von Sachen- und Personen-Transportfahrzeugen in der Schweiz und im F\u00fcrstentum Liechtenstein um 12,4 Prozent auf 14'774 gestiegen.\",\"breadcrumb\":{\"@id\":\"https:\\\/\\\/www.organisator.ch\\\/sustainability\\\/2024-05-17\\\/jeder-zehnte-neue-lastwagen-mit-alternativ-antrieb\\\/#breadcrumb\"},\"inLanguage\":\"de\",\"potentialAction\":[{\"@type\":\"ReadAction\",\"target\":[\"https:\\\/\\\/www.organisator.ch\\\/sustainability\\\/2024-05-17\\\/jeder-zehnte-neue-lastwagen-mit-alternativ-antrieb\\\/\"]}]},{\"@type\":\"ImageObject\",\"inLanguage\":\"de\",\"@id\":\"https:\\\/\\\/www.organisator.ch\\\/sustainability\\\/2024-05-17\\\/jeder-zehnte-neue-lastwagen-mit-alternativ-antrieb\\\/#primaryimage\",\"url\":\"https:\\\/\\\/www.organisator.ch\\\/wp-content\\\/uploads\\\/2024\\\/05\\\/Auto-Schweiz_Bild1_ps.jpg\",\"contentUrl\":\"https:\\\/\\\/www.organisator.ch\\\/wp-content\\\/uploads\\\/2024\\\/05\\\/Auto-Schweiz_Bild1_ps.jpg\",\"width\":680,\"height\":452,\"caption\":\"Trotz der konjunkturell schwierigen Lage scheint der Bedarf nach Transportleistung und zus\u00e4tzlichen Fahrzeugen derzeit ungebrochen. (Bild: www.depositphotos.com)\"},{\"@type\":\"BreadcrumbList\",\"@id\":\"https:\\\/\\\/www.organisator.ch\\\/sustainability\\\/2024-05-17\\\/jeder-zehnte-neue-lastwagen-mit-alternativ-antrieb\\\/#breadcrumb\",\"itemListElement\":[{\"@type\":\"ListItem\",\"position\":1,\"name\":\"Home\",\"item\":\"https:\\\/\\\/www.organisator.ch\\\/\"},{\"@type\":\"ListItem\",\"position\":2,\"name\":\"Jeder zehnte neue Lastwagen mit Alternativ-Antrieb\"}]},{\"@type\":\"WebSite\",\"@id\":\"https:\\\/\\\/www.organisator.ch\\\/#website\",\"url\":\"https:\\\/\\\/www.organisator.ch\\\/\",\"name\":\"Organisator\",\"description\":\"Kompetent. Praxisnah. Der ORGANISATOR bereitet in 10 Ausgaben pro Jahr die wesentlichen Themen f\u00fcr F\u00fchrungskr\u00e4fte von KMU auf.\",\"publisher\":{\"@id\":\"https:\\\/\\\/www.organisator.ch\\\/#organization\"},\"potentialAction\":[{\"@type\":\"SearchAction\",\"target\":{\"@type\":\"EntryPoint\",\"urlTemplate\":\"https:\\\/\\\/www.organisator.ch\\\/?s={search_term_string}\"},\"query-input\":{\"@type\":\"PropertyValueSpecification\",\"valueRequired\":true,\"valueName\":\"search_term_string\"}}],\"inLanguage\":\"de\"},{\"@type\":\"Organization\",\"@id\":\"https:\\\/\\\/www.organisator.ch\\\/#organization\",\"name\":\"Organisator\",\"url\":\"https:\\\/\\\/www.organisator.ch\\\/\",\"logo\":{\"@type\":\"ImageObject\",\"inLanguage\":\"de\",\"@id\":\"https:\\\/\\\/www.organisator.ch\\\/#\\\/schema\\\/logo\\\/image\\\/\",\"url\":\"https:\\\/\\\/www.organisator.ch\\\/wp-content\\\/uploads\\\/2022\\\/01\\\/Logo_Organisator_Website.png\",\"contentUrl\":\"https:\\\/\\\/www.organisator.ch\\\/wp-content\\\/uploads\\\/2022\\\/01\\\/Logo_Organisator_Website.png\",\"width\":800,\"height\":77,\"caption\":\"Organisator\"},\"image\":{\"@id\":\"https:\\\/\\\/www.organisator.ch\\\/#\\\/schema\\\/logo\\\/image\\\/\"},\"sameAs\":[\"https:\\\/\\\/www.facebook.com\\\/OrganisatorFachmagazin\",\"https:\\\/\\\/www.linkedin.com\\\/showcase\\\/organisator-das-magazin-fr-kmu\",\"https:\\\/\\\/www.xing.com\\\/news\\\/pages\\\/organisator-ch-695\",\"https:\\\/\\\/www.youtube.com\\\/channel\\\/UCGP2Sq0iWaZwT3BdIAQFYpw\"]},{\"@type\":\"Person\",\"@id\":\"https:\\\/\\\/www.organisator.ch\\\/#\\\/schema\\\/person\\\/2e1314a2172123f874db408d8911d3f3\",\"name\":\"Adelisa Kalajdzini\",\"image\":{\"@type\":\"ImageObject\",\"inLanguage\":\"de\",\"@id\":\"https:\\\/\\\/secure.gravatar.com\\\/avatar\\\/09a397c22ac58cad6f160ee8306348599df9df58a8ede73696226897b9fa4b24?s=96&d=mm&r=g\",\"url\":\"https:\\\/\\\/secure.gravatar.com\\\/avatar\\\/09a397c22ac58cad6f160ee8306348599df9df58a8ede73696226897b9fa4b24?s=96&d=mm&r=g\",\"contentUrl\":\"https:\\\/\\\/secure.gravatar.com\\\/avatar\\\/09a397c22ac58cad6f160ee8306348599df9df58a8ede73696226897b9fa4b24?s=96&d=mm&r=g\",\"caption\":\"Adelisa Kalajdzini\"},\"url\":\"https:\\\/\\\/www.organisator.ch\\\/de\\\/author\\\/adelisa-kalajdzini\\\/\"}]}<\/script>\n<!-- \/ Yoast SEO plugin. -->","yoast_head_json":{"title":"Jeder zehnte neue Lastwagen mit Alternativ-Antrieb - Organisator","description":"Zwischen Januar und April sind die Neuimmatrikulationen von Sachen- und Personen-Transportfahrzeugen in der Schweiz und im F\u00fcrstentum Liechtenstein um 12,4 Prozent auf 14'774 gestiegen.","robots":{"index":"index","follow":"follow","max-snippet":"max-snippet:-1","max-image-preview":"max-image-preview:large","max-video-preview":"max-video-preview:-1"},"canonical":"https:\/\/www.organisator.ch\/de\/sustainability\/2024-05-17\/jeder-zehnte-neue-lastwagen-mit-alternativ-antrieb\/","og_locale":"de_DE","og_type":"article","og_title":"Jeder zehnte neue Lastwagen mit Alternativ-Antrieb","og_description":"Zwischen Januar und April sind die Neuimmatrikulationen von Sachen- und Personen-Transportfahrzeugen in der Schweiz und im F\u00fcrstentum Liechtenstein um 12,4 Prozent auf 14'774 gestiegen.","og_url":"https:\/\/www.organisator.ch\/de\/sustainability\/2024-05-17\/jeder-zehnte-neue-lastwagen-mit-alternativ-antrieb\/","og_site_name":"Organisator","article_publisher":"https:\/\/www.facebook.com\/OrganisatorFachmagazin","article_published_time":"2024-05-17T11:35:13+00:00","og_image":[{"width":680,"height":452,"url":"https:\/\/www.organisator.ch\/wp-content\/uploads\/2024\/05\/Auto-Schweiz_Bild1_ps.jpg","type":"image\/jpeg"}],"author":"Adelisa Kalajdzini","twitter_card":"summary_large_image","twitter_title":"Jeder zehnte neue Lastwagen mit Alternativ-Antrieb","twitter_description":"Zwischen Januar und April sind die #Neuimmatrikulationen von Sachen- und Personen-#Transportfahrzeugen in der #Schweiz und im F\u00fcrstentum Liechtenstein um 12,4 Prozent auf 14'774 #gestiegen.","twitter_image":"https:\/\/www.organisator.ch\/wp-content\/uploads\/2024\/05\/Auto-Schweiz_Bild1_ps.jpg","schema":{"@context":"https:\/\/schema.org","@graph":[{"@type":"Article","@id":"https:\/\/www.organisator.ch\/sustainability\/2024-05-17\/jeder-zehnte-neue-lastwagen-mit-alternativ-antrieb\/#article","isPartOf":{"@id":"https:\/\/www.organisator.ch\/sustainability\/2024-05-17\/jeder-zehnte-neue-lastwagen-mit-alternativ-antrieb\/"},"author":{"name":"Adelisa Kalajdzini","@id":"https:\/\/www.organisator.ch\/#\/schema\/person\/2e1314a2172123f874db408d8911d3f3"},"headline":"Jeder zehnte neue Lastwagen mit Alternativ-Antrieb","datePublished":"2024-05-17T11:35:13+00:00","mainEntityOfPage":{"@id":"https:\/\/www.organisator.ch\/sustainability\/2024-05-17\/jeder-zehnte-neue-lastwagen-mit-alternativ-antrieb\/"},"wordCount":369,"publisher":{"@id":"https:\/\/www.organisator.ch\/#organization"},"image":{"@id":"https:\/\/www.organisator.ch\/sustainability\/2024-05-17\/jeder-zehnte-neue-lastwagen-mit-alternativ-antrieb\/#primaryimage"},"thumbnailUrl":"https:\/\/www.organisator.ch\/wp-content\/uploads\/2024\/05\/Auto-Schweiz_Bild1_ps.jpg","keywords":["Alternative Antriebe","Nachhaltigkeit","Schweiz"],"articleSection":["SUSTAINABILITY"],"inLanguage":"de"},{"@type":"WebPage","@id":"https:\/\/www.organisator.ch\/sustainability\/2024-05-17\/jeder-zehnte-neue-lastwagen-mit-alternativ-antrieb\/","url":"https:\/\/www.organisator.ch\/sustainability\/2024-05-17\/jeder-zehnte-neue-lastwagen-mit-alternativ-antrieb\/","name":"Jeder zehnte neue Lastwagen mit Alternativ-Antrieb - Organisator","isPartOf":{"@id":"https:\/\/www.organisator.ch\/#website"},"primaryImageOfPage":{"@id":"https:\/\/www.organisator.ch\/sustainability\/2024-05-17\/jeder-zehnte-neue-lastwagen-mit-alternativ-antrieb\/#primaryimage"},"image":{"@id":"https:\/\/www.organisator.ch\/sustainability\/2024-05-17\/jeder-zehnte-neue-lastwagen-mit-alternativ-antrieb\/#primaryimage"},"thumbnailUrl":"https:\/\/www.organisator.ch\/wp-content\/uploads\/2024\/05\/Auto-Schweiz_Bild1_ps.jpg","datePublished":"2024-05-17T11:35:13+00:00","description":"Zwischen Januar und April sind die Neuimmatrikulationen von Sachen- und Personen-Transportfahrzeugen in der Schweiz und im F\u00fcrstentum Liechtenstein um 12,4 Prozent auf 14'774 gestiegen.","breadcrumb":{"@id":"https:\/\/www.organisator.ch\/sustainability\/2024-05-17\/jeder-zehnte-neue-lastwagen-mit-alternativ-antrieb\/#breadcrumb"},"inLanguage":"de","potentialAction":[{"@type":"ReadAction","target":["https:\/\/www.organisator.ch\/sustainability\/2024-05-17\/jeder-zehnte-neue-lastwagen-mit-alternativ-antrieb\/"]}]},{"@type":"ImageObject","inLanguage":"de","@id":"https:\/\/www.organisator.ch\/sustainability\/2024-05-17\/jeder-zehnte-neue-lastwagen-mit-alternativ-antrieb\/#primaryimage","url":"https:\/\/www.organisator.ch\/wp-content\/uploads\/2024\/05\/Auto-Schweiz_Bild1_ps.jpg","contentUrl":"https:\/\/www.organisator.ch\/wp-content\/uploads\/2024\/05\/Auto-Schweiz_Bild1_ps.jpg","width":680,"height":452,"caption":"Trotz der konjunkturell schwierigen Lage scheint der Bedarf nach Transportleistung und zus\u00e4tzlichen Fahrzeugen derzeit ungebrochen. (Bild: www.depositphotos.com)"},{"@type":"BreadcrumbList","@id":"https:\/\/www.organisator.ch\/sustainability\/2024-05-17\/jeder-zehnte-neue-lastwagen-mit-alternativ-antrieb\/#breadcrumb","itemListElement":[{"@type":"ListItem","position":1,"name":"Home","item":"https:\/\/www.organisator.ch\/"},{"@type":"ListItem","position":2,"name":"Jeder zehnte neue Lastwagen mit Alternativ-Antrieb"}]},{"@type":"WebSite","@id":"https:\/\/www.organisator.ch\/#website","url":"https:\/\/www.organisator.ch\/","name":"Organisator","description":"Kompetent. Praxisnah. Der ORGANISATOR bereitet in 10 Ausgaben pro Jahr die wesentlichen Themen f\u00fcr F\u00fchrungskr\u00e4fte von KMU auf.","publisher":{"@id":"https:\/\/www.organisator.ch\/#organization"},"potentialAction":[{"@type":"SearchAction","target":{"@type":"EntryPoint","urlTemplate":"https:\/\/www.organisator.ch\/?s={search_term_string}"},"query-input":{"@type":"PropertyValueSpecification","valueRequired":true,"valueName":"search_term_string"}}],"inLanguage":"de"},{"@type":"Organization","@id":"https:\/\/www.organisator.ch\/#organization","name":"Organisator","url":"https:\/\/www.organisator.ch\/","logo":{"@type":"ImageObject","inLanguage":"de","@id":"https:\/\/www.organisator.ch\/#\/schema\/logo\/image\/","url":"https:\/\/www.organisator.ch\/wp-content\/uploads\/2022\/01\/Logo_Organisator_Website.png","contentUrl":"https:\/\/www.organisator.ch\/wp-content\/uploads\/2022\/01\/Logo_Organisator_Website.png","width":800,"height":77,"caption":"Organisator"},"image":{"@id":"https:\/\/www.organisator.ch\/#\/schema\/logo\/image\/"},"sameAs":["https:\/\/www.facebook.com\/OrganisatorFachmagazin","https:\/\/www.linkedin.com\/showcase\/organisator-das-magazin-fr-kmu","https:\/\/www.xing.com\/news\/pages\/organisator-ch-695","https:\/\/www.youtube.com\/channel\/UCGP2Sq0iWaZwT3BdIAQFYpw"]},{"@type":"Person","@id":"https:\/\/www.organisator.ch\/#\/schema\/person\/2e1314a2172123f874db408d8911d3f3","name":"Adelisa Kalajdzini","image":{"@type":"ImageObject","inLanguage":"de","@id":"https:\/\/secure.gravatar.com\/avatar\/09a397c22ac58cad6f160ee8306348599df9df58a8ede73696226897b9fa4b24?s=96&d=mm&r=g","url":"https:\/\/secure.gravatar.com\/avatar\/09a397c22ac58cad6f160ee8306348599df9df58a8ede73696226897b9fa4b24?s=96&d=mm&r=g","contentUrl":"https:\/\/secure.gravatar.com\/avatar\/09a397c22ac58cad6f160ee8306348599df9df58a8ede73696226897b9fa4b24?s=96&d=mm&r=g","caption":"Adelisa Kalajdzini"},"url":"https:\/\/www.organisator.ch\/de\/author\/adelisa-kalajdzini\/"}]}},"_links":{"self":[{"href":"https:\/\/www.organisator.ch\/de\/wp-json\/wp\/v2\/posts\/27157","targetHints":{"allow":["GET"]}}],"collection":[{"href":"https:\/\/www.organisator.ch\/de\/wp-json\/wp\/v2\/posts"}],"about":[{"href":"https:\/\/www.organisator.ch\/de\/wp-json\/wp\/v2\/types\/post"}],"author":[{"embeddable":true,"href":"https:\/\/www.organisator.ch\/de\/wp-json\/wp\/v2\/users\/58"}],"replies":[{"embeddable":true,"href":"https:\/\/www.organisator.ch\/de\/wp-json\/wp\/v2\/comments?post=27157"}],"version-history":[{"count":4,"href":"https:\/\/www.organisator.ch\/de\/wp-json\/wp\/v2\/posts\/27157\/revisions"}],"predecessor-version":[{"id":27174,"href":"https:\/\/www.organisator.ch\/de\/wp-json\/wp\/v2\/posts\/27157\/revisions\/27174"}],"wp:featuredmedia":[{"embeddable":true,"href":"https:\/\/www.organisator.ch\/de\/wp-json\/wp\/v2\/media\/27158"}],"wp:attachment":[{"href":"https:\/\/www.organisator.ch\/de\/wp-json\/wp\/v2\/media?parent=27157"}],"wp:term":[{"taxonomy":"category","embeddable":true,"href":"https:\/\/www.organisator.ch\/de\/wp-json\/wp\/v2\/categories?post=27157"},{"taxonomy":"post_tag","embeddable":true,"href":"https:\/\/www.organisator.ch\/de\/wp-json\/wp\/v2\/tags?post=27157"}],"curies":[{"name":"wp","href":"https:\/\/api.w.org\/{rel}","templated":true}]}}