{"id":27187,"date":"2024-05-22T09:53:12","date_gmt":"2024-05-22T07:53:12","guid":{"rendered":"https:\/\/www.m-q.ch\/?p=19768"},"modified":"2024-11-11T05:54:16","modified_gmt":"2024-11-11T04:54:16","slug":"schweiz-in-europa-fuehrend-bei-nutzung-von-ki-am-arbeitsplatz","status":"publish","type":"post","link":"https:\/\/www.organisator.ch\/de\/operational-excellence\/2024-05-22\/schweiz-in-europa-fuehrend-bei-nutzung-von-ki-am-arbeitsplatz\/","title":{"rendered":"Schweiz in Europa f\u00fchrend bei Nutzung von KI am Arbeitsplatz"},"content":{"rendered":"<figure id=\"attachment_19770\" class=\"wp-caption alignnone\" style=\"width: 680px\" aria-describedby=\"caption-attachment-19770\"><img class=\"alignnone wp-image-19770 size-full\" src=\"https:\/\/www.organisator.ch\/wp-content\/uploads\/2023\/04\/Digitalagentur-jkweb-setzt-ihren-Wachstumskurs-fort_Organisator.png\" alt=\"Michael Page\" width=\"680\" height=\"438\" \/>\r\n<figcaption id=\"caption-attachment-19770\" class=\"wp-caption-text\">Fast drei von f\u00fcnf Befragten waren der Meinung, dass die KI ihre langfristigen Karrierepl\u00e4ne beeinflussen wird. (Bild: www.depositphotos.com)<\/figcaption>\r\n<\/figure>\r\n<p>Diese Ergebnisse best\u00e4tigen die Resultate der Michael Page Candidate Pulse Study. In dieser gaben \u00fcber zwei Drittel der Arbeitnehmer (69 %) an, dass sie \u00fcberzeugt sind, dass sich KI positiv auf ihre Karriere auswirken wird. Dabei m\u00f6chten 80 Prozent der Mitarbeitenden mehr \u00fcber KI lernen, um ihre Produktivit\u00e4t zu steigern und sich an neue Aufgaben anzupassen.<\/p>\r\n<h3><strong>Grosse Unterschiede in der Erwartung seitens Arbeitgeber und -nehmer <\/strong><\/h3>\r\n<p>Fast drei von f\u00fcnf Befragten waren der Meinung, dass die KI ihre langfristigen Karrierepl\u00e4ne beeinflussen wird \u2013 der h\u00f6chste Wert in Europa. Je j\u00fcnger die Arbeitnehmer, desto bedeutender sch\u00e4tzten diese die Bedeutung der KI f\u00fcr die Gestaltung ihrer Karrierepl\u00e4ne ein. Das Interesse, mehr \u00fcber KI zu erfahren, um in Zukunft effektiver zu arbeiten, war alters\u00fcbergreifend.<\/p>\r\n<p>Weiter zeigt die Studie, dass es wichtig f\u00fcr die Akzeptanz von KI auf der Arbeit ist, wenn Arbeitgeber offen \u00fcber den geplanten Einsatz von KI und die m\u00f6glichen Auswirkungen reden. Es ist unabdingbar, auf die Bedenken der Mitarbeitenden hinsichtlich des ethischen Einsatzes von KI einzugehen, wie beispielsweise der Umgang mit Datenschutz- und Urheberrechtsfragen. Da der Einsatz von KI je nach Branche und Art des Arbeitsplatzes variiert, m\u00fcssen Arbeitgeber individuell aufzeigen k\u00f6nnen, wie KI in bestimmten Bereichen des Unternehmens von Vorteil sein kann und welche Vorteile f\u00fcr die Arbeitnehmer zu erwarten sind.<\/p>\r\n<p>\u00abUnsere Studien und die t\u00e4gliche Interaktion mit Bewerbern zeigen, dass sie von den Arbeitgebern erwarten, dass sie dar\u00fcber sprechen, welche KI-gesteuerten Tools im Unternehmen zur Verf\u00fcgung stehen. Viele Arbeitgeber gehen jedoch nicht proaktiv auf die KI-Integrationsstrategien ihrer Unternehmen ein, was zu einer Erwartungsl\u00fccke f\u00fchrt\u00bb, sagt Yannick Coulange, Managing Director der Page Group Schweiz.<\/p>\r\n<h3><strong>Entscheidend ist der Umgang mit den Erwartungen in Bezug auf Flexibilit\u00e4t und Lohn <\/strong><\/h3>\r\n<p>Geringere Flexibilit\u00e4t in Verbindung mit Lohnunzufriedenheit ist einer der Hauptgr\u00fcnde daf\u00fcr, dass fast 60 Prozent der Arbeitnehmenden in der Schweiz aktiv nach einer neuen Stelle suchen. Dies ist auch eine der Hauptursachen f\u00fcr den Anstieg von tempor\u00e4ren und befristeten Arbeitsvertr\u00e4gen, die laut dem Michael Page Swiss Job Index vom April 2024 zehn Prozent aller ausgeschriebenen Stellen ausmachen.<\/p>\r\n<p>Die Talent Trends Studie zeigt, dass Flexibilit\u00e4t und Work-Life-Balance die entscheidenden Faktoren bei der Wahl eines Arbeitgebers sind. 69 Prozent der Schweizer Arbeitnehmer arbeiten hybrid. Das sind 17 Prozent mehr als der europ\u00e4ische Durchschnitt. Mehr als ein Drittel (37 %) verbringt heute mehr Zeit im B\u00fcro als noch vor einem Jahr, vor allem aufgrund von \u00c4nderungen in der Unternehmenspolitik. Diese eingeschr\u00e4nkte Flexibilit\u00e4t hat zu Spannungen zwischen Arbeitnehmern und -gebern gef\u00fchrt, die versuchen, das Operative mit den W\u00fcnschen Arbeitnehmern in Einklang zu bringen.<\/p>\r\n<p>\u00abInmitten von globalen Herausforderungen wie hoher Inflation, unsicherer Volkswirtschaften und rasantem technologischen Fortschritt, bleibt die Arbeitswelt weiter im Umbruch. Unser Talent Trend Report 2024 macht deutlich, dass es die Kluft zwischen Arbeitnehmererwartungen und Arbeitgeberbed\u00fcrfnisse zu \u00fcberbr\u00fccken gilt, um diese Herausforderungen zu meistern. Es ist wichtig, dem offenen Dialog und einer gemeinschaftlichen Probleml\u00f6sung Vorrang einzur\u00e4umen. Durch die F\u00f6rderung einer Kultur des gegenseitigen Verst\u00e4ndnisses und der Anpassungsf\u00e4higkeit k\u00f6nnen sowohl die Unternehmen als auch ihre Mitarbeiter in dieser sich rasch ver\u00e4ndernden Landschaft erfolgreich sein\u00bb, sagt Nicholas Kirk, CEO der PageGroup.<\/p>\r\n<p><em>Quelle: <a href=\"http:\/\/www.michaelpage.ch\/\">www.michaelpage.ch<\/a><\/em><\/p>\n<p class=\"syndicated-attribution\">Dieser Beitrag erschien urspr\u00fcnglich auf m-q.ch - <a href=\"https:\/\/www.m-q.ch\/de\/schweiz-in-europa-fuehrend-bei-nutzung-von-ki-am-arbeitsplatz\/\" target=\"_blank\">https:\/\/www.m-q.ch\/de\/schweiz-in-europa-fuehrend-bei-nutzung-von-ki-am-arbeitsplatz\/<\/a><\/p>","protected":false},"excerpt":{"rendered":"<p>In Michael Pages Talent Trends 2024 haben 32 Prozent der Schweizer Arbeitnehmer angegeben, k\u00fcnstliche Intelligenz (KI) in ihrem Beruf einzusetzen. Der europ\u00e4ische Durchschnitt liegt bei 23 Prozent. Die Nutzung von KI war in den Bereichen Technologie, Wirtschaft und Finanzdienstleistungen am gr\u00f6ssten.<\/p>\n","protected":false},"author":58,"featured_media":0,"comment_status":"closed","ping_status":"closed","sticky":false,"template":"","format":"standard","meta":{"_acf_changed":false,"_yoast_wpseo_focuskw":"Michael Page","_yoast_wpseo_metadesc":"Studie zeigt: KI beeinflusst langfristige Karrierepl\u00e4ne. Wichtig sind Flexibilit\u00e4t, offener Dialog und Mitarbeiterschulung.","articlekey":"","footnotes":""},"categories":[582],"tags":[319,605,424,487,492],"class_list":["post-27187","post","type-post","status-publish","format-standard","hentry","category-operational-excellence","tag-kuenstliche-intelligenz","tag-qualitaetsmanagement","tag-schweiz","tag-umfrage","tag-unternehmen"],"acf":[],"yoast_head":"<!-- This site is optimized with the Yoast SEO plugin v27.4 - https:\/\/yoast.com\/product\/yoast-seo-wordpress\/ -->\n<title>Schweiz in Europa f\u00fchrend bei Nutzung von KI am Arbeitsplatz - Organisator<\/title>\n<meta name=\"description\" content=\"Studie zeigt: KI beeinflusst langfristige Karrierepl\u00e4ne. Wichtig sind Flexibilit\u00e4t, offener Dialog und Mitarbeiterschulung.\" \/>\n<meta name=\"robots\" content=\"index, follow, max-snippet:-1, max-image-preview:large, max-video-preview:-1\" \/>\n<link rel=\"canonical\" href=\"https:\/\/www.organisator.ch\/de\/operational-excellence\/2024-05-22\/schweiz-in-europa-fuehrend-bei-nutzung-von-ki-am-arbeitsplatz\/\" \/>\n<meta property=\"og:locale\" content=\"de_DE\" \/>\n<meta property=\"og:type\" content=\"article\" \/>\n<meta property=\"og:title\" content=\"Schweiz in Europa f\u00fchrend bei Nutzung von KI am Arbeitsplatz - Organisator\" \/>\n<meta property=\"og:description\" content=\"Studie zeigt: KI beeinflusst langfristige Karrierepl\u00e4ne. Wichtig sind Flexibilit\u00e4t, offener Dialog und Mitarbeiterschulung.\" \/>\n<meta property=\"og:url\" content=\"https:\/\/www.organisator.ch\/de\/operational-excellence\/2024-05-22\/schweiz-in-europa-fuehrend-bei-nutzung-von-ki-am-arbeitsplatz\/\" \/>\n<meta property=\"og:site_name\" content=\"Organisator\" \/>\n<meta property=\"article:publisher\" content=\"https:\/\/www.facebook.com\/OrganisatorFachmagazin\" \/>\n<meta property=\"article:published_time\" content=\"2024-05-22T07:53:12+00:00\" \/>\n<meta property=\"article:modified_time\" content=\"2024-11-11T04:54:16+00:00\" \/>\n<meta property=\"og:image\" content=\"https:\/\/www.organisator.ch\/wp-content\/uploads\/2023\/04\/Digitalagentur-jkweb-setzt-ihren-Wachstumskurs-fort_Organisator.png\" \/>\n<meta name=\"author\" content=\"Adelisa Kalajdzini\" \/>\n<meta name=\"twitter:card\" content=\"summary_large_image\" \/>\n<script type=\"application\/ld+json\" class=\"yoast-schema-graph\">{\"@context\":\"https:\\\/\\\/schema.org\",\"@graph\":[{\"@type\":\"Article\",\"@id\":\"https:\\\/\\\/www.organisator.ch\\\/operational-excellence\\\/2024-05-22\\\/schweiz-in-europa-fuehrend-bei-nutzung-von-ki-am-arbeitsplatz\\\/#article\",\"isPartOf\":{\"@id\":\"https:\\\/\\\/www.organisator.ch\\\/operational-excellence\\\/2024-05-22\\\/schweiz-in-europa-fuehrend-bei-nutzung-von-ki-am-arbeitsplatz\\\/\"},\"author\":{\"name\":\"Adelisa Kalajdzini\",\"@id\":\"https:\\\/\\\/www.organisator.ch\\\/#\\\/schema\\\/person\\\/2e1314a2172123f874db408d8911d3f3\"},\"headline\":\"Schweiz in Europa f\u00fchrend bei Nutzung von KI am Arbeitsplatz\",\"datePublished\":\"2024-05-22T07:53:12+00:00\",\"dateModified\":\"2024-11-11T04:54:16+00:00\",\"mainEntityOfPage\":{\"@id\":\"https:\\\/\\\/www.organisator.ch\\\/operational-excellence\\\/2024-05-22\\\/schweiz-in-europa-fuehrend-bei-nutzung-von-ki-am-arbeitsplatz\\\/\"},\"wordCount\":573,\"publisher\":{\"@id\":\"https:\\\/\\\/www.organisator.ch\\\/#organization\"},\"image\":{\"@id\":\"https:\\\/\\\/www.organisator.ch\\\/operational-excellence\\\/2024-05-22\\\/schweiz-in-europa-fuehrend-bei-nutzung-von-ki-am-arbeitsplatz\\\/#primaryimage\"},\"thumbnailUrl\":\"https:\\\/\\\/www.organisator.ch\\\/wp-content\\\/uploads\\\/2023\\\/04\\\/Digitalagentur-jkweb-setzt-ihren-Wachstumskurs-fort_Organisator.png\",\"keywords\":[\"K\u00fcnstliche Intelligenz\",\"Qualit\u00e4tsmanagement\",\"Schweiz\",\"Umfrage\",\"Unternehmen\"],\"articleSection\":[\"OPERATIONAL EXCELLENCE\"],\"inLanguage\":\"de\"},{\"@type\":\"WebPage\",\"@id\":\"https:\\\/\\\/www.organisator.ch\\\/operational-excellence\\\/2024-05-22\\\/schweiz-in-europa-fuehrend-bei-nutzung-von-ki-am-arbeitsplatz\\\/\",\"url\":\"https:\\\/\\\/www.organisator.ch\\\/operational-excellence\\\/2024-05-22\\\/schweiz-in-europa-fuehrend-bei-nutzung-von-ki-am-arbeitsplatz\\\/\",\"name\":\"Schweiz in Europa f\u00fchrend bei Nutzung von KI am Arbeitsplatz - Organisator\",\"isPartOf\":{\"@id\":\"https:\\\/\\\/www.organisator.ch\\\/#website\"},\"primaryImageOfPage\":{\"@id\":\"https:\\\/\\\/www.organisator.ch\\\/operational-excellence\\\/2024-05-22\\\/schweiz-in-europa-fuehrend-bei-nutzung-von-ki-am-arbeitsplatz\\\/#primaryimage\"},\"image\":{\"@id\":\"https:\\\/\\\/www.organisator.ch\\\/operational-excellence\\\/2024-05-22\\\/schweiz-in-europa-fuehrend-bei-nutzung-von-ki-am-arbeitsplatz\\\/#primaryimage\"},\"thumbnailUrl\":\"https:\\\/\\\/www.organisator.ch\\\/wp-content\\\/uploads\\\/2023\\\/04\\\/Digitalagentur-jkweb-setzt-ihren-Wachstumskurs-fort_Organisator.png\",\"datePublished\":\"2024-05-22T07:53:12+00:00\",\"dateModified\":\"2024-11-11T04:54:16+00:00\",\"description\":\"Studie zeigt: KI beeinflusst langfristige Karrierepl\u00e4ne. Wichtig sind Flexibilit\u00e4t, offener Dialog und Mitarbeiterschulung.\",\"breadcrumb\":{\"@id\":\"https:\\\/\\\/www.organisator.ch\\\/operational-excellence\\\/2024-05-22\\\/schweiz-in-europa-fuehrend-bei-nutzung-von-ki-am-arbeitsplatz\\\/#breadcrumb\"},\"inLanguage\":\"de\",\"potentialAction\":[{\"@type\":\"ReadAction\",\"target\":[\"https:\\\/\\\/www.organisator.ch\\\/operational-excellence\\\/2024-05-22\\\/schweiz-in-europa-fuehrend-bei-nutzung-von-ki-am-arbeitsplatz\\\/\"]}]},{\"@type\":\"ImageObject\",\"inLanguage\":\"de\",\"@id\":\"https:\\\/\\\/www.organisator.ch\\\/operational-excellence\\\/2024-05-22\\\/schweiz-in-europa-fuehrend-bei-nutzung-von-ki-am-arbeitsplatz\\\/#primaryimage\",\"url\":\"https:\\\/\\\/www.organisator.ch\\\/wp-content\\\/uploads\\\/2023\\\/04\\\/Digitalagentur-jkweb-setzt-ihren-Wachstumskurs-fort_Organisator.png\",\"contentUrl\":\"https:\\\/\\\/www.organisator.ch\\\/wp-content\\\/uploads\\\/2023\\\/04\\\/Digitalagentur-jkweb-setzt-ihren-Wachstumskurs-fort_Organisator.png\"},{\"@type\":\"BreadcrumbList\",\"@id\":\"https:\\\/\\\/www.organisator.ch\\\/operational-excellence\\\/2024-05-22\\\/schweiz-in-europa-fuehrend-bei-nutzung-von-ki-am-arbeitsplatz\\\/#breadcrumb\",\"itemListElement\":[{\"@type\":\"ListItem\",\"position\":1,\"name\":\"Home\",\"item\":\"https:\\\/\\\/www.organisator.ch\\\/\"},{\"@type\":\"ListItem\",\"position\":2,\"name\":\"Schweiz in Europa f\u00fchrend bei Nutzung von KI am Arbeitsplatz\"}]},{\"@type\":\"WebSite\",\"@id\":\"https:\\\/\\\/www.organisator.ch\\\/#website\",\"url\":\"https:\\\/\\\/www.organisator.ch\\\/\",\"name\":\"Organisator\",\"description\":\"Kompetent. Praxisnah. Der ORGANISATOR bereitet in 10 Ausgaben pro Jahr die wesentlichen Themen f\u00fcr F\u00fchrungskr\u00e4fte von KMU auf.\",\"publisher\":{\"@id\":\"https:\\\/\\\/www.organisator.ch\\\/#organization\"},\"potentialAction\":[{\"@type\":\"SearchAction\",\"target\":{\"@type\":\"EntryPoint\",\"urlTemplate\":\"https:\\\/\\\/www.organisator.ch\\\/?s={search_term_string}\"},\"query-input\":{\"@type\":\"PropertyValueSpecification\",\"valueRequired\":true,\"valueName\":\"search_term_string\"}}],\"inLanguage\":\"de\"},{\"@type\":\"Organization\",\"@id\":\"https:\\\/\\\/www.organisator.ch\\\/#organization\",\"name\":\"Organisator\",\"url\":\"https:\\\/\\\/www.organisator.ch\\\/\",\"logo\":{\"@type\":\"ImageObject\",\"inLanguage\":\"de\",\"@id\":\"https:\\\/\\\/www.organisator.ch\\\/#\\\/schema\\\/logo\\\/image\\\/\",\"url\":\"https:\\\/\\\/www.organisator.ch\\\/wp-content\\\/uploads\\\/2022\\\/01\\\/Logo_Organisator_Website.png\",\"contentUrl\":\"https:\\\/\\\/www.organisator.ch\\\/wp-content\\\/uploads\\\/2022\\\/01\\\/Logo_Organisator_Website.png\",\"width\":800,\"height\":77,\"caption\":\"Organisator\"},\"image\":{\"@id\":\"https:\\\/\\\/www.organisator.ch\\\/#\\\/schema\\\/logo\\\/image\\\/\"},\"sameAs\":[\"https:\\\/\\\/www.facebook.com\\\/OrganisatorFachmagazin\",\"https:\\\/\\\/www.linkedin.com\\\/showcase\\\/organisator-das-magazin-fr-kmu\",\"https:\\\/\\\/www.xing.com\\\/news\\\/pages\\\/organisator-ch-695\",\"https:\\\/\\\/www.youtube.com\\\/channel\\\/UCGP2Sq0iWaZwT3BdIAQFYpw\"]},{\"@type\":\"Person\",\"@id\":\"https:\\\/\\\/www.organisator.ch\\\/#\\\/schema\\\/person\\\/2e1314a2172123f874db408d8911d3f3\",\"name\":\"Adelisa Kalajdzini\",\"image\":{\"@type\":\"ImageObject\",\"inLanguage\":\"de\",\"@id\":\"https:\\\/\\\/secure.gravatar.com\\\/avatar\\\/09a397c22ac58cad6f160ee8306348599df9df58a8ede73696226897b9fa4b24?s=96&d=mm&r=g\",\"url\":\"https:\\\/\\\/secure.gravatar.com\\\/avatar\\\/09a397c22ac58cad6f160ee8306348599df9df58a8ede73696226897b9fa4b24?s=96&d=mm&r=g\",\"contentUrl\":\"https:\\\/\\\/secure.gravatar.com\\\/avatar\\\/09a397c22ac58cad6f160ee8306348599df9df58a8ede73696226897b9fa4b24?s=96&d=mm&r=g\",\"caption\":\"Adelisa Kalajdzini\"},\"url\":\"https:\\\/\\\/www.organisator.ch\\\/de\\\/author\\\/adelisa-kalajdzini\\\/\"}]}<\/script>\n<!-- \/ Yoast SEO plugin. -->","yoast_head_json":{"title":"Schweiz in Europa f\u00fchrend bei Nutzung von KI am Arbeitsplatz - Organisator","description":"Studie zeigt: KI beeinflusst langfristige Karrierepl\u00e4ne. Wichtig sind Flexibilit\u00e4t, offener Dialog und Mitarbeiterschulung.","robots":{"index":"index","follow":"follow","max-snippet":"max-snippet:-1","max-image-preview":"max-image-preview:large","max-video-preview":"max-video-preview:-1"},"canonical":"https:\/\/www.organisator.ch\/de\/operational-excellence\/2024-05-22\/schweiz-in-europa-fuehrend-bei-nutzung-von-ki-am-arbeitsplatz\/","og_locale":"de_DE","og_type":"article","og_title":"Schweiz in Europa f\u00fchrend bei Nutzung von KI am Arbeitsplatz - Organisator","og_description":"Studie zeigt: KI beeinflusst langfristige Karrierepl\u00e4ne. Wichtig sind Flexibilit\u00e4t, offener Dialog und Mitarbeiterschulung.","og_url":"https:\/\/www.organisator.ch\/de\/operational-excellence\/2024-05-22\/schweiz-in-europa-fuehrend-bei-nutzung-von-ki-am-arbeitsplatz\/","og_site_name":"Organisator","article_publisher":"https:\/\/www.facebook.com\/OrganisatorFachmagazin","article_published_time":"2024-05-22T07:53:12+00:00","article_modified_time":"2024-11-11T04:54:16+00:00","og_image":[{"url":"https:\/\/www.organisator.ch\/wp-content\/uploads\/2023\/04\/Digitalagentur-jkweb-setzt-ihren-Wachstumskurs-fort_Organisator.png","type":"","width":"","height":""}],"author":"Adelisa Kalajdzini","twitter_card":"summary_large_image","schema":{"@context":"https:\/\/schema.org","@graph":[{"@type":"Article","@id":"https:\/\/www.organisator.ch\/operational-excellence\/2024-05-22\/schweiz-in-europa-fuehrend-bei-nutzung-von-ki-am-arbeitsplatz\/#article","isPartOf":{"@id":"https:\/\/www.organisator.ch\/operational-excellence\/2024-05-22\/schweiz-in-europa-fuehrend-bei-nutzung-von-ki-am-arbeitsplatz\/"},"author":{"name":"Adelisa Kalajdzini","@id":"https:\/\/www.organisator.ch\/#\/schema\/person\/2e1314a2172123f874db408d8911d3f3"},"headline":"Schweiz in Europa f\u00fchrend bei Nutzung von KI am Arbeitsplatz","datePublished":"2024-05-22T07:53:12+00:00","dateModified":"2024-11-11T04:54:16+00:00","mainEntityOfPage":{"@id":"https:\/\/www.organisator.ch\/operational-excellence\/2024-05-22\/schweiz-in-europa-fuehrend-bei-nutzung-von-ki-am-arbeitsplatz\/"},"wordCount":573,"publisher":{"@id":"https:\/\/www.organisator.ch\/#organization"},"image":{"@id":"https:\/\/www.organisator.ch\/operational-excellence\/2024-05-22\/schweiz-in-europa-fuehrend-bei-nutzung-von-ki-am-arbeitsplatz\/#primaryimage"},"thumbnailUrl":"https:\/\/www.organisator.ch\/wp-content\/uploads\/2023\/04\/Digitalagentur-jkweb-setzt-ihren-Wachstumskurs-fort_Organisator.png","keywords":["K\u00fcnstliche Intelligenz","Qualit\u00e4tsmanagement","Schweiz","Umfrage","Unternehmen"],"articleSection":["OPERATIONAL EXCELLENCE"],"inLanguage":"de"},{"@type":"WebPage","@id":"https:\/\/www.organisator.ch\/operational-excellence\/2024-05-22\/schweiz-in-europa-fuehrend-bei-nutzung-von-ki-am-arbeitsplatz\/","url":"https:\/\/www.organisator.ch\/operational-excellence\/2024-05-22\/schweiz-in-europa-fuehrend-bei-nutzung-von-ki-am-arbeitsplatz\/","name":"Schweiz in Europa f\u00fchrend bei Nutzung von KI am Arbeitsplatz - Organisator","isPartOf":{"@id":"https:\/\/www.organisator.ch\/#website"},"primaryImageOfPage":{"@id":"https:\/\/www.organisator.ch\/operational-excellence\/2024-05-22\/schweiz-in-europa-fuehrend-bei-nutzung-von-ki-am-arbeitsplatz\/#primaryimage"},"image":{"@id":"https:\/\/www.organisator.ch\/operational-excellence\/2024-05-22\/schweiz-in-europa-fuehrend-bei-nutzung-von-ki-am-arbeitsplatz\/#primaryimage"},"thumbnailUrl":"https:\/\/www.organisator.ch\/wp-content\/uploads\/2023\/04\/Digitalagentur-jkweb-setzt-ihren-Wachstumskurs-fort_Organisator.png","datePublished":"2024-05-22T07:53:12+00:00","dateModified":"2024-11-11T04:54:16+00:00","description":"Studie zeigt: KI beeinflusst langfristige Karrierepl\u00e4ne. Wichtig sind Flexibilit\u00e4t, offener Dialog und Mitarbeiterschulung.","breadcrumb":{"@id":"https:\/\/www.organisator.ch\/operational-excellence\/2024-05-22\/schweiz-in-europa-fuehrend-bei-nutzung-von-ki-am-arbeitsplatz\/#breadcrumb"},"inLanguage":"de","potentialAction":[{"@type":"ReadAction","target":["https:\/\/www.organisator.ch\/operational-excellence\/2024-05-22\/schweiz-in-europa-fuehrend-bei-nutzung-von-ki-am-arbeitsplatz\/"]}]},{"@type":"ImageObject","inLanguage":"de","@id":"https:\/\/www.organisator.ch\/operational-excellence\/2024-05-22\/schweiz-in-europa-fuehrend-bei-nutzung-von-ki-am-arbeitsplatz\/#primaryimage","url":"https:\/\/www.organisator.ch\/wp-content\/uploads\/2023\/04\/Digitalagentur-jkweb-setzt-ihren-Wachstumskurs-fort_Organisator.png","contentUrl":"https:\/\/www.organisator.ch\/wp-content\/uploads\/2023\/04\/Digitalagentur-jkweb-setzt-ihren-Wachstumskurs-fort_Organisator.png"},{"@type":"BreadcrumbList","@id":"https:\/\/www.organisator.ch\/operational-excellence\/2024-05-22\/schweiz-in-europa-fuehrend-bei-nutzung-von-ki-am-arbeitsplatz\/#breadcrumb","itemListElement":[{"@type":"ListItem","position":1,"name":"Home","item":"https:\/\/www.organisator.ch\/"},{"@type":"ListItem","position":2,"name":"Schweiz in Europa f\u00fchrend bei Nutzung von KI am Arbeitsplatz"}]},{"@type":"WebSite","@id":"https:\/\/www.organisator.ch\/#website","url":"https:\/\/www.organisator.ch\/","name":"Organisator","description":"Kompetent. Praxisnah. Der ORGANISATOR bereitet in 10 Ausgaben pro Jahr die wesentlichen Themen f\u00fcr F\u00fchrungskr\u00e4fte von KMU auf.","publisher":{"@id":"https:\/\/www.organisator.ch\/#organization"},"potentialAction":[{"@type":"SearchAction","target":{"@type":"EntryPoint","urlTemplate":"https:\/\/www.organisator.ch\/?s={search_term_string}"},"query-input":{"@type":"PropertyValueSpecification","valueRequired":true,"valueName":"search_term_string"}}],"inLanguage":"de"},{"@type":"Organization","@id":"https:\/\/www.organisator.ch\/#organization","name":"Organisator","url":"https:\/\/www.organisator.ch\/","logo":{"@type":"ImageObject","inLanguage":"de","@id":"https:\/\/www.organisator.ch\/#\/schema\/logo\/image\/","url":"https:\/\/www.organisator.ch\/wp-content\/uploads\/2022\/01\/Logo_Organisator_Website.png","contentUrl":"https:\/\/www.organisator.ch\/wp-content\/uploads\/2022\/01\/Logo_Organisator_Website.png","width":800,"height":77,"caption":"Organisator"},"image":{"@id":"https:\/\/www.organisator.ch\/#\/schema\/logo\/image\/"},"sameAs":["https:\/\/www.facebook.com\/OrganisatorFachmagazin","https:\/\/www.linkedin.com\/showcase\/organisator-das-magazin-fr-kmu","https:\/\/www.xing.com\/news\/pages\/organisator-ch-695","https:\/\/www.youtube.com\/channel\/UCGP2Sq0iWaZwT3BdIAQFYpw"]},{"@type":"Person","@id":"https:\/\/www.organisator.ch\/#\/schema\/person\/2e1314a2172123f874db408d8911d3f3","name":"Adelisa Kalajdzini","image":{"@type":"ImageObject","inLanguage":"de","@id":"https:\/\/secure.gravatar.com\/avatar\/09a397c22ac58cad6f160ee8306348599df9df58a8ede73696226897b9fa4b24?s=96&d=mm&r=g","url":"https:\/\/secure.gravatar.com\/avatar\/09a397c22ac58cad6f160ee8306348599df9df58a8ede73696226897b9fa4b24?s=96&d=mm&r=g","contentUrl":"https:\/\/secure.gravatar.com\/avatar\/09a397c22ac58cad6f160ee8306348599df9df58a8ede73696226897b9fa4b24?s=96&d=mm&r=g","caption":"Adelisa Kalajdzini"},"url":"https:\/\/www.organisator.ch\/de\/author\/adelisa-kalajdzini\/"}]}},"_links":{"self":[{"href":"https:\/\/www.organisator.ch\/de\/wp-json\/wp\/v2\/posts\/27187","targetHints":{"allow":["GET"]}}],"collection":[{"href":"https:\/\/www.organisator.ch\/de\/wp-json\/wp\/v2\/posts"}],"about":[{"href":"https:\/\/www.organisator.ch\/de\/wp-json\/wp\/v2\/types\/post"}],"author":[{"embeddable":true,"href":"https:\/\/www.organisator.ch\/de\/wp-json\/wp\/v2\/users\/58"}],"replies":[{"embeddable":true,"href":"https:\/\/www.organisator.ch\/de\/wp-json\/wp\/v2\/comments?post=27187"}],"version-history":[{"count":6,"href":"https:\/\/www.organisator.ch\/de\/wp-json\/wp\/v2\/posts\/27187\/revisions"}],"predecessor-version":[{"id":32245,"href":"https:\/\/www.organisator.ch\/de\/wp-json\/wp\/v2\/posts\/27187\/revisions\/32245"}],"wp:attachment":[{"href":"https:\/\/www.organisator.ch\/de\/wp-json\/wp\/v2\/media?parent=27187"}],"wp:term":[{"taxonomy":"category","embeddable":true,"href":"https:\/\/www.organisator.ch\/de\/wp-json\/wp\/v2\/categories?post=27187"},{"taxonomy":"post_tag","embeddable":true,"href":"https:\/\/www.organisator.ch\/de\/wp-json\/wp\/v2\/tags?post=27187"}],"curies":[{"name":"wp","href":"https:\/\/api.w.org\/{rel}","templated":true}]}}