{"id":27217,"date":"2024-05-22T15:40:09","date_gmt":"2024-05-22T13:40:09","guid":{"rendered":"https:\/\/www.werbewoche.ch\/?p=215378"},"modified":"2024-11-11T05:31:44","modified_gmt":"2024-11-11T04:31:44","slug":"mit-dem-imagefilm-von-seed-bucher-zu-100-verstehen","status":"publish","type":"post","link":"https:\/\/www.organisator.ch\/de\/marketing\/2024-05-22\/mit-dem-imagefilm-von-seed-bucher-zu-100-verstehen\/","title":{"rendered":"Mit dem Imagefilm von Seed Bucher zu 100% verstehen"},"content":{"rendered":"<p><img class=\"aligncenter wp-image-215381 size-full\" src=\"https:\/\/www.werbewoche.ch\/wp-content\/uploads\/2024\/05\/Bucher-1.jpg\" alt=\"Bucher\" width=\"1200\" height=\"900\" \/><\/p>\r\n<p>Die Gesch\u00e4ftsfelder von Bucher Industries umfassen Landmaschinen, Kommunalfahrzeuge, Hydraulikkomponenten, Produktionsanlagen f\u00fcr die Glasbeh\u00e4lterindustrie, Anlagen f\u00fcr die Herstellung von Getr\u00e4nken sowie Automatisierungsl\u00f6sungen.<\/p>\r\n<p>Der neue Imagefilm von Bucher richtet sich an vielf\u00e4ltige Zielgruppen: Kund:innen der einzelnen Divisionen, aktuelle und potenzielle Mitarbeitende, Investoren, Lieferanten. Der Film gibt einen \u00dcberblick \u00fcber T\u00e4tigkeitsbereiche, geografische Pr\u00e4senz, Innovationsanstrengungen bis hin zu den Ambitionen, die Bucher verfolgt. Schnell, kurzweilig und mit einem Augenzwinkern \u2013 von Null auf 100 Prozent.<\/p>\r\n<p>Die Filmproduktion Seed hat den Film in enger Zusammenarbeit mit Bucher entwickelt und umgesetzt. Regie f\u00fchrte Adrian Wisard. Der Film wird im Rahmen von Veranstaltungen und Pr\u00e4sentationen sowie auf der Webseite und in den sozialen Medien eingesetzt.<\/p>\r\n<p><\/p>\r\n<p><a href=\"https:\/\/www.werbewoche.ch\/wp-content\/uploads\/2024\/05\/Bucher-2.jpg\"><img class=\"attachment-full size-full\" src=\"https:\/\/www.werbewoche.ch\/wp-content\/uploads\/2024\/05\/Bucher-2.jpg\" alt=\"\" width=\"1200\" height=\"676\" \/><\/a> <a href=\"https:\/\/www.werbewoche.ch\/wp-content\/uploads\/2024\/05\/Bucher-3.jpg\"><img class=\"attachment-full size-full\" src=\"https:\/\/www.werbewoche.ch\/wp-content\/uploads\/2024\/05\/Bucher-3.jpg\" alt=\"\" width=\"1200\" height=\"675\" \/><\/a> <a href=\"https:\/\/www.werbewoche.ch\/wp-content\/uploads\/2024\/05\/Bucher-4.jpg\"><img class=\"attachment-full size-full\" src=\"https:\/\/www.werbewoche.ch\/wp-content\/uploads\/2024\/05\/Bucher-4.jpg\" alt=\"\" width=\"1200\" height=\"676\" \/><\/a><\/p>\r\n<hr \/>\r\n<p><strong>Verantwortlich bei Bucher Industries:<\/strong> Saskia Rusch, Prisca Wolfensberger, Jacques Sanche. <strong>V<\/strong><strong>erantwortlich bei Seed Audio-Visual Communication:<\/strong> Adrian Wisard (Regie, Drehbuch, Schnitt), Andreas Szentkuti (Konzept), Sebastian Klinger (Kamera), Simon Hardegger (Color Grading), Bardo Eicher (Sound Design, Mischung), Madlaina Courvoisier (Produktionsassistenz), Bastian Hertel (Produktions-\/Aufnahmeleitung), Felix Courvoisier (Produzent).<\/p>","protected":false},"excerpt":{"rendered":"<p>F\u00fcr den weltweit t\u00e4tigen Technologiekonzern Bucher Industries hat die Filmproduktion Seed einen neuen Imagefilm realisiert. Augenzwinkern inklusive.<\/p>\n","protected":false},"author":8,"featured_media":0,"comment_status":"closed","ping_status":"closed","sticky":false,"template":"","format":"standard","meta":{"_acf_changed":false,"_yoast_wpseo_focuskw":"Bucher","_yoast_wpseo_metadesc":"Bucher Industries pr\u00e4sentiert neuen Imagefilm: \u00dcberblick \u00fcber T\u00e4tigkeitsbereiche, Innovationen und Ambitionen. Schnell und informativ.","articlekey":"","footnotes":""},"categories":[29],"tags":[2617,4227],"class_list":["post-27217","post","type-post","status-publish","format-standard","hentry","category-marketing","tag-marken","tag-seed"],"acf":[],"yoast_head":"<!-- This site is optimized with the Yoast SEO plugin v27.4 - https:\/\/yoast.com\/product\/yoast-seo-wordpress\/ -->\n<title>Mit dem Imagefilm von Seed Bucher zu 100% verstehen - Organisator<\/title>\n<meta name=\"description\" content=\"Bucher Industries pr\u00e4sentiert neuen Imagefilm: \u00dcberblick \u00fcber T\u00e4tigkeitsbereiche, Innovationen und Ambitionen. Schnell und informativ.\" \/>\n<meta name=\"robots\" content=\"index, follow, max-snippet:-1, max-image-preview:large, max-video-preview:-1\" \/>\n<link rel=\"canonical\" href=\"https:\/\/www.organisator.ch\/de\/marketing\/2024-05-22\/mit-dem-imagefilm-von-seed-bucher-zu-100-verstehen\/\" \/>\n<meta property=\"og:locale\" content=\"de_DE\" \/>\n<meta property=\"og:type\" content=\"article\" \/>\n<meta property=\"og:title\" content=\"Mit dem Imagefilm von Seed Bucher zu 100% verstehen - Organisator\" \/>\n<meta property=\"og:description\" content=\"Bucher Industries pr\u00e4sentiert neuen Imagefilm: \u00dcberblick \u00fcber T\u00e4tigkeitsbereiche, Innovationen und Ambitionen. Schnell und informativ.\" \/>\n<meta property=\"og:url\" content=\"https:\/\/www.organisator.ch\/de\/marketing\/2024-05-22\/mit-dem-imagefilm-von-seed-bucher-zu-100-verstehen\/\" \/>\n<meta property=\"og:site_name\" content=\"Organisator\" \/>\n<meta property=\"article:publisher\" content=\"https:\/\/www.facebook.com\/OrganisatorFachmagazin\" \/>\n<meta property=\"article:published_time\" content=\"2024-05-22T13:40:09+00:00\" \/>\n<meta property=\"article:modified_time\" content=\"2024-11-11T04:31:44+00:00\" \/>\n<meta property=\"og:image\" content=\"https:\/\/www.werbewoche.ch\/wp-content\/uploads\/2024\/05\/Bucher-1.jpg\" \/>\n<meta name=\"author\" content=\"galledia\" \/>\n<meta name=\"twitter:card\" content=\"summary_large_image\" \/>\n<meta name=\"twitter:creator\" content=\"@admin\" \/>\n<script type=\"application\/ld+json\" class=\"yoast-schema-graph\">{\"@context\":\"https:\\\/\\\/schema.org\",\"@graph\":[{\"@type\":\"Article\",\"@id\":\"https:\\\/\\\/www.organisator.ch\\\/marketing\\\/2024-05-22\\\/mit-dem-imagefilm-von-seed-bucher-zu-100-verstehen\\\/#article\",\"isPartOf\":{\"@id\":\"https:\\\/\\\/www.organisator.ch\\\/marketing\\\/2024-05-22\\\/mit-dem-imagefilm-von-seed-bucher-zu-100-verstehen\\\/\"},\"author\":{\"name\":\"galledia\",\"@id\":\"https:\\\/\\\/www.organisator.ch\\\/#\\\/schema\\\/person\\\/4e51799071cd2dd1232ac003643ef5f0\"},\"headline\":\"Mit dem Imagefilm von Seed Bucher zu 100% verstehen\",\"datePublished\":\"2024-05-22T13:40:09+00:00\",\"dateModified\":\"2024-11-11T04:31:44+00:00\",\"mainEntityOfPage\":{\"@id\":\"https:\\\/\\\/www.organisator.ch\\\/marketing\\\/2024-05-22\\\/mit-dem-imagefilm-von-seed-bucher-zu-100-verstehen\\\/\"},\"wordCount\":172,\"publisher\":{\"@id\":\"https:\\\/\\\/www.organisator.ch\\\/#organization\"},\"image\":{\"@id\":\"https:\\\/\\\/www.organisator.ch\\\/marketing\\\/2024-05-22\\\/mit-dem-imagefilm-von-seed-bucher-zu-100-verstehen\\\/#primaryimage\"},\"thumbnailUrl\":\"https:\\\/\\\/www.werbewoche.ch\\\/wp-content\\\/uploads\\\/2024\\\/05\\\/Bucher-1.jpg\",\"keywords\":[\"Marken\",\"Seed\"],\"articleSection\":[\"MARKETING\"],\"inLanguage\":\"de\"},{\"@type\":\"WebPage\",\"@id\":\"https:\\\/\\\/www.organisator.ch\\\/marketing\\\/2024-05-22\\\/mit-dem-imagefilm-von-seed-bucher-zu-100-verstehen\\\/\",\"url\":\"https:\\\/\\\/www.organisator.ch\\\/marketing\\\/2024-05-22\\\/mit-dem-imagefilm-von-seed-bucher-zu-100-verstehen\\\/\",\"name\":\"Mit dem Imagefilm von Seed Bucher zu 100% verstehen - Organisator\",\"isPartOf\":{\"@id\":\"https:\\\/\\\/www.organisator.ch\\\/#website\"},\"primaryImageOfPage\":{\"@id\":\"https:\\\/\\\/www.organisator.ch\\\/marketing\\\/2024-05-22\\\/mit-dem-imagefilm-von-seed-bucher-zu-100-verstehen\\\/#primaryimage\"},\"image\":{\"@id\":\"https:\\\/\\\/www.organisator.ch\\\/marketing\\\/2024-05-22\\\/mit-dem-imagefilm-von-seed-bucher-zu-100-verstehen\\\/#primaryimage\"},\"thumbnailUrl\":\"https:\\\/\\\/www.werbewoche.ch\\\/wp-content\\\/uploads\\\/2024\\\/05\\\/Bucher-1.jpg\",\"datePublished\":\"2024-05-22T13:40:09+00:00\",\"dateModified\":\"2024-11-11T04:31:44+00:00\",\"description\":\"Bucher Industries pr\u00e4sentiert neuen Imagefilm: \u00dcberblick \u00fcber T\u00e4tigkeitsbereiche, Innovationen und Ambitionen. Schnell und informativ.\",\"breadcrumb\":{\"@id\":\"https:\\\/\\\/www.organisator.ch\\\/marketing\\\/2024-05-22\\\/mit-dem-imagefilm-von-seed-bucher-zu-100-verstehen\\\/#breadcrumb\"},\"inLanguage\":\"de\",\"potentialAction\":[{\"@type\":\"ReadAction\",\"target\":[\"https:\\\/\\\/www.organisator.ch\\\/marketing\\\/2024-05-22\\\/mit-dem-imagefilm-von-seed-bucher-zu-100-verstehen\\\/\"]}]},{\"@type\":\"ImageObject\",\"inLanguage\":\"de\",\"@id\":\"https:\\\/\\\/www.organisator.ch\\\/marketing\\\/2024-05-22\\\/mit-dem-imagefilm-von-seed-bucher-zu-100-verstehen\\\/#primaryimage\",\"url\":\"https:\\\/\\\/www.werbewoche.ch\\\/wp-content\\\/uploads\\\/2024\\\/05\\\/Bucher-1.jpg\",\"contentUrl\":\"https:\\\/\\\/www.werbewoche.ch\\\/wp-content\\\/uploads\\\/2024\\\/05\\\/Bucher-1.jpg\"},{\"@type\":\"BreadcrumbList\",\"@id\":\"https:\\\/\\\/www.organisator.ch\\\/marketing\\\/2024-05-22\\\/mit-dem-imagefilm-von-seed-bucher-zu-100-verstehen\\\/#breadcrumb\",\"itemListElement\":[{\"@type\":\"ListItem\",\"position\":1,\"name\":\"Home\",\"item\":\"https:\\\/\\\/www.organisator.ch\\\/\"},{\"@type\":\"ListItem\",\"position\":2,\"name\":\"Mit dem Imagefilm von Seed Bucher zu 100% verstehen\"}]},{\"@type\":\"WebSite\",\"@id\":\"https:\\\/\\\/www.organisator.ch\\\/#website\",\"url\":\"https:\\\/\\\/www.organisator.ch\\\/\",\"name\":\"Organisator\",\"description\":\"Kompetent. Praxisnah. Der ORGANISATOR bereitet in 10 Ausgaben pro Jahr die wesentlichen Themen f\u00fcr F\u00fchrungskr\u00e4fte von KMU auf.\",\"publisher\":{\"@id\":\"https:\\\/\\\/www.organisator.ch\\\/#organization\"},\"potentialAction\":[{\"@type\":\"SearchAction\",\"target\":{\"@type\":\"EntryPoint\",\"urlTemplate\":\"https:\\\/\\\/www.organisator.ch\\\/?s={search_term_string}\"},\"query-input\":{\"@type\":\"PropertyValueSpecification\",\"valueRequired\":true,\"valueName\":\"search_term_string\"}}],\"inLanguage\":\"de\"},{\"@type\":\"Organization\",\"@id\":\"https:\\\/\\\/www.organisator.ch\\\/#organization\",\"name\":\"Organisator\",\"url\":\"https:\\\/\\\/www.organisator.ch\\\/\",\"logo\":{\"@type\":\"ImageObject\",\"inLanguage\":\"de\",\"@id\":\"https:\\\/\\\/www.organisator.ch\\\/#\\\/schema\\\/logo\\\/image\\\/\",\"url\":\"https:\\\/\\\/www.organisator.ch\\\/wp-content\\\/uploads\\\/2022\\\/01\\\/Logo_Organisator_Website.png\",\"contentUrl\":\"https:\\\/\\\/www.organisator.ch\\\/wp-content\\\/uploads\\\/2022\\\/01\\\/Logo_Organisator_Website.png\",\"width\":800,\"height\":77,\"caption\":\"Organisator\"},\"image\":{\"@id\":\"https:\\\/\\\/www.organisator.ch\\\/#\\\/schema\\\/logo\\\/image\\\/\"},\"sameAs\":[\"https:\\\/\\\/www.facebook.com\\\/OrganisatorFachmagazin\",\"https:\\\/\\\/www.linkedin.com\\\/showcase\\\/organisator-das-magazin-fr-kmu\",\"https:\\\/\\\/www.xing.com\\\/news\\\/pages\\\/organisator-ch-695\",\"https:\\\/\\\/www.youtube.com\\\/channel\\\/UCGP2Sq0iWaZwT3BdIAQFYpw\"]},{\"@type\":\"Person\",\"@id\":\"https:\\\/\\\/www.organisator.ch\\\/#\\\/schema\\\/person\\\/4e51799071cd2dd1232ac003643ef5f0\",\"name\":\"galledia\",\"image\":{\"@type\":\"ImageObject\",\"inLanguage\":\"de\",\"@id\":\"https:\\\/\\\/secure.gravatar.com\\\/avatar\\\/78a7f90c01fc2bfc875782a0d4922b37cde2cf184ce347b91316d23cd7f69a36?s=96&d=mm&r=g\",\"url\":\"https:\\\/\\\/secure.gravatar.com\\\/avatar\\\/78a7f90c01fc2bfc875782a0d4922b37cde2cf184ce347b91316d23cd7f69a36?s=96&d=mm&r=g\",\"contentUrl\":\"https:\\\/\\\/secure.gravatar.com\\\/avatar\\\/78a7f90c01fc2bfc875782a0d4922b37cde2cf184ce347b91316d23cd7f69a36?s=96&d=mm&r=g\",\"caption\":\"galledia\"},\"sameAs\":[\"https:\\\/\\\/x.com\\\/admin\"],\"url\":\"https:\\\/\\\/www.organisator.ch\\\/de\\\/author\\\/galledia\\\/\"}]}<\/script>\n<!-- \/ Yoast SEO plugin. -->","yoast_head_json":{"title":"Mit dem Imagefilm von Seed Bucher zu 100% verstehen - Organisator","description":"Bucher Industries pr\u00e4sentiert neuen Imagefilm: \u00dcberblick \u00fcber T\u00e4tigkeitsbereiche, Innovationen und Ambitionen. Schnell und informativ.","robots":{"index":"index","follow":"follow","max-snippet":"max-snippet:-1","max-image-preview":"max-image-preview:large","max-video-preview":"max-video-preview:-1"},"canonical":"https:\/\/www.organisator.ch\/de\/marketing\/2024-05-22\/mit-dem-imagefilm-von-seed-bucher-zu-100-verstehen\/","og_locale":"de_DE","og_type":"article","og_title":"Mit dem Imagefilm von Seed Bucher zu 100% verstehen - Organisator","og_description":"Bucher Industries pr\u00e4sentiert neuen Imagefilm: \u00dcberblick \u00fcber T\u00e4tigkeitsbereiche, Innovationen und Ambitionen. Schnell und informativ.","og_url":"https:\/\/www.organisator.ch\/de\/marketing\/2024-05-22\/mit-dem-imagefilm-von-seed-bucher-zu-100-verstehen\/","og_site_name":"Organisator","article_publisher":"https:\/\/www.facebook.com\/OrganisatorFachmagazin","article_published_time":"2024-05-22T13:40:09+00:00","article_modified_time":"2024-11-11T04:31:44+00:00","og_image":[{"url":"https:\/\/www.werbewoche.ch\/wp-content\/uploads\/2024\/05\/Bucher-1.jpg","type":"","width":"","height":""}],"author":"galledia","twitter_card":"summary_large_image","twitter_creator":"@admin","schema":{"@context":"https:\/\/schema.org","@graph":[{"@type":"Article","@id":"https:\/\/www.organisator.ch\/marketing\/2024-05-22\/mit-dem-imagefilm-von-seed-bucher-zu-100-verstehen\/#article","isPartOf":{"@id":"https:\/\/www.organisator.ch\/marketing\/2024-05-22\/mit-dem-imagefilm-von-seed-bucher-zu-100-verstehen\/"},"author":{"name":"galledia","@id":"https:\/\/www.organisator.ch\/#\/schema\/person\/4e51799071cd2dd1232ac003643ef5f0"},"headline":"Mit dem Imagefilm von Seed Bucher zu 100% verstehen","datePublished":"2024-05-22T13:40:09+00:00","dateModified":"2024-11-11T04:31:44+00:00","mainEntityOfPage":{"@id":"https:\/\/www.organisator.ch\/marketing\/2024-05-22\/mit-dem-imagefilm-von-seed-bucher-zu-100-verstehen\/"},"wordCount":172,"publisher":{"@id":"https:\/\/www.organisator.ch\/#organization"},"image":{"@id":"https:\/\/www.organisator.ch\/marketing\/2024-05-22\/mit-dem-imagefilm-von-seed-bucher-zu-100-verstehen\/#primaryimage"},"thumbnailUrl":"https:\/\/www.werbewoche.ch\/wp-content\/uploads\/2024\/05\/Bucher-1.jpg","keywords":["Marken","Seed"],"articleSection":["MARKETING"],"inLanguage":"de"},{"@type":"WebPage","@id":"https:\/\/www.organisator.ch\/marketing\/2024-05-22\/mit-dem-imagefilm-von-seed-bucher-zu-100-verstehen\/","url":"https:\/\/www.organisator.ch\/marketing\/2024-05-22\/mit-dem-imagefilm-von-seed-bucher-zu-100-verstehen\/","name":"Mit dem Imagefilm von Seed Bucher zu 100% verstehen - Organisator","isPartOf":{"@id":"https:\/\/www.organisator.ch\/#website"},"primaryImageOfPage":{"@id":"https:\/\/www.organisator.ch\/marketing\/2024-05-22\/mit-dem-imagefilm-von-seed-bucher-zu-100-verstehen\/#primaryimage"},"image":{"@id":"https:\/\/www.organisator.ch\/marketing\/2024-05-22\/mit-dem-imagefilm-von-seed-bucher-zu-100-verstehen\/#primaryimage"},"thumbnailUrl":"https:\/\/www.werbewoche.ch\/wp-content\/uploads\/2024\/05\/Bucher-1.jpg","datePublished":"2024-05-22T13:40:09+00:00","dateModified":"2024-11-11T04:31:44+00:00","description":"Bucher Industries pr\u00e4sentiert neuen Imagefilm: \u00dcberblick \u00fcber T\u00e4tigkeitsbereiche, Innovationen und Ambitionen. Schnell und informativ.","breadcrumb":{"@id":"https:\/\/www.organisator.ch\/marketing\/2024-05-22\/mit-dem-imagefilm-von-seed-bucher-zu-100-verstehen\/#breadcrumb"},"inLanguage":"de","potentialAction":[{"@type":"ReadAction","target":["https:\/\/www.organisator.ch\/marketing\/2024-05-22\/mit-dem-imagefilm-von-seed-bucher-zu-100-verstehen\/"]}]},{"@type":"ImageObject","inLanguage":"de","@id":"https:\/\/www.organisator.ch\/marketing\/2024-05-22\/mit-dem-imagefilm-von-seed-bucher-zu-100-verstehen\/#primaryimage","url":"https:\/\/www.werbewoche.ch\/wp-content\/uploads\/2024\/05\/Bucher-1.jpg","contentUrl":"https:\/\/www.werbewoche.ch\/wp-content\/uploads\/2024\/05\/Bucher-1.jpg"},{"@type":"BreadcrumbList","@id":"https:\/\/www.organisator.ch\/marketing\/2024-05-22\/mit-dem-imagefilm-von-seed-bucher-zu-100-verstehen\/#breadcrumb","itemListElement":[{"@type":"ListItem","position":1,"name":"Home","item":"https:\/\/www.organisator.ch\/"},{"@type":"ListItem","position":2,"name":"Mit dem Imagefilm von Seed Bucher zu 100% verstehen"}]},{"@type":"WebSite","@id":"https:\/\/www.organisator.ch\/#website","url":"https:\/\/www.organisator.ch\/","name":"Organisator","description":"Kompetent. Praxisnah. Der ORGANISATOR bereitet in 10 Ausgaben pro Jahr die wesentlichen Themen f\u00fcr F\u00fchrungskr\u00e4fte von KMU auf.","publisher":{"@id":"https:\/\/www.organisator.ch\/#organization"},"potentialAction":[{"@type":"SearchAction","target":{"@type":"EntryPoint","urlTemplate":"https:\/\/www.organisator.ch\/?s={search_term_string}"},"query-input":{"@type":"PropertyValueSpecification","valueRequired":true,"valueName":"search_term_string"}}],"inLanguage":"de"},{"@type":"Organization","@id":"https:\/\/www.organisator.ch\/#organization","name":"Organisator","url":"https:\/\/www.organisator.ch\/","logo":{"@type":"ImageObject","inLanguage":"de","@id":"https:\/\/www.organisator.ch\/#\/schema\/logo\/image\/","url":"https:\/\/www.organisator.ch\/wp-content\/uploads\/2022\/01\/Logo_Organisator_Website.png","contentUrl":"https:\/\/www.organisator.ch\/wp-content\/uploads\/2022\/01\/Logo_Organisator_Website.png","width":800,"height":77,"caption":"Organisator"},"image":{"@id":"https:\/\/www.organisator.ch\/#\/schema\/logo\/image\/"},"sameAs":["https:\/\/www.facebook.com\/OrganisatorFachmagazin","https:\/\/www.linkedin.com\/showcase\/organisator-das-magazin-fr-kmu","https:\/\/www.xing.com\/news\/pages\/organisator-ch-695","https:\/\/www.youtube.com\/channel\/UCGP2Sq0iWaZwT3BdIAQFYpw"]},{"@type":"Person","@id":"https:\/\/www.organisator.ch\/#\/schema\/person\/4e51799071cd2dd1232ac003643ef5f0","name":"galledia","image":{"@type":"ImageObject","inLanguage":"de","@id":"https:\/\/secure.gravatar.com\/avatar\/78a7f90c01fc2bfc875782a0d4922b37cde2cf184ce347b91316d23cd7f69a36?s=96&d=mm&r=g","url":"https:\/\/secure.gravatar.com\/avatar\/78a7f90c01fc2bfc875782a0d4922b37cde2cf184ce347b91316d23cd7f69a36?s=96&d=mm&r=g","contentUrl":"https:\/\/secure.gravatar.com\/avatar\/78a7f90c01fc2bfc875782a0d4922b37cde2cf184ce347b91316d23cd7f69a36?s=96&d=mm&r=g","caption":"galledia"},"sameAs":["https:\/\/x.com\/admin"],"url":"https:\/\/www.organisator.ch\/de\/author\/galledia\/"}]}},"_links":{"self":[{"href":"https:\/\/www.organisator.ch\/de\/wp-json\/wp\/v2\/posts\/27217","targetHints":{"allow":["GET"]}}],"collection":[{"href":"https:\/\/www.organisator.ch\/de\/wp-json\/wp\/v2\/posts"}],"about":[{"href":"https:\/\/www.organisator.ch\/de\/wp-json\/wp\/v2\/types\/post"}],"author":[{"embeddable":true,"href":"https:\/\/www.organisator.ch\/de\/wp-json\/wp\/v2\/users\/8"}],"replies":[{"embeddable":true,"href":"https:\/\/www.organisator.ch\/de\/wp-json\/wp\/v2\/comments?post=27217"}],"version-history":[{"count":6,"href":"https:\/\/www.organisator.ch\/de\/wp-json\/wp\/v2\/posts\/27217\/revisions"}],"predecessor-version":[{"id":32240,"href":"https:\/\/www.organisator.ch\/de\/wp-json\/wp\/v2\/posts\/27217\/revisions\/32240"}],"wp:attachment":[{"href":"https:\/\/www.organisator.ch\/de\/wp-json\/wp\/v2\/media?parent=27217"}],"wp:term":[{"taxonomy":"category","embeddable":true,"href":"https:\/\/www.organisator.ch\/de\/wp-json\/wp\/v2\/categories?post=27217"},{"taxonomy":"post_tag","embeddable":true,"href":"https:\/\/www.organisator.ch\/de\/wp-json\/wp\/v2\/tags?post=27217"}],"curies":[{"name":"wp","href":"https:\/\/api.w.org\/{rel}","templated":true}]}}