{"id":27239,"date":"2024-05-24T10:22:44","date_gmt":"2024-05-24T08:22:44","guid":{"rendered":"https:\/\/www.werbewoche.ch\/?p=215491"},"modified":"2024-11-11T05:16:40","modified_gmt":"2024-11-11T04:16:40","slug":"evoq-begleitet-das-rebranding-der-dertour-group","status":"publish","type":"post","link":"https:\/\/www.organisator.ch\/de\/marketing\/2024-05-24\/evoq-begleitet-das-rebranding-der-dertour-group\/","title":{"rendered":"Evoq begleitet das Rebranding der Dertour Group"},"content":{"rendered":"<p><img class=\"aligncenter wp-image-215492 size-full\" src=\"https:\/\/www.werbewoche.ch\/wp-content\/uploads\/2024\/05\/DERTOUR-Group-Website.jpg\" alt=\"Dertour Group\" width=\"1200\" height=\"675\" \/><\/p>\r\n<p>Das von Evoq entwickelte Liquid-Design-Konzept mit flexiblen, ineinander fliessenden Elementen bildet die Basis f\u00fcr den pr\u00e4gnanten Neuauftritt der Dertour Group. Dieser soll die St\u00e4rke des Reisekonzerns mit seinen mehr als 130 Unternehmen und fast 10\u2018000 Mitarbeitenden widerspiegeln.<\/p>\r\n<p>Das neue Designkonzept stehe f\u00fcr ein vereinfachtes, emotionales und internationales Markenerlebnis, erm\u00f6gliche die nahtlose Integration aller Gesch\u00e4ftsbereiche und Marken und st\u00e4rke die Markenwahrnehmung der Dertour Group als verbindender Unternehmensmarke, erkl\u00e4rt die Agentur in einer Mitteilung. Mit der neuen Marke will der Konzern auch an den Reisedestinationen pr\u00e4senter werden und damit einen h\u00f6heren Marken-Wiedererkennungswert im internationalen Kontext schaffen.<\/p>\r\n<p>Auch Der Touristik Suisse wird den Wechsel hin zum neuen Unternehmensnamen Dertour Suisse vornehmen. Alle Veranstaltermarken und die Kuoni-Reiseb\u00fcros behalten jedoch ihre Namen, eigenst\u00e4ndigen Auftritte, Webauftritte und Kataloge in der bisherigen Form bei.<\/p>\r\n<p><img class=\"aligncenter size-full wp-image-215493\" src=\"https:\/\/www.werbewoche.ch\/wp-content\/uploads\/2024\/05\/DERTOUR-TTT-Kataloge.jpg\" alt=\"\" width=\"1200\" height=\"675\" \/> <img class=\"aligncenter size-full wp-image-215494\" src=\"https:\/\/www.werbewoche.ch\/wp-content\/uploads\/2024\/05\/DERTOUR-Group-Bus.jpg\" alt=\"\" width=\"1200\" height=\"800\" \/><\/p>\r\n<hr \/>\r\n<p><strong>Verantwortlich bei <\/strong><strong>Dertour Group: <\/strong>Lars Bolle (Vice President Group Brandmanagement), Marion ten Haaf (Leiterin Unternehmens\u00adkommunikation Dertour Group). <strong>Verantwortlich bei der Agentur Evoq: <\/strong>Ralph Kaebe (Beratung); Patricia M\u00fcller (Design Direction).<\/p>","protected":false},"excerpt":{"rendered":"<p>Der Touristik Group wird zur Dertour Group. Mit diesem Schritt unterstreicht der Reisekonzern sein internationales Engagement. Evoq hat daf\u00fcr ein Liquid-Design-Konzept entwickelt.<\/p>\n","protected":false},"author":8,"featured_media":0,"comment_status":"closed","ping_status":"closed","sticky":false,"template":"","format":"standard","meta":{"_acf_changed":false,"_yoast_wpseo_focuskw":"Dertour Group","_yoast_wpseo_metadesc":"Dertour Group lanciert neues Liquid-Design-Konzept. Markenwahrnehmung und Integration aller Gesch\u00e4ftsbereiche st\u00e4rken.","articlekey":"","footnotes":""},"categories":[29],"tags":[4229,3391,3012,2617,2851],"class_list":["post-27239","post","type-post","status-publish","format-standard","hentry","category-marketing","tag-dertour","tag-evoq","tag-hotels-reisen","tag-marken","tag-rebranding"],"acf":[],"yoast_head":"<!-- This site is optimized with the Yoast SEO plugin v27.4 - https:\/\/yoast.com\/product\/yoast-seo-wordpress\/ -->\n<title>Evoq begleitet das Rebranding der Dertour Group - Organisator<\/title>\n<meta name=\"description\" content=\"Dertour Group lanciert neues Liquid-Design-Konzept. Markenwahrnehmung und Integration aller Gesch\u00e4ftsbereiche st\u00e4rken.\" \/>\n<meta name=\"robots\" content=\"index, follow, max-snippet:-1, max-image-preview:large, max-video-preview:-1\" \/>\n<link rel=\"canonical\" href=\"https:\/\/www.organisator.ch\/de\/marketing\/2024-05-24\/evoq-begleitet-das-rebranding-der-dertour-group\/\" \/>\n<meta property=\"og:locale\" content=\"de_DE\" \/>\n<meta property=\"og:type\" content=\"article\" \/>\n<meta property=\"og:title\" content=\"Evoq begleitet das Rebranding der Dertour Group - Organisator\" \/>\n<meta property=\"og:description\" content=\"Dertour Group lanciert neues Liquid-Design-Konzept. Markenwahrnehmung und Integration aller Gesch\u00e4ftsbereiche st\u00e4rken.\" \/>\n<meta property=\"og:url\" content=\"https:\/\/www.organisator.ch\/de\/marketing\/2024-05-24\/evoq-begleitet-das-rebranding-der-dertour-group\/\" \/>\n<meta property=\"og:site_name\" content=\"Organisator\" \/>\n<meta property=\"article:publisher\" content=\"https:\/\/www.facebook.com\/OrganisatorFachmagazin\" \/>\n<meta property=\"article:published_time\" content=\"2024-05-24T08:22:44+00:00\" \/>\n<meta property=\"article:modified_time\" content=\"2024-11-11T04:16:40+00:00\" \/>\n<meta property=\"og:image\" content=\"https:\/\/www.werbewoche.ch\/wp-content\/uploads\/2024\/05\/DERTOUR-Group-Website.jpg\" \/>\n<meta name=\"author\" content=\"galledia\" \/>\n<meta name=\"twitter:card\" content=\"summary_large_image\" \/>\n<meta name=\"twitter:creator\" content=\"@admin\" \/>\n<script type=\"application\/ld+json\" class=\"yoast-schema-graph\">{\"@context\":\"https:\\\/\\\/schema.org\",\"@graph\":[{\"@type\":\"Article\",\"@id\":\"https:\\\/\\\/www.organisator.ch\\\/marketing\\\/2024-05-24\\\/evoq-begleitet-das-rebranding-der-dertour-group\\\/#article\",\"isPartOf\":{\"@id\":\"https:\\\/\\\/www.organisator.ch\\\/marketing\\\/2024-05-24\\\/evoq-begleitet-das-rebranding-der-dertour-group\\\/\"},\"author\":{\"name\":\"galledia\",\"@id\":\"https:\\\/\\\/www.organisator.ch\\\/#\\\/schema\\\/person\\\/4e51799071cd2dd1232ac003643ef5f0\"},\"headline\":\"Evoq begleitet das Rebranding der Dertour Group\",\"datePublished\":\"2024-05-24T08:22:44+00:00\",\"dateModified\":\"2024-11-11T04:16:40+00:00\",\"mainEntityOfPage\":{\"@id\":\"https:\\\/\\\/www.organisator.ch\\\/marketing\\\/2024-05-24\\\/evoq-begleitet-das-rebranding-der-dertour-group\\\/\"},\"wordCount\":175,\"publisher\":{\"@id\":\"https:\\\/\\\/www.organisator.ch\\\/#organization\"},\"image\":{\"@id\":\"https:\\\/\\\/www.organisator.ch\\\/marketing\\\/2024-05-24\\\/evoq-begleitet-das-rebranding-der-dertour-group\\\/#primaryimage\"},\"thumbnailUrl\":\"https:\\\/\\\/www.werbewoche.ch\\\/wp-content\\\/uploads\\\/2024\\\/05\\\/DERTOUR-Group-Website.jpg\",\"keywords\":[\"Dertour\",\"Evoq\",\"Hotels &amp; Reisen\",\"Marken\",\"Rebranding\"],\"articleSection\":[\"MARKETING\"],\"inLanguage\":\"de\"},{\"@type\":\"WebPage\",\"@id\":\"https:\\\/\\\/www.organisator.ch\\\/marketing\\\/2024-05-24\\\/evoq-begleitet-das-rebranding-der-dertour-group\\\/\",\"url\":\"https:\\\/\\\/www.organisator.ch\\\/marketing\\\/2024-05-24\\\/evoq-begleitet-das-rebranding-der-dertour-group\\\/\",\"name\":\"Evoq begleitet das Rebranding der Dertour Group - Organisator\",\"isPartOf\":{\"@id\":\"https:\\\/\\\/www.organisator.ch\\\/#website\"},\"primaryImageOfPage\":{\"@id\":\"https:\\\/\\\/www.organisator.ch\\\/marketing\\\/2024-05-24\\\/evoq-begleitet-das-rebranding-der-dertour-group\\\/#primaryimage\"},\"image\":{\"@id\":\"https:\\\/\\\/www.organisator.ch\\\/marketing\\\/2024-05-24\\\/evoq-begleitet-das-rebranding-der-dertour-group\\\/#primaryimage\"},\"thumbnailUrl\":\"https:\\\/\\\/www.werbewoche.ch\\\/wp-content\\\/uploads\\\/2024\\\/05\\\/DERTOUR-Group-Website.jpg\",\"datePublished\":\"2024-05-24T08:22:44+00:00\",\"dateModified\":\"2024-11-11T04:16:40+00:00\",\"description\":\"Dertour Group lanciert neues Liquid-Design-Konzept. Markenwahrnehmung und Integration aller Gesch\u00e4ftsbereiche st\u00e4rken.\",\"breadcrumb\":{\"@id\":\"https:\\\/\\\/www.organisator.ch\\\/marketing\\\/2024-05-24\\\/evoq-begleitet-das-rebranding-der-dertour-group\\\/#breadcrumb\"},\"inLanguage\":\"de\",\"potentialAction\":[{\"@type\":\"ReadAction\",\"target\":[\"https:\\\/\\\/www.organisator.ch\\\/marketing\\\/2024-05-24\\\/evoq-begleitet-das-rebranding-der-dertour-group\\\/\"]}]},{\"@type\":\"ImageObject\",\"inLanguage\":\"de\",\"@id\":\"https:\\\/\\\/www.organisator.ch\\\/marketing\\\/2024-05-24\\\/evoq-begleitet-das-rebranding-der-dertour-group\\\/#primaryimage\",\"url\":\"https:\\\/\\\/www.werbewoche.ch\\\/wp-content\\\/uploads\\\/2024\\\/05\\\/DERTOUR-Group-Website.jpg\",\"contentUrl\":\"https:\\\/\\\/www.werbewoche.ch\\\/wp-content\\\/uploads\\\/2024\\\/05\\\/DERTOUR-Group-Website.jpg\"},{\"@type\":\"BreadcrumbList\",\"@id\":\"https:\\\/\\\/www.organisator.ch\\\/marketing\\\/2024-05-24\\\/evoq-begleitet-das-rebranding-der-dertour-group\\\/#breadcrumb\",\"itemListElement\":[{\"@type\":\"ListItem\",\"position\":1,\"name\":\"Home\",\"item\":\"https:\\\/\\\/www.organisator.ch\\\/\"},{\"@type\":\"ListItem\",\"position\":2,\"name\":\"Evoq begleitet das Rebranding der Dertour Group\"}]},{\"@type\":\"WebSite\",\"@id\":\"https:\\\/\\\/www.organisator.ch\\\/#website\",\"url\":\"https:\\\/\\\/www.organisator.ch\\\/\",\"name\":\"Organisator\",\"description\":\"Kompetent. Praxisnah. Der ORGANISATOR bereitet in 10 Ausgaben pro Jahr die wesentlichen Themen f\u00fcr F\u00fchrungskr\u00e4fte von KMU auf.\",\"publisher\":{\"@id\":\"https:\\\/\\\/www.organisator.ch\\\/#organization\"},\"potentialAction\":[{\"@type\":\"SearchAction\",\"target\":{\"@type\":\"EntryPoint\",\"urlTemplate\":\"https:\\\/\\\/www.organisator.ch\\\/?s={search_term_string}\"},\"query-input\":{\"@type\":\"PropertyValueSpecification\",\"valueRequired\":true,\"valueName\":\"search_term_string\"}}],\"inLanguage\":\"de\"},{\"@type\":\"Organization\",\"@id\":\"https:\\\/\\\/www.organisator.ch\\\/#organization\",\"name\":\"Organisator\",\"url\":\"https:\\\/\\\/www.organisator.ch\\\/\",\"logo\":{\"@type\":\"ImageObject\",\"inLanguage\":\"de\",\"@id\":\"https:\\\/\\\/www.organisator.ch\\\/#\\\/schema\\\/logo\\\/image\\\/\",\"url\":\"https:\\\/\\\/www.organisator.ch\\\/wp-content\\\/uploads\\\/2022\\\/01\\\/Logo_Organisator_Website.png\",\"contentUrl\":\"https:\\\/\\\/www.organisator.ch\\\/wp-content\\\/uploads\\\/2022\\\/01\\\/Logo_Organisator_Website.png\",\"width\":800,\"height\":77,\"caption\":\"Organisator\"},\"image\":{\"@id\":\"https:\\\/\\\/www.organisator.ch\\\/#\\\/schema\\\/logo\\\/image\\\/\"},\"sameAs\":[\"https:\\\/\\\/www.facebook.com\\\/OrganisatorFachmagazin\",\"https:\\\/\\\/www.linkedin.com\\\/showcase\\\/organisator-das-magazin-fr-kmu\",\"https:\\\/\\\/www.xing.com\\\/news\\\/pages\\\/organisator-ch-695\",\"https:\\\/\\\/www.youtube.com\\\/channel\\\/UCGP2Sq0iWaZwT3BdIAQFYpw\"]},{\"@type\":\"Person\",\"@id\":\"https:\\\/\\\/www.organisator.ch\\\/#\\\/schema\\\/person\\\/4e51799071cd2dd1232ac003643ef5f0\",\"name\":\"galledia\",\"image\":{\"@type\":\"ImageObject\",\"inLanguage\":\"de\",\"@id\":\"https:\\\/\\\/secure.gravatar.com\\\/avatar\\\/78a7f90c01fc2bfc875782a0d4922b37cde2cf184ce347b91316d23cd7f69a36?s=96&d=mm&r=g\",\"url\":\"https:\\\/\\\/secure.gravatar.com\\\/avatar\\\/78a7f90c01fc2bfc875782a0d4922b37cde2cf184ce347b91316d23cd7f69a36?s=96&d=mm&r=g\",\"contentUrl\":\"https:\\\/\\\/secure.gravatar.com\\\/avatar\\\/78a7f90c01fc2bfc875782a0d4922b37cde2cf184ce347b91316d23cd7f69a36?s=96&d=mm&r=g\",\"caption\":\"galledia\"},\"sameAs\":[\"https:\\\/\\\/x.com\\\/admin\"],\"url\":\"https:\\\/\\\/www.organisator.ch\\\/de\\\/author\\\/galledia\\\/\"}]}<\/script>\n<!-- \/ Yoast SEO plugin. -->","yoast_head_json":{"title":"Evoq begleitet das Rebranding der Dertour Group - Organisator","description":"Dertour Group lanciert neues Liquid-Design-Konzept. Markenwahrnehmung und Integration aller Gesch\u00e4ftsbereiche st\u00e4rken.","robots":{"index":"index","follow":"follow","max-snippet":"max-snippet:-1","max-image-preview":"max-image-preview:large","max-video-preview":"max-video-preview:-1"},"canonical":"https:\/\/www.organisator.ch\/de\/marketing\/2024-05-24\/evoq-begleitet-das-rebranding-der-dertour-group\/","og_locale":"de_DE","og_type":"article","og_title":"Evoq begleitet das Rebranding der Dertour Group - Organisator","og_description":"Dertour Group lanciert neues Liquid-Design-Konzept. Markenwahrnehmung und Integration aller Gesch\u00e4ftsbereiche st\u00e4rken.","og_url":"https:\/\/www.organisator.ch\/de\/marketing\/2024-05-24\/evoq-begleitet-das-rebranding-der-dertour-group\/","og_site_name":"Organisator","article_publisher":"https:\/\/www.facebook.com\/OrganisatorFachmagazin","article_published_time":"2024-05-24T08:22:44+00:00","article_modified_time":"2024-11-11T04:16:40+00:00","og_image":[{"url":"https:\/\/www.werbewoche.ch\/wp-content\/uploads\/2024\/05\/DERTOUR-Group-Website.jpg","type":"","width":"","height":""}],"author":"galledia","twitter_card":"summary_large_image","twitter_creator":"@admin","schema":{"@context":"https:\/\/schema.org","@graph":[{"@type":"Article","@id":"https:\/\/www.organisator.ch\/marketing\/2024-05-24\/evoq-begleitet-das-rebranding-der-dertour-group\/#article","isPartOf":{"@id":"https:\/\/www.organisator.ch\/marketing\/2024-05-24\/evoq-begleitet-das-rebranding-der-dertour-group\/"},"author":{"name":"galledia","@id":"https:\/\/www.organisator.ch\/#\/schema\/person\/4e51799071cd2dd1232ac003643ef5f0"},"headline":"Evoq begleitet das Rebranding der Dertour Group","datePublished":"2024-05-24T08:22:44+00:00","dateModified":"2024-11-11T04:16:40+00:00","mainEntityOfPage":{"@id":"https:\/\/www.organisator.ch\/marketing\/2024-05-24\/evoq-begleitet-das-rebranding-der-dertour-group\/"},"wordCount":175,"publisher":{"@id":"https:\/\/www.organisator.ch\/#organization"},"image":{"@id":"https:\/\/www.organisator.ch\/marketing\/2024-05-24\/evoq-begleitet-das-rebranding-der-dertour-group\/#primaryimage"},"thumbnailUrl":"https:\/\/www.werbewoche.ch\/wp-content\/uploads\/2024\/05\/DERTOUR-Group-Website.jpg","keywords":["Dertour","Evoq","Hotels &amp; Reisen","Marken","Rebranding"],"articleSection":["MARKETING"],"inLanguage":"de"},{"@type":"WebPage","@id":"https:\/\/www.organisator.ch\/marketing\/2024-05-24\/evoq-begleitet-das-rebranding-der-dertour-group\/","url":"https:\/\/www.organisator.ch\/marketing\/2024-05-24\/evoq-begleitet-das-rebranding-der-dertour-group\/","name":"Evoq begleitet das Rebranding der Dertour Group - Organisator","isPartOf":{"@id":"https:\/\/www.organisator.ch\/#website"},"primaryImageOfPage":{"@id":"https:\/\/www.organisator.ch\/marketing\/2024-05-24\/evoq-begleitet-das-rebranding-der-dertour-group\/#primaryimage"},"image":{"@id":"https:\/\/www.organisator.ch\/marketing\/2024-05-24\/evoq-begleitet-das-rebranding-der-dertour-group\/#primaryimage"},"thumbnailUrl":"https:\/\/www.werbewoche.ch\/wp-content\/uploads\/2024\/05\/DERTOUR-Group-Website.jpg","datePublished":"2024-05-24T08:22:44+00:00","dateModified":"2024-11-11T04:16:40+00:00","description":"Dertour Group lanciert neues Liquid-Design-Konzept. Markenwahrnehmung und Integration aller Gesch\u00e4ftsbereiche st\u00e4rken.","breadcrumb":{"@id":"https:\/\/www.organisator.ch\/marketing\/2024-05-24\/evoq-begleitet-das-rebranding-der-dertour-group\/#breadcrumb"},"inLanguage":"de","potentialAction":[{"@type":"ReadAction","target":["https:\/\/www.organisator.ch\/marketing\/2024-05-24\/evoq-begleitet-das-rebranding-der-dertour-group\/"]}]},{"@type":"ImageObject","inLanguage":"de","@id":"https:\/\/www.organisator.ch\/marketing\/2024-05-24\/evoq-begleitet-das-rebranding-der-dertour-group\/#primaryimage","url":"https:\/\/www.werbewoche.ch\/wp-content\/uploads\/2024\/05\/DERTOUR-Group-Website.jpg","contentUrl":"https:\/\/www.werbewoche.ch\/wp-content\/uploads\/2024\/05\/DERTOUR-Group-Website.jpg"},{"@type":"BreadcrumbList","@id":"https:\/\/www.organisator.ch\/marketing\/2024-05-24\/evoq-begleitet-das-rebranding-der-dertour-group\/#breadcrumb","itemListElement":[{"@type":"ListItem","position":1,"name":"Home","item":"https:\/\/www.organisator.ch\/"},{"@type":"ListItem","position":2,"name":"Evoq begleitet das Rebranding der Dertour Group"}]},{"@type":"WebSite","@id":"https:\/\/www.organisator.ch\/#website","url":"https:\/\/www.organisator.ch\/","name":"Organisator","description":"Kompetent. Praxisnah. Der ORGANISATOR bereitet in 10 Ausgaben pro Jahr die wesentlichen Themen f\u00fcr F\u00fchrungskr\u00e4fte von KMU auf.","publisher":{"@id":"https:\/\/www.organisator.ch\/#organization"},"potentialAction":[{"@type":"SearchAction","target":{"@type":"EntryPoint","urlTemplate":"https:\/\/www.organisator.ch\/?s={search_term_string}"},"query-input":{"@type":"PropertyValueSpecification","valueRequired":true,"valueName":"search_term_string"}}],"inLanguage":"de"},{"@type":"Organization","@id":"https:\/\/www.organisator.ch\/#organization","name":"Organisator","url":"https:\/\/www.organisator.ch\/","logo":{"@type":"ImageObject","inLanguage":"de","@id":"https:\/\/www.organisator.ch\/#\/schema\/logo\/image\/","url":"https:\/\/www.organisator.ch\/wp-content\/uploads\/2022\/01\/Logo_Organisator_Website.png","contentUrl":"https:\/\/www.organisator.ch\/wp-content\/uploads\/2022\/01\/Logo_Organisator_Website.png","width":800,"height":77,"caption":"Organisator"},"image":{"@id":"https:\/\/www.organisator.ch\/#\/schema\/logo\/image\/"},"sameAs":["https:\/\/www.facebook.com\/OrganisatorFachmagazin","https:\/\/www.linkedin.com\/showcase\/organisator-das-magazin-fr-kmu","https:\/\/www.xing.com\/news\/pages\/organisator-ch-695","https:\/\/www.youtube.com\/channel\/UCGP2Sq0iWaZwT3BdIAQFYpw"]},{"@type":"Person","@id":"https:\/\/www.organisator.ch\/#\/schema\/person\/4e51799071cd2dd1232ac003643ef5f0","name":"galledia","image":{"@type":"ImageObject","inLanguage":"de","@id":"https:\/\/secure.gravatar.com\/avatar\/78a7f90c01fc2bfc875782a0d4922b37cde2cf184ce347b91316d23cd7f69a36?s=96&d=mm&r=g","url":"https:\/\/secure.gravatar.com\/avatar\/78a7f90c01fc2bfc875782a0d4922b37cde2cf184ce347b91316d23cd7f69a36?s=96&d=mm&r=g","contentUrl":"https:\/\/secure.gravatar.com\/avatar\/78a7f90c01fc2bfc875782a0d4922b37cde2cf184ce347b91316d23cd7f69a36?s=96&d=mm&r=g","caption":"galledia"},"sameAs":["https:\/\/x.com\/admin"],"url":"https:\/\/www.organisator.ch\/de\/author\/galledia\/"}]}},"_links":{"self":[{"href":"https:\/\/www.organisator.ch\/de\/wp-json\/wp\/v2\/posts\/27239","targetHints":{"allow":["GET"]}}],"collection":[{"href":"https:\/\/www.organisator.ch\/de\/wp-json\/wp\/v2\/posts"}],"about":[{"href":"https:\/\/www.organisator.ch\/de\/wp-json\/wp\/v2\/types\/post"}],"author":[{"embeddable":true,"href":"https:\/\/www.organisator.ch\/de\/wp-json\/wp\/v2\/users\/8"}],"replies":[{"embeddable":true,"href":"https:\/\/www.organisator.ch\/de\/wp-json\/wp\/v2\/comments?post=27239"}],"version-history":[{"count":8,"href":"https:\/\/www.organisator.ch\/de\/wp-json\/wp\/v2\/posts\/27239\/revisions"}],"predecessor-version":[{"id":32233,"href":"https:\/\/www.organisator.ch\/de\/wp-json\/wp\/v2\/posts\/27239\/revisions\/32233"}],"wp:attachment":[{"href":"https:\/\/www.organisator.ch\/de\/wp-json\/wp\/v2\/media?parent=27239"}],"wp:term":[{"taxonomy":"category","embeddable":true,"href":"https:\/\/www.organisator.ch\/de\/wp-json\/wp\/v2\/categories?post=27239"},{"taxonomy":"post_tag","embeddable":true,"href":"https:\/\/www.organisator.ch\/de\/wp-json\/wp\/v2\/tags?post=27239"}],"curies":[{"name":"wp","href":"https:\/\/api.w.org\/{rel}","templated":true}]}}