{"id":27359,"date":"2024-05-31T07:13:54","date_gmt":"2024-05-31T05:13:54","guid":{"rendered":"https:\/\/www.organisator.ch\/?p=27359"},"modified":"2024-05-30T08:54:29","modified_gmt":"2024-05-30T06:54:29","slug":"astrazeneca-fuehrt-gleichberechtigte-elternzeit-ein-erste-erfahrungen","status":"publish","type":"post","link":"https:\/\/www.organisator.ch\/de\/human-resources\/2024-05-31\/astrazeneca-fuehrt-gleichberechtigte-elternzeit-ein-erste-erfahrungen\/","title":{"rendered":"AstraZeneca f\u00fchrt gleichberechtigte Elternzeit ein &#8211; Erste Erfahrungen"},"content":{"rendered":"<figure id=\"attachment_27360\" aria-describedby=\"caption-attachment-27360\" style=\"width: 680px\" class=\"wp-caption alignnone\"><img loading=\"lazy\" decoding=\"async\" class=\"size-full wp-image-27360\" src=\"https:\/\/www.organisator.ch\/wp-content\/uploads\/2024\/05\/AstraZeneca_Bild1_ps.jpg\" alt=\"\" width=\"680\" height=\"470\" srcset=\"https:\/\/www.organisator.ch\/wp-content\/uploads\/2024\/05\/AstraZeneca_Bild1_ps.jpg 680w, https:\/\/www.organisator.ch\/wp-content\/uploads\/2024\/05\/AstraZeneca_Bild1_ps-18x12.jpg 18w, https:\/\/www.organisator.ch\/wp-content\/uploads\/2024\/05\/AstraZeneca_Bild1_ps-375x259.jpg 375w, https:\/\/www.organisator.ch\/wp-content\/uploads\/2024\/05\/AstraZeneca_Bild1_ps-506x350.jpg 506w\" sizes=\"auto, (max-width: 680px) 100vw, 680px\" \/><figcaption id=\"caption-attachment-27360\" class=\"wp-caption-text\">AstraZeneca: V\u00e4ter bzw. der zweite Elternteil k\u00f6nnen neu, wie die M\u00fctter bzw. die Hauptpflegeperson, 16 statt zwei Wochen Elternurlaub beziehen. (Bild: www.depositphotos.com)<\/figcaption><\/figure>\n<p>Im Juli 2023 hat AstraZeneca die gleichberechtigte Elternzeit eingef\u00fchrt. Damit f\u00f6rdert AstraZeneca konsequent die Gleichstellung von M\u00e4nnern und Frauen, indem beide Elternteile die M\u00f6glichkeit haben, sich w\u00e4hrend einer Auszeit um die Kinder zu k\u00fcmmern. \u00abNeben der F\u00f6rderung der Gleichstellung, unterst\u00fctzen wir auch die Arbeitszufriedenheit der Mitarbeitenden. Wir sind davon \u00fcberzeugt, dass wir mit dieser Initiative zu einem integrativen und produktiveren Arbeitsplatz beitragen\u00bb, erkl\u00e4rt Katrin Lipp, Human Resources Director, AstraZeneca Schweiz.<\/p>\n<h3><strong>F\u00fcr alle Beteiligten eine positive Erfahrung<\/strong><\/h3>\n<p>Die neue Elternzeit bei AstraZeneca wurde von allen Beteiligten sehr positiv aufgenommen. Das zeigte sich deutlich in den ersten R\u00fcckmeldungen der einzelnen Teams. \u00abDank dieser M\u00f6glichkeit konnte ich mich zu hundert Prozent auf meine Rolle als Vater konzentrieren und die Familie umfassend unterst\u00fctzen. Meine Stellvertretung im Unternehmen war vorbereitet und gut organisiert. Meine Mitarbeitenden \u00fcbernahmen w\u00e4hrend dieser Zeit mehr Verantwortung, was ihnen im Unternehmen auch k\u00fcnftig zugutekommen wird. Ich selbst kehrte mit einem frischen Blick ins B\u00fcro zur\u00fcck\u00bb, berichtet Diederik Eisvogel, Business Unit Director Respiratory &amp; Immunology, AstraZeneca Schweiz. \u00a0<\/p>\n<h3><strong>F\u00f6rderung der Gleichstellung mit gesamtwirtschaftlichem Nutzen<\/strong><\/h3>\n<p>AstraZeneca ist davon \u00fcberzeugt, dass die bessere Vereinbarkeit von Familie und Beruf auch einen gesamtwirtschaftlichen Nutzen mit sich bringt, insbesondere Frauen werden ermutigt, im Berufsleben zu bleiben. \u00abF\u00fcr unsere Gesellschaft halte ich es f\u00fcr sehr wertvoll, einen so langen Vaterschaftsurlaub beziehen zu k\u00f6nnen. Meine Frau kann in dieser Zeit arbeiten gehen, sie bleibt in ihrem Beruf, und ich leiste damit einen Beitrag zur Gleichstellung\u00bb, sagt Daniel Feltrin, Brand Lead Oncology \u2013 Haematology, AstraZeneca Schweiz.<\/p>\n<p>Der Elternurlaub tr\u00e4gt dazu bei, soziale Normen und Erwartungen im Zusammenhang mit der Kinder-Betreuung in Frage zu stellen, was letztlich zu einer integrativeren und fortschrittlicheren Gesellschaft f\u00fchrt. Nicht nur den Familien, sondern der Gesellschaft als Ganzes kommt die gleichberechtigte Elternzeit zugute. In diesem Sinne wird AstraZeneca die Gleichstellung der Geschlechter und den Elternurlaub weiter f\u00f6rdern.<\/p>\n<p><em>Quelle:<a href=\"https:\/\/www.astrazeneca.ch\/de\"> www.astrazeneca.ch\u00a0<\/a><\/em><\/p>\n","protected":false},"excerpt":{"rendered":"<p>AstraZeneca hat im vergangenen Jahr die gleichberechtigte Elternzeit eingef\u00fchrt. V\u00e4ter bzw. der zweite Elternteil k\u00f6nnen neu, wie die M\u00fctter bzw. die Hauptpflegeperson, 16 statt zwei Wochen Elternurlaub beziehen. Diese Regelung gilt auch bei Adoptionen. Mit der Einf\u00fchrung f\u00f6rdert das Unternehmen die Gleichstellung und unterstreicht sein Engagement f\u00fcr Inklusion und Diversit\u00e4t.<\/p>\n","protected":false},"author":58,"featured_media":27360,"comment_status":"closed","ping_status":"closed","sticky":false,"template":"","format":"standard","meta":{"_acf_changed":false,"_yoast_wpseo_focuskw":"Elternzeit","_yoast_wpseo_metadesc":"V\u00e4ter bzw. der zweite Elternteil k\u00f6nnen neu, wie die M\u00fctter bzw. die Hauptpflegeperson, 16 statt zwei Wochen Elternurlaub beziehen bei AstraZeneca.","articlekey":"","footnotes":""},"categories":[579],"tags":[4139,3506,492],"class_list":["post-27359","post","type-post","status-publish","format-standard","has-post-thumbnail","hentry","category-human-resources","tag-gleichberechtigung","tag-human-resources","tag-unternehmen"],"acf":[],"yoast_head":"<!-- This site is optimized with the Yoast SEO plugin v27.5 - https:\/\/yoast.com\/product\/yoast-seo-wordpress\/ -->\n<title>AstraZeneca f\u00fchrt gleichberechtigte Elternzeit ein - Erste Erfahrungen - Organisator<\/title>\n<meta name=\"description\" content=\"V\u00e4ter bzw. der zweite Elternteil k\u00f6nnen neu, wie die M\u00fctter bzw. die Hauptpflegeperson, 16 statt zwei Wochen Elternurlaub beziehen bei AstraZeneca.\" \/>\n<meta name=\"robots\" content=\"index, follow, max-snippet:-1, max-image-preview:large, max-video-preview:-1\" \/>\n<link rel=\"canonical\" href=\"https:\/\/www.organisator.ch\/de\/human-resources\/2024-05-31\/astrazeneca-fuehrt-gleichberechtigte-elternzeit-ein-erste-erfahrungen\/\" \/>\n<meta property=\"og:locale\" content=\"de_DE\" \/>\n<meta property=\"og:type\" content=\"article\" \/>\n<meta property=\"og:title\" content=\"AstraZeneca f\u00fchrt gleichberechtigte Elternzeit ein - Erste Erfahrungen\" \/>\n<meta property=\"og:description\" content=\"V\u00e4ter bzw. der zweite Elternteil k\u00f6nnen neu, wie die M\u00fctter bzw. die Hauptpflegeperson, 16 statt zwei Wochen Elternurlaub beziehen bei AstraZeneca.\" \/>\n<meta property=\"og:url\" content=\"https:\/\/www.organisator.ch\/de\/human-resources\/2024-05-31\/astrazeneca-fuehrt-gleichberechtigte-elternzeit-ein-erste-erfahrungen\/\" \/>\n<meta property=\"og:site_name\" content=\"Organisator\" \/>\n<meta property=\"article:publisher\" content=\"https:\/\/www.facebook.com\/OrganisatorFachmagazin\" \/>\n<meta property=\"article:published_time\" content=\"2024-05-31T05:13:54+00:00\" \/>\n<meta property=\"og:image\" content=\"https:\/\/www.organisator.ch\/wp-content\/uploads\/2024\/05\/AstraZeneca_Bild1_ps.jpg\" \/>\n\t<meta property=\"og:image:width\" content=\"680\" \/>\n\t<meta property=\"og:image:height\" content=\"470\" \/>\n\t<meta property=\"og:image:type\" content=\"image\/jpeg\" \/>\n<meta name=\"author\" content=\"Adelisa Kalajdzini\" \/>\n<meta name=\"twitter:card\" content=\"summary_large_image\" \/>\n<meta name=\"twitter:title\" content=\"AstraZeneca f\u00fchrt gleichberechtigte Elternzeit ein - Erste Erfahrungen\" \/>\n<meta name=\"twitter:description\" content=\"#V\u00e4ter bzw. der zweite #Elternteil k\u00f6nnen neu, wie die M\u00fctter bzw. die Hauptpflegeperson, 16 statt zwei Wochen #Elternurlaub beziehen bei #AstraZeneca.\" \/>\n<meta name=\"twitter:image\" content=\"https:\/\/www.organisator.ch\/wp-content\/uploads\/2024\/05\/AstraZeneca_Bild1_ps.jpg\" \/>\n<script type=\"application\/ld+json\" class=\"yoast-schema-graph\">{\"@context\":\"https:\\\/\\\/schema.org\",\"@graph\":[{\"@type\":\"Article\",\"@id\":\"https:\\\/\\\/www.organisator.ch\\\/human-resources\\\/2024-05-31\\\/astrazeneca-fuehrt-gleichberechtigte-elternzeit-ein-erste-erfahrungen\\\/#article\",\"isPartOf\":{\"@id\":\"https:\\\/\\\/www.organisator.ch\\\/human-resources\\\/2024-05-31\\\/astrazeneca-fuehrt-gleichberechtigte-elternzeit-ein-erste-erfahrungen\\\/\"},\"author\":{\"name\":\"Adelisa Kalajdzini\",\"@id\":\"https:\\\/\\\/www.organisator.ch\\\/#\\\/schema\\\/person\\\/2e1314a2172123f874db408d8911d3f3\"},\"headline\":\"AstraZeneca f\u00fchrt gleichberechtigte Elternzeit ein &#8211; Erste Erfahrungen\",\"datePublished\":\"2024-05-31T05:13:54+00:00\",\"mainEntityOfPage\":{\"@id\":\"https:\\\/\\\/www.organisator.ch\\\/human-resources\\\/2024-05-31\\\/astrazeneca-fuehrt-gleichberechtigte-elternzeit-ein-erste-erfahrungen\\\/\"},\"wordCount\":368,\"publisher\":{\"@id\":\"https:\\\/\\\/www.organisator.ch\\\/#organization\"},\"image\":{\"@id\":\"https:\\\/\\\/www.organisator.ch\\\/human-resources\\\/2024-05-31\\\/astrazeneca-fuehrt-gleichberechtigte-elternzeit-ein-erste-erfahrungen\\\/#primaryimage\"},\"thumbnailUrl\":\"https:\\\/\\\/www.organisator.ch\\\/wp-content\\\/uploads\\\/2024\\\/05\\\/AstraZeneca_Bild1_ps.jpg\",\"keywords\":[\"Gleichberechtigung\",\"Human Resources\",\"Unternehmen\"],\"articleSection\":[\"HUMAN RESOURCES\"],\"inLanguage\":\"de\"},{\"@type\":\"WebPage\",\"@id\":\"https:\\\/\\\/www.organisator.ch\\\/human-resources\\\/2024-05-31\\\/astrazeneca-fuehrt-gleichberechtigte-elternzeit-ein-erste-erfahrungen\\\/\",\"url\":\"https:\\\/\\\/www.organisator.ch\\\/human-resources\\\/2024-05-31\\\/astrazeneca-fuehrt-gleichberechtigte-elternzeit-ein-erste-erfahrungen\\\/\",\"name\":\"AstraZeneca f\u00fchrt gleichberechtigte Elternzeit ein - Erste Erfahrungen - Organisator\",\"isPartOf\":{\"@id\":\"https:\\\/\\\/www.organisator.ch\\\/#website\"},\"primaryImageOfPage\":{\"@id\":\"https:\\\/\\\/www.organisator.ch\\\/human-resources\\\/2024-05-31\\\/astrazeneca-fuehrt-gleichberechtigte-elternzeit-ein-erste-erfahrungen\\\/#primaryimage\"},\"image\":{\"@id\":\"https:\\\/\\\/www.organisator.ch\\\/human-resources\\\/2024-05-31\\\/astrazeneca-fuehrt-gleichberechtigte-elternzeit-ein-erste-erfahrungen\\\/#primaryimage\"},\"thumbnailUrl\":\"https:\\\/\\\/www.organisator.ch\\\/wp-content\\\/uploads\\\/2024\\\/05\\\/AstraZeneca_Bild1_ps.jpg\",\"datePublished\":\"2024-05-31T05:13:54+00:00\",\"description\":\"V\u00e4ter bzw. der zweite Elternteil k\u00f6nnen neu, wie die M\u00fctter bzw. die Hauptpflegeperson, 16 statt zwei Wochen Elternurlaub beziehen bei AstraZeneca.\",\"breadcrumb\":{\"@id\":\"https:\\\/\\\/www.organisator.ch\\\/human-resources\\\/2024-05-31\\\/astrazeneca-fuehrt-gleichberechtigte-elternzeit-ein-erste-erfahrungen\\\/#breadcrumb\"},\"inLanguage\":\"de\",\"potentialAction\":[{\"@type\":\"ReadAction\",\"target\":[\"https:\\\/\\\/www.organisator.ch\\\/human-resources\\\/2024-05-31\\\/astrazeneca-fuehrt-gleichberechtigte-elternzeit-ein-erste-erfahrungen\\\/\"]}]},{\"@type\":\"ImageObject\",\"inLanguage\":\"de\",\"@id\":\"https:\\\/\\\/www.organisator.ch\\\/human-resources\\\/2024-05-31\\\/astrazeneca-fuehrt-gleichberechtigte-elternzeit-ein-erste-erfahrungen\\\/#primaryimage\",\"url\":\"https:\\\/\\\/www.organisator.ch\\\/wp-content\\\/uploads\\\/2024\\\/05\\\/AstraZeneca_Bild1_ps.jpg\",\"contentUrl\":\"https:\\\/\\\/www.organisator.ch\\\/wp-content\\\/uploads\\\/2024\\\/05\\\/AstraZeneca_Bild1_ps.jpg\",\"width\":680,\"height\":470,\"caption\":\"AstraZeneca: V\u00e4ter bzw. der zweite Elternteil k\u00f6nnen neu, wie die M\u00fctter bzw. die Hauptpflegeperson, 16 statt zwei Wochen Elternurlaub beziehen. (Bild: www.depositphotos.com)\"},{\"@type\":\"BreadcrumbList\",\"@id\":\"https:\\\/\\\/www.organisator.ch\\\/human-resources\\\/2024-05-31\\\/astrazeneca-fuehrt-gleichberechtigte-elternzeit-ein-erste-erfahrungen\\\/#breadcrumb\",\"itemListElement\":[{\"@type\":\"ListItem\",\"position\":1,\"name\":\"Home\",\"item\":\"https:\\\/\\\/www.organisator.ch\\\/\"},{\"@type\":\"ListItem\",\"position\":2,\"name\":\"AstraZeneca f\u00fchrt gleichberechtigte Elternzeit ein &#8211; Erste Erfahrungen\"}]},{\"@type\":\"WebSite\",\"@id\":\"https:\\\/\\\/www.organisator.ch\\\/#website\",\"url\":\"https:\\\/\\\/www.organisator.ch\\\/\",\"name\":\"Organisator\",\"description\":\"Kompetent. Praxisnah. Der ORGANISATOR bereitet in 10 Ausgaben pro Jahr die wesentlichen Themen f\u00fcr F\u00fchrungskr\u00e4fte von KMU auf.\",\"publisher\":{\"@id\":\"https:\\\/\\\/www.organisator.ch\\\/#organization\"},\"potentialAction\":[{\"@type\":\"SearchAction\",\"target\":{\"@type\":\"EntryPoint\",\"urlTemplate\":\"https:\\\/\\\/www.organisator.ch\\\/?s={search_term_string}\"},\"query-input\":{\"@type\":\"PropertyValueSpecification\",\"valueRequired\":true,\"valueName\":\"search_term_string\"}}],\"inLanguage\":\"de\"},{\"@type\":\"Organization\",\"@id\":\"https:\\\/\\\/www.organisator.ch\\\/#organization\",\"name\":\"Organisator\",\"url\":\"https:\\\/\\\/www.organisator.ch\\\/\",\"logo\":{\"@type\":\"ImageObject\",\"inLanguage\":\"de\",\"@id\":\"https:\\\/\\\/www.organisator.ch\\\/#\\\/schema\\\/logo\\\/image\\\/\",\"url\":\"https:\\\/\\\/www.organisator.ch\\\/wp-content\\\/uploads\\\/2022\\\/01\\\/Logo_Organisator_Website.png\",\"contentUrl\":\"https:\\\/\\\/www.organisator.ch\\\/wp-content\\\/uploads\\\/2022\\\/01\\\/Logo_Organisator_Website.png\",\"width\":800,\"height\":77,\"caption\":\"Organisator\"},\"image\":{\"@id\":\"https:\\\/\\\/www.organisator.ch\\\/#\\\/schema\\\/logo\\\/image\\\/\"},\"sameAs\":[\"https:\\\/\\\/www.facebook.com\\\/OrganisatorFachmagazin\",\"https:\\\/\\\/www.linkedin.com\\\/showcase\\\/organisator-das-magazin-fr-kmu\",\"https:\\\/\\\/www.xing.com\\\/news\\\/pages\\\/organisator-ch-695\",\"https:\\\/\\\/www.youtube.com\\\/channel\\\/UCGP2Sq0iWaZwT3BdIAQFYpw\"]},{\"@type\":\"Person\",\"@id\":\"https:\\\/\\\/www.organisator.ch\\\/#\\\/schema\\\/person\\\/2e1314a2172123f874db408d8911d3f3\",\"name\":\"Adelisa Kalajdzini\",\"image\":{\"@type\":\"ImageObject\",\"inLanguage\":\"de\",\"@id\":\"https:\\\/\\\/secure.gravatar.com\\\/avatar\\\/09a397c22ac58cad6f160ee8306348599df9df58a8ede73696226897b9fa4b24?s=96&d=mm&r=g\",\"url\":\"https:\\\/\\\/secure.gravatar.com\\\/avatar\\\/09a397c22ac58cad6f160ee8306348599df9df58a8ede73696226897b9fa4b24?s=96&d=mm&r=g\",\"contentUrl\":\"https:\\\/\\\/secure.gravatar.com\\\/avatar\\\/09a397c22ac58cad6f160ee8306348599df9df58a8ede73696226897b9fa4b24?s=96&d=mm&r=g\",\"caption\":\"Adelisa Kalajdzini\"},\"url\":\"https:\\\/\\\/www.organisator.ch\\\/de\\\/author\\\/adelisa-kalajdzini\\\/\"}]}<\/script>\n<!-- \/ Yoast SEO plugin. -->","yoast_head_json":{"title":"AstraZeneca f\u00fchrt gleichberechtigte Elternzeit ein - Erste Erfahrungen - Organisator","description":"V\u00e4ter bzw. der zweite Elternteil k\u00f6nnen neu, wie die M\u00fctter bzw. die Hauptpflegeperson, 16 statt zwei Wochen Elternurlaub beziehen bei AstraZeneca.","robots":{"index":"index","follow":"follow","max-snippet":"max-snippet:-1","max-image-preview":"max-image-preview:large","max-video-preview":"max-video-preview:-1"},"canonical":"https:\/\/www.organisator.ch\/de\/human-resources\/2024-05-31\/astrazeneca-fuehrt-gleichberechtigte-elternzeit-ein-erste-erfahrungen\/","og_locale":"de_DE","og_type":"article","og_title":"AstraZeneca f\u00fchrt gleichberechtigte Elternzeit ein - Erste Erfahrungen","og_description":"V\u00e4ter bzw. der zweite Elternteil k\u00f6nnen neu, wie die M\u00fctter bzw. die Hauptpflegeperson, 16 statt zwei Wochen Elternurlaub beziehen bei AstraZeneca.","og_url":"https:\/\/www.organisator.ch\/de\/human-resources\/2024-05-31\/astrazeneca-fuehrt-gleichberechtigte-elternzeit-ein-erste-erfahrungen\/","og_site_name":"Organisator","article_publisher":"https:\/\/www.facebook.com\/OrganisatorFachmagazin","article_published_time":"2024-05-31T05:13:54+00:00","og_image":[{"width":680,"height":470,"url":"https:\/\/www.organisator.ch\/wp-content\/uploads\/2024\/05\/AstraZeneca_Bild1_ps.jpg","type":"image\/jpeg"}],"author":"Adelisa Kalajdzini","twitter_card":"summary_large_image","twitter_title":"AstraZeneca f\u00fchrt gleichberechtigte Elternzeit ein - Erste Erfahrungen","twitter_description":"#V\u00e4ter bzw. der zweite #Elternteil k\u00f6nnen neu, wie die M\u00fctter bzw. die Hauptpflegeperson, 16 statt zwei Wochen #Elternurlaub beziehen bei #AstraZeneca.","twitter_image":"https:\/\/www.organisator.ch\/wp-content\/uploads\/2024\/05\/AstraZeneca_Bild1_ps.jpg","schema":{"@context":"https:\/\/schema.org","@graph":[{"@type":"Article","@id":"https:\/\/www.organisator.ch\/human-resources\/2024-05-31\/astrazeneca-fuehrt-gleichberechtigte-elternzeit-ein-erste-erfahrungen\/#article","isPartOf":{"@id":"https:\/\/www.organisator.ch\/human-resources\/2024-05-31\/astrazeneca-fuehrt-gleichberechtigte-elternzeit-ein-erste-erfahrungen\/"},"author":{"name":"Adelisa Kalajdzini","@id":"https:\/\/www.organisator.ch\/#\/schema\/person\/2e1314a2172123f874db408d8911d3f3"},"headline":"AstraZeneca f\u00fchrt gleichberechtigte Elternzeit ein &#8211; Erste Erfahrungen","datePublished":"2024-05-31T05:13:54+00:00","mainEntityOfPage":{"@id":"https:\/\/www.organisator.ch\/human-resources\/2024-05-31\/astrazeneca-fuehrt-gleichberechtigte-elternzeit-ein-erste-erfahrungen\/"},"wordCount":368,"publisher":{"@id":"https:\/\/www.organisator.ch\/#organization"},"image":{"@id":"https:\/\/www.organisator.ch\/human-resources\/2024-05-31\/astrazeneca-fuehrt-gleichberechtigte-elternzeit-ein-erste-erfahrungen\/#primaryimage"},"thumbnailUrl":"https:\/\/www.organisator.ch\/wp-content\/uploads\/2024\/05\/AstraZeneca_Bild1_ps.jpg","keywords":["Gleichberechtigung","Human Resources","Unternehmen"],"articleSection":["HUMAN RESOURCES"],"inLanguage":"de"},{"@type":"WebPage","@id":"https:\/\/www.organisator.ch\/human-resources\/2024-05-31\/astrazeneca-fuehrt-gleichberechtigte-elternzeit-ein-erste-erfahrungen\/","url":"https:\/\/www.organisator.ch\/human-resources\/2024-05-31\/astrazeneca-fuehrt-gleichberechtigte-elternzeit-ein-erste-erfahrungen\/","name":"AstraZeneca f\u00fchrt gleichberechtigte Elternzeit ein - Erste Erfahrungen - Organisator","isPartOf":{"@id":"https:\/\/www.organisator.ch\/#website"},"primaryImageOfPage":{"@id":"https:\/\/www.organisator.ch\/human-resources\/2024-05-31\/astrazeneca-fuehrt-gleichberechtigte-elternzeit-ein-erste-erfahrungen\/#primaryimage"},"image":{"@id":"https:\/\/www.organisator.ch\/human-resources\/2024-05-31\/astrazeneca-fuehrt-gleichberechtigte-elternzeit-ein-erste-erfahrungen\/#primaryimage"},"thumbnailUrl":"https:\/\/www.organisator.ch\/wp-content\/uploads\/2024\/05\/AstraZeneca_Bild1_ps.jpg","datePublished":"2024-05-31T05:13:54+00:00","description":"V\u00e4ter bzw. der zweite Elternteil k\u00f6nnen neu, wie die M\u00fctter bzw. die Hauptpflegeperson, 16 statt zwei Wochen Elternurlaub beziehen bei AstraZeneca.","breadcrumb":{"@id":"https:\/\/www.organisator.ch\/human-resources\/2024-05-31\/astrazeneca-fuehrt-gleichberechtigte-elternzeit-ein-erste-erfahrungen\/#breadcrumb"},"inLanguage":"de","potentialAction":[{"@type":"ReadAction","target":["https:\/\/www.organisator.ch\/human-resources\/2024-05-31\/astrazeneca-fuehrt-gleichberechtigte-elternzeit-ein-erste-erfahrungen\/"]}]},{"@type":"ImageObject","inLanguage":"de","@id":"https:\/\/www.organisator.ch\/human-resources\/2024-05-31\/astrazeneca-fuehrt-gleichberechtigte-elternzeit-ein-erste-erfahrungen\/#primaryimage","url":"https:\/\/www.organisator.ch\/wp-content\/uploads\/2024\/05\/AstraZeneca_Bild1_ps.jpg","contentUrl":"https:\/\/www.organisator.ch\/wp-content\/uploads\/2024\/05\/AstraZeneca_Bild1_ps.jpg","width":680,"height":470,"caption":"AstraZeneca: V\u00e4ter bzw. der zweite Elternteil k\u00f6nnen neu, wie die M\u00fctter bzw. die Hauptpflegeperson, 16 statt zwei Wochen Elternurlaub beziehen. (Bild: www.depositphotos.com)"},{"@type":"BreadcrumbList","@id":"https:\/\/www.organisator.ch\/human-resources\/2024-05-31\/astrazeneca-fuehrt-gleichberechtigte-elternzeit-ein-erste-erfahrungen\/#breadcrumb","itemListElement":[{"@type":"ListItem","position":1,"name":"Home","item":"https:\/\/www.organisator.ch\/"},{"@type":"ListItem","position":2,"name":"AstraZeneca f\u00fchrt gleichberechtigte Elternzeit ein &#8211; Erste Erfahrungen"}]},{"@type":"WebSite","@id":"https:\/\/www.organisator.ch\/#website","url":"https:\/\/www.organisator.ch\/","name":"Organisator","description":"Kompetent. Praxisnah. Der ORGANISATOR bereitet in 10 Ausgaben pro Jahr die wesentlichen Themen f\u00fcr F\u00fchrungskr\u00e4fte von KMU auf.","publisher":{"@id":"https:\/\/www.organisator.ch\/#organization"},"potentialAction":[{"@type":"SearchAction","target":{"@type":"EntryPoint","urlTemplate":"https:\/\/www.organisator.ch\/?s={search_term_string}"},"query-input":{"@type":"PropertyValueSpecification","valueRequired":true,"valueName":"search_term_string"}}],"inLanguage":"de"},{"@type":"Organization","@id":"https:\/\/www.organisator.ch\/#organization","name":"Organisator","url":"https:\/\/www.organisator.ch\/","logo":{"@type":"ImageObject","inLanguage":"de","@id":"https:\/\/www.organisator.ch\/#\/schema\/logo\/image\/","url":"https:\/\/www.organisator.ch\/wp-content\/uploads\/2022\/01\/Logo_Organisator_Website.png","contentUrl":"https:\/\/www.organisator.ch\/wp-content\/uploads\/2022\/01\/Logo_Organisator_Website.png","width":800,"height":77,"caption":"Organisator"},"image":{"@id":"https:\/\/www.organisator.ch\/#\/schema\/logo\/image\/"},"sameAs":["https:\/\/www.facebook.com\/OrganisatorFachmagazin","https:\/\/www.linkedin.com\/showcase\/organisator-das-magazin-fr-kmu","https:\/\/www.xing.com\/news\/pages\/organisator-ch-695","https:\/\/www.youtube.com\/channel\/UCGP2Sq0iWaZwT3BdIAQFYpw"]},{"@type":"Person","@id":"https:\/\/www.organisator.ch\/#\/schema\/person\/2e1314a2172123f874db408d8911d3f3","name":"Adelisa Kalajdzini","image":{"@type":"ImageObject","inLanguage":"de","@id":"https:\/\/secure.gravatar.com\/avatar\/09a397c22ac58cad6f160ee8306348599df9df58a8ede73696226897b9fa4b24?s=96&d=mm&r=g","url":"https:\/\/secure.gravatar.com\/avatar\/09a397c22ac58cad6f160ee8306348599df9df58a8ede73696226897b9fa4b24?s=96&d=mm&r=g","contentUrl":"https:\/\/secure.gravatar.com\/avatar\/09a397c22ac58cad6f160ee8306348599df9df58a8ede73696226897b9fa4b24?s=96&d=mm&r=g","caption":"Adelisa Kalajdzini"},"url":"https:\/\/www.organisator.ch\/de\/author\/adelisa-kalajdzini\/"}]}},"_links":{"self":[{"href":"https:\/\/www.organisator.ch\/de\/wp-json\/wp\/v2\/posts\/27359","targetHints":{"allow":["GET"]}}],"collection":[{"href":"https:\/\/www.organisator.ch\/de\/wp-json\/wp\/v2\/posts"}],"about":[{"href":"https:\/\/www.organisator.ch\/de\/wp-json\/wp\/v2\/types\/post"}],"author":[{"embeddable":true,"href":"https:\/\/www.organisator.ch\/de\/wp-json\/wp\/v2\/users\/58"}],"replies":[{"embeddable":true,"href":"https:\/\/www.organisator.ch\/de\/wp-json\/wp\/v2\/comments?post=27359"}],"version-history":[{"count":4,"href":"https:\/\/www.organisator.ch\/de\/wp-json\/wp\/v2\/posts\/27359\/revisions"}],"predecessor-version":[{"id":27408,"href":"https:\/\/www.organisator.ch\/de\/wp-json\/wp\/v2\/posts\/27359\/revisions\/27408"}],"wp:featuredmedia":[{"embeddable":true,"href":"https:\/\/www.organisator.ch\/de\/wp-json\/wp\/v2\/media\/27360"}],"wp:attachment":[{"href":"https:\/\/www.organisator.ch\/de\/wp-json\/wp\/v2\/media?parent=27359"}],"wp:term":[{"taxonomy":"category","embeddable":true,"href":"https:\/\/www.organisator.ch\/de\/wp-json\/wp\/v2\/categories?post=27359"},{"taxonomy":"post_tag","embeddable":true,"href":"https:\/\/www.organisator.ch\/de\/wp-json\/wp\/v2\/tags?post=27359"}],"curies":[{"name":"wp","href":"https:\/\/api.w.org\/{rel}","templated":true}]}}