{"id":27362,"date":"2024-05-31T10:20:03","date_gmt":"2024-05-31T08:20:03","guid":{"rendered":"https:\/\/www.organisator.ch\/?p=27362"},"modified":"2024-05-30T10:43:20","modified_gmt":"2024-05-30T08:43:20","slug":"franziska-barmettler-wird-neue-ceo-von-digitalswitzerland","status":"publish","type":"post","link":"https:\/\/www.organisator.ch\/de\/management\/2024-05-31\/franziska-barmettler-wird-neue-ceo-von-digitalswitzerland\/","title":{"rendered":"Franziska Barmettler wird neue CEO von digitalswitzerland"},"content":{"rendered":"<figure id=\"attachment_27367\" aria-describedby=\"caption-attachment-27367\" style=\"width: 680px\" class=\"wp-caption alignnone\"><img loading=\"lazy\" decoding=\"async\" class=\"size-full wp-image-27367\" src=\"https:\/\/www.organisator.ch\/wp-content\/uploads\/2024\/05\/Digitalswitzerland_Bild1_ps.jpg\" alt=\"\" width=\"680\" height=\"453\" srcset=\"https:\/\/www.organisator.ch\/wp-content\/uploads\/2024\/05\/Digitalswitzerland_Bild1_ps.jpg 680w, https:\/\/www.organisator.ch\/wp-content\/uploads\/2024\/05\/Digitalswitzerland_Bild1_ps-18x12.jpg 18w, https:\/\/www.organisator.ch\/wp-content\/uploads\/2024\/05\/Digitalswitzerland_Bild1_ps-375x250.jpg 375w, https:\/\/www.organisator.ch\/wp-content\/uploads\/2024\/05\/Digitalswitzerland_Bild1_ps-525x350.jpg 525w\" sizes=\"auto, (max-width: 680px) 100vw, 680px\" \/><figcaption id=\"caption-attachment-27367\" class=\"wp-caption-text\">V.l.n.r.: Franziska Barmettler, Andreas Meyer, Stefan Metzger. (Bild: Liliana Lafranchi \/ www.digitalswitzerland.com)<\/figcaption><\/figure>\n<p>Den Einstieg in Abend lieferte ein Referat von PD Dr. Alexander Ilic, Co-Founder und Executive Director des ETH AI Center, welcher mit seinem Thema \u00abThe Swift Progression of GenAI\u00bb genau eine der zentralen S\u00e4ulen der T\u00e4tigkeit von digitalswitzerland beleuchtete.<\/p>\n<h3><strong>Doppelter F\u00fchrungswechsel<\/strong><\/h3>\n<p>Die Generalversammlung hat heute Andreas Meyer zum Pr\u00e4sidenten gew\u00e4hlt. Nach seiner Zeit bei ABB und DB hat er insbesondere die Digitalisierung der SBB als CEO bis 2020 vorangetrieben. Er wirkte bereits 2015 als Gr\u00fcndungsmitglied von \u00abdigitalzurich 2025\u00bb\u00a0darauf hin, dass die Standortinitiative auf die ganze Schweiz ausgeweitet wird. Zudem koordinierte er den Beirat Digitale Transformation des Bundesrats w\u00e4hrend rund drei Jahren. Er folgt auf Sascha Zahnd. Dieser f\u00fchrte als erster Pr\u00e4sident nach der Zusammenf\u00fchrung von digitalswitzerland und ICTswitzerland die Organisation mit strategisch pr\u00e4genden Impulsen durch den Wandel.<\/p>\n<p>Stefan Metzger, der CEO von digitalswitzerland, will sich beruflich neu orientieren. Er hat die Integration von digitalswitzerland und ICTswitzerland operativ abgeschlossen und dabei die Organisation in den letzten zwei\u00a0Jahren gepr\u00e4gt und f\u00fcr die Zukunft ger\u00fcstet. Er bleibt bis zum 31.10.2024 CEO.<\/p>\n<p>Franziska Barmettler wird ihr Amt als neue CEO am 1.11.2024 antreten. Die studierte \u00d6konomin wirkt seit 15 Jahren an der Schnittstelle zwischen Wirtschaft, Nachhaltigkeit und Politik. Dabei pr\u00e4gte sie Entwicklungen auf dem Gebiet der Innovation und Nachhaltigkeit beim Wirtschaftsverband swisscleantech, der Migros und aktuell bei IKEA. Nebst Erfahrungen im Verbandsmanagement und dem Verst\u00e4ndnis f\u00fcr Zukunftsthemen und Ver\u00e4nderungsprozesse in der Wirtschaft, bringt sie als Politikerin auch praktische Legislativerfahrung mit.\u00a0<\/p>\n<h3><strong>Ab- und Zug\u00e4nge im Executive Committee<\/strong><\/h3>\n<p>Ebenfalls Ver\u00e4nderungen erfuhr die Zusammenstellung des Executive Committees. Hier stimmte die Generalversammlung nach dem Ausscheiden von Anna Takihara, Jill K\u00fcmin und Philomena Colatrella der Neubesetzung durch Christine Antlanger-Winter und Roger S\u00fcess zu, wobei Colatrella der Organisation als Co-Lead im Bereich Digital Health erhalten bleibt. Sowohl die Best\u00e4tigung der restlichen Mitglieder des Executive Committees sowie des Steering Committees als auch die Decharge der Organe fand vollumf\u00e4ngliche Zustimmung.<\/p>\n<p>Digitalswitzerland dankt Sascha Zahnd und Stefan Metzger sowie allen anderen scheidenden, bleibenden und neuen Funktionstr\u00e4gern f\u00fcr ihren grossen Einsatz.\u00a0<\/p>\n<p>Den Abschluss des Abends machte eine Podiumsdiskussion zwischen Pietro Supino Verwaltungsratspr\u00e4sident und Verleger der TX Group und Marc Walder, Gr\u00fcnder der Standortinitiative digitalswitzerland und CEO der Ringier AG, welche sich \u00fcber den radikalen Einfluss der aktuellen Entwicklungen auf die Medienlandschaft austauschten.<\/p>\n<p><em>Quelle: <a href=\"http:\/\/www.digitalswitzerland.com\">www.digitalswitzerland.com<\/a><\/em><\/p>\n","protected":false},"excerpt":{"rendered":"<p>An der in den R\u00e4umlichkeiten der TX-Group durchgef\u00fchrten Generalversammlung gab die Standortinitiative digitalswitzerland sowohl den Wechsel des Pr\u00e4sidiums per 1.6.24 als auch der Gesch\u00e4ftsf\u00fchrung per 1.11.24 bekannt.<\/p>\n","protected":false},"author":58,"featured_media":27367,"comment_status":"closed","ping_status":"closed","sticky":false,"template":"","format":"standard","meta":{"_acf_changed":false,"_yoast_wpseo_focuskw":"Franziska Barmettler","_yoast_wpseo_metadesc":"An der in den R\u00e4umlichkeiten der TX-Group durchgef\u00fchrten Generalversammlung gab die Standortinitiative digitalswitzerland sowohl den Wechsel des Pr\u00e4sidiums per 1.6.24 als auch der Gesch\u00e4ftsf\u00fchrung per 1.11.24 bekannt.","articlekey":"","footnotes":""},"categories":[28],"tags":[904,335,424,492],"class_list":["post-27362","post","type-post","status-publish","format-standard","has-post-thumbnail","hentry","category-management","tag-ceo","tag-management-und-unternehmensfuehrung","tag-schweiz","tag-unternehmen"],"acf":[],"yoast_head":"<!-- This site is optimized with the Yoast SEO plugin v27.4 - https:\/\/yoast.com\/product\/yoast-seo-wordpress\/ -->\n<title>Franziska Barmettler wird neue CEO von digitalswitzerland - Organisator<\/title>\n<meta name=\"description\" content=\"An der in den R\u00e4umlichkeiten der TX-Group durchgef\u00fchrten Generalversammlung gab die Standortinitiative digitalswitzerland sowohl den Wechsel des Pr\u00e4sidiums per 1.6.24 als auch der Gesch\u00e4ftsf\u00fchrung per 1.11.24 bekannt.\" \/>\n<meta name=\"robots\" content=\"index, follow, max-snippet:-1, max-image-preview:large, max-video-preview:-1\" \/>\n<link rel=\"canonical\" href=\"https:\/\/www.organisator.ch\/de\/management\/2024-05-31\/franziska-barmettler-wird-neue-ceo-von-digitalswitzerland\/\" \/>\n<meta property=\"og:locale\" content=\"de_DE\" \/>\n<meta property=\"og:type\" content=\"article\" \/>\n<meta property=\"og:title\" content=\"Franziska Barmettler wird neue CEO von digitalswitzerland\" \/>\n<meta property=\"og:description\" content=\"An der in den R\u00e4umlichkeiten der TX-Group durchgef\u00fchrten Generalversammlung gab die Standortinitiative digitalswitzerland sowohl den Wechsel des Pr\u00e4sidiums per 1.6.24 als auch der Gesch\u00e4ftsf\u00fchrung per 1.11.24 bekannt.\" \/>\n<meta property=\"og:url\" content=\"https:\/\/www.organisator.ch\/de\/management\/2024-05-31\/franziska-barmettler-wird-neue-ceo-von-digitalswitzerland\/\" \/>\n<meta property=\"og:site_name\" content=\"Organisator\" \/>\n<meta property=\"article:publisher\" content=\"https:\/\/www.facebook.com\/OrganisatorFachmagazin\" \/>\n<meta property=\"article:published_time\" content=\"2024-05-31T08:20:03+00:00\" \/>\n<meta property=\"og:image\" content=\"https:\/\/www.organisator.ch\/wp-content\/uploads\/2024\/05\/Digitalswitzerland_Bild1_ps.jpg\" \/>\n\t<meta property=\"og:image:width\" content=\"680\" \/>\n\t<meta property=\"og:image:height\" content=\"453\" \/>\n\t<meta property=\"og:image:type\" content=\"image\/jpeg\" \/>\n<meta name=\"author\" content=\"Adelisa Kalajdzini\" \/>\n<meta name=\"twitter:card\" content=\"summary_large_image\" \/>\n<meta name=\"twitter:title\" content=\"Franziska Barmettler wird neue CEO von digitalswitzerland\" \/>\n<meta name=\"twitter:description\" content=\"An der in den R\u00e4umlichkeiten der TX-Group durchgef\u00fchrten #Generalversammlung gab die Standortinitiative #digitalswitzerland sowohl den #Wechsel des Pr\u00e4sidiums per 1.6.24 als auch der Gesch\u00e4ftsf\u00fchrung per 1.11.24 bekannt.\" \/>\n<meta name=\"twitter:image\" content=\"https:\/\/www.organisator.ch\/wp-content\/uploads\/2024\/05\/Digitalswitzerland_Bild1_ps.jpg\" \/>\n<script type=\"application\/ld+json\" class=\"yoast-schema-graph\">{\"@context\":\"https:\\\/\\\/schema.org\",\"@graph\":[{\"@type\":\"Article\",\"@id\":\"https:\\\/\\\/www.organisator.ch\\\/management\\\/2024-05-31\\\/franziska-barmettler-wird-neue-ceo-von-digitalswitzerland\\\/#article\",\"isPartOf\":{\"@id\":\"https:\\\/\\\/www.organisator.ch\\\/management\\\/2024-05-31\\\/franziska-barmettler-wird-neue-ceo-von-digitalswitzerland\\\/\"},\"author\":{\"name\":\"Adelisa Kalajdzini\",\"@id\":\"https:\\\/\\\/www.organisator.ch\\\/#\\\/schema\\\/person\\\/2e1314a2172123f874db408d8911d3f3\"},\"headline\":\"Franziska Barmettler wird neue CEO von digitalswitzerland\",\"datePublished\":\"2024-05-31T08:20:03+00:00\",\"mainEntityOfPage\":{\"@id\":\"https:\\\/\\\/www.organisator.ch\\\/management\\\/2024-05-31\\\/franziska-barmettler-wird-neue-ceo-von-digitalswitzerland\\\/\"},\"wordCount\":426,\"publisher\":{\"@id\":\"https:\\\/\\\/www.organisator.ch\\\/#organization\"},\"image\":{\"@id\":\"https:\\\/\\\/www.organisator.ch\\\/management\\\/2024-05-31\\\/franziska-barmettler-wird-neue-ceo-von-digitalswitzerland\\\/#primaryimage\"},\"thumbnailUrl\":\"https:\\\/\\\/www.organisator.ch\\\/wp-content\\\/uploads\\\/2024\\\/05\\\/Digitalswitzerland_Bild1_ps.jpg\",\"keywords\":[\"CEO\",\"Management und Unternehmensf\u00fchrung\",\"Schweiz\",\"Unternehmen\"],\"articleSection\":[\"MANAGEMENT\"],\"inLanguage\":\"de\"},{\"@type\":\"WebPage\",\"@id\":\"https:\\\/\\\/www.organisator.ch\\\/management\\\/2024-05-31\\\/franziska-barmettler-wird-neue-ceo-von-digitalswitzerland\\\/\",\"url\":\"https:\\\/\\\/www.organisator.ch\\\/management\\\/2024-05-31\\\/franziska-barmettler-wird-neue-ceo-von-digitalswitzerland\\\/\",\"name\":\"Franziska Barmettler wird neue CEO von digitalswitzerland - Organisator\",\"isPartOf\":{\"@id\":\"https:\\\/\\\/www.organisator.ch\\\/#website\"},\"primaryImageOfPage\":{\"@id\":\"https:\\\/\\\/www.organisator.ch\\\/management\\\/2024-05-31\\\/franziska-barmettler-wird-neue-ceo-von-digitalswitzerland\\\/#primaryimage\"},\"image\":{\"@id\":\"https:\\\/\\\/www.organisator.ch\\\/management\\\/2024-05-31\\\/franziska-barmettler-wird-neue-ceo-von-digitalswitzerland\\\/#primaryimage\"},\"thumbnailUrl\":\"https:\\\/\\\/www.organisator.ch\\\/wp-content\\\/uploads\\\/2024\\\/05\\\/Digitalswitzerland_Bild1_ps.jpg\",\"datePublished\":\"2024-05-31T08:20:03+00:00\",\"description\":\"An der in den R\u00e4umlichkeiten der TX-Group durchgef\u00fchrten Generalversammlung gab die Standortinitiative digitalswitzerland sowohl den Wechsel des Pr\u00e4sidiums per 1.6.24 als auch der Gesch\u00e4ftsf\u00fchrung per 1.11.24 bekannt.\",\"breadcrumb\":{\"@id\":\"https:\\\/\\\/www.organisator.ch\\\/management\\\/2024-05-31\\\/franziska-barmettler-wird-neue-ceo-von-digitalswitzerland\\\/#breadcrumb\"},\"inLanguage\":\"de\",\"potentialAction\":[{\"@type\":\"ReadAction\",\"target\":[\"https:\\\/\\\/www.organisator.ch\\\/management\\\/2024-05-31\\\/franziska-barmettler-wird-neue-ceo-von-digitalswitzerland\\\/\"]}]},{\"@type\":\"ImageObject\",\"inLanguage\":\"de\",\"@id\":\"https:\\\/\\\/www.organisator.ch\\\/management\\\/2024-05-31\\\/franziska-barmettler-wird-neue-ceo-von-digitalswitzerland\\\/#primaryimage\",\"url\":\"https:\\\/\\\/www.organisator.ch\\\/wp-content\\\/uploads\\\/2024\\\/05\\\/Digitalswitzerland_Bild1_ps.jpg\",\"contentUrl\":\"https:\\\/\\\/www.organisator.ch\\\/wp-content\\\/uploads\\\/2024\\\/05\\\/Digitalswitzerland_Bild1_ps.jpg\",\"width\":680,\"height\":453,\"caption\":\"V.l.n.r.: Franziska Barmettler, Andreas Meyer, Stefan Metzger. (Bild: Liliana Lafranchi \\\/ www.digitalswitzerland.com)\"},{\"@type\":\"BreadcrumbList\",\"@id\":\"https:\\\/\\\/www.organisator.ch\\\/management\\\/2024-05-31\\\/franziska-barmettler-wird-neue-ceo-von-digitalswitzerland\\\/#breadcrumb\",\"itemListElement\":[{\"@type\":\"ListItem\",\"position\":1,\"name\":\"Home\",\"item\":\"https:\\\/\\\/www.organisator.ch\\\/\"},{\"@type\":\"ListItem\",\"position\":2,\"name\":\"Franziska Barmettler wird neue CEO von digitalswitzerland\"}]},{\"@type\":\"WebSite\",\"@id\":\"https:\\\/\\\/www.organisator.ch\\\/#website\",\"url\":\"https:\\\/\\\/www.organisator.ch\\\/\",\"name\":\"Organisator\",\"description\":\"Kompetent. Praxisnah. Der ORGANISATOR bereitet in 10 Ausgaben pro Jahr die wesentlichen Themen f\u00fcr F\u00fchrungskr\u00e4fte von KMU auf.\",\"publisher\":{\"@id\":\"https:\\\/\\\/www.organisator.ch\\\/#organization\"},\"potentialAction\":[{\"@type\":\"SearchAction\",\"target\":{\"@type\":\"EntryPoint\",\"urlTemplate\":\"https:\\\/\\\/www.organisator.ch\\\/?s={search_term_string}\"},\"query-input\":{\"@type\":\"PropertyValueSpecification\",\"valueRequired\":true,\"valueName\":\"search_term_string\"}}],\"inLanguage\":\"de\"},{\"@type\":\"Organization\",\"@id\":\"https:\\\/\\\/www.organisator.ch\\\/#organization\",\"name\":\"Organisator\",\"url\":\"https:\\\/\\\/www.organisator.ch\\\/\",\"logo\":{\"@type\":\"ImageObject\",\"inLanguage\":\"de\",\"@id\":\"https:\\\/\\\/www.organisator.ch\\\/#\\\/schema\\\/logo\\\/image\\\/\",\"url\":\"https:\\\/\\\/www.organisator.ch\\\/wp-content\\\/uploads\\\/2022\\\/01\\\/Logo_Organisator_Website.png\",\"contentUrl\":\"https:\\\/\\\/www.organisator.ch\\\/wp-content\\\/uploads\\\/2022\\\/01\\\/Logo_Organisator_Website.png\",\"width\":800,\"height\":77,\"caption\":\"Organisator\"},\"image\":{\"@id\":\"https:\\\/\\\/www.organisator.ch\\\/#\\\/schema\\\/logo\\\/image\\\/\"},\"sameAs\":[\"https:\\\/\\\/www.facebook.com\\\/OrganisatorFachmagazin\",\"https:\\\/\\\/www.linkedin.com\\\/showcase\\\/organisator-das-magazin-fr-kmu\",\"https:\\\/\\\/www.xing.com\\\/news\\\/pages\\\/organisator-ch-695\",\"https:\\\/\\\/www.youtube.com\\\/channel\\\/UCGP2Sq0iWaZwT3BdIAQFYpw\"]},{\"@type\":\"Person\",\"@id\":\"https:\\\/\\\/www.organisator.ch\\\/#\\\/schema\\\/person\\\/2e1314a2172123f874db408d8911d3f3\",\"name\":\"Adelisa Kalajdzini\",\"image\":{\"@type\":\"ImageObject\",\"inLanguage\":\"de\",\"@id\":\"https:\\\/\\\/secure.gravatar.com\\\/avatar\\\/09a397c22ac58cad6f160ee8306348599df9df58a8ede73696226897b9fa4b24?s=96&d=mm&r=g\",\"url\":\"https:\\\/\\\/secure.gravatar.com\\\/avatar\\\/09a397c22ac58cad6f160ee8306348599df9df58a8ede73696226897b9fa4b24?s=96&d=mm&r=g\",\"contentUrl\":\"https:\\\/\\\/secure.gravatar.com\\\/avatar\\\/09a397c22ac58cad6f160ee8306348599df9df58a8ede73696226897b9fa4b24?s=96&d=mm&r=g\",\"caption\":\"Adelisa Kalajdzini\"},\"url\":\"https:\\\/\\\/www.organisator.ch\\\/de\\\/author\\\/adelisa-kalajdzini\\\/\"}]}<\/script>\n<!-- \/ Yoast SEO plugin. -->","yoast_head_json":{"title":"Franziska Barmettler wird neue CEO von digitalswitzerland - Organisator","description":"An der in den R\u00e4umlichkeiten der TX-Group durchgef\u00fchrten Generalversammlung gab die Standortinitiative digitalswitzerland sowohl den Wechsel des Pr\u00e4sidiums per 1.6.24 als auch der Gesch\u00e4ftsf\u00fchrung per 1.11.24 bekannt.","robots":{"index":"index","follow":"follow","max-snippet":"max-snippet:-1","max-image-preview":"max-image-preview:large","max-video-preview":"max-video-preview:-1"},"canonical":"https:\/\/www.organisator.ch\/de\/management\/2024-05-31\/franziska-barmettler-wird-neue-ceo-von-digitalswitzerland\/","og_locale":"de_DE","og_type":"article","og_title":"Franziska Barmettler wird neue CEO von digitalswitzerland","og_description":"An der in den R\u00e4umlichkeiten der TX-Group durchgef\u00fchrten Generalversammlung gab die Standortinitiative digitalswitzerland sowohl den Wechsel des Pr\u00e4sidiums per 1.6.24 als auch der Gesch\u00e4ftsf\u00fchrung per 1.11.24 bekannt.","og_url":"https:\/\/www.organisator.ch\/de\/management\/2024-05-31\/franziska-barmettler-wird-neue-ceo-von-digitalswitzerland\/","og_site_name":"Organisator","article_publisher":"https:\/\/www.facebook.com\/OrganisatorFachmagazin","article_published_time":"2024-05-31T08:20:03+00:00","og_image":[{"width":680,"height":453,"url":"https:\/\/www.organisator.ch\/wp-content\/uploads\/2024\/05\/Digitalswitzerland_Bild1_ps.jpg","type":"image\/jpeg"}],"author":"Adelisa Kalajdzini","twitter_card":"summary_large_image","twitter_title":"Franziska Barmettler wird neue CEO von digitalswitzerland","twitter_description":"An der in den R\u00e4umlichkeiten der TX-Group durchgef\u00fchrten #Generalversammlung gab die Standortinitiative #digitalswitzerland sowohl den #Wechsel des Pr\u00e4sidiums per 1.6.24 als auch der Gesch\u00e4ftsf\u00fchrung per 1.11.24 bekannt.","twitter_image":"https:\/\/www.organisator.ch\/wp-content\/uploads\/2024\/05\/Digitalswitzerland_Bild1_ps.jpg","schema":{"@context":"https:\/\/schema.org","@graph":[{"@type":"Article","@id":"https:\/\/www.organisator.ch\/management\/2024-05-31\/franziska-barmettler-wird-neue-ceo-von-digitalswitzerland\/#article","isPartOf":{"@id":"https:\/\/www.organisator.ch\/management\/2024-05-31\/franziska-barmettler-wird-neue-ceo-von-digitalswitzerland\/"},"author":{"name":"Adelisa Kalajdzini","@id":"https:\/\/www.organisator.ch\/#\/schema\/person\/2e1314a2172123f874db408d8911d3f3"},"headline":"Franziska Barmettler wird neue CEO von digitalswitzerland","datePublished":"2024-05-31T08:20:03+00:00","mainEntityOfPage":{"@id":"https:\/\/www.organisator.ch\/management\/2024-05-31\/franziska-barmettler-wird-neue-ceo-von-digitalswitzerland\/"},"wordCount":426,"publisher":{"@id":"https:\/\/www.organisator.ch\/#organization"},"image":{"@id":"https:\/\/www.organisator.ch\/management\/2024-05-31\/franziska-barmettler-wird-neue-ceo-von-digitalswitzerland\/#primaryimage"},"thumbnailUrl":"https:\/\/www.organisator.ch\/wp-content\/uploads\/2024\/05\/Digitalswitzerland_Bild1_ps.jpg","keywords":["CEO","Management und Unternehmensf\u00fchrung","Schweiz","Unternehmen"],"articleSection":["MANAGEMENT"],"inLanguage":"de"},{"@type":"WebPage","@id":"https:\/\/www.organisator.ch\/management\/2024-05-31\/franziska-barmettler-wird-neue-ceo-von-digitalswitzerland\/","url":"https:\/\/www.organisator.ch\/management\/2024-05-31\/franziska-barmettler-wird-neue-ceo-von-digitalswitzerland\/","name":"Franziska Barmettler wird neue CEO von digitalswitzerland - Organisator","isPartOf":{"@id":"https:\/\/www.organisator.ch\/#website"},"primaryImageOfPage":{"@id":"https:\/\/www.organisator.ch\/management\/2024-05-31\/franziska-barmettler-wird-neue-ceo-von-digitalswitzerland\/#primaryimage"},"image":{"@id":"https:\/\/www.organisator.ch\/management\/2024-05-31\/franziska-barmettler-wird-neue-ceo-von-digitalswitzerland\/#primaryimage"},"thumbnailUrl":"https:\/\/www.organisator.ch\/wp-content\/uploads\/2024\/05\/Digitalswitzerland_Bild1_ps.jpg","datePublished":"2024-05-31T08:20:03+00:00","description":"An der in den R\u00e4umlichkeiten der TX-Group durchgef\u00fchrten Generalversammlung gab die Standortinitiative digitalswitzerland sowohl den Wechsel des Pr\u00e4sidiums per 1.6.24 als auch der Gesch\u00e4ftsf\u00fchrung per 1.11.24 bekannt.","breadcrumb":{"@id":"https:\/\/www.organisator.ch\/management\/2024-05-31\/franziska-barmettler-wird-neue-ceo-von-digitalswitzerland\/#breadcrumb"},"inLanguage":"de","potentialAction":[{"@type":"ReadAction","target":["https:\/\/www.organisator.ch\/management\/2024-05-31\/franziska-barmettler-wird-neue-ceo-von-digitalswitzerland\/"]}]},{"@type":"ImageObject","inLanguage":"de","@id":"https:\/\/www.organisator.ch\/management\/2024-05-31\/franziska-barmettler-wird-neue-ceo-von-digitalswitzerland\/#primaryimage","url":"https:\/\/www.organisator.ch\/wp-content\/uploads\/2024\/05\/Digitalswitzerland_Bild1_ps.jpg","contentUrl":"https:\/\/www.organisator.ch\/wp-content\/uploads\/2024\/05\/Digitalswitzerland_Bild1_ps.jpg","width":680,"height":453,"caption":"V.l.n.r.: Franziska Barmettler, Andreas Meyer, Stefan Metzger. (Bild: Liliana Lafranchi \/ www.digitalswitzerland.com)"},{"@type":"BreadcrumbList","@id":"https:\/\/www.organisator.ch\/management\/2024-05-31\/franziska-barmettler-wird-neue-ceo-von-digitalswitzerland\/#breadcrumb","itemListElement":[{"@type":"ListItem","position":1,"name":"Home","item":"https:\/\/www.organisator.ch\/"},{"@type":"ListItem","position":2,"name":"Franziska Barmettler wird neue CEO von digitalswitzerland"}]},{"@type":"WebSite","@id":"https:\/\/www.organisator.ch\/#website","url":"https:\/\/www.organisator.ch\/","name":"Organisator","description":"Kompetent. Praxisnah. Der ORGANISATOR bereitet in 10 Ausgaben pro Jahr die wesentlichen Themen f\u00fcr F\u00fchrungskr\u00e4fte von KMU auf.","publisher":{"@id":"https:\/\/www.organisator.ch\/#organization"},"potentialAction":[{"@type":"SearchAction","target":{"@type":"EntryPoint","urlTemplate":"https:\/\/www.organisator.ch\/?s={search_term_string}"},"query-input":{"@type":"PropertyValueSpecification","valueRequired":true,"valueName":"search_term_string"}}],"inLanguage":"de"},{"@type":"Organization","@id":"https:\/\/www.organisator.ch\/#organization","name":"Organisator","url":"https:\/\/www.organisator.ch\/","logo":{"@type":"ImageObject","inLanguage":"de","@id":"https:\/\/www.organisator.ch\/#\/schema\/logo\/image\/","url":"https:\/\/www.organisator.ch\/wp-content\/uploads\/2022\/01\/Logo_Organisator_Website.png","contentUrl":"https:\/\/www.organisator.ch\/wp-content\/uploads\/2022\/01\/Logo_Organisator_Website.png","width":800,"height":77,"caption":"Organisator"},"image":{"@id":"https:\/\/www.organisator.ch\/#\/schema\/logo\/image\/"},"sameAs":["https:\/\/www.facebook.com\/OrganisatorFachmagazin","https:\/\/www.linkedin.com\/showcase\/organisator-das-magazin-fr-kmu","https:\/\/www.xing.com\/news\/pages\/organisator-ch-695","https:\/\/www.youtube.com\/channel\/UCGP2Sq0iWaZwT3BdIAQFYpw"]},{"@type":"Person","@id":"https:\/\/www.organisator.ch\/#\/schema\/person\/2e1314a2172123f874db408d8911d3f3","name":"Adelisa Kalajdzini","image":{"@type":"ImageObject","inLanguage":"de","@id":"https:\/\/secure.gravatar.com\/avatar\/09a397c22ac58cad6f160ee8306348599df9df58a8ede73696226897b9fa4b24?s=96&d=mm&r=g","url":"https:\/\/secure.gravatar.com\/avatar\/09a397c22ac58cad6f160ee8306348599df9df58a8ede73696226897b9fa4b24?s=96&d=mm&r=g","contentUrl":"https:\/\/secure.gravatar.com\/avatar\/09a397c22ac58cad6f160ee8306348599df9df58a8ede73696226897b9fa4b24?s=96&d=mm&r=g","caption":"Adelisa Kalajdzini"},"url":"https:\/\/www.organisator.ch\/de\/author\/adelisa-kalajdzini\/"}]}},"_links":{"self":[{"href":"https:\/\/www.organisator.ch\/de\/wp-json\/wp\/v2\/posts\/27362","targetHints":{"allow":["GET"]}}],"collection":[{"href":"https:\/\/www.organisator.ch\/de\/wp-json\/wp\/v2\/posts"}],"about":[{"href":"https:\/\/www.organisator.ch\/de\/wp-json\/wp\/v2\/types\/post"}],"author":[{"embeddable":true,"href":"https:\/\/www.organisator.ch\/de\/wp-json\/wp\/v2\/users\/58"}],"replies":[{"embeddable":true,"href":"https:\/\/www.organisator.ch\/de\/wp-json\/wp\/v2\/comments?post=27362"}],"version-history":[{"count":5,"href":"https:\/\/www.organisator.ch\/de\/wp-json\/wp\/v2\/posts\/27362\/revisions"}],"predecessor-version":[{"id":27425,"href":"https:\/\/www.organisator.ch\/de\/wp-json\/wp\/v2\/posts\/27362\/revisions\/27425"}],"wp:featuredmedia":[{"embeddable":true,"href":"https:\/\/www.organisator.ch\/de\/wp-json\/wp\/v2\/media\/27367"}],"wp:attachment":[{"href":"https:\/\/www.organisator.ch\/de\/wp-json\/wp\/v2\/media?parent=27362"}],"wp:term":[{"taxonomy":"category","embeddable":true,"href":"https:\/\/www.organisator.ch\/de\/wp-json\/wp\/v2\/categories?post=27362"},{"taxonomy":"post_tag","embeddable":true,"href":"https:\/\/www.organisator.ch\/de\/wp-json\/wp\/v2\/tags?post=27362"}],"curies":[{"name":"wp","href":"https:\/\/api.w.org\/{rel}","templated":true}]}}