{"id":27364,"date":"2024-05-30T09:51:57","date_gmt":"2024-05-30T07:51:57","guid":{"rendered":"https:\/\/www.m-q.ch\/?p=19801"},"modified":"2024-11-11T05:03:33","modified_gmt":"2024-11-11T04:03:33","slug":"monika-wieneke-wird-neue-leiterin-risk-actuarial-security","status":"publish","type":"post","link":"https:\/\/www.organisator.ch\/de\/operational-excellence\/2024-05-30\/monika-wieneke-wird-neue-leiterin-risk-actuarial-security\/","title":{"rendered":"Monika Wieneke wird neue Leiterin \u00abRisk, Actuarial &amp; Security\u00bb"},"content":{"rendered":"<figure id=\"attachment_19804\" class=\"wp-caption alignnone\" style=\"width: 680px\" aria-describedby=\"caption-attachment-19804\"><img class=\"alignnone wp-image-19804 size-full\" src=\"https:\/\/www.m-q.ch\/wp-content\/uploads\/2024\/05\/monika-wieneke-cro-axa-ch_Bild1_ps.jpg\" alt=\"Monika Wieneke\" width=\"680\" height=\"411\" \/>\r\n<figcaption id=\"caption-attachment-19804\" class=\"wp-caption-text\">Monika Wieneke wird per 1. September Leiterin des Bereichs \u00abRisk, Actuarial &amp; Security\u00bb und Mitglied der Gesch\u00e4ftsleitung der AXA Schweiz. (Bild: www.axa.ch)<\/figcaption>\r\n<\/figure>\r\n<p>Der Verwaltungsrat der AXA Schweiz hat Monika Wieneke per 1. September zur neuen Leiterin \u00abRisk, Actuarial &amp; Security\u00bb und Mitglied der Gesch\u00e4ftsleitung ernannt.<\/p>\r\n<p>Die 43-J\u00e4hrige ist seit 2020 als Chief Risk Officer und Leiterin des Bereichs Value Risk Management bei der AXA Deutschland t\u00e4tig, wo sie sich etwa durch die Entwicklung von differenzierten Risikostrategien, einer integrierten Risikokultur sowie durch die holistische Bewertung von Klimarisiken verdient gemacht hat. Davor arbeitete die deutsche Staatsb\u00fcrgerin 15 Jahre lang bei einem grossen Beratungsunternehmen. Wieneke spezialisierte sich dort auf das Risikomanagement von Versicherungsunternehmen und sammelte dabei unter anderem vertiefte Erfahrung mit Solvency II und IFRS 17.<\/p>\r\n<p>Die studierte Mathematikerin hat eine Ausbildung zur Aktuarin absolviert und ist seitdem ordentliches Vollmitglied der Deutschen Aktuarsvereinigung e.V.<\/p>\r\n<p>\u00abNachdem in den letzten Jahren immer wieder f\u00e4hige Kolleginnen und Kollegen aus der AXA Schweiz auf verantwortungsvolle Positionen in anderen Einheiten der AXA gewechselt sind, freut es mich, dass wir f\u00fcr einmal vom Talentpool der Gruppe profitieren k\u00f6nnen. Als integrative Pers\u00f6nlichkeit mit langj\u00e4hriger internationaler Erfahrung, grosser Sachkompetenz im Risikomanagement und einer ausgepr\u00e4gten strategischen Denkweise bringt Monika optimale Voraussetzungen f\u00fcr diese Schl\u00fcsselposition bei uns mit. Ich w\u00fcnsche ihr bereits heute einen guten Start bei uns sowie viel Erfolg und Erf\u00fcllung in der neuen Funktion\u00bb, erkl\u00e4rt Fabrizio Petrillo, CEO der AXA Schweiz.<\/p>\r\n<p>Die Berufung von Monika Wieneke erfolgt vorbeh\u00e4ltlich der n\u00f6tigen aufsichtsrechtlichen Bewilligungen.<\/p>\r\n<p><em>Quelle: <a href=\"http:\/\/www.axa.ch\/\">www.axa.ch<\/a><\/em><\/p>\n<p class=\"syndicated-attribution\">Dieser Beitrag erschien urspr\u00fcnglich auf m-q.ch - <a href=\"https:\/\/www.m-q.ch\/de\/monika-wieneke-wird-neue-leiterin-risk-actuarial-security\/\" target=\"_blank\">https:\/\/www.m-q.ch\/de\/monika-wieneke-wird-neue-leiterin-risk-actuarial-security\/<\/a><\/p>","protected":false},"excerpt":{"rendered":"<p>Die Mathematikerin und Aktuarin Monika Wieneke wird per 1. September Leiterin des Bereichs \u00abRisk, Actuarial &amp; Security\u00bb und Mitglied der Gesch\u00e4ftsleitung der AXA Schweiz. Sie folgt auf Volker Reinthaler, der zum Chief Financial Officer des gr\u00f6ssten Schweizer Allbranchenversicherers ernannt worden war.<\/p>\n","protected":false},"author":58,"featured_media":0,"comment_status":"closed","ping_status":"closed","sticky":false,"template":"","format":"standard","meta":{"_acf_changed":false,"_yoast_wpseo_focuskw":"Monika Wieneke","_yoast_wpseo_metadesc":"Monika Wieneke wird neue Leiterin \"Risk, Actuarial & Security\" bei AXA Schweiz. Ihre Berufung erfolgt im September.","articlekey":"","footnotes":""},"categories":[582],"tags":[904,418,424,492],"class_list":["post-27364","post","type-post","status-publish","format-standard","hentry","category-operational-excellence","tag-ceo","tag-risikomanagement","tag-schweiz","tag-unternehmen"],"acf":[],"yoast_head":"<!-- This site is optimized with the Yoast SEO plugin v27.5 - https:\/\/yoast.com\/product\/yoast-seo-wordpress\/ -->\n<title>Monika Wieneke wird neue Leiterin \u00abRisk, Actuarial &amp; Security\u00bb - Organisator<\/title>\n<meta name=\"description\" content=\"Monika Wieneke wird neue Leiterin &quot;Risk, Actuarial &amp; Security&quot; bei AXA Schweiz. Ihre Berufung erfolgt im September.\" \/>\n<meta name=\"robots\" content=\"index, follow, max-snippet:-1, max-image-preview:large, max-video-preview:-1\" \/>\n<link rel=\"canonical\" href=\"https:\/\/www.organisator.ch\/de\/operational-excellence\/2024-05-30\/monika-wieneke-wird-neue-leiterin-risk-actuarial-security\/\" \/>\n<meta property=\"og:locale\" content=\"de_DE\" \/>\n<meta property=\"og:type\" content=\"article\" \/>\n<meta property=\"og:title\" content=\"Monika Wieneke wird neue Leiterin \u00abRisk, Actuarial &amp; Security\u00bb - Organisator\" \/>\n<meta property=\"og:description\" content=\"Monika Wieneke wird neue Leiterin &quot;Risk, Actuarial &amp; Security&quot; bei AXA Schweiz. Ihre Berufung erfolgt im September.\" \/>\n<meta property=\"og:url\" content=\"https:\/\/www.organisator.ch\/de\/operational-excellence\/2024-05-30\/monika-wieneke-wird-neue-leiterin-risk-actuarial-security\/\" \/>\n<meta property=\"og:site_name\" content=\"Organisator\" \/>\n<meta property=\"article:publisher\" content=\"https:\/\/www.facebook.com\/OrganisatorFachmagazin\" \/>\n<meta property=\"article:published_time\" content=\"2024-05-30T07:51:57+00:00\" \/>\n<meta property=\"article:modified_time\" content=\"2024-11-11T04:03:33+00:00\" \/>\n<meta property=\"og:image\" content=\"https:\/\/www.m-q.ch\/wp-content\/uploads\/2024\/05\/monika-wieneke-cro-axa-ch_Bild1_ps.jpg\" \/>\n<meta name=\"author\" content=\"Adelisa Kalajdzini\" \/>\n<meta name=\"twitter:card\" content=\"summary_large_image\" \/>\n<script type=\"application\/ld+json\" class=\"yoast-schema-graph\">{\"@context\":\"https:\\\/\\\/schema.org\",\"@graph\":[{\"@type\":\"Article\",\"@id\":\"https:\\\/\\\/www.organisator.ch\\\/operational-excellence\\\/2024-05-30\\\/monika-wieneke-wird-neue-leiterin-risk-actuarial-security\\\/#article\",\"isPartOf\":{\"@id\":\"https:\\\/\\\/www.organisator.ch\\\/operational-excellence\\\/2024-05-30\\\/monika-wieneke-wird-neue-leiterin-risk-actuarial-security\\\/\"},\"author\":{\"name\":\"Adelisa Kalajdzini\",\"@id\":\"https:\\\/\\\/www.organisator.ch\\\/#\\\/schema\\\/person\\\/2e1314a2172123f874db408d8911d3f3\"},\"headline\":\"Monika Wieneke wird neue Leiterin \u00abRisk, Actuarial &amp; Security\u00bb\",\"datePublished\":\"2024-05-30T07:51:57+00:00\",\"dateModified\":\"2024-11-11T04:03:33+00:00\",\"mainEntityOfPage\":{\"@id\":\"https:\\\/\\\/www.organisator.ch\\\/operational-excellence\\\/2024-05-30\\\/monika-wieneke-wird-neue-leiterin-risk-actuarial-security\\\/\"},\"wordCount\":271,\"publisher\":{\"@id\":\"https:\\\/\\\/www.organisator.ch\\\/#organization\"},\"image\":{\"@id\":\"https:\\\/\\\/www.organisator.ch\\\/operational-excellence\\\/2024-05-30\\\/monika-wieneke-wird-neue-leiterin-risk-actuarial-security\\\/#primaryimage\"},\"thumbnailUrl\":\"https:\\\/\\\/www.m-q.ch\\\/wp-content\\\/uploads\\\/2024\\\/05\\\/monika-wieneke-cro-axa-ch_Bild1_ps.jpg\",\"keywords\":[\"CEO\",\"Risikomanagement\",\"Schweiz\",\"Unternehmen\"],\"articleSection\":[\"OPERATIONAL EXCELLENCE\"],\"inLanguage\":\"de\"},{\"@type\":\"WebPage\",\"@id\":\"https:\\\/\\\/www.organisator.ch\\\/operational-excellence\\\/2024-05-30\\\/monika-wieneke-wird-neue-leiterin-risk-actuarial-security\\\/\",\"url\":\"https:\\\/\\\/www.organisator.ch\\\/operational-excellence\\\/2024-05-30\\\/monika-wieneke-wird-neue-leiterin-risk-actuarial-security\\\/\",\"name\":\"Monika Wieneke wird neue Leiterin \u00abRisk, Actuarial &amp; Security\u00bb - Organisator\",\"isPartOf\":{\"@id\":\"https:\\\/\\\/www.organisator.ch\\\/#website\"},\"primaryImageOfPage\":{\"@id\":\"https:\\\/\\\/www.organisator.ch\\\/operational-excellence\\\/2024-05-30\\\/monika-wieneke-wird-neue-leiterin-risk-actuarial-security\\\/#primaryimage\"},\"image\":{\"@id\":\"https:\\\/\\\/www.organisator.ch\\\/operational-excellence\\\/2024-05-30\\\/monika-wieneke-wird-neue-leiterin-risk-actuarial-security\\\/#primaryimage\"},\"thumbnailUrl\":\"https:\\\/\\\/www.m-q.ch\\\/wp-content\\\/uploads\\\/2024\\\/05\\\/monika-wieneke-cro-axa-ch_Bild1_ps.jpg\",\"datePublished\":\"2024-05-30T07:51:57+00:00\",\"dateModified\":\"2024-11-11T04:03:33+00:00\",\"description\":\"Monika Wieneke wird neue Leiterin \\\"Risk, Actuarial & Security\\\" bei AXA Schweiz. Ihre Berufung erfolgt im September.\",\"breadcrumb\":{\"@id\":\"https:\\\/\\\/www.organisator.ch\\\/operational-excellence\\\/2024-05-30\\\/monika-wieneke-wird-neue-leiterin-risk-actuarial-security\\\/#breadcrumb\"},\"inLanguage\":\"de\",\"potentialAction\":[{\"@type\":\"ReadAction\",\"target\":[\"https:\\\/\\\/www.organisator.ch\\\/operational-excellence\\\/2024-05-30\\\/monika-wieneke-wird-neue-leiterin-risk-actuarial-security\\\/\"]}]},{\"@type\":\"ImageObject\",\"inLanguage\":\"de\",\"@id\":\"https:\\\/\\\/www.organisator.ch\\\/operational-excellence\\\/2024-05-30\\\/monika-wieneke-wird-neue-leiterin-risk-actuarial-security\\\/#primaryimage\",\"url\":\"https:\\\/\\\/www.m-q.ch\\\/wp-content\\\/uploads\\\/2024\\\/05\\\/monika-wieneke-cro-axa-ch_Bild1_ps.jpg\",\"contentUrl\":\"https:\\\/\\\/www.m-q.ch\\\/wp-content\\\/uploads\\\/2024\\\/05\\\/monika-wieneke-cro-axa-ch_Bild1_ps.jpg\"},{\"@type\":\"BreadcrumbList\",\"@id\":\"https:\\\/\\\/www.organisator.ch\\\/operational-excellence\\\/2024-05-30\\\/monika-wieneke-wird-neue-leiterin-risk-actuarial-security\\\/#breadcrumb\",\"itemListElement\":[{\"@type\":\"ListItem\",\"position\":1,\"name\":\"Home\",\"item\":\"https:\\\/\\\/www.organisator.ch\\\/\"},{\"@type\":\"ListItem\",\"position\":2,\"name\":\"Monika Wieneke wird neue Leiterin \u00abRisk, Actuarial &amp; Security\u00bb\"}]},{\"@type\":\"WebSite\",\"@id\":\"https:\\\/\\\/www.organisator.ch\\\/#website\",\"url\":\"https:\\\/\\\/www.organisator.ch\\\/\",\"name\":\"Organisator\",\"description\":\"Kompetent. Praxisnah. Der ORGANISATOR bereitet in 10 Ausgaben pro Jahr die wesentlichen Themen f\u00fcr F\u00fchrungskr\u00e4fte von KMU auf.\",\"publisher\":{\"@id\":\"https:\\\/\\\/www.organisator.ch\\\/#organization\"},\"potentialAction\":[{\"@type\":\"SearchAction\",\"target\":{\"@type\":\"EntryPoint\",\"urlTemplate\":\"https:\\\/\\\/www.organisator.ch\\\/?s={search_term_string}\"},\"query-input\":{\"@type\":\"PropertyValueSpecification\",\"valueRequired\":true,\"valueName\":\"search_term_string\"}}],\"inLanguage\":\"de\"},{\"@type\":\"Organization\",\"@id\":\"https:\\\/\\\/www.organisator.ch\\\/#organization\",\"name\":\"Organisator\",\"url\":\"https:\\\/\\\/www.organisator.ch\\\/\",\"logo\":{\"@type\":\"ImageObject\",\"inLanguage\":\"de\",\"@id\":\"https:\\\/\\\/www.organisator.ch\\\/#\\\/schema\\\/logo\\\/image\\\/\",\"url\":\"https:\\\/\\\/www.organisator.ch\\\/wp-content\\\/uploads\\\/2022\\\/01\\\/Logo_Organisator_Website.png\",\"contentUrl\":\"https:\\\/\\\/www.organisator.ch\\\/wp-content\\\/uploads\\\/2022\\\/01\\\/Logo_Organisator_Website.png\",\"width\":800,\"height\":77,\"caption\":\"Organisator\"},\"image\":{\"@id\":\"https:\\\/\\\/www.organisator.ch\\\/#\\\/schema\\\/logo\\\/image\\\/\"},\"sameAs\":[\"https:\\\/\\\/www.facebook.com\\\/OrganisatorFachmagazin\",\"https:\\\/\\\/www.linkedin.com\\\/showcase\\\/organisator-das-magazin-fr-kmu\",\"https:\\\/\\\/www.xing.com\\\/news\\\/pages\\\/organisator-ch-695\",\"https:\\\/\\\/www.youtube.com\\\/channel\\\/UCGP2Sq0iWaZwT3BdIAQFYpw\"]},{\"@type\":\"Person\",\"@id\":\"https:\\\/\\\/www.organisator.ch\\\/#\\\/schema\\\/person\\\/2e1314a2172123f874db408d8911d3f3\",\"name\":\"Adelisa Kalajdzini\",\"image\":{\"@type\":\"ImageObject\",\"inLanguage\":\"de\",\"@id\":\"https:\\\/\\\/secure.gravatar.com\\\/avatar\\\/09a397c22ac58cad6f160ee8306348599df9df58a8ede73696226897b9fa4b24?s=96&d=mm&r=g\",\"url\":\"https:\\\/\\\/secure.gravatar.com\\\/avatar\\\/09a397c22ac58cad6f160ee8306348599df9df58a8ede73696226897b9fa4b24?s=96&d=mm&r=g\",\"contentUrl\":\"https:\\\/\\\/secure.gravatar.com\\\/avatar\\\/09a397c22ac58cad6f160ee8306348599df9df58a8ede73696226897b9fa4b24?s=96&d=mm&r=g\",\"caption\":\"Adelisa Kalajdzini\"},\"url\":\"https:\\\/\\\/www.organisator.ch\\\/de\\\/author\\\/adelisa-kalajdzini\\\/\"}]}<\/script>\n<!-- \/ Yoast SEO plugin. -->","yoast_head_json":{"title":"Monika Wieneke wird neue Leiterin \u00abRisk, Actuarial &amp; Security\u00bb - Organisator","description":"Monika Wieneke wird neue Leiterin \"Risk, Actuarial & Security\" bei AXA Schweiz. Ihre Berufung erfolgt im September.","robots":{"index":"index","follow":"follow","max-snippet":"max-snippet:-1","max-image-preview":"max-image-preview:large","max-video-preview":"max-video-preview:-1"},"canonical":"https:\/\/www.organisator.ch\/de\/operational-excellence\/2024-05-30\/monika-wieneke-wird-neue-leiterin-risk-actuarial-security\/","og_locale":"de_DE","og_type":"article","og_title":"Monika Wieneke wird neue Leiterin \u00abRisk, Actuarial &amp; Security\u00bb - Organisator","og_description":"Monika Wieneke wird neue Leiterin \"Risk, Actuarial & Security\" bei AXA Schweiz. Ihre Berufung erfolgt im September.","og_url":"https:\/\/www.organisator.ch\/de\/operational-excellence\/2024-05-30\/monika-wieneke-wird-neue-leiterin-risk-actuarial-security\/","og_site_name":"Organisator","article_publisher":"https:\/\/www.facebook.com\/OrganisatorFachmagazin","article_published_time":"2024-05-30T07:51:57+00:00","article_modified_time":"2024-11-11T04:03:33+00:00","og_image":[{"url":"https:\/\/www.m-q.ch\/wp-content\/uploads\/2024\/05\/monika-wieneke-cro-axa-ch_Bild1_ps.jpg","type":"","width":"","height":""}],"author":"Adelisa Kalajdzini","twitter_card":"summary_large_image","schema":{"@context":"https:\/\/schema.org","@graph":[{"@type":"Article","@id":"https:\/\/www.organisator.ch\/operational-excellence\/2024-05-30\/monika-wieneke-wird-neue-leiterin-risk-actuarial-security\/#article","isPartOf":{"@id":"https:\/\/www.organisator.ch\/operational-excellence\/2024-05-30\/monika-wieneke-wird-neue-leiterin-risk-actuarial-security\/"},"author":{"name":"Adelisa Kalajdzini","@id":"https:\/\/www.organisator.ch\/#\/schema\/person\/2e1314a2172123f874db408d8911d3f3"},"headline":"Monika Wieneke wird neue Leiterin \u00abRisk, Actuarial &amp; Security\u00bb","datePublished":"2024-05-30T07:51:57+00:00","dateModified":"2024-11-11T04:03:33+00:00","mainEntityOfPage":{"@id":"https:\/\/www.organisator.ch\/operational-excellence\/2024-05-30\/monika-wieneke-wird-neue-leiterin-risk-actuarial-security\/"},"wordCount":271,"publisher":{"@id":"https:\/\/www.organisator.ch\/#organization"},"image":{"@id":"https:\/\/www.organisator.ch\/operational-excellence\/2024-05-30\/monika-wieneke-wird-neue-leiterin-risk-actuarial-security\/#primaryimage"},"thumbnailUrl":"https:\/\/www.m-q.ch\/wp-content\/uploads\/2024\/05\/monika-wieneke-cro-axa-ch_Bild1_ps.jpg","keywords":["CEO","Risikomanagement","Schweiz","Unternehmen"],"articleSection":["OPERATIONAL EXCELLENCE"],"inLanguage":"de"},{"@type":"WebPage","@id":"https:\/\/www.organisator.ch\/operational-excellence\/2024-05-30\/monika-wieneke-wird-neue-leiterin-risk-actuarial-security\/","url":"https:\/\/www.organisator.ch\/operational-excellence\/2024-05-30\/monika-wieneke-wird-neue-leiterin-risk-actuarial-security\/","name":"Monika Wieneke wird neue Leiterin \u00abRisk, Actuarial &amp; Security\u00bb - Organisator","isPartOf":{"@id":"https:\/\/www.organisator.ch\/#website"},"primaryImageOfPage":{"@id":"https:\/\/www.organisator.ch\/operational-excellence\/2024-05-30\/monika-wieneke-wird-neue-leiterin-risk-actuarial-security\/#primaryimage"},"image":{"@id":"https:\/\/www.organisator.ch\/operational-excellence\/2024-05-30\/monika-wieneke-wird-neue-leiterin-risk-actuarial-security\/#primaryimage"},"thumbnailUrl":"https:\/\/www.m-q.ch\/wp-content\/uploads\/2024\/05\/monika-wieneke-cro-axa-ch_Bild1_ps.jpg","datePublished":"2024-05-30T07:51:57+00:00","dateModified":"2024-11-11T04:03:33+00:00","description":"Monika Wieneke wird neue Leiterin \"Risk, Actuarial & Security\" bei AXA Schweiz. Ihre Berufung erfolgt im September.","breadcrumb":{"@id":"https:\/\/www.organisator.ch\/operational-excellence\/2024-05-30\/monika-wieneke-wird-neue-leiterin-risk-actuarial-security\/#breadcrumb"},"inLanguage":"de","potentialAction":[{"@type":"ReadAction","target":["https:\/\/www.organisator.ch\/operational-excellence\/2024-05-30\/monika-wieneke-wird-neue-leiterin-risk-actuarial-security\/"]}]},{"@type":"ImageObject","inLanguage":"de","@id":"https:\/\/www.organisator.ch\/operational-excellence\/2024-05-30\/monika-wieneke-wird-neue-leiterin-risk-actuarial-security\/#primaryimage","url":"https:\/\/www.m-q.ch\/wp-content\/uploads\/2024\/05\/monika-wieneke-cro-axa-ch_Bild1_ps.jpg","contentUrl":"https:\/\/www.m-q.ch\/wp-content\/uploads\/2024\/05\/monika-wieneke-cro-axa-ch_Bild1_ps.jpg"},{"@type":"BreadcrumbList","@id":"https:\/\/www.organisator.ch\/operational-excellence\/2024-05-30\/monika-wieneke-wird-neue-leiterin-risk-actuarial-security\/#breadcrumb","itemListElement":[{"@type":"ListItem","position":1,"name":"Home","item":"https:\/\/www.organisator.ch\/"},{"@type":"ListItem","position":2,"name":"Monika Wieneke wird neue Leiterin \u00abRisk, Actuarial &amp; Security\u00bb"}]},{"@type":"WebSite","@id":"https:\/\/www.organisator.ch\/#website","url":"https:\/\/www.organisator.ch\/","name":"Organisator","description":"Kompetent. Praxisnah. Der ORGANISATOR bereitet in 10 Ausgaben pro Jahr die wesentlichen Themen f\u00fcr F\u00fchrungskr\u00e4fte von KMU auf.","publisher":{"@id":"https:\/\/www.organisator.ch\/#organization"},"potentialAction":[{"@type":"SearchAction","target":{"@type":"EntryPoint","urlTemplate":"https:\/\/www.organisator.ch\/?s={search_term_string}"},"query-input":{"@type":"PropertyValueSpecification","valueRequired":true,"valueName":"search_term_string"}}],"inLanguage":"de"},{"@type":"Organization","@id":"https:\/\/www.organisator.ch\/#organization","name":"Organisator","url":"https:\/\/www.organisator.ch\/","logo":{"@type":"ImageObject","inLanguage":"de","@id":"https:\/\/www.organisator.ch\/#\/schema\/logo\/image\/","url":"https:\/\/www.organisator.ch\/wp-content\/uploads\/2022\/01\/Logo_Organisator_Website.png","contentUrl":"https:\/\/www.organisator.ch\/wp-content\/uploads\/2022\/01\/Logo_Organisator_Website.png","width":800,"height":77,"caption":"Organisator"},"image":{"@id":"https:\/\/www.organisator.ch\/#\/schema\/logo\/image\/"},"sameAs":["https:\/\/www.facebook.com\/OrganisatorFachmagazin","https:\/\/www.linkedin.com\/showcase\/organisator-das-magazin-fr-kmu","https:\/\/www.xing.com\/news\/pages\/organisator-ch-695","https:\/\/www.youtube.com\/channel\/UCGP2Sq0iWaZwT3BdIAQFYpw"]},{"@type":"Person","@id":"https:\/\/www.organisator.ch\/#\/schema\/person\/2e1314a2172123f874db408d8911d3f3","name":"Adelisa Kalajdzini","image":{"@type":"ImageObject","inLanguage":"de","@id":"https:\/\/secure.gravatar.com\/avatar\/09a397c22ac58cad6f160ee8306348599df9df58a8ede73696226897b9fa4b24?s=96&d=mm&r=g","url":"https:\/\/secure.gravatar.com\/avatar\/09a397c22ac58cad6f160ee8306348599df9df58a8ede73696226897b9fa4b24?s=96&d=mm&r=g","contentUrl":"https:\/\/secure.gravatar.com\/avatar\/09a397c22ac58cad6f160ee8306348599df9df58a8ede73696226897b9fa4b24?s=96&d=mm&r=g","caption":"Adelisa Kalajdzini"},"url":"https:\/\/www.organisator.ch\/de\/author\/adelisa-kalajdzini\/"}]}},"_links":{"self":[{"href":"https:\/\/www.organisator.ch\/de\/wp-json\/wp\/v2\/posts\/27364","targetHints":{"allow":["GET"]}}],"collection":[{"href":"https:\/\/www.organisator.ch\/de\/wp-json\/wp\/v2\/posts"}],"about":[{"href":"https:\/\/www.organisator.ch\/de\/wp-json\/wp\/v2\/types\/post"}],"author":[{"embeddable":true,"href":"https:\/\/www.organisator.ch\/de\/wp-json\/wp\/v2\/users\/58"}],"replies":[{"embeddable":true,"href":"https:\/\/www.organisator.ch\/de\/wp-json\/wp\/v2\/comments?post=27364"}],"version-history":[{"count":6,"href":"https:\/\/www.organisator.ch\/de\/wp-json\/wp\/v2\/posts\/27364\/revisions"}],"predecessor-version":[{"id":32223,"href":"https:\/\/www.organisator.ch\/de\/wp-json\/wp\/v2\/posts\/27364\/revisions\/32223"}],"wp:attachment":[{"href":"https:\/\/www.organisator.ch\/de\/wp-json\/wp\/v2\/media?parent=27364"}],"wp:term":[{"taxonomy":"category","embeddable":true,"href":"https:\/\/www.organisator.ch\/de\/wp-json\/wp\/v2\/categories?post=27364"},{"taxonomy":"post_tag","embeddable":true,"href":"https:\/\/www.organisator.ch\/de\/wp-json\/wp\/v2\/tags?post=27364"}],"curies":[{"name":"wp","href":"https:\/\/api.w.org\/{rel}","templated":true}]}}