{"id":27426,"date":"2024-06-03T14:49:03","date_gmt":"2024-06-03T12:49:03","guid":{"rendered":"https:\/\/www.werbewoche.ch\/?p=215975"},"modified":"2024-11-11T04:51:44","modified_gmt":"2024-11-11T03:51:44","slug":"scholtysik-bewegtes-logo-und-neuer-autritt-fuer-das-psi","status":"publish","type":"post","link":"https:\/\/www.organisator.ch\/de\/marketing\/2024-06-03\/scholtysik-bewegtes-logo-und-neuer-autritt-fuer-das-psi\/","title":{"rendered":"Scholtysik: Bewegtes Logo und neuer Autritt f\u00fcr das PSI"},"content":{"rendered":"<p><img class=\"alignnone wp-image-215979 size-full\" src=\"https:\/\/www.werbewoche.ch\/wp-content\/uploads\/2024\/06\/PSI3.jpg\" alt=\"PSI neuer Markenauftritt \" width=\"1200\" height=\"800\" \/>Das PSI ist mit 2300 Mitarbeitenden und rund 3000 Gastforschenden das gr\u00f6sste Forschungsinstitut f\u00fcr Natur- und Ingenieurwissenschaften in der Schweiz. Es betreibt die Schweizer Teilchenbeschleuniger-basierten Grossforschungsanlagen, die in dieser Kombination weltweit einzigartig sind. Das PSI ist Teil des ETH-Bereichs und forscht in den Bereichen Zukunftstechnologien, Energie und Klima, Health Innovation sowie Grundlagen der Natur.<\/p>\r\n<h3>Bewegtmarke und variables Design<\/h3>\r\n<p>Jetzt hat das Institut einen neuen Auftritt. Scholtysik entwickelte daf\u00fcr ein dynamisches, sich aus kleinsten Partikeln st\u00e4ndig neu bildendes Logo. Die dabei entstehenden Formen sind durch die vielf\u00e4ltige Forschung am PSI inspiriert wie z.B. Quantentechnologie, Neutronenstreuung, Proteinfaltung oder Atmosph\u00e4renchemie.\u00a0 Spektralfarben, die in den bildgebenden Verfahren des PSI h\u00e4ufig vorkommen, sollen die Bandbreite und Faszination der Forschung am PSI verdeutlichen. Das neue Logo ist sowohl als Bewegtmarke wie auch in vier statischen Zust\u00e4nden im Schweizer Markenregister eingetragen.<\/p>\r\n<p><\/p>\r\n<h3>Submarken f\u00fcr PSI Centers<\/h3>\r\n<p>Die verschiedenen Forschungsbereiche werden neu als PSI Centers mit eigenen Submarken gef\u00fchrt. So sollen sie in ihren jeweiligen Forschungs-Communities weltweit st\u00e4rker sichtbar werden und dazu beitragen, die besten K\u00f6pfe in die Schweiz zu holen und die Innovationskraft des Wirtschaftsstandorts zu steigern.<\/p>\r\n<p><img class=\"alignnone size-full wp-image-215978\" src=\"https:\/\/www.werbewoche.ch\/wp-content\/uploads\/2024\/06\/PSI2.jpg\" alt=\"\" width=\"1200\" height=\"800\" \/><\/p>\r\n<h3>Nutzerzentrierte Website<\/h3>\r\n<p>Scholtysik entwickelt die neue Website basierend auf den Zielen des Instituts, gezieltem User-Research und einem zweistufigen Prototypen-Testing. Das neue komponentenbasierte UI-Design erm\u00f6glicht reichhaltigere und flexibler gestaltete Inhalte, gew\u00e4hrleistet barrierefreien Zugang und verbessert Lesbarkeit und \u00dcbersicht.<\/p>\r\n<p><img class=\"alignnone size-full wp-image-215977\" src=\"https:\/\/www.werbewoche.ch\/wp-content\/uploads\/2024\/06\/PSI1.jpg\" alt=\"\" width=\"1200\" height=\"800\" \/><\/p>\r\n<p><\/p>","protected":false},"excerpt":{"rendered":"<p>Das Paul Scherrer Institut gibt sich einen zeitgem\u00e4ssen Auftritt, der internationale Spitzenforschung vermitteln und effiziente Kommunikation im digitalen Zeitalter erm\u00f6glichen soll. Scholtysik verantwortet Markenstrategie, UX-Konzeption, Design und Umsetzung von Web und Video bis zu Signaletik und Events.<\/p>\n","protected":false},"author":8,"featured_media":0,"comment_status":"closed","ping_status":"closed","sticky":false,"template":"","format":"standard","meta":{"_acf_changed":false,"_yoast_wpseo_focuskw":"PSI neuer Markenauftritt","_yoast_wpseo_metadesc":"PSI pr\u00e4sentiert neuen Markenauftritt: Dynamisches Logo und Submarken f\u00fcr Forschungsbereiche. Nutzerzentrierte Website.","articlekey":"","footnotes":""},"categories":[29],"tags":[2617,4244,3675],"class_list":["post-27426","post","type-post","status-publish","format-standard","hentry","category-marketing","tag-marken","tag-paul-scherrer","tag-scholtysik"],"acf":[],"yoast_head":"<!-- This site is optimized with the Yoast SEO plugin v27.4 - https:\/\/yoast.com\/product\/yoast-seo-wordpress\/ -->\n<title>Scholtysik: Bewegtes Logo und neuer Autritt f\u00fcr das PSI - Organisator<\/title>\n<meta name=\"description\" content=\"PSI pr\u00e4sentiert neuen Markenauftritt: Dynamisches Logo und Submarken f\u00fcr Forschungsbereiche. Nutzerzentrierte Website.\" \/>\n<meta name=\"robots\" content=\"index, follow, max-snippet:-1, max-image-preview:large, max-video-preview:-1\" \/>\n<link rel=\"canonical\" href=\"https:\/\/www.organisator.ch\/de\/marketing\/2024-06-03\/scholtysik-bewegtes-logo-und-neuer-autritt-fuer-das-psi\/\" \/>\n<meta property=\"og:locale\" content=\"de_DE\" \/>\n<meta property=\"og:type\" content=\"article\" \/>\n<meta property=\"og:title\" content=\"Scholtysik: Bewegtes Logo und neuer Autritt f\u00fcr das PSI - Organisator\" \/>\n<meta property=\"og:description\" content=\"PSI pr\u00e4sentiert neuen Markenauftritt: Dynamisches Logo und Submarken f\u00fcr Forschungsbereiche. Nutzerzentrierte Website.\" \/>\n<meta property=\"og:url\" content=\"https:\/\/www.organisator.ch\/de\/marketing\/2024-06-03\/scholtysik-bewegtes-logo-und-neuer-autritt-fuer-das-psi\/\" \/>\n<meta property=\"og:site_name\" content=\"Organisator\" \/>\n<meta property=\"article:publisher\" content=\"https:\/\/www.facebook.com\/OrganisatorFachmagazin\" \/>\n<meta property=\"article:published_time\" content=\"2024-06-03T12:49:03+00:00\" \/>\n<meta property=\"article:modified_time\" content=\"2024-11-11T03:51:44+00:00\" \/>\n<meta property=\"og:image\" content=\"https:\/\/www.werbewoche.ch\/wp-content\/uploads\/2024\/06\/PSI3.jpg\" \/>\n<meta name=\"author\" content=\"galledia\" \/>\n<meta name=\"twitter:card\" content=\"summary_large_image\" \/>\n<meta name=\"twitter:creator\" content=\"@admin\" \/>\n<script type=\"application\/ld+json\" class=\"yoast-schema-graph\">{\"@context\":\"https:\\\/\\\/schema.org\",\"@graph\":[{\"@type\":\"Article\",\"@id\":\"https:\\\/\\\/www.organisator.ch\\\/marketing\\\/2024-06-03\\\/scholtysik-bewegtes-logo-und-neuer-autritt-fuer-das-psi\\\/#article\",\"isPartOf\":{\"@id\":\"https:\\\/\\\/www.organisator.ch\\\/marketing\\\/2024-06-03\\\/scholtysik-bewegtes-logo-und-neuer-autritt-fuer-das-psi\\\/\"},\"author\":{\"name\":\"galledia\",\"@id\":\"https:\\\/\\\/www.organisator.ch\\\/#\\\/schema\\\/person\\\/4e51799071cd2dd1232ac003643ef5f0\"},\"headline\":\"Scholtysik: Bewegtes Logo und neuer Autritt f\u00fcr das PSI\",\"datePublished\":\"2024-06-03T12:49:03+00:00\",\"dateModified\":\"2024-11-11T03:51:44+00:00\",\"mainEntityOfPage\":{\"@id\":\"https:\\\/\\\/www.organisator.ch\\\/marketing\\\/2024-06-03\\\/scholtysik-bewegtes-logo-und-neuer-autritt-fuer-das-psi\\\/\"},\"wordCount\":239,\"publisher\":{\"@id\":\"https:\\\/\\\/www.organisator.ch\\\/#organization\"},\"image\":{\"@id\":\"https:\\\/\\\/www.organisator.ch\\\/marketing\\\/2024-06-03\\\/scholtysik-bewegtes-logo-und-neuer-autritt-fuer-das-psi\\\/#primaryimage\"},\"thumbnailUrl\":\"https:\\\/\\\/www.werbewoche.ch\\\/wp-content\\\/uploads\\\/2024\\\/06\\\/PSI3.jpg\",\"keywords\":[\"Marken\",\"paul scherrer\",\"Scholtysik\"],\"articleSection\":[\"MARKETING\"],\"inLanguage\":\"de\"},{\"@type\":\"WebPage\",\"@id\":\"https:\\\/\\\/www.organisator.ch\\\/marketing\\\/2024-06-03\\\/scholtysik-bewegtes-logo-und-neuer-autritt-fuer-das-psi\\\/\",\"url\":\"https:\\\/\\\/www.organisator.ch\\\/marketing\\\/2024-06-03\\\/scholtysik-bewegtes-logo-und-neuer-autritt-fuer-das-psi\\\/\",\"name\":\"Scholtysik: Bewegtes Logo und neuer Autritt f\u00fcr das PSI - Organisator\",\"isPartOf\":{\"@id\":\"https:\\\/\\\/www.organisator.ch\\\/#website\"},\"primaryImageOfPage\":{\"@id\":\"https:\\\/\\\/www.organisator.ch\\\/marketing\\\/2024-06-03\\\/scholtysik-bewegtes-logo-und-neuer-autritt-fuer-das-psi\\\/#primaryimage\"},\"image\":{\"@id\":\"https:\\\/\\\/www.organisator.ch\\\/marketing\\\/2024-06-03\\\/scholtysik-bewegtes-logo-und-neuer-autritt-fuer-das-psi\\\/#primaryimage\"},\"thumbnailUrl\":\"https:\\\/\\\/www.werbewoche.ch\\\/wp-content\\\/uploads\\\/2024\\\/06\\\/PSI3.jpg\",\"datePublished\":\"2024-06-03T12:49:03+00:00\",\"dateModified\":\"2024-11-11T03:51:44+00:00\",\"description\":\"PSI pr\u00e4sentiert neuen Markenauftritt: Dynamisches Logo und Submarken f\u00fcr Forschungsbereiche. Nutzerzentrierte Website.\",\"breadcrumb\":{\"@id\":\"https:\\\/\\\/www.organisator.ch\\\/marketing\\\/2024-06-03\\\/scholtysik-bewegtes-logo-und-neuer-autritt-fuer-das-psi\\\/#breadcrumb\"},\"inLanguage\":\"de\",\"potentialAction\":[{\"@type\":\"ReadAction\",\"target\":[\"https:\\\/\\\/www.organisator.ch\\\/marketing\\\/2024-06-03\\\/scholtysik-bewegtes-logo-und-neuer-autritt-fuer-das-psi\\\/\"]}]},{\"@type\":\"ImageObject\",\"inLanguage\":\"de\",\"@id\":\"https:\\\/\\\/www.organisator.ch\\\/marketing\\\/2024-06-03\\\/scholtysik-bewegtes-logo-und-neuer-autritt-fuer-das-psi\\\/#primaryimage\",\"url\":\"https:\\\/\\\/www.werbewoche.ch\\\/wp-content\\\/uploads\\\/2024\\\/06\\\/PSI3.jpg\",\"contentUrl\":\"https:\\\/\\\/www.werbewoche.ch\\\/wp-content\\\/uploads\\\/2024\\\/06\\\/PSI3.jpg\"},{\"@type\":\"BreadcrumbList\",\"@id\":\"https:\\\/\\\/www.organisator.ch\\\/marketing\\\/2024-06-03\\\/scholtysik-bewegtes-logo-und-neuer-autritt-fuer-das-psi\\\/#breadcrumb\",\"itemListElement\":[{\"@type\":\"ListItem\",\"position\":1,\"name\":\"Home\",\"item\":\"https:\\\/\\\/www.organisator.ch\\\/\"},{\"@type\":\"ListItem\",\"position\":2,\"name\":\"Scholtysik: Bewegtes Logo und neuer Autritt f\u00fcr das PSI\"}]},{\"@type\":\"WebSite\",\"@id\":\"https:\\\/\\\/www.organisator.ch\\\/#website\",\"url\":\"https:\\\/\\\/www.organisator.ch\\\/\",\"name\":\"Organisator\",\"description\":\"Kompetent. Praxisnah. Der ORGANISATOR bereitet in 10 Ausgaben pro Jahr die wesentlichen Themen f\u00fcr F\u00fchrungskr\u00e4fte von KMU auf.\",\"publisher\":{\"@id\":\"https:\\\/\\\/www.organisator.ch\\\/#organization\"},\"potentialAction\":[{\"@type\":\"SearchAction\",\"target\":{\"@type\":\"EntryPoint\",\"urlTemplate\":\"https:\\\/\\\/www.organisator.ch\\\/?s={search_term_string}\"},\"query-input\":{\"@type\":\"PropertyValueSpecification\",\"valueRequired\":true,\"valueName\":\"search_term_string\"}}],\"inLanguage\":\"de\"},{\"@type\":\"Organization\",\"@id\":\"https:\\\/\\\/www.organisator.ch\\\/#organization\",\"name\":\"Organisator\",\"url\":\"https:\\\/\\\/www.organisator.ch\\\/\",\"logo\":{\"@type\":\"ImageObject\",\"inLanguage\":\"de\",\"@id\":\"https:\\\/\\\/www.organisator.ch\\\/#\\\/schema\\\/logo\\\/image\\\/\",\"url\":\"https:\\\/\\\/www.organisator.ch\\\/wp-content\\\/uploads\\\/2022\\\/01\\\/Logo_Organisator_Website.png\",\"contentUrl\":\"https:\\\/\\\/www.organisator.ch\\\/wp-content\\\/uploads\\\/2022\\\/01\\\/Logo_Organisator_Website.png\",\"width\":800,\"height\":77,\"caption\":\"Organisator\"},\"image\":{\"@id\":\"https:\\\/\\\/www.organisator.ch\\\/#\\\/schema\\\/logo\\\/image\\\/\"},\"sameAs\":[\"https:\\\/\\\/www.facebook.com\\\/OrganisatorFachmagazin\",\"https:\\\/\\\/www.linkedin.com\\\/showcase\\\/organisator-das-magazin-fr-kmu\",\"https:\\\/\\\/www.xing.com\\\/news\\\/pages\\\/organisator-ch-695\",\"https:\\\/\\\/www.youtube.com\\\/channel\\\/UCGP2Sq0iWaZwT3BdIAQFYpw\"]},{\"@type\":\"Person\",\"@id\":\"https:\\\/\\\/www.organisator.ch\\\/#\\\/schema\\\/person\\\/4e51799071cd2dd1232ac003643ef5f0\",\"name\":\"galledia\",\"image\":{\"@type\":\"ImageObject\",\"inLanguage\":\"de\",\"@id\":\"https:\\\/\\\/secure.gravatar.com\\\/avatar\\\/78a7f90c01fc2bfc875782a0d4922b37cde2cf184ce347b91316d23cd7f69a36?s=96&d=mm&r=g\",\"url\":\"https:\\\/\\\/secure.gravatar.com\\\/avatar\\\/78a7f90c01fc2bfc875782a0d4922b37cde2cf184ce347b91316d23cd7f69a36?s=96&d=mm&r=g\",\"contentUrl\":\"https:\\\/\\\/secure.gravatar.com\\\/avatar\\\/78a7f90c01fc2bfc875782a0d4922b37cde2cf184ce347b91316d23cd7f69a36?s=96&d=mm&r=g\",\"caption\":\"galledia\"},\"sameAs\":[\"https:\\\/\\\/x.com\\\/admin\"],\"url\":\"https:\\\/\\\/www.organisator.ch\\\/de\\\/author\\\/galledia\\\/\"}]}<\/script>\n<!-- \/ Yoast SEO plugin. -->","yoast_head_json":{"title":"Scholtysik: Bewegtes Logo und neuer Autritt f\u00fcr das PSI - Organisator","description":"PSI pr\u00e4sentiert neuen Markenauftritt: Dynamisches Logo und Submarken f\u00fcr Forschungsbereiche. Nutzerzentrierte Website.","robots":{"index":"index","follow":"follow","max-snippet":"max-snippet:-1","max-image-preview":"max-image-preview:large","max-video-preview":"max-video-preview:-1"},"canonical":"https:\/\/www.organisator.ch\/de\/marketing\/2024-06-03\/scholtysik-bewegtes-logo-und-neuer-autritt-fuer-das-psi\/","og_locale":"de_DE","og_type":"article","og_title":"Scholtysik: Bewegtes Logo und neuer Autritt f\u00fcr das PSI - Organisator","og_description":"PSI pr\u00e4sentiert neuen Markenauftritt: Dynamisches Logo und Submarken f\u00fcr Forschungsbereiche. Nutzerzentrierte Website.","og_url":"https:\/\/www.organisator.ch\/de\/marketing\/2024-06-03\/scholtysik-bewegtes-logo-und-neuer-autritt-fuer-das-psi\/","og_site_name":"Organisator","article_publisher":"https:\/\/www.facebook.com\/OrganisatorFachmagazin","article_published_time":"2024-06-03T12:49:03+00:00","article_modified_time":"2024-11-11T03:51:44+00:00","og_image":[{"url":"https:\/\/www.werbewoche.ch\/wp-content\/uploads\/2024\/06\/PSI3.jpg","type":"","width":"","height":""}],"author":"galledia","twitter_card":"summary_large_image","twitter_creator":"@admin","schema":{"@context":"https:\/\/schema.org","@graph":[{"@type":"Article","@id":"https:\/\/www.organisator.ch\/marketing\/2024-06-03\/scholtysik-bewegtes-logo-und-neuer-autritt-fuer-das-psi\/#article","isPartOf":{"@id":"https:\/\/www.organisator.ch\/marketing\/2024-06-03\/scholtysik-bewegtes-logo-und-neuer-autritt-fuer-das-psi\/"},"author":{"name":"galledia","@id":"https:\/\/www.organisator.ch\/#\/schema\/person\/4e51799071cd2dd1232ac003643ef5f0"},"headline":"Scholtysik: Bewegtes Logo und neuer Autritt f\u00fcr das PSI","datePublished":"2024-06-03T12:49:03+00:00","dateModified":"2024-11-11T03:51:44+00:00","mainEntityOfPage":{"@id":"https:\/\/www.organisator.ch\/marketing\/2024-06-03\/scholtysik-bewegtes-logo-und-neuer-autritt-fuer-das-psi\/"},"wordCount":239,"publisher":{"@id":"https:\/\/www.organisator.ch\/#organization"},"image":{"@id":"https:\/\/www.organisator.ch\/marketing\/2024-06-03\/scholtysik-bewegtes-logo-und-neuer-autritt-fuer-das-psi\/#primaryimage"},"thumbnailUrl":"https:\/\/www.werbewoche.ch\/wp-content\/uploads\/2024\/06\/PSI3.jpg","keywords":["Marken","paul scherrer","Scholtysik"],"articleSection":["MARKETING"],"inLanguage":"de"},{"@type":"WebPage","@id":"https:\/\/www.organisator.ch\/marketing\/2024-06-03\/scholtysik-bewegtes-logo-und-neuer-autritt-fuer-das-psi\/","url":"https:\/\/www.organisator.ch\/marketing\/2024-06-03\/scholtysik-bewegtes-logo-und-neuer-autritt-fuer-das-psi\/","name":"Scholtysik: Bewegtes Logo und neuer Autritt f\u00fcr das PSI - Organisator","isPartOf":{"@id":"https:\/\/www.organisator.ch\/#website"},"primaryImageOfPage":{"@id":"https:\/\/www.organisator.ch\/marketing\/2024-06-03\/scholtysik-bewegtes-logo-und-neuer-autritt-fuer-das-psi\/#primaryimage"},"image":{"@id":"https:\/\/www.organisator.ch\/marketing\/2024-06-03\/scholtysik-bewegtes-logo-und-neuer-autritt-fuer-das-psi\/#primaryimage"},"thumbnailUrl":"https:\/\/www.werbewoche.ch\/wp-content\/uploads\/2024\/06\/PSI3.jpg","datePublished":"2024-06-03T12:49:03+00:00","dateModified":"2024-11-11T03:51:44+00:00","description":"PSI pr\u00e4sentiert neuen Markenauftritt: Dynamisches Logo und Submarken f\u00fcr Forschungsbereiche. Nutzerzentrierte Website.","breadcrumb":{"@id":"https:\/\/www.organisator.ch\/marketing\/2024-06-03\/scholtysik-bewegtes-logo-und-neuer-autritt-fuer-das-psi\/#breadcrumb"},"inLanguage":"de","potentialAction":[{"@type":"ReadAction","target":["https:\/\/www.organisator.ch\/marketing\/2024-06-03\/scholtysik-bewegtes-logo-und-neuer-autritt-fuer-das-psi\/"]}]},{"@type":"ImageObject","inLanguage":"de","@id":"https:\/\/www.organisator.ch\/marketing\/2024-06-03\/scholtysik-bewegtes-logo-und-neuer-autritt-fuer-das-psi\/#primaryimage","url":"https:\/\/www.werbewoche.ch\/wp-content\/uploads\/2024\/06\/PSI3.jpg","contentUrl":"https:\/\/www.werbewoche.ch\/wp-content\/uploads\/2024\/06\/PSI3.jpg"},{"@type":"BreadcrumbList","@id":"https:\/\/www.organisator.ch\/marketing\/2024-06-03\/scholtysik-bewegtes-logo-und-neuer-autritt-fuer-das-psi\/#breadcrumb","itemListElement":[{"@type":"ListItem","position":1,"name":"Home","item":"https:\/\/www.organisator.ch\/"},{"@type":"ListItem","position":2,"name":"Scholtysik: Bewegtes Logo und neuer Autritt f\u00fcr das PSI"}]},{"@type":"WebSite","@id":"https:\/\/www.organisator.ch\/#website","url":"https:\/\/www.organisator.ch\/","name":"Organisator","description":"Kompetent. Praxisnah. Der ORGANISATOR bereitet in 10 Ausgaben pro Jahr die wesentlichen Themen f\u00fcr F\u00fchrungskr\u00e4fte von KMU auf.","publisher":{"@id":"https:\/\/www.organisator.ch\/#organization"},"potentialAction":[{"@type":"SearchAction","target":{"@type":"EntryPoint","urlTemplate":"https:\/\/www.organisator.ch\/?s={search_term_string}"},"query-input":{"@type":"PropertyValueSpecification","valueRequired":true,"valueName":"search_term_string"}}],"inLanguage":"de"},{"@type":"Organization","@id":"https:\/\/www.organisator.ch\/#organization","name":"Organisator","url":"https:\/\/www.organisator.ch\/","logo":{"@type":"ImageObject","inLanguage":"de","@id":"https:\/\/www.organisator.ch\/#\/schema\/logo\/image\/","url":"https:\/\/www.organisator.ch\/wp-content\/uploads\/2022\/01\/Logo_Organisator_Website.png","contentUrl":"https:\/\/www.organisator.ch\/wp-content\/uploads\/2022\/01\/Logo_Organisator_Website.png","width":800,"height":77,"caption":"Organisator"},"image":{"@id":"https:\/\/www.organisator.ch\/#\/schema\/logo\/image\/"},"sameAs":["https:\/\/www.facebook.com\/OrganisatorFachmagazin","https:\/\/www.linkedin.com\/showcase\/organisator-das-magazin-fr-kmu","https:\/\/www.xing.com\/news\/pages\/organisator-ch-695","https:\/\/www.youtube.com\/channel\/UCGP2Sq0iWaZwT3BdIAQFYpw"]},{"@type":"Person","@id":"https:\/\/www.organisator.ch\/#\/schema\/person\/4e51799071cd2dd1232ac003643ef5f0","name":"galledia","image":{"@type":"ImageObject","inLanguage":"de","@id":"https:\/\/secure.gravatar.com\/avatar\/78a7f90c01fc2bfc875782a0d4922b37cde2cf184ce347b91316d23cd7f69a36?s=96&d=mm&r=g","url":"https:\/\/secure.gravatar.com\/avatar\/78a7f90c01fc2bfc875782a0d4922b37cde2cf184ce347b91316d23cd7f69a36?s=96&d=mm&r=g","contentUrl":"https:\/\/secure.gravatar.com\/avatar\/78a7f90c01fc2bfc875782a0d4922b37cde2cf184ce347b91316d23cd7f69a36?s=96&d=mm&r=g","caption":"galledia"},"sameAs":["https:\/\/x.com\/admin"],"url":"https:\/\/www.organisator.ch\/de\/author\/galledia\/"}]}},"_links":{"self":[{"href":"https:\/\/www.organisator.ch\/de\/wp-json\/wp\/v2\/posts\/27426","targetHints":{"allow":["GET"]}}],"collection":[{"href":"https:\/\/www.organisator.ch\/de\/wp-json\/wp\/v2\/posts"}],"about":[{"href":"https:\/\/www.organisator.ch\/de\/wp-json\/wp\/v2\/types\/post"}],"author":[{"embeddable":true,"href":"https:\/\/www.organisator.ch\/de\/wp-json\/wp\/v2\/users\/8"}],"replies":[{"embeddable":true,"href":"https:\/\/www.organisator.ch\/de\/wp-json\/wp\/v2\/comments?post=27426"}],"version-history":[{"count":4,"href":"https:\/\/www.organisator.ch\/de\/wp-json\/wp\/v2\/posts\/27426\/revisions"}],"predecessor-version":[{"id":32219,"href":"https:\/\/www.organisator.ch\/de\/wp-json\/wp\/v2\/posts\/27426\/revisions\/32219"}],"wp:attachment":[{"href":"https:\/\/www.organisator.ch\/de\/wp-json\/wp\/v2\/media?parent=27426"}],"wp:term":[{"taxonomy":"category","embeddable":true,"href":"https:\/\/www.organisator.ch\/de\/wp-json\/wp\/v2\/categories?post=27426"},{"taxonomy":"post_tag","embeddable":true,"href":"https:\/\/www.organisator.ch\/de\/wp-json\/wp\/v2\/tags?post=27426"}],"curies":[{"name":"wp","href":"https:\/\/api.w.org\/{rel}","templated":true}]}}