{"id":27434,"date":"2024-06-04T13:27:38","date_gmt":"2024-06-04T11:27:38","guid":{"rendered":"https:\/\/www.organisator.ch\/?p=27434"},"modified":"2024-06-04T13:38:50","modified_gmt":"2024-06-04T11:38:50","slug":"fuehrungswechsel-bei-der-abacus-business-solutions-ag","status":"publish","type":"post","link":"https:\/\/www.organisator.ch\/de\/management\/2024-06-04\/fuehrungswechsel-bei-der-abacus-business-solutions-ag\/","title":{"rendered":"F\u00fchrungswechsel bei der Abacus Business Solutions AG"},"content":{"rendered":"<figure id=\"attachment_27435\" aria-describedby=\"caption-attachment-27435\" style=\"width: 680px\" class=\"wp-caption alignnone\"><img loading=\"lazy\" decoding=\"async\" class=\"size-full wp-image-27435\" src=\"https:\/\/www.organisator.ch\/wp-content\/uploads\/2024\/06\/Abacus_Silas-Schneider_Bild1_ps.jpg\" alt=\"\" width=\"680\" height=\"495\" srcset=\"https:\/\/www.organisator.ch\/wp-content\/uploads\/2024\/06\/Abacus_Silas-Schneider_Bild1_ps.jpg 680w, https:\/\/www.organisator.ch\/wp-content\/uploads\/2024\/06\/Abacus_Silas-Schneider_Bild1_ps-16x12.jpg 16w, https:\/\/www.organisator.ch\/wp-content\/uploads\/2024\/06\/Abacus_Silas-Schneider_Bild1_ps-375x273.jpg 375w, https:\/\/www.organisator.ch\/wp-content\/uploads\/2024\/06\/Abacus_Silas-Schneider_Bild1_ps-481x350.jpg 481w\" sizes=\"auto, (max-width: 680px) 100vw, 680px\" \/><figcaption id=\"caption-attachment-27435\" class=\"wp-caption-text\">Silas Schneider st\u00f6sst am 1. Oktober 2024 zur ABS und \u00fcbernimmt ab dem 1. Januar 2025 die Funktion des CEO. (Bild: www.abacus.ch)<\/figcaption><\/figure>\n<p>Marcel Kupferschmied, langj\u00e4hriger CEO der Abacus Business Solutions AG (ABS), \u00fcbergibt per Ende 2024 die operative Leitung der ABS an Silas Schneider. Marcel Kupferschmied steht der ABS ab 2025 als Delegierter des Verwaltungsrats auch in Zukunft mit seinem Know-how und seiner Erfahrung zur Verf\u00fcgung. Nadine Frauenfelder-Winkler, Robin Kropf und Roman P\u00f6llinger komplettieren weiterhin die Gesch\u00e4ftsleitung der ABS.<\/p>\n<figure id=\"attachment_27436\" aria-describedby=\"caption-attachment-27436\" style=\"width: 680px\" class=\"wp-caption alignnone\"><img loading=\"lazy\" decoding=\"async\" class=\"wp-image-27436 size-full\" src=\"https:\/\/www.organisator.ch\/wp-content\/uploads\/2024\/06\/Abacus_Marcel-Kupferschmied_Bild2_ps.jpg\" alt=\"\" width=\"680\" height=\"547\" srcset=\"https:\/\/www.organisator.ch\/wp-content\/uploads\/2024\/06\/Abacus_Marcel-Kupferschmied_Bild2_ps.jpg 680w, https:\/\/www.organisator.ch\/wp-content\/uploads\/2024\/06\/Abacus_Marcel-Kupferschmied_Bild2_ps-15x12.jpg 15w, https:\/\/www.organisator.ch\/wp-content\/uploads\/2024\/06\/Abacus_Marcel-Kupferschmied_Bild2_ps-373x300.jpg 373w, https:\/\/www.organisator.ch\/wp-content\/uploads\/2024\/06\/Abacus_Marcel-Kupferschmied_Bild2_ps-435x350.jpg 435w\" sizes=\"auto, (max-width: 680px) 100vw, 680px\" \/><figcaption id=\"caption-attachment-27436\" class=\"wp-caption-text\">Marcel Kupferschmied \u00fcbergibt per Ende 2024 die operative Leitung der ABS an Silas Schneider. (Bild: www.abacus.ch)<\/figcaption><\/figure>\n<p>Silas Schneider st\u00f6sst am 1. Oktober 2024 zur ABS und \u00fcbernimmt ab dem 1. Januar 2025 die Funktion des CEO. Er bringt umfangreiche Erfahrung aus seiner vorherigen T\u00e4tigkeit als CEO von abonax mit, wo er \u00fcber sechs Jahre massgeblich am Aufbau und der erfolgreichen Entwicklung des Unternehmens beteiligt war.<\/p>\n<p>\u00abWir sind \u00fcberzeugt, dass Silas Schneider mit seiner Erfahrung und seinem Fachwissen die Abacus Business Solutions AG in eine weiterhin erfolgreiche Zukunft f\u00fchren wird und freuen uns auf die k\u00fcnftige Zusammenarbeit\u00bb, kommentiert Daniel Senn, Verwaltungsratspr\u00e4sident der Abacus.<\/p>\n<p><em>Quelle: <a href=\"http:\/\/www.abacus.ch\">www.abacus.ch<\/a><\/em><\/p>\n","protected":false},"excerpt":{"rendered":"<p>Silas Schneider \u00fcbernimmt per Ende 2024 die operative Leitung der Abacus Business Solutions AG (ABS). <\/p>\n","protected":false},"author":58,"featured_media":27435,"comment_status":"closed","ping_status":"closed","sticky":false,"template":"","format":"standard","meta":{"_acf_changed":false,"_yoast_wpseo_focuskw":"Silas Schneider","_yoast_wpseo_metadesc":"Silas Schneider \u00fcbernimmt per Ende 2024 die operative Leitung der Abacus Business Solutions AG und ab dem 1. Januar 2025 die Funktion des CEO.","articlekey":"","footnotes":""},"categories":[28],"tags":[4245,335,424,492],"class_list":["post-27434","post","type-post","status-publish","format-standard","has-post-thumbnail","hentry","category-management","tag-abacus","tag-management-und-unternehmensfuehrung","tag-schweiz","tag-unternehmen"],"acf":[],"yoast_head":"<!-- This site is optimized with the Yoast SEO plugin v27.5 - https:\/\/yoast.com\/product\/yoast-seo-wordpress\/ -->\n<title>F\u00fchrungswechsel bei der Abacus Business Solutions AG - Organisator<\/title>\n<meta name=\"description\" content=\"Silas Schneider \u00fcbernimmt per Ende 2024 die operative Leitung der Abacus Business Solutions AG und ab dem 1. Januar 2025 die Funktion des CEO.\" \/>\n<meta name=\"robots\" content=\"index, follow, max-snippet:-1, max-image-preview:large, max-video-preview:-1\" \/>\n<link rel=\"canonical\" href=\"https:\/\/www.organisator.ch\/de\/management\/2024-06-04\/fuehrungswechsel-bei-der-abacus-business-solutions-ag\/\" \/>\n<meta property=\"og:locale\" content=\"de_DE\" \/>\n<meta property=\"og:type\" content=\"article\" \/>\n<meta property=\"og:title\" content=\"F\u00fchrungswechsel bei der Abacus Business Solutions AG\" \/>\n<meta property=\"og:description\" content=\"Silas Schneider \u00fcbernimmt per Ende 2024 die operative Leitung der Abacus Business Solutions AG und ab dem 1. Januar 2025 die Funktion des CEO.\" \/>\n<meta property=\"og:url\" content=\"https:\/\/www.organisator.ch\/de\/management\/2024-06-04\/fuehrungswechsel-bei-der-abacus-business-solutions-ag\/\" \/>\n<meta property=\"og:site_name\" content=\"Organisator\" \/>\n<meta property=\"article:publisher\" content=\"https:\/\/www.facebook.com\/OrganisatorFachmagazin\" \/>\n<meta property=\"article:published_time\" content=\"2024-06-04T11:27:38+00:00\" \/>\n<meta property=\"article:modified_time\" content=\"2024-06-04T11:38:50+00:00\" \/>\n<meta property=\"og:image\" content=\"https:\/\/www.organisator.ch\/wp-content\/uploads\/2024\/06\/Abacus_Silas-Schneider_Bild1_ps.jpg\" \/>\n\t<meta property=\"og:image:width\" content=\"680\" \/>\n\t<meta property=\"og:image:height\" content=\"495\" \/>\n\t<meta property=\"og:image:type\" content=\"image\/jpeg\" \/>\n<meta name=\"author\" content=\"Adelisa Kalajdzini\" \/>\n<meta name=\"twitter:card\" content=\"summary_large_image\" \/>\n<meta name=\"twitter:title\" content=\"F\u00fchrungswechsel bei der Abacus Business Solutions AG\" \/>\n<meta name=\"twitter:description\" content=\"#Silas #Schneider \u00fcbernimmt per Ende 2024 die operative #Leitung der #Abacus Business Solutions AG und ab dem 1. Januar 2025 die Funktion des #CEO.\" \/>\n<meta name=\"twitter:image\" content=\"https:\/\/www.organisator.ch\/wp-content\/uploads\/2024\/06\/Abacus_Silas-Schneider_Bild1_ps.jpg\" \/>\n<script type=\"application\/ld+json\" class=\"yoast-schema-graph\">{\"@context\":\"https:\\\/\\\/schema.org\",\"@graph\":[{\"@type\":\"Article\",\"@id\":\"https:\\\/\\\/www.organisator.ch\\\/management\\\/2024-06-04\\\/fuehrungswechsel-bei-der-abacus-business-solutions-ag\\\/#article\",\"isPartOf\":{\"@id\":\"https:\\\/\\\/www.organisator.ch\\\/management\\\/2024-06-04\\\/fuehrungswechsel-bei-der-abacus-business-solutions-ag\\\/\"},\"author\":{\"name\":\"Adelisa Kalajdzini\",\"@id\":\"https:\\\/\\\/www.organisator.ch\\\/#\\\/schema\\\/person\\\/2e1314a2172123f874db408d8911d3f3\"},\"headline\":\"F\u00fchrungswechsel bei der Abacus Business Solutions AG\",\"datePublished\":\"2024-06-04T11:27:38+00:00\",\"dateModified\":\"2024-06-04T11:38:50+00:00\",\"mainEntityOfPage\":{\"@id\":\"https:\\\/\\\/www.organisator.ch\\\/management\\\/2024-06-04\\\/fuehrungswechsel-bei-der-abacus-business-solutions-ag\\\/\"},\"wordCount\":210,\"publisher\":{\"@id\":\"https:\\\/\\\/www.organisator.ch\\\/#organization\"},\"image\":{\"@id\":\"https:\\\/\\\/www.organisator.ch\\\/management\\\/2024-06-04\\\/fuehrungswechsel-bei-der-abacus-business-solutions-ag\\\/#primaryimage\"},\"thumbnailUrl\":\"https:\\\/\\\/www.organisator.ch\\\/wp-content\\\/uploads\\\/2024\\\/06\\\/Abacus_Silas-Schneider_Bild1_ps.jpg\",\"keywords\":[\"Abacus\",\"Management und Unternehmensf\u00fchrung\",\"Schweiz\",\"Unternehmen\"],\"articleSection\":[\"MANAGEMENT\"],\"inLanguage\":\"de\"},{\"@type\":\"WebPage\",\"@id\":\"https:\\\/\\\/www.organisator.ch\\\/management\\\/2024-06-04\\\/fuehrungswechsel-bei-der-abacus-business-solutions-ag\\\/\",\"url\":\"https:\\\/\\\/www.organisator.ch\\\/management\\\/2024-06-04\\\/fuehrungswechsel-bei-der-abacus-business-solutions-ag\\\/\",\"name\":\"F\u00fchrungswechsel bei der Abacus Business Solutions AG - Organisator\",\"isPartOf\":{\"@id\":\"https:\\\/\\\/www.organisator.ch\\\/#website\"},\"primaryImageOfPage\":{\"@id\":\"https:\\\/\\\/www.organisator.ch\\\/management\\\/2024-06-04\\\/fuehrungswechsel-bei-der-abacus-business-solutions-ag\\\/#primaryimage\"},\"image\":{\"@id\":\"https:\\\/\\\/www.organisator.ch\\\/management\\\/2024-06-04\\\/fuehrungswechsel-bei-der-abacus-business-solutions-ag\\\/#primaryimage\"},\"thumbnailUrl\":\"https:\\\/\\\/www.organisator.ch\\\/wp-content\\\/uploads\\\/2024\\\/06\\\/Abacus_Silas-Schneider_Bild1_ps.jpg\",\"datePublished\":\"2024-06-04T11:27:38+00:00\",\"dateModified\":\"2024-06-04T11:38:50+00:00\",\"description\":\"Silas Schneider \u00fcbernimmt per Ende 2024 die operative Leitung der Abacus Business Solutions AG und ab dem 1. Januar 2025 die Funktion des CEO.\",\"breadcrumb\":{\"@id\":\"https:\\\/\\\/www.organisator.ch\\\/management\\\/2024-06-04\\\/fuehrungswechsel-bei-der-abacus-business-solutions-ag\\\/#breadcrumb\"},\"inLanguage\":\"de\",\"potentialAction\":[{\"@type\":\"ReadAction\",\"target\":[\"https:\\\/\\\/www.organisator.ch\\\/management\\\/2024-06-04\\\/fuehrungswechsel-bei-der-abacus-business-solutions-ag\\\/\"]}]},{\"@type\":\"ImageObject\",\"inLanguage\":\"de\",\"@id\":\"https:\\\/\\\/www.organisator.ch\\\/management\\\/2024-06-04\\\/fuehrungswechsel-bei-der-abacus-business-solutions-ag\\\/#primaryimage\",\"url\":\"https:\\\/\\\/www.organisator.ch\\\/wp-content\\\/uploads\\\/2024\\\/06\\\/Abacus_Silas-Schneider_Bild1_ps.jpg\",\"contentUrl\":\"https:\\\/\\\/www.organisator.ch\\\/wp-content\\\/uploads\\\/2024\\\/06\\\/Abacus_Silas-Schneider_Bild1_ps.jpg\",\"width\":680,\"height\":495,\"caption\":\"Silas Schneider st\u00f6sst am 1. Oktober 2024 zur ABS und \u00fcbernimmt ab dem 1. Januar 2025 die Funktion des CEO. (Bild: www.abacus.ch)\"},{\"@type\":\"BreadcrumbList\",\"@id\":\"https:\\\/\\\/www.organisator.ch\\\/management\\\/2024-06-04\\\/fuehrungswechsel-bei-der-abacus-business-solutions-ag\\\/#breadcrumb\",\"itemListElement\":[{\"@type\":\"ListItem\",\"position\":1,\"name\":\"Home\",\"item\":\"https:\\\/\\\/www.organisator.ch\\\/\"},{\"@type\":\"ListItem\",\"position\":2,\"name\":\"F\u00fchrungswechsel bei der Abacus Business Solutions AG\"}]},{\"@type\":\"WebSite\",\"@id\":\"https:\\\/\\\/www.organisator.ch\\\/#website\",\"url\":\"https:\\\/\\\/www.organisator.ch\\\/\",\"name\":\"Organisator\",\"description\":\"Kompetent. Praxisnah. Der ORGANISATOR bereitet in 10 Ausgaben pro Jahr die wesentlichen Themen f\u00fcr F\u00fchrungskr\u00e4fte von KMU auf.\",\"publisher\":{\"@id\":\"https:\\\/\\\/www.organisator.ch\\\/#organization\"},\"potentialAction\":[{\"@type\":\"SearchAction\",\"target\":{\"@type\":\"EntryPoint\",\"urlTemplate\":\"https:\\\/\\\/www.organisator.ch\\\/?s={search_term_string}\"},\"query-input\":{\"@type\":\"PropertyValueSpecification\",\"valueRequired\":true,\"valueName\":\"search_term_string\"}}],\"inLanguage\":\"de\"},{\"@type\":\"Organization\",\"@id\":\"https:\\\/\\\/www.organisator.ch\\\/#organization\",\"name\":\"Organisator\",\"url\":\"https:\\\/\\\/www.organisator.ch\\\/\",\"logo\":{\"@type\":\"ImageObject\",\"inLanguage\":\"de\",\"@id\":\"https:\\\/\\\/www.organisator.ch\\\/#\\\/schema\\\/logo\\\/image\\\/\",\"url\":\"https:\\\/\\\/www.organisator.ch\\\/wp-content\\\/uploads\\\/2022\\\/01\\\/Logo_Organisator_Website.png\",\"contentUrl\":\"https:\\\/\\\/www.organisator.ch\\\/wp-content\\\/uploads\\\/2022\\\/01\\\/Logo_Organisator_Website.png\",\"width\":800,\"height\":77,\"caption\":\"Organisator\"},\"image\":{\"@id\":\"https:\\\/\\\/www.organisator.ch\\\/#\\\/schema\\\/logo\\\/image\\\/\"},\"sameAs\":[\"https:\\\/\\\/www.facebook.com\\\/OrganisatorFachmagazin\",\"https:\\\/\\\/www.linkedin.com\\\/showcase\\\/organisator-das-magazin-fr-kmu\",\"https:\\\/\\\/www.xing.com\\\/news\\\/pages\\\/organisator-ch-695\",\"https:\\\/\\\/www.youtube.com\\\/channel\\\/UCGP2Sq0iWaZwT3BdIAQFYpw\"]},{\"@type\":\"Person\",\"@id\":\"https:\\\/\\\/www.organisator.ch\\\/#\\\/schema\\\/person\\\/2e1314a2172123f874db408d8911d3f3\",\"name\":\"Adelisa Kalajdzini\",\"image\":{\"@type\":\"ImageObject\",\"inLanguage\":\"de\",\"@id\":\"https:\\\/\\\/secure.gravatar.com\\\/avatar\\\/09a397c22ac58cad6f160ee8306348599df9df58a8ede73696226897b9fa4b24?s=96&d=mm&r=g\",\"url\":\"https:\\\/\\\/secure.gravatar.com\\\/avatar\\\/09a397c22ac58cad6f160ee8306348599df9df58a8ede73696226897b9fa4b24?s=96&d=mm&r=g\",\"contentUrl\":\"https:\\\/\\\/secure.gravatar.com\\\/avatar\\\/09a397c22ac58cad6f160ee8306348599df9df58a8ede73696226897b9fa4b24?s=96&d=mm&r=g\",\"caption\":\"Adelisa Kalajdzini\"},\"url\":\"https:\\\/\\\/www.organisator.ch\\\/de\\\/author\\\/adelisa-kalajdzini\\\/\"}]}<\/script>\n<!-- \/ Yoast SEO plugin. -->","yoast_head_json":{"title":"F\u00fchrungswechsel bei der Abacus Business Solutions AG - Organisator","description":"Silas Schneider \u00fcbernimmt per Ende 2024 die operative Leitung der Abacus Business Solutions AG und ab dem 1. Januar 2025 die Funktion des CEO.","robots":{"index":"index","follow":"follow","max-snippet":"max-snippet:-1","max-image-preview":"max-image-preview:large","max-video-preview":"max-video-preview:-1"},"canonical":"https:\/\/www.organisator.ch\/de\/management\/2024-06-04\/fuehrungswechsel-bei-der-abacus-business-solutions-ag\/","og_locale":"de_DE","og_type":"article","og_title":"F\u00fchrungswechsel bei der Abacus Business Solutions AG","og_description":"Silas Schneider \u00fcbernimmt per Ende 2024 die operative Leitung der Abacus Business Solutions AG und ab dem 1. Januar 2025 die Funktion des CEO.","og_url":"https:\/\/www.organisator.ch\/de\/management\/2024-06-04\/fuehrungswechsel-bei-der-abacus-business-solutions-ag\/","og_site_name":"Organisator","article_publisher":"https:\/\/www.facebook.com\/OrganisatorFachmagazin","article_published_time":"2024-06-04T11:27:38+00:00","article_modified_time":"2024-06-04T11:38:50+00:00","og_image":[{"width":680,"height":495,"url":"https:\/\/www.organisator.ch\/wp-content\/uploads\/2024\/06\/Abacus_Silas-Schneider_Bild1_ps.jpg","type":"image\/jpeg"}],"author":"Adelisa Kalajdzini","twitter_card":"summary_large_image","twitter_title":"F\u00fchrungswechsel bei der Abacus Business Solutions AG","twitter_description":"#Silas #Schneider \u00fcbernimmt per Ende 2024 die operative #Leitung der #Abacus Business Solutions AG und ab dem 1. Januar 2025 die Funktion des #CEO.","twitter_image":"https:\/\/www.organisator.ch\/wp-content\/uploads\/2024\/06\/Abacus_Silas-Schneider_Bild1_ps.jpg","schema":{"@context":"https:\/\/schema.org","@graph":[{"@type":"Article","@id":"https:\/\/www.organisator.ch\/management\/2024-06-04\/fuehrungswechsel-bei-der-abacus-business-solutions-ag\/#article","isPartOf":{"@id":"https:\/\/www.organisator.ch\/management\/2024-06-04\/fuehrungswechsel-bei-der-abacus-business-solutions-ag\/"},"author":{"name":"Adelisa Kalajdzini","@id":"https:\/\/www.organisator.ch\/#\/schema\/person\/2e1314a2172123f874db408d8911d3f3"},"headline":"F\u00fchrungswechsel bei der Abacus Business Solutions AG","datePublished":"2024-06-04T11:27:38+00:00","dateModified":"2024-06-04T11:38:50+00:00","mainEntityOfPage":{"@id":"https:\/\/www.organisator.ch\/management\/2024-06-04\/fuehrungswechsel-bei-der-abacus-business-solutions-ag\/"},"wordCount":210,"publisher":{"@id":"https:\/\/www.organisator.ch\/#organization"},"image":{"@id":"https:\/\/www.organisator.ch\/management\/2024-06-04\/fuehrungswechsel-bei-der-abacus-business-solutions-ag\/#primaryimage"},"thumbnailUrl":"https:\/\/www.organisator.ch\/wp-content\/uploads\/2024\/06\/Abacus_Silas-Schneider_Bild1_ps.jpg","keywords":["Abacus","Management und Unternehmensf\u00fchrung","Schweiz","Unternehmen"],"articleSection":["MANAGEMENT"],"inLanguage":"de"},{"@type":"WebPage","@id":"https:\/\/www.organisator.ch\/management\/2024-06-04\/fuehrungswechsel-bei-der-abacus-business-solutions-ag\/","url":"https:\/\/www.organisator.ch\/management\/2024-06-04\/fuehrungswechsel-bei-der-abacus-business-solutions-ag\/","name":"F\u00fchrungswechsel bei der Abacus Business Solutions AG - Organisator","isPartOf":{"@id":"https:\/\/www.organisator.ch\/#website"},"primaryImageOfPage":{"@id":"https:\/\/www.organisator.ch\/management\/2024-06-04\/fuehrungswechsel-bei-der-abacus-business-solutions-ag\/#primaryimage"},"image":{"@id":"https:\/\/www.organisator.ch\/management\/2024-06-04\/fuehrungswechsel-bei-der-abacus-business-solutions-ag\/#primaryimage"},"thumbnailUrl":"https:\/\/www.organisator.ch\/wp-content\/uploads\/2024\/06\/Abacus_Silas-Schneider_Bild1_ps.jpg","datePublished":"2024-06-04T11:27:38+00:00","dateModified":"2024-06-04T11:38:50+00:00","description":"Silas Schneider \u00fcbernimmt per Ende 2024 die operative Leitung der Abacus Business Solutions AG und ab dem 1. Januar 2025 die Funktion des CEO.","breadcrumb":{"@id":"https:\/\/www.organisator.ch\/management\/2024-06-04\/fuehrungswechsel-bei-der-abacus-business-solutions-ag\/#breadcrumb"},"inLanguage":"de","potentialAction":[{"@type":"ReadAction","target":["https:\/\/www.organisator.ch\/management\/2024-06-04\/fuehrungswechsel-bei-der-abacus-business-solutions-ag\/"]}]},{"@type":"ImageObject","inLanguage":"de","@id":"https:\/\/www.organisator.ch\/management\/2024-06-04\/fuehrungswechsel-bei-der-abacus-business-solutions-ag\/#primaryimage","url":"https:\/\/www.organisator.ch\/wp-content\/uploads\/2024\/06\/Abacus_Silas-Schneider_Bild1_ps.jpg","contentUrl":"https:\/\/www.organisator.ch\/wp-content\/uploads\/2024\/06\/Abacus_Silas-Schneider_Bild1_ps.jpg","width":680,"height":495,"caption":"Silas Schneider st\u00f6sst am 1. Oktober 2024 zur ABS und \u00fcbernimmt ab dem 1. Januar 2025 die Funktion des CEO. (Bild: www.abacus.ch)"},{"@type":"BreadcrumbList","@id":"https:\/\/www.organisator.ch\/management\/2024-06-04\/fuehrungswechsel-bei-der-abacus-business-solutions-ag\/#breadcrumb","itemListElement":[{"@type":"ListItem","position":1,"name":"Home","item":"https:\/\/www.organisator.ch\/"},{"@type":"ListItem","position":2,"name":"F\u00fchrungswechsel bei der Abacus Business Solutions AG"}]},{"@type":"WebSite","@id":"https:\/\/www.organisator.ch\/#website","url":"https:\/\/www.organisator.ch\/","name":"Organisator","description":"Kompetent. Praxisnah. Der ORGANISATOR bereitet in 10 Ausgaben pro Jahr die wesentlichen Themen f\u00fcr F\u00fchrungskr\u00e4fte von KMU auf.","publisher":{"@id":"https:\/\/www.organisator.ch\/#organization"},"potentialAction":[{"@type":"SearchAction","target":{"@type":"EntryPoint","urlTemplate":"https:\/\/www.organisator.ch\/?s={search_term_string}"},"query-input":{"@type":"PropertyValueSpecification","valueRequired":true,"valueName":"search_term_string"}}],"inLanguage":"de"},{"@type":"Organization","@id":"https:\/\/www.organisator.ch\/#organization","name":"Organisator","url":"https:\/\/www.organisator.ch\/","logo":{"@type":"ImageObject","inLanguage":"de","@id":"https:\/\/www.organisator.ch\/#\/schema\/logo\/image\/","url":"https:\/\/www.organisator.ch\/wp-content\/uploads\/2022\/01\/Logo_Organisator_Website.png","contentUrl":"https:\/\/www.organisator.ch\/wp-content\/uploads\/2022\/01\/Logo_Organisator_Website.png","width":800,"height":77,"caption":"Organisator"},"image":{"@id":"https:\/\/www.organisator.ch\/#\/schema\/logo\/image\/"},"sameAs":["https:\/\/www.facebook.com\/OrganisatorFachmagazin","https:\/\/www.linkedin.com\/showcase\/organisator-das-magazin-fr-kmu","https:\/\/www.xing.com\/news\/pages\/organisator-ch-695","https:\/\/www.youtube.com\/channel\/UCGP2Sq0iWaZwT3BdIAQFYpw"]},{"@type":"Person","@id":"https:\/\/www.organisator.ch\/#\/schema\/person\/2e1314a2172123f874db408d8911d3f3","name":"Adelisa Kalajdzini","image":{"@type":"ImageObject","inLanguage":"de","@id":"https:\/\/secure.gravatar.com\/avatar\/09a397c22ac58cad6f160ee8306348599df9df58a8ede73696226897b9fa4b24?s=96&d=mm&r=g","url":"https:\/\/secure.gravatar.com\/avatar\/09a397c22ac58cad6f160ee8306348599df9df58a8ede73696226897b9fa4b24?s=96&d=mm&r=g","contentUrl":"https:\/\/secure.gravatar.com\/avatar\/09a397c22ac58cad6f160ee8306348599df9df58a8ede73696226897b9fa4b24?s=96&d=mm&r=g","caption":"Adelisa Kalajdzini"},"url":"https:\/\/www.organisator.ch\/de\/author\/adelisa-kalajdzini\/"}]}},"_links":{"self":[{"href":"https:\/\/www.organisator.ch\/de\/wp-json\/wp\/v2\/posts\/27434","targetHints":{"allow":["GET"]}}],"collection":[{"href":"https:\/\/www.organisator.ch\/de\/wp-json\/wp\/v2\/posts"}],"about":[{"href":"https:\/\/www.organisator.ch\/de\/wp-json\/wp\/v2\/types\/post"}],"author":[{"embeddable":true,"href":"https:\/\/www.organisator.ch\/de\/wp-json\/wp\/v2\/users\/58"}],"replies":[{"embeddable":true,"href":"https:\/\/www.organisator.ch\/de\/wp-json\/wp\/v2\/comments?post=27434"}],"version-history":[{"count":6,"href":"https:\/\/www.organisator.ch\/de\/wp-json\/wp\/v2\/posts\/27434\/revisions"}],"predecessor-version":[{"id":27438,"href":"https:\/\/www.organisator.ch\/de\/wp-json\/wp\/v2\/posts\/27434\/revisions\/27438"}],"wp:featuredmedia":[{"embeddable":true,"href":"https:\/\/www.organisator.ch\/de\/wp-json\/wp\/v2\/media\/27435"}],"wp:attachment":[{"href":"https:\/\/www.organisator.ch\/de\/wp-json\/wp\/v2\/media?parent=27434"}],"wp:term":[{"taxonomy":"category","embeddable":true,"href":"https:\/\/www.organisator.ch\/de\/wp-json\/wp\/v2\/categories?post=27434"},{"taxonomy":"post_tag","embeddable":true,"href":"https:\/\/www.organisator.ch\/de\/wp-json\/wp\/v2\/tags?post=27434"}],"curies":[{"name":"wp","href":"https:\/\/api.w.org\/{rel}","templated":true}]}}