{"id":2745,"date":"2020-01-16T10:46:41","date_gmt":"2020-01-16T09:46:41","guid":{"rendered":"https:\/\/www.umweltperspektiven.ch\/?p=2745"},"modified":"2020-01-16T10:46:41","modified_gmt":"2020-01-16T09:46:41","slug":"studie-e-trottinetts-fluten-europas-staedte","status":"publish","type":"post","link":"https:\/\/www.organisator.ch\/de\/allgemein\/2020-01-16\/studie-e-trottinetts-fluten-europas-staedte\/","title":{"rendered":"Studie: E-Trottinetts fluten Europas St\u00e4dte"},"content":{"rendered":"<p>&nbsp;<\/p>\n<figure id=\"attachment_2747\" aria-describedby=\"caption-attachment-2747\" style=\"width: 680px\" class=\"wp-caption alignnone\"><img loading=\"lazy\" decoding=\"async\" class=\"size-medium wp-image-2747\" src=\"\/\/www.umweltperspektiven.ch\/wp-content\/uploads\/2020\/01\/Studie-shared-mibility-UP_Umwelt-Perspektiven.jpg\" alt=\"\" width=\"680\" height=\"454\" \/><figcaption id=\"caption-attachment-2747\" class=\"wp-caption-text\">Waren es im November 2018 in allen St\u00e4dten zusammengez\u00e4hlt noch 1990 E-Trottinetts, sind es im gleichen Erhebungsmonat 2019 bereits 22 918 gewesen. (Quelle: zhaw)<\/figcaption><\/figure>\n<p>&nbsp;<\/p>\n<p><span style=\"font-size: 10.5pt; font-family: 'Arial',sans-serif;\">Waren es im November 2018 in allen St\u00e4dten zusammengez\u00e4hlt noch 1990 E-Trottinetts, sind es im gleichen Erhebungsmonat 2019 bereits 22 918 gewesen. Dies zeigt eine Vergleichsstudie von ZHAW-Studierenden in sieben europ\u00e4ischen St\u00e4dten, welche j\u00e4hrlich durchgef\u00fchrt wird. Verantwortlich f\u00fcr dieses Wachstum um insgesamt 1100 Prozent sind vor allem die St\u00e4dte Z\u00fcrich, Kopenhagen, Berlin und Wien. In Barcelona und Paris wachsen die Zahlen erst langsam, doch auch dort ist ein Wachstumstrend zu sehen. London f\u00e4llt in dieser Kategorie weg, da die Vermietung von E-Trottinetts dort verboten ist. Preislich f\u00e4llt nicht etwa Z\u00fcrich auf, sondern Kopenhagen, wo eine Fahrt mit dem E-Trottinett beachtlich teurer ist als in den restlichen St\u00e4dten.<\/span><\/p>\n<p><strong><span style=\"font-size: 10.5pt; font-family: 'Arial',sans-serif;\">Am zweitmeisten Fahrzeuge pro Einwohner<\/span><\/strong><span style=\"font-size: 10.5pt; font-family: 'Arial',sans-serif;\"><br \/>\nZ\u00fcrich braucht sich im internationalen Vergleich nicht zu verstecken, was die Sharingangebote im Mobilit\u00e4tsbereich betrifft. Es stehen gemessen an der Anzahl Einwohner mehr Sharing-Fahrzeuge zur Verf\u00fcgung als in Grossst\u00e4dten wie Berlin, Barcelona oder London. Nur Paris steht mit rund 15,7 Fahrzeugen pro 1000 Einwohner besser da als Z\u00fcrich mit 13,5. Hier verzeichnen nicht nur die E-Trottinettseinen Zuwachs von 1890 auf neu 2350 Fahrzeuge, auch das Bike-Sharing konnte um 1055 Velos auf neu insgesamt 2405 Velos zulegen. \u00abDies ist umso erstaunlicher, wenn man bedenkt, dass sich mit Lime sogar ein Anbieter aus dem Bike-Sharing zur\u00fcckgezogen hat\u00bb, so Verkehrssysteme-Student Lino Hafner, der die Studie zusammen mit seinem Kommilitonen Matthias Auf der Maur geleitet hat. Laut Einsch\u00e4tzung der ZHAW-Studierenden k\u00f6nnten die Velos aber schon bald von den E-Trottinetts ausgestochen werden. \u00abWir sch\u00e4tzen das Potenzial der E-Trottinetts gr\u00f6sser ein, da sie nutzungsfreundlicher sind als Sharing-Velos und somit mehr Menschen ansprechen.\u00bb<\/span><\/p>\n<p>&nbsp;<\/p>\n<p><img loading=\"lazy\" decoding=\"async\" class=\"alignnone size-medium wp-image-2746\" src=\"\/\/www.umweltperspektiven.ch\/wp-content\/uploads\/2020\/01\/SharedMobility_FahrzeugeProEinwohner_2019.jpg\" alt=\"\" width=\"680\" height=\"508\" \/><\/p>\n<p>&nbsp;<\/p>\n<p><strong><span style=\"font-size: 10.5pt; font-family: 'Arial',sans-serif;\">Grosse Gegens\u00e4tze beim Carsharing<\/span><\/strong><span style=\"font-size: 10.5pt; font-family: 'Arial',sans-serif;\"><br \/>\nMit dieser Studie liegt bereits die f\u00fcnfte j\u00e4hrliche Untersuchung von \u00abShared Mobility\u00bb in Europa vor. Betrachtet man die Flottenentwicklung des Carsharings von 2015 bis 2019, ergeben sich viele unterschiedliche Entwicklungsbilder. W\u00e4hrend sich in Z\u00fcrich und Barcelona die Flottenzahlen kaum ver\u00e4ndert haben, sind in Paris und Berlin die extremsten Gegens\u00e4tze zu beobachten. \u00abIn Paris ist der Carsharing-Markt zusammengebrochen, hingegen tummeln sich in Berlin ganze elf Anbieter mit insgesamt \u00fcber 6000 Fahrzeugen\u00bb, erkl\u00e4rt Matthias Auf der Maur. In Kopenhagen und Wien ist die Anzahl der Fahrzeuge indes leicht angestiegen. London hat sich nach einem kleinen Einbruch wieder erholt und hat 2019 wieder dieselbe Flottenzahl wie 2015. <\/span><\/p>\n<div id=\"c138163\" class=\"csc-default\">\n<div class=\"clearfix\">\n<div class=\"linklist\">\n<p class=\"bodytext\"><a href=\"\/\/www.zhaw.ch\/storage\/hochschule\/medien\/news\/Shared-Mobility-2019-Studie_DE_14012020.pdf\"><span class=\"link-text\">Link zur Studie (Deutsch) \u00abShared Mobility 2019 &#8211; Kollaborative Mobilit\u00e4tsservices europ\u00e4ischer St\u00e4dte im Vergleich\u00bb<\/span>\u00a0<span class=\"pb_fileinfo\">(PDF 6,2\u00a0MB)<\/span><\/a><\/p>\n<p class=\"bodytext\"><a href=\"\/\/www.zhaw.ch\/storage\/hochschule\/medien\/news\/Shared-Mobility-2019-Study_EN_14012020.pdf\"><span class=\"link-text\">Link zur Studie (Englisch) \u00abShared Mobility 2019 &#8211; Collaborative Mobility Services in European cities &#8211; a comparison\u00bb<\/span>\u00a0<span class=\"pb_fileinfo\">(PDF 6,2\u00a0MB)<\/span><\/a><\/p>\n<p class=\"bodytext\">\n<\/div>\n<\/div>\n<\/div>\n","protected":false},"excerpt":{"rendered":"<p>&nbsp; &nbsp; Waren es im November 2018 in allen St\u00e4dten zusammengez\u00e4hlt noch 1990 E-Trottinetts, sind es im gleichen Erhebungsmonat 2019 bereits 22 918 gewesen. Dies zeigt eine Vergleichsstudie von ZHAW-Studierenden in sieben europ\u00e4ischen St\u00e4dten, welche j\u00e4hrlich durchgef\u00fchrt wird. Verantwortlich f\u00fcr dieses Wachstum um insgesamt 1100 Prozent sind vor allem die St\u00e4dte Z\u00fcrich, Kopenhagen, Berlin und [&hellip;]<\/p>\n","protected":false},"author":5,"featured_media":9672,"comment_status":"closed","ping_status":"closed","sticky":false,"template":"","format":"standard","meta":{"_acf_changed":false,"_yoast_wpseo_focuskw":"E-Trottinetts","_yoast_wpseo_metadesc":"W\u00e4hrend sich Car-, Bike- und Roller-Sharing bereits vielerorts etabliert haben, gilt der aktuelle Mobilit\u00e4tshype den E-Trottinetts.","articlekey":"","footnotes":""},"categories":[1],"tags":[895,1006,433,459,2431,542],"class_list":["post-2745","post","type-post","status-publish","format-standard","has-post-thumbnail","hentry","category-allgemein","tag-car","tag-e-mobilitaet","tag-sharing","tag-studie","tag-velo","tag-zuerich"],"acf":[],"yoast_head":"<!-- This site is optimized with the Yoast SEO plugin v27.4 - https:\/\/yoast.com\/product\/yoast-seo-wordpress\/ -->\n<title>Studie: E-Trottinetts fluten Europas St\u00e4dte - Organisator<\/title>\n<meta name=\"description\" content=\"W\u00e4hrend sich Car-, Bike- und Roller-Sharing bereits vielerorts etabliert haben, gilt der aktuelle Mobilit\u00e4tshype den E-Trottinetts.\" \/>\n<meta name=\"robots\" content=\"index, follow, max-snippet:-1, max-image-preview:large, max-video-preview:-1\" \/>\n<link rel=\"canonical\" href=\"https:\/\/www.organisator.ch\/de\/allgemein\/2020-01-16\/studie-e-trottinetts-fluten-europas-staedte\/\" \/>\n<meta property=\"og:locale\" content=\"de_DE\" \/>\n<meta property=\"og:type\" content=\"article\" \/>\n<meta property=\"og:title\" content=\"Studie: E-Trottinetts fluten Europas St\u00e4dte - Organisator\" \/>\n<meta property=\"og:description\" content=\"W\u00e4hrend sich Car-, Bike- und Roller-Sharing bereits vielerorts etabliert haben, gilt der aktuelle Mobilit\u00e4tshype den E-Trottinetts.\" \/>\n<meta property=\"og:url\" content=\"https:\/\/www.organisator.ch\/de\/allgemein\/2020-01-16\/studie-e-trottinetts-fluten-europas-staedte\/\" \/>\n<meta property=\"og:site_name\" content=\"Organisator\" \/>\n<meta property=\"article:publisher\" content=\"https:\/\/www.facebook.com\/OrganisatorFachmagazin\" \/>\n<meta property=\"article:published_time\" content=\"2020-01-16T09:46:41+00:00\" \/>\n<meta property=\"og:image\" content=\"https:\/\/www.organisator.ch\/wp-content\/uploads\/2020\/01\/Studie-shared-mibility-UP_Umwelt-Perspektiven.jpg\" \/>\n\t<meta property=\"og:image:width\" content=\"1018\" \/>\n\t<meta property=\"og:image:height\" content=\"679\" \/>\n\t<meta property=\"og:image:type\" content=\"image\/jpeg\" \/>\n<meta name=\"author\" content=\"michael.merz\" \/>\n<meta name=\"twitter:card\" content=\"summary_large_image\" \/>\n<script type=\"application\/ld+json\" class=\"yoast-schema-graph\">{\"@context\":\"https:\\\/\\\/schema.org\",\"@graph\":[{\"@type\":\"Article\",\"@id\":\"https:\\\/\\\/www.organisator.ch\\\/en\\\/general\\\/2020-01-16\\\/studie-e-trottinetts-fluten-europas-staedte\\\/#article\",\"isPartOf\":{\"@id\":\"https:\\\/\\\/www.organisator.ch\\\/en\\\/general\\\/2020-01-16\\\/studie-e-trottinetts-fluten-europas-staedte\\\/\"},\"author\":{\"name\":\"michael.merz\",\"@id\":\"https:\\\/\\\/www.organisator.ch\\\/#\\\/schema\\\/person\\\/134708ca9321c57b0362cceb7948ffbd\"},\"headline\":\"Studie: E-Trottinetts fluten Europas St\u00e4dte\",\"datePublished\":\"2020-01-16T09:46:41+00:00\",\"mainEntityOfPage\":{\"@id\":\"https:\\\/\\\/www.organisator.ch\\\/en\\\/general\\\/2020-01-16\\\/studie-e-trottinetts-fluten-europas-staedte\\\/\"},\"wordCount\":453,\"publisher\":{\"@id\":\"https:\\\/\\\/www.organisator.ch\\\/#organization\"},\"image\":{\"@id\":\"https:\\\/\\\/www.organisator.ch\\\/en\\\/general\\\/2020-01-16\\\/studie-e-trottinetts-fluten-europas-staedte\\\/#primaryimage\"},\"thumbnailUrl\":\"https:\\\/\\\/www.organisator.ch\\\/wp-content\\\/uploads\\\/2020\\\/01\\\/Studie-shared-mibility-UP_Umwelt-Perspektiven.jpg\",\"keywords\":[\"Car\",\"E-Mobilit\u00e4t\",\"Sharing\",\"Studie\",\"Velo\",\"Z\u00fcrich\"],\"inLanguage\":\"de\"},{\"@type\":\"WebPage\",\"@id\":\"https:\\\/\\\/www.organisator.ch\\\/en\\\/general\\\/2020-01-16\\\/studie-e-trottinetts-fluten-europas-staedte\\\/\",\"url\":\"https:\\\/\\\/www.organisator.ch\\\/en\\\/general\\\/2020-01-16\\\/studie-e-trottinetts-fluten-europas-staedte\\\/\",\"name\":\"Studie: E-Trottinetts fluten Europas St\u00e4dte - Organisator\",\"isPartOf\":{\"@id\":\"https:\\\/\\\/www.organisator.ch\\\/#website\"},\"primaryImageOfPage\":{\"@id\":\"https:\\\/\\\/www.organisator.ch\\\/en\\\/general\\\/2020-01-16\\\/studie-e-trottinetts-fluten-europas-staedte\\\/#primaryimage\"},\"image\":{\"@id\":\"https:\\\/\\\/www.organisator.ch\\\/en\\\/general\\\/2020-01-16\\\/studie-e-trottinetts-fluten-europas-staedte\\\/#primaryimage\"},\"thumbnailUrl\":\"https:\\\/\\\/www.organisator.ch\\\/wp-content\\\/uploads\\\/2020\\\/01\\\/Studie-shared-mibility-UP_Umwelt-Perspektiven.jpg\",\"datePublished\":\"2020-01-16T09:46:41+00:00\",\"description\":\"W\u00e4hrend sich Car-, Bike- und Roller-Sharing bereits vielerorts etabliert haben, gilt der aktuelle Mobilit\u00e4tshype den E-Trottinetts.\",\"breadcrumb\":{\"@id\":\"https:\\\/\\\/www.organisator.ch\\\/en\\\/general\\\/2020-01-16\\\/studie-e-trottinetts-fluten-europas-staedte\\\/#breadcrumb\"},\"inLanguage\":\"de\",\"potentialAction\":[{\"@type\":\"ReadAction\",\"target\":[\"https:\\\/\\\/www.organisator.ch\\\/en\\\/general\\\/2020-01-16\\\/studie-e-trottinetts-fluten-europas-staedte\\\/\"]}]},{\"@type\":\"ImageObject\",\"inLanguage\":\"de\",\"@id\":\"https:\\\/\\\/www.organisator.ch\\\/en\\\/general\\\/2020-01-16\\\/studie-e-trottinetts-fluten-europas-staedte\\\/#primaryimage\",\"url\":\"https:\\\/\\\/www.organisator.ch\\\/wp-content\\\/uploads\\\/2020\\\/01\\\/Studie-shared-mibility-UP_Umwelt-Perspektiven.jpg\",\"contentUrl\":\"https:\\\/\\\/www.organisator.ch\\\/wp-content\\\/uploads\\\/2020\\\/01\\\/Studie-shared-mibility-UP_Umwelt-Perspektiven.jpg\",\"width\":1018,\"height\":679,\"caption\":\"Waren es im November 2018 in allen St\u00e4dten zusammengez\u00e4hlt noch 1990 E-Trottinetts, sind es im gleichen Erhebungsmonat 2019 bereits 22 918 gewesen. (Quelle: zhaw)\"},{\"@type\":\"BreadcrumbList\",\"@id\":\"https:\\\/\\\/www.organisator.ch\\\/en\\\/general\\\/2020-01-16\\\/studie-e-trottinetts-fluten-europas-staedte\\\/#breadcrumb\",\"itemListElement\":[{\"@type\":\"ListItem\",\"position\":1,\"name\":\"Home\",\"item\":\"https:\\\/\\\/www.organisator.ch\\\/\"},{\"@type\":\"ListItem\",\"position\":2,\"name\":\"Studie: E-Trottinetts fluten Europas St\u00e4dte\"}]},{\"@type\":\"WebSite\",\"@id\":\"https:\\\/\\\/www.organisator.ch\\\/#website\",\"url\":\"https:\\\/\\\/www.organisator.ch\\\/\",\"name\":\"Organisator\",\"description\":\"Kompetent. Praxisnah. Der ORGANISATOR bereitet in 10 Ausgaben pro Jahr die wesentlichen Themen f\u00fcr F\u00fchrungskr\u00e4fte von KMU auf.\",\"publisher\":{\"@id\":\"https:\\\/\\\/www.organisator.ch\\\/#organization\"},\"potentialAction\":[{\"@type\":\"SearchAction\",\"target\":{\"@type\":\"EntryPoint\",\"urlTemplate\":\"https:\\\/\\\/www.organisator.ch\\\/?s={search_term_string}\"},\"query-input\":{\"@type\":\"PropertyValueSpecification\",\"valueRequired\":true,\"valueName\":\"search_term_string\"}}],\"inLanguage\":\"de\"},{\"@type\":\"Organization\",\"@id\":\"https:\\\/\\\/www.organisator.ch\\\/#organization\",\"name\":\"Organisator\",\"url\":\"https:\\\/\\\/www.organisator.ch\\\/\",\"logo\":{\"@type\":\"ImageObject\",\"inLanguage\":\"de\",\"@id\":\"https:\\\/\\\/www.organisator.ch\\\/#\\\/schema\\\/logo\\\/image\\\/\",\"url\":\"https:\\\/\\\/www.organisator.ch\\\/wp-content\\\/uploads\\\/2022\\\/01\\\/Logo_Organisator_Website.png\",\"contentUrl\":\"https:\\\/\\\/www.organisator.ch\\\/wp-content\\\/uploads\\\/2022\\\/01\\\/Logo_Organisator_Website.png\",\"width\":800,\"height\":77,\"caption\":\"Organisator\"},\"image\":{\"@id\":\"https:\\\/\\\/www.organisator.ch\\\/#\\\/schema\\\/logo\\\/image\\\/\"},\"sameAs\":[\"https:\\\/\\\/www.facebook.com\\\/OrganisatorFachmagazin\",\"https:\\\/\\\/www.linkedin.com\\\/showcase\\\/organisator-das-magazin-fr-kmu\",\"https:\\\/\\\/www.xing.com\\\/news\\\/pages\\\/organisator-ch-695\",\"https:\\\/\\\/www.youtube.com\\\/channel\\\/UCGP2Sq0iWaZwT3BdIAQFYpw\"]},{\"@type\":\"Person\",\"@id\":\"https:\\\/\\\/www.organisator.ch\\\/#\\\/schema\\\/person\\\/134708ca9321c57b0362cceb7948ffbd\",\"name\":\"michael.merz\",\"image\":{\"@type\":\"ImageObject\",\"inLanguage\":\"de\",\"@id\":\"https:\\\/\\\/secure.gravatar.com\\\/avatar\\\/?s=96&d=mm&r=g\",\"url\":\"https:\\\/\\\/secure.gravatar.com\\\/avatar\\\/?s=96&d=mm&r=g\",\"contentUrl\":\"https:\\\/\\\/secure.gravatar.com\\\/avatar\\\/?s=96&d=mm&r=g\",\"caption\":\"michael.merz\"},\"url\":\"https:\\\/\\\/www.organisator.ch\\\/de\\\/author\\\/michael-merz\\\/\"}]}<\/script>\n<!-- \/ Yoast SEO plugin. -->","yoast_head_json":{"title":"Studie: E-Trottinetts fluten Europas St\u00e4dte - Organisator","description":"W\u00e4hrend sich Car-, Bike- und Roller-Sharing bereits vielerorts etabliert haben, gilt der aktuelle Mobilit\u00e4tshype den E-Trottinetts.","robots":{"index":"index","follow":"follow","max-snippet":"max-snippet:-1","max-image-preview":"max-image-preview:large","max-video-preview":"max-video-preview:-1"},"canonical":"https:\/\/www.organisator.ch\/de\/allgemein\/2020-01-16\/studie-e-trottinetts-fluten-europas-staedte\/","og_locale":"de_DE","og_type":"article","og_title":"Studie: E-Trottinetts fluten Europas St\u00e4dte - Organisator","og_description":"W\u00e4hrend sich Car-, Bike- und Roller-Sharing bereits vielerorts etabliert haben, gilt der aktuelle Mobilit\u00e4tshype den E-Trottinetts.","og_url":"https:\/\/www.organisator.ch\/de\/allgemein\/2020-01-16\/studie-e-trottinetts-fluten-europas-staedte\/","og_site_name":"Organisator","article_publisher":"https:\/\/www.facebook.com\/OrganisatorFachmagazin","article_published_time":"2020-01-16T09:46:41+00:00","og_image":[{"width":1018,"height":679,"url":"https:\/\/www.organisator.ch\/wp-content\/uploads\/2020\/01\/Studie-shared-mibility-UP_Umwelt-Perspektiven.jpg","type":"image\/jpeg"}],"author":"michael.merz","twitter_card":"summary_large_image","schema":{"@context":"https:\/\/schema.org","@graph":[{"@type":"Article","@id":"https:\/\/www.organisator.ch\/en\/general\/2020-01-16\/studie-e-trottinetts-fluten-europas-staedte\/#article","isPartOf":{"@id":"https:\/\/www.organisator.ch\/en\/general\/2020-01-16\/studie-e-trottinetts-fluten-europas-staedte\/"},"author":{"name":"michael.merz","@id":"https:\/\/www.organisator.ch\/#\/schema\/person\/134708ca9321c57b0362cceb7948ffbd"},"headline":"Studie: E-Trottinetts fluten Europas St\u00e4dte","datePublished":"2020-01-16T09:46:41+00:00","mainEntityOfPage":{"@id":"https:\/\/www.organisator.ch\/en\/general\/2020-01-16\/studie-e-trottinetts-fluten-europas-staedte\/"},"wordCount":453,"publisher":{"@id":"https:\/\/www.organisator.ch\/#organization"},"image":{"@id":"https:\/\/www.organisator.ch\/en\/general\/2020-01-16\/studie-e-trottinetts-fluten-europas-staedte\/#primaryimage"},"thumbnailUrl":"https:\/\/www.organisator.ch\/wp-content\/uploads\/2020\/01\/Studie-shared-mibility-UP_Umwelt-Perspektiven.jpg","keywords":["Car","E-Mobilit\u00e4t","Sharing","Studie","Velo","Z\u00fcrich"],"inLanguage":"de"},{"@type":"WebPage","@id":"https:\/\/www.organisator.ch\/en\/general\/2020-01-16\/studie-e-trottinetts-fluten-europas-staedte\/","url":"https:\/\/www.organisator.ch\/en\/general\/2020-01-16\/studie-e-trottinetts-fluten-europas-staedte\/","name":"Studie: E-Trottinetts fluten Europas St\u00e4dte - Organisator","isPartOf":{"@id":"https:\/\/www.organisator.ch\/#website"},"primaryImageOfPage":{"@id":"https:\/\/www.organisator.ch\/en\/general\/2020-01-16\/studie-e-trottinetts-fluten-europas-staedte\/#primaryimage"},"image":{"@id":"https:\/\/www.organisator.ch\/en\/general\/2020-01-16\/studie-e-trottinetts-fluten-europas-staedte\/#primaryimage"},"thumbnailUrl":"https:\/\/www.organisator.ch\/wp-content\/uploads\/2020\/01\/Studie-shared-mibility-UP_Umwelt-Perspektiven.jpg","datePublished":"2020-01-16T09:46:41+00:00","description":"W\u00e4hrend sich Car-, Bike- und Roller-Sharing bereits vielerorts etabliert haben, gilt der aktuelle Mobilit\u00e4tshype den E-Trottinetts.","breadcrumb":{"@id":"https:\/\/www.organisator.ch\/en\/general\/2020-01-16\/studie-e-trottinetts-fluten-europas-staedte\/#breadcrumb"},"inLanguage":"de","potentialAction":[{"@type":"ReadAction","target":["https:\/\/www.organisator.ch\/en\/general\/2020-01-16\/studie-e-trottinetts-fluten-europas-staedte\/"]}]},{"@type":"ImageObject","inLanguage":"de","@id":"https:\/\/www.organisator.ch\/en\/general\/2020-01-16\/studie-e-trottinetts-fluten-europas-staedte\/#primaryimage","url":"https:\/\/www.organisator.ch\/wp-content\/uploads\/2020\/01\/Studie-shared-mibility-UP_Umwelt-Perspektiven.jpg","contentUrl":"https:\/\/www.organisator.ch\/wp-content\/uploads\/2020\/01\/Studie-shared-mibility-UP_Umwelt-Perspektiven.jpg","width":1018,"height":679,"caption":"Waren es im November 2018 in allen St\u00e4dten zusammengez\u00e4hlt noch 1990 E-Trottinetts, sind es im gleichen Erhebungsmonat 2019 bereits 22 918 gewesen. (Quelle: zhaw)"},{"@type":"BreadcrumbList","@id":"https:\/\/www.organisator.ch\/en\/general\/2020-01-16\/studie-e-trottinetts-fluten-europas-staedte\/#breadcrumb","itemListElement":[{"@type":"ListItem","position":1,"name":"Home","item":"https:\/\/www.organisator.ch\/"},{"@type":"ListItem","position":2,"name":"Studie: E-Trottinetts fluten Europas St\u00e4dte"}]},{"@type":"WebSite","@id":"https:\/\/www.organisator.ch\/#website","url":"https:\/\/www.organisator.ch\/","name":"Organisator","description":"Kompetent. Praxisnah. Der ORGANISATOR bereitet in 10 Ausgaben pro Jahr die wesentlichen Themen f\u00fcr F\u00fchrungskr\u00e4fte von KMU auf.","publisher":{"@id":"https:\/\/www.organisator.ch\/#organization"},"potentialAction":[{"@type":"SearchAction","target":{"@type":"EntryPoint","urlTemplate":"https:\/\/www.organisator.ch\/?s={search_term_string}"},"query-input":{"@type":"PropertyValueSpecification","valueRequired":true,"valueName":"search_term_string"}}],"inLanguage":"de"},{"@type":"Organization","@id":"https:\/\/www.organisator.ch\/#organization","name":"Organisator","url":"https:\/\/www.organisator.ch\/","logo":{"@type":"ImageObject","inLanguage":"de","@id":"https:\/\/www.organisator.ch\/#\/schema\/logo\/image\/","url":"https:\/\/www.organisator.ch\/wp-content\/uploads\/2022\/01\/Logo_Organisator_Website.png","contentUrl":"https:\/\/www.organisator.ch\/wp-content\/uploads\/2022\/01\/Logo_Organisator_Website.png","width":800,"height":77,"caption":"Organisator"},"image":{"@id":"https:\/\/www.organisator.ch\/#\/schema\/logo\/image\/"},"sameAs":["https:\/\/www.facebook.com\/OrganisatorFachmagazin","https:\/\/www.linkedin.com\/showcase\/organisator-das-magazin-fr-kmu","https:\/\/www.xing.com\/news\/pages\/organisator-ch-695","https:\/\/www.youtube.com\/channel\/UCGP2Sq0iWaZwT3BdIAQFYpw"]},{"@type":"Person","@id":"https:\/\/www.organisator.ch\/#\/schema\/person\/134708ca9321c57b0362cceb7948ffbd","name":"michael.merz","image":{"@type":"ImageObject","inLanguage":"de","@id":"https:\/\/secure.gravatar.com\/avatar\/?s=96&d=mm&r=g","url":"https:\/\/secure.gravatar.com\/avatar\/?s=96&d=mm&r=g","contentUrl":"https:\/\/secure.gravatar.com\/avatar\/?s=96&d=mm&r=g","caption":"michael.merz"},"url":"https:\/\/www.organisator.ch\/de\/author\/michael-merz\/"}]}},"_links":{"self":[{"href":"https:\/\/www.organisator.ch\/de\/wp-json\/wp\/v2\/posts\/2745","targetHints":{"allow":["GET"]}}],"collection":[{"href":"https:\/\/www.organisator.ch\/de\/wp-json\/wp\/v2\/posts"}],"about":[{"href":"https:\/\/www.organisator.ch\/de\/wp-json\/wp\/v2\/types\/post"}],"author":[{"embeddable":true,"href":"https:\/\/www.organisator.ch\/de\/wp-json\/wp\/v2\/users\/5"}],"replies":[{"embeddable":true,"href":"https:\/\/www.organisator.ch\/de\/wp-json\/wp\/v2\/comments?post=2745"}],"version-history":[{"count":0,"href":"https:\/\/www.organisator.ch\/de\/wp-json\/wp\/v2\/posts\/2745\/revisions"}],"wp:featuredmedia":[{"embeddable":true,"href":"https:\/\/www.organisator.ch\/de\/wp-json\/wp\/v2\/media\/9672"}],"wp:attachment":[{"href":"https:\/\/www.organisator.ch\/de\/wp-json\/wp\/v2\/media?parent=2745"}],"wp:term":[{"taxonomy":"category","embeddable":true,"href":"https:\/\/www.organisator.ch\/de\/wp-json\/wp\/v2\/categories?post=2745"},{"taxonomy":"post_tag","embeddable":true,"href":"https:\/\/www.organisator.ch\/de\/wp-json\/wp\/v2\/tags?post=2745"}],"curies":[{"name":"wp","href":"https:\/\/api.w.org\/{rel}","templated":true}]}}