{"id":27487,"date":"2024-06-06T14:49:45","date_gmt":"2024-06-06T12:49:45","guid":{"rendered":"https:\/\/www.organisator.ch\/?p=27487"},"modified":"2024-06-07T07:16:30","modified_gmt":"2024-06-07T05:16:30","slug":"99-solar-lehrvertraege-abgeschlossen","status":"publish","type":"post","link":"https:\/\/www.organisator.ch\/de\/sustainability\/2024-06-06\/99-solar-lehrvertraege-abgeschlossen\/","title":{"rendered":"99 Solar-Lehrvertr\u00e4ge abgeschlossen"},"content":{"rendered":"<figure id=\"attachment_27490\" aria-describedby=\"caption-attachment-27490\" style=\"width: 680px\" class=\"wp-caption alignnone\"><img loading=\"lazy\" decoding=\"async\" class=\"wp-image-27490 size-full\" src=\"https:\/\/www.organisator.ch\/wp-content\/uploads\/2024\/06\/Swissolar_Bild1_ps.jpg\" alt=\"\" width=\"680\" height=\"454\" srcset=\"https:\/\/www.organisator.ch\/wp-content\/uploads\/2024\/06\/Swissolar_Bild1_ps.jpg 680w, https:\/\/www.organisator.ch\/wp-content\/uploads\/2024\/06\/Swissolar_Bild1_ps-18x12.jpg 18w, https:\/\/www.organisator.ch\/wp-content\/uploads\/2024\/06\/Swissolar_Bild1_ps-375x250.jpg 375w, https:\/\/www.organisator.ch\/wp-content\/uploads\/2024\/06\/Swissolar_Bild1_ps-524x350.jpg 524w\" sizes=\"auto, (max-width: 680px) 100vw, 680px\" \/><figcaption id=\"caption-attachment-27490\" class=\"wp-caption-text\">Im Schuljahr 2024\/25 starten die neuen Berufslehren in der Solarbranche. Lernende freuen sich auf den Zukunftsberuf. (Bild: www.swissolar.ch \/ www.solarlehre.ch)<\/figcaption><\/figure>\n<p>Im August werden mindestens 85 Personen die dreij\u00e4hrige Lehre als Solarinstallateur:in EFZ und mindestens 10 Personen die zweij\u00e4hrige Lehre als Solarmonteur:in EBA starten. Insgesamt haben 163 Unternehmen eine Ausbildungsbewilligung f\u00fcr die Solarlehre erhalten. 26 Bewilligungsverfahren sind noch laufend. Auf dem offiziellen Lehrstellenportal berufsberatung.ch sind aktuell noch 72 unbesetzte Lehrstellen ausgeschrieben. Auf die Kantone aufgeschl\u00fcsselt ergibt sich per Anfang Juni laut den kantonalen Bildungs\u00e4mtern folgende Verteilung:<\/p>\n<table width=\"90%\">\n<tbody>\n<tr>\n<td width=\"19%\">\n<p><strong>\u00a0Kanton<\/strong><\/p>\n<\/td>\n<td width=\"24%\">\n<p><strong>\u00a0Anzahl Lehrvertr\u00e4ge<\/strong><\/p>\n<\/td>\n<td width=\"28%\">\n<p><strong>\u00a0Erteilte Bewilligungen<\/strong><\/p>\n<\/td>\n<td width=\"27%\">\n<p><strong>\u00a0Offene Bewilligungen<\/strong><\/p>\n<\/td>\n<\/tr>\n<tr>\n<td width=\"19%\">\n<p>\u00a0AG<\/p>\n<\/td>\n<td width=\"24%\">\n<p>\u00a03<\/p>\n<\/td>\n<td width=\"28%\">\n<p>\u00a08<\/p>\n<\/td>\n<td width=\"27%\">\n<p>\u00a01<\/p>\n<\/td>\n<\/tr>\n<tr>\n<td width=\"19%\">\n<p>\u00a0AI<\/p>\n<\/td>\n<td width=\"24%\">\n<p>\u00a00<\/p>\n<\/td>\n<td width=\"28%\">\n<p>\u00a00<\/p>\n<\/td>\n<td width=\"27%\">\n<p>\u00a00<\/p>\n<\/td>\n<\/tr>\n<tr>\n<td width=\"19%\">\n<p>\u00a0AR<\/p>\n<\/td>\n<td width=\"24%\">\n<p>\u00a00<\/p>\n<\/td>\n<td width=\"28%\">\n<p>\u00a00<\/p>\n<\/td>\n<td width=\"27%\">\n<p>\u00a00<\/p>\n<\/td>\n<\/tr>\n<tr>\n<td width=\"19%\">\n<p>\u00a0BE<\/p>\n<\/td>\n<td width=\"24%\">\n<p>21<\/p>\n<\/td>\n<td width=\"28%\">\n<p>\u00a031<\/p>\n<\/td>\n<td width=\"27%\">\n<p>\u00a03<\/p>\n<\/td>\n<\/tr>\n<tr>\n<td width=\"19%\">\n<p>\u00a0BL<\/p>\n<\/td>\n<td width=\"24%\">\n<p>\u00a01<\/p>\n<\/td>\n<td width=\"28%\">\n<p>\u00a04<\/p>\n<\/td>\n<td width=\"27%\">\n<p>\u00a01<\/p>\n<\/td>\n<\/tr>\n<tr>\n<td width=\"19%\">\n<p>\u00a0BS<\/p>\n<\/td>\n<td width=\"24%\">\n<p>\u00a03<\/p>\n<\/td>\n<td width=\"28%\">\n<p>\u00a03<\/p>\n<\/td>\n<td width=\"27%\">\n<p>\u00a00<\/p>\n<\/td>\n<\/tr>\n<tr>\n<td width=\"19%\">\n<p>\u00a0FR<\/p>\n<\/td>\n<td width=\"24%\">\n<p>\u00a015<\/p>\n<\/td>\n<td width=\"28%\">\n<p>\u00a011<\/p>\n<\/td>\n<td width=\"27%\">\n<p>\u00a01<\/p>\n<\/td>\n<\/tr>\n<tr>\n<td width=\"19%\">\n<p>\u00a0GE<\/p>\n<\/td>\n<td width=\"24%\">\n<p>\u00a0*<\/p>\n<\/td>\n<td width=\"28%\">\n<p>\u00a0*<\/p>\n<\/td>\n<td width=\"27%\">\n<p>\u00a0*<\/p>\n<\/td>\n<\/tr>\n<tr>\n<td width=\"19%\">\n<p>\u00a0GL<\/p>\n<\/td>\n<td width=\"24%\">\n<p>\u00a01<\/p>\n<\/td>\n<td width=\"28%\">\n<p>\u00a02<\/p>\n<\/td>\n<td width=\"27%\">\n<p>\u00a00<\/p>\n<\/td>\n<\/tr>\n<tr>\n<td width=\"19%\">\n<p>\u00a0GR<\/p>\n<\/td>\n<td width=\"24%\">\n<p>\u00a01<\/p>\n<\/td>\n<td width=\"28%\">\n<p>\u00a06<\/p>\n<\/td>\n<td width=\"27%\">\n<p>\u00a00<\/p>\n<\/td>\n<\/tr>\n<tr>\n<td width=\"19%\">\n<p>\u00a0JU<\/p>\n<\/td>\n<td width=\"24%\">\n<p>\u00a02<\/p>\n<\/td>\n<td width=\"28%\">\n<p>\u00a03<\/p>\n<\/td>\n<td width=\"27%\">\n<p>\u00a00<\/p>\n<\/td>\n<\/tr>\n<tr>\n<td width=\"19%\">\n<p>\u00a0LU<\/p>\n<\/td>\n<td width=\"24%\">\n<p>\u00a04<\/p>\n<\/td>\n<td width=\"28%\">\n<p>\u00a012<\/p>\n<\/td>\n<td width=\"27%\">\n<p>\u00a02<\/p>\n<\/td>\n<\/tr>\n<tr>\n<td width=\"19%\">\n<p>\u00a0NE<\/p>\n<\/td>\n<td width=\"24%\">\n<p>\u00a01<\/p>\n<\/td>\n<td width=\"28%\">\n<p>\u00a04<\/p>\n<\/td>\n<td width=\"27%\">\n<p>\u00a00<\/p>\n<\/td>\n<\/tr>\n<tr>\n<td width=\"19%\">\n<p>\u00a0NW<\/p>\n<\/td>\n<td width=\"24%\">\n<p>\u00a01<\/p>\n<\/td>\n<td width=\"28%\">\n<p>\u00a01<\/p>\n<\/td>\n<td width=\"27%\">\n<p>\u00a00<\/p>\n<\/td>\n<\/tr>\n<tr>\n<td width=\"19%\">\n<p>\u00a0OW<\/p>\n<\/td>\n<td width=\"24%\">\n<p>\u00a02<\/p>\n<\/td>\n<td width=\"28%\">\n<p>\u00a03<\/p>\n<\/td>\n<td width=\"27%\">\n<p>\u00a00<\/p>\n<\/td>\n<\/tr>\n<tr>\n<td width=\"19%\">\n<p>\u00a0SG<\/p>\n<\/td>\n<td width=\"24%\">\n<p>\u00a07<\/p>\n<\/td>\n<td width=\"28%\">\n<p>\u00a012<\/p>\n<\/td>\n<td width=\"27%\">\n<p>\u00a06<\/p>\n<\/td>\n<\/tr>\n<tr>\n<td width=\"19%\">\n<p>\u00a0SH<\/p>\n<\/td>\n<td width=\"24%\">\n<p>\u00a00<\/p>\n<\/td>\n<td width=\"28%\">\n<p>\u00a00<\/p>\n<\/td>\n<td width=\"27%\">\n<p>\u00a00<\/p>\n<\/td>\n<\/tr>\n<tr>\n<td width=\"19%\">\n<p>\u00a0SO<\/p>\n<\/td>\n<td width=\"24%\">\n<p>\u00a05<\/p>\n<\/td>\n<td width=\"28%\">\n<p>\u00a04<\/p>\n<\/td>\n<td width=\"27%\">\n<p>\u00a01<\/p>\n<\/td>\n<\/tr>\n<tr>\n<td width=\"19%\">\n<p>\u00a0SZ<\/p>\n<\/td>\n<td width=\"24%\">\n<p>\u00a00<\/p>\n<\/td>\n<td width=\"28%\">\n<p>\u00a03<\/p>\n<\/td>\n<td width=\"27%\">\n<p>\u00a01<\/p>\n<\/td>\n<\/tr>\n<tr>\n<td width=\"19%\">\n<p>\u00a0TG<\/p>\n<\/td>\n<td width=\"24%\">\n<p>\u00a03<\/p>\n<\/td>\n<td width=\"28%\">\n<p>\u00a03<\/p>\n<\/td>\n<td width=\"27%\">\n<p>\u00a04<\/p>\n<\/td>\n<\/tr>\n<tr>\n<td width=\"19%\">\n<p>\u00a0TI<\/p>\n<\/td>\n<td width=\"24%\">\n<p>\u00a01<\/p>\n<\/td>\n<td width=\"28%\">\n<p>\u00a06<\/p>\n<\/td>\n<td width=\"27%\">\n<p>\u00a00<\/p>\n<\/td>\n<\/tr>\n<tr>\n<td width=\"19%\">\n<p>\u00a0UR<\/p>\n<\/td>\n<td width=\"24%\">\n<p>\u00a00<\/p>\n<\/td>\n<td width=\"28%\">\n<p>\u00a01<\/p>\n<\/td>\n<td width=\"27%\">\n<p>\u00a00<\/p>\n<\/td>\n<\/tr>\n<tr>\n<td width=\"19%\">\n<p>\u00a0VD<\/p>\n<\/td>\n<td width=\"24%\">\n<p>\u00a06<\/p>\n<\/td>\n<td width=\"28%\">\n<p>\u00a010<\/p>\n<\/td>\n<td width=\"27%\">\n<p>\u00a01<\/p>\n<\/td>\n<\/tr>\n<tr>\n<td width=\"19%\">\n<p>\u00a0VS<\/p>\n<\/td>\n<td width=\"24%\">\n<p>\u00a04<\/p>\n<\/td>\n<td width=\"28%\">\n<p>\u00a017<\/p>\n<\/td>\n<td width=\"27%\">\n<p>\u00a04<\/p>\n<\/td>\n<\/tr>\n<tr>\n<td width=\"19%\">\n<p>\u00a0ZG<\/p>\n<\/td>\n<td width=\"24%\">\n<p>\u00a03<\/p>\n<\/td>\n<td width=\"28%\">\n<p>\u00a04<\/p>\n<\/td>\n<td width=\"27%\">\n<p>\u00a00<\/p>\n<\/td>\n<\/tr>\n<tr>\n<td width=\"19%\">\n<p>\u00a0ZH<\/p>\n<\/td>\n<td width=\"24%\">\n<p>\u00a015<\/p>\n<\/td>\n<td width=\"28%\">\n<p>\u00a015<\/p>\n<\/td>\n<td width=\"27%\">\n<p>\u00a01<\/p>\n<\/td>\n<\/tr>\n<\/tbody>\n<\/table>\n<p><em>*Noch keine Zahlen vorhanden<\/em><\/p>\n<p>Die beiden neuen Berufsbilder sind eine von mehreren Massnahmen gegen den Fachkr\u00e4ftemangel in der boomenden Solarbranche. Gem\u00e4ss dem neu erschienenen Kurzbericht zum Fachkr\u00e4ftebedarf von EBP Schweiz und Swissolar schafft die Schweizer Solarbranche zurzeit eine Besch\u00e4ftigung f\u00fcr 11&#8217;000 Vollzeit\u00e4quivalente (VZ\u00c4). Um die Ziele der Energiestrategie 2050 zu erreichen, muss die Branche bis 2035 auf 20&#8217;000 VZ\u00c4 anwachsen. Mittelfristig liegt der Bedarf also bei ca. 850 neuen Vollzeitstellen pro Jahr. Zu Beginn dieses Schuljahres rechnet Swissolar mit mindestens 120 Lernenden, mittelfristig mit etwa 300 Lehrabschl\u00fcssen pro Jahr. F\u00fcr die zus\u00e4tzlich ben\u00f6tigten Fachkr\u00e4fte entwickelt Swissolar Kurse und weitere Bildungsangebote, um Quereinsteiger:innen den Einstieg in die Branche zu erleichtern.<\/p>\n<h3><strong>Viel Engagement der Unternehmen<\/strong><\/h3>\n<p>Rita Hidalgo, Leiterin Bildung bei Swissolar, sagt zu den Zahlen der kantonalen Bildungs\u00e4mter: \u00abDie Berufe sind seit 1. Oktober 2023 bewilligt. Trotz dieser kurzen Vorlaufzeit haben sich bereits 200 Unternehmen entschieden, Lernende auszubilden. Das ist beeindruckend. Denn Lernende auszubilden, bedeutet nebst dem Verwaltungsaufwand f\u00fcr Bewilligungen auch die anspruchsvolle Ausbildungsorganisation. Es ist sehr erfreulich, dass die Solarlehre einen derart schnellen Start hinlegt.\u00bb<strong><\/p>\n<p><\/strong>Mich\u00e8le Ofri, Verantwortliche Berufsmarketing bei Swissolar, sagt: \u00abEs gibt ein grosses Interesse an dem neuen Beruf. In den Betrieben ist eine deutliche Erleichterung zu sp\u00fcren, dass es mit der Solarlehre neu eine spezifische Ausbildung f\u00fcr Solarinstallateurinnen und Solarinstallateure gibt. Die Jugendlichen interessieren sich f\u00fcr diesen spannenden Beruf, weil er ihnen in modernen Unternehmen eine abwechslungsreiche handwerkliche T\u00e4tigkeit bietet. Die Anfragen f\u00fcr Schnupperlehren haben teilweise die Kapazit\u00e4ten der angefragten Betriebe \u00fcberstiegen.\u00bb<\/p>\n<h3><strong>Lernende freuen sich auf den Zukunftsberuf\u00a0<\/strong><\/h3>\n<p>So sagt etwa Ben Gonda zu seiner Motivation: \u00abDie Lehre interessiert mich, weil die Solarenergie wichtig f\u00fcr die Zukunft ist. Ich freue mich darauf, draussen zu sein und auf den D\u00e4chern zu arbeiten.\u00bb Gonda startet im August die Solarlehre bei Jenni Energietechnik in Oberburg BE. Auch Tobias Blatter, k\u00fcnftiger Lernender bei der Alex Gemperle AG in H\u00fcnenberg ZG, freut sich auf den Start seiner Ausbildung: \u00abIch bin begeisterter Handwerker. F\u00fcr mich ist die Solarlehre ein Schritt zu meinem Zukunftsberuf.\u00bb<\/p>\n<h3><strong>Inhalt der beiden Lehrabschl\u00fcsse<\/strong><\/h3>\n<p>Der Weg zum Abschluss \u00abSolarinstallateur:in mit eidgen\u00f6ssischem F\u00e4higkeitszeugnis (EFZ)\u00bb f\u00fchrt \u00fcber eine dreij\u00e4hrige Lehre. Dabei lernen die k\u00fcnftigen Solarprofis alles, was zum Bau einer Solaranlage geh\u00f6rt: Montage, Installation, Wartung und R\u00fcckbau. Solarmonteur:innen mit eidgen\u00f6ssischem Berufsattest (EBA) absolvieren eine zweij\u00e4hrige Lehre. Ihr Einsatzbereich umfasst die Montage sowie den R\u00fcckbau von Anlagen. Wer bereits ein EFZ oder die Matura hat, kann die Lehre verk\u00fcrzt absolvieren. Im August dieses Jahres starten 19 Personen eine verk\u00fcrzte Lehre.<strong>\u00a0<\/strong><\/p>\n<p><em>Quelle: <a href=\"http:\/\/www.swissolar.ch\">www.swissolar.ch<\/a> \/ <a href=\"https:\/\/solarlehre.ch\/lehrstellen\/\">www.solarlehre.ch\u00a0<\/a><\/em><\/p>\n","protected":false},"excerpt":{"rendered":"<p>Knapp hundert Lehrvertr\u00e4ge sind f\u00fcr die beiden neuen Lehrberufe Solarinstallateur:in EFZ und Solarmonteur:in EBA bis jetzt abgeschlossen. In der Deutschschweiz sind es 70 Lehrvertr\u00e4ge, in der Romandie 28, w\u00e4hrend im Tessin ein Lehrvertrag abgeschlossen wurde. Insgesamt haben 163 Unternehmen eine Ausbildungsbewilligung f\u00fcr die Solarlehre erhalten.<\/p>\n","protected":false},"author":58,"featured_media":27490,"comment_status":"closed","ping_status":"closed","sticky":false,"template":"","format":"standard","meta":{"_acf_changed":false,"_yoast_wpseo_focuskw":"Lehrvertr\u00e4ge","_yoast_wpseo_metadesc":"Knapp hundert Lehrvertr\u00e4ge sind f\u00fcr die beiden neuen Lehrberufe Solarinstallateur:in EFZ und Solarmonteur:in EBA bis jetzt abgeschlossen.","articlekey":"","footnotes":""},"categories":[580,30],"tags":[62,2246,2271,492],"class_list":["post-27487","post","type-post","status-publish","format-standard","has-post-thumbnail","hentry","category-sustainability","category-weiterbildung","tag-aus-weiterbildung","tag-sustainability","tag-swissolar","tag-unternehmen"],"acf":[],"yoast_head":"<!-- This site is optimized with the Yoast SEO plugin v27.5 - https:\/\/yoast.com\/product\/yoast-seo-wordpress\/ -->\n<title>99 Solar-Lehrvertr\u00e4ge abgeschlossen - Organisator<\/title>\n<meta name=\"description\" content=\"Knapp hundert Lehrvertr\u00e4ge sind f\u00fcr die beiden neuen Lehrberufe Solarinstallateur:in EFZ und Solarmonteur:in EBA bis jetzt abgeschlossen.\" \/>\n<meta name=\"robots\" content=\"index, follow, max-snippet:-1, max-image-preview:large, max-video-preview:-1\" \/>\n<link rel=\"canonical\" href=\"https:\/\/www.organisator.ch\/de\/sustainability\/2024-06-06\/99-solar-lehrvertraege-abgeschlossen\/\" \/>\n<meta property=\"og:locale\" content=\"de_DE\" \/>\n<meta property=\"og:type\" content=\"article\" \/>\n<meta property=\"og:title\" content=\"99 Solar-Lehrvertr\u00e4ge abgeschlossen\" \/>\n<meta property=\"og:description\" content=\"Knapp hundert Lehrvertr\u00e4ge sind f\u00fcr die beiden neuen Lehrberufe Solarinstallateur:in EFZ und Solarmonteur:in EBA bis jetzt abgeschlossen.\" \/>\n<meta property=\"og:url\" content=\"https:\/\/www.organisator.ch\/de\/sustainability\/2024-06-06\/99-solar-lehrvertraege-abgeschlossen\/\" \/>\n<meta property=\"og:site_name\" content=\"Organisator\" \/>\n<meta property=\"article:publisher\" content=\"https:\/\/www.facebook.com\/OrganisatorFachmagazin\" \/>\n<meta property=\"article:published_time\" content=\"2024-06-06T12:49:45+00:00\" \/>\n<meta property=\"article:modified_time\" content=\"2024-06-07T05:16:30+00:00\" \/>\n<meta property=\"og:image\" content=\"https:\/\/www.organisator.ch\/wp-content\/uploads\/2024\/06\/Swissolar_Bild1_ps.jpg\" \/>\n\t<meta property=\"og:image:width\" content=\"680\" \/>\n\t<meta property=\"og:image:height\" content=\"454\" \/>\n\t<meta property=\"og:image:type\" content=\"image\/jpeg\" \/>\n<meta name=\"author\" content=\"Adelisa Kalajdzini\" \/>\n<meta name=\"twitter:card\" content=\"summary_large_image\" \/>\n<meta name=\"twitter:title\" content=\"99 Solar-Lehrvertr\u00e4ge abgeschlossen\" \/>\n<meta name=\"twitter:description\" content=\"Knapp hundert #Lehrvertr\u00e4ge sind f\u00fcr die beiden neuen #Lehrberufe #Solarinstallateur:in #EFZ und #Solarmonteur:in #EBA bis jetzt abgeschlossen.\" \/>\n<meta name=\"twitter:image\" content=\"https:\/\/www.organisator.ch\/wp-content\/uploads\/2024\/06\/Swissolar_Bild1_ps.jpg\" \/>\n<script type=\"application\/ld+json\" class=\"yoast-schema-graph\">{\"@context\":\"https:\\\/\\\/schema.org\",\"@graph\":[{\"@type\":\"Article\",\"@id\":\"https:\\\/\\\/www.organisator.ch\\\/sustainability\\\/2024-06-06\\\/99-solar-lehrvertraege-abgeschlossen\\\/#article\",\"isPartOf\":{\"@id\":\"https:\\\/\\\/www.organisator.ch\\\/sustainability\\\/2024-06-06\\\/99-solar-lehrvertraege-abgeschlossen\\\/\"},\"author\":{\"name\":\"Adelisa Kalajdzini\",\"@id\":\"https:\\\/\\\/www.organisator.ch\\\/#\\\/schema\\\/person\\\/2e1314a2172123f874db408d8911d3f3\"},\"headline\":\"99 Solar-Lehrvertr\u00e4ge abgeschlossen\",\"datePublished\":\"2024-06-06T12:49:45+00:00\",\"dateModified\":\"2024-06-07T05:16:30+00:00\",\"mainEntityOfPage\":{\"@id\":\"https:\\\/\\\/www.organisator.ch\\\/sustainability\\\/2024-06-06\\\/99-solar-lehrvertraege-abgeschlossen\\\/\"},\"wordCount\":577,\"publisher\":{\"@id\":\"https:\\\/\\\/www.organisator.ch\\\/#organization\"},\"image\":{\"@id\":\"https:\\\/\\\/www.organisator.ch\\\/sustainability\\\/2024-06-06\\\/99-solar-lehrvertraege-abgeschlossen\\\/#primaryimage\"},\"thumbnailUrl\":\"https:\\\/\\\/www.organisator.ch\\\/wp-content\\\/uploads\\\/2024\\\/06\\\/Swissolar_Bild1_ps.jpg\",\"keywords\":[\"Aus-\\\/Weiterbildung\",\"Sustainability\",\"Swissolar\",\"Unternehmen\"],\"articleSection\":[\"SUSTAINABILITY\",\"WEITERBILDUNG\"],\"inLanguage\":\"de\"},{\"@type\":\"WebPage\",\"@id\":\"https:\\\/\\\/www.organisator.ch\\\/sustainability\\\/2024-06-06\\\/99-solar-lehrvertraege-abgeschlossen\\\/\",\"url\":\"https:\\\/\\\/www.organisator.ch\\\/sustainability\\\/2024-06-06\\\/99-solar-lehrvertraege-abgeschlossen\\\/\",\"name\":\"99 Solar-Lehrvertr\u00e4ge abgeschlossen - Organisator\",\"isPartOf\":{\"@id\":\"https:\\\/\\\/www.organisator.ch\\\/#website\"},\"primaryImageOfPage\":{\"@id\":\"https:\\\/\\\/www.organisator.ch\\\/sustainability\\\/2024-06-06\\\/99-solar-lehrvertraege-abgeschlossen\\\/#primaryimage\"},\"image\":{\"@id\":\"https:\\\/\\\/www.organisator.ch\\\/sustainability\\\/2024-06-06\\\/99-solar-lehrvertraege-abgeschlossen\\\/#primaryimage\"},\"thumbnailUrl\":\"https:\\\/\\\/www.organisator.ch\\\/wp-content\\\/uploads\\\/2024\\\/06\\\/Swissolar_Bild1_ps.jpg\",\"datePublished\":\"2024-06-06T12:49:45+00:00\",\"dateModified\":\"2024-06-07T05:16:30+00:00\",\"description\":\"Knapp hundert Lehrvertr\u00e4ge sind f\u00fcr die beiden neuen Lehrberufe Solarinstallateur:in EFZ und Solarmonteur:in EBA bis jetzt abgeschlossen.\",\"breadcrumb\":{\"@id\":\"https:\\\/\\\/www.organisator.ch\\\/sustainability\\\/2024-06-06\\\/99-solar-lehrvertraege-abgeschlossen\\\/#breadcrumb\"},\"inLanguage\":\"de\",\"potentialAction\":[{\"@type\":\"ReadAction\",\"target\":[\"https:\\\/\\\/www.organisator.ch\\\/sustainability\\\/2024-06-06\\\/99-solar-lehrvertraege-abgeschlossen\\\/\"]}]},{\"@type\":\"ImageObject\",\"inLanguage\":\"de\",\"@id\":\"https:\\\/\\\/www.organisator.ch\\\/sustainability\\\/2024-06-06\\\/99-solar-lehrvertraege-abgeschlossen\\\/#primaryimage\",\"url\":\"https:\\\/\\\/www.organisator.ch\\\/wp-content\\\/uploads\\\/2024\\\/06\\\/Swissolar_Bild1_ps.jpg\",\"contentUrl\":\"https:\\\/\\\/www.organisator.ch\\\/wp-content\\\/uploads\\\/2024\\\/06\\\/Swissolar_Bild1_ps.jpg\",\"width\":680,\"height\":454,\"caption\":\"Im Schuljahr 2024\\\/25 starten die neuen Berufslehren in der Solarbranche. Lernende freuen sich auf den Zukunftsberuf. (Bild: www.swissolar.ch)\"},{\"@type\":\"BreadcrumbList\",\"@id\":\"https:\\\/\\\/www.organisator.ch\\\/sustainability\\\/2024-06-06\\\/99-solar-lehrvertraege-abgeschlossen\\\/#breadcrumb\",\"itemListElement\":[{\"@type\":\"ListItem\",\"position\":1,\"name\":\"Home\",\"item\":\"https:\\\/\\\/www.organisator.ch\\\/\"},{\"@type\":\"ListItem\",\"position\":2,\"name\":\"99 Solar-Lehrvertr\u00e4ge abgeschlossen\"}]},{\"@type\":\"WebSite\",\"@id\":\"https:\\\/\\\/www.organisator.ch\\\/#website\",\"url\":\"https:\\\/\\\/www.organisator.ch\\\/\",\"name\":\"Organisator\",\"description\":\"Kompetent. Praxisnah. Der ORGANISATOR bereitet in 10 Ausgaben pro Jahr die wesentlichen Themen f\u00fcr F\u00fchrungskr\u00e4fte von KMU auf.\",\"publisher\":{\"@id\":\"https:\\\/\\\/www.organisator.ch\\\/#organization\"},\"potentialAction\":[{\"@type\":\"SearchAction\",\"target\":{\"@type\":\"EntryPoint\",\"urlTemplate\":\"https:\\\/\\\/www.organisator.ch\\\/?s={search_term_string}\"},\"query-input\":{\"@type\":\"PropertyValueSpecification\",\"valueRequired\":true,\"valueName\":\"search_term_string\"}}],\"inLanguage\":\"de\"},{\"@type\":\"Organization\",\"@id\":\"https:\\\/\\\/www.organisator.ch\\\/#organization\",\"name\":\"Organisator\",\"url\":\"https:\\\/\\\/www.organisator.ch\\\/\",\"logo\":{\"@type\":\"ImageObject\",\"inLanguage\":\"de\",\"@id\":\"https:\\\/\\\/www.organisator.ch\\\/#\\\/schema\\\/logo\\\/image\\\/\",\"url\":\"https:\\\/\\\/www.organisator.ch\\\/wp-content\\\/uploads\\\/2022\\\/01\\\/Logo_Organisator_Website.png\",\"contentUrl\":\"https:\\\/\\\/www.organisator.ch\\\/wp-content\\\/uploads\\\/2022\\\/01\\\/Logo_Organisator_Website.png\",\"width\":800,\"height\":77,\"caption\":\"Organisator\"},\"image\":{\"@id\":\"https:\\\/\\\/www.organisator.ch\\\/#\\\/schema\\\/logo\\\/image\\\/\"},\"sameAs\":[\"https:\\\/\\\/www.facebook.com\\\/OrganisatorFachmagazin\",\"https:\\\/\\\/www.linkedin.com\\\/showcase\\\/organisator-das-magazin-fr-kmu\",\"https:\\\/\\\/www.xing.com\\\/news\\\/pages\\\/organisator-ch-695\",\"https:\\\/\\\/www.youtube.com\\\/channel\\\/UCGP2Sq0iWaZwT3BdIAQFYpw\"]},{\"@type\":\"Person\",\"@id\":\"https:\\\/\\\/www.organisator.ch\\\/#\\\/schema\\\/person\\\/2e1314a2172123f874db408d8911d3f3\",\"name\":\"Adelisa Kalajdzini\",\"image\":{\"@type\":\"ImageObject\",\"inLanguage\":\"de\",\"@id\":\"https:\\\/\\\/secure.gravatar.com\\\/avatar\\\/09a397c22ac58cad6f160ee8306348599df9df58a8ede73696226897b9fa4b24?s=96&d=mm&r=g\",\"url\":\"https:\\\/\\\/secure.gravatar.com\\\/avatar\\\/09a397c22ac58cad6f160ee8306348599df9df58a8ede73696226897b9fa4b24?s=96&d=mm&r=g\",\"contentUrl\":\"https:\\\/\\\/secure.gravatar.com\\\/avatar\\\/09a397c22ac58cad6f160ee8306348599df9df58a8ede73696226897b9fa4b24?s=96&d=mm&r=g\",\"caption\":\"Adelisa Kalajdzini\"},\"url\":\"https:\\\/\\\/www.organisator.ch\\\/de\\\/author\\\/adelisa-kalajdzini\\\/\"}]}<\/script>\n<!-- \/ Yoast SEO plugin. -->","yoast_head_json":{"title":"99 Solar-Lehrvertr\u00e4ge abgeschlossen - Organisator","description":"Knapp hundert Lehrvertr\u00e4ge sind f\u00fcr die beiden neuen Lehrberufe Solarinstallateur:in EFZ und Solarmonteur:in EBA bis jetzt abgeschlossen.","robots":{"index":"index","follow":"follow","max-snippet":"max-snippet:-1","max-image-preview":"max-image-preview:large","max-video-preview":"max-video-preview:-1"},"canonical":"https:\/\/www.organisator.ch\/de\/sustainability\/2024-06-06\/99-solar-lehrvertraege-abgeschlossen\/","og_locale":"de_DE","og_type":"article","og_title":"99 Solar-Lehrvertr\u00e4ge abgeschlossen","og_description":"Knapp hundert Lehrvertr\u00e4ge sind f\u00fcr die beiden neuen Lehrberufe Solarinstallateur:in EFZ und Solarmonteur:in EBA bis jetzt abgeschlossen.","og_url":"https:\/\/www.organisator.ch\/de\/sustainability\/2024-06-06\/99-solar-lehrvertraege-abgeschlossen\/","og_site_name":"Organisator","article_publisher":"https:\/\/www.facebook.com\/OrganisatorFachmagazin","article_published_time":"2024-06-06T12:49:45+00:00","article_modified_time":"2024-06-07T05:16:30+00:00","og_image":[{"width":680,"height":454,"url":"https:\/\/www.organisator.ch\/wp-content\/uploads\/2024\/06\/Swissolar_Bild1_ps.jpg","type":"image\/jpeg"}],"author":"Adelisa Kalajdzini","twitter_card":"summary_large_image","twitter_title":"99 Solar-Lehrvertr\u00e4ge abgeschlossen","twitter_description":"Knapp hundert #Lehrvertr\u00e4ge sind f\u00fcr die beiden neuen #Lehrberufe #Solarinstallateur:in #EFZ und #Solarmonteur:in #EBA bis jetzt abgeschlossen.","twitter_image":"https:\/\/www.organisator.ch\/wp-content\/uploads\/2024\/06\/Swissolar_Bild1_ps.jpg","schema":{"@context":"https:\/\/schema.org","@graph":[{"@type":"Article","@id":"https:\/\/www.organisator.ch\/sustainability\/2024-06-06\/99-solar-lehrvertraege-abgeschlossen\/#article","isPartOf":{"@id":"https:\/\/www.organisator.ch\/sustainability\/2024-06-06\/99-solar-lehrvertraege-abgeschlossen\/"},"author":{"name":"Adelisa Kalajdzini","@id":"https:\/\/www.organisator.ch\/#\/schema\/person\/2e1314a2172123f874db408d8911d3f3"},"headline":"99 Solar-Lehrvertr\u00e4ge abgeschlossen","datePublished":"2024-06-06T12:49:45+00:00","dateModified":"2024-06-07T05:16:30+00:00","mainEntityOfPage":{"@id":"https:\/\/www.organisator.ch\/sustainability\/2024-06-06\/99-solar-lehrvertraege-abgeschlossen\/"},"wordCount":577,"publisher":{"@id":"https:\/\/www.organisator.ch\/#organization"},"image":{"@id":"https:\/\/www.organisator.ch\/sustainability\/2024-06-06\/99-solar-lehrvertraege-abgeschlossen\/#primaryimage"},"thumbnailUrl":"https:\/\/www.organisator.ch\/wp-content\/uploads\/2024\/06\/Swissolar_Bild1_ps.jpg","keywords":["Aus-\/Weiterbildung","Sustainability","Swissolar","Unternehmen"],"articleSection":["SUSTAINABILITY","WEITERBILDUNG"],"inLanguage":"de"},{"@type":"WebPage","@id":"https:\/\/www.organisator.ch\/sustainability\/2024-06-06\/99-solar-lehrvertraege-abgeschlossen\/","url":"https:\/\/www.organisator.ch\/sustainability\/2024-06-06\/99-solar-lehrvertraege-abgeschlossen\/","name":"99 Solar-Lehrvertr\u00e4ge abgeschlossen - Organisator","isPartOf":{"@id":"https:\/\/www.organisator.ch\/#website"},"primaryImageOfPage":{"@id":"https:\/\/www.organisator.ch\/sustainability\/2024-06-06\/99-solar-lehrvertraege-abgeschlossen\/#primaryimage"},"image":{"@id":"https:\/\/www.organisator.ch\/sustainability\/2024-06-06\/99-solar-lehrvertraege-abgeschlossen\/#primaryimage"},"thumbnailUrl":"https:\/\/www.organisator.ch\/wp-content\/uploads\/2024\/06\/Swissolar_Bild1_ps.jpg","datePublished":"2024-06-06T12:49:45+00:00","dateModified":"2024-06-07T05:16:30+00:00","description":"Knapp hundert Lehrvertr\u00e4ge sind f\u00fcr die beiden neuen Lehrberufe Solarinstallateur:in EFZ und Solarmonteur:in EBA bis jetzt abgeschlossen.","breadcrumb":{"@id":"https:\/\/www.organisator.ch\/sustainability\/2024-06-06\/99-solar-lehrvertraege-abgeschlossen\/#breadcrumb"},"inLanguage":"de","potentialAction":[{"@type":"ReadAction","target":["https:\/\/www.organisator.ch\/sustainability\/2024-06-06\/99-solar-lehrvertraege-abgeschlossen\/"]}]},{"@type":"ImageObject","inLanguage":"de","@id":"https:\/\/www.organisator.ch\/sustainability\/2024-06-06\/99-solar-lehrvertraege-abgeschlossen\/#primaryimage","url":"https:\/\/www.organisator.ch\/wp-content\/uploads\/2024\/06\/Swissolar_Bild1_ps.jpg","contentUrl":"https:\/\/www.organisator.ch\/wp-content\/uploads\/2024\/06\/Swissolar_Bild1_ps.jpg","width":680,"height":454,"caption":"Im Schuljahr 2024\/25 starten die neuen Berufslehren in der Solarbranche. Lernende freuen sich auf den Zukunftsberuf. (Bild: www.swissolar.ch)"},{"@type":"BreadcrumbList","@id":"https:\/\/www.organisator.ch\/sustainability\/2024-06-06\/99-solar-lehrvertraege-abgeschlossen\/#breadcrumb","itemListElement":[{"@type":"ListItem","position":1,"name":"Home","item":"https:\/\/www.organisator.ch\/"},{"@type":"ListItem","position":2,"name":"99 Solar-Lehrvertr\u00e4ge abgeschlossen"}]},{"@type":"WebSite","@id":"https:\/\/www.organisator.ch\/#website","url":"https:\/\/www.organisator.ch\/","name":"Organisator","description":"Kompetent. Praxisnah. Der ORGANISATOR bereitet in 10 Ausgaben pro Jahr die wesentlichen Themen f\u00fcr F\u00fchrungskr\u00e4fte von KMU auf.","publisher":{"@id":"https:\/\/www.organisator.ch\/#organization"},"potentialAction":[{"@type":"SearchAction","target":{"@type":"EntryPoint","urlTemplate":"https:\/\/www.organisator.ch\/?s={search_term_string}"},"query-input":{"@type":"PropertyValueSpecification","valueRequired":true,"valueName":"search_term_string"}}],"inLanguage":"de"},{"@type":"Organization","@id":"https:\/\/www.organisator.ch\/#organization","name":"Organisator","url":"https:\/\/www.organisator.ch\/","logo":{"@type":"ImageObject","inLanguage":"de","@id":"https:\/\/www.organisator.ch\/#\/schema\/logo\/image\/","url":"https:\/\/www.organisator.ch\/wp-content\/uploads\/2022\/01\/Logo_Organisator_Website.png","contentUrl":"https:\/\/www.organisator.ch\/wp-content\/uploads\/2022\/01\/Logo_Organisator_Website.png","width":800,"height":77,"caption":"Organisator"},"image":{"@id":"https:\/\/www.organisator.ch\/#\/schema\/logo\/image\/"},"sameAs":["https:\/\/www.facebook.com\/OrganisatorFachmagazin","https:\/\/www.linkedin.com\/showcase\/organisator-das-magazin-fr-kmu","https:\/\/www.xing.com\/news\/pages\/organisator-ch-695","https:\/\/www.youtube.com\/channel\/UCGP2Sq0iWaZwT3BdIAQFYpw"]},{"@type":"Person","@id":"https:\/\/www.organisator.ch\/#\/schema\/person\/2e1314a2172123f874db408d8911d3f3","name":"Adelisa Kalajdzini","image":{"@type":"ImageObject","inLanguage":"de","@id":"https:\/\/secure.gravatar.com\/avatar\/09a397c22ac58cad6f160ee8306348599df9df58a8ede73696226897b9fa4b24?s=96&d=mm&r=g","url":"https:\/\/secure.gravatar.com\/avatar\/09a397c22ac58cad6f160ee8306348599df9df58a8ede73696226897b9fa4b24?s=96&d=mm&r=g","contentUrl":"https:\/\/secure.gravatar.com\/avatar\/09a397c22ac58cad6f160ee8306348599df9df58a8ede73696226897b9fa4b24?s=96&d=mm&r=g","caption":"Adelisa Kalajdzini"},"url":"https:\/\/www.organisator.ch\/de\/author\/adelisa-kalajdzini\/"}]}},"_links":{"self":[{"href":"https:\/\/www.organisator.ch\/de\/wp-json\/wp\/v2\/posts\/27487","targetHints":{"allow":["GET"]}}],"collection":[{"href":"https:\/\/www.organisator.ch\/de\/wp-json\/wp\/v2\/posts"}],"about":[{"href":"https:\/\/www.organisator.ch\/de\/wp-json\/wp\/v2\/types\/post"}],"author":[{"embeddable":true,"href":"https:\/\/www.organisator.ch\/de\/wp-json\/wp\/v2\/users\/58"}],"replies":[{"embeddable":true,"href":"https:\/\/www.organisator.ch\/de\/wp-json\/wp\/v2\/comments?post=27487"}],"version-history":[{"count":8,"href":"https:\/\/www.organisator.ch\/de\/wp-json\/wp\/v2\/posts\/27487\/revisions"}],"predecessor-version":[{"id":27493,"href":"https:\/\/www.organisator.ch\/de\/wp-json\/wp\/v2\/posts\/27487\/revisions\/27493"}],"wp:featuredmedia":[{"embeddable":true,"href":"https:\/\/www.organisator.ch\/de\/wp-json\/wp\/v2\/media\/27490"}],"wp:attachment":[{"href":"https:\/\/www.organisator.ch\/de\/wp-json\/wp\/v2\/media?parent=27487"}],"wp:term":[{"taxonomy":"category","embeddable":true,"href":"https:\/\/www.organisator.ch\/de\/wp-json\/wp\/v2\/categories?post=27487"},{"taxonomy":"post_tag","embeddable":true,"href":"https:\/\/www.organisator.ch\/de\/wp-json\/wp\/v2\/tags?post=27487"}],"curies":[{"name":"wp","href":"https:\/\/api.w.org\/{rel}","templated":true}]}}