{"id":27552,"date":"2024-06-11T09:32:51","date_gmt":"2024-06-11T07:32:51","guid":{"rendered":"https:\/\/www.organisator.ch\/?p=27552"},"modified":"2024-06-11T09:32:51","modified_gmt":"2024-06-11T07:32:51","slug":"beschaeftigungstrends-die-schweiz-boomt-im-vergleich-zu-europa","status":"publish","type":"post","link":"https:\/\/www.organisator.ch\/de\/human-resources\/2024-06-11\/beschaeftigungstrends-die-schweiz-boomt-im-vergleich-zu-europa\/","title":{"rendered":"Besch\u00e4ftigungstrends: Die Schweiz boomt im Vergleich zu Europa"},"content":{"rendered":"<figure id=\"attachment_27553\" aria-describedby=\"caption-attachment-27553\" style=\"width: 680px\" class=\"wp-caption alignnone\"><img loading=\"lazy\" decoding=\"async\" class=\"wp-image-27553 size-full\" src=\"https:\/\/www.organisator.ch\/wp-content\/uploads\/2024\/06\/Beschaeftigungsaussichten-Die-Schweiz-boomt-im-Vergleich-zu-Europa_Organisator.jpg\" alt=\"\" width=\"680\" height=\"396\" srcset=\"https:\/\/www.organisator.ch\/wp-content\/uploads\/2024\/06\/Beschaeftigungsaussichten-Die-Schweiz-boomt-im-Vergleich-zu-Europa_Organisator.jpg 680w, https:\/\/www.organisator.ch\/wp-content\/uploads\/2024\/06\/Beschaeftigungsaussichten-Die-Schweiz-boomt-im-Vergleich-zu-Europa_Organisator-18x10.jpg 18w, https:\/\/www.organisator.ch\/wp-content\/uploads\/2024\/06\/Beschaeftigungsaussichten-Die-Schweiz-boomt-im-Vergleich-zu-Europa_Organisator-375x218.jpg 375w, https:\/\/www.organisator.ch\/wp-content\/uploads\/2024\/06\/Beschaeftigungsaussichten-Die-Schweiz-boomt-im-Vergleich-zu-Europa_Organisator-601x350.jpg 601w\" sizes=\"auto, (max-width: 680px) 100vw, 680px\" \/><figcaption id=\"caption-attachment-27553\" class=\"wp-caption-text\">Besch\u00e4ftigungstrends in der Schweiz: Nicht in allen Regionen sind die Aussichten gleich gut. (Grafik: ManpowerGroup)<\/figcaption><\/figure>\n<p>Die allm\u00e4hliche Erholung der Auslandsnachfrage, eine niedrigere Inflation und die Lockerung der Geldpolitik stimulieren die Konjunktur in der Schweiz. Diese positive Entwicklung sei zwar erfreulich, verst\u00e4rke aber den Fachkr\u00e4ftemangel weiter, wie die j\u00fcngste Umfrage der ManpowerGroup zu den Besch\u00e4ftigungsaussichten zeigt. Demnach suchen die Unternehmen entsprechend noch st\u00e4rker nach Fachkr\u00e4ften: Mit 34% legt der saisonbereinigte Netto-Besch\u00e4ftigungsausblick f\u00fcr Q3 2024 sowohl gegen\u00fcber dem zweiten Quartal (29%) als auch gegen\u00fcber dem Vorjahr (Q3 2023: 27%) nochmals zu.<\/p>\n<p>Die Arbeitgebenden in der Schweiz sehen damit wesentlich optimistischer in die Zukunft als ihre europ\u00e4ischen Pendants; kein anderes Land in der Region Europe, Middle East und Africa (Nettobesch\u00e4ftigungsausblick 18%) weist bessere Besch\u00e4ftigungsaussichten aus. In den Nachbarl\u00e4nder Frankreich (24%), Deutschland (23%) und \u00d6sterreich (20%) liegen die Besch\u00e4ftigungsaussichten ebenfalls \u00fcber dem EMEA-Durchschnitt. Italien liegt mit 16% unter dem \u00fcberregionalen Durchschnitt.<\/p>\n<h3><strong>Schweizer Besch\u00e4ftigungstrends: Regionale Unterschiede<\/strong><\/h3>\n<p>Die positiven wirtschaftlichen Rahmenbedingungen wirken sich in sechs von sieben Schweizer Regionen auf unterschiedlichen Niveaus positiv aus. Wie die erw\u00e4hnte Befragung zu den Besch\u00e4ftigungstrends, die in mehr als 570 Unternehmen durchgef\u00fchrt worden ist, zeigt, liegen die Netto-Einstellungsabsichten in Z\u00fcrich, der Nordwestschweiz, der Ostschweiz und in der Genfersee-Region \u00fcber dem Schweizer Durchschnitt. Verantwortlich hierf\u00fcr d\u00fcrfte der Bedarf an Arbeitnehmenden im Finanz-, Versicherungs- und Immobiliensektor sein.<\/p>\n<p>Die Zentralschweiz und der Espace Mittelland fallen dagegen ab, verzeichnen aber nach wie vor Besch\u00e4ftigungsabsichten auf hohem Niveau. Im Tessin jedoch gehen die Unternehmen wie bereits im Q2 2024 (-14%) davon aus, dass die Einstellungsaktivit\u00e4ten aufgrund der Verlangsamung im sekund\u00e4ren Sektor abnehmen.\u00a0<\/p>\n<h3><strong>Energie- und Versorgungsbranche sucht dringend Personal<\/strong><\/h3>\n<p>In allen untersuchten Branchen wird f\u00fcr Q3 2024 ein positiver Netto-Besch\u00e4ftigungsausblick prognostiziert. Von Q2 zu Q3 2024 profitieren Arbeitnehmende in den Branchen Energie und Versorgung (+39 Prozentpunkte), Kommunikationsdienste (+26 Prozentpunkte) sowie Informationstechnologie (+14 Prozentpunkte) von den Einstellungsabsichten der Arbeitgeber. In den anderen Branchen ist der Netto-Besch\u00e4ftigungsausblick trotz positiven Werten im Vergleich zu Q2 2024 r\u00fcckl\u00e4ufig.<\/p>\n<p>\u00abDie Energie- und Versorgungsunternehmen d\u00fcrften von einem positiven Abstimmungsresultat zum Bundesgesetz \u00fcber eine sichere Stromversorgung aus erneuerbaren Energien ausgehen und ben\u00f6tigen entsprechend Fachkr\u00e4fte. Mit Blick auf die signifikanten Ver\u00e4nderungen vom Schweizer Bankensektor scheint der Nettobesch\u00e4ftigungsausblick von 42% im Bereich Finanzwesen &amp; Immobilien \u00fcberraschend. Die Digitale Transformation und die Weiterentwicklung der Gesch\u00e4ftsmodelle bei den Finanzdienstleistern bedingen jedoch neue Kompetenzen und Fachkr\u00e4fte. In der Immobilienbranche sind die Marktaussichten sehr gut, so dass eingestellt werden kann\u00bb, sagt Eric Jeannerod, Country Manager ManpowerGroup Schweiz.<\/p>\n<p>In Bezug auf die Unternehmensgr\u00f6ssen planen alle Unternehmen Einstellungen. Den h\u00f6chsten Netto-Besch\u00e4ftigungsausblick verzeichnen Unternehmen mit 250-999 Mitarbeitenden (47%) gefolgt von Unternehmen mit 50-249 Mitarbeitenden (45%) und mit weniger als 10 Mitarbeitenden (39%). Auff\u00e4llig verschlechtert haben sich die Besch\u00e4ftigungsaussichten bei Unternehmen mit 1000-4999 Mitarbeitenden. Lag der Ausblick im Q2 2024 noch bei 33%, liegt er im Q3 2024 nur noch bei 8%. Die Ursache d\u00fcrfte in der Globalisierung liegen. Je st\u00e4rker ein Unternehmen auf den globalen M\u00e4rkten vertreten ist, umso mehr ist es von den aktuellen geopolitischen Unsicherheiten betroffen.\u00a0<\/p>\n<h3><strong>K\u00fcnstliche Intelligenz bereitet Mitarbeitenden wenig Sorgen<\/strong><\/h3>\n<p>\u00abGeht es um den Fachkr\u00e4ftemangel, darf man K\u00fcnstliche Intelligenz als \u2018zus\u00e4tzliche Arbeitskraft\u2019 nicht ausser Acht lassen. 57% der befragten Unternehmen gab an, dass sie bei Technologien wie K\u00fcnstliche Intelligenz oder Tools wie ChatGPT, Machine Learning sowie Virtual Reality zu den Early bzw. Current Adopters geh\u00f6ren. Diese hohe Integration von K\u00fcnstlicher Intelligenz zeugt davon, dass die Schweizer Unternehmen sich die Vorteile von K\u00fcnstlicher Intelligenz zunutze machen wollen\u00bb, sagt Eric Jeannerod.<\/p>\n<p>Bedenken, dass K\u00fcnstliche Intelligenz Arbeitspl\u00e4tze gef\u00e4hrden k\u00f6nnte, scheinen die Befragten nur bei einer Minderheit von Arbeitnehmenden zu sehen. F\u00fchrungs- und Fachkr\u00e4fte stehen der Technologie mehrheitlich positiv gegen\u00fcber. Eher Sorgen machen sich Mitarbeitende in Produktionsbetrieben oder solche, die in direktem Kontakt mit der \u00d6ffentlichkeit stehen. \u00abDie Bedeutung von Berufen, bei denen der menschliche Kontakt sowie manuelle T\u00e4tigkeiten unabdingbar sind \u2013 wie zum Beispiel in der Gastronomie oder bei Pflegeberufen \u2013 wird aus meiner Sicht zunehmen. K\u00fcnstliche Intelligenz und Automatisierung werden hier eine Entlastung mit sich bringen\u00bb, betont Eric Jeannerod.<\/p>\n<p>Diese positive Einstellung widerspiegelt sich in den Herausforderungen, die Unternehmen bei der Einf\u00fchrung von K\u00fcnstlicher Intelligenz sehen. Nur rund ein Viertel (24%) der Befragten bef\u00fcrchtet, dass Mitarbeitende sich gegen den Wandel str\u00e4uben. Bei den F\u00fchrungskr\u00e4ften sieht rund ein F\u00fcnftel (21%) eine entsprechende Gefahr. Als gewichtiger betrachtet werden die Herausforderungen hinsichtlich Datenschutz und Vorschriften (36%), der Mangel an geeigneten Tools und Plattformen (29%) oder hohe Investitionen (28%) sowie die Komplexit\u00e4t bei der Einf\u00fchrung von K\u00fcnstlicher Intelligenz.<\/p>\n<p><em>Quelle: <a href=\"http:\/\/www.manpowergroup.com\">ManpowerGroup<\/a><\/em><\/p>\n","protected":false},"excerpt":{"rendered":"<p>Die Schweizer Arbeitgebenden blicken zuversichtlich auf das dritte Quartal 2024; kein anderes Land in Europa weist einen so hohen Nettobesch\u00e4ftigungsausblick aus. Besonders dringend sind Fachkr\u00e4fte gesucht in der Energie- und Versorgungsbranche wie auch bei Kommunikationsdiensten. <\/p>\n","protected":false},"author":4,"featured_media":0,"comment_status":"closed","ping_status":"closed","sticky":false,"template":"","format":"standard","meta":{"_acf_changed":false,"_yoast_wpseo_focuskw":"Besch\u00e4ftigungstrends","_yoast_wpseo_metadesc":"Die Schweizer Arbeitgebenden sind zuversichtlich f\u00fcr das dritte Quartal 2024; kein anderes Land in Europa zeigt so gute Besch\u00e4ftigungstrends.","articlekey":"","footnotes":""},"categories":[579],"tags":[4249,194,254,459],"class_list":["post-27552","post","type-post","status-publish","format-standard","hentry","category-human-resources","tag-beschaeftigungstrends","tag-fachkraeftemangel","tag-hrm","tag-studie"],"acf":[],"yoast_head":"<!-- This site is optimized with the Yoast SEO plugin v27.5 - https:\/\/yoast.com\/product\/yoast-seo-wordpress\/ -->\n<title>Besch\u00e4ftigungstrends: Die Schweiz boomt im Vergleich zu Europa - Organisator<\/title>\n<meta name=\"description\" content=\"Die Schweizer Arbeitgebenden sind zuversichtlich f\u00fcr das dritte Quartal 2024; kein anderes Land in Europa zeigt so gute Besch\u00e4ftigungstrends.\" \/>\n<meta name=\"robots\" content=\"index, follow, max-snippet:-1, max-image-preview:large, max-video-preview:-1\" \/>\n<link rel=\"canonical\" href=\"https:\/\/www.organisator.ch\/de\/human-resources\/2024-06-11\/beschaeftigungstrends-die-schweiz-boomt-im-vergleich-zu-europa\/\" \/>\n<meta property=\"og:locale\" content=\"de_DE\" \/>\n<meta property=\"og:type\" content=\"article\" \/>\n<meta property=\"og:title\" content=\"Besch\u00e4ftigungstrends: Die Schweiz boomt im Vergleich zu Europa\" \/>\n<meta property=\"og:description\" content=\"Die Schweizer Arbeitgebenden sind zuversichtlich f\u00fcr das dritte Quartal 2024; kein anderes Land in Europa zeigt so gute Besch\u00e4ftigungstrends.\" \/>\n<meta property=\"og:url\" content=\"https:\/\/www.organisator.ch\/de\/human-resources\/2024-06-11\/beschaeftigungstrends-die-schweiz-boomt-im-vergleich-zu-europa\/\" \/>\n<meta property=\"og:site_name\" content=\"Organisator\" \/>\n<meta property=\"article:publisher\" content=\"https:\/\/www.facebook.com\/OrganisatorFachmagazin\" \/>\n<meta property=\"article:published_time\" content=\"2024-06-11T07:32:51+00:00\" \/>\n<meta property=\"og:image\" content=\"https:\/\/www.organisator.ch\/wp-content\/uploads\/2024\/06\/Beschaeftigungsaussichten-Die-Schweiz-boomt-im-Vergleich-zu-Europa_Organisator.jpg\" \/>\n\t<meta property=\"og:image:width\" content=\"680\" \/>\n\t<meta property=\"og:image:height\" content=\"396\" \/>\n\t<meta property=\"og:image:type\" content=\"image\/jpeg\" \/>\n<meta name=\"author\" content=\"thomas.berner\" \/>\n<meta name=\"twitter:card\" content=\"summary_large_image\" \/>\n<meta name=\"twitter:title\" content=\"#Besch\u00e4ftigungstrends: Die Schweiz boomt im Vergleich zu Europa\" \/>\n<meta name=\"twitter:description\" content=\"Die Schweizer Arbeitgebenden sind zuversichtlich f\u00fcr das dritte Quartal 2024; kein anderes Land in Europa zeigt so gute #Besch\u00e4ftigungstrends.\" \/>\n<meta name=\"twitter:image\" content=\"https:\/\/www.organisator.ch\/wp-content\/uploads\/2024\/06\/Beschaeftigungsaussichten-Die-Schweiz-boomt-im-Vergleich-zu-Europa_Organisator.jpg\" \/>\n<script type=\"application\/ld+json\" class=\"yoast-schema-graph\">{\"@context\":\"https:\\\/\\\/schema.org\",\"@graph\":[{\"@type\":\"Article\",\"@id\":\"https:\\\/\\\/www.organisator.ch\\\/human-resources\\\/2024-06-11\\\/beschaeftigungstrends-die-schweiz-boomt-im-vergleich-zu-europa\\\/#article\",\"isPartOf\":{\"@id\":\"https:\\\/\\\/www.organisator.ch\\\/human-resources\\\/2024-06-11\\\/beschaeftigungstrends-die-schweiz-boomt-im-vergleich-zu-europa\\\/\"},\"author\":{\"name\":\"thomas.berner\",\"@id\":\"https:\\\/\\\/www.organisator.ch\\\/#\\\/schema\\\/person\\\/6f650f90b2842cd4c0cc334b4e36f67e\"},\"headline\":\"Besch\u00e4ftigungstrends: Die Schweiz boomt im Vergleich zu Europa\",\"datePublished\":\"2024-06-11T07:32:51+00:00\",\"mainEntityOfPage\":{\"@id\":\"https:\\\/\\\/www.organisator.ch\\\/human-resources\\\/2024-06-11\\\/beschaeftigungstrends-die-schweiz-boomt-im-vergleich-zu-europa\\\/\"},\"wordCount\":781,\"publisher\":{\"@id\":\"https:\\\/\\\/www.organisator.ch\\\/#organization\"},\"image\":{\"@id\":\"https:\\\/\\\/www.organisator.ch\\\/human-resources\\\/2024-06-11\\\/beschaeftigungstrends-die-schweiz-boomt-im-vergleich-zu-europa\\\/#primaryimage\"},\"thumbnailUrl\":\"https:\\\/\\\/www.organisator.ch\\\/wp-content\\\/uploads\\\/2024\\\/06\\\/Beschaeftigungsaussichten-Die-Schweiz-boomt-im-Vergleich-zu-Europa_Organisator.jpg\",\"keywords\":[\"Besch\u00e4ftigungstrends\",\"Fachkr\u00e4ftemangel\",\"HRM\",\"Studie\"],\"articleSection\":[\"HUMAN RESOURCES\"],\"inLanguage\":\"de\"},{\"@type\":\"WebPage\",\"@id\":\"https:\\\/\\\/www.organisator.ch\\\/human-resources\\\/2024-06-11\\\/beschaeftigungstrends-die-schweiz-boomt-im-vergleich-zu-europa\\\/\",\"url\":\"https:\\\/\\\/www.organisator.ch\\\/human-resources\\\/2024-06-11\\\/beschaeftigungstrends-die-schweiz-boomt-im-vergleich-zu-europa\\\/\",\"name\":\"Besch\u00e4ftigungstrends: Die Schweiz boomt im Vergleich zu Europa - Organisator\",\"isPartOf\":{\"@id\":\"https:\\\/\\\/www.organisator.ch\\\/#website\"},\"primaryImageOfPage\":{\"@id\":\"https:\\\/\\\/www.organisator.ch\\\/human-resources\\\/2024-06-11\\\/beschaeftigungstrends-die-schweiz-boomt-im-vergleich-zu-europa\\\/#primaryimage\"},\"image\":{\"@id\":\"https:\\\/\\\/www.organisator.ch\\\/human-resources\\\/2024-06-11\\\/beschaeftigungstrends-die-schweiz-boomt-im-vergleich-zu-europa\\\/#primaryimage\"},\"thumbnailUrl\":\"https:\\\/\\\/www.organisator.ch\\\/wp-content\\\/uploads\\\/2024\\\/06\\\/Beschaeftigungsaussichten-Die-Schweiz-boomt-im-Vergleich-zu-Europa_Organisator.jpg\",\"datePublished\":\"2024-06-11T07:32:51+00:00\",\"description\":\"Die Schweizer Arbeitgebenden sind zuversichtlich f\u00fcr das dritte Quartal 2024; kein anderes Land in Europa zeigt so gute Besch\u00e4ftigungstrends.\",\"breadcrumb\":{\"@id\":\"https:\\\/\\\/www.organisator.ch\\\/human-resources\\\/2024-06-11\\\/beschaeftigungstrends-die-schweiz-boomt-im-vergleich-zu-europa\\\/#breadcrumb\"},\"inLanguage\":\"de\",\"potentialAction\":[{\"@type\":\"ReadAction\",\"target\":[\"https:\\\/\\\/www.organisator.ch\\\/human-resources\\\/2024-06-11\\\/beschaeftigungstrends-die-schweiz-boomt-im-vergleich-zu-europa\\\/\"]}]},{\"@type\":\"ImageObject\",\"inLanguage\":\"de\",\"@id\":\"https:\\\/\\\/www.organisator.ch\\\/human-resources\\\/2024-06-11\\\/beschaeftigungstrends-die-schweiz-boomt-im-vergleich-zu-europa\\\/#primaryimage\",\"url\":\"https:\\\/\\\/www.organisator.ch\\\/wp-content\\\/uploads\\\/2024\\\/06\\\/Beschaeftigungsaussichten-Die-Schweiz-boomt-im-Vergleich-zu-Europa_Organisator.jpg\",\"contentUrl\":\"https:\\\/\\\/www.organisator.ch\\\/wp-content\\\/uploads\\\/2024\\\/06\\\/Beschaeftigungsaussichten-Die-Schweiz-boomt-im-Vergleich-zu-Europa_Organisator.jpg\"},{\"@type\":\"BreadcrumbList\",\"@id\":\"https:\\\/\\\/www.organisator.ch\\\/human-resources\\\/2024-06-11\\\/beschaeftigungstrends-die-schweiz-boomt-im-vergleich-zu-europa\\\/#breadcrumb\",\"itemListElement\":[{\"@type\":\"ListItem\",\"position\":1,\"name\":\"Home\",\"item\":\"https:\\\/\\\/www.organisator.ch\\\/\"},{\"@type\":\"ListItem\",\"position\":2,\"name\":\"Besch\u00e4ftigungstrends: Die Schweiz boomt im Vergleich zu Europa\"}]},{\"@type\":\"WebSite\",\"@id\":\"https:\\\/\\\/www.organisator.ch\\\/#website\",\"url\":\"https:\\\/\\\/www.organisator.ch\\\/\",\"name\":\"Organisator\",\"description\":\"Kompetent. Praxisnah. Der ORGANISATOR bereitet in 10 Ausgaben pro Jahr die wesentlichen Themen f\u00fcr F\u00fchrungskr\u00e4fte von KMU auf.\",\"publisher\":{\"@id\":\"https:\\\/\\\/www.organisator.ch\\\/#organization\"},\"potentialAction\":[{\"@type\":\"SearchAction\",\"target\":{\"@type\":\"EntryPoint\",\"urlTemplate\":\"https:\\\/\\\/www.organisator.ch\\\/?s={search_term_string}\"},\"query-input\":{\"@type\":\"PropertyValueSpecification\",\"valueRequired\":true,\"valueName\":\"search_term_string\"}}],\"inLanguage\":\"de\"},{\"@type\":\"Organization\",\"@id\":\"https:\\\/\\\/www.organisator.ch\\\/#organization\",\"name\":\"Organisator\",\"url\":\"https:\\\/\\\/www.organisator.ch\\\/\",\"logo\":{\"@type\":\"ImageObject\",\"inLanguage\":\"de\",\"@id\":\"https:\\\/\\\/www.organisator.ch\\\/#\\\/schema\\\/logo\\\/image\\\/\",\"url\":\"https:\\\/\\\/www.organisator.ch\\\/wp-content\\\/uploads\\\/2022\\\/01\\\/Logo_Organisator_Website.png\",\"contentUrl\":\"https:\\\/\\\/www.organisator.ch\\\/wp-content\\\/uploads\\\/2022\\\/01\\\/Logo_Organisator_Website.png\",\"width\":800,\"height\":77,\"caption\":\"Organisator\"},\"image\":{\"@id\":\"https:\\\/\\\/www.organisator.ch\\\/#\\\/schema\\\/logo\\\/image\\\/\"},\"sameAs\":[\"https:\\\/\\\/www.facebook.com\\\/OrganisatorFachmagazin\",\"https:\\\/\\\/www.linkedin.com\\\/showcase\\\/organisator-das-magazin-fr-kmu\",\"https:\\\/\\\/www.xing.com\\\/news\\\/pages\\\/organisator-ch-695\",\"https:\\\/\\\/www.youtube.com\\\/channel\\\/UCGP2Sq0iWaZwT3BdIAQFYpw\"]},{\"@type\":\"Person\",\"@id\":\"https:\\\/\\\/www.organisator.ch\\\/#\\\/schema\\\/person\\\/6f650f90b2842cd4c0cc334b4e36f67e\",\"name\":\"thomas.berner\",\"image\":{\"@type\":\"ImageObject\",\"inLanguage\":\"de\",\"@id\":\"https:\\\/\\\/secure.gravatar.com\\\/avatar\\\/ac5001d2a36cb6c6cd3e50789007ffca834b477b74a2144564522e944eabff61?s=96&d=mm&r=g\",\"url\":\"https:\\\/\\\/secure.gravatar.com\\\/avatar\\\/ac5001d2a36cb6c6cd3e50789007ffca834b477b74a2144564522e944eabff61?s=96&d=mm&r=g\",\"contentUrl\":\"https:\\\/\\\/secure.gravatar.com\\\/avatar\\\/ac5001d2a36cb6c6cd3e50789007ffca834b477b74a2144564522e944eabff61?s=96&d=mm&r=g\",\"caption\":\"thomas.berner\"},\"url\":\"https:\\\/\\\/www.organisator.ch\\\/de\\\/author\\\/thomas-berner\\\/\"}]}<\/script>\n<!-- \/ Yoast SEO plugin. -->","yoast_head_json":{"title":"Besch\u00e4ftigungstrends: Die Schweiz boomt im Vergleich zu Europa - Organisator","description":"Die Schweizer Arbeitgebenden sind zuversichtlich f\u00fcr das dritte Quartal 2024; kein anderes Land in Europa zeigt so gute Besch\u00e4ftigungstrends.","robots":{"index":"index","follow":"follow","max-snippet":"max-snippet:-1","max-image-preview":"max-image-preview:large","max-video-preview":"max-video-preview:-1"},"canonical":"https:\/\/www.organisator.ch\/de\/human-resources\/2024-06-11\/beschaeftigungstrends-die-schweiz-boomt-im-vergleich-zu-europa\/","og_locale":"de_DE","og_type":"article","og_title":"Besch\u00e4ftigungstrends: Die Schweiz boomt im Vergleich zu Europa","og_description":"Die Schweizer Arbeitgebenden sind zuversichtlich f\u00fcr das dritte Quartal 2024; kein anderes Land in Europa zeigt so gute Besch\u00e4ftigungstrends.","og_url":"https:\/\/www.organisator.ch\/de\/human-resources\/2024-06-11\/beschaeftigungstrends-die-schweiz-boomt-im-vergleich-zu-europa\/","og_site_name":"Organisator","article_publisher":"https:\/\/www.facebook.com\/OrganisatorFachmagazin","article_published_time":"2024-06-11T07:32:51+00:00","og_image":[{"width":680,"height":396,"url":"https:\/\/www.organisator.ch\/wp-content\/uploads\/2024\/06\/Beschaeftigungsaussichten-Die-Schweiz-boomt-im-Vergleich-zu-Europa_Organisator.jpg","type":"image\/jpeg"}],"author":"thomas.berner","twitter_card":"summary_large_image","twitter_title":"#Besch\u00e4ftigungstrends: Die Schweiz boomt im Vergleich zu Europa","twitter_description":"Die Schweizer Arbeitgebenden sind zuversichtlich f\u00fcr das dritte Quartal 2024; kein anderes Land in Europa zeigt so gute #Besch\u00e4ftigungstrends.","twitter_image":"https:\/\/www.organisator.ch\/wp-content\/uploads\/2024\/06\/Beschaeftigungsaussichten-Die-Schweiz-boomt-im-Vergleich-zu-Europa_Organisator.jpg","schema":{"@context":"https:\/\/schema.org","@graph":[{"@type":"Article","@id":"https:\/\/www.organisator.ch\/human-resources\/2024-06-11\/beschaeftigungstrends-die-schweiz-boomt-im-vergleich-zu-europa\/#article","isPartOf":{"@id":"https:\/\/www.organisator.ch\/human-resources\/2024-06-11\/beschaeftigungstrends-die-schweiz-boomt-im-vergleich-zu-europa\/"},"author":{"name":"thomas.berner","@id":"https:\/\/www.organisator.ch\/#\/schema\/person\/6f650f90b2842cd4c0cc334b4e36f67e"},"headline":"Besch\u00e4ftigungstrends: Die Schweiz boomt im Vergleich zu Europa","datePublished":"2024-06-11T07:32:51+00:00","mainEntityOfPage":{"@id":"https:\/\/www.organisator.ch\/human-resources\/2024-06-11\/beschaeftigungstrends-die-schweiz-boomt-im-vergleich-zu-europa\/"},"wordCount":781,"publisher":{"@id":"https:\/\/www.organisator.ch\/#organization"},"image":{"@id":"https:\/\/www.organisator.ch\/human-resources\/2024-06-11\/beschaeftigungstrends-die-schweiz-boomt-im-vergleich-zu-europa\/#primaryimage"},"thumbnailUrl":"https:\/\/www.organisator.ch\/wp-content\/uploads\/2024\/06\/Beschaeftigungsaussichten-Die-Schweiz-boomt-im-Vergleich-zu-Europa_Organisator.jpg","keywords":["Besch\u00e4ftigungstrends","Fachkr\u00e4ftemangel","HRM","Studie"],"articleSection":["HUMAN RESOURCES"],"inLanguage":"de"},{"@type":"WebPage","@id":"https:\/\/www.organisator.ch\/human-resources\/2024-06-11\/beschaeftigungstrends-die-schweiz-boomt-im-vergleich-zu-europa\/","url":"https:\/\/www.organisator.ch\/human-resources\/2024-06-11\/beschaeftigungstrends-die-schweiz-boomt-im-vergleich-zu-europa\/","name":"Besch\u00e4ftigungstrends: Die Schweiz boomt im Vergleich zu Europa - Organisator","isPartOf":{"@id":"https:\/\/www.organisator.ch\/#website"},"primaryImageOfPage":{"@id":"https:\/\/www.organisator.ch\/human-resources\/2024-06-11\/beschaeftigungstrends-die-schweiz-boomt-im-vergleich-zu-europa\/#primaryimage"},"image":{"@id":"https:\/\/www.organisator.ch\/human-resources\/2024-06-11\/beschaeftigungstrends-die-schweiz-boomt-im-vergleich-zu-europa\/#primaryimage"},"thumbnailUrl":"https:\/\/www.organisator.ch\/wp-content\/uploads\/2024\/06\/Beschaeftigungsaussichten-Die-Schweiz-boomt-im-Vergleich-zu-Europa_Organisator.jpg","datePublished":"2024-06-11T07:32:51+00:00","description":"Die Schweizer Arbeitgebenden sind zuversichtlich f\u00fcr das dritte Quartal 2024; kein anderes Land in Europa zeigt so gute Besch\u00e4ftigungstrends.","breadcrumb":{"@id":"https:\/\/www.organisator.ch\/human-resources\/2024-06-11\/beschaeftigungstrends-die-schweiz-boomt-im-vergleich-zu-europa\/#breadcrumb"},"inLanguage":"de","potentialAction":[{"@type":"ReadAction","target":["https:\/\/www.organisator.ch\/human-resources\/2024-06-11\/beschaeftigungstrends-die-schweiz-boomt-im-vergleich-zu-europa\/"]}]},{"@type":"ImageObject","inLanguage":"de","@id":"https:\/\/www.organisator.ch\/human-resources\/2024-06-11\/beschaeftigungstrends-die-schweiz-boomt-im-vergleich-zu-europa\/#primaryimage","url":"https:\/\/www.organisator.ch\/wp-content\/uploads\/2024\/06\/Beschaeftigungsaussichten-Die-Schweiz-boomt-im-Vergleich-zu-Europa_Organisator.jpg","contentUrl":"https:\/\/www.organisator.ch\/wp-content\/uploads\/2024\/06\/Beschaeftigungsaussichten-Die-Schweiz-boomt-im-Vergleich-zu-Europa_Organisator.jpg"},{"@type":"BreadcrumbList","@id":"https:\/\/www.organisator.ch\/human-resources\/2024-06-11\/beschaeftigungstrends-die-schweiz-boomt-im-vergleich-zu-europa\/#breadcrumb","itemListElement":[{"@type":"ListItem","position":1,"name":"Home","item":"https:\/\/www.organisator.ch\/"},{"@type":"ListItem","position":2,"name":"Besch\u00e4ftigungstrends: Die Schweiz boomt im Vergleich zu Europa"}]},{"@type":"WebSite","@id":"https:\/\/www.organisator.ch\/#website","url":"https:\/\/www.organisator.ch\/","name":"Organisator","description":"Kompetent. Praxisnah. Der ORGANISATOR bereitet in 10 Ausgaben pro Jahr die wesentlichen Themen f\u00fcr F\u00fchrungskr\u00e4fte von KMU auf.","publisher":{"@id":"https:\/\/www.organisator.ch\/#organization"},"potentialAction":[{"@type":"SearchAction","target":{"@type":"EntryPoint","urlTemplate":"https:\/\/www.organisator.ch\/?s={search_term_string}"},"query-input":{"@type":"PropertyValueSpecification","valueRequired":true,"valueName":"search_term_string"}}],"inLanguage":"de"},{"@type":"Organization","@id":"https:\/\/www.organisator.ch\/#organization","name":"Organisator","url":"https:\/\/www.organisator.ch\/","logo":{"@type":"ImageObject","inLanguage":"de","@id":"https:\/\/www.organisator.ch\/#\/schema\/logo\/image\/","url":"https:\/\/www.organisator.ch\/wp-content\/uploads\/2022\/01\/Logo_Organisator_Website.png","contentUrl":"https:\/\/www.organisator.ch\/wp-content\/uploads\/2022\/01\/Logo_Organisator_Website.png","width":800,"height":77,"caption":"Organisator"},"image":{"@id":"https:\/\/www.organisator.ch\/#\/schema\/logo\/image\/"},"sameAs":["https:\/\/www.facebook.com\/OrganisatorFachmagazin","https:\/\/www.linkedin.com\/showcase\/organisator-das-magazin-fr-kmu","https:\/\/www.xing.com\/news\/pages\/organisator-ch-695","https:\/\/www.youtube.com\/channel\/UCGP2Sq0iWaZwT3BdIAQFYpw"]},{"@type":"Person","@id":"https:\/\/www.organisator.ch\/#\/schema\/person\/6f650f90b2842cd4c0cc334b4e36f67e","name":"thomas.berner","image":{"@type":"ImageObject","inLanguage":"de","@id":"https:\/\/secure.gravatar.com\/avatar\/ac5001d2a36cb6c6cd3e50789007ffca834b477b74a2144564522e944eabff61?s=96&d=mm&r=g","url":"https:\/\/secure.gravatar.com\/avatar\/ac5001d2a36cb6c6cd3e50789007ffca834b477b74a2144564522e944eabff61?s=96&d=mm&r=g","contentUrl":"https:\/\/secure.gravatar.com\/avatar\/ac5001d2a36cb6c6cd3e50789007ffca834b477b74a2144564522e944eabff61?s=96&d=mm&r=g","caption":"thomas.berner"},"url":"https:\/\/www.organisator.ch\/de\/author\/thomas-berner\/"}]}},"_links":{"self":[{"href":"https:\/\/www.organisator.ch\/de\/wp-json\/wp\/v2\/posts\/27552","targetHints":{"allow":["GET"]}}],"collection":[{"href":"https:\/\/www.organisator.ch\/de\/wp-json\/wp\/v2\/posts"}],"about":[{"href":"https:\/\/www.organisator.ch\/de\/wp-json\/wp\/v2\/types\/post"}],"author":[{"embeddable":true,"href":"https:\/\/www.organisator.ch\/de\/wp-json\/wp\/v2\/users\/4"}],"replies":[{"embeddable":true,"href":"https:\/\/www.organisator.ch\/de\/wp-json\/wp\/v2\/comments?post=27552"}],"version-history":[{"count":3,"href":"https:\/\/www.organisator.ch\/de\/wp-json\/wp\/v2\/posts\/27552\/revisions"}],"predecessor-version":[{"id":27572,"href":"https:\/\/www.organisator.ch\/de\/wp-json\/wp\/v2\/posts\/27552\/revisions\/27572"}],"wp:attachment":[{"href":"https:\/\/www.organisator.ch\/de\/wp-json\/wp\/v2\/media?parent=27552"}],"wp:term":[{"taxonomy":"category","embeddable":true,"href":"https:\/\/www.organisator.ch\/de\/wp-json\/wp\/v2\/categories?post=27552"},{"taxonomy":"post_tag","embeddable":true,"href":"https:\/\/www.organisator.ch\/de\/wp-json\/wp\/v2\/tags?post=27552"}],"curies":[{"name":"wp","href":"https:\/\/api.w.org\/{rel}","templated":true}]}}