{"id":27585,"date":"2024-06-12T08:43:41","date_gmt":"2024-06-12T06:43:41","guid":{"rendered":"https:\/\/www.organisator.ch\/?p=27585"},"modified":"2024-06-12T08:43:41","modified_gmt":"2024-06-12T06:43:41","slug":"findependent-startet-am-1-juli-crowdinvestment","status":"publish","type":"post","link":"https:\/\/www.organisator.ch\/de\/management\/2024-06-12\/findependent-startet-am-1-juli-crowdinvestment\/","title":{"rendered":"findependent startet am 1. Juli Crowdinvestment"},"content":{"rendered":"<figure id=\"attachment_27587\" aria-describedby=\"caption-attachment-27587\" style=\"width: 680px\" class=\"wp-caption alignnone\"><img loading=\"lazy\" decoding=\"async\" class=\"size-full wp-image-27587\" src=\"https:\/\/www.organisator.ch\/wp-content\/uploads\/2024\/06\/findependent-startet-am-1.-Juli-Crowdinvestment_Organisator.png\" alt=\"\" width=\"680\" height=\"453\" srcset=\"https:\/\/www.organisator.ch\/wp-content\/uploads\/2024\/06\/findependent-startet-am-1.-Juli-Crowdinvestment_Organisator.png 680w, https:\/\/www.organisator.ch\/wp-content\/uploads\/2024\/06\/findependent-startet-am-1.-Juli-Crowdinvestment_Organisator-18x12.png 18w, https:\/\/www.organisator.ch\/wp-content\/uploads\/2024\/06\/findependent-startet-am-1.-Juli-Crowdinvestment_Organisator-375x250.png 375w, https:\/\/www.organisator.ch\/wp-content\/uploads\/2024\/06\/findependent-startet-am-1.-Juli-Crowdinvestment_Organisator-525x350.png 525w\" sizes=\"auto, (max-width: 680px) 100vw, 680px\" \/><figcaption id=\"caption-attachment-27587\" class=\"wp-caption-text\">Das Team des FinTech-Startups findependent. (Bild: zVg \/ findependent)<\/figcaption><\/figure>\n<p>Das Wachstum von findependent (u.a. bekannt aus der <a href=\"https:\/\/www.organisator.ch\/de\/allgemein\/2021-11-24\/der-duft-des-geldes-in-der-hoehle-der-loewen-schweiz-folge-3-5\/\">TV-Sendung &#8222;Die H\u00f6hle der L\u00f6wen Schweiz&#8220;<\/a>) hat sich im letzten halben Jahr akzentuiert und liess nicht nur die Kundenzahl auf \u00fcber 12\u2019000 wachsen, sondern auch das verwaltete Verm\u00f6gen auf \u00fcber 110 Mio CHF ansteigen. Findependent gelang es demnach nach eigenen Angaben, dieses Wachstum mit dem bestehenden Team zu stemmen. Das Startup ist mit sieben Mitarbeitenden nach wie vor sehr schlank aufgestellt.<\/p>\n<p>Die bestehenden Investoren zeigen sich von der Entwicklung \u00fcberzeugt. Sie stellten daher in den vergangenen Monaten eine zus\u00e4tzliche Wachstumsfinanzierung von insgesamt 1.5 Mio CHF zur Verf\u00fcgung. Somit hat findependent seit der Gr\u00fcndung durch Matthias Bryner und Kay Foerschle 3.5 Mio. CHF erhalten und ist \u00fcber alle Finanzierungsrunden hinweg unabh\u00e4ngig von einer Bank oder anderen Unternehmen geblieben. \u201cDas Team um Matthias \u00fcberzeugt mich nach wie vor. Mit Leidenschaft und Herzblut arbeiten sie daran, die Vorteile der Geldanlage allen zug\u00e4nglich zu machen.\u201d erl\u00e4utert Roland Brack sein Engagement. Er ist seit 2021 Investor von findependent.<\/p>\n<p>Nun gibt es mittels Crowdinvesting erstmals f\u00fcr alle die M\u00f6glichkeit, nicht nur <em>mit<\/em> findependent sondern auch <em>in <\/em>findependent als Unternehmen zu investieren. \u201cWir m\u00f6chten unsere Kundinnen und Kunden\u00a0 noch enger auf unserer Reise mit dabei haben und erf\u00fcllen gleichzeitig einen vielfach ge\u00e4usserten Wunsch\u201d, erkl\u00e4rt Matthias Bryner, CEO und Gr\u00fcnder von findependent, den Entscheid. Ab dem 1. Juli 2024 wird es zuerst w\u00e4hrend 3 Tagen eine exklusive Zeichnungsfrist f\u00fcr bestehende Kund\/-innen geben. Anschliessend kann zwischen dem 4. und 14. Juli die breite \u00d6ffentlichkeit ebenfalls in findependent investieren. Mind. 2 Mio. CHF sollen aufgenommen werden. \u201cUm unser Produkt auszubauen, die App weiterzuentwickeln und uns f\u00fcr das zuk\u00fcnftige Wachstum passend aufzustellen\u201d, erl\u00e4utert Bryner die Mittelverwendung.<\/p>\n<p>Um im Kontext des k\u00fcnftigen Wachstums auch im Verwaltungsrat noch breiter abgest\u00fctzt zu sein, wurde\u00a0 Matthias Moser neu ins Aufsichtsorgan gew\u00e4hlt. Moser bringt breite und langj\u00e4hrige Erfahrung im Bankgesch\u00e4ft mit, insbesondere im Risikomanagement. Er ist 61-j\u00e4hrig und lebt in Frick.<\/p>\n<p><em>Quelle und weitere Informationen:\u00a0<a href=\"https:\/\/findependent.ch\/\">findependent<\/a><\/em><\/p>\n","protected":false},"excerpt":{"rendered":"<p>Das Fintech-Startup findependent hat weitere 1.5 Mio CHF von bestehenden Investoren erhalten und gibt nun erstmals der \u00d6ffentlichkeit die M\u00f6glichkeit, sich direkt am schnell wachsenden Unternehmen zu beteiligen. Mittels Crowdinvesting sollen mind. 2 Mio. CHF aufgenommen werden. Das Geld wird f\u00fcr Ausbau, Wachstum und Weiterentwicklung verwendet. Zudem wurde der Verwaltungsrat mit dem Banken- und Risikospezialisten Matthias Moser verst\u00e4rkt. <\/p>\n","protected":false},"author":4,"featured_media":27587,"comment_status":"closed","ping_status":"closed","sticky":false,"template":"","format":"standard","meta":{"_acf_changed":false,"_yoast_wpseo_focuskw":"Crowdinvestment","_yoast_wpseo_metadesc":"Die \u00d6ffentlichkeit kann sich ab 1. Juli am aufstrebenden Fintech-Startup findependent beteiligen, und zwar mittels Crowdinvestment.","articlekey":"","footnotes":""},"categories":[28],"tags":[4251,204,1443,335,451],"class_list":["post-27585","post","type-post","status-publish","format-standard","has-post-thumbnail","hentry","category-management","tag-crowdinvestment","tag-fintech","tag-investments","tag-management-und-unternehmensfuehrung","tag-startups"],"acf":[],"yoast_head":"<!-- This site is optimized with the Yoast SEO plugin v27.5 - https:\/\/yoast.com\/product\/yoast-seo-wordpress\/ -->\n<title>findependent startet am 1. Juli Crowdinvestment - Organisator<\/title>\n<meta name=\"description\" content=\"Die \u00d6ffentlichkeit kann sich ab 1. Juli am aufstrebenden Fintech-Startup findependent beteiligen, und zwar mittels Crowdinvestment.\" \/>\n<meta name=\"robots\" content=\"index, follow, max-snippet:-1, max-image-preview:large, max-video-preview:-1\" \/>\n<link rel=\"canonical\" href=\"https:\/\/www.organisator.ch\/de\/management\/2024-06-12\/findependent-startet-am-1-juli-crowdinvestment\/\" \/>\n<meta property=\"og:locale\" content=\"de_DE\" \/>\n<meta property=\"og:type\" content=\"article\" \/>\n<meta property=\"og:title\" content=\"findependent startet am 1. Juli Crowdinvestment\" \/>\n<meta property=\"og:description\" content=\"Die \u00d6ffentlichkeit kann sich ab 1. Juli am aufstrebenden Fintech-Startup findependent beteiligen, und zwar mittels Crowdinvestment.\" \/>\n<meta property=\"og:url\" content=\"https:\/\/www.organisator.ch\/de\/management\/2024-06-12\/findependent-startet-am-1-juli-crowdinvestment\/\" \/>\n<meta property=\"og:site_name\" content=\"Organisator\" \/>\n<meta property=\"article:publisher\" content=\"https:\/\/www.facebook.com\/OrganisatorFachmagazin\" \/>\n<meta property=\"article:published_time\" content=\"2024-06-12T06:43:41+00:00\" \/>\n<meta property=\"og:image\" content=\"https:\/\/www.organisator.ch\/wp-content\/uploads\/2024\/06\/findependent-startet-am-1.-Juli-Crowdinvestment_Organisator.png\" \/>\n\t<meta property=\"og:image:width\" content=\"680\" \/>\n\t<meta property=\"og:image:height\" content=\"453\" \/>\n\t<meta property=\"og:image:type\" content=\"image\/png\" \/>\n<meta name=\"author\" content=\"thomas.berner\" \/>\n<meta name=\"twitter:card\" content=\"summary_large_image\" \/>\n<meta name=\"twitter:title\" content=\"#findependent startet am 1. Juli #Crowdinvestment\" \/>\n<meta name=\"twitter:description\" content=\"Die #\u00d6ffentlichkeit kann sich ab 1. Juli am aufstrebenden Fintech-Startup #findependent beteiligen, und zwar mittels #Crowdinvestment.\" \/>\n<meta name=\"twitter:image\" content=\"https:\/\/www.organisator.ch\/wp-content\/uploads\/2024\/06\/findependent-startet-am-1.-Juli-Crowdinvestment_Organisator.png\" \/>\n<script type=\"application\/ld+json\" class=\"yoast-schema-graph\">{\"@context\":\"https:\\\/\\\/schema.org\",\"@graph\":[{\"@type\":\"Article\",\"@id\":\"https:\\\/\\\/www.organisator.ch\\\/management\\\/2024-06-12\\\/findependent-startet-am-1-juli-crowdinvestment\\\/#article\",\"isPartOf\":{\"@id\":\"https:\\\/\\\/www.organisator.ch\\\/management\\\/2024-06-12\\\/findependent-startet-am-1-juli-crowdinvestment\\\/\"},\"author\":{\"name\":\"thomas.berner\",\"@id\":\"https:\\\/\\\/www.organisator.ch\\\/#\\\/schema\\\/person\\\/6f650f90b2842cd4c0cc334b4e36f67e\"},\"headline\":\"findependent startet am 1. Juli Crowdinvestment\",\"datePublished\":\"2024-06-12T06:43:41+00:00\",\"mainEntityOfPage\":{\"@id\":\"https:\\\/\\\/www.organisator.ch\\\/management\\\/2024-06-12\\\/findependent-startet-am-1-juli-crowdinvestment\\\/\"},\"wordCount\":356,\"publisher\":{\"@id\":\"https:\\\/\\\/www.organisator.ch\\\/#organization\"},\"image\":{\"@id\":\"https:\\\/\\\/www.organisator.ch\\\/management\\\/2024-06-12\\\/findependent-startet-am-1-juli-crowdinvestment\\\/#primaryimage\"},\"thumbnailUrl\":\"https:\\\/\\\/www.organisator.ch\\\/wp-content\\\/uploads\\\/2024\\\/06\\\/findependent-startet-am-1.-Juli-Crowdinvestment_Organisator.png\",\"keywords\":[\"Crowdinvestment\",\"FinTech\",\"Investments\",\"Management und Unternehmensf\u00fchrung\",\"Startups\"],\"articleSection\":[\"MANAGEMENT\"],\"inLanguage\":\"de\"},{\"@type\":\"WebPage\",\"@id\":\"https:\\\/\\\/www.organisator.ch\\\/management\\\/2024-06-12\\\/findependent-startet-am-1-juli-crowdinvestment\\\/\",\"url\":\"https:\\\/\\\/www.organisator.ch\\\/management\\\/2024-06-12\\\/findependent-startet-am-1-juli-crowdinvestment\\\/\",\"name\":\"findependent startet am 1. Juli Crowdinvestment - Organisator\",\"isPartOf\":{\"@id\":\"https:\\\/\\\/www.organisator.ch\\\/#website\"},\"primaryImageOfPage\":{\"@id\":\"https:\\\/\\\/www.organisator.ch\\\/management\\\/2024-06-12\\\/findependent-startet-am-1-juli-crowdinvestment\\\/#primaryimage\"},\"image\":{\"@id\":\"https:\\\/\\\/www.organisator.ch\\\/management\\\/2024-06-12\\\/findependent-startet-am-1-juli-crowdinvestment\\\/#primaryimage\"},\"thumbnailUrl\":\"https:\\\/\\\/www.organisator.ch\\\/wp-content\\\/uploads\\\/2024\\\/06\\\/findependent-startet-am-1.-Juli-Crowdinvestment_Organisator.png\",\"datePublished\":\"2024-06-12T06:43:41+00:00\",\"description\":\"Die \u00d6ffentlichkeit kann sich ab 1. Juli am aufstrebenden Fintech-Startup findependent beteiligen, und zwar mittels Crowdinvestment.\",\"breadcrumb\":{\"@id\":\"https:\\\/\\\/www.organisator.ch\\\/management\\\/2024-06-12\\\/findependent-startet-am-1-juli-crowdinvestment\\\/#breadcrumb\"},\"inLanguage\":\"de\",\"potentialAction\":[{\"@type\":\"ReadAction\",\"target\":[\"https:\\\/\\\/www.organisator.ch\\\/management\\\/2024-06-12\\\/findependent-startet-am-1-juli-crowdinvestment\\\/\"]}]},{\"@type\":\"ImageObject\",\"inLanguage\":\"de\",\"@id\":\"https:\\\/\\\/www.organisator.ch\\\/management\\\/2024-06-12\\\/findependent-startet-am-1-juli-crowdinvestment\\\/#primaryimage\",\"url\":\"https:\\\/\\\/www.organisator.ch\\\/wp-content\\\/uploads\\\/2024\\\/06\\\/findependent-startet-am-1.-Juli-Crowdinvestment_Organisator.png\",\"contentUrl\":\"https:\\\/\\\/www.organisator.ch\\\/wp-content\\\/uploads\\\/2024\\\/06\\\/findependent-startet-am-1.-Juli-Crowdinvestment_Organisator.png\",\"width\":680,\"height\":453,\"caption\":\"Das Team des FinTech-Startups findependent. (Bild: zVg \\\/ findependent)\"},{\"@type\":\"BreadcrumbList\",\"@id\":\"https:\\\/\\\/www.organisator.ch\\\/management\\\/2024-06-12\\\/findependent-startet-am-1-juli-crowdinvestment\\\/#breadcrumb\",\"itemListElement\":[{\"@type\":\"ListItem\",\"position\":1,\"name\":\"Home\",\"item\":\"https:\\\/\\\/www.organisator.ch\\\/\"},{\"@type\":\"ListItem\",\"position\":2,\"name\":\"findependent startet am 1. Juli Crowdinvestment\"}]},{\"@type\":\"WebSite\",\"@id\":\"https:\\\/\\\/www.organisator.ch\\\/#website\",\"url\":\"https:\\\/\\\/www.organisator.ch\\\/\",\"name\":\"Organisator\",\"description\":\"Kompetent. Praxisnah. Der ORGANISATOR bereitet in 10 Ausgaben pro Jahr die wesentlichen Themen f\u00fcr F\u00fchrungskr\u00e4fte von KMU auf.\",\"publisher\":{\"@id\":\"https:\\\/\\\/www.organisator.ch\\\/#organization\"},\"potentialAction\":[{\"@type\":\"SearchAction\",\"target\":{\"@type\":\"EntryPoint\",\"urlTemplate\":\"https:\\\/\\\/www.organisator.ch\\\/?s={search_term_string}\"},\"query-input\":{\"@type\":\"PropertyValueSpecification\",\"valueRequired\":true,\"valueName\":\"search_term_string\"}}],\"inLanguage\":\"de\"},{\"@type\":\"Organization\",\"@id\":\"https:\\\/\\\/www.organisator.ch\\\/#organization\",\"name\":\"Organisator\",\"url\":\"https:\\\/\\\/www.organisator.ch\\\/\",\"logo\":{\"@type\":\"ImageObject\",\"inLanguage\":\"de\",\"@id\":\"https:\\\/\\\/www.organisator.ch\\\/#\\\/schema\\\/logo\\\/image\\\/\",\"url\":\"https:\\\/\\\/www.organisator.ch\\\/wp-content\\\/uploads\\\/2022\\\/01\\\/Logo_Organisator_Website.png\",\"contentUrl\":\"https:\\\/\\\/www.organisator.ch\\\/wp-content\\\/uploads\\\/2022\\\/01\\\/Logo_Organisator_Website.png\",\"width\":800,\"height\":77,\"caption\":\"Organisator\"},\"image\":{\"@id\":\"https:\\\/\\\/www.organisator.ch\\\/#\\\/schema\\\/logo\\\/image\\\/\"},\"sameAs\":[\"https:\\\/\\\/www.facebook.com\\\/OrganisatorFachmagazin\",\"https:\\\/\\\/www.linkedin.com\\\/showcase\\\/organisator-das-magazin-fr-kmu\",\"https:\\\/\\\/www.xing.com\\\/news\\\/pages\\\/organisator-ch-695\",\"https:\\\/\\\/www.youtube.com\\\/channel\\\/UCGP2Sq0iWaZwT3BdIAQFYpw\"]},{\"@type\":\"Person\",\"@id\":\"https:\\\/\\\/www.organisator.ch\\\/#\\\/schema\\\/person\\\/6f650f90b2842cd4c0cc334b4e36f67e\",\"name\":\"thomas.berner\",\"image\":{\"@type\":\"ImageObject\",\"inLanguage\":\"de\",\"@id\":\"https:\\\/\\\/secure.gravatar.com\\\/avatar\\\/ac5001d2a36cb6c6cd3e50789007ffca834b477b74a2144564522e944eabff61?s=96&d=mm&r=g\",\"url\":\"https:\\\/\\\/secure.gravatar.com\\\/avatar\\\/ac5001d2a36cb6c6cd3e50789007ffca834b477b74a2144564522e944eabff61?s=96&d=mm&r=g\",\"contentUrl\":\"https:\\\/\\\/secure.gravatar.com\\\/avatar\\\/ac5001d2a36cb6c6cd3e50789007ffca834b477b74a2144564522e944eabff61?s=96&d=mm&r=g\",\"caption\":\"thomas.berner\"},\"url\":\"https:\\\/\\\/www.organisator.ch\\\/de\\\/author\\\/thomas-berner\\\/\"}]}<\/script>\n<!-- \/ Yoast SEO plugin. -->","yoast_head_json":{"title":"findependent startet am 1. Juli Crowdinvestment - Organisator","description":"Die \u00d6ffentlichkeit kann sich ab 1. Juli am aufstrebenden Fintech-Startup findependent beteiligen, und zwar mittels Crowdinvestment.","robots":{"index":"index","follow":"follow","max-snippet":"max-snippet:-1","max-image-preview":"max-image-preview:large","max-video-preview":"max-video-preview:-1"},"canonical":"https:\/\/www.organisator.ch\/de\/management\/2024-06-12\/findependent-startet-am-1-juli-crowdinvestment\/","og_locale":"de_DE","og_type":"article","og_title":"findependent startet am 1. Juli Crowdinvestment","og_description":"Die \u00d6ffentlichkeit kann sich ab 1. Juli am aufstrebenden Fintech-Startup findependent beteiligen, und zwar mittels Crowdinvestment.","og_url":"https:\/\/www.organisator.ch\/de\/management\/2024-06-12\/findependent-startet-am-1-juli-crowdinvestment\/","og_site_name":"Organisator","article_publisher":"https:\/\/www.facebook.com\/OrganisatorFachmagazin","article_published_time":"2024-06-12T06:43:41+00:00","og_image":[{"width":680,"height":453,"url":"https:\/\/www.organisator.ch\/wp-content\/uploads\/2024\/06\/findependent-startet-am-1.-Juli-Crowdinvestment_Organisator.png","type":"image\/png"}],"author":"thomas.berner","twitter_card":"summary_large_image","twitter_title":"#findependent startet am 1. Juli #Crowdinvestment","twitter_description":"Die #\u00d6ffentlichkeit kann sich ab 1. Juli am aufstrebenden Fintech-Startup #findependent beteiligen, und zwar mittels #Crowdinvestment.","twitter_image":"https:\/\/www.organisator.ch\/wp-content\/uploads\/2024\/06\/findependent-startet-am-1.-Juli-Crowdinvestment_Organisator.png","schema":{"@context":"https:\/\/schema.org","@graph":[{"@type":"Article","@id":"https:\/\/www.organisator.ch\/management\/2024-06-12\/findependent-startet-am-1-juli-crowdinvestment\/#article","isPartOf":{"@id":"https:\/\/www.organisator.ch\/management\/2024-06-12\/findependent-startet-am-1-juli-crowdinvestment\/"},"author":{"name":"thomas.berner","@id":"https:\/\/www.organisator.ch\/#\/schema\/person\/6f650f90b2842cd4c0cc334b4e36f67e"},"headline":"findependent startet am 1. Juli Crowdinvestment","datePublished":"2024-06-12T06:43:41+00:00","mainEntityOfPage":{"@id":"https:\/\/www.organisator.ch\/management\/2024-06-12\/findependent-startet-am-1-juli-crowdinvestment\/"},"wordCount":356,"publisher":{"@id":"https:\/\/www.organisator.ch\/#organization"},"image":{"@id":"https:\/\/www.organisator.ch\/management\/2024-06-12\/findependent-startet-am-1-juli-crowdinvestment\/#primaryimage"},"thumbnailUrl":"https:\/\/www.organisator.ch\/wp-content\/uploads\/2024\/06\/findependent-startet-am-1.-Juli-Crowdinvestment_Organisator.png","keywords":["Crowdinvestment","FinTech","Investments","Management und Unternehmensf\u00fchrung","Startups"],"articleSection":["MANAGEMENT"],"inLanguage":"de"},{"@type":"WebPage","@id":"https:\/\/www.organisator.ch\/management\/2024-06-12\/findependent-startet-am-1-juli-crowdinvestment\/","url":"https:\/\/www.organisator.ch\/management\/2024-06-12\/findependent-startet-am-1-juli-crowdinvestment\/","name":"findependent startet am 1. Juli Crowdinvestment - Organisator","isPartOf":{"@id":"https:\/\/www.organisator.ch\/#website"},"primaryImageOfPage":{"@id":"https:\/\/www.organisator.ch\/management\/2024-06-12\/findependent-startet-am-1-juli-crowdinvestment\/#primaryimage"},"image":{"@id":"https:\/\/www.organisator.ch\/management\/2024-06-12\/findependent-startet-am-1-juli-crowdinvestment\/#primaryimage"},"thumbnailUrl":"https:\/\/www.organisator.ch\/wp-content\/uploads\/2024\/06\/findependent-startet-am-1.-Juli-Crowdinvestment_Organisator.png","datePublished":"2024-06-12T06:43:41+00:00","description":"Die \u00d6ffentlichkeit kann sich ab 1. Juli am aufstrebenden Fintech-Startup findependent beteiligen, und zwar mittels Crowdinvestment.","breadcrumb":{"@id":"https:\/\/www.organisator.ch\/management\/2024-06-12\/findependent-startet-am-1-juli-crowdinvestment\/#breadcrumb"},"inLanguage":"de","potentialAction":[{"@type":"ReadAction","target":["https:\/\/www.organisator.ch\/management\/2024-06-12\/findependent-startet-am-1-juli-crowdinvestment\/"]}]},{"@type":"ImageObject","inLanguage":"de","@id":"https:\/\/www.organisator.ch\/management\/2024-06-12\/findependent-startet-am-1-juli-crowdinvestment\/#primaryimage","url":"https:\/\/www.organisator.ch\/wp-content\/uploads\/2024\/06\/findependent-startet-am-1.-Juli-Crowdinvestment_Organisator.png","contentUrl":"https:\/\/www.organisator.ch\/wp-content\/uploads\/2024\/06\/findependent-startet-am-1.-Juli-Crowdinvestment_Organisator.png","width":680,"height":453,"caption":"Das Team des FinTech-Startups findependent. (Bild: zVg \/ findependent)"},{"@type":"BreadcrumbList","@id":"https:\/\/www.organisator.ch\/management\/2024-06-12\/findependent-startet-am-1-juli-crowdinvestment\/#breadcrumb","itemListElement":[{"@type":"ListItem","position":1,"name":"Home","item":"https:\/\/www.organisator.ch\/"},{"@type":"ListItem","position":2,"name":"findependent startet am 1. Juli Crowdinvestment"}]},{"@type":"WebSite","@id":"https:\/\/www.organisator.ch\/#website","url":"https:\/\/www.organisator.ch\/","name":"Organisator","description":"Kompetent. Praxisnah. Der ORGANISATOR bereitet in 10 Ausgaben pro Jahr die wesentlichen Themen f\u00fcr F\u00fchrungskr\u00e4fte von KMU auf.","publisher":{"@id":"https:\/\/www.organisator.ch\/#organization"},"potentialAction":[{"@type":"SearchAction","target":{"@type":"EntryPoint","urlTemplate":"https:\/\/www.organisator.ch\/?s={search_term_string}"},"query-input":{"@type":"PropertyValueSpecification","valueRequired":true,"valueName":"search_term_string"}}],"inLanguage":"de"},{"@type":"Organization","@id":"https:\/\/www.organisator.ch\/#organization","name":"Organisator","url":"https:\/\/www.organisator.ch\/","logo":{"@type":"ImageObject","inLanguage":"de","@id":"https:\/\/www.organisator.ch\/#\/schema\/logo\/image\/","url":"https:\/\/www.organisator.ch\/wp-content\/uploads\/2022\/01\/Logo_Organisator_Website.png","contentUrl":"https:\/\/www.organisator.ch\/wp-content\/uploads\/2022\/01\/Logo_Organisator_Website.png","width":800,"height":77,"caption":"Organisator"},"image":{"@id":"https:\/\/www.organisator.ch\/#\/schema\/logo\/image\/"},"sameAs":["https:\/\/www.facebook.com\/OrganisatorFachmagazin","https:\/\/www.linkedin.com\/showcase\/organisator-das-magazin-fr-kmu","https:\/\/www.xing.com\/news\/pages\/organisator-ch-695","https:\/\/www.youtube.com\/channel\/UCGP2Sq0iWaZwT3BdIAQFYpw"]},{"@type":"Person","@id":"https:\/\/www.organisator.ch\/#\/schema\/person\/6f650f90b2842cd4c0cc334b4e36f67e","name":"thomas.berner","image":{"@type":"ImageObject","inLanguage":"de","@id":"https:\/\/secure.gravatar.com\/avatar\/ac5001d2a36cb6c6cd3e50789007ffca834b477b74a2144564522e944eabff61?s=96&d=mm&r=g","url":"https:\/\/secure.gravatar.com\/avatar\/ac5001d2a36cb6c6cd3e50789007ffca834b477b74a2144564522e944eabff61?s=96&d=mm&r=g","contentUrl":"https:\/\/secure.gravatar.com\/avatar\/ac5001d2a36cb6c6cd3e50789007ffca834b477b74a2144564522e944eabff61?s=96&d=mm&r=g","caption":"thomas.berner"},"url":"https:\/\/www.organisator.ch\/de\/author\/thomas-berner\/"}]}},"_links":{"self":[{"href":"https:\/\/www.organisator.ch\/de\/wp-json\/wp\/v2\/posts\/27585","targetHints":{"allow":["GET"]}}],"collection":[{"href":"https:\/\/www.organisator.ch\/de\/wp-json\/wp\/v2\/posts"}],"about":[{"href":"https:\/\/www.organisator.ch\/de\/wp-json\/wp\/v2\/types\/post"}],"author":[{"embeddable":true,"href":"https:\/\/www.organisator.ch\/de\/wp-json\/wp\/v2\/users\/4"}],"replies":[{"embeddable":true,"href":"https:\/\/www.organisator.ch\/de\/wp-json\/wp\/v2\/comments?post=27585"}],"version-history":[{"count":4,"href":"https:\/\/www.organisator.ch\/de\/wp-json\/wp\/v2\/posts\/27585\/revisions"}],"predecessor-version":[{"id":27664,"href":"https:\/\/www.organisator.ch\/de\/wp-json\/wp\/v2\/posts\/27585\/revisions\/27664"}],"wp:featuredmedia":[{"embeddable":true,"href":"https:\/\/www.organisator.ch\/de\/wp-json\/wp\/v2\/media\/27587"}],"wp:attachment":[{"href":"https:\/\/www.organisator.ch\/de\/wp-json\/wp\/v2\/media?parent=27585"}],"wp:term":[{"taxonomy":"category","embeddable":true,"href":"https:\/\/www.organisator.ch\/de\/wp-json\/wp\/v2\/categories?post=27585"},{"taxonomy":"post_tag","embeddable":true,"href":"https:\/\/www.organisator.ch\/de\/wp-json\/wp\/v2\/tags?post=27585"}],"curies":[{"name":"wp","href":"https:\/\/api.w.org\/{rel}","templated":true}]}}