{"id":2760,"date":"2020-01-20T14:34:20","date_gmt":"2020-01-20T13:34:20","guid":{"rendered":"https:\/\/www.umweltperspektiven.ch\/?p=2760"},"modified":"2022-02-09T11:10:00","modified_gmt":"2022-02-09T10:10:00","slug":"swissbau-2020-innovationsgeist-und-umbruchstimmung-in-der-baubranche","status":"publish","type":"post","link":"https:\/\/www.organisator.ch\/de\/sustainability\/2020-01-20\/swissbau-2020-innovationsgeist-und-umbruchstimmung-in-der-baubranche\/","title":{"rendered":"Swissbau 2020: Innovationsgeist und Umbruchstimmung in der Baubranche"},"content":{"rendered":"<p>&nbsp;<\/p>\n<figure id=\"attachment_2761\" aria-describedby=\"caption-attachment-2761\" style=\"width: 680px\" class=\"wp-caption alignnone\"><img loading=\"lazy\" decoding=\"async\" class=\"size-medium wp-image-2761\" src=\"\/\/www.umweltperspektiven.ch\/wp-content\/uploads\/2020\/01\/Swissbau2020-UP_Umwelt-Perspektiven.jpg\" alt=\"\" width=\"680\" height=\"453\" \/><figcaption id=\"caption-attachment-2761\" class=\"wp-caption-text\">F\u00fcnf Messetage, 902 Aussteller, 17 Nationen und 110&#8217;000 Quadratmeter Ausstellungsfl\u00e4che: Die Swissbau 2020 hat am 18. Januar 2020 ihre T\u00fcren geschlossen und 92&#8217;269 Besucher begeistert. (Bild: Swissbau)<\/figcaption><\/figure>\n<p>&nbsp;<\/p>\n<p>Alle zwei Jahre versammelt die Swissbau die wichtigsten Akteure der Planungs-, Bau- und Immobilienbranche in Basel. In Anwesenheit eidgen\u00f6ssischer Parlamentarierinnen und Parlamentariern sowie Regierungsvertretern beider Basel wurde die Swissbau letzten Dienstag feierlich er\u00f6ffnet. Vor dem Tour d&#8217;horizon des Schweizerischen Baumeisterverbandes auf dem Messeplatz wurde ein Ribbon-Cut der anderen Art vollzogen: Mit der S\u00e4ge durchtrennte St\u00e4nderatspr\u00e4sident Hans St\u00f6ckli eine Baulatte und er\u00f6ffnete mit diesem symbolischen Akt offiziell die Swissbau 2020. In den Messehallen begeisterten die Aussteller die Besucher mit ihren kreativen und beeindruckenden Messeauftritten quer durch alle Sektoren.<\/p>\n<p><strong>Wissenstransfer und Nachhaltigkeit\u00a0\u00a0<\/strong><br \/>\nDem interessierten Fachpublikum bot der Swissbau Focus zusammen mit 38 Partner eine relevante Veranstaltungs- und Netzwerkplattform: In 80 Veranstaltungen wurden die aktuellen Herausforderungen der Branche diskutiert und von \u00fcber 300 Referenten Wissen zu aktuellen Themen vermittelt. Auch das Thema Nachhaltigkeit in der Baubranche war omnipr\u00e4sent und wurde vielschichtig diskutiert: Erneuerbar Heizen war nur eines der spannenden Themen in der Swissbau Focus Arena. Die Leadingpartner Swissbau Focus, EnergieSchweiz und SIA, sind mit dem Verlauf des Swissbau Focus \u00e4usserst zufrieden.<\/p>\n<p><strong>Plattform f\u00fcr digitale Transformation<\/strong><br \/>\nDas im Jahr 2018 gemeinsam mit den Mainpartnern Bauen Digital Schweiz, Innosuisse und SIA lancierte Swissbau Innovation Lab r\u00fcckt das digitale Bauen ins Zentrum der Aufmerksamkeit. Gemeinsam mit 77 Partnern aus Forschung, Planung, Bau und Betrieb wurde eine innovative Inszenierung mit neuartigem Architekturkonzept umgesetzt. Ein Highlight im Swissbau Innovation Lab war der iRoom mit einer 3D-Show sowie der erstmals lancierte Speakers-Corner: Alle Partner pr\u00e4sentierten in kurzen Pitches auf der B\u00fchne des Speakers-Corner ihre Digital Use Cases und zeigten so, wie die Digitalisierung in ihrem Unternehmen Einzug h\u00e4lt.<\/p>\n<p><strong>Thematische Weiterentwicklung\u00a0<\/strong><br \/>\nMit der Integration der beiden Fachmessen Ineltec und Sicherheit wurden die Themen Geb\u00e4udeautomation, Elektroinstallation, Energie im Geb\u00e4ude, Licht und Beleuchtungstechnik sowie Geb\u00e4udesicherheit erstmals unter einem Dach vereint. Von Ausstellern wie Besuchern wird diese Zusammenf\u00fchrung als Schritt in die richtige Richtung beurteilt. In enger Zusammenarbeit mit f\u00fchrenden Herstellern und Opinion Leadern wird das Messekonzept f\u00fcr 2022 gem\u00e4ss den Branchenbed\u00fcrfnissen weiterentwickelt.<\/p>\n<p>Als Leitmesse der Schweizer Bau- und Immobilienwirtschaft mit rund 80% Fachbesuchern versammelt die Swissbau die geballte Entscheidungskompetenz der Schweiz &#8211; komprimiert an einem Ort. Alle zwei Jahre ist die Swissbau Inspirationsquelle, Austauschplattform und Innovationsradar f\u00fcr die gesamte Schweizer Planungs-, Bau- und Immobilienbranche.<\/p>\n<p>Die n\u00e4chste Swissbau findet neu an vier Tagen, vom Dienstag 18. bis Freitag, 21. Januar 2022, in Basel statt.<\/p>\n<p><a href=\"\/\/www.swissbau.ch\/\">www.swissbau.ch\/<\/a><\/p>\n<p>&nbsp;<\/p>\n<p>&nbsp;<\/p>\n<p>&nbsp;<\/p>\n","protected":false},"excerpt":{"rendered":"<p>&nbsp; &nbsp; Alle zwei Jahre versammelt die Swissbau die wichtigsten Akteure der Planungs-, Bau- und Immobilienbranche in Basel. In Anwesenheit eidgen\u00f6ssischer Parlamentarierinnen und Parlamentariern sowie Regierungsvertretern beider Basel wurde die Swissbau letzten Dienstag feierlich er\u00f6ffnet. Vor dem Tour d&#8217;horizon des Schweizerischen Baumeisterverbandes auf dem Messeplatz wurde ein Ribbon-Cut der anderen Art vollzogen: Mit der S\u00e4ge [&hellip;]<\/p>\n","protected":false},"author":5,"featured_media":9674,"comment_status":"closed","ping_status":"closed","sticky":false,"template":"","format":"standard","meta":{"_acf_changed":false,"_yoast_wpseo_focuskw":"Swissbau","_yoast_wpseo_metadesc":"An der 26. Ausgabe der Swissbau stand der Dialog von Mensch zu Mensch im Zentrum. Die Protagonisten der Baubranche \u00fcber neue Bed\u00fcrfnisse.","articlekey":"","footnotes":""},"categories":[580],"tags":[772,1690,1753,2035],"class_list":["post-2760","post","type-post","status-publish","format-standard","has-post-thumbnail","hentry","category-sustainability","tag-basel","tag-messe","tag-nachhaltig-bauen","tag-rueckschau"],"acf":[],"yoast_head":"<!-- This site is optimized with the Yoast SEO plugin v27.4 - https:\/\/yoast.com\/product\/yoast-seo-wordpress\/ -->\n<title>Swissbau 2020: Innovationsgeist und Umbruchstimmung in der Baubranche - Organisator<\/title>\n<meta name=\"description\" content=\"An der 26. Ausgabe der Swissbau stand der Dialog von Mensch zu Mensch im Zentrum. Die Protagonisten der Baubranche \u00fcber neue Bed\u00fcrfnisse.\" \/>\n<meta name=\"robots\" content=\"index, follow, max-snippet:-1, max-image-preview:large, max-video-preview:-1\" \/>\n<link rel=\"canonical\" href=\"https:\/\/www.organisator.ch\/de\/sustainability\/2020-01-20\/swissbau-2020-innovationsgeist-und-umbruchstimmung-in-der-baubranche\/\" \/>\n<meta property=\"og:locale\" content=\"de_DE\" \/>\n<meta property=\"og:type\" content=\"article\" \/>\n<meta property=\"og:title\" content=\"Swissbau 2020: Innovationsgeist und Umbruchstimmung in der Baubranche - Organisator\" \/>\n<meta property=\"og:description\" content=\"An der 26. Ausgabe der Swissbau stand der Dialog von Mensch zu Mensch im Zentrum. Die Protagonisten der Baubranche \u00fcber neue Bed\u00fcrfnisse.\" \/>\n<meta property=\"og:url\" content=\"https:\/\/www.organisator.ch\/de\/sustainability\/2020-01-20\/swissbau-2020-innovationsgeist-und-umbruchstimmung-in-der-baubranche\/\" \/>\n<meta property=\"og:site_name\" content=\"Organisator\" \/>\n<meta property=\"article:publisher\" content=\"https:\/\/www.facebook.com\/OrganisatorFachmagazin\" \/>\n<meta property=\"article:published_time\" content=\"2020-01-20T13:34:20+00:00\" \/>\n<meta property=\"article:modified_time\" content=\"2022-02-09T10:10:00+00:00\" \/>\n<meta property=\"og:image\" content=\"https:\/\/www.organisator.ch\/wp-content\/uploads\/2020\/01\/Swissbau2020-UP_Umwelt-Perspektiven-1024x682.jpg\" \/>\n\t<meta property=\"og:image:width\" content=\"1024\" \/>\n\t<meta property=\"og:image:height\" content=\"682\" \/>\n\t<meta property=\"og:image:type\" content=\"image\/jpeg\" \/>\n<meta name=\"author\" content=\"michael.merz\" \/>\n<meta name=\"twitter:card\" content=\"summary_large_image\" \/>\n<script type=\"application\/ld+json\" class=\"yoast-schema-graph\">{\"@context\":\"https:\\\/\\\/schema.org\",\"@graph\":[{\"@type\":\"Article\",\"@id\":\"https:\\\/\\\/www.organisator.ch\\\/sustainability\\\/2020-01-20\\\/swissbau-2020-innovationsgeist-und-umbruchstimmung-in-der-baubranche\\\/#article\",\"isPartOf\":{\"@id\":\"https:\\\/\\\/www.organisator.ch\\\/sustainability\\\/2020-01-20\\\/swissbau-2020-innovationsgeist-und-umbruchstimmung-in-der-baubranche\\\/\"},\"author\":{\"name\":\"michael.merz\",\"@id\":\"https:\\\/\\\/www.organisator.ch\\\/#\\\/schema\\\/person\\\/134708ca9321c57b0362cceb7948ffbd\"},\"headline\":\"Swissbau 2020: Innovationsgeist und Umbruchstimmung in der Baubranche\",\"datePublished\":\"2020-01-20T13:34:20+00:00\",\"dateModified\":\"2022-02-09T10:10:00+00:00\",\"mainEntityOfPage\":{\"@id\":\"https:\\\/\\\/www.organisator.ch\\\/sustainability\\\/2020-01-20\\\/swissbau-2020-innovationsgeist-und-umbruchstimmung-in-der-baubranche\\\/\"},\"wordCount\":439,\"publisher\":{\"@id\":\"https:\\\/\\\/www.organisator.ch\\\/#organization\"},\"image\":{\"@id\":\"https:\\\/\\\/www.organisator.ch\\\/sustainability\\\/2020-01-20\\\/swissbau-2020-innovationsgeist-und-umbruchstimmung-in-der-baubranche\\\/#primaryimage\"},\"thumbnailUrl\":\"https:\\\/\\\/www.organisator.ch\\\/wp-content\\\/uploads\\\/2020\\\/01\\\/Swissbau2020-UP_Umwelt-Perspektiven.jpg\",\"keywords\":[\"Basel\",\"Messe\",\"Nachhaltig Bauen\",\"R\u00fcckschau\"],\"articleSection\":[\"SUSTAINABILITY\"],\"inLanguage\":\"de\"},{\"@type\":\"WebPage\",\"@id\":\"https:\\\/\\\/www.organisator.ch\\\/sustainability\\\/2020-01-20\\\/swissbau-2020-innovationsgeist-und-umbruchstimmung-in-der-baubranche\\\/\",\"url\":\"https:\\\/\\\/www.organisator.ch\\\/sustainability\\\/2020-01-20\\\/swissbau-2020-innovationsgeist-und-umbruchstimmung-in-der-baubranche\\\/\",\"name\":\"Swissbau 2020: Innovationsgeist und Umbruchstimmung in der Baubranche - Organisator\",\"isPartOf\":{\"@id\":\"https:\\\/\\\/www.organisator.ch\\\/#website\"},\"primaryImageOfPage\":{\"@id\":\"https:\\\/\\\/www.organisator.ch\\\/sustainability\\\/2020-01-20\\\/swissbau-2020-innovationsgeist-und-umbruchstimmung-in-der-baubranche\\\/#primaryimage\"},\"image\":{\"@id\":\"https:\\\/\\\/www.organisator.ch\\\/sustainability\\\/2020-01-20\\\/swissbau-2020-innovationsgeist-und-umbruchstimmung-in-der-baubranche\\\/#primaryimage\"},\"thumbnailUrl\":\"https:\\\/\\\/www.organisator.ch\\\/wp-content\\\/uploads\\\/2020\\\/01\\\/Swissbau2020-UP_Umwelt-Perspektiven.jpg\",\"datePublished\":\"2020-01-20T13:34:20+00:00\",\"dateModified\":\"2022-02-09T10:10:00+00:00\",\"description\":\"An der 26. Ausgabe der Swissbau stand der Dialog von Mensch zu Mensch im Zentrum. Die Protagonisten der Baubranche \u00fcber neue Bed\u00fcrfnisse.\",\"breadcrumb\":{\"@id\":\"https:\\\/\\\/www.organisator.ch\\\/sustainability\\\/2020-01-20\\\/swissbau-2020-innovationsgeist-und-umbruchstimmung-in-der-baubranche\\\/#breadcrumb\"},\"inLanguage\":\"de\",\"potentialAction\":[{\"@type\":\"ReadAction\",\"target\":[\"https:\\\/\\\/www.organisator.ch\\\/sustainability\\\/2020-01-20\\\/swissbau-2020-innovationsgeist-und-umbruchstimmung-in-der-baubranche\\\/\"]}]},{\"@type\":\"ImageObject\",\"inLanguage\":\"de\",\"@id\":\"https:\\\/\\\/www.organisator.ch\\\/sustainability\\\/2020-01-20\\\/swissbau-2020-innovationsgeist-und-umbruchstimmung-in-der-baubranche\\\/#primaryimage\",\"url\":\"https:\\\/\\\/www.organisator.ch\\\/wp-content\\\/uploads\\\/2020\\\/01\\\/Swissbau2020-UP_Umwelt-Perspektiven.jpg\",\"contentUrl\":\"https:\\\/\\\/www.organisator.ch\\\/wp-content\\\/uploads\\\/2020\\\/01\\\/Swissbau2020-UP_Umwelt-Perspektiven.jpg\",\"width\":1732,\"height\":1154,\"caption\":\"5 Messetage, 902 Aussteller, 17 Nationen und 110 000m2 Ausstellungsfl\u00e4che: Die Swissbau 2020 hat letzten Samstag ihre T\u00fcren geschlossen und 92'269 Besucher begeistert. (Bild: Swissbau)\"},{\"@type\":\"BreadcrumbList\",\"@id\":\"https:\\\/\\\/www.organisator.ch\\\/sustainability\\\/2020-01-20\\\/swissbau-2020-innovationsgeist-und-umbruchstimmung-in-der-baubranche\\\/#breadcrumb\",\"itemListElement\":[{\"@type\":\"ListItem\",\"position\":1,\"name\":\"Home\",\"item\":\"https:\\\/\\\/www.organisator.ch\\\/\"},{\"@type\":\"ListItem\",\"position\":2,\"name\":\"Swissbau 2020: Innovationsgeist und Umbruchstimmung in der Baubranche\"}]},{\"@type\":\"WebSite\",\"@id\":\"https:\\\/\\\/www.organisator.ch\\\/#website\",\"url\":\"https:\\\/\\\/www.organisator.ch\\\/\",\"name\":\"Organisator\",\"description\":\"Kompetent. Praxisnah. Der ORGANISATOR bereitet in 10 Ausgaben pro Jahr die wesentlichen Themen f\u00fcr F\u00fchrungskr\u00e4fte von KMU auf.\",\"publisher\":{\"@id\":\"https:\\\/\\\/www.organisator.ch\\\/#organization\"},\"potentialAction\":[{\"@type\":\"SearchAction\",\"target\":{\"@type\":\"EntryPoint\",\"urlTemplate\":\"https:\\\/\\\/www.organisator.ch\\\/?s={search_term_string}\"},\"query-input\":{\"@type\":\"PropertyValueSpecification\",\"valueRequired\":true,\"valueName\":\"search_term_string\"}}],\"inLanguage\":\"de\"},{\"@type\":\"Organization\",\"@id\":\"https:\\\/\\\/www.organisator.ch\\\/#organization\",\"name\":\"Organisator\",\"url\":\"https:\\\/\\\/www.organisator.ch\\\/\",\"logo\":{\"@type\":\"ImageObject\",\"inLanguage\":\"de\",\"@id\":\"https:\\\/\\\/www.organisator.ch\\\/#\\\/schema\\\/logo\\\/image\\\/\",\"url\":\"https:\\\/\\\/www.organisator.ch\\\/wp-content\\\/uploads\\\/2022\\\/01\\\/Logo_Organisator_Website.png\",\"contentUrl\":\"https:\\\/\\\/www.organisator.ch\\\/wp-content\\\/uploads\\\/2022\\\/01\\\/Logo_Organisator_Website.png\",\"width\":800,\"height\":77,\"caption\":\"Organisator\"},\"image\":{\"@id\":\"https:\\\/\\\/www.organisator.ch\\\/#\\\/schema\\\/logo\\\/image\\\/\"},\"sameAs\":[\"https:\\\/\\\/www.facebook.com\\\/OrganisatorFachmagazin\",\"https:\\\/\\\/www.linkedin.com\\\/showcase\\\/organisator-das-magazin-fr-kmu\",\"https:\\\/\\\/www.xing.com\\\/news\\\/pages\\\/organisator-ch-695\",\"https:\\\/\\\/www.youtube.com\\\/channel\\\/UCGP2Sq0iWaZwT3BdIAQFYpw\"]},{\"@type\":\"Person\",\"@id\":\"https:\\\/\\\/www.organisator.ch\\\/#\\\/schema\\\/person\\\/134708ca9321c57b0362cceb7948ffbd\",\"name\":\"michael.merz\",\"image\":{\"@type\":\"ImageObject\",\"inLanguage\":\"de\",\"@id\":\"https:\\\/\\\/secure.gravatar.com\\\/avatar\\\/?s=96&d=mm&r=g\",\"url\":\"https:\\\/\\\/secure.gravatar.com\\\/avatar\\\/?s=96&d=mm&r=g\",\"contentUrl\":\"https:\\\/\\\/secure.gravatar.com\\\/avatar\\\/?s=96&d=mm&r=g\",\"caption\":\"michael.merz\"},\"url\":\"https:\\\/\\\/www.organisator.ch\\\/de\\\/author\\\/michael-merz\\\/\"}]}<\/script>\n<!-- \/ Yoast SEO plugin. -->","yoast_head_json":{"title":"Swissbau 2020: Innovationsgeist und Umbruchstimmung in der Baubranche - Organisator","description":"An der 26. Ausgabe der Swissbau stand der Dialog von Mensch zu Mensch im Zentrum. Die Protagonisten der Baubranche \u00fcber neue Bed\u00fcrfnisse.","robots":{"index":"index","follow":"follow","max-snippet":"max-snippet:-1","max-image-preview":"max-image-preview:large","max-video-preview":"max-video-preview:-1"},"canonical":"https:\/\/www.organisator.ch\/de\/sustainability\/2020-01-20\/swissbau-2020-innovationsgeist-und-umbruchstimmung-in-der-baubranche\/","og_locale":"de_DE","og_type":"article","og_title":"Swissbau 2020: Innovationsgeist und Umbruchstimmung in der Baubranche - Organisator","og_description":"An der 26. Ausgabe der Swissbau stand der Dialog von Mensch zu Mensch im Zentrum. Die Protagonisten der Baubranche \u00fcber neue Bed\u00fcrfnisse.","og_url":"https:\/\/www.organisator.ch\/de\/sustainability\/2020-01-20\/swissbau-2020-innovationsgeist-und-umbruchstimmung-in-der-baubranche\/","og_site_name":"Organisator","article_publisher":"https:\/\/www.facebook.com\/OrganisatorFachmagazin","article_published_time":"2020-01-20T13:34:20+00:00","article_modified_time":"2022-02-09T10:10:00+00:00","og_image":[{"width":1024,"height":682,"url":"https:\/\/www.organisator.ch\/wp-content\/uploads\/2020\/01\/Swissbau2020-UP_Umwelt-Perspektiven-1024x682.jpg","type":"image\/jpeg"}],"author":"michael.merz","twitter_card":"summary_large_image","schema":{"@context":"https:\/\/schema.org","@graph":[{"@type":"Article","@id":"https:\/\/www.organisator.ch\/sustainability\/2020-01-20\/swissbau-2020-innovationsgeist-und-umbruchstimmung-in-der-baubranche\/#article","isPartOf":{"@id":"https:\/\/www.organisator.ch\/sustainability\/2020-01-20\/swissbau-2020-innovationsgeist-und-umbruchstimmung-in-der-baubranche\/"},"author":{"name":"michael.merz","@id":"https:\/\/www.organisator.ch\/#\/schema\/person\/134708ca9321c57b0362cceb7948ffbd"},"headline":"Swissbau 2020: Innovationsgeist und Umbruchstimmung in der Baubranche","datePublished":"2020-01-20T13:34:20+00:00","dateModified":"2022-02-09T10:10:00+00:00","mainEntityOfPage":{"@id":"https:\/\/www.organisator.ch\/sustainability\/2020-01-20\/swissbau-2020-innovationsgeist-und-umbruchstimmung-in-der-baubranche\/"},"wordCount":439,"publisher":{"@id":"https:\/\/www.organisator.ch\/#organization"},"image":{"@id":"https:\/\/www.organisator.ch\/sustainability\/2020-01-20\/swissbau-2020-innovationsgeist-und-umbruchstimmung-in-der-baubranche\/#primaryimage"},"thumbnailUrl":"https:\/\/www.organisator.ch\/wp-content\/uploads\/2020\/01\/Swissbau2020-UP_Umwelt-Perspektiven.jpg","keywords":["Basel","Messe","Nachhaltig Bauen","R\u00fcckschau"],"articleSection":["SUSTAINABILITY"],"inLanguage":"de"},{"@type":"WebPage","@id":"https:\/\/www.organisator.ch\/sustainability\/2020-01-20\/swissbau-2020-innovationsgeist-und-umbruchstimmung-in-der-baubranche\/","url":"https:\/\/www.organisator.ch\/sustainability\/2020-01-20\/swissbau-2020-innovationsgeist-und-umbruchstimmung-in-der-baubranche\/","name":"Swissbau 2020: Innovationsgeist und Umbruchstimmung in der Baubranche - Organisator","isPartOf":{"@id":"https:\/\/www.organisator.ch\/#website"},"primaryImageOfPage":{"@id":"https:\/\/www.organisator.ch\/sustainability\/2020-01-20\/swissbau-2020-innovationsgeist-und-umbruchstimmung-in-der-baubranche\/#primaryimage"},"image":{"@id":"https:\/\/www.organisator.ch\/sustainability\/2020-01-20\/swissbau-2020-innovationsgeist-und-umbruchstimmung-in-der-baubranche\/#primaryimage"},"thumbnailUrl":"https:\/\/www.organisator.ch\/wp-content\/uploads\/2020\/01\/Swissbau2020-UP_Umwelt-Perspektiven.jpg","datePublished":"2020-01-20T13:34:20+00:00","dateModified":"2022-02-09T10:10:00+00:00","description":"An der 26. Ausgabe der Swissbau stand der Dialog von Mensch zu Mensch im Zentrum. Die Protagonisten der Baubranche \u00fcber neue Bed\u00fcrfnisse.","breadcrumb":{"@id":"https:\/\/www.organisator.ch\/sustainability\/2020-01-20\/swissbau-2020-innovationsgeist-und-umbruchstimmung-in-der-baubranche\/#breadcrumb"},"inLanguage":"de","potentialAction":[{"@type":"ReadAction","target":["https:\/\/www.organisator.ch\/sustainability\/2020-01-20\/swissbau-2020-innovationsgeist-und-umbruchstimmung-in-der-baubranche\/"]}]},{"@type":"ImageObject","inLanguage":"de","@id":"https:\/\/www.organisator.ch\/sustainability\/2020-01-20\/swissbau-2020-innovationsgeist-und-umbruchstimmung-in-der-baubranche\/#primaryimage","url":"https:\/\/www.organisator.ch\/wp-content\/uploads\/2020\/01\/Swissbau2020-UP_Umwelt-Perspektiven.jpg","contentUrl":"https:\/\/www.organisator.ch\/wp-content\/uploads\/2020\/01\/Swissbau2020-UP_Umwelt-Perspektiven.jpg","width":1732,"height":1154,"caption":"5 Messetage, 902 Aussteller, 17 Nationen und 110 000m2 Ausstellungsfl\u00e4che: Die Swissbau 2020 hat letzten Samstag ihre T\u00fcren geschlossen und 92'269 Besucher begeistert. (Bild: Swissbau)"},{"@type":"BreadcrumbList","@id":"https:\/\/www.organisator.ch\/sustainability\/2020-01-20\/swissbau-2020-innovationsgeist-und-umbruchstimmung-in-der-baubranche\/#breadcrumb","itemListElement":[{"@type":"ListItem","position":1,"name":"Home","item":"https:\/\/www.organisator.ch\/"},{"@type":"ListItem","position":2,"name":"Swissbau 2020: Innovationsgeist und Umbruchstimmung in der Baubranche"}]},{"@type":"WebSite","@id":"https:\/\/www.organisator.ch\/#website","url":"https:\/\/www.organisator.ch\/","name":"Organisator","description":"Kompetent. Praxisnah. Der ORGANISATOR bereitet in 10 Ausgaben pro Jahr die wesentlichen Themen f\u00fcr F\u00fchrungskr\u00e4fte von KMU auf.","publisher":{"@id":"https:\/\/www.organisator.ch\/#organization"},"potentialAction":[{"@type":"SearchAction","target":{"@type":"EntryPoint","urlTemplate":"https:\/\/www.organisator.ch\/?s={search_term_string}"},"query-input":{"@type":"PropertyValueSpecification","valueRequired":true,"valueName":"search_term_string"}}],"inLanguage":"de"},{"@type":"Organization","@id":"https:\/\/www.organisator.ch\/#organization","name":"Organisator","url":"https:\/\/www.organisator.ch\/","logo":{"@type":"ImageObject","inLanguage":"de","@id":"https:\/\/www.organisator.ch\/#\/schema\/logo\/image\/","url":"https:\/\/www.organisator.ch\/wp-content\/uploads\/2022\/01\/Logo_Organisator_Website.png","contentUrl":"https:\/\/www.organisator.ch\/wp-content\/uploads\/2022\/01\/Logo_Organisator_Website.png","width":800,"height":77,"caption":"Organisator"},"image":{"@id":"https:\/\/www.organisator.ch\/#\/schema\/logo\/image\/"},"sameAs":["https:\/\/www.facebook.com\/OrganisatorFachmagazin","https:\/\/www.linkedin.com\/showcase\/organisator-das-magazin-fr-kmu","https:\/\/www.xing.com\/news\/pages\/organisator-ch-695","https:\/\/www.youtube.com\/channel\/UCGP2Sq0iWaZwT3BdIAQFYpw"]},{"@type":"Person","@id":"https:\/\/www.organisator.ch\/#\/schema\/person\/134708ca9321c57b0362cceb7948ffbd","name":"michael.merz","image":{"@type":"ImageObject","inLanguage":"de","@id":"https:\/\/secure.gravatar.com\/avatar\/?s=96&d=mm&r=g","url":"https:\/\/secure.gravatar.com\/avatar\/?s=96&d=mm&r=g","contentUrl":"https:\/\/secure.gravatar.com\/avatar\/?s=96&d=mm&r=g","caption":"michael.merz"},"url":"https:\/\/www.organisator.ch\/de\/author\/michael-merz\/"}]}},"_links":{"self":[{"href":"https:\/\/www.organisator.ch\/de\/wp-json\/wp\/v2\/posts\/2760","targetHints":{"allow":["GET"]}}],"collection":[{"href":"https:\/\/www.organisator.ch\/de\/wp-json\/wp\/v2\/posts"}],"about":[{"href":"https:\/\/www.organisator.ch\/de\/wp-json\/wp\/v2\/types\/post"}],"author":[{"embeddable":true,"href":"https:\/\/www.organisator.ch\/de\/wp-json\/wp\/v2\/users\/5"}],"replies":[{"embeddable":true,"href":"https:\/\/www.organisator.ch\/de\/wp-json\/wp\/v2\/comments?post=2760"}],"version-history":[{"count":1,"href":"https:\/\/www.organisator.ch\/de\/wp-json\/wp\/v2\/posts\/2760\/revisions"}],"predecessor-version":[{"id":10854,"href":"https:\/\/www.organisator.ch\/de\/wp-json\/wp\/v2\/posts\/2760\/revisions\/10854"}],"wp:featuredmedia":[{"embeddable":true,"href":"https:\/\/www.organisator.ch\/de\/wp-json\/wp\/v2\/media\/9674"}],"wp:attachment":[{"href":"https:\/\/www.organisator.ch\/de\/wp-json\/wp\/v2\/media?parent=2760"}],"wp:term":[{"taxonomy":"category","embeddable":true,"href":"https:\/\/www.organisator.ch\/de\/wp-json\/wp\/v2\/categories?post=2760"},{"taxonomy":"post_tag","embeddable":true,"href":"https:\/\/www.organisator.ch\/de\/wp-json\/wp\/v2\/tags?post=2760"}],"curies":[{"name":"wp","href":"https:\/\/api.w.org\/{rel}","templated":true}]}}