{"id":27600,"date":"2024-06-12T09:49:56","date_gmt":"2024-06-12T07:49:56","guid":{"rendered":"https:\/\/www.werbewoche.ch\/?p=216422"},"modified":"2024-11-10T12:57:39","modified_gmt":"2024-11-10T11:57:39","slug":"schweizer-tourismus-hat-nun-eine-gemeinsame-ombudsstelle-2","status":"publish","type":"post","link":"https:\/\/www.organisator.ch\/de\/marketing\/2024-06-12\/schweizer-tourismus-hat-nun-eine-gemeinsame-ombudsstelle-2\/","title":{"rendered":"Schweizer Tourismus hat nun eine gemeinsame Ombudsstelle"},"content":{"rendered":"<figure id=\"attachment_216423\" class=\"wp-caption aligncenter\" style=\"width: 600px\" aria-describedby=\"caption-attachment-216423\"><img class=\"aligncenter wp-image-216423 size-full\" src=\"https:\/\/www.werbewoche.ch\/wp-content\/uploads\/2024\/06\/Ombudsstelle-Tourismus.jpg\" alt=\"Ombudsstelle Tourismus\" width=\"600\" height=\"338\" \/>\r\n<figcaption id=\"caption-attachment-216423\" class=\"wp-caption-text\">(Bild: zVg.)<\/figcaption>\r\n<\/figure>\r\n<p>Auch im Schweizer Tourismus treten gelegentlich Herausforderungen auf: Ein Hotelzimmer entspricht nicht den Erwartungen, der Service im Restaurant l\u00e4sst zu w\u00fcnschen \u00fcbrig oder eine gebuchte Aktivit\u00e4t wird unerwartet abgesagt. K\u00f6nnen Unstimmigkeiten zwischen G\u00e4sten und den Betreibenden der Angebote nicht im gemeinsamen Dialog gel\u00f6st werden, braucht es eine verl\u00e4ssliche und neutrale Instanz, die schnell und effektiv vermittelt.<\/p>\r\n<p>Aus diesem Grund haben sich HotellerieSuisse, Schweiz Tourismus, GastroSuisse und die IG Parahotellerie zusammengeschlossen, um eine Ombudsstelle f\u00fcr den Tourismus zu realisieren. Die Initiative wird in das <a href=\"https:\/\/www.ombudsman-touristik.ch\/de\/\" rel=\"noopener\">bew\u00e4hrte Angebot des Ombudsmans der Schweizer Reisebranche<\/a> integriert. Seit 1990 t\u00e4tig, agierte der unparteiische Vermittler zwischen G\u00e4sten und Reiseunternehmen bis anhin vornehmlich in der Outgoing-Branche. Das ab Juli 2024 zug\u00e4ngliche erweiterte Angebot soll auch den G\u00e4sten der Destination Schweiz zur Verf\u00fcgung stehen.<\/p>\r\n<h3>\u00abStarkes Zeichen f\u00fcr Qualit\u00e4t und Kundenzufriedenheit\u00bb<\/h3>\r\n<p>Die Schaffung dieser zentralen, neutralen Anlaufstelle st\u00e4rke das \u00abVertrauen in den Schweizer Tourismus\u00bb und f\u00f6rdere die Servicequalit\u00e4t in der Branche: \u00abDie gemeinsame Ombudsstelle ist ein wichtiger Meilenstein f\u00fcr unsere Branche. Sie verdeutlicht unser gemeinsames Engagement f\u00fcr h\u00f6chste Qualit\u00e4tsstandards und die Zufriedenheit unserer G\u00e4ste\u00bb, betont Nicole Br\u00e4ndle, Direktorin von HotellerieSuisse. Auch werde dadurch eine intensivere Zusammenarbeit innerhalb der Branche erm\u00f6glicht.<\/p>\r\n<p>Zudem fungiert die Plattform in zweierlei Hinsicht als Anlaufstelle \u2013 einerseits f\u00fcr G\u00e4ste, die in die Schweiz reisen, und andererseits f\u00fcr die Schweizer Beherbergungsbetriebe, die Auskunft und Rat suchen, was eine vorhandene L\u00fccke im Angebot schliesst.<\/p>","protected":false},"excerpt":{"rendered":"<p>HotellerieSuisse, Schweiz Tourismus, GastroSuisse und die IG Parahotellerie schaffen eine gemeinsame Ombudsstelle. Diese neue Dienstleistung wird im bestehenden Angebot des Ombudsmans der Schweizer Reisebranche integriert und steht ab Juli 2024 zur Verf\u00fcgung. Damit soll zur Verbesserung der Dienstqualit\u00e4t im Schweizer Tourismus beigetragen werden.<\/p>\n","protected":false},"author":8,"featured_media":0,"comment_status":"closed","ping_status":"closed","sticky":false,"template":"","format":"standard","meta":{"_acf_changed":false,"_yoast_wpseo_focuskw":"Ombudsstelle Tourismus","_yoast_wpseo_metadesc":"Neue Ombudsstelle f\u00fcr Schweizer Tourismus st\u00e4rkt Vertrauen und Servicequalit\u00e4t. Verf\u00fcgbar ab Juli 2024.","articlekey":"","footnotes":""},"categories":[29],"tags":[339,4252,2317],"class_list":["post-27600","post","type-post","status-publish","format-standard","hentry","category-marketing","tag-marketing","tag-ombudsstelle","tag-tourismus"],"acf":[],"yoast_head":"<!-- This site is optimized with the Yoast SEO plugin v27.4 - https:\/\/yoast.com\/product\/yoast-seo-wordpress\/ -->\n<title>Schweizer Tourismus hat nun eine gemeinsame Ombudsstelle - Organisator<\/title>\n<meta name=\"description\" content=\"Neue Ombudsstelle f\u00fcr Schweizer Tourismus st\u00e4rkt Vertrauen und Servicequalit\u00e4t. Verf\u00fcgbar ab Juli 2024.\" \/>\n<meta name=\"robots\" content=\"index, follow, max-snippet:-1, max-image-preview:large, max-video-preview:-1\" \/>\n<link rel=\"canonical\" href=\"https:\/\/www.organisator.ch\/de\/marketing\/2024-06-12\/schweizer-tourismus-hat-nun-eine-gemeinsame-ombudsstelle-2\/\" \/>\n<meta property=\"og:locale\" content=\"de_DE\" \/>\n<meta property=\"og:type\" content=\"article\" \/>\n<meta property=\"og:title\" content=\"Schweizer Tourismus hat nun eine gemeinsame Ombudsstelle - Organisator\" \/>\n<meta property=\"og:description\" content=\"Neue Ombudsstelle f\u00fcr Schweizer Tourismus st\u00e4rkt Vertrauen und Servicequalit\u00e4t. Verf\u00fcgbar ab Juli 2024.\" \/>\n<meta property=\"og:url\" content=\"https:\/\/www.organisator.ch\/de\/marketing\/2024-06-12\/schweizer-tourismus-hat-nun-eine-gemeinsame-ombudsstelle-2\/\" \/>\n<meta property=\"og:site_name\" content=\"Organisator\" \/>\n<meta property=\"article:publisher\" content=\"https:\/\/www.facebook.com\/OrganisatorFachmagazin\" \/>\n<meta property=\"article:published_time\" content=\"2024-06-12T07:49:56+00:00\" \/>\n<meta property=\"article:modified_time\" content=\"2024-11-10T11:57:39+00:00\" \/>\n<meta property=\"og:image\" content=\"https:\/\/www.werbewoche.ch\/wp-content\/uploads\/2024\/06\/Ombudsstelle-Tourismus.jpg\" \/>\n<meta name=\"author\" content=\"galledia\" \/>\n<meta name=\"twitter:card\" content=\"summary_large_image\" \/>\n<meta name=\"twitter:creator\" content=\"@admin\" \/>\n<script type=\"application\/ld+json\" class=\"yoast-schema-graph\">{\"@context\":\"https:\\\/\\\/schema.org\",\"@graph\":[{\"@type\":\"Article\",\"@id\":\"https:\\\/\\\/www.organisator.ch\\\/marketing\\\/2024-06-12\\\/schweizer-tourismus-hat-nun-eine-gemeinsame-ombudsstelle-2\\\/#article\",\"isPartOf\":{\"@id\":\"https:\\\/\\\/www.organisator.ch\\\/marketing\\\/2024-06-12\\\/schweizer-tourismus-hat-nun-eine-gemeinsame-ombudsstelle-2\\\/\"},\"author\":{\"name\":\"galledia\",\"@id\":\"https:\\\/\\\/www.organisator.ch\\\/#\\\/schema\\\/person\\\/4e51799071cd2dd1232ac003643ef5f0\"},\"headline\":\"Schweizer Tourismus hat nun eine gemeinsame Ombudsstelle\",\"datePublished\":\"2024-06-12T07:49:56+00:00\",\"dateModified\":\"2024-11-10T11:57:39+00:00\",\"mainEntityOfPage\":{\"@id\":\"https:\\\/\\\/www.organisator.ch\\\/marketing\\\/2024-06-12\\\/schweizer-tourismus-hat-nun-eine-gemeinsame-ombudsstelle-2\\\/\"},\"wordCount\":262,\"publisher\":{\"@id\":\"https:\\\/\\\/www.organisator.ch\\\/#organization\"},\"image\":{\"@id\":\"https:\\\/\\\/www.organisator.ch\\\/marketing\\\/2024-06-12\\\/schweizer-tourismus-hat-nun-eine-gemeinsame-ombudsstelle-2\\\/#primaryimage\"},\"thumbnailUrl\":\"https:\\\/\\\/www.werbewoche.ch\\\/wp-content\\\/uploads\\\/2024\\\/06\\\/Ombudsstelle-Tourismus.jpg\",\"keywords\":[\"Marketing\",\"Ombudsstelle\",\"Tourismus\"],\"articleSection\":[\"MARKETING\"],\"inLanguage\":\"de\"},{\"@type\":\"WebPage\",\"@id\":\"https:\\\/\\\/www.organisator.ch\\\/marketing\\\/2024-06-12\\\/schweizer-tourismus-hat-nun-eine-gemeinsame-ombudsstelle-2\\\/\",\"url\":\"https:\\\/\\\/www.organisator.ch\\\/marketing\\\/2024-06-12\\\/schweizer-tourismus-hat-nun-eine-gemeinsame-ombudsstelle-2\\\/\",\"name\":\"Schweizer Tourismus hat nun eine gemeinsame Ombudsstelle - Organisator\",\"isPartOf\":{\"@id\":\"https:\\\/\\\/www.organisator.ch\\\/#website\"},\"primaryImageOfPage\":{\"@id\":\"https:\\\/\\\/www.organisator.ch\\\/marketing\\\/2024-06-12\\\/schweizer-tourismus-hat-nun-eine-gemeinsame-ombudsstelle-2\\\/#primaryimage\"},\"image\":{\"@id\":\"https:\\\/\\\/www.organisator.ch\\\/marketing\\\/2024-06-12\\\/schweizer-tourismus-hat-nun-eine-gemeinsame-ombudsstelle-2\\\/#primaryimage\"},\"thumbnailUrl\":\"https:\\\/\\\/www.werbewoche.ch\\\/wp-content\\\/uploads\\\/2024\\\/06\\\/Ombudsstelle-Tourismus.jpg\",\"datePublished\":\"2024-06-12T07:49:56+00:00\",\"dateModified\":\"2024-11-10T11:57:39+00:00\",\"description\":\"Neue Ombudsstelle f\u00fcr Schweizer Tourismus st\u00e4rkt Vertrauen und Servicequalit\u00e4t. Verf\u00fcgbar ab Juli 2024.\",\"breadcrumb\":{\"@id\":\"https:\\\/\\\/www.organisator.ch\\\/marketing\\\/2024-06-12\\\/schweizer-tourismus-hat-nun-eine-gemeinsame-ombudsstelle-2\\\/#breadcrumb\"},\"inLanguage\":\"de\",\"potentialAction\":[{\"@type\":\"ReadAction\",\"target\":[\"https:\\\/\\\/www.organisator.ch\\\/marketing\\\/2024-06-12\\\/schweizer-tourismus-hat-nun-eine-gemeinsame-ombudsstelle-2\\\/\"]}]},{\"@type\":\"ImageObject\",\"inLanguage\":\"de\",\"@id\":\"https:\\\/\\\/www.organisator.ch\\\/marketing\\\/2024-06-12\\\/schweizer-tourismus-hat-nun-eine-gemeinsame-ombudsstelle-2\\\/#primaryimage\",\"url\":\"https:\\\/\\\/www.werbewoche.ch\\\/wp-content\\\/uploads\\\/2024\\\/06\\\/Ombudsstelle-Tourismus.jpg\",\"contentUrl\":\"https:\\\/\\\/www.werbewoche.ch\\\/wp-content\\\/uploads\\\/2024\\\/06\\\/Ombudsstelle-Tourismus.jpg\"},{\"@type\":\"BreadcrumbList\",\"@id\":\"https:\\\/\\\/www.organisator.ch\\\/marketing\\\/2024-06-12\\\/schweizer-tourismus-hat-nun-eine-gemeinsame-ombudsstelle-2\\\/#breadcrumb\",\"itemListElement\":[{\"@type\":\"ListItem\",\"position\":1,\"name\":\"Home\",\"item\":\"https:\\\/\\\/www.organisator.ch\\\/\"},{\"@type\":\"ListItem\",\"position\":2,\"name\":\"Schweizer Tourismus hat nun eine gemeinsame Ombudsstelle\"}]},{\"@type\":\"WebSite\",\"@id\":\"https:\\\/\\\/www.organisator.ch\\\/#website\",\"url\":\"https:\\\/\\\/www.organisator.ch\\\/\",\"name\":\"Organisator\",\"description\":\"Kompetent. Praxisnah. Der ORGANISATOR bereitet in 10 Ausgaben pro Jahr die wesentlichen Themen f\u00fcr F\u00fchrungskr\u00e4fte von KMU auf.\",\"publisher\":{\"@id\":\"https:\\\/\\\/www.organisator.ch\\\/#organization\"},\"potentialAction\":[{\"@type\":\"SearchAction\",\"target\":{\"@type\":\"EntryPoint\",\"urlTemplate\":\"https:\\\/\\\/www.organisator.ch\\\/?s={search_term_string}\"},\"query-input\":{\"@type\":\"PropertyValueSpecification\",\"valueRequired\":true,\"valueName\":\"search_term_string\"}}],\"inLanguage\":\"de\"},{\"@type\":\"Organization\",\"@id\":\"https:\\\/\\\/www.organisator.ch\\\/#organization\",\"name\":\"Organisator\",\"url\":\"https:\\\/\\\/www.organisator.ch\\\/\",\"logo\":{\"@type\":\"ImageObject\",\"inLanguage\":\"de\",\"@id\":\"https:\\\/\\\/www.organisator.ch\\\/#\\\/schema\\\/logo\\\/image\\\/\",\"url\":\"https:\\\/\\\/www.organisator.ch\\\/wp-content\\\/uploads\\\/2022\\\/01\\\/Logo_Organisator_Website.png\",\"contentUrl\":\"https:\\\/\\\/www.organisator.ch\\\/wp-content\\\/uploads\\\/2022\\\/01\\\/Logo_Organisator_Website.png\",\"width\":800,\"height\":77,\"caption\":\"Organisator\"},\"image\":{\"@id\":\"https:\\\/\\\/www.organisator.ch\\\/#\\\/schema\\\/logo\\\/image\\\/\"},\"sameAs\":[\"https:\\\/\\\/www.facebook.com\\\/OrganisatorFachmagazin\",\"https:\\\/\\\/www.linkedin.com\\\/showcase\\\/organisator-das-magazin-fr-kmu\",\"https:\\\/\\\/www.xing.com\\\/news\\\/pages\\\/organisator-ch-695\",\"https:\\\/\\\/www.youtube.com\\\/channel\\\/UCGP2Sq0iWaZwT3BdIAQFYpw\"]},{\"@type\":\"Person\",\"@id\":\"https:\\\/\\\/www.organisator.ch\\\/#\\\/schema\\\/person\\\/4e51799071cd2dd1232ac003643ef5f0\",\"name\":\"galledia\",\"image\":{\"@type\":\"ImageObject\",\"inLanguage\":\"de\",\"@id\":\"https:\\\/\\\/secure.gravatar.com\\\/avatar\\\/78a7f90c01fc2bfc875782a0d4922b37cde2cf184ce347b91316d23cd7f69a36?s=96&d=mm&r=g\",\"url\":\"https:\\\/\\\/secure.gravatar.com\\\/avatar\\\/78a7f90c01fc2bfc875782a0d4922b37cde2cf184ce347b91316d23cd7f69a36?s=96&d=mm&r=g\",\"contentUrl\":\"https:\\\/\\\/secure.gravatar.com\\\/avatar\\\/78a7f90c01fc2bfc875782a0d4922b37cde2cf184ce347b91316d23cd7f69a36?s=96&d=mm&r=g\",\"caption\":\"galledia\"},\"sameAs\":[\"https:\\\/\\\/x.com\\\/admin\"],\"url\":\"https:\\\/\\\/www.organisator.ch\\\/de\\\/author\\\/galledia\\\/\"}]}<\/script>\n<!-- \/ Yoast SEO plugin. -->","yoast_head_json":{"title":"Schweizer Tourismus hat nun eine gemeinsame Ombudsstelle - Organisator","description":"Neue Ombudsstelle f\u00fcr Schweizer Tourismus st\u00e4rkt Vertrauen und Servicequalit\u00e4t. Verf\u00fcgbar ab Juli 2024.","robots":{"index":"index","follow":"follow","max-snippet":"max-snippet:-1","max-image-preview":"max-image-preview:large","max-video-preview":"max-video-preview:-1"},"canonical":"https:\/\/www.organisator.ch\/de\/marketing\/2024-06-12\/schweizer-tourismus-hat-nun-eine-gemeinsame-ombudsstelle-2\/","og_locale":"de_DE","og_type":"article","og_title":"Schweizer Tourismus hat nun eine gemeinsame Ombudsstelle - Organisator","og_description":"Neue Ombudsstelle f\u00fcr Schweizer Tourismus st\u00e4rkt Vertrauen und Servicequalit\u00e4t. Verf\u00fcgbar ab Juli 2024.","og_url":"https:\/\/www.organisator.ch\/de\/marketing\/2024-06-12\/schweizer-tourismus-hat-nun-eine-gemeinsame-ombudsstelle-2\/","og_site_name":"Organisator","article_publisher":"https:\/\/www.facebook.com\/OrganisatorFachmagazin","article_published_time":"2024-06-12T07:49:56+00:00","article_modified_time":"2024-11-10T11:57:39+00:00","og_image":[{"url":"https:\/\/www.werbewoche.ch\/wp-content\/uploads\/2024\/06\/Ombudsstelle-Tourismus.jpg","type":"","width":"","height":""}],"author":"galledia","twitter_card":"summary_large_image","twitter_creator":"@admin","schema":{"@context":"https:\/\/schema.org","@graph":[{"@type":"Article","@id":"https:\/\/www.organisator.ch\/marketing\/2024-06-12\/schweizer-tourismus-hat-nun-eine-gemeinsame-ombudsstelle-2\/#article","isPartOf":{"@id":"https:\/\/www.organisator.ch\/marketing\/2024-06-12\/schweizer-tourismus-hat-nun-eine-gemeinsame-ombudsstelle-2\/"},"author":{"name":"galledia","@id":"https:\/\/www.organisator.ch\/#\/schema\/person\/4e51799071cd2dd1232ac003643ef5f0"},"headline":"Schweizer Tourismus hat nun eine gemeinsame Ombudsstelle","datePublished":"2024-06-12T07:49:56+00:00","dateModified":"2024-11-10T11:57:39+00:00","mainEntityOfPage":{"@id":"https:\/\/www.organisator.ch\/marketing\/2024-06-12\/schweizer-tourismus-hat-nun-eine-gemeinsame-ombudsstelle-2\/"},"wordCount":262,"publisher":{"@id":"https:\/\/www.organisator.ch\/#organization"},"image":{"@id":"https:\/\/www.organisator.ch\/marketing\/2024-06-12\/schweizer-tourismus-hat-nun-eine-gemeinsame-ombudsstelle-2\/#primaryimage"},"thumbnailUrl":"https:\/\/www.werbewoche.ch\/wp-content\/uploads\/2024\/06\/Ombudsstelle-Tourismus.jpg","keywords":["Marketing","Ombudsstelle","Tourismus"],"articleSection":["MARKETING"],"inLanguage":"de"},{"@type":"WebPage","@id":"https:\/\/www.organisator.ch\/marketing\/2024-06-12\/schweizer-tourismus-hat-nun-eine-gemeinsame-ombudsstelle-2\/","url":"https:\/\/www.organisator.ch\/marketing\/2024-06-12\/schweizer-tourismus-hat-nun-eine-gemeinsame-ombudsstelle-2\/","name":"Schweizer Tourismus hat nun eine gemeinsame Ombudsstelle - Organisator","isPartOf":{"@id":"https:\/\/www.organisator.ch\/#website"},"primaryImageOfPage":{"@id":"https:\/\/www.organisator.ch\/marketing\/2024-06-12\/schweizer-tourismus-hat-nun-eine-gemeinsame-ombudsstelle-2\/#primaryimage"},"image":{"@id":"https:\/\/www.organisator.ch\/marketing\/2024-06-12\/schweizer-tourismus-hat-nun-eine-gemeinsame-ombudsstelle-2\/#primaryimage"},"thumbnailUrl":"https:\/\/www.werbewoche.ch\/wp-content\/uploads\/2024\/06\/Ombudsstelle-Tourismus.jpg","datePublished":"2024-06-12T07:49:56+00:00","dateModified":"2024-11-10T11:57:39+00:00","description":"Neue Ombudsstelle f\u00fcr Schweizer Tourismus st\u00e4rkt Vertrauen und Servicequalit\u00e4t. Verf\u00fcgbar ab Juli 2024.","breadcrumb":{"@id":"https:\/\/www.organisator.ch\/marketing\/2024-06-12\/schweizer-tourismus-hat-nun-eine-gemeinsame-ombudsstelle-2\/#breadcrumb"},"inLanguage":"de","potentialAction":[{"@type":"ReadAction","target":["https:\/\/www.organisator.ch\/marketing\/2024-06-12\/schweizer-tourismus-hat-nun-eine-gemeinsame-ombudsstelle-2\/"]}]},{"@type":"ImageObject","inLanguage":"de","@id":"https:\/\/www.organisator.ch\/marketing\/2024-06-12\/schweizer-tourismus-hat-nun-eine-gemeinsame-ombudsstelle-2\/#primaryimage","url":"https:\/\/www.werbewoche.ch\/wp-content\/uploads\/2024\/06\/Ombudsstelle-Tourismus.jpg","contentUrl":"https:\/\/www.werbewoche.ch\/wp-content\/uploads\/2024\/06\/Ombudsstelle-Tourismus.jpg"},{"@type":"BreadcrumbList","@id":"https:\/\/www.organisator.ch\/marketing\/2024-06-12\/schweizer-tourismus-hat-nun-eine-gemeinsame-ombudsstelle-2\/#breadcrumb","itemListElement":[{"@type":"ListItem","position":1,"name":"Home","item":"https:\/\/www.organisator.ch\/"},{"@type":"ListItem","position":2,"name":"Schweizer Tourismus hat nun eine gemeinsame Ombudsstelle"}]},{"@type":"WebSite","@id":"https:\/\/www.organisator.ch\/#website","url":"https:\/\/www.organisator.ch\/","name":"Organisator","description":"Kompetent. Praxisnah. Der ORGANISATOR bereitet in 10 Ausgaben pro Jahr die wesentlichen Themen f\u00fcr F\u00fchrungskr\u00e4fte von KMU auf.","publisher":{"@id":"https:\/\/www.organisator.ch\/#organization"},"potentialAction":[{"@type":"SearchAction","target":{"@type":"EntryPoint","urlTemplate":"https:\/\/www.organisator.ch\/?s={search_term_string}"},"query-input":{"@type":"PropertyValueSpecification","valueRequired":true,"valueName":"search_term_string"}}],"inLanguage":"de"},{"@type":"Organization","@id":"https:\/\/www.organisator.ch\/#organization","name":"Organisator","url":"https:\/\/www.organisator.ch\/","logo":{"@type":"ImageObject","inLanguage":"de","@id":"https:\/\/www.organisator.ch\/#\/schema\/logo\/image\/","url":"https:\/\/www.organisator.ch\/wp-content\/uploads\/2022\/01\/Logo_Organisator_Website.png","contentUrl":"https:\/\/www.organisator.ch\/wp-content\/uploads\/2022\/01\/Logo_Organisator_Website.png","width":800,"height":77,"caption":"Organisator"},"image":{"@id":"https:\/\/www.organisator.ch\/#\/schema\/logo\/image\/"},"sameAs":["https:\/\/www.facebook.com\/OrganisatorFachmagazin","https:\/\/www.linkedin.com\/showcase\/organisator-das-magazin-fr-kmu","https:\/\/www.xing.com\/news\/pages\/organisator-ch-695","https:\/\/www.youtube.com\/channel\/UCGP2Sq0iWaZwT3BdIAQFYpw"]},{"@type":"Person","@id":"https:\/\/www.organisator.ch\/#\/schema\/person\/4e51799071cd2dd1232ac003643ef5f0","name":"galledia","image":{"@type":"ImageObject","inLanguage":"de","@id":"https:\/\/secure.gravatar.com\/avatar\/78a7f90c01fc2bfc875782a0d4922b37cde2cf184ce347b91316d23cd7f69a36?s=96&d=mm&r=g","url":"https:\/\/secure.gravatar.com\/avatar\/78a7f90c01fc2bfc875782a0d4922b37cde2cf184ce347b91316d23cd7f69a36?s=96&d=mm&r=g","contentUrl":"https:\/\/secure.gravatar.com\/avatar\/78a7f90c01fc2bfc875782a0d4922b37cde2cf184ce347b91316d23cd7f69a36?s=96&d=mm&r=g","caption":"galledia"},"sameAs":["https:\/\/x.com\/admin"],"url":"https:\/\/www.organisator.ch\/de\/author\/galledia\/"}]}},"_links":{"self":[{"href":"https:\/\/www.organisator.ch\/de\/wp-json\/wp\/v2\/posts\/27600","targetHints":{"allow":["GET"]}}],"collection":[{"href":"https:\/\/www.organisator.ch\/de\/wp-json\/wp\/v2\/posts"}],"about":[{"href":"https:\/\/www.organisator.ch\/de\/wp-json\/wp\/v2\/types\/post"}],"author":[{"embeddable":true,"href":"https:\/\/www.organisator.ch\/de\/wp-json\/wp\/v2\/users\/8"}],"replies":[{"embeddable":true,"href":"https:\/\/www.organisator.ch\/de\/wp-json\/wp\/v2\/comments?post=27600"}],"version-history":[{"count":5,"href":"https:\/\/www.organisator.ch\/de\/wp-json\/wp\/v2\/posts\/27600\/revisions"}],"predecessor-version":[{"id":32195,"href":"https:\/\/www.organisator.ch\/de\/wp-json\/wp\/v2\/posts\/27600\/revisions\/32195"}],"wp:attachment":[{"href":"https:\/\/www.organisator.ch\/de\/wp-json\/wp\/v2\/media?parent=27600"}],"wp:term":[{"taxonomy":"category","embeddable":true,"href":"https:\/\/www.organisator.ch\/de\/wp-json\/wp\/v2\/categories?post=27600"},{"taxonomy":"post_tag","embeddable":true,"href":"https:\/\/www.organisator.ch\/de\/wp-json\/wp\/v2\/tags?post=27600"}],"curies":[{"name":"wp","href":"https:\/\/api.w.org\/{rel}","templated":true}]}}