{"id":27626,"date":"2024-06-13T12:08:09","date_gmt":"2024-06-13T10:08:09","guid":{"rendered":"https:\/\/www.organisator.ch\/?p=27626"},"modified":"2024-06-24T09:09:54","modified_gmt":"2024-06-24T07:09:54","slug":"digitalisierung-in-gemeinden-wille-da-aber-geld-fehlt","status":"publish","type":"post","link":"https:\/\/www.organisator.ch\/de\/management\/2024-06-13\/digitalisierung-in-gemeinden-wille-da-aber-geld-fehlt\/","title":{"rendered":"Digitalisierung in Gemeinden: Wille da, aber Geld fehlt"},"content":{"rendered":"<figure id=\"attachment_27627\" aria-describedby=\"caption-attachment-27627\" style=\"width: 680px\" class=\"wp-caption alignnone\"><img loading=\"lazy\" decoding=\"async\" class=\"size-medium wp-image-27627\" src=\"https:\/\/www.organisator.ch\/wp-content\/uploads\/2024\/06\/Digitalisierung-in-Gemeinden-Wille-da-aber-Geld-fehlt_Organisator-680x417.jpg\" alt=\"\" width=\"680\" height=\"417\" srcset=\"https:\/\/www.organisator.ch\/wp-content\/uploads\/2024\/06\/Digitalisierung-in-Gemeinden-Wille-da-aber-Geld-fehlt_Organisator-680x417.jpg 680w, https:\/\/www.organisator.ch\/wp-content\/uploads\/2024\/06\/Digitalisierung-in-Gemeinden-Wille-da-aber-Geld-fehlt_Organisator-1024x629.jpg 1024w, https:\/\/www.organisator.ch\/wp-content\/uploads\/2024\/06\/Digitalisierung-in-Gemeinden-Wille-da-aber-Geld-fehlt_Organisator-768x471.jpg 768w, https:\/\/www.organisator.ch\/wp-content\/uploads\/2024\/06\/Digitalisierung-in-Gemeinden-Wille-da-aber-Geld-fehlt_Organisator-18x12.jpg 18w, https:\/\/www.organisator.ch\/wp-content\/uploads\/2024\/06\/Digitalisierung-in-Gemeinden-Wille-da-aber-Geld-fehlt_Organisator-375x230.jpg 375w, https:\/\/www.organisator.ch\/wp-content\/uploads\/2024\/06\/Digitalisierung-in-Gemeinden-Wille-da-aber-Geld-fehlt_Organisator-570x350.jpg 570w, https:\/\/www.organisator.ch\/wp-content\/uploads\/2024\/06\/Digitalisierung-in-Gemeinden-Wille-da-aber-Geld-fehlt_Organisator-1000x614.jpg 1000w, https:\/\/www.organisator.ch\/wp-content\/uploads\/2024\/06\/Digitalisierung-in-Gemeinden-Wille-da-aber-Geld-fehlt_Organisator.jpg 1098w\" sizes=\"auto, (max-width: 680px) 100vw, 680px\" \/><figcaption id=\"caption-attachment-27627\" class=\"wp-caption-text\">Die Digitalisierung in Gemeinden &#8211; hier ein Luftbild eines Aussenquartiers von St. Gallen in Richtung Westen &#8211; schreitet weiter voran. Es gibt aber noch viele H\u00fcrden. (Bild: luftbild24 \/ Pixabay.com)<\/figcaption><\/figure>\n<p>Zum vierten Mal hat der Verein &#8222;Myni Gmeind&#8220; in Zusammenarbeit mit dem Schweizerischen Gemeindeverband und der Fachhochschule Nordwestschweiz die Schweizer Gemeinden zum Fortschritt ihrer digitalen Transformation befragt. Von den insgesamt 2131 Schweizer Gemeinden haben 560 Gemeinden (26 Prozent) den Fragebogen vollst\u00e4ndig und weitere 1121 Gemeinden (53 Prozent) teilweise ausgef\u00fcllt. Dieser erfreuliche R\u00fccklauf ergibt einen soliden Datenfundus, der aussagekr\u00e4ftige Befunde zul\u00e4sst.<\/p>\n<h3>Digitalisierung in Gemeinden als Top-Thema<\/h3>\n<p>Digitalisierung und Cybersicherheit sind Themen, die die Gemeinden neben anderen, z.B. Infrastrukturprojekten und den Finanzen, zur Zeit am meisten besch\u00e4ftigen. Vier von f\u00fcnf Gemeinden sehen laut Umfrage die digitale Transformation als Mittel, um ihre Effizienz zu steigern, und ebenso viele erblicken darin auch eine Dienstleistung f\u00fcr die Bev\u00f6lkerung. &#8222;Die digitale Transformation ist endg\u00fcltig in den Gemeinder\u00e4ten und Verwaltungen angekommen&#8220;, stellt Alex Sollberger, Pr\u00e4sident von Myni Gmeind, fest. Mittlerweile sehen sich 41 Prozent aller Gemeinden als Vorreiter im Bereich der Digitalisierung. Das sind deutlich mehr als noch im Vorjahr, als erst ein Drittel der Gemeinden diese Frage bejaht hatte.<\/p>\n<p>Die Ergebnisse zeigen auch, dass nicht unbedingt digitale Kompetenzen oder Know-How entscheidend f\u00fcr den Erfolg der Digitalisierung sind, sondern vielmehr die Offenheit gegen\u00fcber dem Thema. Als wichtigsten Erfolgsfaktor identifizierten die Gemeinden denn auch einen klaren politischen Willen zur digitalen Transformation. 61 Prozent der Befragten gaben an, diesen Willen in ihrer Gemeinde eher oder sogar stark zu sp\u00fcren.<\/p>\n<h3>Problem: Personelle und finanzielle Ressourcen<\/h3>\n<p>Ebenso wichtig wie der Wille und die Offenheit gegen\u00fcber der Digitalisierung seien das Vorhandensein von personellen und finanziellen Ressourcen, wie ein Grossteil der Befragten festh\u00e4lt. Es besteht hier aber eine L\u00fccke zwischen Wunsch und Wirklichkeit: Erst 42 Prozent der Gemeinden geben an, dass die finanziellen Voraussetzungen zur digitalen Transformation gegeben oder eher gegeben sind. Die Frage nach der Verf\u00fcgbarkeit von personellen Ressourcen bewertet sogar nur ein Drittel der teilnehmenden Gemeinden positiv. Eine deutliche Mehrheit der Befragten bewertet ihre personellen Ressourcen zur digitalen Transformation als ungen\u00fcgend oder eher ungen\u00fcgend. Als Ausweg sehen die Gemeinden entweder die Erh\u00f6hung von personellen Ressourcen durch das Schaffen zus\u00e4tzlicher Stellenprozente oder auch eine vor\u00fcbergehende Auslagerung von Aufgaben an externe Dienstleister. &#8222;Beide Wege w\u00fcrden zus\u00e4tzliche personelle Ressourcen f\u00fcr die digitale Transformation generieren, gleichzeitig aber auch die Herausforderungen bei den finanziellen Ressourcen vergr\u00f6ssern&#8220;, so Alex Sollberger.<\/p>\n<p>Klar ist: An einer digitalen Transformation kommt heute niemand mehr vorbei. Die Erwartungshaltung der Bev\u00f6lkerung an eine zeitgem\u00e4sse Verwaltung ist gewachsen. Gerade im Hochlohnland Schweiz macht es Sinn, Prozesse m\u00f6glichst zu automatisieren. Durch die Digitalisierung kann somit auch der Fachkr\u00e4ftemangel l\u00e4ngerfristig gelindert werden. Mittlerweile hat denn auch bereits fast die H\u00e4lfte aller Gemeinden (47 Prozent) eine Stelle oder Person definiert, die die digitale Transformation bereichs\u00fcbergreifend koordiniert.<\/p>\n<p><em>Quelle und weitere Informationen: <a href=\"https:\/\/www.chgemeinden.ch\/de\/\">Schweizerischer Gemeindeverband<\/a>, <a href=\"https:\/\/www.mynigmeind.ch\/de\/\">Verein Myni Gmeind<\/a><\/em><\/p>\n","protected":false},"excerpt":{"rendered":"<p>Eine grosse Mehrheit der Schweizer Gemeinden erkennt in der Digitalisierung ihrer internen Arbeitsinstrumente und externen Dienstleistungen eine Chance, effizienter zu werden. Laut einer neuen Umfrage zum Stand der Digitalisierung in Gemeinden hat bereits die H\u00e4lfte von ihnen eine eigene Digitalisierungsstelle bezeichnet. <\/p>\n","protected":false},"author":4,"featured_media":27627,"comment_status":"closed","ping_status":"closed","sticky":false,"template":"","format":"standard","meta":{"_acf_changed":false,"_yoast_wpseo_focuskw":"Digitalisierung in Gemeinden","_yoast_wpseo_metadesc":"Laut einer neuen Umfrage zum Stand der Digitalisierung in Gemeinden hat die H\u00e4lfte von ihnen eine eigene Digitalisierungsstelle bezeichnet.","articlekey":"","footnotes":""},"categories":[28],"tags":[156,335,459,503],"class_list":["post-27626","post","type-post","status-publish","format-standard","has-post-thumbnail","hentry","category-management","tag-digitalisierung","tag-management-und-unternehmensfuehrung","tag-studie","tag-verbaende"],"acf":[],"yoast_head":"<!-- This site is optimized with the Yoast SEO plugin v27.5 - https:\/\/yoast.com\/product\/yoast-seo-wordpress\/ -->\n<title>Digitalisierung in Gemeinden: Wille da, aber Geld fehlt - Organisator<\/title>\n<meta name=\"description\" content=\"Laut einer neuen Umfrage zum Stand der Digitalisierung in Gemeinden hat die H\u00e4lfte von ihnen eine eigene Digitalisierungsstelle bezeichnet.\" \/>\n<meta name=\"robots\" content=\"index, follow, max-snippet:-1, max-image-preview:large, max-video-preview:-1\" \/>\n<link rel=\"canonical\" href=\"https:\/\/www.organisator.ch\/de\/management\/2024-06-13\/digitalisierung-in-gemeinden-wille-da-aber-geld-fehlt\/\" \/>\n<meta property=\"og:locale\" content=\"de_DE\" \/>\n<meta property=\"og:type\" content=\"article\" \/>\n<meta property=\"og:title\" content=\"Digitalisierung in Gemeinden: Wille da, aber Geld fehlt\" \/>\n<meta property=\"og:description\" content=\"Laut einer neuen Umfrage zum Stand der Digitalisierung in Gemeinden hat die H\u00e4lfte von ihnen eine eigene Digitalisierungsstelle bezeichnet.\" \/>\n<meta property=\"og:url\" content=\"https:\/\/www.organisator.ch\/de\/management\/2024-06-13\/digitalisierung-in-gemeinden-wille-da-aber-geld-fehlt\/\" \/>\n<meta property=\"og:site_name\" content=\"Organisator\" \/>\n<meta property=\"article:publisher\" content=\"https:\/\/www.facebook.com\/OrganisatorFachmagazin\" \/>\n<meta property=\"article:published_time\" content=\"2024-06-13T10:08:09+00:00\" \/>\n<meta property=\"article:modified_time\" content=\"2024-06-24T07:09:54+00:00\" \/>\n<meta property=\"og:image\" content=\"https:\/\/www.organisator.ch\/wp-content\/uploads\/2024\/06\/Digitalisierung-in-Gemeinden-Wille-da-aber-Geld-fehlt_Organisator.jpg\" \/>\n\t<meta property=\"og:image:width\" content=\"1098\" \/>\n\t<meta property=\"og:image:height\" content=\"674\" \/>\n\t<meta property=\"og:image:type\" content=\"image\/jpeg\" \/>\n<meta name=\"author\" content=\"thomas.berner\" \/>\n<meta name=\"twitter:card\" content=\"summary_large_image\" \/>\n<meta name=\"twitter:title\" content=\"#Digitalisierung in #Gemeinden: Wille da, aber Geld fehlt\" \/>\n<meta name=\"twitter:description\" content=\"Laut einer neuen Umfrage zum Stand der #Digitalisierung in Gemeinden hat die H\u00e4lfte von ihnen eine eigene #Digitalisierungsstelle bezeichnet.\" \/>\n<meta name=\"twitter:image\" content=\"https:\/\/www.organisator.ch\/wp-content\/uploads\/2024\/06\/Digitalisierung-in-Gemeinden-Wille-da-aber-Geld-fehlt_Organisator.jpg\" \/>\n<script type=\"application\/ld+json\" class=\"yoast-schema-graph\">{\"@context\":\"https:\\\/\\\/schema.org\",\"@graph\":[{\"@type\":\"Article\",\"@id\":\"https:\\\/\\\/www.organisator.ch\\\/management\\\/2024-06-13\\\/digitalisierung-in-gemeinden-wille-da-aber-geld-fehlt\\\/#article\",\"isPartOf\":{\"@id\":\"https:\\\/\\\/www.organisator.ch\\\/management\\\/2024-06-13\\\/digitalisierung-in-gemeinden-wille-da-aber-geld-fehlt\\\/\"},\"author\":{\"name\":\"thomas.berner\",\"@id\":\"https:\\\/\\\/www.organisator.ch\\\/#\\\/schema\\\/person\\\/6f650f90b2842cd4c0cc334b4e36f67e\"},\"headline\":\"Digitalisierung in Gemeinden: Wille da, aber Geld fehlt\",\"datePublished\":\"2024-06-13T10:08:09+00:00\",\"dateModified\":\"2024-06-24T07:09:54+00:00\",\"mainEntityOfPage\":{\"@id\":\"https:\\\/\\\/www.organisator.ch\\\/management\\\/2024-06-13\\\/digitalisierung-in-gemeinden-wille-da-aber-geld-fehlt\\\/\"},\"wordCount\":511,\"publisher\":{\"@id\":\"https:\\\/\\\/www.organisator.ch\\\/#organization\"},\"image\":{\"@id\":\"https:\\\/\\\/www.organisator.ch\\\/management\\\/2024-06-13\\\/digitalisierung-in-gemeinden-wille-da-aber-geld-fehlt\\\/#primaryimage\"},\"thumbnailUrl\":\"https:\\\/\\\/www.organisator.ch\\\/wp-content\\\/uploads\\\/2024\\\/06\\\/Digitalisierung-in-Gemeinden-Wille-da-aber-Geld-fehlt_Organisator.jpg\",\"keywords\":[\"Digitalisierung\",\"Management und Unternehmensf\u00fchrung\",\"Studie\",\"Verb\u00e4nde\"],\"articleSection\":[\"MANAGEMENT\"],\"inLanguage\":\"de\"},{\"@type\":\"WebPage\",\"@id\":\"https:\\\/\\\/www.organisator.ch\\\/management\\\/2024-06-13\\\/digitalisierung-in-gemeinden-wille-da-aber-geld-fehlt\\\/\",\"url\":\"https:\\\/\\\/www.organisator.ch\\\/management\\\/2024-06-13\\\/digitalisierung-in-gemeinden-wille-da-aber-geld-fehlt\\\/\",\"name\":\"Digitalisierung in Gemeinden: Wille da, aber Geld fehlt - Organisator\",\"isPartOf\":{\"@id\":\"https:\\\/\\\/www.organisator.ch\\\/#website\"},\"primaryImageOfPage\":{\"@id\":\"https:\\\/\\\/www.organisator.ch\\\/management\\\/2024-06-13\\\/digitalisierung-in-gemeinden-wille-da-aber-geld-fehlt\\\/#primaryimage\"},\"image\":{\"@id\":\"https:\\\/\\\/www.organisator.ch\\\/management\\\/2024-06-13\\\/digitalisierung-in-gemeinden-wille-da-aber-geld-fehlt\\\/#primaryimage\"},\"thumbnailUrl\":\"https:\\\/\\\/www.organisator.ch\\\/wp-content\\\/uploads\\\/2024\\\/06\\\/Digitalisierung-in-Gemeinden-Wille-da-aber-Geld-fehlt_Organisator.jpg\",\"datePublished\":\"2024-06-13T10:08:09+00:00\",\"dateModified\":\"2024-06-24T07:09:54+00:00\",\"description\":\"Laut einer neuen Umfrage zum Stand der Digitalisierung in Gemeinden hat die H\u00e4lfte von ihnen eine eigene Digitalisierungsstelle bezeichnet.\",\"breadcrumb\":{\"@id\":\"https:\\\/\\\/www.organisator.ch\\\/management\\\/2024-06-13\\\/digitalisierung-in-gemeinden-wille-da-aber-geld-fehlt\\\/#breadcrumb\"},\"inLanguage\":\"de\",\"potentialAction\":[{\"@type\":\"ReadAction\",\"target\":[\"https:\\\/\\\/www.organisator.ch\\\/management\\\/2024-06-13\\\/digitalisierung-in-gemeinden-wille-da-aber-geld-fehlt\\\/\"]}]},{\"@type\":\"ImageObject\",\"inLanguage\":\"de\",\"@id\":\"https:\\\/\\\/www.organisator.ch\\\/management\\\/2024-06-13\\\/digitalisierung-in-gemeinden-wille-da-aber-geld-fehlt\\\/#primaryimage\",\"url\":\"https:\\\/\\\/www.organisator.ch\\\/wp-content\\\/uploads\\\/2024\\\/06\\\/Digitalisierung-in-Gemeinden-Wille-da-aber-Geld-fehlt_Organisator.jpg\",\"contentUrl\":\"https:\\\/\\\/www.organisator.ch\\\/wp-content\\\/uploads\\\/2024\\\/06\\\/Digitalisierung-in-Gemeinden-Wille-da-aber-Geld-fehlt_Organisator.jpg\",\"width\":1098,\"height\":674,\"caption\":\"Die Digitalisierung in Gemeinden - hier ein Luftbild eines Aussenquartiers von St.Gallen in Richtung Westen - schreitet weiter voran. Es gibt aber noch viele H\u00fcrden. (Bild: luftbild24 \\\/ Pixabay.com)\"},{\"@type\":\"BreadcrumbList\",\"@id\":\"https:\\\/\\\/www.organisator.ch\\\/management\\\/2024-06-13\\\/digitalisierung-in-gemeinden-wille-da-aber-geld-fehlt\\\/#breadcrumb\",\"itemListElement\":[{\"@type\":\"ListItem\",\"position\":1,\"name\":\"Home\",\"item\":\"https:\\\/\\\/www.organisator.ch\\\/\"},{\"@type\":\"ListItem\",\"position\":2,\"name\":\"Digitalisierung in Gemeinden: Wille da, aber Geld fehlt\"}]},{\"@type\":\"WebSite\",\"@id\":\"https:\\\/\\\/www.organisator.ch\\\/#website\",\"url\":\"https:\\\/\\\/www.organisator.ch\\\/\",\"name\":\"Organisator\",\"description\":\"Kompetent. Praxisnah. Der ORGANISATOR bereitet in 10 Ausgaben pro Jahr die wesentlichen Themen f\u00fcr F\u00fchrungskr\u00e4fte von KMU auf.\",\"publisher\":{\"@id\":\"https:\\\/\\\/www.organisator.ch\\\/#organization\"},\"potentialAction\":[{\"@type\":\"SearchAction\",\"target\":{\"@type\":\"EntryPoint\",\"urlTemplate\":\"https:\\\/\\\/www.organisator.ch\\\/?s={search_term_string}\"},\"query-input\":{\"@type\":\"PropertyValueSpecification\",\"valueRequired\":true,\"valueName\":\"search_term_string\"}}],\"inLanguage\":\"de\"},{\"@type\":\"Organization\",\"@id\":\"https:\\\/\\\/www.organisator.ch\\\/#organization\",\"name\":\"Organisator\",\"url\":\"https:\\\/\\\/www.organisator.ch\\\/\",\"logo\":{\"@type\":\"ImageObject\",\"inLanguage\":\"de\",\"@id\":\"https:\\\/\\\/www.organisator.ch\\\/#\\\/schema\\\/logo\\\/image\\\/\",\"url\":\"https:\\\/\\\/www.organisator.ch\\\/wp-content\\\/uploads\\\/2022\\\/01\\\/Logo_Organisator_Website.png\",\"contentUrl\":\"https:\\\/\\\/www.organisator.ch\\\/wp-content\\\/uploads\\\/2022\\\/01\\\/Logo_Organisator_Website.png\",\"width\":800,\"height\":77,\"caption\":\"Organisator\"},\"image\":{\"@id\":\"https:\\\/\\\/www.organisator.ch\\\/#\\\/schema\\\/logo\\\/image\\\/\"},\"sameAs\":[\"https:\\\/\\\/www.facebook.com\\\/OrganisatorFachmagazin\",\"https:\\\/\\\/www.linkedin.com\\\/showcase\\\/organisator-das-magazin-fr-kmu\",\"https:\\\/\\\/www.xing.com\\\/news\\\/pages\\\/organisator-ch-695\",\"https:\\\/\\\/www.youtube.com\\\/channel\\\/UCGP2Sq0iWaZwT3BdIAQFYpw\"]},{\"@type\":\"Person\",\"@id\":\"https:\\\/\\\/www.organisator.ch\\\/#\\\/schema\\\/person\\\/6f650f90b2842cd4c0cc334b4e36f67e\",\"name\":\"thomas.berner\",\"image\":{\"@type\":\"ImageObject\",\"inLanguage\":\"de\",\"@id\":\"https:\\\/\\\/secure.gravatar.com\\\/avatar\\\/ac5001d2a36cb6c6cd3e50789007ffca834b477b74a2144564522e944eabff61?s=96&d=mm&r=g\",\"url\":\"https:\\\/\\\/secure.gravatar.com\\\/avatar\\\/ac5001d2a36cb6c6cd3e50789007ffca834b477b74a2144564522e944eabff61?s=96&d=mm&r=g\",\"contentUrl\":\"https:\\\/\\\/secure.gravatar.com\\\/avatar\\\/ac5001d2a36cb6c6cd3e50789007ffca834b477b74a2144564522e944eabff61?s=96&d=mm&r=g\",\"caption\":\"thomas.berner\"},\"url\":\"https:\\\/\\\/www.organisator.ch\\\/de\\\/author\\\/thomas-berner\\\/\"}]}<\/script>\n<!-- \/ Yoast SEO plugin. -->","yoast_head_json":{"title":"Digitalisierung in Gemeinden: Wille da, aber Geld fehlt - Organisator","description":"Laut einer neuen Umfrage zum Stand der Digitalisierung in Gemeinden hat die H\u00e4lfte von ihnen eine eigene Digitalisierungsstelle bezeichnet.","robots":{"index":"index","follow":"follow","max-snippet":"max-snippet:-1","max-image-preview":"max-image-preview:large","max-video-preview":"max-video-preview:-1"},"canonical":"https:\/\/www.organisator.ch\/de\/management\/2024-06-13\/digitalisierung-in-gemeinden-wille-da-aber-geld-fehlt\/","og_locale":"de_DE","og_type":"article","og_title":"Digitalisierung in Gemeinden: Wille da, aber Geld fehlt","og_description":"Laut einer neuen Umfrage zum Stand der Digitalisierung in Gemeinden hat die H\u00e4lfte von ihnen eine eigene Digitalisierungsstelle bezeichnet.","og_url":"https:\/\/www.organisator.ch\/de\/management\/2024-06-13\/digitalisierung-in-gemeinden-wille-da-aber-geld-fehlt\/","og_site_name":"Organisator","article_publisher":"https:\/\/www.facebook.com\/OrganisatorFachmagazin","article_published_time":"2024-06-13T10:08:09+00:00","article_modified_time":"2024-06-24T07:09:54+00:00","og_image":[{"width":1098,"height":674,"url":"https:\/\/www.organisator.ch\/wp-content\/uploads\/2024\/06\/Digitalisierung-in-Gemeinden-Wille-da-aber-Geld-fehlt_Organisator.jpg","type":"image\/jpeg"}],"author":"thomas.berner","twitter_card":"summary_large_image","twitter_title":"#Digitalisierung in #Gemeinden: Wille da, aber Geld fehlt","twitter_description":"Laut einer neuen Umfrage zum Stand der #Digitalisierung in Gemeinden hat die H\u00e4lfte von ihnen eine eigene #Digitalisierungsstelle bezeichnet.","twitter_image":"https:\/\/www.organisator.ch\/wp-content\/uploads\/2024\/06\/Digitalisierung-in-Gemeinden-Wille-da-aber-Geld-fehlt_Organisator.jpg","schema":{"@context":"https:\/\/schema.org","@graph":[{"@type":"Article","@id":"https:\/\/www.organisator.ch\/management\/2024-06-13\/digitalisierung-in-gemeinden-wille-da-aber-geld-fehlt\/#article","isPartOf":{"@id":"https:\/\/www.organisator.ch\/management\/2024-06-13\/digitalisierung-in-gemeinden-wille-da-aber-geld-fehlt\/"},"author":{"name":"thomas.berner","@id":"https:\/\/www.organisator.ch\/#\/schema\/person\/6f650f90b2842cd4c0cc334b4e36f67e"},"headline":"Digitalisierung in Gemeinden: Wille da, aber Geld fehlt","datePublished":"2024-06-13T10:08:09+00:00","dateModified":"2024-06-24T07:09:54+00:00","mainEntityOfPage":{"@id":"https:\/\/www.organisator.ch\/management\/2024-06-13\/digitalisierung-in-gemeinden-wille-da-aber-geld-fehlt\/"},"wordCount":511,"publisher":{"@id":"https:\/\/www.organisator.ch\/#organization"},"image":{"@id":"https:\/\/www.organisator.ch\/management\/2024-06-13\/digitalisierung-in-gemeinden-wille-da-aber-geld-fehlt\/#primaryimage"},"thumbnailUrl":"https:\/\/www.organisator.ch\/wp-content\/uploads\/2024\/06\/Digitalisierung-in-Gemeinden-Wille-da-aber-Geld-fehlt_Organisator.jpg","keywords":["Digitalisierung","Management und Unternehmensf\u00fchrung","Studie","Verb\u00e4nde"],"articleSection":["MANAGEMENT"],"inLanguage":"de"},{"@type":"WebPage","@id":"https:\/\/www.organisator.ch\/management\/2024-06-13\/digitalisierung-in-gemeinden-wille-da-aber-geld-fehlt\/","url":"https:\/\/www.organisator.ch\/management\/2024-06-13\/digitalisierung-in-gemeinden-wille-da-aber-geld-fehlt\/","name":"Digitalisierung in Gemeinden: Wille da, aber Geld fehlt - Organisator","isPartOf":{"@id":"https:\/\/www.organisator.ch\/#website"},"primaryImageOfPage":{"@id":"https:\/\/www.organisator.ch\/management\/2024-06-13\/digitalisierung-in-gemeinden-wille-da-aber-geld-fehlt\/#primaryimage"},"image":{"@id":"https:\/\/www.organisator.ch\/management\/2024-06-13\/digitalisierung-in-gemeinden-wille-da-aber-geld-fehlt\/#primaryimage"},"thumbnailUrl":"https:\/\/www.organisator.ch\/wp-content\/uploads\/2024\/06\/Digitalisierung-in-Gemeinden-Wille-da-aber-Geld-fehlt_Organisator.jpg","datePublished":"2024-06-13T10:08:09+00:00","dateModified":"2024-06-24T07:09:54+00:00","description":"Laut einer neuen Umfrage zum Stand der Digitalisierung in Gemeinden hat die H\u00e4lfte von ihnen eine eigene Digitalisierungsstelle bezeichnet.","breadcrumb":{"@id":"https:\/\/www.organisator.ch\/management\/2024-06-13\/digitalisierung-in-gemeinden-wille-da-aber-geld-fehlt\/#breadcrumb"},"inLanguage":"de","potentialAction":[{"@type":"ReadAction","target":["https:\/\/www.organisator.ch\/management\/2024-06-13\/digitalisierung-in-gemeinden-wille-da-aber-geld-fehlt\/"]}]},{"@type":"ImageObject","inLanguage":"de","@id":"https:\/\/www.organisator.ch\/management\/2024-06-13\/digitalisierung-in-gemeinden-wille-da-aber-geld-fehlt\/#primaryimage","url":"https:\/\/www.organisator.ch\/wp-content\/uploads\/2024\/06\/Digitalisierung-in-Gemeinden-Wille-da-aber-Geld-fehlt_Organisator.jpg","contentUrl":"https:\/\/www.organisator.ch\/wp-content\/uploads\/2024\/06\/Digitalisierung-in-Gemeinden-Wille-da-aber-Geld-fehlt_Organisator.jpg","width":1098,"height":674,"caption":"Die Digitalisierung in Gemeinden - hier ein Luftbild eines Aussenquartiers von St.Gallen in Richtung Westen - schreitet weiter voran. Es gibt aber noch viele H\u00fcrden. (Bild: luftbild24 \/ Pixabay.com)"},{"@type":"BreadcrumbList","@id":"https:\/\/www.organisator.ch\/management\/2024-06-13\/digitalisierung-in-gemeinden-wille-da-aber-geld-fehlt\/#breadcrumb","itemListElement":[{"@type":"ListItem","position":1,"name":"Home","item":"https:\/\/www.organisator.ch\/"},{"@type":"ListItem","position":2,"name":"Digitalisierung in Gemeinden: Wille da, aber Geld fehlt"}]},{"@type":"WebSite","@id":"https:\/\/www.organisator.ch\/#website","url":"https:\/\/www.organisator.ch\/","name":"Organisator","description":"Kompetent. Praxisnah. Der ORGANISATOR bereitet in 10 Ausgaben pro Jahr die wesentlichen Themen f\u00fcr F\u00fchrungskr\u00e4fte von KMU auf.","publisher":{"@id":"https:\/\/www.organisator.ch\/#organization"},"potentialAction":[{"@type":"SearchAction","target":{"@type":"EntryPoint","urlTemplate":"https:\/\/www.organisator.ch\/?s={search_term_string}"},"query-input":{"@type":"PropertyValueSpecification","valueRequired":true,"valueName":"search_term_string"}}],"inLanguage":"de"},{"@type":"Organization","@id":"https:\/\/www.organisator.ch\/#organization","name":"Organisator","url":"https:\/\/www.organisator.ch\/","logo":{"@type":"ImageObject","inLanguage":"de","@id":"https:\/\/www.organisator.ch\/#\/schema\/logo\/image\/","url":"https:\/\/www.organisator.ch\/wp-content\/uploads\/2022\/01\/Logo_Organisator_Website.png","contentUrl":"https:\/\/www.organisator.ch\/wp-content\/uploads\/2022\/01\/Logo_Organisator_Website.png","width":800,"height":77,"caption":"Organisator"},"image":{"@id":"https:\/\/www.organisator.ch\/#\/schema\/logo\/image\/"},"sameAs":["https:\/\/www.facebook.com\/OrganisatorFachmagazin","https:\/\/www.linkedin.com\/showcase\/organisator-das-magazin-fr-kmu","https:\/\/www.xing.com\/news\/pages\/organisator-ch-695","https:\/\/www.youtube.com\/channel\/UCGP2Sq0iWaZwT3BdIAQFYpw"]},{"@type":"Person","@id":"https:\/\/www.organisator.ch\/#\/schema\/person\/6f650f90b2842cd4c0cc334b4e36f67e","name":"thomas.berner","image":{"@type":"ImageObject","inLanguage":"de","@id":"https:\/\/secure.gravatar.com\/avatar\/ac5001d2a36cb6c6cd3e50789007ffca834b477b74a2144564522e944eabff61?s=96&d=mm&r=g","url":"https:\/\/secure.gravatar.com\/avatar\/ac5001d2a36cb6c6cd3e50789007ffca834b477b74a2144564522e944eabff61?s=96&d=mm&r=g","contentUrl":"https:\/\/secure.gravatar.com\/avatar\/ac5001d2a36cb6c6cd3e50789007ffca834b477b74a2144564522e944eabff61?s=96&d=mm&r=g","caption":"thomas.berner"},"url":"https:\/\/www.organisator.ch\/de\/author\/thomas-berner\/"}]}},"_links":{"self":[{"href":"https:\/\/www.organisator.ch\/de\/wp-json\/wp\/v2\/posts\/27626","targetHints":{"allow":["GET"]}}],"collection":[{"href":"https:\/\/www.organisator.ch\/de\/wp-json\/wp\/v2\/posts"}],"about":[{"href":"https:\/\/www.organisator.ch\/de\/wp-json\/wp\/v2\/types\/post"}],"author":[{"embeddable":true,"href":"https:\/\/www.organisator.ch\/de\/wp-json\/wp\/v2\/users\/4"}],"replies":[{"embeddable":true,"href":"https:\/\/www.organisator.ch\/de\/wp-json\/wp\/v2\/comments?post=27626"}],"version-history":[{"count":5,"href":"https:\/\/www.organisator.ch\/de\/wp-json\/wp\/v2\/posts\/27626\/revisions"}],"predecessor-version":[{"id":27709,"href":"https:\/\/www.organisator.ch\/de\/wp-json\/wp\/v2\/posts\/27626\/revisions\/27709"}],"wp:featuredmedia":[{"embeddable":true,"href":"https:\/\/www.organisator.ch\/de\/wp-json\/wp\/v2\/media\/27627"}],"wp:attachment":[{"href":"https:\/\/www.organisator.ch\/de\/wp-json\/wp\/v2\/media?parent=27626"}],"wp:term":[{"taxonomy":"category","embeddable":true,"href":"https:\/\/www.organisator.ch\/de\/wp-json\/wp\/v2\/categories?post=27626"},{"taxonomy":"post_tag","embeddable":true,"href":"https:\/\/www.organisator.ch\/de\/wp-json\/wp\/v2\/tags?post=27626"}],"curies":[{"name":"wp","href":"https:\/\/api.w.org\/{rel}","templated":true}]}}