{"id":27637,"date":"2024-06-21T06:38:40","date_gmt":"2024-06-21T04:38:40","guid":{"rendered":"https:\/\/www.organisator.ch\/de\/?p=27637"},"modified":"2024-06-21T08:42:24","modified_gmt":"2024-06-21T06:42:24","slug":"was-gen-z-und-gen-alpha-von-geschaeftsreisen-erwarten","status":"publish","type":"post","link":"https:\/\/www.organisator.ch\/de\/human-resources\/2024-06-21\/was-gen-z-und-gen-alpha-von-geschaeftsreisen-erwarten\/","title":{"rendered":"Was Gen Z und Gen Alpha von Gesch\u00e4ftsreisen erwarten"},"content":{"rendered":"<div class=\"swpm-post-not-logged-in-msg\">You need to be logged in to view this content. Bitte <a class=\"swpm-login-link\" href=\"https:\/\/www.organisator.ch\/login\/\">Log In<\/a>. Kein Mitglied? <a href=\"https:\/\/www.organisator.ch\/shop\/\">Werden Sie Mitglied bei uns<\/a><\/div>","protected":false},"excerpt":{"rendered":"<p>Junge Generationen bringen verst&#xE4;rkt neue Sichtweisen und Erwartungshaltungen in die Arbeitswelt der Zukunft ein. Unternehmen, die sich rechtzeitig darauf vorbereiten, sind auf dem zunehmenden Arbeitnehmermarkt klar im Vorteil. Das gilt auch in puncto Gesch&#xE4;ftsreisen.<\/p>\n","protected":false},"author":1,"featured_media":27636,"comment_status":"closed","ping_status":"closed","sticky":false,"template":"","format":"standard","meta":{"_acf_changed":false,"_yoast_wpseo_focuskw":"Gesch\u00e4ftsreisen","_yoast_wpseo_metadesc":"Junge Generationen bringen verst\u00e4rkt neue Sichtweisen und Erwartungshaltungen in die Arbeitswelt der Zukunft ein.","articlekey":"102745","footnotes":""},"categories":[578,579],"tags":[156,4272,3566,239,492],"class_list":["post-27637","post","type-post","status-publish","format-standard","has-post-thumbnail","hentry","category-abo","category-human-resources","tag-digitalisierung","tag-gen-alpha","tag-gen-z","tag-geschaeftsreisen","tag-unternehmen"],"acf":[],"yoast_head":"<!-- This site is optimized with the Yoast SEO plugin v27.5 - https:\/\/yoast.com\/product\/yoast-seo-wordpress\/ -->\n<title>Was Gen Z und Gen Alpha von Gesch\u00e4ftsreisen erwarten - Organisator<\/title>\n<meta name=\"description\" content=\"Junge Generationen bringen verst\u00e4rkt neue Sichtweisen und Erwartungshaltungen in die Arbeitswelt der Zukunft ein.\" \/>\n<meta name=\"robots\" content=\"index, follow, max-snippet:-1, max-image-preview:large, max-video-preview:-1\" \/>\n<link rel=\"canonical\" href=\"https:\/\/www.organisator.ch\/de\/human-resources\/2024-06-21\/was-gen-z-und-gen-alpha-von-geschaeftsreisen-erwarten\/\" \/>\n<meta property=\"og:locale\" content=\"de_DE\" \/>\n<meta property=\"og:type\" content=\"article\" \/>\n<meta property=\"og:title\" content=\"Was Gen Z und Gen Alpha von Gesch\u00e4ftsreisen erwarten - Organisator\" \/>\n<meta property=\"og:description\" content=\"Junge Generationen bringen verst\u00e4rkt neue Sichtweisen und Erwartungshaltungen in die Arbeitswelt der Zukunft ein.\" \/>\n<meta property=\"og:url\" content=\"https:\/\/www.organisator.ch\/de\/human-resources\/2024-06-21\/was-gen-z-und-gen-alpha-von-geschaeftsreisen-erwarten\/\" \/>\n<meta property=\"og:site_name\" content=\"Organisator\" \/>\n<meta property=\"article:publisher\" content=\"https:\/\/www.facebook.com\/OrganisatorFachmagazin\" \/>\n<meta property=\"article:published_time\" content=\"2024-06-21T04:38:40+00:00\" \/>\n<meta property=\"article:modified_time\" content=\"2024-06-21T06:42:24+00:00\" \/>\n<meta property=\"og:image\" content=\"https:\/\/www.organisator.ch\/wp-content\/uploads\/2024\/06\/HRM_SAP-Concur_Bild_organisator_102780-scaled-e1718799197744.jpg\" \/>\n\t<meta property=\"og:image:width\" content=\"1129\" \/>\n\t<meta property=\"og:image:height\" content=\"1066\" \/>\n\t<meta property=\"og:image:type\" content=\"image\/jpeg\" \/>\n<meta name=\"author\" content=\"admin\" \/>\n<meta name=\"twitter:card\" content=\"summary_large_image\" \/>\n<script type=\"application\/ld+json\" class=\"yoast-schema-graph\">{\"@context\":\"https:\\\/\\\/schema.org\",\"@graph\":[{\"@type\":\"Article\",\"@id\":\"https:\\\/\\\/www.organisator.ch\\\/human-resources\\\/2024-06-21\\\/was-gen-z-und-gen-alpha-von-geschaeftsreisen-erwarten\\\/#article\",\"isPartOf\":{\"@id\":\"https:\\\/\\\/www.organisator.ch\\\/human-resources\\\/2024-06-21\\\/was-gen-z-und-gen-alpha-von-geschaeftsreisen-erwarten\\\/\"},\"author\":{\"name\":\"admin\",\"@id\":\"https:\\\/\\\/www.organisator.ch\\\/#\\\/schema\\\/person\\\/aa2bace6c5c5aad60102004a50c4eb1c\"},\"headline\":\"Was Gen Z und Gen Alpha von Gesch\u00e4ftsreisen erwarten\",\"datePublished\":\"2024-06-21T04:38:40+00:00\",\"dateModified\":\"2024-06-21T06:42:24+00:00\",\"mainEntityOfPage\":{\"@id\":\"https:\\\/\\\/www.organisator.ch\\\/human-resources\\\/2024-06-21\\\/was-gen-z-und-gen-alpha-von-geschaeftsreisen-erwarten\\\/\"},\"wordCount\":1214,\"publisher\":{\"@id\":\"https:\\\/\\\/www.organisator.ch\\\/#organization\"},\"image\":{\"@id\":\"https:\\\/\\\/www.organisator.ch\\\/human-resources\\\/2024-06-21\\\/was-gen-z-und-gen-alpha-von-geschaeftsreisen-erwarten\\\/#primaryimage\"},\"thumbnailUrl\":\"https:\\\/\\\/www.organisator.ch\\\/wp-content\\\/uploads\\\/2024\\\/06\\\/HRM_SAP-Concur_Bild_organisator_102780-scaled-e1718799197744.jpg\",\"keywords\":[\"Digitalisierung\",\"Gen Alpha\",\"Gen Z\",\"Gesch\u00e4ftsreisen\",\"Unternehmen\"],\"articleSection\":[\"ABO+\",\"HUMAN RESOURCES\"],\"inLanguage\":\"de\"},{\"@type\":\"WebPage\",\"@id\":\"https:\\\/\\\/www.organisator.ch\\\/human-resources\\\/2024-06-21\\\/was-gen-z-und-gen-alpha-von-geschaeftsreisen-erwarten\\\/\",\"url\":\"https:\\\/\\\/www.organisator.ch\\\/human-resources\\\/2024-06-21\\\/was-gen-z-und-gen-alpha-von-geschaeftsreisen-erwarten\\\/\",\"name\":\"Was Gen Z und Gen Alpha von Gesch\u00e4ftsreisen erwarten - Organisator\",\"isPartOf\":{\"@id\":\"https:\\\/\\\/www.organisator.ch\\\/#website\"},\"primaryImageOfPage\":{\"@id\":\"https:\\\/\\\/www.organisator.ch\\\/human-resources\\\/2024-06-21\\\/was-gen-z-und-gen-alpha-von-geschaeftsreisen-erwarten\\\/#primaryimage\"},\"image\":{\"@id\":\"https:\\\/\\\/www.organisator.ch\\\/human-resources\\\/2024-06-21\\\/was-gen-z-und-gen-alpha-von-geschaeftsreisen-erwarten\\\/#primaryimage\"},\"thumbnailUrl\":\"https:\\\/\\\/www.organisator.ch\\\/wp-content\\\/uploads\\\/2024\\\/06\\\/HRM_SAP-Concur_Bild_organisator_102780-scaled-e1718799197744.jpg\",\"datePublished\":\"2024-06-21T04:38:40+00:00\",\"dateModified\":\"2024-06-21T06:42:24+00:00\",\"description\":\"Junge Generationen bringen verst\u00e4rkt neue Sichtweisen und Erwartungshaltungen in die Arbeitswelt der Zukunft ein.\",\"breadcrumb\":{\"@id\":\"https:\\\/\\\/www.organisator.ch\\\/human-resources\\\/2024-06-21\\\/was-gen-z-und-gen-alpha-von-geschaeftsreisen-erwarten\\\/#breadcrumb\"},\"inLanguage\":\"de\",\"potentialAction\":[{\"@type\":\"ReadAction\",\"target\":[\"https:\\\/\\\/www.organisator.ch\\\/human-resources\\\/2024-06-21\\\/was-gen-z-und-gen-alpha-von-geschaeftsreisen-erwarten\\\/\"]}]},{\"@type\":\"ImageObject\",\"inLanguage\":\"de\",\"@id\":\"https:\\\/\\\/www.organisator.ch\\\/human-resources\\\/2024-06-21\\\/was-gen-z-und-gen-alpha-von-geschaeftsreisen-erwarten\\\/#primaryimage\",\"url\":\"https:\\\/\\\/www.organisator.ch\\\/wp-content\\\/uploads\\\/2024\\\/06\\\/HRM_SAP-Concur_Bild_organisator_102780-scaled-e1718799197744.jpg\",\"contentUrl\":\"https:\\\/\\\/www.organisator.ch\\\/wp-content\\\/uploads\\\/2024\\\/06\\\/HRM_SAP-Concur_Bild_organisator_102780-scaled-e1718799197744.jpg\",\"width\":1129,\"height\":1066,\"caption\":\"Die junge Generation geht gerne auf Gesch\u00e4ftsreise, weil auch sie trotz Digitalisierung den pers\u00f6nlichen Kontakt sch\u00e4tzt. \u00a9 SAP Concur\"},{\"@type\":\"BreadcrumbList\",\"@id\":\"https:\\\/\\\/www.organisator.ch\\\/human-resources\\\/2024-06-21\\\/was-gen-z-und-gen-alpha-von-geschaeftsreisen-erwarten\\\/#breadcrumb\",\"itemListElement\":[{\"@type\":\"ListItem\",\"position\":1,\"name\":\"Home\",\"item\":\"https:\\\/\\\/www.organisator.ch\\\/\"},{\"@type\":\"ListItem\",\"position\":2,\"name\":\"Was Gen Z und Gen Alpha von Gesch\u00e4ftsreisen erwarten\"}]},{\"@type\":\"WebSite\",\"@id\":\"https:\\\/\\\/www.organisator.ch\\\/#website\",\"url\":\"https:\\\/\\\/www.organisator.ch\\\/\",\"name\":\"Organisator\",\"description\":\"Kompetent. Praxisnah. Der ORGANISATOR bereitet in 10 Ausgaben pro Jahr die wesentlichen Themen f\u00fcr F\u00fchrungskr\u00e4fte von KMU auf.\",\"publisher\":{\"@id\":\"https:\\\/\\\/www.organisator.ch\\\/#organization\"},\"potentialAction\":[{\"@type\":\"SearchAction\",\"target\":{\"@type\":\"EntryPoint\",\"urlTemplate\":\"https:\\\/\\\/www.organisator.ch\\\/?s={search_term_string}\"},\"query-input\":{\"@type\":\"PropertyValueSpecification\",\"valueRequired\":true,\"valueName\":\"search_term_string\"}}],\"inLanguage\":\"de\"},{\"@type\":\"Organization\",\"@id\":\"https:\\\/\\\/www.organisator.ch\\\/#organization\",\"name\":\"Organisator\",\"url\":\"https:\\\/\\\/www.organisator.ch\\\/\",\"logo\":{\"@type\":\"ImageObject\",\"inLanguage\":\"de\",\"@id\":\"https:\\\/\\\/www.organisator.ch\\\/#\\\/schema\\\/logo\\\/image\\\/\",\"url\":\"https:\\\/\\\/www.organisator.ch\\\/wp-content\\\/uploads\\\/2022\\\/01\\\/Logo_Organisator_Website.png\",\"contentUrl\":\"https:\\\/\\\/www.organisator.ch\\\/wp-content\\\/uploads\\\/2022\\\/01\\\/Logo_Organisator_Website.png\",\"width\":800,\"height\":77,\"caption\":\"Organisator\"},\"image\":{\"@id\":\"https:\\\/\\\/www.organisator.ch\\\/#\\\/schema\\\/logo\\\/image\\\/\"},\"sameAs\":[\"https:\\\/\\\/www.facebook.com\\\/OrganisatorFachmagazin\",\"https:\\\/\\\/www.linkedin.com\\\/showcase\\\/organisator-das-magazin-fr-kmu\",\"https:\\\/\\\/www.xing.com\\\/news\\\/pages\\\/organisator-ch-695\",\"https:\\\/\\\/www.youtube.com\\\/channel\\\/UCGP2Sq0iWaZwT3BdIAQFYpw\"]},{\"@type\":\"Person\",\"@id\":\"https:\\\/\\\/www.organisator.ch\\\/#\\\/schema\\\/person\\\/aa2bace6c5c5aad60102004a50c4eb1c\",\"name\":\"admin\",\"image\":{\"@type\":\"ImageObject\",\"inLanguage\":\"de\",\"@id\":\"https:\\\/\\\/secure.gravatar.com\\\/avatar\\\/ae2f4d718e6c49043e314ce431e7e645d646302a24a5ef5a8bc8e3f5a032e319?s=96&d=mm&r=g\",\"url\":\"https:\\\/\\\/secure.gravatar.com\\\/avatar\\\/ae2f4d718e6c49043e314ce431e7e645d646302a24a5ef5a8bc8e3f5a032e319?s=96&d=mm&r=g\",\"contentUrl\":\"https:\\\/\\\/secure.gravatar.com\\\/avatar\\\/ae2f4d718e6c49043e314ce431e7e645d646302a24a5ef5a8bc8e3f5a032e319?s=96&d=mm&r=g\",\"caption\":\"admin\"},\"sameAs\":[\"https:\\\/\\\/www.organisator.ch\"],\"url\":\"https:\\\/\\\/www.organisator.ch\\\/de\\\/author\\\/admin\\\/\"}]}<\/script>\n<!-- \/ Yoast SEO plugin. -->","yoast_head_json":{"title":"Was Gen Z und Gen Alpha von Gesch\u00e4ftsreisen erwarten - Organisator","description":"Junge Generationen bringen verst\u00e4rkt neue Sichtweisen und Erwartungshaltungen in die Arbeitswelt der Zukunft ein.","robots":{"index":"index","follow":"follow","max-snippet":"max-snippet:-1","max-image-preview":"max-image-preview:large","max-video-preview":"max-video-preview:-1"},"canonical":"https:\/\/www.organisator.ch\/de\/human-resources\/2024-06-21\/was-gen-z-und-gen-alpha-von-geschaeftsreisen-erwarten\/","og_locale":"de_DE","og_type":"article","og_title":"Was Gen Z und Gen Alpha von Gesch\u00e4ftsreisen erwarten - Organisator","og_description":"Junge Generationen bringen verst\u00e4rkt neue Sichtweisen und Erwartungshaltungen in die Arbeitswelt der Zukunft ein.","og_url":"https:\/\/www.organisator.ch\/de\/human-resources\/2024-06-21\/was-gen-z-und-gen-alpha-von-geschaeftsreisen-erwarten\/","og_site_name":"Organisator","article_publisher":"https:\/\/www.facebook.com\/OrganisatorFachmagazin","article_published_time":"2024-06-21T04:38:40+00:00","article_modified_time":"2024-06-21T06:42:24+00:00","og_image":[{"width":1129,"height":1066,"url":"https:\/\/www.organisator.ch\/wp-content\/uploads\/2024\/06\/HRM_SAP-Concur_Bild_organisator_102780-scaled-e1718799197744.jpg","type":"image\/jpeg"}],"author":"admin","twitter_card":"summary_large_image","schema":{"@context":"https:\/\/schema.org","@graph":[{"@type":"Article","@id":"https:\/\/www.organisator.ch\/human-resources\/2024-06-21\/was-gen-z-und-gen-alpha-von-geschaeftsreisen-erwarten\/#article","isPartOf":{"@id":"https:\/\/www.organisator.ch\/human-resources\/2024-06-21\/was-gen-z-und-gen-alpha-von-geschaeftsreisen-erwarten\/"},"author":{"name":"admin","@id":"https:\/\/www.organisator.ch\/#\/schema\/person\/aa2bace6c5c5aad60102004a50c4eb1c"},"headline":"Was Gen Z und Gen Alpha von Gesch\u00e4ftsreisen erwarten","datePublished":"2024-06-21T04:38:40+00:00","dateModified":"2024-06-21T06:42:24+00:00","mainEntityOfPage":{"@id":"https:\/\/www.organisator.ch\/human-resources\/2024-06-21\/was-gen-z-und-gen-alpha-von-geschaeftsreisen-erwarten\/"},"wordCount":1214,"publisher":{"@id":"https:\/\/www.organisator.ch\/#organization"},"image":{"@id":"https:\/\/www.organisator.ch\/human-resources\/2024-06-21\/was-gen-z-und-gen-alpha-von-geschaeftsreisen-erwarten\/#primaryimage"},"thumbnailUrl":"https:\/\/www.organisator.ch\/wp-content\/uploads\/2024\/06\/HRM_SAP-Concur_Bild_organisator_102780-scaled-e1718799197744.jpg","keywords":["Digitalisierung","Gen Alpha","Gen Z","Gesch\u00e4ftsreisen","Unternehmen"],"articleSection":["ABO+","HUMAN RESOURCES"],"inLanguage":"de"},{"@type":"WebPage","@id":"https:\/\/www.organisator.ch\/human-resources\/2024-06-21\/was-gen-z-und-gen-alpha-von-geschaeftsreisen-erwarten\/","url":"https:\/\/www.organisator.ch\/human-resources\/2024-06-21\/was-gen-z-und-gen-alpha-von-geschaeftsreisen-erwarten\/","name":"Was Gen Z und Gen Alpha von Gesch\u00e4ftsreisen erwarten - Organisator","isPartOf":{"@id":"https:\/\/www.organisator.ch\/#website"},"primaryImageOfPage":{"@id":"https:\/\/www.organisator.ch\/human-resources\/2024-06-21\/was-gen-z-und-gen-alpha-von-geschaeftsreisen-erwarten\/#primaryimage"},"image":{"@id":"https:\/\/www.organisator.ch\/human-resources\/2024-06-21\/was-gen-z-und-gen-alpha-von-geschaeftsreisen-erwarten\/#primaryimage"},"thumbnailUrl":"https:\/\/www.organisator.ch\/wp-content\/uploads\/2024\/06\/HRM_SAP-Concur_Bild_organisator_102780-scaled-e1718799197744.jpg","datePublished":"2024-06-21T04:38:40+00:00","dateModified":"2024-06-21T06:42:24+00:00","description":"Junge Generationen bringen verst\u00e4rkt neue Sichtweisen und Erwartungshaltungen in die Arbeitswelt der Zukunft ein.","breadcrumb":{"@id":"https:\/\/www.organisator.ch\/human-resources\/2024-06-21\/was-gen-z-und-gen-alpha-von-geschaeftsreisen-erwarten\/#breadcrumb"},"inLanguage":"de","potentialAction":[{"@type":"ReadAction","target":["https:\/\/www.organisator.ch\/human-resources\/2024-06-21\/was-gen-z-und-gen-alpha-von-geschaeftsreisen-erwarten\/"]}]},{"@type":"ImageObject","inLanguage":"de","@id":"https:\/\/www.organisator.ch\/human-resources\/2024-06-21\/was-gen-z-und-gen-alpha-von-geschaeftsreisen-erwarten\/#primaryimage","url":"https:\/\/www.organisator.ch\/wp-content\/uploads\/2024\/06\/HRM_SAP-Concur_Bild_organisator_102780-scaled-e1718799197744.jpg","contentUrl":"https:\/\/www.organisator.ch\/wp-content\/uploads\/2024\/06\/HRM_SAP-Concur_Bild_organisator_102780-scaled-e1718799197744.jpg","width":1129,"height":1066,"caption":"Die junge Generation geht gerne auf Gesch\u00e4ftsreise, weil auch sie trotz Digitalisierung den pers\u00f6nlichen Kontakt sch\u00e4tzt. \u00a9 SAP Concur"},{"@type":"BreadcrumbList","@id":"https:\/\/www.organisator.ch\/human-resources\/2024-06-21\/was-gen-z-und-gen-alpha-von-geschaeftsreisen-erwarten\/#breadcrumb","itemListElement":[{"@type":"ListItem","position":1,"name":"Home","item":"https:\/\/www.organisator.ch\/"},{"@type":"ListItem","position":2,"name":"Was Gen Z und Gen Alpha von Gesch\u00e4ftsreisen erwarten"}]},{"@type":"WebSite","@id":"https:\/\/www.organisator.ch\/#website","url":"https:\/\/www.organisator.ch\/","name":"Organisator","description":"Kompetent. Praxisnah. Der ORGANISATOR bereitet in 10 Ausgaben pro Jahr die wesentlichen Themen f\u00fcr F\u00fchrungskr\u00e4fte von KMU auf.","publisher":{"@id":"https:\/\/www.organisator.ch\/#organization"},"potentialAction":[{"@type":"SearchAction","target":{"@type":"EntryPoint","urlTemplate":"https:\/\/www.organisator.ch\/?s={search_term_string}"},"query-input":{"@type":"PropertyValueSpecification","valueRequired":true,"valueName":"search_term_string"}}],"inLanguage":"de"},{"@type":"Organization","@id":"https:\/\/www.organisator.ch\/#organization","name":"Organisator","url":"https:\/\/www.organisator.ch\/","logo":{"@type":"ImageObject","inLanguage":"de","@id":"https:\/\/www.organisator.ch\/#\/schema\/logo\/image\/","url":"https:\/\/www.organisator.ch\/wp-content\/uploads\/2022\/01\/Logo_Organisator_Website.png","contentUrl":"https:\/\/www.organisator.ch\/wp-content\/uploads\/2022\/01\/Logo_Organisator_Website.png","width":800,"height":77,"caption":"Organisator"},"image":{"@id":"https:\/\/www.organisator.ch\/#\/schema\/logo\/image\/"},"sameAs":["https:\/\/www.facebook.com\/OrganisatorFachmagazin","https:\/\/www.linkedin.com\/showcase\/organisator-das-magazin-fr-kmu","https:\/\/www.xing.com\/news\/pages\/organisator-ch-695","https:\/\/www.youtube.com\/channel\/UCGP2Sq0iWaZwT3BdIAQFYpw"]},{"@type":"Person","@id":"https:\/\/www.organisator.ch\/#\/schema\/person\/aa2bace6c5c5aad60102004a50c4eb1c","name":"admin","image":{"@type":"ImageObject","inLanguage":"de","@id":"https:\/\/secure.gravatar.com\/avatar\/ae2f4d718e6c49043e314ce431e7e645d646302a24a5ef5a8bc8e3f5a032e319?s=96&d=mm&r=g","url":"https:\/\/secure.gravatar.com\/avatar\/ae2f4d718e6c49043e314ce431e7e645d646302a24a5ef5a8bc8e3f5a032e319?s=96&d=mm&r=g","contentUrl":"https:\/\/secure.gravatar.com\/avatar\/ae2f4d718e6c49043e314ce431e7e645d646302a24a5ef5a8bc8e3f5a032e319?s=96&d=mm&r=g","caption":"admin"},"sameAs":["https:\/\/www.organisator.ch"],"url":"https:\/\/www.organisator.ch\/de\/author\/admin\/"}]}},"_links":{"self":[{"href":"https:\/\/www.organisator.ch\/de\/wp-json\/wp\/v2\/posts\/27637","targetHints":{"allow":["GET"]}}],"collection":[{"href":"https:\/\/www.organisator.ch\/de\/wp-json\/wp\/v2\/posts"}],"about":[{"href":"https:\/\/www.organisator.ch\/de\/wp-json\/wp\/v2\/types\/post"}],"author":[{"embeddable":true,"href":"https:\/\/www.organisator.ch\/de\/wp-json\/wp\/v2\/users\/1"}],"replies":[{"embeddable":true,"href":"https:\/\/www.organisator.ch\/de\/wp-json\/wp\/v2\/comments?post=27637"}],"version-history":[{"count":3,"href":"https:\/\/www.organisator.ch\/de\/wp-json\/wp\/v2\/posts\/27637\/revisions"}],"predecessor-version":[{"id":27869,"href":"https:\/\/www.organisator.ch\/de\/wp-json\/wp\/v2\/posts\/27637\/revisions\/27869"}],"wp:featuredmedia":[{"embeddable":true,"href":"https:\/\/www.organisator.ch\/de\/wp-json\/wp\/v2\/media\/27636"}],"wp:attachment":[{"href":"https:\/\/www.organisator.ch\/de\/wp-json\/wp\/v2\/media?parent=27637"}],"wp:term":[{"taxonomy":"category","embeddable":true,"href":"https:\/\/www.organisator.ch\/de\/wp-json\/wp\/v2\/categories?post=27637"},{"taxonomy":"post_tag","embeddable":true,"href":"https:\/\/www.organisator.ch\/de\/wp-json\/wp\/v2\/tags?post=27637"}],"curies":[{"name":"wp","href":"https:\/\/api.w.org\/{rel}","templated":true}]}}