{"id":27650,"date":"2024-06-21T02:56:40","date_gmt":"2024-06-21T00:56:40","guid":{"rendered":"https:\/\/www.organisator.ch\/de\/?p=27650"},"modified":"2024-06-19T12:01:20","modified_gmt":"2024-06-19T10:01:20","slug":"firmenflotten-mehr-alternative-mobilitaets-und-antriebsloesungen","status":"publish","type":"post","link":"https:\/\/www.organisator.ch\/de\/operational-excellence\/2024-06-21\/firmenflotten-mehr-alternative-mobilitaets-und-antriebsloesungen\/","title":{"rendered":"Firmenflotten: Mehr alternative Mobilit\u00e4ts- und Antriebsl\u00f6sungen"},"content":{"rendered":"<div class=\"swpm-post-not-logged-in-msg\">You need to be logged in to view this content. Bitte <a class=\"swpm-login-link\" href=\"https:\/\/www.organisator.ch\/login\/\">Log In<\/a>. Kein Mitglied? <a href=\"https:\/\/www.organisator.ch\/shop\/\">Werden Sie Mitglied bei uns<\/a><\/div>","protected":false},"excerpt":{"rendered":"<p>Es herrscht Zuversicht bei den Schweizer Flottenmanagern\/-innen: Neun von zehn Firmen erwarten, dass die Gr&#xF6;sse ihrer Firmenflotte innerhalb der n&#xE4;chsten drei Jahre stabil bleibt oder sie die Flotte erweitern werden. Und immer mehr Firmen setzen auf kombinierte Mobilit&#xE4;tsl&#xF6;sungen f&#xFC;r ihre Mitarbeitenden.<\/p>\n","protected":false},"author":1,"featured_media":27648,"comment_status":"closed","ping_status":"closed","sticky":false,"template":"","format":"standard","meta":{"_acf_changed":false,"_yoast_wpseo_focuskw":"Firmenflotten","_yoast_wpseo_metadesc":"Neun von zehn Firmen erwarten, dass ihre Firmenflotten innerhalb der n\u00e4chsten drei Jahre stabil bleiben oder gr\u00f6sser werden.","articlekey":"105000","footnotes":""},"categories":[578,582],"tags":[1038,212,459],"class_list":["post-27650","post","type-post","status-publish","format-standard","has-post-thumbnail","hentry","category-abo","category-operational-excellence","tag-elektromobilitaet","tag-flottenmanagement","tag-studie"],"acf":[],"yoast_head":"<!-- This site is optimized with the Yoast SEO plugin v27.5 - https:\/\/yoast.com\/product\/yoast-seo-wordpress\/ -->\n<title>Firmenflotten: Mehr alternative Mobilit\u00e4ts- und Antriebsl\u00f6sungen - Organisator<\/title>\n<meta name=\"description\" content=\"Neun von zehn Firmen erwarten, dass ihre Firmenflotten innerhalb der n\u00e4chsten drei Jahre stabil bleiben oder gr\u00f6sser werden.\" \/>\n<meta name=\"robots\" content=\"index, follow, max-snippet:-1, max-image-preview:large, max-video-preview:-1\" \/>\n<link rel=\"canonical\" href=\"https:\/\/www.organisator.ch\/de\/operational-excellence\/2024-06-21\/firmenflotten-mehr-alternative-mobilitaets-und-antriebsloesungen\/\" \/>\n<meta property=\"og:locale\" content=\"de_DE\" \/>\n<meta property=\"og:type\" content=\"article\" \/>\n<meta property=\"og:title\" content=\"Firmenflotten: Mehr alternative Mobilit\u00e4ts- und Antriebsl\u00f6sungen - Organisator\" \/>\n<meta property=\"og:description\" content=\"Neun von zehn Firmen erwarten, dass ihre Firmenflotten innerhalb der n\u00e4chsten drei Jahre stabil bleiben oder gr\u00f6sser werden.\" \/>\n<meta property=\"og:url\" content=\"https:\/\/www.organisator.ch\/de\/operational-excellence\/2024-06-21\/firmenflotten-mehr-alternative-mobilitaets-und-antriebsloesungen\/\" \/>\n<meta property=\"og:site_name\" content=\"Organisator\" \/>\n<meta property=\"article:publisher\" content=\"https:\/\/www.facebook.com\/OrganisatorFachmagazin\" \/>\n<meta property=\"article:published_time\" content=\"2024-06-21T00:56:40+00:00\" \/>\n<meta property=\"og:image\" content=\"https:\/\/www.organisator.ch\/wp-content\/uploads\/2024\/06\/OpEx_Flottenmanagement_Bild_organisator_105006-scaled.jpg\" \/>\n\t<meta property=\"og:image:width\" content=\"1400\" \/>\n\t<meta property=\"og:image:height\" content=\"933\" \/>\n\t<meta property=\"og:image:type\" content=\"image\/jpeg\" \/>\n<meta name=\"author\" content=\"admin\" \/>\n<meta name=\"twitter:card\" content=\"summary_large_image\" \/>\n<script type=\"application\/ld+json\" class=\"yoast-schema-graph\">{\"@context\":\"https:\\\/\\\/schema.org\",\"@graph\":[{\"@type\":\"Article\",\"@id\":\"https:\\\/\\\/www.organisator.ch\\\/operational-excellence\\\/2024-06-21\\\/firmenflotten-mehr-alternative-mobilitaets-und-antriebsloesungen\\\/#article\",\"isPartOf\":{\"@id\":\"https:\\\/\\\/www.organisator.ch\\\/operational-excellence\\\/2024-06-21\\\/firmenflotten-mehr-alternative-mobilitaets-und-antriebsloesungen\\\/\"},\"author\":{\"name\":\"admin\",\"@id\":\"https:\\\/\\\/www.organisator.ch\\\/#\\\/schema\\\/person\\\/aa2bace6c5c5aad60102004a50c4eb1c\"},\"headline\":\"Firmenflotten: Mehr alternative Mobilit\u00e4ts- und Antriebsl\u00f6sungen\",\"datePublished\":\"2024-06-21T00:56:40+00:00\",\"mainEntityOfPage\":{\"@id\":\"https:\\\/\\\/www.organisator.ch\\\/operational-excellence\\\/2024-06-21\\\/firmenflotten-mehr-alternative-mobilitaets-und-antriebsloesungen\\\/\"},\"wordCount\":996,\"publisher\":{\"@id\":\"https:\\\/\\\/www.organisator.ch\\\/#organization\"},\"image\":{\"@id\":\"https:\\\/\\\/www.organisator.ch\\\/operational-excellence\\\/2024-06-21\\\/firmenflotten-mehr-alternative-mobilitaets-und-antriebsloesungen\\\/#primaryimage\"},\"thumbnailUrl\":\"https:\\\/\\\/www.organisator.ch\\\/wp-content\\\/uploads\\\/2024\\\/06\\\/OpEx_Flottenmanagement_Bild_organisator_105006-scaled.jpg\",\"keywords\":[\"Elektromobilit\u00e4t\",\"Flottenmanagement\",\"Studie\"],\"articleSection\":[\"ABO+\",\"OPERATIONAL EXCELLENCE\"],\"inLanguage\":\"de\"},{\"@type\":\"WebPage\",\"@id\":\"https:\\\/\\\/www.organisator.ch\\\/operational-excellence\\\/2024-06-21\\\/firmenflotten-mehr-alternative-mobilitaets-und-antriebsloesungen\\\/\",\"url\":\"https:\\\/\\\/www.organisator.ch\\\/operational-excellence\\\/2024-06-21\\\/firmenflotten-mehr-alternative-mobilitaets-und-antriebsloesungen\\\/\",\"name\":\"Firmenflotten: Mehr alternative Mobilit\u00e4ts- und Antriebsl\u00f6sungen - Organisator\",\"isPartOf\":{\"@id\":\"https:\\\/\\\/www.organisator.ch\\\/#website\"},\"primaryImageOfPage\":{\"@id\":\"https:\\\/\\\/www.organisator.ch\\\/operational-excellence\\\/2024-06-21\\\/firmenflotten-mehr-alternative-mobilitaets-und-antriebsloesungen\\\/#primaryimage\"},\"image\":{\"@id\":\"https:\\\/\\\/www.organisator.ch\\\/operational-excellence\\\/2024-06-21\\\/firmenflotten-mehr-alternative-mobilitaets-und-antriebsloesungen\\\/#primaryimage\"},\"thumbnailUrl\":\"https:\\\/\\\/www.organisator.ch\\\/wp-content\\\/uploads\\\/2024\\\/06\\\/OpEx_Flottenmanagement_Bild_organisator_105006-scaled.jpg\",\"datePublished\":\"2024-06-21T00:56:40+00:00\",\"description\":\"Neun von zehn Firmen erwarten, dass ihre Firmenflotten innerhalb der n\u00e4chsten drei Jahre stabil bleiben oder gr\u00f6sser werden.\",\"breadcrumb\":{\"@id\":\"https:\\\/\\\/www.organisator.ch\\\/operational-excellence\\\/2024-06-21\\\/firmenflotten-mehr-alternative-mobilitaets-und-antriebsloesungen\\\/#breadcrumb\"},\"inLanguage\":\"de\",\"potentialAction\":[{\"@type\":\"ReadAction\",\"target\":[\"https:\\\/\\\/www.organisator.ch\\\/operational-excellence\\\/2024-06-21\\\/firmenflotten-mehr-alternative-mobilitaets-und-antriebsloesungen\\\/\"]}]},{\"@type\":\"ImageObject\",\"inLanguage\":\"de\",\"@id\":\"https:\\\/\\\/www.organisator.ch\\\/operational-excellence\\\/2024-06-21\\\/firmenflotten-mehr-alternative-mobilitaets-und-antriebsloesungen\\\/#primaryimage\",\"url\":\"https:\\\/\\\/www.organisator.ch\\\/wp-content\\\/uploads\\\/2024\\\/06\\\/OpEx_Flottenmanagement_Bild_organisator_105006-scaled.jpg\",\"contentUrl\":\"https:\\\/\\\/www.organisator.ch\\\/wp-content\\\/uploads\\\/2024\\\/06\\\/OpEx_Flottenmanagement_Bild_organisator_105006-scaled.jpg\",\"width\":1400,\"height\":933,\"caption\":\"Der Einsatz von elektrisch betriebenen LKW nimmt auch in der Schweiz zu. Dies erfordert einen weiteren (und schnelleren) Ausbau des Schnellladenetzes f\u00fcr E-Trucks. \u00a9 Netze BW \\\/ Unsplash.com\"},{\"@type\":\"BreadcrumbList\",\"@id\":\"https:\\\/\\\/www.organisator.ch\\\/operational-excellence\\\/2024-06-21\\\/firmenflotten-mehr-alternative-mobilitaets-und-antriebsloesungen\\\/#breadcrumb\",\"itemListElement\":[{\"@type\":\"ListItem\",\"position\":1,\"name\":\"Home\",\"item\":\"https:\\\/\\\/www.organisator.ch\\\/\"},{\"@type\":\"ListItem\",\"position\":2,\"name\":\"Firmenflotten: Mehr alternative Mobilit\u00e4ts- und Antriebsl\u00f6sungen\"}]},{\"@type\":\"WebSite\",\"@id\":\"https:\\\/\\\/www.organisator.ch\\\/#website\",\"url\":\"https:\\\/\\\/www.organisator.ch\\\/\",\"name\":\"Organisator\",\"description\":\"Kompetent. Praxisnah. Der ORGANISATOR bereitet in 10 Ausgaben pro Jahr die wesentlichen Themen f\u00fcr F\u00fchrungskr\u00e4fte von KMU auf.\",\"publisher\":{\"@id\":\"https:\\\/\\\/www.organisator.ch\\\/#organization\"},\"potentialAction\":[{\"@type\":\"SearchAction\",\"target\":{\"@type\":\"EntryPoint\",\"urlTemplate\":\"https:\\\/\\\/www.organisator.ch\\\/?s={search_term_string}\"},\"query-input\":{\"@type\":\"PropertyValueSpecification\",\"valueRequired\":true,\"valueName\":\"search_term_string\"}}],\"inLanguage\":\"de\"},{\"@type\":\"Organization\",\"@id\":\"https:\\\/\\\/www.organisator.ch\\\/#organization\",\"name\":\"Organisator\",\"url\":\"https:\\\/\\\/www.organisator.ch\\\/\",\"logo\":{\"@type\":\"ImageObject\",\"inLanguage\":\"de\",\"@id\":\"https:\\\/\\\/www.organisator.ch\\\/#\\\/schema\\\/logo\\\/image\\\/\",\"url\":\"https:\\\/\\\/www.organisator.ch\\\/wp-content\\\/uploads\\\/2022\\\/01\\\/Logo_Organisator_Website.png\",\"contentUrl\":\"https:\\\/\\\/www.organisator.ch\\\/wp-content\\\/uploads\\\/2022\\\/01\\\/Logo_Organisator_Website.png\",\"width\":800,\"height\":77,\"caption\":\"Organisator\"},\"image\":{\"@id\":\"https:\\\/\\\/www.organisator.ch\\\/#\\\/schema\\\/logo\\\/image\\\/\"},\"sameAs\":[\"https:\\\/\\\/www.facebook.com\\\/OrganisatorFachmagazin\",\"https:\\\/\\\/www.linkedin.com\\\/showcase\\\/organisator-das-magazin-fr-kmu\",\"https:\\\/\\\/www.xing.com\\\/news\\\/pages\\\/organisator-ch-695\",\"https:\\\/\\\/www.youtube.com\\\/channel\\\/UCGP2Sq0iWaZwT3BdIAQFYpw\"]},{\"@type\":\"Person\",\"@id\":\"https:\\\/\\\/www.organisator.ch\\\/#\\\/schema\\\/person\\\/aa2bace6c5c5aad60102004a50c4eb1c\",\"name\":\"admin\",\"image\":{\"@type\":\"ImageObject\",\"inLanguage\":\"de\",\"@id\":\"https:\\\/\\\/secure.gravatar.com\\\/avatar\\\/ae2f4d718e6c49043e314ce431e7e645d646302a24a5ef5a8bc8e3f5a032e319?s=96&d=mm&r=g\",\"url\":\"https:\\\/\\\/secure.gravatar.com\\\/avatar\\\/ae2f4d718e6c49043e314ce431e7e645d646302a24a5ef5a8bc8e3f5a032e319?s=96&d=mm&r=g\",\"contentUrl\":\"https:\\\/\\\/secure.gravatar.com\\\/avatar\\\/ae2f4d718e6c49043e314ce431e7e645d646302a24a5ef5a8bc8e3f5a032e319?s=96&d=mm&r=g\",\"caption\":\"admin\"},\"sameAs\":[\"https:\\\/\\\/www.organisator.ch\"],\"url\":\"https:\\\/\\\/www.organisator.ch\\\/de\\\/author\\\/admin\\\/\"}]}<\/script>\n<!-- \/ Yoast SEO plugin. -->","yoast_head_json":{"title":"Firmenflotten: Mehr alternative Mobilit\u00e4ts- und Antriebsl\u00f6sungen - Organisator","description":"Neun von zehn Firmen erwarten, dass ihre Firmenflotten innerhalb der n\u00e4chsten drei Jahre stabil bleiben oder gr\u00f6sser werden.","robots":{"index":"index","follow":"follow","max-snippet":"max-snippet:-1","max-image-preview":"max-image-preview:large","max-video-preview":"max-video-preview:-1"},"canonical":"https:\/\/www.organisator.ch\/de\/operational-excellence\/2024-06-21\/firmenflotten-mehr-alternative-mobilitaets-und-antriebsloesungen\/","og_locale":"de_DE","og_type":"article","og_title":"Firmenflotten: Mehr alternative Mobilit\u00e4ts- und Antriebsl\u00f6sungen - Organisator","og_description":"Neun von zehn Firmen erwarten, dass ihre Firmenflotten innerhalb der n\u00e4chsten drei Jahre stabil bleiben oder gr\u00f6sser werden.","og_url":"https:\/\/www.organisator.ch\/de\/operational-excellence\/2024-06-21\/firmenflotten-mehr-alternative-mobilitaets-und-antriebsloesungen\/","og_site_name":"Organisator","article_publisher":"https:\/\/www.facebook.com\/OrganisatorFachmagazin","article_published_time":"2024-06-21T00:56:40+00:00","og_image":[{"width":1400,"height":933,"url":"https:\/\/www.organisator.ch\/wp-content\/uploads\/2024\/06\/OpEx_Flottenmanagement_Bild_organisator_105006-scaled.jpg","type":"image\/jpeg"}],"author":"admin","twitter_card":"summary_large_image","schema":{"@context":"https:\/\/schema.org","@graph":[{"@type":"Article","@id":"https:\/\/www.organisator.ch\/operational-excellence\/2024-06-21\/firmenflotten-mehr-alternative-mobilitaets-und-antriebsloesungen\/#article","isPartOf":{"@id":"https:\/\/www.organisator.ch\/operational-excellence\/2024-06-21\/firmenflotten-mehr-alternative-mobilitaets-und-antriebsloesungen\/"},"author":{"name":"admin","@id":"https:\/\/www.organisator.ch\/#\/schema\/person\/aa2bace6c5c5aad60102004a50c4eb1c"},"headline":"Firmenflotten: Mehr alternative Mobilit\u00e4ts- und Antriebsl\u00f6sungen","datePublished":"2024-06-21T00:56:40+00:00","mainEntityOfPage":{"@id":"https:\/\/www.organisator.ch\/operational-excellence\/2024-06-21\/firmenflotten-mehr-alternative-mobilitaets-und-antriebsloesungen\/"},"wordCount":996,"publisher":{"@id":"https:\/\/www.organisator.ch\/#organization"},"image":{"@id":"https:\/\/www.organisator.ch\/operational-excellence\/2024-06-21\/firmenflotten-mehr-alternative-mobilitaets-und-antriebsloesungen\/#primaryimage"},"thumbnailUrl":"https:\/\/www.organisator.ch\/wp-content\/uploads\/2024\/06\/OpEx_Flottenmanagement_Bild_organisator_105006-scaled.jpg","keywords":["Elektromobilit\u00e4t","Flottenmanagement","Studie"],"articleSection":["ABO+","OPERATIONAL EXCELLENCE"],"inLanguage":"de"},{"@type":"WebPage","@id":"https:\/\/www.organisator.ch\/operational-excellence\/2024-06-21\/firmenflotten-mehr-alternative-mobilitaets-und-antriebsloesungen\/","url":"https:\/\/www.organisator.ch\/operational-excellence\/2024-06-21\/firmenflotten-mehr-alternative-mobilitaets-und-antriebsloesungen\/","name":"Firmenflotten: Mehr alternative Mobilit\u00e4ts- und Antriebsl\u00f6sungen - Organisator","isPartOf":{"@id":"https:\/\/www.organisator.ch\/#website"},"primaryImageOfPage":{"@id":"https:\/\/www.organisator.ch\/operational-excellence\/2024-06-21\/firmenflotten-mehr-alternative-mobilitaets-und-antriebsloesungen\/#primaryimage"},"image":{"@id":"https:\/\/www.organisator.ch\/operational-excellence\/2024-06-21\/firmenflotten-mehr-alternative-mobilitaets-und-antriebsloesungen\/#primaryimage"},"thumbnailUrl":"https:\/\/www.organisator.ch\/wp-content\/uploads\/2024\/06\/OpEx_Flottenmanagement_Bild_organisator_105006-scaled.jpg","datePublished":"2024-06-21T00:56:40+00:00","description":"Neun von zehn Firmen erwarten, dass ihre Firmenflotten innerhalb der n\u00e4chsten drei Jahre stabil bleiben oder gr\u00f6sser werden.","breadcrumb":{"@id":"https:\/\/www.organisator.ch\/operational-excellence\/2024-06-21\/firmenflotten-mehr-alternative-mobilitaets-und-antriebsloesungen\/#breadcrumb"},"inLanguage":"de","potentialAction":[{"@type":"ReadAction","target":["https:\/\/www.organisator.ch\/operational-excellence\/2024-06-21\/firmenflotten-mehr-alternative-mobilitaets-und-antriebsloesungen\/"]}]},{"@type":"ImageObject","inLanguage":"de","@id":"https:\/\/www.organisator.ch\/operational-excellence\/2024-06-21\/firmenflotten-mehr-alternative-mobilitaets-und-antriebsloesungen\/#primaryimage","url":"https:\/\/www.organisator.ch\/wp-content\/uploads\/2024\/06\/OpEx_Flottenmanagement_Bild_organisator_105006-scaled.jpg","contentUrl":"https:\/\/www.organisator.ch\/wp-content\/uploads\/2024\/06\/OpEx_Flottenmanagement_Bild_organisator_105006-scaled.jpg","width":1400,"height":933,"caption":"Der Einsatz von elektrisch betriebenen LKW nimmt auch in der Schweiz zu. Dies erfordert einen weiteren (und schnelleren) Ausbau des Schnellladenetzes f\u00fcr E-Trucks. \u00a9 Netze BW \/ Unsplash.com"},{"@type":"BreadcrumbList","@id":"https:\/\/www.organisator.ch\/operational-excellence\/2024-06-21\/firmenflotten-mehr-alternative-mobilitaets-und-antriebsloesungen\/#breadcrumb","itemListElement":[{"@type":"ListItem","position":1,"name":"Home","item":"https:\/\/www.organisator.ch\/"},{"@type":"ListItem","position":2,"name":"Firmenflotten: Mehr alternative Mobilit\u00e4ts- und Antriebsl\u00f6sungen"}]},{"@type":"WebSite","@id":"https:\/\/www.organisator.ch\/#website","url":"https:\/\/www.organisator.ch\/","name":"Organisator","description":"Kompetent. Praxisnah. Der ORGANISATOR bereitet in 10 Ausgaben pro Jahr die wesentlichen Themen f\u00fcr F\u00fchrungskr\u00e4fte von KMU auf.","publisher":{"@id":"https:\/\/www.organisator.ch\/#organization"},"potentialAction":[{"@type":"SearchAction","target":{"@type":"EntryPoint","urlTemplate":"https:\/\/www.organisator.ch\/?s={search_term_string}"},"query-input":{"@type":"PropertyValueSpecification","valueRequired":true,"valueName":"search_term_string"}}],"inLanguage":"de"},{"@type":"Organization","@id":"https:\/\/www.organisator.ch\/#organization","name":"Organisator","url":"https:\/\/www.organisator.ch\/","logo":{"@type":"ImageObject","inLanguage":"de","@id":"https:\/\/www.organisator.ch\/#\/schema\/logo\/image\/","url":"https:\/\/www.organisator.ch\/wp-content\/uploads\/2022\/01\/Logo_Organisator_Website.png","contentUrl":"https:\/\/www.organisator.ch\/wp-content\/uploads\/2022\/01\/Logo_Organisator_Website.png","width":800,"height":77,"caption":"Organisator"},"image":{"@id":"https:\/\/www.organisator.ch\/#\/schema\/logo\/image\/"},"sameAs":["https:\/\/www.facebook.com\/OrganisatorFachmagazin","https:\/\/www.linkedin.com\/showcase\/organisator-das-magazin-fr-kmu","https:\/\/www.xing.com\/news\/pages\/organisator-ch-695","https:\/\/www.youtube.com\/channel\/UCGP2Sq0iWaZwT3BdIAQFYpw"]},{"@type":"Person","@id":"https:\/\/www.organisator.ch\/#\/schema\/person\/aa2bace6c5c5aad60102004a50c4eb1c","name":"admin","image":{"@type":"ImageObject","inLanguage":"de","@id":"https:\/\/secure.gravatar.com\/avatar\/ae2f4d718e6c49043e314ce431e7e645d646302a24a5ef5a8bc8e3f5a032e319?s=96&d=mm&r=g","url":"https:\/\/secure.gravatar.com\/avatar\/ae2f4d718e6c49043e314ce431e7e645d646302a24a5ef5a8bc8e3f5a032e319?s=96&d=mm&r=g","contentUrl":"https:\/\/secure.gravatar.com\/avatar\/ae2f4d718e6c49043e314ce431e7e645d646302a24a5ef5a8bc8e3f5a032e319?s=96&d=mm&r=g","caption":"admin"},"sameAs":["https:\/\/www.organisator.ch"],"url":"https:\/\/www.organisator.ch\/de\/author\/admin\/"}]}},"_links":{"self":[{"href":"https:\/\/www.organisator.ch\/de\/wp-json\/wp\/v2\/posts\/27650","targetHints":{"allow":["GET"]}}],"collection":[{"href":"https:\/\/www.organisator.ch\/de\/wp-json\/wp\/v2\/posts"}],"about":[{"href":"https:\/\/www.organisator.ch\/de\/wp-json\/wp\/v2\/types\/post"}],"author":[{"embeddable":true,"href":"https:\/\/www.organisator.ch\/de\/wp-json\/wp\/v2\/users\/1"}],"replies":[{"embeddable":true,"href":"https:\/\/www.organisator.ch\/de\/wp-json\/wp\/v2\/comments?post=27650"}],"version-history":[{"count":2,"href":"https:\/\/www.organisator.ch\/de\/wp-json\/wp\/v2\/posts\/27650\/revisions"}],"predecessor-version":[{"id":27842,"href":"https:\/\/www.organisator.ch\/de\/wp-json\/wp\/v2\/posts\/27650\/revisions\/27842"}],"wp:featuredmedia":[{"embeddable":true,"href":"https:\/\/www.organisator.ch\/de\/wp-json\/wp\/v2\/media\/27648"}],"wp:attachment":[{"href":"https:\/\/www.organisator.ch\/de\/wp-json\/wp\/v2\/media?parent=27650"}],"wp:term":[{"taxonomy":"category","embeddable":true,"href":"https:\/\/www.organisator.ch\/de\/wp-json\/wp\/v2\/categories?post=27650"},{"taxonomy":"post_tag","embeddable":true,"href":"https:\/\/www.organisator.ch\/de\/wp-json\/wp\/v2\/tags?post=27650"}],"curies":[{"name":"wp","href":"https:\/\/api.w.org\/{rel}","templated":true}]}}