{"id":2767,"date":"2020-01-21T11:22:04","date_gmt":"2020-01-21T10:22:04","guid":{"rendered":"https:\/\/www.umweltperspektiven.ch\/?p=2767"},"modified":"2022-02-09T11:06:15","modified_gmt":"2022-02-09T10:06:15","slug":"nachhaltigem-treibstoff-erstes-flugzeug-mit-bio-kerosin-in-zuerich-gestartet","status":"publish","type":"post","link":"https:\/\/www.organisator.ch\/de\/sustainability\/2020-01-21\/nachhaltigem-treibstoff-erstes-flugzeug-mit-bio-kerosin-in-zuerich-gestartet\/","title":{"rendered":"Nachhaltiger Treibstoff: Erstes Flugzeug mit Bio-Kerosin in Z\u00fcrich gestartet"},"content":{"rendered":"<figure id=\"attachment_2768\" aria-describedby=\"caption-attachment-2768\" style=\"width: 680px\" class=\"wp-caption alignnone\"><img loading=\"lazy\" decoding=\"async\" class=\"size-medium wp-image-2768\" src=\"\/\/www.umweltperspektiven.ch\/wp-content\/uploads\/2020\/01\/Bio-Kerosin-Flughafen_Z\u00fcrich-UP_Umwelt-Perspektiven.jpg\" alt=\"\" width=\"680\" height=\"510\" \/><figcaption id=\"caption-attachment-2768\" class=\"wp-caption-text\">Bislang musste nachhaltiges Kerosin aus dem Ausland importiert werden. F\u00fcrs WEF bietet man erstmals den nachhaltigen Treibstoff in Z\u00fcrich an. (Symbolbild: Jet Aviation)<\/figcaption><\/figure>\n<p class=\"bodytext\">Am Flughafen Z\u00fcrich ist am 20. Januar 2020 erstmals eine Gesch\u00e4ftsmaschine mit einer Mischung aus nachhaltigem Treibstoff und herk\u00f6mmlichem Kerosin betankt worden. Mit diesem Gemisch k\u00f6nnen abfliegende Gesch\u00e4ftsmaschinen f\u00fcr die Dauer des Weltwirtschaftsforums in Davos bef\u00fcllt werden.<\/p>\n<p><strong>Regenerativer Biokraftstoff\u00a0<\/strong><\/p>\n<p class=\"bodytext\">Regenerative Biokraftstoffe f\u00fcr Flugzeuge, sogenannte Sustainable Aviation Fuels (SAF), werden aus nachwachsenden Rohstoffen wie Raps-, Palm- oder Jatropha\u00f6l oder aus Algen hergestellt. Sie seien nahezu CO2-neutral und daher \u201eein vielversprechender Ansatz f\u00fcr einen klimafreundlicheren Luftverkehr\u201c, so die Medienmitteilung der\u00a0<a href=\"\/\/www.flughafen-zuerich.ch\/unternehmen\/flughafen-zuerich-ag\" target=\"_blank\" rel=\"noopener\">Flughafen Z\u00fcrich AG<\/a>.<\/p>\n<p>Laut der\u00a0<a href=\"\/\/www.flughafen-zuerich.ch\/unternehmen\/medien\/news-center\/2020\/jan\/mm-20200120-saf?cat=medienmitteilung#_ga=2.52370989.525475176.1579597623-627038045.1576755169\" target=\"_blank\" rel=\"noopener\">Medienmitteilung<\/a>\u00a0wurde diese Art nachhaltiger Verkehr durch die Zusammenarbeit mit\u00a0<a href=\"\/\/www.jetaviation.com\/zurich\" target=\"_blank\" rel=\"noopener\">Jet Aviation<\/a>\u00a0und dem finnischen Hersteller von erneuerbarem Flugzeugtreibstoff\u00a0<a href=\"\/\/www.neste.com\/corporate-info\" target=\"_blank\" rel=\"noopener\">Neste<\/a>\u00a0erm\u00f6glicht. Neste MY Renewable Jet Fuel soll die Treibhausgasemissionen im Vergleich zu fossilem Kerosin um bis zu 80 Prozent reduzieren.<\/p>\n<p><strong>Noch Hindernisse gegeben\u00a0<\/strong><\/p>\n<p class=\"bodytext\">Die SAF-Premiere zeige, dass es grunds\u00e4tzlich m\u00f6glich ist, eine funktionierende Lieferkette zu etablieren. Jedoch seien von der Logistik \u00fcber den Import bis hin zur Verteilung vor Ort \u201ebetr\u00e4chtliche Hindernisse zu \u00fcberwinden, bevor eine Maschine an einem Schweizer Flughafen SAF tanken kann\u201c, so der Leiter Umweltschutz bei der Flughafen Z\u00fcrich AG Emanuel Fleuti. Auch Joao Martins, Senior Director und GM von Jet Aviations FBO Operations in Z\u00fcrich betont, dass es monatelanger Vorbereitung bedurft habe.<\/p>\n<p class=\"bodytext\">Noch sind SAF rund drei- bis viermal teurer sei als herk\u00f6mmliche Flugzeugtreibstoffe. \u201eDer erstmalige Einsatz von SAF am Flughafen Z\u00fcrich ist deshalb auch als Anstoss f\u00fcr die Politik zu verstehen, Rahmenbedingungen zu schaffen, welche die Verbesserung der Verf\u00fcgbarkeit und Marktf\u00e4higkeit von SAF erlauben\u201c, so die Flughafen Z\u00fcrich AG in ihrer Medienmitteilung.<\/p>\n","protected":false},"excerpt":{"rendered":"<p>Am Flughafen Z\u00fcrich ist am 20. Januar 2020 erstmals eine Gesch\u00e4ftsmaschine mit einer Mischung aus nachhaltigem Treibstoff und herk\u00f6mmlichem Kerosin betankt worden. Mit diesem Gemisch k\u00f6nnen abfliegende Gesch\u00e4ftsmaschinen f\u00fcr die Dauer des Weltwirtschaftsforums in Davos bef\u00fcllt werden. Regenerativer Biokraftstoff\u00a0 Regenerative Biokraftstoffe f\u00fcr Flugzeuge, sogenannte Sustainable Aviation Fuels (SAF), werden aus nachwachsenden Rohstoffen wie Raps-, Palm- [&hellip;]<\/p>\n","protected":false},"author":5,"featured_media":2768,"comment_status":"closed","ping_status":"closed","sticky":false,"template":"","format":"standard","meta":{"_acf_changed":false,"_yoast_wpseo_focuskw":"Nachhaltigem Treibstoff","_yoast_wpseo_metadesc":"Am Z\u00fcrcher Flughafen ist erstmals eine Maschine mit einem Gemisch aus herk\u00f6mmlichem und nachhaltigem Flugzeugtreibstoff betankt worden.","articlekey":"","footnotes":""},"categories":[580],"tags":[825,213,1774,2538,542],"class_list":["post-2767","post","type-post","status-publish","format-standard","has-post-thumbnail","hentry","category-sustainability","tag-bio-kerosin","tag-flughafen","tag-nachhaltiger-treibstoff","tag-wef","tag-zuerich"],"acf":[],"yoast_head":"<!-- This site is optimized with the Yoast SEO plugin v27.5 - https:\/\/yoast.com\/product\/yoast-seo-wordpress\/ -->\n<title>Nachhaltiger Treibstoff: Erstes Flugzeug mit Bio-Kerosin in Z\u00fcrich gestartet - Organisator<\/title>\n<meta name=\"description\" content=\"Am Z\u00fcrcher Flughafen ist erstmals eine Maschine mit einem Gemisch aus herk\u00f6mmlichem und nachhaltigem Flugzeugtreibstoff betankt worden.\" \/>\n<meta name=\"robots\" content=\"index, follow, max-snippet:-1, max-image-preview:large, max-video-preview:-1\" \/>\n<link rel=\"canonical\" href=\"https:\/\/www.organisator.ch\/de\/sustainability\/2020-01-21\/nachhaltigem-treibstoff-erstes-flugzeug-mit-bio-kerosin-in-zuerich-gestartet\/\" \/>\n<meta property=\"og:locale\" content=\"de_DE\" \/>\n<meta property=\"og:type\" content=\"article\" \/>\n<meta property=\"og:title\" content=\"Nachhaltiger Treibstoff: Erstes Flugzeug mit Bio-Kerosin in Z\u00fcrich gestartet - Organisator\" \/>\n<meta property=\"og:description\" content=\"Am Z\u00fcrcher Flughafen ist erstmals eine Maschine mit einem Gemisch aus herk\u00f6mmlichem und nachhaltigem Flugzeugtreibstoff betankt worden.\" \/>\n<meta property=\"og:url\" content=\"https:\/\/www.organisator.ch\/de\/sustainability\/2020-01-21\/nachhaltigem-treibstoff-erstes-flugzeug-mit-bio-kerosin-in-zuerich-gestartet\/\" \/>\n<meta property=\"og:site_name\" content=\"Organisator\" \/>\n<meta property=\"article:publisher\" content=\"https:\/\/www.facebook.com\/OrganisatorFachmagazin\" \/>\n<meta property=\"article:published_time\" content=\"2020-01-21T10:22:04+00:00\" \/>\n<meta property=\"article:modified_time\" content=\"2022-02-09T10:06:15+00:00\" \/>\n<meta property=\"og:image\" content=\"https:\/\/www.organisator.ch\/wp-content\/uploads\/2020\/01\/Bio-Kerosin-Flughafen_Zuerich-UP_Umwelt-Perspektiven.jpg\" \/>\n\t<meta property=\"og:image:width\" content=\"800\" \/>\n\t<meta property=\"og:image:height\" content=\"600\" \/>\n\t<meta property=\"og:image:type\" content=\"image\/jpeg\" \/>\n<meta name=\"author\" content=\"michael.merz\" \/>\n<meta name=\"twitter:card\" content=\"summary_large_image\" \/>\n<script type=\"application\/ld+json\" class=\"yoast-schema-graph\">{\"@context\":\"https:\\\/\\\/schema.org\",\"@graph\":[{\"@type\":\"Article\",\"@id\":\"https:\\\/\\\/www.organisator.ch\\\/sustainability\\\/2020-01-21\\\/nachhaltigem-treibstoff-erstes-flugzeug-mit-bio-kerosin-in-zuerich-gestartet\\\/#article\",\"isPartOf\":{\"@id\":\"https:\\\/\\\/www.organisator.ch\\\/sustainability\\\/2020-01-21\\\/nachhaltigem-treibstoff-erstes-flugzeug-mit-bio-kerosin-in-zuerich-gestartet\\\/\"},\"author\":{\"name\":\"michael.merz\",\"@id\":\"https:\\\/\\\/www.organisator.ch\\\/#\\\/schema\\\/person\\\/134708ca9321c57b0362cceb7948ffbd\"},\"headline\":\"Nachhaltiger Treibstoff: Erstes Flugzeug mit Bio-Kerosin in Z\u00fcrich gestartet\",\"datePublished\":\"2020-01-21T10:22:04+00:00\",\"dateModified\":\"2022-02-09T10:06:15+00:00\",\"mainEntityOfPage\":{\"@id\":\"https:\\\/\\\/www.organisator.ch\\\/sustainability\\\/2020-01-21\\\/nachhaltigem-treibstoff-erstes-flugzeug-mit-bio-kerosin-in-zuerich-gestartet\\\/\"},\"wordCount\":313,\"publisher\":{\"@id\":\"https:\\\/\\\/www.organisator.ch\\\/#organization\"},\"image\":{\"@id\":\"https:\\\/\\\/www.organisator.ch\\\/sustainability\\\/2020-01-21\\\/nachhaltigem-treibstoff-erstes-flugzeug-mit-bio-kerosin-in-zuerich-gestartet\\\/#primaryimage\"},\"thumbnailUrl\":\"https:\\\/\\\/www.organisator.ch\\\/wp-content\\\/uploads\\\/2020\\\/01\\\/Bio-Kerosin-Flughafen_Zuerich-UP_Umwelt-Perspektiven.jpg\",\"keywords\":[\"Bio-Kerosin\",\"Flughafen\",\"Nachhaltiger Treibstoff\",\"WEF\",\"Z\u00fcrich\"],\"articleSection\":[\"SUSTAINABILITY\"],\"inLanguage\":\"de\"},{\"@type\":\"WebPage\",\"@id\":\"https:\\\/\\\/www.organisator.ch\\\/sustainability\\\/2020-01-21\\\/nachhaltigem-treibstoff-erstes-flugzeug-mit-bio-kerosin-in-zuerich-gestartet\\\/\",\"url\":\"https:\\\/\\\/www.organisator.ch\\\/sustainability\\\/2020-01-21\\\/nachhaltigem-treibstoff-erstes-flugzeug-mit-bio-kerosin-in-zuerich-gestartet\\\/\",\"name\":\"Nachhaltiger Treibstoff: Erstes Flugzeug mit Bio-Kerosin in Z\u00fcrich gestartet - Organisator\",\"isPartOf\":{\"@id\":\"https:\\\/\\\/www.organisator.ch\\\/#website\"},\"primaryImageOfPage\":{\"@id\":\"https:\\\/\\\/www.organisator.ch\\\/sustainability\\\/2020-01-21\\\/nachhaltigem-treibstoff-erstes-flugzeug-mit-bio-kerosin-in-zuerich-gestartet\\\/#primaryimage\"},\"image\":{\"@id\":\"https:\\\/\\\/www.organisator.ch\\\/sustainability\\\/2020-01-21\\\/nachhaltigem-treibstoff-erstes-flugzeug-mit-bio-kerosin-in-zuerich-gestartet\\\/#primaryimage\"},\"thumbnailUrl\":\"https:\\\/\\\/www.organisator.ch\\\/wp-content\\\/uploads\\\/2020\\\/01\\\/Bio-Kerosin-Flughafen_Zuerich-UP_Umwelt-Perspektiven.jpg\",\"datePublished\":\"2020-01-21T10:22:04+00:00\",\"dateModified\":\"2022-02-09T10:06:15+00:00\",\"description\":\"Am Z\u00fcrcher Flughafen ist erstmals eine Maschine mit einem Gemisch aus herk\u00f6mmlichem und nachhaltigem Flugzeugtreibstoff betankt worden.\",\"breadcrumb\":{\"@id\":\"https:\\\/\\\/www.organisator.ch\\\/sustainability\\\/2020-01-21\\\/nachhaltigem-treibstoff-erstes-flugzeug-mit-bio-kerosin-in-zuerich-gestartet\\\/#breadcrumb\"},\"inLanguage\":\"de\",\"potentialAction\":[{\"@type\":\"ReadAction\",\"target\":[\"https:\\\/\\\/www.organisator.ch\\\/sustainability\\\/2020-01-21\\\/nachhaltigem-treibstoff-erstes-flugzeug-mit-bio-kerosin-in-zuerich-gestartet\\\/\"]}]},{\"@type\":\"ImageObject\",\"inLanguage\":\"de\",\"@id\":\"https:\\\/\\\/www.organisator.ch\\\/sustainability\\\/2020-01-21\\\/nachhaltigem-treibstoff-erstes-flugzeug-mit-bio-kerosin-in-zuerich-gestartet\\\/#primaryimage\",\"url\":\"https:\\\/\\\/www.organisator.ch\\\/wp-content\\\/uploads\\\/2020\\\/01\\\/Bio-Kerosin-Flughafen_Zuerich-UP_Umwelt-Perspektiven.jpg\",\"contentUrl\":\"https:\\\/\\\/www.organisator.ch\\\/wp-content\\\/uploads\\\/2020\\\/01\\\/Bio-Kerosin-Flughafen_Zuerich-UP_Umwelt-Perspektiven.jpg\",\"width\":800,\"height\":600,\"caption\":\"Bislang musste nachhaltiges Kerosin aus dem Ausland importiert werden. F\u00fcrs WEF bietet man erstmals den nachhaltigen Treibstoff in Z\u00fcrich an. (Symbolbild: Jet Aviation)\"},{\"@type\":\"BreadcrumbList\",\"@id\":\"https:\\\/\\\/www.organisator.ch\\\/sustainability\\\/2020-01-21\\\/nachhaltigem-treibstoff-erstes-flugzeug-mit-bio-kerosin-in-zuerich-gestartet\\\/#breadcrumb\",\"itemListElement\":[{\"@type\":\"ListItem\",\"position\":1,\"name\":\"Home\",\"item\":\"https:\\\/\\\/www.organisator.ch\\\/\"},{\"@type\":\"ListItem\",\"position\":2,\"name\":\"Nachhaltiger Treibstoff: Erstes Flugzeug mit Bio-Kerosin in Z\u00fcrich gestartet\"}]},{\"@type\":\"WebSite\",\"@id\":\"https:\\\/\\\/www.organisator.ch\\\/#website\",\"url\":\"https:\\\/\\\/www.organisator.ch\\\/\",\"name\":\"Organisator\",\"description\":\"Kompetent. Praxisnah. Der ORGANISATOR bereitet in 10 Ausgaben pro Jahr die wesentlichen Themen f\u00fcr F\u00fchrungskr\u00e4fte von KMU auf.\",\"publisher\":{\"@id\":\"https:\\\/\\\/www.organisator.ch\\\/#organization\"},\"potentialAction\":[{\"@type\":\"SearchAction\",\"target\":{\"@type\":\"EntryPoint\",\"urlTemplate\":\"https:\\\/\\\/www.organisator.ch\\\/?s={search_term_string}\"},\"query-input\":{\"@type\":\"PropertyValueSpecification\",\"valueRequired\":true,\"valueName\":\"search_term_string\"}}],\"inLanguage\":\"de\"},{\"@type\":\"Organization\",\"@id\":\"https:\\\/\\\/www.organisator.ch\\\/#organization\",\"name\":\"Organisator\",\"url\":\"https:\\\/\\\/www.organisator.ch\\\/\",\"logo\":{\"@type\":\"ImageObject\",\"inLanguage\":\"de\",\"@id\":\"https:\\\/\\\/www.organisator.ch\\\/#\\\/schema\\\/logo\\\/image\\\/\",\"url\":\"https:\\\/\\\/www.organisator.ch\\\/wp-content\\\/uploads\\\/2022\\\/01\\\/Logo_Organisator_Website.png\",\"contentUrl\":\"https:\\\/\\\/www.organisator.ch\\\/wp-content\\\/uploads\\\/2022\\\/01\\\/Logo_Organisator_Website.png\",\"width\":800,\"height\":77,\"caption\":\"Organisator\"},\"image\":{\"@id\":\"https:\\\/\\\/www.organisator.ch\\\/#\\\/schema\\\/logo\\\/image\\\/\"},\"sameAs\":[\"https:\\\/\\\/www.facebook.com\\\/OrganisatorFachmagazin\",\"https:\\\/\\\/www.linkedin.com\\\/showcase\\\/organisator-das-magazin-fr-kmu\",\"https:\\\/\\\/www.xing.com\\\/news\\\/pages\\\/organisator-ch-695\",\"https:\\\/\\\/www.youtube.com\\\/channel\\\/UCGP2Sq0iWaZwT3BdIAQFYpw\"]},{\"@type\":\"Person\",\"@id\":\"https:\\\/\\\/www.organisator.ch\\\/#\\\/schema\\\/person\\\/134708ca9321c57b0362cceb7948ffbd\",\"name\":\"michael.merz\",\"image\":{\"@type\":\"ImageObject\",\"inLanguage\":\"de\",\"@id\":\"https:\\\/\\\/secure.gravatar.com\\\/avatar\\\/?s=96&d=mm&r=g\",\"url\":\"https:\\\/\\\/secure.gravatar.com\\\/avatar\\\/?s=96&d=mm&r=g\",\"contentUrl\":\"https:\\\/\\\/secure.gravatar.com\\\/avatar\\\/?s=96&d=mm&r=g\",\"caption\":\"michael.merz\"},\"url\":\"https:\\\/\\\/www.organisator.ch\\\/de\\\/author\\\/michael-merz\\\/\"}]}<\/script>\n<!-- \/ Yoast SEO plugin. -->","yoast_head_json":{"title":"Nachhaltiger Treibstoff: Erstes Flugzeug mit Bio-Kerosin in Z\u00fcrich gestartet - Organisator","description":"Am Z\u00fcrcher Flughafen ist erstmals eine Maschine mit einem Gemisch aus herk\u00f6mmlichem und nachhaltigem Flugzeugtreibstoff betankt worden.","robots":{"index":"index","follow":"follow","max-snippet":"max-snippet:-1","max-image-preview":"max-image-preview:large","max-video-preview":"max-video-preview:-1"},"canonical":"https:\/\/www.organisator.ch\/de\/sustainability\/2020-01-21\/nachhaltigem-treibstoff-erstes-flugzeug-mit-bio-kerosin-in-zuerich-gestartet\/","og_locale":"de_DE","og_type":"article","og_title":"Nachhaltiger Treibstoff: Erstes Flugzeug mit Bio-Kerosin in Z\u00fcrich gestartet - Organisator","og_description":"Am Z\u00fcrcher Flughafen ist erstmals eine Maschine mit einem Gemisch aus herk\u00f6mmlichem und nachhaltigem Flugzeugtreibstoff betankt worden.","og_url":"https:\/\/www.organisator.ch\/de\/sustainability\/2020-01-21\/nachhaltigem-treibstoff-erstes-flugzeug-mit-bio-kerosin-in-zuerich-gestartet\/","og_site_name":"Organisator","article_publisher":"https:\/\/www.facebook.com\/OrganisatorFachmagazin","article_published_time":"2020-01-21T10:22:04+00:00","article_modified_time":"2022-02-09T10:06:15+00:00","og_image":[{"width":800,"height":600,"url":"https:\/\/www.organisator.ch\/wp-content\/uploads\/2020\/01\/Bio-Kerosin-Flughafen_Zuerich-UP_Umwelt-Perspektiven.jpg","type":"image\/jpeg"}],"author":"michael.merz","twitter_card":"summary_large_image","schema":{"@context":"https:\/\/schema.org","@graph":[{"@type":"Article","@id":"https:\/\/www.organisator.ch\/sustainability\/2020-01-21\/nachhaltigem-treibstoff-erstes-flugzeug-mit-bio-kerosin-in-zuerich-gestartet\/#article","isPartOf":{"@id":"https:\/\/www.organisator.ch\/sustainability\/2020-01-21\/nachhaltigem-treibstoff-erstes-flugzeug-mit-bio-kerosin-in-zuerich-gestartet\/"},"author":{"name":"michael.merz","@id":"https:\/\/www.organisator.ch\/#\/schema\/person\/134708ca9321c57b0362cceb7948ffbd"},"headline":"Nachhaltiger Treibstoff: Erstes Flugzeug mit Bio-Kerosin in Z\u00fcrich gestartet","datePublished":"2020-01-21T10:22:04+00:00","dateModified":"2022-02-09T10:06:15+00:00","mainEntityOfPage":{"@id":"https:\/\/www.organisator.ch\/sustainability\/2020-01-21\/nachhaltigem-treibstoff-erstes-flugzeug-mit-bio-kerosin-in-zuerich-gestartet\/"},"wordCount":313,"publisher":{"@id":"https:\/\/www.organisator.ch\/#organization"},"image":{"@id":"https:\/\/www.organisator.ch\/sustainability\/2020-01-21\/nachhaltigem-treibstoff-erstes-flugzeug-mit-bio-kerosin-in-zuerich-gestartet\/#primaryimage"},"thumbnailUrl":"https:\/\/www.organisator.ch\/wp-content\/uploads\/2020\/01\/Bio-Kerosin-Flughafen_Zuerich-UP_Umwelt-Perspektiven.jpg","keywords":["Bio-Kerosin","Flughafen","Nachhaltiger Treibstoff","WEF","Z\u00fcrich"],"articleSection":["SUSTAINABILITY"],"inLanguage":"de"},{"@type":"WebPage","@id":"https:\/\/www.organisator.ch\/sustainability\/2020-01-21\/nachhaltigem-treibstoff-erstes-flugzeug-mit-bio-kerosin-in-zuerich-gestartet\/","url":"https:\/\/www.organisator.ch\/sustainability\/2020-01-21\/nachhaltigem-treibstoff-erstes-flugzeug-mit-bio-kerosin-in-zuerich-gestartet\/","name":"Nachhaltiger Treibstoff: Erstes Flugzeug mit Bio-Kerosin in Z\u00fcrich gestartet - Organisator","isPartOf":{"@id":"https:\/\/www.organisator.ch\/#website"},"primaryImageOfPage":{"@id":"https:\/\/www.organisator.ch\/sustainability\/2020-01-21\/nachhaltigem-treibstoff-erstes-flugzeug-mit-bio-kerosin-in-zuerich-gestartet\/#primaryimage"},"image":{"@id":"https:\/\/www.organisator.ch\/sustainability\/2020-01-21\/nachhaltigem-treibstoff-erstes-flugzeug-mit-bio-kerosin-in-zuerich-gestartet\/#primaryimage"},"thumbnailUrl":"https:\/\/www.organisator.ch\/wp-content\/uploads\/2020\/01\/Bio-Kerosin-Flughafen_Zuerich-UP_Umwelt-Perspektiven.jpg","datePublished":"2020-01-21T10:22:04+00:00","dateModified":"2022-02-09T10:06:15+00:00","description":"Am Z\u00fcrcher Flughafen ist erstmals eine Maschine mit einem Gemisch aus herk\u00f6mmlichem und nachhaltigem Flugzeugtreibstoff betankt worden.","breadcrumb":{"@id":"https:\/\/www.organisator.ch\/sustainability\/2020-01-21\/nachhaltigem-treibstoff-erstes-flugzeug-mit-bio-kerosin-in-zuerich-gestartet\/#breadcrumb"},"inLanguage":"de","potentialAction":[{"@type":"ReadAction","target":["https:\/\/www.organisator.ch\/sustainability\/2020-01-21\/nachhaltigem-treibstoff-erstes-flugzeug-mit-bio-kerosin-in-zuerich-gestartet\/"]}]},{"@type":"ImageObject","inLanguage":"de","@id":"https:\/\/www.organisator.ch\/sustainability\/2020-01-21\/nachhaltigem-treibstoff-erstes-flugzeug-mit-bio-kerosin-in-zuerich-gestartet\/#primaryimage","url":"https:\/\/www.organisator.ch\/wp-content\/uploads\/2020\/01\/Bio-Kerosin-Flughafen_Zuerich-UP_Umwelt-Perspektiven.jpg","contentUrl":"https:\/\/www.organisator.ch\/wp-content\/uploads\/2020\/01\/Bio-Kerosin-Flughafen_Zuerich-UP_Umwelt-Perspektiven.jpg","width":800,"height":600,"caption":"Bislang musste nachhaltiges Kerosin aus dem Ausland importiert werden. F\u00fcrs WEF bietet man erstmals den nachhaltigen Treibstoff in Z\u00fcrich an. (Symbolbild: Jet Aviation)"},{"@type":"BreadcrumbList","@id":"https:\/\/www.organisator.ch\/sustainability\/2020-01-21\/nachhaltigem-treibstoff-erstes-flugzeug-mit-bio-kerosin-in-zuerich-gestartet\/#breadcrumb","itemListElement":[{"@type":"ListItem","position":1,"name":"Home","item":"https:\/\/www.organisator.ch\/"},{"@type":"ListItem","position":2,"name":"Nachhaltiger Treibstoff: Erstes Flugzeug mit Bio-Kerosin in Z\u00fcrich gestartet"}]},{"@type":"WebSite","@id":"https:\/\/www.organisator.ch\/#website","url":"https:\/\/www.organisator.ch\/","name":"Organisator","description":"Kompetent. Praxisnah. Der ORGANISATOR bereitet in 10 Ausgaben pro Jahr die wesentlichen Themen f\u00fcr F\u00fchrungskr\u00e4fte von KMU auf.","publisher":{"@id":"https:\/\/www.organisator.ch\/#organization"},"potentialAction":[{"@type":"SearchAction","target":{"@type":"EntryPoint","urlTemplate":"https:\/\/www.organisator.ch\/?s={search_term_string}"},"query-input":{"@type":"PropertyValueSpecification","valueRequired":true,"valueName":"search_term_string"}}],"inLanguage":"de"},{"@type":"Organization","@id":"https:\/\/www.organisator.ch\/#organization","name":"Organisator","url":"https:\/\/www.organisator.ch\/","logo":{"@type":"ImageObject","inLanguage":"de","@id":"https:\/\/www.organisator.ch\/#\/schema\/logo\/image\/","url":"https:\/\/www.organisator.ch\/wp-content\/uploads\/2022\/01\/Logo_Organisator_Website.png","contentUrl":"https:\/\/www.organisator.ch\/wp-content\/uploads\/2022\/01\/Logo_Organisator_Website.png","width":800,"height":77,"caption":"Organisator"},"image":{"@id":"https:\/\/www.organisator.ch\/#\/schema\/logo\/image\/"},"sameAs":["https:\/\/www.facebook.com\/OrganisatorFachmagazin","https:\/\/www.linkedin.com\/showcase\/organisator-das-magazin-fr-kmu","https:\/\/www.xing.com\/news\/pages\/organisator-ch-695","https:\/\/www.youtube.com\/channel\/UCGP2Sq0iWaZwT3BdIAQFYpw"]},{"@type":"Person","@id":"https:\/\/www.organisator.ch\/#\/schema\/person\/134708ca9321c57b0362cceb7948ffbd","name":"michael.merz","image":{"@type":"ImageObject","inLanguage":"de","@id":"https:\/\/secure.gravatar.com\/avatar\/?s=96&d=mm&r=g","url":"https:\/\/secure.gravatar.com\/avatar\/?s=96&d=mm&r=g","contentUrl":"https:\/\/secure.gravatar.com\/avatar\/?s=96&d=mm&r=g","caption":"michael.merz"},"url":"https:\/\/www.organisator.ch\/de\/author\/michael-merz\/"}]}},"_links":{"self":[{"href":"https:\/\/www.organisator.ch\/de\/wp-json\/wp\/v2\/posts\/2767","targetHints":{"allow":["GET"]}}],"collection":[{"href":"https:\/\/www.organisator.ch\/de\/wp-json\/wp\/v2\/posts"}],"about":[{"href":"https:\/\/www.organisator.ch\/de\/wp-json\/wp\/v2\/types\/post"}],"author":[{"embeddable":true,"href":"https:\/\/www.organisator.ch\/de\/wp-json\/wp\/v2\/users\/5"}],"replies":[{"embeddable":true,"href":"https:\/\/www.organisator.ch\/de\/wp-json\/wp\/v2\/comments?post=2767"}],"version-history":[{"count":1,"href":"https:\/\/www.organisator.ch\/de\/wp-json\/wp\/v2\/posts\/2767\/revisions"}],"predecessor-version":[{"id":10536,"href":"https:\/\/www.organisator.ch\/de\/wp-json\/wp\/v2\/posts\/2767\/revisions\/10536"}],"wp:featuredmedia":[{"embeddable":true,"href":"https:\/\/www.organisator.ch\/de\/wp-json\/wp\/v2\/media\/2768"}],"wp:attachment":[{"href":"https:\/\/www.organisator.ch\/de\/wp-json\/wp\/v2\/media?parent=2767"}],"wp:term":[{"taxonomy":"category","embeddable":true,"href":"https:\/\/www.organisator.ch\/de\/wp-json\/wp\/v2\/categories?post=2767"},{"taxonomy":"post_tag","embeddable":true,"href":"https:\/\/www.organisator.ch\/de\/wp-json\/wp\/v2\/tags?post=2767"}],"curies":[{"name":"wp","href":"https:\/\/api.w.org\/{rel}","templated":true}]}}