{"id":27707,"date":"2024-06-13T15:05:27","date_gmt":"2024-06-13T13:05:27","guid":{"rendered":"https:\/\/www.organisator.ch\/?p=27707"},"modified":"2024-06-13T15:05:27","modified_gmt":"2024-06-13T13:05:27","slug":"die-erste-schweizer-wirtschaftstagung-fuer-nachhaltige-beschaffung","status":"publish","type":"post","link":"https:\/\/www.organisator.ch\/de\/sustainability\/2024-06-13\/die-erste-schweizer-wirtschaftstagung-fuer-nachhaltige-beschaffung\/","title":{"rendered":"Die erste Schweizer Wirtschaftstagung f\u00fcr nachhaltige Beschaffung"},"content":{"rendered":"<p><img loading=\"lazy\" decoding=\"async\" class=\"alignnone size-medium wp-image-27384\" src=\"https:\/\/www.organisator.ch\/wp-content\/uploads\/2024\/05\/Nachhaltigkeit-bei-Verbrauchsmaterial-Kein-Widerspruch-3_Organisator-680x478.jpg\" alt=\"\" width=\"680\" height=\"478\" srcset=\"https:\/\/www.organisator.ch\/wp-content\/uploads\/2024\/05\/Nachhaltigkeit-bei-Verbrauchsmaterial-Kein-Widerspruch-3_Organisator-680x478.jpg 680w, https:\/\/www.organisator.ch\/wp-content\/uploads\/2024\/05\/Nachhaltigkeit-bei-Verbrauchsmaterial-Kein-Widerspruch-3_Organisator-1024x720.jpg 1024w, https:\/\/www.organisator.ch\/wp-content\/uploads\/2024\/05\/Nachhaltigkeit-bei-Verbrauchsmaterial-Kein-Widerspruch-3_Organisator-768x540.jpg 768w, https:\/\/www.organisator.ch\/wp-content\/uploads\/2024\/05\/Nachhaltigkeit-bei-Verbrauchsmaterial-Kein-Widerspruch-3_Organisator-18x12.jpg 18w, https:\/\/www.organisator.ch\/wp-content\/uploads\/2024\/05\/Nachhaltigkeit-bei-Verbrauchsmaterial-Kein-Widerspruch-3_Organisator-375x264.jpg 375w, https:\/\/www.organisator.ch\/wp-content\/uploads\/2024\/05\/Nachhaltigkeit-bei-Verbrauchsmaterial-Kein-Widerspruch-3_Organisator-498x350.jpg 498w, https:\/\/www.organisator.ch\/wp-content\/uploads\/2024\/05\/Nachhaltigkeit-bei-Verbrauchsmaterial-Kein-Widerspruch-3_Organisator-1000x703.jpg 1000w, https:\/\/www.organisator.ch\/wp-content\/uploads\/2024\/05\/Nachhaltigkeit-bei-Verbrauchsmaterial-Kein-Widerspruch-3_Organisator.jpg 1152w\" sizes=\"auto, (max-width: 680px) 100vw, 680px\" \/><\/p>\n<p>Am ersten &#8222;Sustainable Procurement Day&#8220; am 20. Juni 2024 in Z\u00fcrich gew\u00e4hren Unternehmen wie beispielsweise die Schweizerische Post, <a href=\"https:\/\/www.organisator.ch\/de\/sustainability\/2024-06-05\/nachhaltigkeit-bei-verbrauchsmaterial-kein-widerspruch\/\">Lyreco<\/a>, BLS, Appenzeller Bier oder Thermoplan Einblicke in ihre Beschaffungsstrategien und ihr Wirken. Die Veranstaltung, die von der Stiftung Pusch, \u00f6bu &#8211; Der Verband f\u00fcr nachhaltiges Wirtschaften und procure.ch ins Leben gerufen wurde, richtet sich an Unternehmen aller Branchen, die nachhaltige Produkte und Dienstleistungen in ihre Lieferketten integrieren und diese transparenter gestalten m\u00f6chten. \u00dcber 130 Teilnehmende werden erwartet, um sich \u00fcber Beispiele, Trends und Erfahrungen in der nachhaltigen Beschaffung zu informieren und sich auszutauschen.<\/p>\n<h3>Relevanz f\u00fcr Schweizer Unternehmen<\/h3>\n<p>Da gr\u00f6ssere Unternehmen im In- und Ausland zunehmend auf die Nachhaltigkeit ihrer Lieferketten achten, ist es f\u00fcr Schweizer KMU (die diese Unternehmen direkt oder indirekt beliefern) entscheidend, sich diesen Anforderungen anzupassen. Die Teilnahme an der Tagung bietet die Gelegenheit, sich fr\u00fchzeitig und umfassend \u00fcber notwendige Schritte zu informieren und sich zu vernetzen, um in der globalen Marktdynamik erfolgreich zu bleiben.<\/p>\n<h3>Spannende Inputs, unterschiedliche Perspektiven<\/h3>\n<p>Das Programm der Tagung umfasst f\u00fcnf Keynotes und sieben Fokusthemen, die den Teilnehmenden in Form von Kleingruppen praxisnahe Einblicke und vertiefende Diskussionen mit Expert:innen und Praktiker:innen erm\u00f6glichen.<\/p>\n<p>Als Expertinnen und Experten aus Umweltschutz, Recht, Procurement, Digitalisierung und Wirtschaft treten auf der grossen B\u00fchne auf: Elgin Brunner (Mitglied der Gesch\u00e4ftsleitung) WWF Schweiz, Niclas Meyer (Senior Berater) BSS Volkswirtschaftliche Beratung AG, Marion Roeder und Gina Obrecht (Business Development, Data Driven Sustainability) Swisscom, Mirko Kleiner (Vorreiter des Lean-Agile Procurement) Lean-Agile Procurement Alliance sowie Bj\u00f6rn Jung und Matteo Trachsel (Sustainability) Thermoplan AG.<\/p>\n<h3>Nachhaltige Beschaffung in 7 Fokusthemen\u00a0<\/h3>\n<p>In den thematischen Fokusgruppen erhalten die Teilnehmenden erst einen Fach- bzw. Praxisinput und diskutieren danach in Kleingruppen \u00fcber L\u00f6sungsans\u00e4tze.<\/p>\n<ul>\n<li>Im Spannungsfeld zwischen Strategie und Umsetzbarkeit mit der BLS<\/li>\n<li>Durch Kollaboration zur Kreislaufwirtschaft mit der weltweit ersten Cradle to Cradle Gold zertifizierten Druckerei V\u00d6GELI<\/li>\n<li>Netto-Null mit nachhaltiger Beschaffung: Treibhausgas-Emissionen in der Lieferkette senken mit der Schweizerischen Post und Lyreco Schweiz<\/li>\n<li>Kreislaufwirtschaft und Ressourceneffizienz in der Beschaffung mit der Brauerei Locher (Appenzeller Bier)<\/li>\n<li>Soziale Beschaffungsrisiken: Unternehmerische Sorgfaltspflichten, Schutz von Menschen- und Kinderrechten entlang der Lieferkette mit Solidar Suisse und Save the Children<\/li>\n<li>Compliance, Regulierung, Sorgfaltspflichten mit MME Legal<\/li>\n<li>Nachhaltige Beschaffung und Digitalisierung mit SAP<\/li>\n<\/ul>\n<p><a href=\"https:\/\/www.eventbrite.ch\/e\/sustainable-procurement-day-tickets-694703846907\">Tickets k\u00f6nnen hier bestellt werden<\/a><\/p>\n<p><em>Quellen und weitere Informationen: Stiftung Praktischer Umweltschutz Schweiz &#8211; Pusch (<a href=\"https:\/\/www.pusch.ch\/\">https:\/\/www.pusch.ch\/<\/a>) , \u00f6bu &#8211; Der Verband f\u00fcr nachhaltiges Wirtschaften (<a href=\"https:\/\/www.oebu.ch\/\">https:\/\/www.oebu.ch\/<\/a>) und procure.ch &#8211; Fachverband f\u00fcr Einkauf und Supply Management (<a href=\"https:\/\/www.procure.ch\/\">https:\/\/www.procure.ch\/<\/a>) .<\/em><\/p>\n","protected":false},"excerpt":{"rendered":"<p>Im Zuge wachsender regulatorischer Anforderungen, insbesondere auch in der Europ\u00e4ischen Union, stehen Schweizer Unternehmen vor der Aufgabe, nachhaltige Beschaffungsstrategien zu entwickeln. Die erste Schweizer Wirtschaftstagung f\u00fcr nachhaltige Beschaffung, der &#8222;Sustainable Procurement Day&#8220;, bringt am 20. Juni 2024 KMU wie auch gr\u00f6ssere Unternehmen zusammen, um diese Herausforderungen zu diskutieren.<\/p>\n","protected":false},"author":4,"featured_media":27384,"comment_status":"closed","ping_status":"closed","sticky":false,"template":"","format":"standard","meta":{"_acf_changed":false,"_yoast_wpseo_focuskw":"nachhaltige Beschaffung","_yoast_wpseo_metadesc":"Am 20. Juni 2024 findet die erste Schweizer Wirtschaftstagung f\u00fcr nachhaltige Beschaffung in Z\u00fcrich statt.","articlekey":"","footnotes":""},"categories":[580],"tags":[193,1758,358],"class_list":["post-27707","post","type-post","status-publish","format-standard","has-post-thumbnail","hentry","category-sustainability","tag-fachkongressfachmesse","tag-nachhaltige-beschaffung","tag-nachhaltige-wirtschaft"],"acf":[],"yoast_head":"<!-- This site is optimized with the Yoast SEO plugin v27.5 - https:\/\/yoast.com\/product\/yoast-seo-wordpress\/ -->\n<title>Die erste Schweizer Wirtschaftstagung f\u00fcr nachhaltige Beschaffung - Organisator<\/title>\n<meta name=\"description\" content=\"Am 20. Juni 2024 findet die erste Schweizer Wirtschaftstagung f\u00fcr nachhaltige Beschaffung in Z\u00fcrich statt.\" \/>\n<meta name=\"robots\" content=\"index, follow, max-snippet:-1, max-image-preview:large, max-video-preview:-1\" \/>\n<link rel=\"canonical\" href=\"https:\/\/www.organisator.ch\/de\/sustainability\/2024-06-13\/die-erste-schweizer-wirtschaftstagung-fuer-nachhaltige-beschaffung\/\" \/>\n<meta property=\"og:locale\" content=\"de_DE\" \/>\n<meta property=\"og:type\" content=\"article\" \/>\n<meta property=\"og:title\" content=\"Die erste Schweizer Wirtschaftstagung f\u00fcr nachhaltige Beschaffung\" \/>\n<meta property=\"og:description\" content=\"Am 20. Juni 2024 findet die erste Schweizer Wirtschaftstagung f\u00fcr nachhaltige Beschaffung in Z\u00fcrich statt.\" \/>\n<meta property=\"og:url\" content=\"https:\/\/www.organisator.ch\/de\/sustainability\/2024-06-13\/die-erste-schweizer-wirtschaftstagung-fuer-nachhaltige-beschaffung\/\" \/>\n<meta property=\"og:site_name\" content=\"Organisator\" \/>\n<meta property=\"article:publisher\" content=\"https:\/\/www.facebook.com\/OrganisatorFachmagazin\" \/>\n<meta property=\"article:published_time\" content=\"2024-06-13T13:05:27+00:00\" \/>\n<meta property=\"og:image\" content=\"https:\/\/www.organisator.ch\/wp-content\/uploads\/2024\/05\/Nachhaltigkeit-bei-Verbrauchsmaterial-Kein-Widerspruch-3_Organisator.jpg\" \/>\n\t<meta property=\"og:image:width\" content=\"1152\" \/>\n\t<meta property=\"og:image:height\" content=\"810\" \/>\n\t<meta property=\"og:image:type\" content=\"image\/jpeg\" \/>\n<meta name=\"author\" content=\"thomas.berner\" \/>\n<meta name=\"twitter:card\" content=\"summary_large_image\" \/>\n<meta name=\"twitter:title\" content=\"Die erste Schweizer #Wirtschaftstagung f\u00fcr nachhaltige #Beschaffung\" \/>\n<meta name=\"twitter:description\" content=\"Am 20. Juni 2024 findet die erste Schweizer #Wirtschaftstagung f\u00fcr nachhaltige Beschaffung in Z\u00fcrich statt.\" \/>\n<meta name=\"twitter:image\" content=\"https:\/\/www.organisator.ch\/wp-content\/uploads\/2024\/05\/Nachhaltigkeit-bei-Verbrauchsmaterial-Kein-Widerspruch-3_Organisator.jpg\" \/>\n<script type=\"application\/ld+json\" class=\"yoast-schema-graph\">{\"@context\":\"https:\\\/\\\/schema.org\",\"@graph\":[{\"@type\":\"Article\",\"@id\":\"https:\\\/\\\/www.organisator.ch\\\/sustainability\\\/2024-06-13\\\/die-erste-schweizer-wirtschaftstagung-fuer-nachhaltige-beschaffung\\\/#article\",\"isPartOf\":{\"@id\":\"https:\\\/\\\/www.organisator.ch\\\/sustainability\\\/2024-06-13\\\/die-erste-schweizer-wirtschaftstagung-fuer-nachhaltige-beschaffung\\\/\"},\"author\":{\"name\":\"thomas.berner\",\"@id\":\"https:\\\/\\\/www.organisator.ch\\\/#\\\/schema\\\/person\\\/6f650f90b2842cd4c0cc334b4e36f67e\"},\"headline\":\"Die erste Schweizer Wirtschaftstagung f\u00fcr nachhaltige Beschaffung\",\"datePublished\":\"2024-06-13T13:05:27+00:00\",\"mainEntityOfPage\":{\"@id\":\"https:\\\/\\\/www.organisator.ch\\\/sustainability\\\/2024-06-13\\\/die-erste-schweizer-wirtschaftstagung-fuer-nachhaltige-beschaffung\\\/\"},\"wordCount\":425,\"publisher\":{\"@id\":\"https:\\\/\\\/www.organisator.ch\\\/#organization\"},\"image\":{\"@id\":\"https:\\\/\\\/www.organisator.ch\\\/sustainability\\\/2024-06-13\\\/die-erste-schweizer-wirtschaftstagung-fuer-nachhaltige-beschaffung\\\/#primaryimage\"},\"thumbnailUrl\":\"https:\\\/\\\/www.organisator.ch\\\/wp-content\\\/uploads\\\/2024\\\/05\\\/Nachhaltigkeit-bei-Verbrauchsmaterial-Kein-Widerspruch-3_Organisator.jpg\",\"keywords\":[\"Fachkongress\\\/Fachmesse\",\"Nachhaltige Beschaffung\",\"Nachhaltige Wirtschaft\"],\"articleSection\":[\"SUSTAINABILITY\"],\"inLanguage\":\"de\"},{\"@type\":\"WebPage\",\"@id\":\"https:\\\/\\\/www.organisator.ch\\\/sustainability\\\/2024-06-13\\\/die-erste-schweizer-wirtschaftstagung-fuer-nachhaltige-beschaffung\\\/\",\"url\":\"https:\\\/\\\/www.organisator.ch\\\/sustainability\\\/2024-06-13\\\/die-erste-schweizer-wirtschaftstagung-fuer-nachhaltige-beschaffung\\\/\",\"name\":\"Die erste Schweizer Wirtschaftstagung f\u00fcr nachhaltige Beschaffung - Organisator\",\"isPartOf\":{\"@id\":\"https:\\\/\\\/www.organisator.ch\\\/#website\"},\"primaryImageOfPage\":{\"@id\":\"https:\\\/\\\/www.organisator.ch\\\/sustainability\\\/2024-06-13\\\/die-erste-schweizer-wirtschaftstagung-fuer-nachhaltige-beschaffung\\\/#primaryimage\"},\"image\":{\"@id\":\"https:\\\/\\\/www.organisator.ch\\\/sustainability\\\/2024-06-13\\\/die-erste-schweizer-wirtschaftstagung-fuer-nachhaltige-beschaffung\\\/#primaryimage\"},\"thumbnailUrl\":\"https:\\\/\\\/www.organisator.ch\\\/wp-content\\\/uploads\\\/2024\\\/05\\\/Nachhaltigkeit-bei-Verbrauchsmaterial-Kein-Widerspruch-3_Organisator.jpg\",\"datePublished\":\"2024-06-13T13:05:27+00:00\",\"description\":\"Am 20. Juni 2024 findet die erste Schweizer Wirtschaftstagung f\u00fcr nachhaltige Beschaffung in Z\u00fcrich statt.\",\"breadcrumb\":{\"@id\":\"https:\\\/\\\/www.organisator.ch\\\/sustainability\\\/2024-06-13\\\/die-erste-schweizer-wirtschaftstagung-fuer-nachhaltige-beschaffung\\\/#breadcrumb\"},\"inLanguage\":\"de\",\"potentialAction\":[{\"@type\":\"ReadAction\",\"target\":[\"https:\\\/\\\/www.organisator.ch\\\/sustainability\\\/2024-06-13\\\/die-erste-schweizer-wirtschaftstagung-fuer-nachhaltige-beschaffung\\\/\"]}]},{\"@type\":\"ImageObject\",\"inLanguage\":\"de\",\"@id\":\"https:\\\/\\\/www.organisator.ch\\\/sustainability\\\/2024-06-13\\\/die-erste-schweizer-wirtschaftstagung-fuer-nachhaltige-beschaffung\\\/#primaryimage\",\"url\":\"https:\\\/\\\/www.organisator.ch\\\/wp-content\\\/uploads\\\/2024\\\/05\\\/Nachhaltigkeit-bei-Verbrauchsmaterial-Kein-Widerspruch-3_Organisator.jpg\",\"contentUrl\":\"https:\\\/\\\/www.organisator.ch\\\/wp-content\\\/uploads\\\/2024\\\/05\\\/Nachhaltigkeit-bei-Verbrauchsmaterial-Kein-Widerspruch-3_Organisator.jpg\",\"width\":1152,\"height\":810},{\"@type\":\"BreadcrumbList\",\"@id\":\"https:\\\/\\\/www.organisator.ch\\\/sustainability\\\/2024-06-13\\\/die-erste-schweizer-wirtschaftstagung-fuer-nachhaltige-beschaffung\\\/#breadcrumb\",\"itemListElement\":[{\"@type\":\"ListItem\",\"position\":1,\"name\":\"Home\",\"item\":\"https:\\\/\\\/www.organisator.ch\\\/\"},{\"@type\":\"ListItem\",\"position\":2,\"name\":\"Die erste Schweizer Wirtschaftstagung f\u00fcr nachhaltige Beschaffung\"}]},{\"@type\":\"WebSite\",\"@id\":\"https:\\\/\\\/www.organisator.ch\\\/#website\",\"url\":\"https:\\\/\\\/www.organisator.ch\\\/\",\"name\":\"Organisator\",\"description\":\"Kompetent. Praxisnah. Der ORGANISATOR bereitet in 10 Ausgaben pro Jahr die wesentlichen Themen f\u00fcr F\u00fchrungskr\u00e4fte von KMU auf.\",\"publisher\":{\"@id\":\"https:\\\/\\\/www.organisator.ch\\\/#organization\"},\"potentialAction\":[{\"@type\":\"SearchAction\",\"target\":{\"@type\":\"EntryPoint\",\"urlTemplate\":\"https:\\\/\\\/www.organisator.ch\\\/?s={search_term_string}\"},\"query-input\":{\"@type\":\"PropertyValueSpecification\",\"valueRequired\":true,\"valueName\":\"search_term_string\"}}],\"inLanguage\":\"de\"},{\"@type\":\"Organization\",\"@id\":\"https:\\\/\\\/www.organisator.ch\\\/#organization\",\"name\":\"Organisator\",\"url\":\"https:\\\/\\\/www.organisator.ch\\\/\",\"logo\":{\"@type\":\"ImageObject\",\"inLanguage\":\"de\",\"@id\":\"https:\\\/\\\/www.organisator.ch\\\/#\\\/schema\\\/logo\\\/image\\\/\",\"url\":\"https:\\\/\\\/www.organisator.ch\\\/wp-content\\\/uploads\\\/2022\\\/01\\\/Logo_Organisator_Website.png\",\"contentUrl\":\"https:\\\/\\\/www.organisator.ch\\\/wp-content\\\/uploads\\\/2022\\\/01\\\/Logo_Organisator_Website.png\",\"width\":800,\"height\":77,\"caption\":\"Organisator\"},\"image\":{\"@id\":\"https:\\\/\\\/www.organisator.ch\\\/#\\\/schema\\\/logo\\\/image\\\/\"},\"sameAs\":[\"https:\\\/\\\/www.facebook.com\\\/OrganisatorFachmagazin\",\"https:\\\/\\\/www.linkedin.com\\\/showcase\\\/organisator-das-magazin-fr-kmu\",\"https:\\\/\\\/www.xing.com\\\/news\\\/pages\\\/organisator-ch-695\",\"https:\\\/\\\/www.youtube.com\\\/channel\\\/UCGP2Sq0iWaZwT3BdIAQFYpw\"]},{\"@type\":\"Person\",\"@id\":\"https:\\\/\\\/www.organisator.ch\\\/#\\\/schema\\\/person\\\/6f650f90b2842cd4c0cc334b4e36f67e\",\"name\":\"thomas.berner\",\"image\":{\"@type\":\"ImageObject\",\"inLanguage\":\"de\",\"@id\":\"https:\\\/\\\/secure.gravatar.com\\\/avatar\\\/ac5001d2a36cb6c6cd3e50789007ffca834b477b74a2144564522e944eabff61?s=96&d=mm&r=g\",\"url\":\"https:\\\/\\\/secure.gravatar.com\\\/avatar\\\/ac5001d2a36cb6c6cd3e50789007ffca834b477b74a2144564522e944eabff61?s=96&d=mm&r=g\",\"contentUrl\":\"https:\\\/\\\/secure.gravatar.com\\\/avatar\\\/ac5001d2a36cb6c6cd3e50789007ffca834b477b74a2144564522e944eabff61?s=96&d=mm&r=g\",\"caption\":\"thomas.berner\"},\"url\":\"https:\\\/\\\/www.organisator.ch\\\/de\\\/author\\\/thomas-berner\\\/\"}]}<\/script>\n<!-- \/ Yoast SEO plugin. -->","yoast_head_json":{"title":"Die erste Schweizer Wirtschaftstagung f\u00fcr nachhaltige Beschaffung - Organisator","description":"Am 20. Juni 2024 findet die erste Schweizer Wirtschaftstagung f\u00fcr nachhaltige Beschaffung in Z\u00fcrich statt.","robots":{"index":"index","follow":"follow","max-snippet":"max-snippet:-1","max-image-preview":"max-image-preview:large","max-video-preview":"max-video-preview:-1"},"canonical":"https:\/\/www.organisator.ch\/de\/sustainability\/2024-06-13\/die-erste-schweizer-wirtschaftstagung-fuer-nachhaltige-beschaffung\/","og_locale":"de_DE","og_type":"article","og_title":"Die erste Schweizer Wirtschaftstagung f\u00fcr nachhaltige Beschaffung","og_description":"Am 20. Juni 2024 findet die erste Schweizer Wirtschaftstagung f\u00fcr nachhaltige Beschaffung in Z\u00fcrich statt.","og_url":"https:\/\/www.organisator.ch\/de\/sustainability\/2024-06-13\/die-erste-schweizer-wirtschaftstagung-fuer-nachhaltige-beschaffung\/","og_site_name":"Organisator","article_publisher":"https:\/\/www.facebook.com\/OrganisatorFachmagazin","article_published_time":"2024-06-13T13:05:27+00:00","og_image":[{"width":1152,"height":810,"url":"https:\/\/www.organisator.ch\/wp-content\/uploads\/2024\/05\/Nachhaltigkeit-bei-Verbrauchsmaterial-Kein-Widerspruch-3_Organisator.jpg","type":"image\/jpeg"}],"author":"thomas.berner","twitter_card":"summary_large_image","twitter_title":"Die erste Schweizer #Wirtschaftstagung f\u00fcr nachhaltige #Beschaffung","twitter_description":"Am 20. Juni 2024 findet die erste Schweizer #Wirtschaftstagung f\u00fcr nachhaltige Beschaffung in Z\u00fcrich statt.","twitter_image":"https:\/\/www.organisator.ch\/wp-content\/uploads\/2024\/05\/Nachhaltigkeit-bei-Verbrauchsmaterial-Kein-Widerspruch-3_Organisator.jpg","schema":{"@context":"https:\/\/schema.org","@graph":[{"@type":"Article","@id":"https:\/\/www.organisator.ch\/sustainability\/2024-06-13\/die-erste-schweizer-wirtschaftstagung-fuer-nachhaltige-beschaffung\/#article","isPartOf":{"@id":"https:\/\/www.organisator.ch\/sustainability\/2024-06-13\/die-erste-schweizer-wirtschaftstagung-fuer-nachhaltige-beschaffung\/"},"author":{"name":"thomas.berner","@id":"https:\/\/www.organisator.ch\/#\/schema\/person\/6f650f90b2842cd4c0cc334b4e36f67e"},"headline":"Die erste Schweizer Wirtschaftstagung f\u00fcr nachhaltige Beschaffung","datePublished":"2024-06-13T13:05:27+00:00","mainEntityOfPage":{"@id":"https:\/\/www.organisator.ch\/sustainability\/2024-06-13\/die-erste-schweizer-wirtschaftstagung-fuer-nachhaltige-beschaffung\/"},"wordCount":425,"publisher":{"@id":"https:\/\/www.organisator.ch\/#organization"},"image":{"@id":"https:\/\/www.organisator.ch\/sustainability\/2024-06-13\/die-erste-schweizer-wirtschaftstagung-fuer-nachhaltige-beschaffung\/#primaryimage"},"thumbnailUrl":"https:\/\/www.organisator.ch\/wp-content\/uploads\/2024\/05\/Nachhaltigkeit-bei-Verbrauchsmaterial-Kein-Widerspruch-3_Organisator.jpg","keywords":["Fachkongress\/Fachmesse","Nachhaltige Beschaffung","Nachhaltige Wirtschaft"],"articleSection":["SUSTAINABILITY"],"inLanguage":"de"},{"@type":"WebPage","@id":"https:\/\/www.organisator.ch\/sustainability\/2024-06-13\/die-erste-schweizer-wirtschaftstagung-fuer-nachhaltige-beschaffung\/","url":"https:\/\/www.organisator.ch\/sustainability\/2024-06-13\/die-erste-schweizer-wirtschaftstagung-fuer-nachhaltige-beschaffung\/","name":"Die erste Schweizer Wirtschaftstagung f\u00fcr nachhaltige Beschaffung - Organisator","isPartOf":{"@id":"https:\/\/www.organisator.ch\/#website"},"primaryImageOfPage":{"@id":"https:\/\/www.organisator.ch\/sustainability\/2024-06-13\/die-erste-schweizer-wirtschaftstagung-fuer-nachhaltige-beschaffung\/#primaryimage"},"image":{"@id":"https:\/\/www.organisator.ch\/sustainability\/2024-06-13\/die-erste-schweizer-wirtschaftstagung-fuer-nachhaltige-beschaffung\/#primaryimage"},"thumbnailUrl":"https:\/\/www.organisator.ch\/wp-content\/uploads\/2024\/05\/Nachhaltigkeit-bei-Verbrauchsmaterial-Kein-Widerspruch-3_Organisator.jpg","datePublished":"2024-06-13T13:05:27+00:00","description":"Am 20. Juni 2024 findet die erste Schweizer Wirtschaftstagung f\u00fcr nachhaltige Beschaffung in Z\u00fcrich statt.","breadcrumb":{"@id":"https:\/\/www.organisator.ch\/sustainability\/2024-06-13\/die-erste-schweizer-wirtschaftstagung-fuer-nachhaltige-beschaffung\/#breadcrumb"},"inLanguage":"de","potentialAction":[{"@type":"ReadAction","target":["https:\/\/www.organisator.ch\/sustainability\/2024-06-13\/die-erste-schweizer-wirtschaftstagung-fuer-nachhaltige-beschaffung\/"]}]},{"@type":"ImageObject","inLanguage":"de","@id":"https:\/\/www.organisator.ch\/sustainability\/2024-06-13\/die-erste-schweizer-wirtschaftstagung-fuer-nachhaltige-beschaffung\/#primaryimage","url":"https:\/\/www.organisator.ch\/wp-content\/uploads\/2024\/05\/Nachhaltigkeit-bei-Verbrauchsmaterial-Kein-Widerspruch-3_Organisator.jpg","contentUrl":"https:\/\/www.organisator.ch\/wp-content\/uploads\/2024\/05\/Nachhaltigkeit-bei-Verbrauchsmaterial-Kein-Widerspruch-3_Organisator.jpg","width":1152,"height":810},{"@type":"BreadcrumbList","@id":"https:\/\/www.organisator.ch\/sustainability\/2024-06-13\/die-erste-schweizer-wirtschaftstagung-fuer-nachhaltige-beschaffung\/#breadcrumb","itemListElement":[{"@type":"ListItem","position":1,"name":"Home","item":"https:\/\/www.organisator.ch\/"},{"@type":"ListItem","position":2,"name":"Die erste Schweizer Wirtschaftstagung f\u00fcr nachhaltige Beschaffung"}]},{"@type":"WebSite","@id":"https:\/\/www.organisator.ch\/#website","url":"https:\/\/www.organisator.ch\/","name":"Organisator","description":"Kompetent. Praxisnah. Der ORGANISATOR bereitet in 10 Ausgaben pro Jahr die wesentlichen Themen f\u00fcr F\u00fchrungskr\u00e4fte von KMU auf.","publisher":{"@id":"https:\/\/www.organisator.ch\/#organization"},"potentialAction":[{"@type":"SearchAction","target":{"@type":"EntryPoint","urlTemplate":"https:\/\/www.organisator.ch\/?s={search_term_string}"},"query-input":{"@type":"PropertyValueSpecification","valueRequired":true,"valueName":"search_term_string"}}],"inLanguage":"de"},{"@type":"Organization","@id":"https:\/\/www.organisator.ch\/#organization","name":"Organisator","url":"https:\/\/www.organisator.ch\/","logo":{"@type":"ImageObject","inLanguage":"de","@id":"https:\/\/www.organisator.ch\/#\/schema\/logo\/image\/","url":"https:\/\/www.organisator.ch\/wp-content\/uploads\/2022\/01\/Logo_Organisator_Website.png","contentUrl":"https:\/\/www.organisator.ch\/wp-content\/uploads\/2022\/01\/Logo_Organisator_Website.png","width":800,"height":77,"caption":"Organisator"},"image":{"@id":"https:\/\/www.organisator.ch\/#\/schema\/logo\/image\/"},"sameAs":["https:\/\/www.facebook.com\/OrganisatorFachmagazin","https:\/\/www.linkedin.com\/showcase\/organisator-das-magazin-fr-kmu","https:\/\/www.xing.com\/news\/pages\/organisator-ch-695","https:\/\/www.youtube.com\/channel\/UCGP2Sq0iWaZwT3BdIAQFYpw"]},{"@type":"Person","@id":"https:\/\/www.organisator.ch\/#\/schema\/person\/6f650f90b2842cd4c0cc334b4e36f67e","name":"thomas.berner","image":{"@type":"ImageObject","inLanguage":"de","@id":"https:\/\/secure.gravatar.com\/avatar\/ac5001d2a36cb6c6cd3e50789007ffca834b477b74a2144564522e944eabff61?s=96&d=mm&r=g","url":"https:\/\/secure.gravatar.com\/avatar\/ac5001d2a36cb6c6cd3e50789007ffca834b477b74a2144564522e944eabff61?s=96&d=mm&r=g","contentUrl":"https:\/\/secure.gravatar.com\/avatar\/ac5001d2a36cb6c6cd3e50789007ffca834b477b74a2144564522e944eabff61?s=96&d=mm&r=g","caption":"thomas.berner"},"url":"https:\/\/www.organisator.ch\/de\/author\/thomas-berner\/"}]}},"_links":{"self":[{"href":"https:\/\/www.organisator.ch\/de\/wp-json\/wp\/v2\/posts\/27707","targetHints":{"allow":["GET"]}}],"collection":[{"href":"https:\/\/www.organisator.ch\/de\/wp-json\/wp\/v2\/posts"}],"about":[{"href":"https:\/\/www.organisator.ch\/de\/wp-json\/wp\/v2\/types\/post"}],"author":[{"embeddable":true,"href":"https:\/\/www.organisator.ch\/de\/wp-json\/wp\/v2\/users\/4"}],"replies":[{"embeddable":true,"href":"https:\/\/www.organisator.ch\/de\/wp-json\/wp\/v2\/comments?post=27707"}],"version-history":[{"count":4,"href":"https:\/\/www.organisator.ch\/de\/wp-json\/wp\/v2\/posts\/27707\/revisions"}],"predecessor-version":[{"id":27737,"href":"https:\/\/www.organisator.ch\/de\/wp-json\/wp\/v2\/posts\/27707\/revisions\/27737"}],"wp:featuredmedia":[{"embeddable":true,"href":"https:\/\/www.organisator.ch\/de\/wp-json\/wp\/v2\/media\/27384"}],"wp:attachment":[{"href":"https:\/\/www.organisator.ch\/de\/wp-json\/wp\/v2\/media?parent=27707"}],"wp:term":[{"taxonomy":"category","embeddable":true,"href":"https:\/\/www.organisator.ch\/de\/wp-json\/wp\/v2\/categories?post=27707"},{"taxonomy":"post_tag","embeddable":true,"href":"https:\/\/www.organisator.ch\/de\/wp-json\/wp\/v2\/tags?post=27707"}],"curies":[{"name":"wp","href":"https:\/\/api.w.org\/{rel}","templated":true}]}}