{"id":27713,"date":"2024-06-13T16:41:29","date_gmt":"2024-06-13T14:41:29","guid":{"rendered":"https:\/\/www.werbewoche.ch\/?p=216569"},"modified":"2024-11-10T12:48:35","modified_gmt":"2024-11-10T11:48:35","slug":"ich-will-kreativitaet-nicht-durch-kontrolle-trueben","status":"publish","type":"post","link":"https:\/\/www.organisator.ch\/de\/marketing\/2024-06-13\/ich-will-kreativitaet-nicht-durch-kontrolle-trueben\/","title":{"rendered":"\u00abIch will Kreativit\u00e4t nicht durch Kontrolle tr\u00fcben\u00bb"},"content":{"rendered":"<p><\/p>\r\n<p>Im Videotalk mit <em>m&amp;k Werbewoche.ch<\/em> auf der B\u00fchne des Schweizer Markenkongress im Dolder in Z\u00fcrich erl\u00e4utert Tobias Bachm\u00fcller, gesch\u00e4ftsf\u00fchrender Gesellschafter und CMO von Katjes, die Marketingstrategie des Unternehmens. Inspiriert vom Zitat des aktuell erfolgreichsten Fussballcoaches der Welt, Carlo Ancelotti, dass Fussball aus Verteidigung (Organisation) und Angriff (Talent und Kreation) besteht, \u00fcbertr\u00e4gt Bachm\u00fcller dieses Konzept auf das Marketing.<\/p>\r\n<p>Katjes hebt sich von der Konkurrenz ab, indem das Unternehmen vollst\u00e4ndig auf Gelatine verzichtet und stattdessen St\u00e4rke verwendet. Diese \u00abverteidigungsf\u00e4hige Eigenschaft\u00bb beginnt in der Fabrik und wird positiv an die Verbraucher:innen kommuniziert, ohne dabei auf Schockbilder zu setzen. Stattdessen betont Katjes den Wert jedes Lebens und setzt auf fr\u00f6hliche, positive Werbebotschaften mit tierischen Motiven.<\/p>\r\n<p>Bachm\u00fcller hebt hervor, dass Kreativit\u00e4t durch einfache, klare Botschaften gef\u00f6rdert wird \u2013 bei Katjes ist dies das Wort \u00abvegan\u00bb. In der digitalen Marketingwelt nutzt Katjes stark soziale Medien wie Instagram und TikTok, um durch interessante Inhalte die Aufmerksamkeit der Zielgruppe zu gewinnen.<\/p>\r\n<p>Ein mutiges Beispiel aus der Plakatwerbung war die Darstellung einer Muslima, die f\u00fcr Diskussionen sorgte. Ein weiteres Plakat zeigte eine 107-j\u00e4hrige Frau mit der Botschaft \u00abJedes Leben ist wertvoll\u00bb, was ebenfalls viele Diskussionen anregte, jedoch \u00fcberwiegend positiv aufgenommen wurde.<\/p>\r\n<p>Katjes zeigt auch bei wichtigen Ereignissen im Fernsehen Pr\u00e4senz, etwa mit einem Werbespot w\u00e4hrend des Er\u00f6ffnungsspiels der Fussball-Europameisterschaft zwischen Deutschland und Schottland. Bachm\u00fcller betont, dass solche Ereignisse eine Gelegenheit bieten, eine breite Zielgruppe zu erreichen, selbst diejenigen, die normalerweise kein lineares Fernsehen schauen.<\/p>\r\n<p>Abschliessend betont Bachm\u00fcller, dass er selbst auf dem Schweizer Marketingkongress dank Vortr\u00e4gen von Weleda, On oder Schweiz Tourismus viel gelernt hat und die Veranstaltung sch\u00e4tzt, da sie den Austausch von Wissen und Erfahrungen f\u00f6rdert.<\/p>","protected":false},"excerpt":{"rendered":"<p>Tobias Bachm\u00fcller, Gesch\u00e4ftsf\u00fchrer und CMO von Katjes, erkl\u00e4rt auf dem Schweizer Markenkongress und exklusiv im Videotalk gegen\u00fcber m&amp;k Werbewoche.ch, wie Katjes&#8216; vegane Ausrichtung als Spielidee das Marketing revolutioniert und warum Kreativit\u00e4t nicht durch Kontrolle getr\u00fcbt werden sollte.<\/p>\n","protected":false},"author":8,"featured_media":27716,"comment_status":"closed","ping_status":"closed","sticky":false,"template":"","format":"standard","meta":{"_acf_changed":false,"_yoast_wpseo_focuskw":"Katjes Marketingstrategie","_yoast_wpseo_metadesc":"Katjes setzt auf vegane Produkte und kreative Werbung. Erfolgreiche Marketingstrategie inspiriert von Carlo Ancelotti.","articlekey":"","footnotes":""},"categories":[29],"tags":[4255,4027,3893,339,2817],"class_list":["post-27713","post","type-post","status-publish","format-standard","has-post-thumbnail","hentry","category-marketing","tag-katjes","tag-kreativitaet","tag-markenfuehrung","tag-marketing","tag-schweizer-markenkongress"],"acf":[],"yoast_head":"<!-- This site is optimized with the Yoast SEO plugin v27.5 - https:\/\/yoast.com\/product\/yoast-seo-wordpress\/ -->\n<title>\u00abIch will Kreativit\u00e4t nicht durch Kontrolle tr\u00fcben\u00bb - Organisator<\/title>\n<meta name=\"description\" content=\"Katjes setzt auf vegane Produkte und kreative Werbung. Erfolgreiche Marketingstrategie inspiriert von Carlo Ancelotti.\" \/>\n<meta name=\"robots\" content=\"index, follow, max-snippet:-1, max-image-preview:large, max-video-preview:-1\" \/>\n<link rel=\"canonical\" href=\"https:\/\/www.organisator.ch\/de\/marketing\/2024-06-13\/ich-will-kreativitaet-nicht-durch-kontrolle-trueben\/\" \/>\n<meta property=\"og:locale\" content=\"de_DE\" \/>\n<meta property=\"og:type\" content=\"article\" \/>\n<meta property=\"og:title\" content=\"\u00abIch will Kreativit\u00e4t nicht durch Kontrolle tr\u00fcben\u00bb - Organisator\" \/>\n<meta property=\"og:description\" content=\"Katjes setzt auf vegane Produkte und kreative Werbung. Erfolgreiche Marketingstrategie inspiriert von Carlo Ancelotti.\" \/>\n<meta property=\"og:url\" content=\"https:\/\/www.organisator.ch\/de\/marketing\/2024-06-13\/ich-will-kreativitaet-nicht-durch-kontrolle-trueben\/\" \/>\n<meta property=\"og:site_name\" content=\"Organisator\" \/>\n<meta property=\"article:publisher\" content=\"https:\/\/www.facebook.com\/OrganisatorFachmagazin\" \/>\n<meta property=\"article:published_time\" content=\"2024-06-13T14:41:29+00:00\" \/>\n<meta property=\"article:modified_time\" content=\"2024-11-10T11:48:35+00:00\" \/>\n<meta property=\"og:image\" content=\"https:\/\/www.organisator.ch\/wp-content\/uploads\/2024\/06\/Werbewoche_Bild.jpg\" \/>\n\t<meta property=\"og:image:width\" content=\"961\" \/>\n\t<meta property=\"og:image:height\" content=\"446\" \/>\n\t<meta property=\"og:image:type\" content=\"image\/jpeg\" \/>\n<meta name=\"author\" content=\"galledia\" \/>\n<meta name=\"twitter:card\" content=\"summary_large_image\" \/>\n<meta name=\"twitter:creator\" content=\"@admin\" \/>\n<script type=\"application\/ld+json\" class=\"yoast-schema-graph\">{\"@context\":\"https:\\\/\\\/schema.org\",\"@graph\":[{\"@type\":\"Article\",\"@id\":\"https:\\\/\\\/www.organisator.ch\\\/marketing\\\/2024-06-13\\\/ich-will-kreativitaet-nicht-durch-kontrolle-trueben\\\/#article\",\"isPartOf\":{\"@id\":\"https:\\\/\\\/www.organisator.ch\\\/marketing\\\/2024-06-13\\\/ich-will-kreativitaet-nicht-durch-kontrolle-trueben\\\/\"},\"author\":{\"name\":\"galledia\",\"@id\":\"https:\\\/\\\/www.organisator.ch\\\/#\\\/schema\\\/person\\\/4e51799071cd2dd1232ac003643ef5f0\"},\"headline\":\"\u00abIch will Kreativit\u00e4t nicht durch Kontrolle tr\u00fcben\u00bb\",\"datePublished\":\"2024-06-13T14:41:29+00:00\",\"dateModified\":\"2024-11-10T11:48:35+00:00\",\"mainEntityOfPage\":{\"@id\":\"https:\\\/\\\/www.organisator.ch\\\/marketing\\\/2024-06-13\\\/ich-will-kreativitaet-nicht-durch-kontrolle-trueben\\\/\"},\"wordCount\":306,\"publisher\":{\"@id\":\"https:\\\/\\\/www.organisator.ch\\\/#organization\"},\"image\":{\"@id\":\"https:\\\/\\\/www.organisator.ch\\\/marketing\\\/2024-06-13\\\/ich-will-kreativitaet-nicht-durch-kontrolle-trueben\\\/#primaryimage\"},\"thumbnailUrl\":\"https:\\\/\\\/www.organisator.ch\\\/wp-content\\\/uploads\\\/2024\\\/06\\\/Werbewoche_Bild.jpg\",\"keywords\":[\"Katjes\",\"Kreativit\u00e4t\",\"Markenf\u00fchrung\",\"Marketing\",\"Schweizer Markenkongress\"],\"articleSection\":[\"MARKETING\"],\"inLanguage\":\"de\"},{\"@type\":\"WebPage\",\"@id\":\"https:\\\/\\\/www.organisator.ch\\\/marketing\\\/2024-06-13\\\/ich-will-kreativitaet-nicht-durch-kontrolle-trueben\\\/\",\"url\":\"https:\\\/\\\/www.organisator.ch\\\/marketing\\\/2024-06-13\\\/ich-will-kreativitaet-nicht-durch-kontrolle-trueben\\\/\",\"name\":\"\u00abIch will Kreativit\u00e4t nicht durch Kontrolle tr\u00fcben\u00bb - Organisator\",\"isPartOf\":{\"@id\":\"https:\\\/\\\/www.organisator.ch\\\/#website\"},\"primaryImageOfPage\":{\"@id\":\"https:\\\/\\\/www.organisator.ch\\\/marketing\\\/2024-06-13\\\/ich-will-kreativitaet-nicht-durch-kontrolle-trueben\\\/#primaryimage\"},\"image\":{\"@id\":\"https:\\\/\\\/www.organisator.ch\\\/marketing\\\/2024-06-13\\\/ich-will-kreativitaet-nicht-durch-kontrolle-trueben\\\/#primaryimage\"},\"thumbnailUrl\":\"https:\\\/\\\/www.organisator.ch\\\/wp-content\\\/uploads\\\/2024\\\/06\\\/Werbewoche_Bild.jpg\",\"datePublished\":\"2024-06-13T14:41:29+00:00\",\"dateModified\":\"2024-11-10T11:48:35+00:00\",\"description\":\"Katjes setzt auf vegane Produkte und kreative Werbung. Erfolgreiche Marketingstrategie inspiriert von Carlo Ancelotti.\",\"breadcrumb\":{\"@id\":\"https:\\\/\\\/www.organisator.ch\\\/marketing\\\/2024-06-13\\\/ich-will-kreativitaet-nicht-durch-kontrolle-trueben\\\/#breadcrumb\"},\"inLanguage\":\"de\",\"potentialAction\":[{\"@type\":\"ReadAction\",\"target\":[\"https:\\\/\\\/www.organisator.ch\\\/marketing\\\/2024-06-13\\\/ich-will-kreativitaet-nicht-durch-kontrolle-trueben\\\/\"]}]},{\"@type\":\"ImageObject\",\"inLanguage\":\"de\",\"@id\":\"https:\\\/\\\/www.organisator.ch\\\/marketing\\\/2024-06-13\\\/ich-will-kreativitaet-nicht-durch-kontrolle-trueben\\\/#primaryimage\",\"url\":\"https:\\\/\\\/www.organisator.ch\\\/wp-content\\\/uploads\\\/2024\\\/06\\\/Werbewoche_Bild.jpg\",\"contentUrl\":\"https:\\\/\\\/www.organisator.ch\\\/wp-content\\\/uploads\\\/2024\\\/06\\\/Werbewoche_Bild.jpg\",\"width\":961,\"height\":446},{\"@type\":\"BreadcrumbList\",\"@id\":\"https:\\\/\\\/www.organisator.ch\\\/marketing\\\/2024-06-13\\\/ich-will-kreativitaet-nicht-durch-kontrolle-trueben\\\/#breadcrumb\",\"itemListElement\":[{\"@type\":\"ListItem\",\"position\":1,\"name\":\"Home\",\"item\":\"https:\\\/\\\/www.organisator.ch\\\/\"},{\"@type\":\"ListItem\",\"position\":2,\"name\":\"\u00abIch will Kreativit\u00e4t nicht durch Kontrolle tr\u00fcben\u00bb\"}]},{\"@type\":\"WebSite\",\"@id\":\"https:\\\/\\\/www.organisator.ch\\\/#website\",\"url\":\"https:\\\/\\\/www.organisator.ch\\\/\",\"name\":\"Organisator\",\"description\":\"Kompetent. Praxisnah. Der ORGANISATOR bereitet in 10 Ausgaben pro Jahr die wesentlichen Themen f\u00fcr F\u00fchrungskr\u00e4fte von KMU auf.\",\"publisher\":{\"@id\":\"https:\\\/\\\/www.organisator.ch\\\/#organization\"},\"potentialAction\":[{\"@type\":\"SearchAction\",\"target\":{\"@type\":\"EntryPoint\",\"urlTemplate\":\"https:\\\/\\\/www.organisator.ch\\\/?s={search_term_string}\"},\"query-input\":{\"@type\":\"PropertyValueSpecification\",\"valueRequired\":true,\"valueName\":\"search_term_string\"}}],\"inLanguage\":\"de\"},{\"@type\":\"Organization\",\"@id\":\"https:\\\/\\\/www.organisator.ch\\\/#organization\",\"name\":\"Organisator\",\"url\":\"https:\\\/\\\/www.organisator.ch\\\/\",\"logo\":{\"@type\":\"ImageObject\",\"inLanguage\":\"de\",\"@id\":\"https:\\\/\\\/www.organisator.ch\\\/#\\\/schema\\\/logo\\\/image\\\/\",\"url\":\"https:\\\/\\\/www.organisator.ch\\\/wp-content\\\/uploads\\\/2022\\\/01\\\/Logo_Organisator_Website.png\",\"contentUrl\":\"https:\\\/\\\/www.organisator.ch\\\/wp-content\\\/uploads\\\/2022\\\/01\\\/Logo_Organisator_Website.png\",\"width\":800,\"height\":77,\"caption\":\"Organisator\"},\"image\":{\"@id\":\"https:\\\/\\\/www.organisator.ch\\\/#\\\/schema\\\/logo\\\/image\\\/\"},\"sameAs\":[\"https:\\\/\\\/www.facebook.com\\\/OrganisatorFachmagazin\",\"https:\\\/\\\/www.linkedin.com\\\/showcase\\\/organisator-das-magazin-fr-kmu\",\"https:\\\/\\\/www.xing.com\\\/news\\\/pages\\\/organisator-ch-695\",\"https:\\\/\\\/www.youtube.com\\\/channel\\\/UCGP2Sq0iWaZwT3BdIAQFYpw\"]},{\"@type\":\"Person\",\"@id\":\"https:\\\/\\\/www.organisator.ch\\\/#\\\/schema\\\/person\\\/4e51799071cd2dd1232ac003643ef5f0\",\"name\":\"galledia\",\"image\":{\"@type\":\"ImageObject\",\"inLanguage\":\"de\",\"@id\":\"https:\\\/\\\/secure.gravatar.com\\\/avatar\\\/78a7f90c01fc2bfc875782a0d4922b37cde2cf184ce347b91316d23cd7f69a36?s=96&d=mm&r=g\",\"url\":\"https:\\\/\\\/secure.gravatar.com\\\/avatar\\\/78a7f90c01fc2bfc875782a0d4922b37cde2cf184ce347b91316d23cd7f69a36?s=96&d=mm&r=g\",\"contentUrl\":\"https:\\\/\\\/secure.gravatar.com\\\/avatar\\\/78a7f90c01fc2bfc875782a0d4922b37cde2cf184ce347b91316d23cd7f69a36?s=96&d=mm&r=g\",\"caption\":\"galledia\"},\"sameAs\":[\"https:\\\/\\\/x.com\\\/admin\"],\"url\":\"https:\\\/\\\/www.organisator.ch\\\/de\\\/author\\\/galledia\\\/\"}]}<\/script>\n<!-- \/ Yoast SEO plugin. -->","yoast_head_json":{"title":"\u00abIch will Kreativit\u00e4t nicht durch Kontrolle tr\u00fcben\u00bb - Organisator","description":"Katjes setzt auf vegane Produkte und kreative Werbung. Erfolgreiche Marketingstrategie inspiriert von Carlo Ancelotti.","robots":{"index":"index","follow":"follow","max-snippet":"max-snippet:-1","max-image-preview":"max-image-preview:large","max-video-preview":"max-video-preview:-1"},"canonical":"https:\/\/www.organisator.ch\/de\/marketing\/2024-06-13\/ich-will-kreativitaet-nicht-durch-kontrolle-trueben\/","og_locale":"de_DE","og_type":"article","og_title":"\u00abIch will Kreativit\u00e4t nicht durch Kontrolle tr\u00fcben\u00bb - Organisator","og_description":"Katjes setzt auf vegane Produkte und kreative Werbung. Erfolgreiche Marketingstrategie inspiriert von Carlo Ancelotti.","og_url":"https:\/\/www.organisator.ch\/de\/marketing\/2024-06-13\/ich-will-kreativitaet-nicht-durch-kontrolle-trueben\/","og_site_name":"Organisator","article_publisher":"https:\/\/www.facebook.com\/OrganisatorFachmagazin","article_published_time":"2024-06-13T14:41:29+00:00","article_modified_time":"2024-11-10T11:48:35+00:00","og_image":[{"width":961,"height":446,"url":"https:\/\/www.organisator.ch\/wp-content\/uploads\/2024\/06\/Werbewoche_Bild.jpg","type":"image\/jpeg"}],"author":"galledia","twitter_card":"summary_large_image","twitter_creator":"@admin","schema":{"@context":"https:\/\/schema.org","@graph":[{"@type":"Article","@id":"https:\/\/www.organisator.ch\/marketing\/2024-06-13\/ich-will-kreativitaet-nicht-durch-kontrolle-trueben\/#article","isPartOf":{"@id":"https:\/\/www.organisator.ch\/marketing\/2024-06-13\/ich-will-kreativitaet-nicht-durch-kontrolle-trueben\/"},"author":{"name":"galledia","@id":"https:\/\/www.organisator.ch\/#\/schema\/person\/4e51799071cd2dd1232ac003643ef5f0"},"headline":"\u00abIch will Kreativit\u00e4t nicht durch Kontrolle tr\u00fcben\u00bb","datePublished":"2024-06-13T14:41:29+00:00","dateModified":"2024-11-10T11:48:35+00:00","mainEntityOfPage":{"@id":"https:\/\/www.organisator.ch\/marketing\/2024-06-13\/ich-will-kreativitaet-nicht-durch-kontrolle-trueben\/"},"wordCount":306,"publisher":{"@id":"https:\/\/www.organisator.ch\/#organization"},"image":{"@id":"https:\/\/www.organisator.ch\/marketing\/2024-06-13\/ich-will-kreativitaet-nicht-durch-kontrolle-trueben\/#primaryimage"},"thumbnailUrl":"https:\/\/www.organisator.ch\/wp-content\/uploads\/2024\/06\/Werbewoche_Bild.jpg","keywords":["Katjes","Kreativit\u00e4t","Markenf\u00fchrung","Marketing","Schweizer Markenkongress"],"articleSection":["MARKETING"],"inLanguage":"de"},{"@type":"WebPage","@id":"https:\/\/www.organisator.ch\/marketing\/2024-06-13\/ich-will-kreativitaet-nicht-durch-kontrolle-trueben\/","url":"https:\/\/www.organisator.ch\/marketing\/2024-06-13\/ich-will-kreativitaet-nicht-durch-kontrolle-trueben\/","name":"\u00abIch will Kreativit\u00e4t nicht durch Kontrolle tr\u00fcben\u00bb - Organisator","isPartOf":{"@id":"https:\/\/www.organisator.ch\/#website"},"primaryImageOfPage":{"@id":"https:\/\/www.organisator.ch\/marketing\/2024-06-13\/ich-will-kreativitaet-nicht-durch-kontrolle-trueben\/#primaryimage"},"image":{"@id":"https:\/\/www.organisator.ch\/marketing\/2024-06-13\/ich-will-kreativitaet-nicht-durch-kontrolle-trueben\/#primaryimage"},"thumbnailUrl":"https:\/\/www.organisator.ch\/wp-content\/uploads\/2024\/06\/Werbewoche_Bild.jpg","datePublished":"2024-06-13T14:41:29+00:00","dateModified":"2024-11-10T11:48:35+00:00","description":"Katjes setzt auf vegane Produkte und kreative Werbung. Erfolgreiche Marketingstrategie inspiriert von Carlo Ancelotti.","breadcrumb":{"@id":"https:\/\/www.organisator.ch\/marketing\/2024-06-13\/ich-will-kreativitaet-nicht-durch-kontrolle-trueben\/#breadcrumb"},"inLanguage":"de","potentialAction":[{"@type":"ReadAction","target":["https:\/\/www.organisator.ch\/marketing\/2024-06-13\/ich-will-kreativitaet-nicht-durch-kontrolle-trueben\/"]}]},{"@type":"ImageObject","inLanguage":"de","@id":"https:\/\/www.organisator.ch\/marketing\/2024-06-13\/ich-will-kreativitaet-nicht-durch-kontrolle-trueben\/#primaryimage","url":"https:\/\/www.organisator.ch\/wp-content\/uploads\/2024\/06\/Werbewoche_Bild.jpg","contentUrl":"https:\/\/www.organisator.ch\/wp-content\/uploads\/2024\/06\/Werbewoche_Bild.jpg","width":961,"height":446},{"@type":"BreadcrumbList","@id":"https:\/\/www.organisator.ch\/marketing\/2024-06-13\/ich-will-kreativitaet-nicht-durch-kontrolle-trueben\/#breadcrumb","itemListElement":[{"@type":"ListItem","position":1,"name":"Home","item":"https:\/\/www.organisator.ch\/"},{"@type":"ListItem","position":2,"name":"\u00abIch will Kreativit\u00e4t nicht durch Kontrolle tr\u00fcben\u00bb"}]},{"@type":"WebSite","@id":"https:\/\/www.organisator.ch\/#website","url":"https:\/\/www.organisator.ch\/","name":"Organisator","description":"Kompetent. Praxisnah. Der ORGANISATOR bereitet in 10 Ausgaben pro Jahr die wesentlichen Themen f\u00fcr F\u00fchrungskr\u00e4fte von KMU auf.","publisher":{"@id":"https:\/\/www.organisator.ch\/#organization"},"potentialAction":[{"@type":"SearchAction","target":{"@type":"EntryPoint","urlTemplate":"https:\/\/www.organisator.ch\/?s={search_term_string}"},"query-input":{"@type":"PropertyValueSpecification","valueRequired":true,"valueName":"search_term_string"}}],"inLanguage":"de"},{"@type":"Organization","@id":"https:\/\/www.organisator.ch\/#organization","name":"Organisator","url":"https:\/\/www.organisator.ch\/","logo":{"@type":"ImageObject","inLanguage":"de","@id":"https:\/\/www.organisator.ch\/#\/schema\/logo\/image\/","url":"https:\/\/www.organisator.ch\/wp-content\/uploads\/2022\/01\/Logo_Organisator_Website.png","contentUrl":"https:\/\/www.organisator.ch\/wp-content\/uploads\/2022\/01\/Logo_Organisator_Website.png","width":800,"height":77,"caption":"Organisator"},"image":{"@id":"https:\/\/www.organisator.ch\/#\/schema\/logo\/image\/"},"sameAs":["https:\/\/www.facebook.com\/OrganisatorFachmagazin","https:\/\/www.linkedin.com\/showcase\/organisator-das-magazin-fr-kmu","https:\/\/www.xing.com\/news\/pages\/organisator-ch-695","https:\/\/www.youtube.com\/channel\/UCGP2Sq0iWaZwT3BdIAQFYpw"]},{"@type":"Person","@id":"https:\/\/www.organisator.ch\/#\/schema\/person\/4e51799071cd2dd1232ac003643ef5f0","name":"galledia","image":{"@type":"ImageObject","inLanguage":"de","@id":"https:\/\/secure.gravatar.com\/avatar\/78a7f90c01fc2bfc875782a0d4922b37cde2cf184ce347b91316d23cd7f69a36?s=96&d=mm&r=g","url":"https:\/\/secure.gravatar.com\/avatar\/78a7f90c01fc2bfc875782a0d4922b37cde2cf184ce347b91316d23cd7f69a36?s=96&d=mm&r=g","contentUrl":"https:\/\/secure.gravatar.com\/avatar\/78a7f90c01fc2bfc875782a0d4922b37cde2cf184ce347b91316d23cd7f69a36?s=96&d=mm&r=g","caption":"galledia"},"sameAs":["https:\/\/x.com\/admin"],"url":"https:\/\/www.organisator.ch\/de\/author\/galledia\/"}]}},"_links":{"self":[{"href":"https:\/\/www.organisator.ch\/de\/wp-json\/wp\/v2\/posts\/27713","targetHints":{"allow":["GET"]}}],"collection":[{"href":"https:\/\/www.organisator.ch\/de\/wp-json\/wp\/v2\/posts"}],"about":[{"href":"https:\/\/www.organisator.ch\/de\/wp-json\/wp\/v2\/types\/post"}],"author":[{"embeddable":true,"href":"https:\/\/www.organisator.ch\/de\/wp-json\/wp\/v2\/users\/8"}],"replies":[{"embeddable":true,"href":"https:\/\/www.organisator.ch\/de\/wp-json\/wp\/v2\/comments?post=27713"}],"version-history":[{"count":6,"href":"https:\/\/www.organisator.ch\/de\/wp-json\/wp\/v2\/posts\/27713\/revisions"}],"predecessor-version":[{"id":32190,"href":"https:\/\/www.organisator.ch\/de\/wp-json\/wp\/v2\/posts\/27713\/revisions\/32190"}],"wp:featuredmedia":[{"embeddable":true,"href":"https:\/\/www.organisator.ch\/de\/wp-json\/wp\/v2\/media\/27716"}],"wp:attachment":[{"href":"https:\/\/www.organisator.ch\/de\/wp-json\/wp\/v2\/media?parent=27713"}],"wp:term":[{"taxonomy":"category","embeddable":true,"href":"https:\/\/www.organisator.ch\/de\/wp-json\/wp\/v2\/categories?post=27713"},{"taxonomy":"post_tag","embeddable":true,"href":"https:\/\/www.organisator.ch\/de\/wp-json\/wp\/v2\/tags?post=27713"}],"curies":[{"name":"wp","href":"https:\/\/api.w.org\/{rel}","templated":true}]}}