{"id":27731,"date":"2024-06-16T09:01:25","date_gmt":"2024-06-16T07:01:25","guid":{"rendered":"https:\/\/www.werbewoche.ch\/?p=216685"},"modified":"2024-11-10T12:39:42","modified_gmt":"2024-11-10T11:39:42","slug":"serviceplan-suisse-und-deep-tech-nation-gestalten-die-zukunft-der-schweiz","status":"publish","type":"post","link":"https:\/\/www.organisator.ch\/de\/marketing\/2024-06-16\/serviceplan-suisse-und-deep-tech-nation-gestalten-die-zukunft-der-schweiz\/","title":{"rendered":"Serviceplan Suisse und Deep Tech Nation gestalten die Zukunft der Schweiz"},"content":{"rendered":"<p><img class=\"aligncenter wp-image-216687 size-full\" src=\"https:\/\/www.werbewoche.ch\/wp-content\/uploads\/2024\/06\/DTN_sef_inhouse-tv_1920x1080_2.jpg\" alt=\"Deep Tech Nation\" width=\"1200\" height=\"675\" \/><\/p>\r\n<p>Die Schweiz ist weltweit f\u00fchrend in Innovationen und verf\u00fcgt \u00fcber ein einzigartiges Bildungssystem sowie exzellente Forschungseinrichtungen. Dennoch mangelt es an der erforderlichen finanziellen Unterst\u00fctzung, besonders im Bereich der Deep Tech, wo forschungsintensive technologische Innovationen entwickelt werden. Es fehlt an ausreichend Venture Capital, wodurch die Schweiz allm\u00e4hlich im internationalen Wettbewerb zur\u00fcckf\u00e4llt.<\/p>\r\n<p>Genau hier setzt die Stiftung \u00abDeep Tech Nation Switzerland\u00bb an, die offiziell am Swiss Economic Forum lanciert wurde. Die Stiftung will in den n\u00e4chsten zehn Jahren 50 Milliarden Schweizer Franken f\u00fcr Start-ups und Scale-ups im Bereich Deep Tech mobilisieren. Dadurch sollen bis zu 100\u2019000 neue Arbeitspl\u00e4tze in der Schweiz entstehen. Die Stiftung m\u00f6chte hierf\u00fcr die Bedingungen verbessern, damit Start-ups und Scale-ups leichter wachsen k\u00f6nnen und die Schweiz so f\u00fcr Schweizer und internationale Investoren attraktiver wird.<\/p>\r\n<p><img class=\"aligncenter size-full wp-image-216686\" src=\"https:\/\/www.werbewoche.ch\/wp-content\/uploads\/2024\/06\/DTN_sef_inhouse-tv_1920x1080_1.jpg\" alt=\"\" width=\"1200\" height=\"675\" \/><\/p>\r\n<h3><strong>Need for Action im Auftritt einfliessen lassen\u00a0\u00a0\u00a0\u00a0\u00a0 <\/strong><\/h3>\r\n<p>In engem Austausch mit Deep Tech Nation Switzerland hat Serviceplan Suisse das gesamte Branding kreiert, das nebst dem gesamten visuellen Erscheinungsbild auch die Erarbeitung des Messagings und einer Website beinhaltete. Mit den zwei Hauptbotschaften \u00abNeed for Action\u00bb und \u00abTime for Action\u00bb soll dabei die Dringlichkeit der Situation sp\u00fcrbar sein, ohne jedoch schwarzzumalen und die unterschiedlichen Zielgruppen auf positive und aktivierende Weise anzusprechen.<\/p>\r\n<p>Offizell gelauncht wurde Deep Tech Nation Switzerland am 6. Juni am Swiss Economic Forum von Swisscom-CEO Christoph Aeschlimann und Sabine Keller-Busse, President UBS Switzerland.<\/p>\r\n<p>Nebst Website und DOOH-Werbemitteln am SEF hat Serviceplan Suisse auch den Intro-und Outro-Film f\u00fcr die Pr\u00e4sentation am SEF kreiert. Weitere Kommunikationsmittel sind in Planung.<\/p>\r\n<p><\/p>\r\n<hr \/>\r\n<p><strong>Verantwortlich bei Deep Tech Nation:<\/strong> Joanne Sieber, Daniel Fisler, Lisa Appels. <strong>Verantwortlich im House of Communication: <\/strong>Micha Seger (Executive Creative Direction), Kelsang Gope, Joss Arnot (Text), Philipp Intlekofer, Luca Di Francesco, Michael Winnicki (Art Direction), Nico Podgorny, Rabea M\u00fcller, Nicole Grogg (Beratung), Marcel Benz, Philip Zsifkovits (Strategie), Barbara Meier (Realisation), Nathalie Diethelm, Raul Serrat (Gesamtverantwortung). <strong>Filmproduktion:<\/strong> McQueen Films.<\/p>","protected":false},"excerpt":{"rendered":"<p>Damit der Innovationsstandort Schweiz weiterhin wettbewerbsf\u00e4hig bleibt, haben die Swisscom und UBS die Stiftung Deep Tech Nation Switzerland gegr\u00fcndet. F\u00fcr einen entsprechenden Markenauftritt hat die im House of Communication Zurich beheimatete Agentur Serviceplan Suisse die kommunikativen Weichen gestellt.<\/p>\n","protected":false},"author":8,"featured_media":0,"comment_status":"closed","ping_status":"closed","sticky":false,"template":"","format":"standard","meta":{"_acf_changed":false,"_yoast_wpseo_focuskw":"Deep Tech Nation","_yoast_wpseo_metadesc":"Stiftung Deep Tech Nation will 50 Mrd CHF f\u00fcr Deep Tech mobilisieren und 100'000 neue Arbeitspl\u00e4tze schaffen.","articlekey":"","footnotes":""},"categories":[29],"tags":[4256,274,2617,4257,2962,2345],"class_list":["post-27731","post","type-post","status-publish","format-standard","hentry","category-marketing","tag-deep-tech-nation","tag-innovation","tag-marken","tag-serviceplan-suisse","tag-swisscom","tag-ubs"],"acf":[],"yoast_head":"<!-- This site is optimized with the Yoast SEO plugin v27.4 - https:\/\/yoast.com\/product\/yoast-seo-wordpress\/ -->\n<title>Serviceplan Suisse und Deep Tech Nation gestalten die Zukunft der Schweiz - Organisator<\/title>\n<meta name=\"description\" content=\"Stiftung Deep Tech Nation will 50 Mrd CHF f\u00fcr Deep Tech mobilisieren und 100&#039;000 neue Arbeitspl\u00e4tze schaffen.\" \/>\n<meta name=\"robots\" content=\"index, follow, max-snippet:-1, max-image-preview:large, max-video-preview:-1\" \/>\n<link rel=\"canonical\" href=\"https:\/\/www.organisator.ch\/de\/marketing\/2024-06-16\/serviceplan-suisse-und-deep-tech-nation-gestalten-die-zukunft-der-schweiz\/\" \/>\n<meta property=\"og:locale\" content=\"de_DE\" \/>\n<meta property=\"og:type\" content=\"article\" \/>\n<meta property=\"og:title\" content=\"Serviceplan Suisse und Deep Tech Nation gestalten die Zukunft der Schweiz - Organisator\" \/>\n<meta property=\"og:description\" content=\"Stiftung Deep Tech Nation will 50 Mrd CHF f\u00fcr Deep Tech mobilisieren und 100&#039;000 neue Arbeitspl\u00e4tze schaffen.\" \/>\n<meta property=\"og:url\" content=\"https:\/\/www.organisator.ch\/de\/marketing\/2024-06-16\/serviceplan-suisse-und-deep-tech-nation-gestalten-die-zukunft-der-schweiz\/\" \/>\n<meta property=\"og:site_name\" content=\"Organisator\" \/>\n<meta property=\"article:publisher\" content=\"https:\/\/www.facebook.com\/OrganisatorFachmagazin\" \/>\n<meta property=\"article:published_time\" content=\"2024-06-16T07:01:25+00:00\" \/>\n<meta property=\"article:modified_time\" content=\"2024-11-10T11:39:42+00:00\" \/>\n<meta property=\"og:image\" content=\"https:\/\/www.werbewoche.ch\/wp-content\/uploads\/2024\/06\/DTN_sef_inhouse-tv_1920x1080_2.jpg\" \/>\n<meta name=\"author\" content=\"galledia\" \/>\n<meta name=\"twitter:card\" content=\"summary_large_image\" \/>\n<meta name=\"twitter:creator\" content=\"@admin\" \/>\n<script type=\"application\/ld+json\" class=\"yoast-schema-graph\">{\"@context\":\"https:\\\/\\\/schema.org\",\"@graph\":[{\"@type\":\"Article\",\"@id\":\"https:\\\/\\\/www.organisator.ch\\\/marketing\\\/2024-06-16\\\/serviceplan-suisse-und-deep-tech-nation-gestalten-die-zukunft-der-schweiz\\\/#article\",\"isPartOf\":{\"@id\":\"https:\\\/\\\/www.organisator.ch\\\/marketing\\\/2024-06-16\\\/serviceplan-suisse-und-deep-tech-nation-gestalten-die-zukunft-der-schweiz\\\/\"},\"author\":{\"name\":\"galledia\",\"@id\":\"https:\\\/\\\/www.organisator.ch\\\/#\\\/schema\\\/person\\\/4e51799071cd2dd1232ac003643ef5f0\"},\"headline\":\"Serviceplan Suisse und Deep Tech Nation gestalten die Zukunft der Schweiz\",\"datePublished\":\"2024-06-16T07:01:25+00:00\",\"dateModified\":\"2024-11-10T11:39:42+00:00\",\"mainEntityOfPage\":{\"@id\":\"https:\\\/\\\/www.organisator.ch\\\/marketing\\\/2024-06-16\\\/serviceplan-suisse-und-deep-tech-nation-gestalten-die-zukunft-der-schweiz\\\/\"},\"wordCount\":325,\"publisher\":{\"@id\":\"https:\\\/\\\/www.organisator.ch\\\/#organization\"},\"image\":{\"@id\":\"https:\\\/\\\/www.organisator.ch\\\/marketing\\\/2024-06-16\\\/serviceplan-suisse-und-deep-tech-nation-gestalten-die-zukunft-der-schweiz\\\/#primaryimage\"},\"thumbnailUrl\":\"https:\\\/\\\/www.werbewoche.ch\\\/wp-content\\\/uploads\\\/2024\\\/06\\\/DTN_sef_inhouse-tv_1920x1080_2.jpg\",\"keywords\":[\"Deep Tech Nation\",\"Innovation\",\"Marken\",\"Serviceplan Suisse\",\"Swisscom\",\"UBS\"],\"articleSection\":[\"MARKETING\"],\"inLanguage\":\"de\"},{\"@type\":\"WebPage\",\"@id\":\"https:\\\/\\\/www.organisator.ch\\\/marketing\\\/2024-06-16\\\/serviceplan-suisse-und-deep-tech-nation-gestalten-die-zukunft-der-schweiz\\\/\",\"url\":\"https:\\\/\\\/www.organisator.ch\\\/marketing\\\/2024-06-16\\\/serviceplan-suisse-und-deep-tech-nation-gestalten-die-zukunft-der-schweiz\\\/\",\"name\":\"Serviceplan Suisse und Deep Tech Nation gestalten die Zukunft der Schweiz - Organisator\",\"isPartOf\":{\"@id\":\"https:\\\/\\\/www.organisator.ch\\\/#website\"},\"primaryImageOfPage\":{\"@id\":\"https:\\\/\\\/www.organisator.ch\\\/marketing\\\/2024-06-16\\\/serviceplan-suisse-und-deep-tech-nation-gestalten-die-zukunft-der-schweiz\\\/#primaryimage\"},\"image\":{\"@id\":\"https:\\\/\\\/www.organisator.ch\\\/marketing\\\/2024-06-16\\\/serviceplan-suisse-und-deep-tech-nation-gestalten-die-zukunft-der-schweiz\\\/#primaryimage\"},\"thumbnailUrl\":\"https:\\\/\\\/www.werbewoche.ch\\\/wp-content\\\/uploads\\\/2024\\\/06\\\/DTN_sef_inhouse-tv_1920x1080_2.jpg\",\"datePublished\":\"2024-06-16T07:01:25+00:00\",\"dateModified\":\"2024-11-10T11:39:42+00:00\",\"description\":\"Stiftung Deep Tech Nation will 50 Mrd CHF f\u00fcr Deep Tech mobilisieren und 100'000 neue Arbeitspl\u00e4tze schaffen.\",\"breadcrumb\":{\"@id\":\"https:\\\/\\\/www.organisator.ch\\\/marketing\\\/2024-06-16\\\/serviceplan-suisse-und-deep-tech-nation-gestalten-die-zukunft-der-schweiz\\\/#breadcrumb\"},\"inLanguage\":\"de\",\"potentialAction\":[{\"@type\":\"ReadAction\",\"target\":[\"https:\\\/\\\/www.organisator.ch\\\/marketing\\\/2024-06-16\\\/serviceplan-suisse-und-deep-tech-nation-gestalten-die-zukunft-der-schweiz\\\/\"]}]},{\"@type\":\"ImageObject\",\"inLanguage\":\"de\",\"@id\":\"https:\\\/\\\/www.organisator.ch\\\/marketing\\\/2024-06-16\\\/serviceplan-suisse-und-deep-tech-nation-gestalten-die-zukunft-der-schweiz\\\/#primaryimage\",\"url\":\"https:\\\/\\\/www.werbewoche.ch\\\/wp-content\\\/uploads\\\/2024\\\/06\\\/DTN_sef_inhouse-tv_1920x1080_2.jpg\",\"contentUrl\":\"https:\\\/\\\/www.werbewoche.ch\\\/wp-content\\\/uploads\\\/2024\\\/06\\\/DTN_sef_inhouse-tv_1920x1080_2.jpg\"},{\"@type\":\"BreadcrumbList\",\"@id\":\"https:\\\/\\\/www.organisator.ch\\\/marketing\\\/2024-06-16\\\/serviceplan-suisse-und-deep-tech-nation-gestalten-die-zukunft-der-schweiz\\\/#breadcrumb\",\"itemListElement\":[{\"@type\":\"ListItem\",\"position\":1,\"name\":\"Home\",\"item\":\"https:\\\/\\\/www.organisator.ch\\\/\"},{\"@type\":\"ListItem\",\"position\":2,\"name\":\"Serviceplan Suisse und Deep Tech Nation gestalten die Zukunft der Schweiz\"}]},{\"@type\":\"WebSite\",\"@id\":\"https:\\\/\\\/www.organisator.ch\\\/#website\",\"url\":\"https:\\\/\\\/www.organisator.ch\\\/\",\"name\":\"Organisator\",\"description\":\"Kompetent. Praxisnah. Der ORGANISATOR bereitet in 10 Ausgaben pro Jahr die wesentlichen Themen f\u00fcr F\u00fchrungskr\u00e4fte von KMU auf.\",\"publisher\":{\"@id\":\"https:\\\/\\\/www.organisator.ch\\\/#organization\"},\"potentialAction\":[{\"@type\":\"SearchAction\",\"target\":{\"@type\":\"EntryPoint\",\"urlTemplate\":\"https:\\\/\\\/www.organisator.ch\\\/?s={search_term_string}\"},\"query-input\":{\"@type\":\"PropertyValueSpecification\",\"valueRequired\":true,\"valueName\":\"search_term_string\"}}],\"inLanguage\":\"de\"},{\"@type\":\"Organization\",\"@id\":\"https:\\\/\\\/www.organisator.ch\\\/#organization\",\"name\":\"Organisator\",\"url\":\"https:\\\/\\\/www.organisator.ch\\\/\",\"logo\":{\"@type\":\"ImageObject\",\"inLanguage\":\"de\",\"@id\":\"https:\\\/\\\/www.organisator.ch\\\/#\\\/schema\\\/logo\\\/image\\\/\",\"url\":\"https:\\\/\\\/www.organisator.ch\\\/wp-content\\\/uploads\\\/2022\\\/01\\\/Logo_Organisator_Website.png\",\"contentUrl\":\"https:\\\/\\\/www.organisator.ch\\\/wp-content\\\/uploads\\\/2022\\\/01\\\/Logo_Organisator_Website.png\",\"width\":800,\"height\":77,\"caption\":\"Organisator\"},\"image\":{\"@id\":\"https:\\\/\\\/www.organisator.ch\\\/#\\\/schema\\\/logo\\\/image\\\/\"},\"sameAs\":[\"https:\\\/\\\/www.facebook.com\\\/OrganisatorFachmagazin\",\"https:\\\/\\\/www.linkedin.com\\\/showcase\\\/organisator-das-magazin-fr-kmu\",\"https:\\\/\\\/www.xing.com\\\/news\\\/pages\\\/organisator-ch-695\",\"https:\\\/\\\/www.youtube.com\\\/channel\\\/UCGP2Sq0iWaZwT3BdIAQFYpw\"]},{\"@type\":\"Person\",\"@id\":\"https:\\\/\\\/www.organisator.ch\\\/#\\\/schema\\\/person\\\/4e51799071cd2dd1232ac003643ef5f0\",\"name\":\"galledia\",\"image\":{\"@type\":\"ImageObject\",\"inLanguage\":\"de\",\"@id\":\"https:\\\/\\\/secure.gravatar.com\\\/avatar\\\/78a7f90c01fc2bfc875782a0d4922b37cde2cf184ce347b91316d23cd7f69a36?s=96&d=mm&r=g\",\"url\":\"https:\\\/\\\/secure.gravatar.com\\\/avatar\\\/78a7f90c01fc2bfc875782a0d4922b37cde2cf184ce347b91316d23cd7f69a36?s=96&d=mm&r=g\",\"contentUrl\":\"https:\\\/\\\/secure.gravatar.com\\\/avatar\\\/78a7f90c01fc2bfc875782a0d4922b37cde2cf184ce347b91316d23cd7f69a36?s=96&d=mm&r=g\",\"caption\":\"galledia\"},\"sameAs\":[\"https:\\\/\\\/x.com\\\/admin\"],\"url\":\"https:\\\/\\\/www.organisator.ch\\\/de\\\/author\\\/galledia\\\/\"}]}<\/script>\n<!-- \/ Yoast SEO plugin. -->","yoast_head_json":{"title":"Serviceplan Suisse und Deep Tech Nation gestalten die Zukunft der Schweiz - Organisator","description":"Stiftung Deep Tech Nation will 50 Mrd CHF f\u00fcr Deep Tech mobilisieren und 100'000 neue Arbeitspl\u00e4tze schaffen.","robots":{"index":"index","follow":"follow","max-snippet":"max-snippet:-1","max-image-preview":"max-image-preview:large","max-video-preview":"max-video-preview:-1"},"canonical":"https:\/\/www.organisator.ch\/de\/marketing\/2024-06-16\/serviceplan-suisse-und-deep-tech-nation-gestalten-die-zukunft-der-schweiz\/","og_locale":"de_DE","og_type":"article","og_title":"Serviceplan Suisse und Deep Tech Nation gestalten die Zukunft der Schweiz - Organisator","og_description":"Stiftung Deep Tech Nation will 50 Mrd CHF f\u00fcr Deep Tech mobilisieren und 100'000 neue Arbeitspl\u00e4tze schaffen.","og_url":"https:\/\/www.organisator.ch\/de\/marketing\/2024-06-16\/serviceplan-suisse-und-deep-tech-nation-gestalten-die-zukunft-der-schweiz\/","og_site_name":"Organisator","article_publisher":"https:\/\/www.facebook.com\/OrganisatorFachmagazin","article_published_time":"2024-06-16T07:01:25+00:00","article_modified_time":"2024-11-10T11:39:42+00:00","og_image":[{"url":"https:\/\/www.werbewoche.ch\/wp-content\/uploads\/2024\/06\/DTN_sef_inhouse-tv_1920x1080_2.jpg","type":"","width":"","height":""}],"author":"galledia","twitter_card":"summary_large_image","twitter_creator":"@admin","schema":{"@context":"https:\/\/schema.org","@graph":[{"@type":"Article","@id":"https:\/\/www.organisator.ch\/marketing\/2024-06-16\/serviceplan-suisse-und-deep-tech-nation-gestalten-die-zukunft-der-schweiz\/#article","isPartOf":{"@id":"https:\/\/www.organisator.ch\/marketing\/2024-06-16\/serviceplan-suisse-und-deep-tech-nation-gestalten-die-zukunft-der-schweiz\/"},"author":{"name":"galledia","@id":"https:\/\/www.organisator.ch\/#\/schema\/person\/4e51799071cd2dd1232ac003643ef5f0"},"headline":"Serviceplan Suisse und Deep Tech Nation gestalten die Zukunft der Schweiz","datePublished":"2024-06-16T07:01:25+00:00","dateModified":"2024-11-10T11:39:42+00:00","mainEntityOfPage":{"@id":"https:\/\/www.organisator.ch\/marketing\/2024-06-16\/serviceplan-suisse-und-deep-tech-nation-gestalten-die-zukunft-der-schweiz\/"},"wordCount":325,"publisher":{"@id":"https:\/\/www.organisator.ch\/#organization"},"image":{"@id":"https:\/\/www.organisator.ch\/marketing\/2024-06-16\/serviceplan-suisse-und-deep-tech-nation-gestalten-die-zukunft-der-schweiz\/#primaryimage"},"thumbnailUrl":"https:\/\/www.werbewoche.ch\/wp-content\/uploads\/2024\/06\/DTN_sef_inhouse-tv_1920x1080_2.jpg","keywords":["Deep Tech Nation","Innovation","Marken","Serviceplan Suisse","Swisscom","UBS"],"articleSection":["MARKETING"],"inLanguage":"de"},{"@type":"WebPage","@id":"https:\/\/www.organisator.ch\/marketing\/2024-06-16\/serviceplan-suisse-und-deep-tech-nation-gestalten-die-zukunft-der-schweiz\/","url":"https:\/\/www.organisator.ch\/marketing\/2024-06-16\/serviceplan-suisse-und-deep-tech-nation-gestalten-die-zukunft-der-schweiz\/","name":"Serviceplan Suisse und Deep Tech Nation gestalten die Zukunft der Schweiz - Organisator","isPartOf":{"@id":"https:\/\/www.organisator.ch\/#website"},"primaryImageOfPage":{"@id":"https:\/\/www.organisator.ch\/marketing\/2024-06-16\/serviceplan-suisse-und-deep-tech-nation-gestalten-die-zukunft-der-schweiz\/#primaryimage"},"image":{"@id":"https:\/\/www.organisator.ch\/marketing\/2024-06-16\/serviceplan-suisse-und-deep-tech-nation-gestalten-die-zukunft-der-schweiz\/#primaryimage"},"thumbnailUrl":"https:\/\/www.werbewoche.ch\/wp-content\/uploads\/2024\/06\/DTN_sef_inhouse-tv_1920x1080_2.jpg","datePublished":"2024-06-16T07:01:25+00:00","dateModified":"2024-11-10T11:39:42+00:00","description":"Stiftung Deep Tech Nation will 50 Mrd CHF f\u00fcr Deep Tech mobilisieren und 100'000 neue Arbeitspl\u00e4tze schaffen.","breadcrumb":{"@id":"https:\/\/www.organisator.ch\/marketing\/2024-06-16\/serviceplan-suisse-und-deep-tech-nation-gestalten-die-zukunft-der-schweiz\/#breadcrumb"},"inLanguage":"de","potentialAction":[{"@type":"ReadAction","target":["https:\/\/www.organisator.ch\/marketing\/2024-06-16\/serviceplan-suisse-und-deep-tech-nation-gestalten-die-zukunft-der-schweiz\/"]}]},{"@type":"ImageObject","inLanguage":"de","@id":"https:\/\/www.organisator.ch\/marketing\/2024-06-16\/serviceplan-suisse-und-deep-tech-nation-gestalten-die-zukunft-der-schweiz\/#primaryimage","url":"https:\/\/www.werbewoche.ch\/wp-content\/uploads\/2024\/06\/DTN_sef_inhouse-tv_1920x1080_2.jpg","contentUrl":"https:\/\/www.werbewoche.ch\/wp-content\/uploads\/2024\/06\/DTN_sef_inhouse-tv_1920x1080_2.jpg"},{"@type":"BreadcrumbList","@id":"https:\/\/www.organisator.ch\/marketing\/2024-06-16\/serviceplan-suisse-und-deep-tech-nation-gestalten-die-zukunft-der-schweiz\/#breadcrumb","itemListElement":[{"@type":"ListItem","position":1,"name":"Home","item":"https:\/\/www.organisator.ch\/"},{"@type":"ListItem","position":2,"name":"Serviceplan Suisse und Deep Tech Nation gestalten die Zukunft der Schweiz"}]},{"@type":"WebSite","@id":"https:\/\/www.organisator.ch\/#website","url":"https:\/\/www.organisator.ch\/","name":"Organisator","description":"Kompetent. Praxisnah. Der ORGANISATOR bereitet in 10 Ausgaben pro Jahr die wesentlichen Themen f\u00fcr F\u00fchrungskr\u00e4fte von KMU auf.","publisher":{"@id":"https:\/\/www.organisator.ch\/#organization"},"potentialAction":[{"@type":"SearchAction","target":{"@type":"EntryPoint","urlTemplate":"https:\/\/www.organisator.ch\/?s={search_term_string}"},"query-input":{"@type":"PropertyValueSpecification","valueRequired":true,"valueName":"search_term_string"}}],"inLanguage":"de"},{"@type":"Organization","@id":"https:\/\/www.organisator.ch\/#organization","name":"Organisator","url":"https:\/\/www.organisator.ch\/","logo":{"@type":"ImageObject","inLanguage":"de","@id":"https:\/\/www.organisator.ch\/#\/schema\/logo\/image\/","url":"https:\/\/www.organisator.ch\/wp-content\/uploads\/2022\/01\/Logo_Organisator_Website.png","contentUrl":"https:\/\/www.organisator.ch\/wp-content\/uploads\/2022\/01\/Logo_Organisator_Website.png","width":800,"height":77,"caption":"Organisator"},"image":{"@id":"https:\/\/www.organisator.ch\/#\/schema\/logo\/image\/"},"sameAs":["https:\/\/www.facebook.com\/OrganisatorFachmagazin","https:\/\/www.linkedin.com\/showcase\/organisator-das-magazin-fr-kmu","https:\/\/www.xing.com\/news\/pages\/organisator-ch-695","https:\/\/www.youtube.com\/channel\/UCGP2Sq0iWaZwT3BdIAQFYpw"]},{"@type":"Person","@id":"https:\/\/www.organisator.ch\/#\/schema\/person\/4e51799071cd2dd1232ac003643ef5f0","name":"galledia","image":{"@type":"ImageObject","inLanguage":"de","@id":"https:\/\/secure.gravatar.com\/avatar\/78a7f90c01fc2bfc875782a0d4922b37cde2cf184ce347b91316d23cd7f69a36?s=96&d=mm&r=g","url":"https:\/\/secure.gravatar.com\/avatar\/78a7f90c01fc2bfc875782a0d4922b37cde2cf184ce347b91316d23cd7f69a36?s=96&d=mm&r=g","contentUrl":"https:\/\/secure.gravatar.com\/avatar\/78a7f90c01fc2bfc875782a0d4922b37cde2cf184ce347b91316d23cd7f69a36?s=96&d=mm&r=g","caption":"galledia"},"sameAs":["https:\/\/x.com\/admin"],"url":"https:\/\/www.organisator.ch\/de\/author\/galledia\/"}]}},"_links":{"self":[{"href":"https:\/\/www.organisator.ch\/de\/wp-json\/wp\/v2\/posts\/27731","targetHints":{"allow":["GET"]}}],"collection":[{"href":"https:\/\/www.organisator.ch\/de\/wp-json\/wp\/v2\/posts"}],"about":[{"href":"https:\/\/www.organisator.ch\/de\/wp-json\/wp\/v2\/types\/post"}],"author":[{"embeddable":true,"href":"https:\/\/www.organisator.ch\/de\/wp-json\/wp\/v2\/users\/8"}],"replies":[{"embeddable":true,"href":"https:\/\/www.organisator.ch\/de\/wp-json\/wp\/v2\/comments?post=27731"}],"version-history":[{"count":4,"href":"https:\/\/www.organisator.ch\/de\/wp-json\/wp\/v2\/posts\/27731\/revisions"}],"predecessor-version":[{"id":32187,"href":"https:\/\/www.organisator.ch\/de\/wp-json\/wp\/v2\/posts\/27731\/revisions\/32187"}],"wp:attachment":[{"href":"https:\/\/www.organisator.ch\/de\/wp-json\/wp\/v2\/media?parent=27731"}],"wp:term":[{"taxonomy":"category","embeddable":true,"href":"https:\/\/www.organisator.ch\/de\/wp-json\/wp\/v2\/categories?post=27731"},{"taxonomy":"post_tag","embeddable":true,"href":"https:\/\/www.organisator.ch\/de\/wp-json\/wp\/v2\/tags?post=27731"}],"curies":[{"name":"wp","href":"https:\/\/api.w.org\/{rel}","templated":true}]}}