{"id":27740,"date":"2024-06-17T09:48:36","date_gmt":"2024-06-17T07:48:36","guid":{"rendered":"https:\/\/www.organisator.ch\/?p=27740"},"modified":"2024-06-17T09:48:36","modified_gmt":"2024-06-17T07:48:36","slug":"digitalisierung-kann-bis-2030-einen-fuenftel-der-klimaluecke-schliessen","status":"publish","type":"post","link":"https:\/\/www.organisator.ch\/de\/sustainability\/2024-06-17\/digitalisierung-kann-bis-2030-einen-fuenftel-der-klimaluecke-schliessen\/","title":{"rendered":"Digitalisierung kann bis 2030 einen F\u00fcnftel der \u00abKlimal\u00fccke\u00bb schliessen"},"content":{"rendered":"<figure id=\"attachment_27741\" aria-describedby=\"caption-attachment-27741\" style=\"width: 680px\" class=\"wp-caption alignnone\"><img loading=\"lazy\" decoding=\"async\" class=\"size-full wp-image-27741\" src=\"https:\/\/www.organisator.ch\/wp-content\/uploads\/2024\/06\/DigitalSwitzerland_Bild1_ps.jpg\" alt=\"\" width=\"680\" height=\"406\" srcset=\"https:\/\/www.organisator.ch\/wp-content\/uploads\/2024\/06\/DigitalSwitzerland_Bild1_ps.jpg 680w, https:\/\/www.organisator.ch\/wp-content\/uploads\/2024\/06\/DigitalSwitzerland_Bild1_ps-18x12.jpg 18w, https:\/\/www.organisator.ch\/wp-content\/uploads\/2024\/06\/DigitalSwitzerland_Bild1_ps-375x224.jpg 375w, https:\/\/www.organisator.ch\/wp-content\/uploads\/2024\/06\/DigitalSwitzerland_Bild1_ps-586x350.jpg 586w\" sizes=\"auto, (max-width: 680px) 100vw, 680px\" \/><figcaption id=\"caption-attachment-27741\" class=\"wp-caption-text\">Die Schweiz hat sich verpflichtet, ihre j\u00e4hrlichen Emissionen bis 2030 um 50 Prozent gegen\u00fcber 1990 zu reduzieren. (Bild: www.depositphotos.com)<\/figcaption><\/figure>\n<p>Die Studie hebt dabei die Bedeutung der digitalen Technologien zur Erreichung des Schweizer Klimaziels hervor und zeigt, dass die Digitalisierung einen signifikanten Hebel darstellt, um die \u00abKlimal\u00fccke\u00bb bis 2030 zu schliessen.<\/p>\n<h3><strong>Klimaziel 2030: Die Schweiz muss ihre CO2-Emissionen drastisch senken<\/strong><\/h3>\n<p>Gem\u00e4ss dem \u00dcbereinkommen von Paris hat sich die Schweiz verpflichtet, ihre j\u00e4hrlichen Emissionen bis 2030 um 50 Prozent gegen\u00fcber 1990 zu reduzieren. Dies entspricht einer Reduktion von ca. 55 auf ca. 28 Millionen Tonnen CO2eq. Die Emissionen sind bereits r\u00fcckl\u00e4ufig, aber eine Herausforderung wird deutlich: Die Schweiz muss in den n\u00e4chsten sechs Jahren mehr CO2eq reduzieren als dies in den letzten 34 Jahren der Fall war \u2013 und eine j\u00e4hrliche Klimal\u00fccke von ca. 16 Millionen Tonnen CO2eq schliessen. Eine Herkulesaufgabe, f\u00fcr die alle Register gezogen werden m\u00fcssen.<\/p>\n<h3><strong>Digitale Technologien bieten erhebliche Einsparpotenziale<\/strong><\/h3>\n<p>Die Studie untersucht, wie digitale Technologien in den Sektoren Geb\u00e4ude, Verkehr, Industrie, Landwirtschaft und Energie zur Reduktion der CO2eq-Emissionen beitragen k\u00f6nnen. Dazu wurden spezifische digitale Anwendungsf\u00e4lle untersucht, wie zum Beispiel intelligente Geb\u00e4udemanagementsysteme, Echtzeit-Routenoptimierung im G\u00fcterverkehr oder automatisierte Prozesse in der Industrie. Hierf\u00fcr wurden zwei Digitalisierungsgeschwindigkeiten \u2013 Standard-Digitalisierung und ambitionierte Digitalisierung \u2013 verglichen, welche sich durch die Geschwindigkeit unterscheiden, mit der die Anwendungsf\u00e4lle adoptiert werden.<\/p>\n<p>Der Einsatz aller untersuchten Anwendungsf\u00e4lle k\u00f6nnte bis 2030 j\u00e4hrlich zwischen 1,2 und 3,2 Millionen Tonnen CO2eq einsparen, was etwa 7 bis 20 Prozent der bestehenden Klimal\u00fccke oder dem Ein- bis Zweifachen der heutigen Emissionen des Kantons Thurgau entspricht. Das Digitalisierungstempo ist entscheidend f\u00fcr die Gr\u00f6sse des Hebels: Durch eine ambitionierte Digitalisierung k\u00f6nnten die Einsparungen im Vergleich zu einer Standard-Digitalisierung mehr als verdoppelt werden. Wenn der aktuelle Trend also nicht nur fortgesetzt, sondern die Marktdurchdringung digitaler Technologien beschleunigt wird, kann ihr volles Potenzial f\u00fcr den Klimaschutz genutzt werden.<\/p>\n<h3><strong>Wirtschaft und Politik in der Verantwortung<\/strong><\/h3>\n<p>Die Ergebnisse der Studie zeigen deutlich, dass Schweizer Unternehmen und Privatpersonen durch den Einsatz digitaler Technologien einen wichtigen Beitrag zum Klimaschutz leisten. Zudem wird ersichtlich, dass die Einsparpotenziale zwischen einer Standard-Digitalisierung und einer ambitionierten Digitalisierung weit auseinanderliegen. Um das volle Einsparpotenzial zu realisieren, ist insbesondere die Politik gefordert, die notwendigen Rahmenbedingungen und eine verst\u00e4rkte Digitalisierung f\u00fcr den Innovationsstandort Schweiz zu schaffen.<\/p>\n<p><em>Quelle: <a href=\"http:\/\/www.digitalswitzerland.com\">www.digitalswitzerland.com<\/a><\/em><\/p>\n","protected":false},"excerpt":{"rendered":"<p>Durch das Vorantreiben der Digitalisierung kann die Schweiz bis zu 20 Prozent der Emissionen, die f\u00fcr das Erreichen des Klimaziels bis 2030 eingespart werden m\u00fcssen (Klimal\u00fccke), reduzieren. Dies zeigt eine neue Studie der Standortinitiative digitalswitzerland und des Wirtschaftsdachverbands economiesuisse in Kollaboration mit Accenture. <\/p>\n","protected":false},"author":58,"featured_media":27741,"comment_status":"closed","ping_status":"closed","sticky":false,"template":"","format":"standard","meta":{"_acf_changed":false,"_yoast_wpseo_focuskw":"Klimal\u00fccke","_yoast_wpseo_metadesc":"Durch das Vorantreiben der Digitalisierung kann die Schweiz bis zu 20 Prozent der Emissionen, die f\u00fcr das Erreichen des Klimaziels bis 2030 eingespart werden m\u00fcssen, reduzieren.","articlekey":"","footnotes":""},"categories":[580],"tags":[3949,156,1533,2246],"class_list":["post-27740","post","type-post","status-publish","format-standard","has-post-thumbnail","hentry","category-sustainability","tag-co2-reduzierung","tag-digitalisierung","tag-klimaziel","tag-sustainability"],"acf":[],"yoast_head":"<!-- This site is optimized with the Yoast SEO plugin v27.5 - https:\/\/yoast.com\/product\/yoast-seo-wordpress\/ -->\n<title>Digitalisierung kann bis 2030 einen F\u00fcnftel der \u00abKlimal\u00fccke\u00bb schliessen - Organisator<\/title>\n<meta name=\"description\" content=\"Durch das Vorantreiben der Digitalisierung kann die Schweiz bis zu 20 Prozent der Emissionen, die f\u00fcr das Erreichen des Klimaziels bis 2030 eingespart werden m\u00fcssen, reduzieren.\" \/>\n<meta name=\"robots\" content=\"index, follow, max-snippet:-1, max-image-preview:large, max-video-preview:-1\" \/>\n<link rel=\"canonical\" href=\"https:\/\/www.organisator.ch\/de\/sustainability\/2024-06-17\/digitalisierung-kann-bis-2030-einen-fuenftel-der-klimaluecke-schliessen\/\" \/>\n<meta property=\"og:locale\" content=\"de_DE\" \/>\n<meta property=\"og:type\" content=\"article\" \/>\n<meta property=\"og:title\" content=\"Digitalisierung kann bis 2030 einen F\u00fcnftel der \u00abKlimal\u00fccke\u00bb schliessen\" \/>\n<meta property=\"og:description\" content=\"Durch das Vorantreiben der Digitalisierung kann die Schweiz bis zu 20 Prozent der Emissionen, die f\u00fcr das Erreichen des Klimaziels bis 2030 eingespart werden m\u00fcssen, reduzieren.\" \/>\n<meta property=\"og:url\" content=\"https:\/\/www.organisator.ch\/de\/sustainability\/2024-06-17\/digitalisierung-kann-bis-2030-einen-fuenftel-der-klimaluecke-schliessen\/\" \/>\n<meta property=\"og:site_name\" content=\"Organisator\" \/>\n<meta property=\"article:publisher\" content=\"https:\/\/www.facebook.com\/OrganisatorFachmagazin\" \/>\n<meta property=\"article:published_time\" content=\"2024-06-17T07:48:36+00:00\" \/>\n<meta property=\"og:image\" content=\"https:\/\/www.organisator.ch\/wp-content\/uploads\/2024\/06\/DigitalSwitzerland_Bild1_ps.jpg\" \/>\n\t<meta property=\"og:image:width\" content=\"680\" \/>\n\t<meta property=\"og:image:height\" content=\"406\" \/>\n\t<meta property=\"og:image:type\" content=\"image\/jpeg\" \/>\n<meta name=\"author\" content=\"Adelisa Kalajdzini\" \/>\n<meta name=\"twitter:card\" content=\"summary_large_image\" \/>\n<meta name=\"twitter:title\" content=\"Digitalisierung kann bis 2030 einen F\u00fcnftel der \u00abKlimal\u00fccke\u00bb schliessen\" \/>\n<meta name=\"twitter:description\" content=\"Durch das Vorantreiben der #Digitalisierung kann die #Schweiz bis zu 20 Prozent der #Emissionen, die f\u00fcr das Erreichen des #Klimaziels bis 2030 eingespart werden m\u00fcssen, reduzieren.\" \/>\n<meta name=\"twitter:image\" content=\"https:\/\/www.organisator.ch\/wp-content\/uploads\/2024\/06\/DigitalSwitzerland_Bild1_ps.jpg\" \/>\n<script type=\"application\/ld+json\" class=\"yoast-schema-graph\">{\"@context\":\"https:\\\/\\\/schema.org\",\"@graph\":[{\"@type\":\"Article\",\"@id\":\"https:\\\/\\\/www.organisator.ch\\\/sustainability\\\/2024-06-17\\\/digitalisierung-kann-bis-2030-einen-fuenftel-der-klimaluecke-schliessen\\\/#article\",\"isPartOf\":{\"@id\":\"https:\\\/\\\/www.organisator.ch\\\/sustainability\\\/2024-06-17\\\/digitalisierung-kann-bis-2030-einen-fuenftel-der-klimaluecke-schliessen\\\/\"},\"author\":{\"name\":\"Adelisa Kalajdzini\",\"@id\":\"https:\\\/\\\/www.organisator.ch\\\/#\\\/schema\\\/person\\\/2e1314a2172123f874db408d8911d3f3\"},\"headline\":\"Digitalisierung kann bis 2030 einen F\u00fcnftel der \u00abKlimal\u00fccke\u00bb schliessen\",\"datePublished\":\"2024-06-17T07:48:36+00:00\",\"mainEntityOfPage\":{\"@id\":\"https:\\\/\\\/www.organisator.ch\\\/sustainability\\\/2024-06-17\\\/digitalisierung-kann-bis-2030-einen-fuenftel-der-klimaluecke-schliessen\\\/\"},\"wordCount\":408,\"publisher\":{\"@id\":\"https:\\\/\\\/www.organisator.ch\\\/#organization\"},\"image\":{\"@id\":\"https:\\\/\\\/www.organisator.ch\\\/sustainability\\\/2024-06-17\\\/digitalisierung-kann-bis-2030-einen-fuenftel-der-klimaluecke-schliessen\\\/#primaryimage\"},\"thumbnailUrl\":\"https:\\\/\\\/www.organisator.ch\\\/wp-content\\\/uploads\\\/2024\\\/06\\\/DigitalSwitzerland_Bild1_ps.jpg\",\"keywords\":[\"CO2-Reduzierung\",\"Digitalisierung\",\"Klimaziel\",\"Sustainability\"],\"articleSection\":[\"SUSTAINABILITY\"],\"inLanguage\":\"de\"},{\"@type\":\"WebPage\",\"@id\":\"https:\\\/\\\/www.organisator.ch\\\/sustainability\\\/2024-06-17\\\/digitalisierung-kann-bis-2030-einen-fuenftel-der-klimaluecke-schliessen\\\/\",\"url\":\"https:\\\/\\\/www.organisator.ch\\\/sustainability\\\/2024-06-17\\\/digitalisierung-kann-bis-2030-einen-fuenftel-der-klimaluecke-schliessen\\\/\",\"name\":\"Digitalisierung kann bis 2030 einen F\u00fcnftel der \u00abKlimal\u00fccke\u00bb schliessen - Organisator\",\"isPartOf\":{\"@id\":\"https:\\\/\\\/www.organisator.ch\\\/#website\"},\"primaryImageOfPage\":{\"@id\":\"https:\\\/\\\/www.organisator.ch\\\/sustainability\\\/2024-06-17\\\/digitalisierung-kann-bis-2030-einen-fuenftel-der-klimaluecke-schliessen\\\/#primaryimage\"},\"image\":{\"@id\":\"https:\\\/\\\/www.organisator.ch\\\/sustainability\\\/2024-06-17\\\/digitalisierung-kann-bis-2030-einen-fuenftel-der-klimaluecke-schliessen\\\/#primaryimage\"},\"thumbnailUrl\":\"https:\\\/\\\/www.organisator.ch\\\/wp-content\\\/uploads\\\/2024\\\/06\\\/DigitalSwitzerland_Bild1_ps.jpg\",\"datePublished\":\"2024-06-17T07:48:36+00:00\",\"description\":\"Durch das Vorantreiben der Digitalisierung kann die Schweiz bis zu 20 Prozent der Emissionen, die f\u00fcr das Erreichen des Klimaziels bis 2030 eingespart werden m\u00fcssen, reduzieren.\",\"breadcrumb\":{\"@id\":\"https:\\\/\\\/www.organisator.ch\\\/sustainability\\\/2024-06-17\\\/digitalisierung-kann-bis-2030-einen-fuenftel-der-klimaluecke-schliessen\\\/#breadcrumb\"},\"inLanguage\":\"de\",\"potentialAction\":[{\"@type\":\"ReadAction\",\"target\":[\"https:\\\/\\\/www.organisator.ch\\\/sustainability\\\/2024-06-17\\\/digitalisierung-kann-bis-2030-einen-fuenftel-der-klimaluecke-schliessen\\\/\"]}]},{\"@type\":\"ImageObject\",\"inLanguage\":\"de\",\"@id\":\"https:\\\/\\\/www.organisator.ch\\\/sustainability\\\/2024-06-17\\\/digitalisierung-kann-bis-2030-einen-fuenftel-der-klimaluecke-schliessen\\\/#primaryimage\",\"url\":\"https:\\\/\\\/www.organisator.ch\\\/wp-content\\\/uploads\\\/2024\\\/06\\\/DigitalSwitzerland_Bild1_ps.jpg\",\"contentUrl\":\"https:\\\/\\\/www.organisator.ch\\\/wp-content\\\/uploads\\\/2024\\\/06\\\/DigitalSwitzerland_Bild1_ps.jpg\",\"width\":680,\"height\":406,\"caption\":\"Die Schweiz hat sich verpflichtet, ihre j\u00e4hrlichen Emissionen bis 2030 um 50 Prozent gegen\u00fcber 1990 zu reduzieren. (Bild: www.depositphotos.com)\"},{\"@type\":\"BreadcrumbList\",\"@id\":\"https:\\\/\\\/www.organisator.ch\\\/sustainability\\\/2024-06-17\\\/digitalisierung-kann-bis-2030-einen-fuenftel-der-klimaluecke-schliessen\\\/#breadcrumb\",\"itemListElement\":[{\"@type\":\"ListItem\",\"position\":1,\"name\":\"Home\",\"item\":\"https:\\\/\\\/www.organisator.ch\\\/\"},{\"@type\":\"ListItem\",\"position\":2,\"name\":\"Digitalisierung kann bis 2030 einen F\u00fcnftel der \u00abKlimal\u00fccke\u00bb schliessen\"}]},{\"@type\":\"WebSite\",\"@id\":\"https:\\\/\\\/www.organisator.ch\\\/#website\",\"url\":\"https:\\\/\\\/www.organisator.ch\\\/\",\"name\":\"Organisator\",\"description\":\"Kompetent. Praxisnah. Der ORGANISATOR bereitet in 10 Ausgaben pro Jahr die wesentlichen Themen f\u00fcr F\u00fchrungskr\u00e4fte von KMU auf.\",\"publisher\":{\"@id\":\"https:\\\/\\\/www.organisator.ch\\\/#organization\"},\"potentialAction\":[{\"@type\":\"SearchAction\",\"target\":{\"@type\":\"EntryPoint\",\"urlTemplate\":\"https:\\\/\\\/www.organisator.ch\\\/?s={search_term_string}\"},\"query-input\":{\"@type\":\"PropertyValueSpecification\",\"valueRequired\":true,\"valueName\":\"search_term_string\"}}],\"inLanguage\":\"de\"},{\"@type\":\"Organization\",\"@id\":\"https:\\\/\\\/www.organisator.ch\\\/#organization\",\"name\":\"Organisator\",\"url\":\"https:\\\/\\\/www.organisator.ch\\\/\",\"logo\":{\"@type\":\"ImageObject\",\"inLanguage\":\"de\",\"@id\":\"https:\\\/\\\/www.organisator.ch\\\/#\\\/schema\\\/logo\\\/image\\\/\",\"url\":\"https:\\\/\\\/www.organisator.ch\\\/wp-content\\\/uploads\\\/2022\\\/01\\\/Logo_Organisator_Website.png\",\"contentUrl\":\"https:\\\/\\\/www.organisator.ch\\\/wp-content\\\/uploads\\\/2022\\\/01\\\/Logo_Organisator_Website.png\",\"width\":800,\"height\":77,\"caption\":\"Organisator\"},\"image\":{\"@id\":\"https:\\\/\\\/www.organisator.ch\\\/#\\\/schema\\\/logo\\\/image\\\/\"},\"sameAs\":[\"https:\\\/\\\/www.facebook.com\\\/OrganisatorFachmagazin\",\"https:\\\/\\\/www.linkedin.com\\\/showcase\\\/organisator-das-magazin-fr-kmu\",\"https:\\\/\\\/www.xing.com\\\/news\\\/pages\\\/organisator-ch-695\",\"https:\\\/\\\/www.youtube.com\\\/channel\\\/UCGP2Sq0iWaZwT3BdIAQFYpw\"]},{\"@type\":\"Person\",\"@id\":\"https:\\\/\\\/www.organisator.ch\\\/#\\\/schema\\\/person\\\/2e1314a2172123f874db408d8911d3f3\",\"name\":\"Adelisa Kalajdzini\",\"image\":{\"@type\":\"ImageObject\",\"inLanguage\":\"de\",\"@id\":\"https:\\\/\\\/secure.gravatar.com\\\/avatar\\\/09a397c22ac58cad6f160ee8306348599df9df58a8ede73696226897b9fa4b24?s=96&d=mm&r=g\",\"url\":\"https:\\\/\\\/secure.gravatar.com\\\/avatar\\\/09a397c22ac58cad6f160ee8306348599df9df58a8ede73696226897b9fa4b24?s=96&d=mm&r=g\",\"contentUrl\":\"https:\\\/\\\/secure.gravatar.com\\\/avatar\\\/09a397c22ac58cad6f160ee8306348599df9df58a8ede73696226897b9fa4b24?s=96&d=mm&r=g\",\"caption\":\"Adelisa Kalajdzini\"},\"url\":\"https:\\\/\\\/www.organisator.ch\\\/de\\\/author\\\/adelisa-kalajdzini\\\/\"}]}<\/script>\n<!-- \/ Yoast SEO plugin. -->","yoast_head_json":{"title":"Digitalisierung kann bis 2030 einen F\u00fcnftel der \u00abKlimal\u00fccke\u00bb schliessen - Organisator","description":"Durch das Vorantreiben der Digitalisierung kann die Schweiz bis zu 20 Prozent der Emissionen, die f\u00fcr das Erreichen des Klimaziels bis 2030 eingespart werden m\u00fcssen, reduzieren.","robots":{"index":"index","follow":"follow","max-snippet":"max-snippet:-1","max-image-preview":"max-image-preview:large","max-video-preview":"max-video-preview:-1"},"canonical":"https:\/\/www.organisator.ch\/de\/sustainability\/2024-06-17\/digitalisierung-kann-bis-2030-einen-fuenftel-der-klimaluecke-schliessen\/","og_locale":"de_DE","og_type":"article","og_title":"Digitalisierung kann bis 2030 einen F\u00fcnftel der \u00abKlimal\u00fccke\u00bb schliessen","og_description":"Durch das Vorantreiben der Digitalisierung kann die Schweiz bis zu 20 Prozent der Emissionen, die f\u00fcr das Erreichen des Klimaziels bis 2030 eingespart werden m\u00fcssen, reduzieren.","og_url":"https:\/\/www.organisator.ch\/de\/sustainability\/2024-06-17\/digitalisierung-kann-bis-2030-einen-fuenftel-der-klimaluecke-schliessen\/","og_site_name":"Organisator","article_publisher":"https:\/\/www.facebook.com\/OrganisatorFachmagazin","article_published_time":"2024-06-17T07:48:36+00:00","og_image":[{"width":680,"height":406,"url":"https:\/\/www.organisator.ch\/wp-content\/uploads\/2024\/06\/DigitalSwitzerland_Bild1_ps.jpg","type":"image\/jpeg"}],"author":"Adelisa Kalajdzini","twitter_card":"summary_large_image","twitter_title":"Digitalisierung kann bis 2030 einen F\u00fcnftel der \u00abKlimal\u00fccke\u00bb schliessen","twitter_description":"Durch das Vorantreiben der #Digitalisierung kann die #Schweiz bis zu 20 Prozent der #Emissionen, die f\u00fcr das Erreichen des #Klimaziels bis 2030 eingespart werden m\u00fcssen, reduzieren.","twitter_image":"https:\/\/www.organisator.ch\/wp-content\/uploads\/2024\/06\/DigitalSwitzerland_Bild1_ps.jpg","schema":{"@context":"https:\/\/schema.org","@graph":[{"@type":"Article","@id":"https:\/\/www.organisator.ch\/sustainability\/2024-06-17\/digitalisierung-kann-bis-2030-einen-fuenftel-der-klimaluecke-schliessen\/#article","isPartOf":{"@id":"https:\/\/www.organisator.ch\/sustainability\/2024-06-17\/digitalisierung-kann-bis-2030-einen-fuenftel-der-klimaluecke-schliessen\/"},"author":{"name":"Adelisa Kalajdzini","@id":"https:\/\/www.organisator.ch\/#\/schema\/person\/2e1314a2172123f874db408d8911d3f3"},"headline":"Digitalisierung kann bis 2030 einen F\u00fcnftel der \u00abKlimal\u00fccke\u00bb schliessen","datePublished":"2024-06-17T07:48:36+00:00","mainEntityOfPage":{"@id":"https:\/\/www.organisator.ch\/sustainability\/2024-06-17\/digitalisierung-kann-bis-2030-einen-fuenftel-der-klimaluecke-schliessen\/"},"wordCount":408,"publisher":{"@id":"https:\/\/www.organisator.ch\/#organization"},"image":{"@id":"https:\/\/www.organisator.ch\/sustainability\/2024-06-17\/digitalisierung-kann-bis-2030-einen-fuenftel-der-klimaluecke-schliessen\/#primaryimage"},"thumbnailUrl":"https:\/\/www.organisator.ch\/wp-content\/uploads\/2024\/06\/DigitalSwitzerland_Bild1_ps.jpg","keywords":["CO2-Reduzierung","Digitalisierung","Klimaziel","Sustainability"],"articleSection":["SUSTAINABILITY"],"inLanguage":"de"},{"@type":"WebPage","@id":"https:\/\/www.organisator.ch\/sustainability\/2024-06-17\/digitalisierung-kann-bis-2030-einen-fuenftel-der-klimaluecke-schliessen\/","url":"https:\/\/www.organisator.ch\/sustainability\/2024-06-17\/digitalisierung-kann-bis-2030-einen-fuenftel-der-klimaluecke-schliessen\/","name":"Digitalisierung kann bis 2030 einen F\u00fcnftel der \u00abKlimal\u00fccke\u00bb schliessen - Organisator","isPartOf":{"@id":"https:\/\/www.organisator.ch\/#website"},"primaryImageOfPage":{"@id":"https:\/\/www.organisator.ch\/sustainability\/2024-06-17\/digitalisierung-kann-bis-2030-einen-fuenftel-der-klimaluecke-schliessen\/#primaryimage"},"image":{"@id":"https:\/\/www.organisator.ch\/sustainability\/2024-06-17\/digitalisierung-kann-bis-2030-einen-fuenftel-der-klimaluecke-schliessen\/#primaryimage"},"thumbnailUrl":"https:\/\/www.organisator.ch\/wp-content\/uploads\/2024\/06\/DigitalSwitzerland_Bild1_ps.jpg","datePublished":"2024-06-17T07:48:36+00:00","description":"Durch das Vorantreiben der Digitalisierung kann die Schweiz bis zu 20 Prozent der Emissionen, die f\u00fcr das Erreichen des Klimaziels bis 2030 eingespart werden m\u00fcssen, reduzieren.","breadcrumb":{"@id":"https:\/\/www.organisator.ch\/sustainability\/2024-06-17\/digitalisierung-kann-bis-2030-einen-fuenftel-der-klimaluecke-schliessen\/#breadcrumb"},"inLanguage":"de","potentialAction":[{"@type":"ReadAction","target":["https:\/\/www.organisator.ch\/sustainability\/2024-06-17\/digitalisierung-kann-bis-2030-einen-fuenftel-der-klimaluecke-schliessen\/"]}]},{"@type":"ImageObject","inLanguage":"de","@id":"https:\/\/www.organisator.ch\/sustainability\/2024-06-17\/digitalisierung-kann-bis-2030-einen-fuenftel-der-klimaluecke-schliessen\/#primaryimage","url":"https:\/\/www.organisator.ch\/wp-content\/uploads\/2024\/06\/DigitalSwitzerland_Bild1_ps.jpg","contentUrl":"https:\/\/www.organisator.ch\/wp-content\/uploads\/2024\/06\/DigitalSwitzerland_Bild1_ps.jpg","width":680,"height":406,"caption":"Die Schweiz hat sich verpflichtet, ihre j\u00e4hrlichen Emissionen bis 2030 um 50 Prozent gegen\u00fcber 1990 zu reduzieren. (Bild: www.depositphotos.com)"},{"@type":"BreadcrumbList","@id":"https:\/\/www.organisator.ch\/sustainability\/2024-06-17\/digitalisierung-kann-bis-2030-einen-fuenftel-der-klimaluecke-schliessen\/#breadcrumb","itemListElement":[{"@type":"ListItem","position":1,"name":"Home","item":"https:\/\/www.organisator.ch\/"},{"@type":"ListItem","position":2,"name":"Digitalisierung kann bis 2030 einen F\u00fcnftel der \u00abKlimal\u00fccke\u00bb schliessen"}]},{"@type":"WebSite","@id":"https:\/\/www.organisator.ch\/#website","url":"https:\/\/www.organisator.ch\/","name":"Organisator","description":"Kompetent. Praxisnah. Der ORGANISATOR bereitet in 10 Ausgaben pro Jahr die wesentlichen Themen f\u00fcr F\u00fchrungskr\u00e4fte von KMU auf.","publisher":{"@id":"https:\/\/www.organisator.ch\/#organization"},"potentialAction":[{"@type":"SearchAction","target":{"@type":"EntryPoint","urlTemplate":"https:\/\/www.organisator.ch\/?s={search_term_string}"},"query-input":{"@type":"PropertyValueSpecification","valueRequired":true,"valueName":"search_term_string"}}],"inLanguage":"de"},{"@type":"Organization","@id":"https:\/\/www.organisator.ch\/#organization","name":"Organisator","url":"https:\/\/www.organisator.ch\/","logo":{"@type":"ImageObject","inLanguage":"de","@id":"https:\/\/www.organisator.ch\/#\/schema\/logo\/image\/","url":"https:\/\/www.organisator.ch\/wp-content\/uploads\/2022\/01\/Logo_Organisator_Website.png","contentUrl":"https:\/\/www.organisator.ch\/wp-content\/uploads\/2022\/01\/Logo_Organisator_Website.png","width":800,"height":77,"caption":"Organisator"},"image":{"@id":"https:\/\/www.organisator.ch\/#\/schema\/logo\/image\/"},"sameAs":["https:\/\/www.facebook.com\/OrganisatorFachmagazin","https:\/\/www.linkedin.com\/showcase\/organisator-das-magazin-fr-kmu","https:\/\/www.xing.com\/news\/pages\/organisator-ch-695","https:\/\/www.youtube.com\/channel\/UCGP2Sq0iWaZwT3BdIAQFYpw"]},{"@type":"Person","@id":"https:\/\/www.organisator.ch\/#\/schema\/person\/2e1314a2172123f874db408d8911d3f3","name":"Adelisa Kalajdzini","image":{"@type":"ImageObject","inLanguage":"de","@id":"https:\/\/secure.gravatar.com\/avatar\/09a397c22ac58cad6f160ee8306348599df9df58a8ede73696226897b9fa4b24?s=96&d=mm&r=g","url":"https:\/\/secure.gravatar.com\/avatar\/09a397c22ac58cad6f160ee8306348599df9df58a8ede73696226897b9fa4b24?s=96&d=mm&r=g","contentUrl":"https:\/\/secure.gravatar.com\/avatar\/09a397c22ac58cad6f160ee8306348599df9df58a8ede73696226897b9fa4b24?s=96&d=mm&r=g","caption":"Adelisa Kalajdzini"},"url":"https:\/\/www.organisator.ch\/de\/author\/adelisa-kalajdzini\/"}]}},"_links":{"self":[{"href":"https:\/\/www.organisator.ch\/de\/wp-json\/wp\/v2\/posts\/27740","targetHints":{"allow":["GET"]}}],"collection":[{"href":"https:\/\/www.organisator.ch\/de\/wp-json\/wp\/v2\/posts"}],"about":[{"href":"https:\/\/www.organisator.ch\/de\/wp-json\/wp\/v2\/types\/post"}],"author":[{"embeddable":true,"href":"https:\/\/www.organisator.ch\/de\/wp-json\/wp\/v2\/users\/58"}],"replies":[{"embeddable":true,"href":"https:\/\/www.organisator.ch\/de\/wp-json\/wp\/v2\/comments?post=27740"}],"version-history":[{"count":5,"href":"https:\/\/www.organisator.ch\/de\/wp-json\/wp\/v2\/posts\/27740\/revisions"}],"predecessor-version":[{"id":27783,"href":"https:\/\/www.organisator.ch\/de\/wp-json\/wp\/v2\/posts\/27740\/revisions\/27783"}],"wp:featuredmedia":[{"embeddable":true,"href":"https:\/\/www.organisator.ch\/de\/wp-json\/wp\/v2\/media\/27741"}],"wp:attachment":[{"href":"https:\/\/www.organisator.ch\/de\/wp-json\/wp\/v2\/media?parent=27740"}],"wp:term":[{"taxonomy":"category","embeddable":true,"href":"https:\/\/www.organisator.ch\/de\/wp-json\/wp\/v2\/categories?post=27740"},{"taxonomy":"post_tag","embeddable":true,"href":"https:\/\/www.organisator.ch\/de\/wp-json\/wp\/v2\/tags?post=27740"}],"curies":[{"name":"wp","href":"https:\/\/api.w.org\/{rel}","templated":true}]}}