{"id":2777,"date":"2020-01-24T10:05:47","date_gmt":"2020-01-24T09:05:47","guid":{"rendered":"https:\/\/www.umweltperspektiven.ch\/?p=2777"},"modified":"2020-01-24T10:05:47","modified_gmt":"2020-01-24T09:05:47","slug":"sursee-wird-neuer-standort-von-agroscope","status":"publish","type":"post","link":"https:\/\/www.organisator.ch\/de\/allgemein\/2020-01-24\/sursee-wird-neuer-standort-von-agroscope\/","title":{"rendered":"Wird Sursee neuer Standort von Agroscope?"},"content":{"rendered":"<figure id=\"attachment_2778\" aria-describedby=\"caption-attachment-2778\" style=\"width: 680px\" class=\"wp-caption alignnone\"><img loading=\"lazy\" decoding=\"async\" class=\"size-medium wp-image-2778\" src=\"\/\/www.umweltperspektiven.ch\/wp-content\/uploads\/2020\/01\/Sursee_Agroscope-UP_Umwelt-Perspektiven.jpg\" alt=\"\" width=\"680\" height=\"455\" srcset=\"https:\/\/www.organisator.ch\/wp-content\/uploads\/2020\/01\/Sursee_Agroscope-UP_Umwelt-Perspektiven.jpg 1728w, https:\/\/www.organisator.ch\/wp-content\/uploads\/2020\/01\/Sursee_Agroscope-UP_Umwelt-Perspektiven-680x455.jpg 680w, https:\/\/www.organisator.ch\/wp-content\/uploads\/2020\/01\/Sursee_Agroscope-UP_Umwelt-Perspektiven-1024x685.jpg 1024w, https:\/\/www.organisator.ch\/wp-content\/uploads\/2020\/01\/Sursee_Agroscope-UP_Umwelt-Perspektiven-768x514.jpg 768w, https:\/\/www.organisator.ch\/wp-content\/uploads\/2020\/01\/Sursee_Agroscope-UP_Umwelt-Perspektiven-1536x1028.jpg 1536w, https:\/\/www.organisator.ch\/wp-content\/uploads\/2020\/01\/Sursee_Agroscope-UP_Umwelt-Perspektiven-18x12.jpg 18w, https:\/\/www.organisator.ch\/wp-content\/uploads\/2020\/01\/Sursee_Agroscope-UP_Umwelt-Perspektiven-262x175.jpg 262w, https:\/\/www.organisator.ch\/wp-content\/uploads\/2020\/01\/Sursee_Agroscope-UP_Umwelt-Perspektiven-523x350.jpg 523w, https:\/\/www.organisator.ch\/wp-content\/uploads\/2020\/01\/Sursee_Agroscope-UP_Umwelt-Perspektiven-1196x800.jpg 1196w, https:\/\/www.organisator.ch\/wp-content\/uploads\/2020\/01\/Sursee_Agroscope-UP_Umwelt-Perspektiven-920x615.jpg 920w, https:\/\/www.organisator.ch\/wp-content\/uploads\/2020\/01\/Sursee_Agroscope-UP_Umwelt-Perspektiven-1400x937.jpg 1400w, https:\/\/www.organisator.ch\/wp-content\/uploads\/2020\/01\/Sursee_Agroscope-UP_Umwelt-Perspektiven-300x201.jpg 300w\" sizes=\"auto, (max-width: 680px) 100vw, 680px\" \/><figcaption id=\"caption-attachment-2778\" class=\"wp-caption-text\">Agroscope k\u00f6nnte aus guten Gr\u00fcnden den neuen Forschungs-Standort in Sursee, Kanton Luzern, beziehen. (Bild: Wikipedia)<\/figcaption><\/figure>\n<p class=\"bodytext\">Die Forschungsanstalt\u00a0<a href=\"\/\/www.agroscope.admin.ch\/agroscope\/de\/home.html\" target=\"_blank\" rel=\"noopener\">Agroscope<\/a>\u00a0plant eine Versuchsstation in Sursee. Das sieht die Standortstrategie des 2014 gegr\u00fcndeten Kompetenzzentrums f\u00fcr landwirtschaftliche Forschung vor. Demnach wird Agroscope k\u00fcnftig aus einem zentralen Hauptstandort in Posieux\u00a0FR sowie je einem regionalen Forschungszentrum in Changins VD und Reckenholz ZH bestehen. Dazu kommen dezentrale Versuchsstationen. Seit dem Fr\u00fchsommer 2019 hatten mit Kantonen und Branchenorganisationen intensive Gespr\u00e4che zu den m\u00f6glichen Standorten stattgefunden.<\/p>\n<p><strong>N\u00e4hrstoffemissionen ein Thema<\/strong><\/p>\n<p class=\"bodytext\">Schwerpunkte des Standorts Sursee werden laut einer\u00a0<a href=\"\/\/newsletter.lu.ch\/inxmail\/html_mail.jsp?params=w%2BMz4ekwhGDTzbUjoQnjxmvN0%2Bozj2pLS3fvje28o%2BBTKguwtn5QB3uRAx%2FJjq4LohFx05C%2FB1Oo60ZPcw%2BJxniZxxLJPLfoy03NmmleBcE%3D\" target=\"_blank\" rel=\"noopener\">Medienmitteilung<\/a>\u00a0des Kantons Luzern Untersuchungen zu Stickstoff und Phosphor sein. Diese Stoffe gelangen in dem Agrarkanton mit seiner intensiven Tierhaltung\u00a0vermehrt in die Umwelt. \u201eRund zehn Prozent des Rindvieh- und Gefl\u00fcgelbestandes sowie 30 Prozent des Schweinebestandes der Schweiz werden im Kanton Luzern gehalten\u201c, erkl\u00e4rt der Luzerner Landwirtschafts- und Umweltdirektor Fabian Peter. \u201eDiese vergleichsweise hohe Tierintensit\u00e4t f\u00fchrt zu entsprechenden N\u00e4hrstoffemissionen, welche f\u00fcr die Umwelt eine grosse Herausforderung darstellen.\u201c Mit der Versuchsstation in Sursee k\u00f6nnten Praxis und Forschung besser verbunden und die Herausforderungen gezielter angegangen werden.<\/p>\n<p class=\"bodytext\">Im ersten Quartal 2020 sind Konsultationen in den Parlamentskommissionen geplant. Voraussichtlich im zweiten Quartal wird der Bundesrat \u00fcber das weitere Vorgehen entscheiden. \u201eWir w\u00fcrden uns sehr freuen, wenn wir bereits Ende 2020 erste Mitarbeitende von Agroscope in Sursee begr\u00fcssen d\u00fcrften\u201c, so Peter. (Quelle: Kanton Luzern)<\/p>\n","protected":false},"excerpt":{"rendered":"<p>Die Forschungsanstalt\u00a0Agroscope\u00a0plant eine Versuchsstation in Sursee. Das sieht die Standortstrategie des 2014 gegr\u00fcndeten Kompetenzzentrums f\u00fcr landwirtschaftliche Forschung vor. Demnach wird Agroscope k\u00fcnftig aus einem zentralen Hauptstandort in Posieux\u00a0FR sowie je einem regionalen Forschungszentrum in Changins VD und Reckenholz ZH bestehen. Dazu kommen dezentrale Versuchsstationen. Seit dem Fr\u00fchsommer 2019 hatten mit Kantonen und Branchenorganisationen intensive Gespr\u00e4che [&hellip;]<\/p>\n","protected":false},"author":5,"featured_media":2778,"comment_status":"closed","ping_status":"closed","sticky":false,"template":"","format":"standard","meta":{"_acf_changed":false,"_yoast_wpseo_focuskw":"Agroscope","_yoast_wpseo_metadesc":"Das neue Kompetenzzentrums f\u00fcr landwirtschaftliche Forschung der Agroscope k\u00f6nnte als dezentralen Versuchsstation in Sursee f\u00fcndig werden.","articlekey":"","footnotes":""},"categories":[1],"tags":[684,1047,1795,2193,2244,2305],"class_list":["post-2777","post","type-post","status-publish","format-standard","has-post-thumbnail","hentry","category-allgemein","tag-agroscope","tag-emissionen","tag-naehrstoffe","tag-standort","tag-sursee","tag-tierhaltung"],"acf":[],"yoast_head":"<!-- This site is optimized with the Yoast SEO plugin v27.4 - https:\/\/yoast.com\/product\/yoast-seo-wordpress\/ -->\n<title>Wird Sursee neuer Standort von Agroscope? - Organisator<\/title>\n<meta name=\"description\" content=\"Das neue Kompetenzzentrums f\u00fcr landwirtschaftliche Forschung der Agroscope k\u00f6nnte als dezentralen Versuchsstation in Sursee f\u00fcndig werden.\" \/>\n<meta name=\"robots\" content=\"index, follow, max-snippet:-1, max-image-preview:large, max-video-preview:-1\" \/>\n<link rel=\"canonical\" href=\"https:\/\/www.organisator.ch\/de\/allgemein\/2020-01-24\/sursee-wird-neuer-standort-von-agroscope\/\" \/>\n<meta property=\"og:locale\" content=\"de_DE\" \/>\n<meta property=\"og:type\" content=\"article\" \/>\n<meta property=\"og:title\" content=\"Wird Sursee neuer Standort von Agroscope? - Organisator\" \/>\n<meta property=\"og:description\" content=\"Das neue Kompetenzzentrums f\u00fcr landwirtschaftliche Forschung der Agroscope k\u00f6nnte als dezentralen Versuchsstation in Sursee f\u00fcndig werden.\" \/>\n<meta property=\"og:url\" content=\"https:\/\/www.organisator.ch\/de\/allgemein\/2020-01-24\/sursee-wird-neuer-standort-von-agroscope\/\" \/>\n<meta property=\"og:site_name\" content=\"Organisator\" \/>\n<meta property=\"article:publisher\" content=\"https:\/\/www.facebook.com\/OrganisatorFachmagazin\" \/>\n<meta property=\"article:published_time\" content=\"2020-01-24T09:05:47+00:00\" \/>\n<meta property=\"og:image\" content=\"https:\/\/www.organisator.ch\/wp-content\/uploads\/2020\/01\/Sursee_Agroscope-UP_Umwelt-Perspektiven.jpg\" \/>\n\t<meta property=\"og:image:width\" content=\"1728\" \/>\n\t<meta property=\"og:image:height\" content=\"1156\" \/>\n\t<meta property=\"og:image:type\" content=\"image\/jpeg\" \/>\n<meta name=\"author\" content=\"michael.merz\" \/>\n<meta name=\"twitter:card\" content=\"summary_large_image\" \/>\n<script type=\"application\/ld+json\" class=\"yoast-schema-graph\">{\"@context\":\"https:\\\/\\\/schema.org\",\"@graph\":[{\"@type\":\"Article\",\"@id\":\"https:\\\/\\\/www.organisator.ch\\\/fr\\\/general\\\/2020-01-24\\\/sursee-wird-neuer-standort-von-agroscope\\\/#article\",\"isPartOf\":{\"@id\":\"https:\\\/\\\/www.organisator.ch\\\/fr\\\/general\\\/2020-01-24\\\/sursee-wird-neuer-standort-von-agroscope\\\/\"},\"author\":{\"name\":\"michael.merz\",\"@id\":\"https:\\\/\\\/www.organisator.ch\\\/#\\\/schema\\\/person\\\/134708ca9321c57b0362cceb7948ffbd\"},\"headline\":\"Wird Sursee neuer Standort von Agroscope?\",\"datePublished\":\"2020-01-24T09:05:47+00:00\",\"mainEntityOfPage\":{\"@id\":\"https:\\\/\\\/www.organisator.ch\\\/fr\\\/general\\\/2020-01-24\\\/sursee-wird-neuer-standort-von-agroscope\\\/\"},\"wordCount\":244,\"publisher\":{\"@id\":\"https:\\\/\\\/www.organisator.ch\\\/#organization\"},\"image\":{\"@id\":\"https:\\\/\\\/www.organisator.ch\\\/fr\\\/general\\\/2020-01-24\\\/sursee-wird-neuer-standort-von-agroscope\\\/#primaryimage\"},\"thumbnailUrl\":\"https:\\\/\\\/www.organisator.ch\\\/wp-content\\\/uploads\\\/2020\\\/01\\\/Sursee_Agroscope-UP_Umwelt-Perspektiven.jpg\",\"keywords\":[\"Agroscope\",\"Emissionen\",\"N\u00e4hrstoffe\",\"Standort\",\"Sursee\",\"Tierhaltung\"],\"inLanguage\":\"de\"},{\"@type\":\"WebPage\",\"@id\":\"https:\\\/\\\/www.organisator.ch\\\/fr\\\/general\\\/2020-01-24\\\/sursee-wird-neuer-standort-von-agroscope\\\/\",\"url\":\"https:\\\/\\\/www.organisator.ch\\\/fr\\\/general\\\/2020-01-24\\\/sursee-wird-neuer-standort-von-agroscope\\\/\",\"name\":\"Wird Sursee neuer Standort von Agroscope? - Organisator\",\"isPartOf\":{\"@id\":\"https:\\\/\\\/www.organisator.ch\\\/#website\"},\"primaryImageOfPage\":{\"@id\":\"https:\\\/\\\/www.organisator.ch\\\/fr\\\/general\\\/2020-01-24\\\/sursee-wird-neuer-standort-von-agroscope\\\/#primaryimage\"},\"image\":{\"@id\":\"https:\\\/\\\/www.organisator.ch\\\/fr\\\/general\\\/2020-01-24\\\/sursee-wird-neuer-standort-von-agroscope\\\/#primaryimage\"},\"thumbnailUrl\":\"https:\\\/\\\/www.organisator.ch\\\/wp-content\\\/uploads\\\/2020\\\/01\\\/Sursee_Agroscope-UP_Umwelt-Perspektiven.jpg\",\"datePublished\":\"2020-01-24T09:05:47+00:00\",\"description\":\"Das neue Kompetenzzentrums f\u00fcr landwirtschaftliche Forschung der Agroscope k\u00f6nnte als dezentralen Versuchsstation in Sursee f\u00fcndig werden.\",\"breadcrumb\":{\"@id\":\"https:\\\/\\\/www.organisator.ch\\\/fr\\\/general\\\/2020-01-24\\\/sursee-wird-neuer-standort-von-agroscope\\\/#breadcrumb\"},\"inLanguage\":\"de\",\"potentialAction\":[{\"@type\":\"ReadAction\",\"target\":[\"https:\\\/\\\/www.organisator.ch\\\/fr\\\/general\\\/2020-01-24\\\/sursee-wird-neuer-standort-von-agroscope\\\/\"]}]},{\"@type\":\"ImageObject\",\"inLanguage\":\"de\",\"@id\":\"https:\\\/\\\/www.organisator.ch\\\/fr\\\/general\\\/2020-01-24\\\/sursee-wird-neuer-standort-von-agroscope\\\/#primaryimage\",\"url\":\"https:\\\/\\\/www.organisator.ch\\\/wp-content\\\/uploads\\\/2020\\\/01\\\/Sursee_Agroscope-UP_Umwelt-Perspektiven.jpg\",\"contentUrl\":\"https:\\\/\\\/www.organisator.ch\\\/wp-content\\\/uploads\\\/2020\\\/01\\\/Sursee_Agroscope-UP_Umwelt-Perspektiven.jpg\",\"width\":1728,\"height\":1156,\"caption\":\"Agroscope k\u00f6nnte aus guten Gr\u00fcnden den neuen Forschungs-Standort in Sursee, Kanton Luzern, beziehen. (Bild: Wikipedia)\"},{\"@type\":\"BreadcrumbList\",\"@id\":\"https:\\\/\\\/www.organisator.ch\\\/fr\\\/general\\\/2020-01-24\\\/sursee-wird-neuer-standort-von-agroscope\\\/#breadcrumb\",\"itemListElement\":[{\"@type\":\"ListItem\",\"position\":1,\"name\":\"Home\",\"item\":\"https:\\\/\\\/www.organisator.ch\\\/\"},{\"@type\":\"ListItem\",\"position\":2,\"name\":\"Wird Sursee neuer Standort von Agroscope?\"}]},{\"@type\":\"WebSite\",\"@id\":\"https:\\\/\\\/www.organisator.ch\\\/#website\",\"url\":\"https:\\\/\\\/www.organisator.ch\\\/\",\"name\":\"Organisator\",\"description\":\"Kompetent. Praxisnah. Der ORGANISATOR bereitet in 10 Ausgaben pro Jahr die wesentlichen Themen f\u00fcr F\u00fchrungskr\u00e4fte von KMU auf.\",\"publisher\":{\"@id\":\"https:\\\/\\\/www.organisator.ch\\\/#organization\"},\"potentialAction\":[{\"@type\":\"SearchAction\",\"target\":{\"@type\":\"EntryPoint\",\"urlTemplate\":\"https:\\\/\\\/www.organisator.ch\\\/?s={search_term_string}\"},\"query-input\":{\"@type\":\"PropertyValueSpecification\",\"valueRequired\":true,\"valueName\":\"search_term_string\"}}],\"inLanguage\":\"de\"},{\"@type\":\"Organization\",\"@id\":\"https:\\\/\\\/www.organisator.ch\\\/#organization\",\"name\":\"Organisator\",\"url\":\"https:\\\/\\\/www.organisator.ch\\\/\",\"logo\":{\"@type\":\"ImageObject\",\"inLanguage\":\"de\",\"@id\":\"https:\\\/\\\/www.organisator.ch\\\/#\\\/schema\\\/logo\\\/image\\\/\",\"url\":\"https:\\\/\\\/www.organisator.ch\\\/wp-content\\\/uploads\\\/2022\\\/01\\\/Logo_Organisator_Website.png\",\"contentUrl\":\"https:\\\/\\\/www.organisator.ch\\\/wp-content\\\/uploads\\\/2022\\\/01\\\/Logo_Organisator_Website.png\",\"width\":800,\"height\":77,\"caption\":\"Organisator\"},\"image\":{\"@id\":\"https:\\\/\\\/www.organisator.ch\\\/#\\\/schema\\\/logo\\\/image\\\/\"},\"sameAs\":[\"https:\\\/\\\/www.facebook.com\\\/OrganisatorFachmagazin\",\"https:\\\/\\\/www.linkedin.com\\\/showcase\\\/organisator-das-magazin-fr-kmu\",\"https:\\\/\\\/www.xing.com\\\/news\\\/pages\\\/organisator-ch-695\",\"https:\\\/\\\/www.youtube.com\\\/channel\\\/UCGP2Sq0iWaZwT3BdIAQFYpw\"]},{\"@type\":\"Person\",\"@id\":\"https:\\\/\\\/www.organisator.ch\\\/#\\\/schema\\\/person\\\/134708ca9321c57b0362cceb7948ffbd\",\"name\":\"michael.merz\",\"image\":{\"@type\":\"ImageObject\",\"inLanguage\":\"de\",\"@id\":\"https:\\\/\\\/secure.gravatar.com\\\/avatar\\\/?s=96&d=mm&r=g\",\"url\":\"https:\\\/\\\/secure.gravatar.com\\\/avatar\\\/?s=96&d=mm&r=g\",\"contentUrl\":\"https:\\\/\\\/secure.gravatar.com\\\/avatar\\\/?s=96&d=mm&r=g\",\"caption\":\"michael.merz\"},\"url\":\"https:\\\/\\\/www.organisator.ch\\\/de\\\/author\\\/michael-merz\\\/\"}]}<\/script>\n<!-- \/ Yoast SEO plugin. -->","yoast_head_json":{"title":"Wird Sursee neuer Standort von Agroscope? - Organisator","description":"Das neue Kompetenzzentrums f\u00fcr landwirtschaftliche Forschung der Agroscope k\u00f6nnte als dezentralen Versuchsstation in Sursee f\u00fcndig werden.","robots":{"index":"index","follow":"follow","max-snippet":"max-snippet:-1","max-image-preview":"max-image-preview:large","max-video-preview":"max-video-preview:-1"},"canonical":"https:\/\/www.organisator.ch\/de\/allgemein\/2020-01-24\/sursee-wird-neuer-standort-von-agroscope\/","og_locale":"de_DE","og_type":"article","og_title":"Wird Sursee neuer Standort von Agroscope? - Organisator","og_description":"Das neue Kompetenzzentrums f\u00fcr landwirtschaftliche Forschung der Agroscope k\u00f6nnte als dezentralen Versuchsstation in Sursee f\u00fcndig werden.","og_url":"https:\/\/www.organisator.ch\/de\/allgemein\/2020-01-24\/sursee-wird-neuer-standort-von-agroscope\/","og_site_name":"Organisator","article_publisher":"https:\/\/www.facebook.com\/OrganisatorFachmagazin","article_published_time":"2020-01-24T09:05:47+00:00","og_image":[{"width":1728,"height":1156,"url":"https:\/\/www.organisator.ch\/wp-content\/uploads\/2020\/01\/Sursee_Agroscope-UP_Umwelt-Perspektiven.jpg","type":"image\/jpeg"}],"author":"michael.merz","twitter_card":"summary_large_image","schema":{"@context":"https:\/\/schema.org","@graph":[{"@type":"Article","@id":"https:\/\/www.organisator.ch\/fr\/general\/2020-01-24\/sursee-wird-neuer-standort-von-agroscope\/#article","isPartOf":{"@id":"https:\/\/www.organisator.ch\/fr\/general\/2020-01-24\/sursee-wird-neuer-standort-von-agroscope\/"},"author":{"name":"michael.merz","@id":"https:\/\/www.organisator.ch\/#\/schema\/person\/134708ca9321c57b0362cceb7948ffbd"},"headline":"Wird Sursee neuer Standort von Agroscope?","datePublished":"2020-01-24T09:05:47+00:00","mainEntityOfPage":{"@id":"https:\/\/www.organisator.ch\/fr\/general\/2020-01-24\/sursee-wird-neuer-standort-von-agroscope\/"},"wordCount":244,"publisher":{"@id":"https:\/\/www.organisator.ch\/#organization"},"image":{"@id":"https:\/\/www.organisator.ch\/fr\/general\/2020-01-24\/sursee-wird-neuer-standort-von-agroscope\/#primaryimage"},"thumbnailUrl":"https:\/\/www.organisator.ch\/wp-content\/uploads\/2020\/01\/Sursee_Agroscope-UP_Umwelt-Perspektiven.jpg","keywords":["Agroscope","Emissionen","N\u00e4hrstoffe","Standort","Sursee","Tierhaltung"],"inLanguage":"de"},{"@type":"WebPage","@id":"https:\/\/www.organisator.ch\/fr\/general\/2020-01-24\/sursee-wird-neuer-standort-von-agroscope\/","url":"https:\/\/www.organisator.ch\/fr\/general\/2020-01-24\/sursee-wird-neuer-standort-von-agroscope\/","name":"Wird Sursee neuer Standort von Agroscope? - Organisator","isPartOf":{"@id":"https:\/\/www.organisator.ch\/#website"},"primaryImageOfPage":{"@id":"https:\/\/www.organisator.ch\/fr\/general\/2020-01-24\/sursee-wird-neuer-standort-von-agroscope\/#primaryimage"},"image":{"@id":"https:\/\/www.organisator.ch\/fr\/general\/2020-01-24\/sursee-wird-neuer-standort-von-agroscope\/#primaryimage"},"thumbnailUrl":"https:\/\/www.organisator.ch\/wp-content\/uploads\/2020\/01\/Sursee_Agroscope-UP_Umwelt-Perspektiven.jpg","datePublished":"2020-01-24T09:05:47+00:00","description":"Das neue Kompetenzzentrums f\u00fcr landwirtschaftliche Forschung der Agroscope k\u00f6nnte als dezentralen Versuchsstation in Sursee f\u00fcndig werden.","breadcrumb":{"@id":"https:\/\/www.organisator.ch\/fr\/general\/2020-01-24\/sursee-wird-neuer-standort-von-agroscope\/#breadcrumb"},"inLanguage":"de","potentialAction":[{"@type":"ReadAction","target":["https:\/\/www.organisator.ch\/fr\/general\/2020-01-24\/sursee-wird-neuer-standort-von-agroscope\/"]}]},{"@type":"ImageObject","inLanguage":"de","@id":"https:\/\/www.organisator.ch\/fr\/general\/2020-01-24\/sursee-wird-neuer-standort-von-agroscope\/#primaryimage","url":"https:\/\/www.organisator.ch\/wp-content\/uploads\/2020\/01\/Sursee_Agroscope-UP_Umwelt-Perspektiven.jpg","contentUrl":"https:\/\/www.organisator.ch\/wp-content\/uploads\/2020\/01\/Sursee_Agroscope-UP_Umwelt-Perspektiven.jpg","width":1728,"height":1156,"caption":"Agroscope k\u00f6nnte aus guten Gr\u00fcnden den neuen Forschungs-Standort in Sursee, Kanton Luzern, beziehen. (Bild: Wikipedia)"},{"@type":"BreadcrumbList","@id":"https:\/\/www.organisator.ch\/fr\/general\/2020-01-24\/sursee-wird-neuer-standort-von-agroscope\/#breadcrumb","itemListElement":[{"@type":"ListItem","position":1,"name":"Home","item":"https:\/\/www.organisator.ch\/"},{"@type":"ListItem","position":2,"name":"Wird Sursee neuer Standort von Agroscope?"}]},{"@type":"WebSite","@id":"https:\/\/www.organisator.ch\/#website","url":"https:\/\/www.organisator.ch\/","name":"Organisator","description":"Kompetent. Praxisnah. Der ORGANISATOR bereitet in 10 Ausgaben pro Jahr die wesentlichen Themen f\u00fcr F\u00fchrungskr\u00e4fte von KMU auf.","publisher":{"@id":"https:\/\/www.organisator.ch\/#organization"},"potentialAction":[{"@type":"SearchAction","target":{"@type":"EntryPoint","urlTemplate":"https:\/\/www.organisator.ch\/?s={search_term_string}"},"query-input":{"@type":"PropertyValueSpecification","valueRequired":true,"valueName":"search_term_string"}}],"inLanguage":"de"},{"@type":"Organization","@id":"https:\/\/www.organisator.ch\/#organization","name":"Organisator","url":"https:\/\/www.organisator.ch\/","logo":{"@type":"ImageObject","inLanguage":"de","@id":"https:\/\/www.organisator.ch\/#\/schema\/logo\/image\/","url":"https:\/\/www.organisator.ch\/wp-content\/uploads\/2022\/01\/Logo_Organisator_Website.png","contentUrl":"https:\/\/www.organisator.ch\/wp-content\/uploads\/2022\/01\/Logo_Organisator_Website.png","width":800,"height":77,"caption":"Organisator"},"image":{"@id":"https:\/\/www.organisator.ch\/#\/schema\/logo\/image\/"},"sameAs":["https:\/\/www.facebook.com\/OrganisatorFachmagazin","https:\/\/www.linkedin.com\/showcase\/organisator-das-magazin-fr-kmu","https:\/\/www.xing.com\/news\/pages\/organisator-ch-695","https:\/\/www.youtube.com\/channel\/UCGP2Sq0iWaZwT3BdIAQFYpw"]},{"@type":"Person","@id":"https:\/\/www.organisator.ch\/#\/schema\/person\/134708ca9321c57b0362cceb7948ffbd","name":"michael.merz","image":{"@type":"ImageObject","inLanguage":"de","@id":"https:\/\/secure.gravatar.com\/avatar\/?s=96&d=mm&r=g","url":"https:\/\/secure.gravatar.com\/avatar\/?s=96&d=mm&r=g","contentUrl":"https:\/\/secure.gravatar.com\/avatar\/?s=96&d=mm&r=g","caption":"michael.merz"},"url":"https:\/\/www.organisator.ch\/de\/author\/michael-merz\/"}]}},"_links":{"self":[{"href":"https:\/\/www.organisator.ch\/de\/wp-json\/wp\/v2\/posts\/2777","targetHints":{"allow":["GET"]}}],"collection":[{"href":"https:\/\/www.organisator.ch\/de\/wp-json\/wp\/v2\/posts"}],"about":[{"href":"https:\/\/www.organisator.ch\/de\/wp-json\/wp\/v2\/types\/post"}],"author":[{"embeddable":true,"href":"https:\/\/www.organisator.ch\/de\/wp-json\/wp\/v2\/users\/5"}],"replies":[{"embeddable":true,"href":"https:\/\/www.organisator.ch\/de\/wp-json\/wp\/v2\/comments?post=2777"}],"version-history":[{"count":0,"href":"https:\/\/www.organisator.ch\/de\/wp-json\/wp\/v2\/posts\/2777\/revisions"}],"wp:featuredmedia":[{"embeddable":true,"href":"https:\/\/www.organisator.ch\/de\/wp-json\/wp\/v2\/media\/2778"}],"wp:attachment":[{"href":"https:\/\/www.organisator.ch\/de\/wp-json\/wp\/v2\/media?parent=2777"}],"wp:term":[{"taxonomy":"category","embeddable":true,"href":"https:\/\/www.organisator.ch\/de\/wp-json\/wp\/v2\/categories?post=2777"},{"taxonomy":"post_tag","embeddable":true,"href":"https:\/\/www.organisator.ch\/de\/wp-json\/wp\/v2\/tags?post=2777"}],"curies":[{"name":"wp","href":"https:\/\/api.w.org\/{rel}","templated":true}]}}