{"id":2787,"date":"2020-01-28T10:51:40","date_gmt":"2020-01-28T09:51:40","guid":{"rendered":"https:\/\/www.umweltperspektiven.ch\/?p=2787"},"modified":"2022-02-09T11:06:15","modified_gmt":"2022-02-09T10:06:15","slug":"haus-eins-kompostierbar-nachhaltig-konsequent","status":"publish","type":"post","link":"https:\/\/www.organisator.ch\/de\/sustainability\/2020-01-28\/haus-eins-kompostierbar-nachhaltig-konsequent\/","title":{"rendered":"\u00abHaus Eins\u00bb: kompostierbar, nachhaltig, konsequent"},"content":{"rendered":"<figure id=\"attachment_2789\" aria-describedby=\"caption-attachment-2789\" style=\"width: 540px\" class=\"wp-caption alignnone\"><img loading=\"lazy\" decoding=\"async\" class=\"size-full wp-image-2789\" src=\"\/\/www.umweltperspektiven.ch\/wp-content\/uploads\/2020\/01\/Haus-1-Uri-UP_Umwelt-Perspektiven.jpg\" alt=\"\" width=\"540\" height=\"360\" srcset=\"https:\/\/www.organisator.ch\/wp-content\/uploads\/2020\/01\/Haus-1-Uri-UP_Umwelt-Perspektiven.jpg 540w, https:\/\/www.organisator.ch\/wp-content\/uploads\/2020\/01\/Haus-1-Uri-UP_Umwelt-Perspektiven-18x12.jpg 18w, https:\/\/www.organisator.ch\/wp-content\/uploads\/2020\/01\/Haus-1-Uri-UP_Umwelt-Perspektiven-263x175.jpg 263w, https:\/\/www.organisator.ch\/wp-content\/uploads\/2020\/01\/Haus-1-Uri-UP_Umwelt-Perspektiven-525x350.jpg 525w, https:\/\/www.organisator.ch\/wp-content\/uploads\/2020\/01\/Haus-1-Uri-UP_Umwelt-Perspektiven-300x200.jpg 300w\" sizes=\"auto, (max-width: 540px) 100vw, 540px\" \/><figcaption id=\"caption-attachment-2789\" class=\"wp-caption-text\">Das &#8222;Haus Eins&#8220; in Seelisberg\/UR ist zu fast 100 Prozent biologisch abbaubar. Nicht nur das Haus, auch seine M\u00f6bel sind komplett leimfrei. (Bild: zVg)<\/figcaption><\/figure>\n<p>&nbsp;<\/p>\n<p>Vom Fundament aus Naturstein \u00fcber die metall- und leimfreie, aus Mondphasenholz bestehenden Grundkonstruktion bis hin zur Isolierung mit einer Hanf-Kalkschicht: Das \u00ab<a href=\"\/\/www.hauseins.ch\/de\">Haus Eins<\/a>\u00bb verwendet ausschliesslich nat\u00fcrliche Ressourcen, in vielf\u00e4ltiger Art und Weise. Den Grundstein f\u00fcr dieses zukunftsweisende Projekt legte Lukas Gwerder. Als der Schwyzer Naturschreiner 2011 den Bau eines Hauses aus nat\u00fcrlichen Rohstoffen in Angriff nahm, war es sein Ziel, Nachhaltigkeit, Tradition, Innovation und die N\u00e4he zur Natur miteinander zu vereinen.<\/p>\n<p>Nahezu ohne fremde Hilfe setzte er die vision\u00e4re Idee eines Hauses ohne Sonderm\u00fcll in die Wirklichkeit um und zog mit seiner Familie noch w\u00e4hrend dem Umbau ins \u00abHaus Eins\u00bb ein. Nach der Trennung von seiner Frau entschied sich Gwerder, das Haus zum Verkauf freizugeben.<\/p>\n<p><strong>Gegen die Schnelllebigkeit unserer Welt<\/strong><\/p>\n<p>Urs Kasper, Unternehmer und selbst Schreiner, war sofort fasziniert von der Beharrlichkeit und Konsequenz, mit welcher Gwerder seiner Vision folgte. Als neuer Eigent\u00fcmer entschied sich das Familienunternehmen \u00abKasper &amp; Sohn\u00bb, das letzte Drittel der Bauphase zu unterst\u00fctzen. Unter einer Bedingung: Lukas Gwerder soll bis zum Schluss beim Bau mitwirken. Urs Kasper ist davon \u00fcberzeugt, dass Gwerders Einstellung, den Respekt gegen\u00fcber unserer Natur zu wahren, grosses Potenzial f\u00fcr die Zukunft hat. Ihn fasziniert besonders Gwerders Beharrlichkeit:<\/p>\n<p>\u00abEs gibt viele H\u00e4user, die biologisch sein sollen, bei denen diese Bauweise aber nicht konsequent durchgesetzt wurde. Sobald das erste Problem auftaucht, macht man hier und dort eine kleine Ausnahme.\u00bb Ausnahmen gibt es beim \u00abHaus Eins\u00bb keine. Entgegen der viel geh\u00f6rten Ausrede \u00abDas ist gar nicht anders machbar\u00bb beweisen Kasper und Gwerder, dass es eben doch m\u00f6glich ist, ein Haus aus Naturmaterialien zu bauen, das nichtsdestotrotz modernen Anspr\u00fcchen gen\u00fcgt. Die Nachhaltigkeit in der Bauweise spiegelt sich auch in der Inneneinrichtung wider. Kasper w\u00e4hlte M\u00f6bel, Stoffe und Accessoires, die dem Konzept des Hauses entsprechen \u2013 also nachhaltig, \u00f6kologisch und fair produziert wurden. Nicht nur das Haus, auch seine M\u00f6bel sind komplett leimfrei.<\/p>\n<p><strong>Nachfolgend einige Fakten zum Haus Eins:<\/strong><\/p>\n<ul>\n<li>Ausschliesslich Verwendung von einheimischem Holz<\/li>\n<li>Alle Winkel sind \u00fcber 90\u00b0 Grad f\u00fcr eine bessere Zirkulation der Luft bzw. W\u00e4rmeenergie<\/li>\n<li>Eingebauter Tonofen und W\u00e4remetauscherkamin-System<\/li>\n<li>Naturkeller (im Sommer k\u00fchl, im Winter warm)<\/li>\n<li>Auf das Minimum reduzierte Lichtquellen. Mehr Lichteinfluss durch\u00a0dreifach verglaste Fenster ohne UV-Schutz<\/li>\n<li>Netzfreischaltung f\u00fcr das ganze Haus und geschirmte Kabel, keine Starkstromleitung oder Natelantenne in der N\u00e4he<\/li>\n<li>Luft- \/ Wasser-W\u00e4rmepumpe f\u00fcr Brauchwarmwasser im Sommer<\/li>\n<li>3&#8217;500 m<sup>2<\/sup> grosser Garten mit verschiedenen Jungobst- und Nussb\u00e4umen sowie Beerenstr\u00e4ucher f\u00fcr den Eigenbedarf<\/li>\n<li>Badeteich, Wildbach und Wasserfall sowie Hot Tub aus heimischer L\u00e4rche und Sauna aus Arvenholz im Garten<\/li>\n<li>Sitzm\u00f6glichkeiten ost- und westseitig und auf der Terrasse<\/li>\n<li>Gut sortierte Bibliothek f\u00fcr den \u00abDigital Detox\u00bb<\/li>\n<li>Preis: ab 360 Franken pro Tag<\/li>\n<\/ul>\n<p>&nbsp;<\/p>\n<p><strong><span style=\"font-size: 10.5pt; font-family: 'Arial',sans-serif;\">Nachfolgend einige Fakten zum Haus Eins:<\/span><\/strong><\/p>\n<p><iframe loading=\"lazy\" title=\"Haus Eins \u2013 Das Erste seiner Art\" width=\"768\" height=\"432\" src=\"https:\/\/www.youtube.com\/embed\/YTVwd3RFobI?feature=oembed\" frameborder=\"0\" allow=\"accelerometer; autoplay; clipboard-write; encrypted-media; gyroscope; picture-in-picture\" allowfullscreen><\/iframe><\/p>\n<p>&nbsp;<\/p>\n","protected":false},"excerpt":{"rendered":"<p>&nbsp; Vom Fundament aus Naturstein \u00fcber die metall- und leimfreie, aus Mondphasenholz bestehenden Grundkonstruktion bis hin zur Isolierung mit einer Hanf-Kalkschicht: Das \u00abHaus Eins\u00bb verwendet ausschliesslich nat\u00fcrliche Ressourcen, in vielf\u00e4ltiger Art und Weise. Den Grundstein f\u00fcr dieses zukunftsweisende Projekt legte Lukas Gwerder. Als der Schwyzer Naturschreiner 2011 den Bau eines Hauses aus nat\u00fcrlichen Rohstoffen in [&hellip;]<\/p>\n","protected":false},"author":5,"featured_media":2789,"comment_status":"closed","ping_status":"closed","sticky":false,"template":"","format":"standard","meta":{"_acf_changed":false,"_yoast_wpseo_focuskw":"Haus Eins","_yoast_wpseo_metadesc":"Das \u00abHaus Eins\u00bb in Seelisberg (UR) ist das erste fast zu hundert Prozent biologisch abbaubare Haus und gilt als Pionierprojekt.","articlekey":"","footnotes":""},"categories":[580],"tags":[1553,1753,2419,2509],"class_list":["post-2787","post","type-post","status-publish","format-standard","has-post-thumbnail","hentry","category-sustainability","tag-komposthaus","tag-nachhaltig-bauen","tag-uri","tag-waermetauscher"],"acf":[],"yoast_head":"<!-- This site is optimized with the Yoast SEO plugin v27.4 - https:\/\/yoast.com\/product\/yoast-seo-wordpress\/ -->\n<title>\u00abHaus Eins\u00bb: kompostierbar, nachhaltig, konsequent - Organisator<\/title>\n<meta name=\"description\" content=\"Das \u00abHaus Eins\u00bb in Seelisberg (UR) ist das erste fast zu hundert Prozent biologisch abbaubare Haus und gilt als Pionierprojekt.\" \/>\n<meta name=\"robots\" content=\"index, follow, max-snippet:-1, max-image-preview:large, max-video-preview:-1\" \/>\n<link rel=\"canonical\" href=\"https:\/\/www.organisator.ch\/de\/sustainability\/2020-01-28\/haus-eins-kompostierbar-nachhaltig-konsequent\/\" \/>\n<meta property=\"og:locale\" content=\"de_DE\" \/>\n<meta property=\"og:type\" content=\"article\" \/>\n<meta property=\"og:title\" content=\"\u00abHaus Eins\u00bb: kompostierbar, nachhaltig, konsequent - Organisator\" \/>\n<meta property=\"og:description\" content=\"Das \u00abHaus Eins\u00bb in Seelisberg (UR) ist das erste fast zu hundert Prozent biologisch abbaubare Haus und gilt als Pionierprojekt.\" \/>\n<meta property=\"og:url\" content=\"https:\/\/www.organisator.ch\/de\/sustainability\/2020-01-28\/haus-eins-kompostierbar-nachhaltig-konsequent\/\" \/>\n<meta property=\"og:site_name\" content=\"Organisator\" \/>\n<meta property=\"article:publisher\" content=\"https:\/\/www.facebook.com\/OrganisatorFachmagazin\" \/>\n<meta property=\"article:published_time\" content=\"2020-01-28T09:51:40+00:00\" \/>\n<meta property=\"article:modified_time\" content=\"2022-02-09T10:06:15+00:00\" \/>\n<meta property=\"og:image\" content=\"https:\/\/www.organisator.ch\/wp-content\/uploads\/2020\/01\/Haus-1-Uri-UP_Umwelt-Perspektiven.jpg\" \/>\n\t<meta property=\"og:image:width\" content=\"540\" \/>\n\t<meta property=\"og:image:height\" content=\"360\" \/>\n\t<meta property=\"og:image:type\" content=\"image\/jpeg\" \/>\n<meta name=\"author\" content=\"michael.merz\" \/>\n<meta name=\"twitter:card\" content=\"summary_large_image\" \/>\n<script type=\"application\/ld+json\" class=\"yoast-schema-graph\">{\"@context\":\"https:\\\/\\\/schema.org\",\"@graph\":[{\"@type\":\"Article\",\"@id\":\"https:\\\/\\\/www.organisator.ch\\\/sustainability\\\/2020-01-28\\\/haus-eins-kompostierbar-nachhaltig-konsequent\\\/#article\",\"isPartOf\":{\"@id\":\"https:\\\/\\\/www.organisator.ch\\\/sustainability\\\/2020-01-28\\\/haus-eins-kompostierbar-nachhaltig-konsequent\\\/\"},\"author\":{\"name\":\"michael.merz\",\"@id\":\"https:\\\/\\\/www.organisator.ch\\\/#\\\/schema\\\/person\\\/134708ca9321c57b0362cceb7948ffbd\"},\"headline\":\"\u00abHaus Eins\u00bb: kompostierbar, nachhaltig, konsequent\",\"datePublished\":\"2020-01-28T09:51:40+00:00\",\"dateModified\":\"2022-02-09T10:06:15+00:00\",\"mainEntityOfPage\":{\"@id\":\"https:\\\/\\\/www.organisator.ch\\\/sustainability\\\/2020-01-28\\\/haus-eins-kompostierbar-nachhaltig-konsequent\\\/\"},\"wordCount\":514,\"publisher\":{\"@id\":\"https:\\\/\\\/www.organisator.ch\\\/#organization\"},\"image\":{\"@id\":\"https:\\\/\\\/www.organisator.ch\\\/sustainability\\\/2020-01-28\\\/haus-eins-kompostierbar-nachhaltig-konsequent\\\/#primaryimage\"},\"thumbnailUrl\":\"https:\\\/\\\/www.organisator.ch\\\/wp-content\\\/uploads\\\/2020\\\/01\\\/Haus-1-Uri-UP_Umwelt-Perspektiven.jpg\",\"keywords\":[\"Komposthaus\",\"Nachhaltig Bauen\",\"Uri\",\"W\u00e4rmetauscher\"],\"articleSection\":[\"SUSTAINABILITY\"],\"inLanguage\":\"de\"},{\"@type\":\"WebPage\",\"@id\":\"https:\\\/\\\/www.organisator.ch\\\/sustainability\\\/2020-01-28\\\/haus-eins-kompostierbar-nachhaltig-konsequent\\\/\",\"url\":\"https:\\\/\\\/www.organisator.ch\\\/sustainability\\\/2020-01-28\\\/haus-eins-kompostierbar-nachhaltig-konsequent\\\/\",\"name\":\"\u00abHaus Eins\u00bb: kompostierbar, nachhaltig, konsequent - Organisator\",\"isPartOf\":{\"@id\":\"https:\\\/\\\/www.organisator.ch\\\/#website\"},\"primaryImageOfPage\":{\"@id\":\"https:\\\/\\\/www.organisator.ch\\\/sustainability\\\/2020-01-28\\\/haus-eins-kompostierbar-nachhaltig-konsequent\\\/#primaryimage\"},\"image\":{\"@id\":\"https:\\\/\\\/www.organisator.ch\\\/sustainability\\\/2020-01-28\\\/haus-eins-kompostierbar-nachhaltig-konsequent\\\/#primaryimage\"},\"thumbnailUrl\":\"https:\\\/\\\/www.organisator.ch\\\/wp-content\\\/uploads\\\/2020\\\/01\\\/Haus-1-Uri-UP_Umwelt-Perspektiven.jpg\",\"datePublished\":\"2020-01-28T09:51:40+00:00\",\"dateModified\":\"2022-02-09T10:06:15+00:00\",\"description\":\"Das \u00abHaus Eins\u00bb in Seelisberg (UR) ist das erste fast zu hundert Prozent biologisch abbaubare Haus und gilt als Pionierprojekt.\",\"breadcrumb\":{\"@id\":\"https:\\\/\\\/www.organisator.ch\\\/sustainability\\\/2020-01-28\\\/haus-eins-kompostierbar-nachhaltig-konsequent\\\/#breadcrumb\"},\"inLanguage\":\"de\",\"potentialAction\":[{\"@type\":\"ReadAction\",\"target\":[\"https:\\\/\\\/www.organisator.ch\\\/sustainability\\\/2020-01-28\\\/haus-eins-kompostierbar-nachhaltig-konsequent\\\/\"]}]},{\"@type\":\"ImageObject\",\"inLanguage\":\"de\",\"@id\":\"https:\\\/\\\/www.organisator.ch\\\/sustainability\\\/2020-01-28\\\/haus-eins-kompostierbar-nachhaltig-konsequent\\\/#primaryimage\",\"url\":\"https:\\\/\\\/www.organisator.ch\\\/wp-content\\\/uploads\\\/2020\\\/01\\\/Haus-1-Uri-UP_Umwelt-Perspektiven.jpg\",\"contentUrl\":\"https:\\\/\\\/www.organisator.ch\\\/wp-content\\\/uploads\\\/2020\\\/01\\\/Haus-1-Uri-UP_Umwelt-Perspektiven.jpg\",\"width\":540,\"height\":360,\"caption\":\"Das \\\"Haus Eins\\\" in Seelisberg\\\/UR ist zu fast 100 Prozent biologisch abbaubar. Nicht nur das Haus, auch seine M\u00f6bel sind komplett leimfrei. (Bild: zVg)\"},{\"@type\":\"BreadcrumbList\",\"@id\":\"https:\\\/\\\/www.organisator.ch\\\/sustainability\\\/2020-01-28\\\/haus-eins-kompostierbar-nachhaltig-konsequent\\\/#breadcrumb\",\"itemListElement\":[{\"@type\":\"ListItem\",\"position\":1,\"name\":\"Home\",\"item\":\"https:\\\/\\\/www.organisator.ch\\\/\"},{\"@type\":\"ListItem\",\"position\":2,\"name\":\"\u00abHaus Eins\u00bb: kompostierbar, nachhaltig, konsequent\"}]},{\"@type\":\"WebSite\",\"@id\":\"https:\\\/\\\/www.organisator.ch\\\/#website\",\"url\":\"https:\\\/\\\/www.organisator.ch\\\/\",\"name\":\"Organisator\",\"description\":\"Kompetent. Praxisnah. Der ORGANISATOR bereitet in 10 Ausgaben pro Jahr die wesentlichen Themen f\u00fcr F\u00fchrungskr\u00e4fte von KMU auf.\",\"publisher\":{\"@id\":\"https:\\\/\\\/www.organisator.ch\\\/#organization\"},\"potentialAction\":[{\"@type\":\"SearchAction\",\"target\":{\"@type\":\"EntryPoint\",\"urlTemplate\":\"https:\\\/\\\/www.organisator.ch\\\/?s={search_term_string}\"},\"query-input\":{\"@type\":\"PropertyValueSpecification\",\"valueRequired\":true,\"valueName\":\"search_term_string\"}}],\"inLanguage\":\"de\"},{\"@type\":\"Organization\",\"@id\":\"https:\\\/\\\/www.organisator.ch\\\/#organization\",\"name\":\"Organisator\",\"url\":\"https:\\\/\\\/www.organisator.ch\\\/\",\"logo\":{\"@type\":\"ImageObject\",\"inLanguage\":\"de\",\"@id\":\"https:\\\/\\\/www.organisator.ch\\\/#\\\/schema\\\/logo\\\/image\\\/\",\"url\":\"https:\\\/\\\/www.organisator.ch\\\/wp-content\\\/uploads\\\/2022\\\/01\\\/Logo_Organisator_Website.png\",\"contentUrl\":\"https:\\\/\\\/www.organisator.ch\\\/wp-content\\\/uploads\\\/2022\\\/01\\\/Logo_Organisator_Website.png\",\"width\":800,\"height\":77,\"caption\":\"Organisator\"},\"image\":{\"@id\":\"https:\\\/\\\/www.organisator.ch\\\/#\\\/schema\\\/logo\\\/image\\\/\"},\"sameAs\":[\"https:\\\/\\\/www.facebook.com\\\/OrganisatorFachmagazin\",\"https:\\\/\\\/www.linkedin.com\\\/showcase\\\/organisator-das-magazin-fr-kmu\",\"https:\\\/\\\/www.xing.com\\\/news\\\/pages\\\/organisator-ch-695\",\"https:\\\/\\\/www.youtube.com\\\/channel\\\/UCGP2Sq0iWaZwT3BdIAQFYpw\"]},{\"@type\":\"Person\",\"@id\":\"https:\\\/\\\/www.organisator.ch\\\/#\\\/schema\\\/person\\\/134708ca9321c57b0362cceb7948ffbd\",\"name\":\"michael.merz\",\"image\":{\"@type\":\"ImageObject\",\"inLanguage\":\"de\",\"@id\":\"https:\\\/\\\/secure.gravatar.com\\\/avatar\\\/?s=96&d=mm&r=g\",\"url\":\"https:\\\/\\\/secure.gravatar.com\\\/avatar\\\/?s=96&d=mm&r=g\",\"contentUrl\":\"https:\\\/\\\/secure.gravatar.com\\\/avatar\\\/?s=96&d=mm&r=g\",\"caption\":\"michael.merz\"},\"url\":\"https:\\\/\\\/www.organisator.ch\\\/de\\\/author\\\/michael-merz\\\/\"}]}<\/script>\n<!-- \/ Yoast SEO plugin. -->","yoast_head_json":{"title":"\u00abHaus Eins\u00bb: kompostierbar, nachhaltig, konsequent - Organisator","description":"Das \u00abHaus Eins\u00bb in Seelisberg (UR) ist das erste fast zu hundert Prozent biologisch abbaubare Haus und gilt als Pionierprojekt.","robots":{"index":"index","follow":"follow","max-snippet":"max-snippet:-1","max-image-preview":"max-image-preview:large","max-video-preview":"max-video-preview:-1"},"canonical":"https:\/\/www.organisator.ch\/de\/sustainability\/2020-01-28\/haus-eins-kompostierbar-nachhaltig-konsequent\/","og_locale":"de_DE","og_type":"article","og_title":"\u00abHaus Eins\u00bb: kompostierbar, nachhaltig, konsequent - Organisator","og_description":"Das \u00abHaus Eins\u00bb in Seelisberg (UR) ist das erste fast zu hundert Prozent biologisch abbaubare Haus und gilt als Pionierprojekt.","og_url":"https:\/\/www.organisator.ch\/de\/sustainability\/2020-01-28\/haus-eins-kompostierbar-nachhaltig-konsequent\/","og_site_name":"Organisator","article_publisher":"https:\/\/www.facebook.com\/OrganisatorFachmagazin","article_published_time":"2020-01-28T09:51:40+00:00","article_modified_time":"2022-02-09T10:06:15+00:00","og_image":[{"width":540,"height":360,"url":"https:\/\/www.organisator.ch\/wp-content\/uploads\/2020\/01\/Haus-1-Uri-UP_Umwelt-Perspektiven.jpg","type":"image\/jpeg"}],"author":"michael.merz","twitter_card":"summary_large_image","schema":{"@context":"https:\/\/schema.org","@graph":[{"@type":"Article","@id":"https:\/\/www.organisator.ch\/sustainability\/2020-01-28\/haus-eins-kompostierbar-nachhaltig-konsequent\/#article","isPartOf":{"@id":"https:\/\/www.organisator.ch\/sustainability\/2020-01-28\/haus-eins-kompostierbar-nachhaltig-konsequent\/"},"author":{"name":"michael.merz","@id":"https:\/\/www.organisator.ch\/#\/schema\/person\/134708ca9321c57b0362cceb7948ffbd"},"headline":"\u00abHaus Eins\u00bb: kompostierbar, nachhaltig, konsequent","datePublished":"2020-01-28T09:51:40+00:00","dateModified":"2022-02-09T10:06:15+00:00","mainEntityOfPage":{"@id":"https:\/\/www.organisator.ch\/sustainability\/2020-01-28\/haus-eins-kompostierbar-nachhaltig-konsequent\/"},"wordCount":514,"publisher":{"@id":"https:\/\/www.organisator.ch\/#organization"},"image":{"@id":"https:\/\/www.organisator.ch\/sustainability\/2020-01-28\/haus-eins-kompostierbar-nachhaltig-konsequent\/#primaryimage"},"thumbnailUrl":"https:\/\/www.organisator.ch\/wp-content\/uploads\/2020\/01\/Haus-1-Uri-UP_Umwelt-Perspektiven.jpg","keywords":["Komposthaus","Nachhaltig Bauen","Uri","W\u00e4rmetauscher"],"articleSection":["SUSTAINABILITY"],"inLanguage":"de"},{"@type":"WebPage","@id":"https:\/\/www.organisator.ch\/sustainability\/2020-01-28\/haus-eins-kompostierbar-nachhaltig-konsequent\/","url":"https:\/\/www.organisator.ch\/sustainability\/2020-01-28\/haus-eins-kompostierbar-nachhaltig-konsequent\/","name":"\u00abHaus Eins\u00bb: kompostierbar, nachhaltig, konsequent - Organisator","isPartOf":{"@id":"https:\/\/www.organisator.ch\/#website"},"primaryImageOfPage":{"@id":"https:\/\/www.organisator.ch\/sustainability\/2020-01-28\/haus-eins-kompostierbar-nachhaltig-konsequent\/#primaryimage"},"image":{"@id":"https:\/\/www.organisator.ch\/sustainability\/2020-01-28\/haus-eins-kompostierbar-nachhaltig-konsequent\/#primaryimage"},"thumbnailUrl":"https:\/\/www.organisator.ch\/wp-content\/uploads\/2020\/01\/Haus-1-Uri-UP_Umwelt-Perspektiven.jpg","datePublished":"2020-01-28T09:51:40+00:00","dateModified":"2022-02-09T10:06:15+00:00","description":"Das \u00abHaus Eins\u00bb in Seelisberg (UR) ist das erste fast zu hundert Prozent biologisch abbaubare Haus und gilt als Pionierprojekt.","breadcrumb":{"@id":"https:\/\/www.organisator.ch\/sustainability\/2020-01-28\/haus-eins-kompostierbar-nachhaltig-konsequent\/#breadcrumb"},"inLanguage":"de","potentialAction":[{"@type":"ReadAction","target":["https:\/\/www.organisator.ch\/sustainability\/2020-01-28\/haus-eins-kompostierbar-nachhaltig-konsequent\/"]}]},{"@type":"ImageObject","inLanguage":"de","@id":"https:\/\/www.organisator.ch\/sustainability\/2020-01-28\/haus-eins-kompostierbar-nachhaltig-konsequent\/#primaryimage","url":"https:\/\/www.organisator.ch\/wp-content\/uploads\/2020\/01\/Haus-1-Uri-UP_Umwelt-Perspektiven.jpg","contentUrl":"https:\/\/www.organisator.ch\/wp-content\/uploads\/2020\/01\/Haus-1-Uri-UP_Umwelt-Perspektiven.jpg","width":540,"height":360,"caption":"Das \"Haus Eins\" in Seelisberg\/UR ist zu fast 100 Prozent biologisch abbaubar. Nicht nur das Haus, auch seine M\u00f6bel sind komplett leimfrei. (Bild: zVg)"},{"@type":"BreadcrumbList","@id":"https:\/\/www.organisator.ch\/sustainability\/2020-01-28\/haus-eins-kompostierbar-nachhaltig-konsequent\/#breadcrumb","itemListElement":[{"@type":"ListItem","position":1,"name":"Home","item":"https:\/\/www.organisator.ch\/"},{"@type":"ListItem","position":2,"name":"\u00abHaus Eins\u00bb: kompostierbar, nachhaltig, konsequent"}]},{"@type":"WebSite","@id":"https:\/\/www.organisator.ch\/#website","url":"https:\/\/www.organisator.ch\/","name":"Organisator","description":"Kompetent. Praxisnah. Der ORGANISATOR bereitet in 10 Ausgaben pro Jahr die wesentlichen Themen f\u00fcr F\u00fchrungskr\u00e4fte von KMU auf.","publisher":{"@id":"https:\/\/www.organisator.ch\/#organization"},"potentialAction":[{"@type":"SearchAction","target":{"@type":"EntryPoint","urlTemplate":"https:\/\/www.organisator.ch\/?s={search_term_string}"},"query-input":{"@type":"PropertyValueSpecification","valueRequired":true,"valueName":"search_term_string"}}],"inLanguage":"de"},{"@type":"Organization","@id":"https:\/\/www.organisator.ch\/#organization","name":"Organisator","url":"https:\/\/www.organisator.ch\/","logo":{"@type":"ImageObject","inLanguage":"de","@id":"https:\/\/www.organisator.ch\/#\/schema\/logo\/image\/","url":"https:\/\/www.organisator.ch\/wp-content\/uploads\/2022\/01\/Logo_Organisator_Website.png","contentUrl":"https:\/\/www.organisator.ch\/wp-content\/uploads\/2022\/01\/Logo_Organisator_Website.png","width":800,"height":77,"caption":"Organisator"},"image":{"@id":"https:\/\/www.organisator.ch\/#\/schema\/logo\/image\/"},"sameAs":["https:\/\/www.facebook.com\/OrganisatorFachmagazin","https:\/\/www.linkedin.com\/showcase\/organisator-das-magazin-fr-kmu","https:\/\/www.xing.com\/news\/pages\/organisator-ch-695","https:\/\/www.youtube.com\/channel\/UCGP2Sq0iWaZwT3BdIAQFYpw"]},{"@type":"Person","@id":"https:\/\/www.organisator.ch\/#\/schema\/person\/134708ca9321c57b0362cceb7948ffbd","name":"michael.merz","image":{"@type":"ImageObject","inLanguage":"de","@id":"https:\/\/secure.gravatar.com\/avatar\/?s=96&d=mm&r=g","url":"https:\/\/secure.gravatar.com\/avatar\/?s=96&d=mm&r=g","contentUrl":"https:\/\/secure.gravatar.com\/avatar\/?s=96&d=mm&r=g","caption":"michael.merz"},"url":"https:\/\/www.organisator.ch\/de\/author\/michael-merz\/"}]}},"_links":{"self":[{"href":"https:\/\/www.organisator.ch\/de\/wp-json\/wp\/v2\/posts\/2787","targetHints":{"allow":["GET"]}}],"collection":[{"href":"https:\/\/www.organisator.ch\/de\/wp-json\/wp\/v2\/posts"}],"about":[{"href":"https:\/\/www.organisator.ch\/de\/wp-json\/wp\/v2\/types\/post"}],"author":[{"embeddable":true,"href":"https:\/\/www.organisator.ch\/de\/wp-json\/wp\/v2\/users\/5"}],"replies":[{"embeddable":true,"href":"https:\/\/www.organisator.ch\/de\/wp-json\/wp\/v2\/comments?post=2787"}],"version-history":[{"count":1,"href":"https:\/\/www.organisator.ch\/de\/wp-json\/wp\/v2\/posts\/2787\/revisions"}],"predecessor-version":[{"id":10535,"href":"https:\/\/www.organisator.ch\/de\/wp-json\/wp\/v2\/posts\/2787\/revisions\/10535"}],"wp:featuredmedia":[{"embeddable":true,"href":"https:\/\/www.organisator.ch\/de\/wp-json\/wp\/v2\/media\/2789"}],"wp:attachment":[{"href":"https:\/\/www.organisator.ch\/de\/wp-json\/wp\/v2\/media?parent=2787"}],"wp:term":[{"taxonomy":"category","embeddable":true,"href":"https:\/\/www.organisator.ch\/de\/wp-json\/wp\/v2\/categories?post=2787"},{"taxonomy":"post_tag","embeddable":true,"href":"https:\/\/www.organisator.ch\/de\/wp-json\/wp\/v2\/tags?post=2787"}],"curies":[{"name":"wp","href":"https:\/\/api.w.org\/{rel}","templated":true}]}}