{"id":27884,"date":"2024-06-20T10:38:41","date_gmt":"2024-06-20T08:38:41","guid":{"rendered":"https:\/\/www.werbewoche.ch\/?p=216933"},"modified":"2024-11-10T09:48:52","modified_gmt":"2024-11-10T08:48:52","slug":"brand-finance-nestle-verliert-bleibt-aber-wertvollste-marke","status":"publish","type":"post","link":"https:\/\/www.organisator.ch\/de\/marketing\/2024-06-20\/brand-finance-nestle-verliert-bleibt-aber-wertvollste-marke\/","title":{"rendered":"Brand Finance: Nestl\u00e9 verliert, bleibt aber wertvollste Marke"},"content":{"rendered":"<p><img class=\"alignnone wp-image-216935 size-full\" src=\"https:\/\/www.werbewoche.ch\/wp-content\/uploads\/2024\/06\/Brand-FInance-3.jpg\" alt=\"Wertvollste Marken\" width=\"1200\" height=\"675\" \/>Welches sind die wertvollsten Marken der Schweiz? Das zeigt Brand Finance auch in diesem Jahr im neuen Schweiz 50 2024 Country Report. Bei den Positionen der Top Ten Marken aus der Schweiz gibt es Verschiebungen: So konnte Zurich bei 26 Prozent Wachstum einen Rang wett machen und die Pharmamarke Roche auf Rang 4 abl\u00f6sen. Ebenfalls mit zweistelligen Prozentwachstum konnten Rolex (Uhren) und UBS deutlich zum Gipfel aufschliessen.<\/p>\r\n<p>An der Spitze mit 18,5 Mrd CHF Markenwert steht Nestl\u00e9, trotz eines Werteverlustes um 13 Prozent. ABB schaffte es in die Top 10 mit 12 Prozent Wachstum (5 Mrd CHF), w\u00e4hrend die ikonische Schweizer Traditionsmarke Nescaf\u00e9 mit 30 Prozent Wertverlust von Rang 7 auf 10 rutschte.<\/p>\r\n<p>Im Werteumwelt der Nachhaltigkeistwahrnehmung konnte Rolex sogar vor Nestl\u00e9 die Spitzenposition einnehmen. Spannend ist der Top 50 Aufsteiger BKW. Die Marke konnte sich mit 20 Prozent Wertzuwachs auf Position 47 durchsetzen. Insgesamt legten die Top 50 aus der Schweiz zum Vorjahr nur marginal zu (0,66%).<\/p>\r\n<p><img class=\"alignnone size-full wp-image-216936\" src=\"https:\/\/www.werbewoche.ch\/wp-content\/uploads\/2024\/06\/Brand-Finance1.jpg\" alt=\"\" width=\"1200\" height=\"675\" \/><\/p>\r\n<p>Die Marken aus den drei Sektoren Nahrungsmittel, Bekleidung\/Accessoires und Versicherungen machen die H\u00e4lfte des gesamten Markenwertvolumens aus und legten weiter an Dominanz zu.<\/p>\r\n<p><img class=\"alignnone size-full wp-image-216934\" src=\"https:\/\/www.werbewoche.ch\/wp-content\/uploads\/2024\/06\/Brand-Finance-2.jpg\" alt=\"\" width=\"1200\" height=\"699\" \/><\/p>","protected":false},"excerpt":{"rendered":"<p>Jedes Jahr stellt das Markenbewertungsunternehmen Brand Finance mehr als 5.000 der gr\u00f6ssten Marken auf den Pr\u00fcfstand und untersucht in einem eigenen Ranking dabei auch die wertvollsten Marken aus der Schweiz.\u00a0<\/p>\n","protected":false},"author":8,"featured_media":0,"comment_status":"closed","ping_status":"closed","sticky":false,"template":"","format":"standard","meta":{"_acf_changed":false,"_yoast_wpseo_focuskw":"Wertvollste Marken","_yoast_wpseo_metadesc":"Brand Finance Report 2024: Nestl\u00e9 bleibt an der Spitze. Ver\u00e4nderungen in den Top 10 der wertvollsten Schweizer Marken.","articlekey":"","footnotes":""},"categories":[29],"tags":[4273,2617],"class_list":["post-27884","post","type-post","status-publish","format-standard","hentry","category-marketing","tag-brand-finance","tag-marken"],"acf":[],"yoast_head":"<!-- This site is optimized with the Yoast SEO plugin v27.4 - https:\/\/yoast.com\/product\/yoast-seo-wordpress\/ -->\n<title>Brand Finance: Nestl\u00e9 verliert, bleibt aber wertvollste Marke - Organisator<\/title>\n<meta name=\"description\" content=\"Brand Finance Report 2024: Nestl\u00e9 bleibt an der Spitze. Ver\u00e4nderungen in den Top 10 der wertvollsten Schweizer Marken.\" \/>\n<meta name=\"robots\" content=\"index, follow, max-snippet:-1, max-image-preview:large, max-video-preview:-1\" \/>\n<link rel=\"canonical\" href=\"https:\/\/www.organisator.ch\/de\/marketing\/2024-06-20\/brand-finance-nestle-verliert-bleibt-aber-wertvollste-marke\/\" \/>\n<meta property=\"og:locale\" content=\"de_DE\" \/>\n<meta property=\"og:type\" content=\"article\" \/>\n<meta property=\"og:title\" content=\"Brand Finance: Nestl\u00e9 verliert, bleibt aber wertvollste Marke - Organisator\" \/>\n<meta property=\"og:description\" content=\"Brand Finance Report 2024: Nestl\u00e9 bleibt an der Spitze. Ver\u00e4nderungen in den Top 10 der wertvollsten Schweizer Marken.\" \/>\n<meta property=\"og:url\" content=\"https:\/\/www.organisator.ch\/de\/marketing\/2024-06-20\/brand-finance-nestle-verliert-bleibt-aber-wertvollste-marke\/\" \/>\n<meta property=\"og:site_name\" content=\"Organisator\" \/>\n<meta property=\"article:publisher\" content=\"https:\/\/www.facebook.com\/OrganisatorFachmagazin\" \/>\n<meta property=\"article:published_time\" content=\"2024-06-20T08:38:41+00:00\" \/>\n<meta property=\"article:modified_time\" content=\"2024-11-10T08:48:52+00:00\" \/>\n<meta property=\"og:image\" content=\"https:\/\/www.werbewoche.ch\/wp-content\/uploads\/2024\/06\/Brand-FInance-3.jpg\" \/>\n<meta name=\"author\" content=\"galledia\" \/>\n<meta name=\"twitter:card\" content=\"summary_large_image\" \/>\n<meta name=\"twitter:creator\" content=\"@admin\" \/>\n<script type=\"application\/ld+json\" class=\"yoast-schema-graph\">{\"@context\":\"https:\\\/\\\/schema.org\",\"@graph\":[{\"@type\":\"Article\",\"@id\":\"https:\\\/\\\/www.organisator.ch\\\/marketing\\\/2024-06-20\\\/brand-finance-nestle-verliert-bleibt-aber-wertvollste-marke\\\/#article\",\"isPartOf\":{\"@id\":\"https:\\\/\\\/www.organisator.ch\\\/marketing\\\/2024-06-20\\\/brand-finance-nestle-verliert-bleibt-aber-wertvollste-marke\\\/\"},\"author\":{\"name\":\"galledia\",\"@id\":\"https:\\\/\\\/www.organisator.ch\\\/#\\\/schema\\\/person\\\/4e51799071cd2dd1232ac003643ef5f0\"},\"headline\":\"Brand Finance: Nestl\u00e9 verliert, bleibt aber wertvollste Marke\",\"datePublished\":\"2024-06-20T08:38:41+00:00\",\"dateModified\":\"2024-11-10T08:48:52+00:00\",\"mainEntityOfPage\":{\"@id\":\"https:\\\/\\\/www.organisator.ch\\\/marketing\\\/2024-06-20\\\/brand-finance-nestle-verliert-bleibt-aber-wertvollste-marke\\\/\"},\"wordCount\":176,\"publisher\":{\"@id\":\"https:\\\/\\\/www.organisator.ch\\\/#organization\"},\"image\":{\"@id\":\"https:\\\/\\\/www.organisator.ch\\\/marketing\\\/2024-06-20\\\/brand-finance-nestle-verliert-bleibt-aber-wertvollste-marke\\\/#primaryimage\"},\"thumbnailUrl\":\"https:\\\/\\\/www.werbewoche.ch\\\/wp-content\\\/uploads\\\/2024\\\/06\\\/Brand-FInance-3.jpg\",\"keywords\":[\"Brand Finance\",\"Marken\"],\"articleSection\":[\"MARKETING\"],\"inLanguage\":\"de\"},{\"@type\":\"WebPage\",\"@id\":\"https:\\\/\\\/www.organisator.ch\\\/marketing\\\/2024-06-20\\\/brand-finance-nestle-verliert-bleibt-aber-wertvollste-marke\\\/\",\"url\":\"https:\\\/\\\/www.organisator.ch\\\/marketing\\\/2024-06-20\\\/brand-finance-nestle-verliert-bleibt-aber-wertvollste-marke\\\/\",\"name\":\"Brand Finance: Nestl\u00e9 verliert, bleibt aber wertvollste Marke - Organisator\",\"isPartOf\":{\"@id\":\"https:\\\/\\\/www.organisator.ch\\\/#website\"},\"primaryImageOfPage\":{\"@id\":\"https:\\\/\\\/www.organisator.ch\\\/marketing\\\/2024-06-20\\\/brand-finance-nestle-verliert-bleibt-aber-wertvollste-marke\\\/#primaryimage\"},\"image\":{\"@id\":\"https:\\\/\\\/www.organisator.ch\\\/marketing\\\/2024-06-20\\\/brand-finance-nestle-verliert-bleibt-aber-wertvollste-marke\\\/#primaryimage\"},\"thumbnailUrl\":\"https:\\\/\\\/www.werbewoche.ch\\\/wp-content\\\/uploads\\\/2024\\\/06\\\/Brand-FInance-3.jpg\",\"datePublished\":\"2024-06-20T08:38:41+00:00\",\"dateModified\":\"2024-11-10T08:48:52+00:00\",\"description\":\"Brand Finance Report 2024: Nestl\u00e9 bleibt an der Spitze. Ver\u00e4nderungen in den Top 10 der wertvollsten Schweizer Marken.\",\"breadcrumb\":{\"@id\":\"https:\\\/\\\/www.organisator.ch\\\/marketing\\\/2024-06-20\\\/brand-finance-nestle-verliert-bleibt-aber-wertvollste-marke\\\/#breadcrumb\"},\"inLanguage\":\"de\",\"potentialAction\":[{\"@type\":\"ReadAction\",\"target\":[\"https:\\\/\\\/www.organisator.ch\\\/marketing\\\/2024-06-20\\\/brand-finance-nestle-verliert-bleibt-aber-wertvollste-marke\\\/\"]}]},{\"@type\":\"ImageObject\",\"inLanguage\":\"de\",\"@id\":\"https:\\\/\\\/www.organisator.ch\\\/marketing\\\/2024-06-20\\\/brand-finance-nestle-verliert-bleibt-aber-wertvollste-marke\\\/#primaryimage\",\"url\":\"https:\\\/\\\/www.werbewoche.ch\\\/wp-content\\\/uploads\\\/2024\\\/06\\\/Brand-FInance-3.jpg\",\"contentUrl\":\"https:\\\/\\\/www.werbewoche.ch\\\/wp-content\\\/uploads\\\/2024\\\/06\\\/Brand-FInance-3.jpg\"},{\"@type\":\"BreadcrumbList\",\"@id\":\"https:\\\/\\\/www.organisator.ch\\\/marketing\\\/2024-06-20\\\/brand-finance-nestle-verliert-bleibt-aber-wertvollste-marke\\\/#breadcrumb\",\"itemListElement\":[{\"@type\":\"ListItem\",\"position\":1,\"name\":\"Home\",\"item\":\"https:\\\/\\\/www.organisator.ch\\\/\"},{\"@type\":\"ListItem\",\"position\":2,\"name\":\"Brand Finance: Nestl\u00e9 verliert, bleibt aber wertvollste Marke\"}]},{\"@type\":\"WebSite\",\"@id\":\"https:\\\/\\\/www.organisator.ch\\\/#website\",\"url\":\"https:\\\/\\\/www.organisator.ch\\\/\",\"name\":\"Organisator\",\"description\":\"Kompetent. Praxisnah. Der ORGANISATOR bereitet in 10 Ausgaben pro Jahr die wesentlichen Themen f\u00fcr F\u00fchrungskr\u00e4fte von KMU auf.\",\"publisher\":{\"@id\":\"https:\\\/\\\/www.organisator.ch\\\/#organization\"},\"potentialAction\":[{\"@type\":\"SearchAction\",\"target\":{\"@type\":\"EntryPoint\",\"urlTemplate\":\"https:\\\/\\\/www.organisator.ch\\\/?s={search_term_string}\"},\"query-input\":{\"@type\":\"PropertyValueSpecification\",\"valueRequired\":true,\"valueName\":\"search_term_string\"}}],\"inLanguage\":\"de\"},{\"@type\":\"Organization\",\"@id\":\"https:\\\/\\\/www.organisator.ch\\\/#organization\",\"name\":\"Organisator\",\"url\":\"https:\\\/\\\/www.organisator.ch\\\/\",\"logo\":{\"@type\":\"ImageObject\",\"inLanguage\":\"de\",\"@id\":\"https:\\\/\\\/www.organisator.ch\\\/#\\\/schema\\\/logo\\\/image\\\/\",\"url\":\"https:\\\/\\\/www.organisator.ch\\\/wp-content\\\/uploads\\\/2022\\\/01\\\/Logo_Organisator_Website.png\",\"contentUrl\":\"https:\\\/\\\/www.organisator.ch\\\/wp-content\\\/uploads\\\/2022\\\/01\\\/Logo_Organisator_Website.png\",\"width\":800,\"height\":77,\"caption\":\"Organisator\"},\"image\":{\"@id\":\"https:\\\/\\\/www.organisator.ch\\\/#\\\/schema\\\/logo\\\/image\\\/\"},\"sameAs\":[\"https:\\\/\\\/www.facebook.com\\\/OrganisatorFachmagazin\",\"https:\\\/\\\/www.linkedin.com\\\/showcase\\\/organisator-das-magazin-fr-kmu\",\"https:\\\/\\\/www.xing.com\\\/news\\\/pages\\\/organisator-ch-695\",\"https:\\\/\\\/www.youtube.com\\\/channel\\\/UCGP2Sq0iWaZwT3BdIAQFYpw\"]},{\"@type\":\"Person\",\"@id\":\"https:\\\/\\\/www.organisator.ch\\\/#\\\/schema\\\/person\\\/4e51799071cd2dd1232ac003643ef5f0\",\"name\":\"galledia\",\"image\":{\"@type\":\"ImageObject\",\"inLanguage\":\"de\",\"@id\":\"https:\\\/\\\/secure.gravatar.com\\\/avatar\\\/78a7f90c01fc2bfc875782a0d4922b37cde2cf184ce347b91316d23cd7f69a36?s=96&d=mm&r=g\",\"url\":\"https:\\\/\\\/secure.gravatar.com\\\/avatar\\\/78a7f90c01fc2bfc875782a0d4922b37cde2cf184ce347b91316d23cd7f69a36?s=96&d=mm&r=g\",\"contentUrl\":\"https:\\\/\\\/secure.gravatar.com\\\/avatar\\\/78a7f90c01fc2bfc875782a0d4922b37cde2cf184ce347b91316d23cd7f69a36?s=96&d=mm&r=g\",\"caption\":\"galledia\"},\"sameAs\":[\"https:\\\/\\\/x.com\\\/admin\"],\"url\":\"https:\\\/\\\/www.organisator.ch\\\/de\\\/author\\\/galledia\\\/\"}]}<\/script>\n<!-- \/ Yoast SEO plugin. -->","yoast_head_json":{"title":"Brand Finance: Nestl\u00e9 verliert, bleibt aber wertvollste Marke - Organisator","description":"Brand Finance Report 2024: Nestl\u00e9 bleibt an der Spitze. Ver\u00e4nderungen in den Top 10 der wertvollsten Schweizer Marken.","robots":{"index":"index","follow":"follow","max-snippet":"max-snippet:-1","max-image-preview":"max-image-preview:large","max-video-preview":"max-video-preview:-1"},"canonical":"https:\/\/www.organisator.ch\/de\/marketing\/2024-06-20\/brand-finance-nestle-verliert-bleibt-aber-wertvollste-marke\/","og_locale":"de_DE","og_type":"article","og_title":"Brand Finance: Nestl\u00e9 verliert, bleibt aber wertvollste Marke - Organisator","og_description":"Brand Finance Report 2024: Nestl\u00e9 bleibt an der Spitze. Ver\u00e4nderungen in den Top 10 der wertvollsten Schweizer Marken.","og_url":"https:\/\/www.organisator.ch\/de\/marketing\/2024-06-20\/brand-finance-nestle-verliert-bleibt-aber-wertvollste-marke\/","og_site_name":"Organisator","article_publisher":"https:\/\/www.facebook.com\/OrganisatorFachmagazin","article_published_time":"2024-06-20T08:38:41+00:00","article_modified_time":"2024-11-10T08:48:52+00:00","og_image":[{"url":"https:\/\/www.werbewoche.ch\/wp-content\/uploads\/2024\/06\/Brand-FInance-3.jpg","type":"","width":"","height":""}],"author":"galledia","twitter_card":"summary_large_image","twitter_creator":"@admin","schema":{"@context":"https:\/\/schema.org","@graph":[{"@type":"Article","@id":"https:\/\/www.organisator.ch\/marketing\/2024-06-20\/brand-finance-nestle-verliert-bleibt-aber-wertvollste-marke\/#article","isPartOf":{"@id":"https:\/\/www.organisator.ch\/marketing\/2024-06-20\/brand-finance-nestle-verliert-bleibt-aber-wertvollste-marke\/"},"author":{"name":"galledia","@id":"https:\/\/www.organisator.ch\/#\/schema\/person\/4e51799071cd2dd1232ac003643ef5f0"},"headline":"Brand Finance: Nestl\u00e9 verliert, bleibt aber wertvollste Marke","datePublished":"2024-06-20T08:38:41+00:00","dateModified":"2024-11-10T08:48:52+00:00","mainEntityOfPage":{"@id":"https:\/\/www.organisator.ch\/marketing\/2024-06-20\/brand-finance-nestle-verliert-bleibt-aber-wertvollste-marke\/"},"wordCount":176,"publisher":{"@id":"https:\/\/www.organisator.ch\/#organization"},"image":{"@id":"https:\/\/www.organisator.ch\/marketing\/2024-06-20\/brand-finance-nestle-verliert-bleibt-aber-wertvollste-marke\/#primaryimage"},"thumbnailUrl":"https:\/\/www.werbewoche.ch\/wp-content\/uploads\/2024\/06\/Brand-FInance-3.jpg","keywords":["Brand Finance","Marken"],"articleSection":["MARKETING"],"inLanguage":"de"},{"@type":"WebPage","@id":"https:\/\/www.organisator.ch\/marketing\/2024-06-20\/brand-finance-nestle-verliert-bleibt-aber-wertvollste-marke\/","url":"https:\/\/www.organisator.ch\/marketing\/2024-06-20\/brand-finance-nestle-verliert-bleibt-aber-wertvollste-marke\/","name":"Brand Finance: Nestl\u00e9 verliert, bleibt aber wertvollste Marke - Organisator","isPartOf":{"@id":"https:\/\/www.organisator.ch\/#website"},"primaryImageOfPage":{"@id":"https:\/\/www.organisator.ch\/marketing\/2024-06-20\/brand-finance-nestle-verliert-bleibt-aber-wertvollste-marke\/#primaryimage"},"image":{"@id":"https:\/\/www.organisator.ch\/marketing\/2024-06-20\/brand-finance-nestle-verliert-bleibt-aber-wertvollste-marke\/#primaryimage"},"thumbnailUrl":"https:\/\/www.werbewoche.ch\/wp-content\/uploads\/2024\/06\/Brand-FInance-3.jpg","datePublished":"2024-06-20T08:38:41+00:00","dateModified":"2024-11-10T08:48:52+00:00","description":"Brand Finance Report 2024: Nestl\u00e9 bleibt an der Spitze. Ver\u00e4nderungen in den Top 10 der wertvollsten Schweizer Marken.","breadcrumb":{"@id":"https:\/\/www.organisator.ch\/marketing\/2024-06-20\/brand-finance-nestle-verliert-bleibt-aber-wertvollste-marke\/#breadcrumb"},"inLanguage":"de","potentialAction":[{"@type":"ReadAction","target":["https:\/\/www.organisator.ch\/marketing\/2024-06-20\/brand-finance-nestle-verliert-bleibt-aber-wertvollste-marke\/"]}]},{"@type":"ImageObject","inLanguage":"de","@id":"https:\/\/www.organisator.ch\/marketing\/2024-06-20\/brand-finance-nestle-verliert-bleibt-aber-wertvollste-marke\/#primaryimage","url":"https:\/\/www.werbewoche.ch\/wp-content\/uploads\/2024\/06\/Brand-FInance-3.jpg","contentUrl":"https:\/\/www.werbewoche.ch\/wp-content\/uploads\/2024\/06\/Brand-FInance-3.jpg"},{"@type":"BreadcrumbList","@id":"https:\/\/www.organisator.ch\/marketing\/2024-06-20\/brand-finance-nestle-verliert-bleibt-aber-wertvollste-marke\/#breadcrumb","itemListElement":[{"@type":"ListItem","position":1,"name":"Home","item":"https:\/\/www.organisator.ch\/"},{"@type":"ListItem","position":2,"name":"Brand Finance: Nestl\u00e9 verliert, bleibt aber wertvollste Marke"}]},{"@type":"WebSite","@id":"https:\/\/www.organisator.ch\/#website","url":"https:\/\/www.organisator.ch\/","name":"Organisator","description":"Kompetent. Praxisnah. Der ORGANISATOR bereitet in 10 Ausgaben pro Jahr die wesentlichen Themen f\u00fcr F\u00fchrungskr\u00e4fte von KMU auf.","publisher":{"@id":"https:\/\/www.organisator.ch\/#organization"},"potentialAction":[{"@type":"SearchAction","target":{"@type":"EntryPoint","urlTemplate":"https:\/\/www.organisator.ch\/?s={search_term_string}"},"query-input":{"@type":"PropertyValueSpecification","valueRequired":true,"valueName":"search_term_string"}}],"inLanguage":"de"},{"@type":"Organization","@id":"https:\/\/www.organisator.ch\/#organization","name":"Organisator","url":"https:\/\/www.organisator.ch\/","logo":{"@type":"ImageObject","inLanguage":"de","@id":"https:\/\/www.organisator.ch\/#\/schema\/logo\/image\/","url":"https:\/\/www.organisator.ch\/wp-content\/uploads\/2022\/01\/Logo_Organisator_Website.png","contentUrl":"https:\/\/www.organisator.ch\/wp-content\/uploads\/2022\/01\/Logo_Organisator_Website.png","width":800,"height":77,"caption":"Organisator"},"image":{"@id":"https:\/\/www.organisator.ch\/#\/schema\/logo\/image\/"},"sameAs":["https:\/\/www.facebook.com\/OrganisatorFachmagazin","https:\/\/www.linkedin.com\/showcase\/organisator-das-magazin-fr-kmu","https:\/\/www.xing.com\/news\/pages\/organisator-ch-695","https:\/\/www.youtube.com\/channel\/UCGP2Sq0iWaZwT3BdIAQFYpw"]},{"@type":"Person","@id":"https:\/\/www.organisator.ch\/#\/schema\/person\/4e51799071cd2dd1232ac003643ef5f0","name":"galledia","image":{"@type":"ImageObject","inLanguage":"de","@id":"https:\/\/secure.gravatar.com\/avatar\/78a7f90c01fc2bfc875782a0d4922b37cde2cf184ce347b91316d23cd7f69a36?s=96&d=mm&r=g","url":"https:\/\/secure.gravatar.com\/avatar\/78a7f90c01fc2bfc875782a0d4922b37cde2cf184ce347b91316d23cd7f69a36?s=96&d=mm&r=g","contentUrl":"https:\/\/secure.gravatar.com\/avatar\/78a7f90c01fc2bfc875782a0d4922b37cde2cf184ce347b91316d23cd7f69a36?s=96&d=mm&r=g","caption":"galledia"},"sameAs":["https:\/\/x.com\/admin"],"url":"https:\/\/www.organisator.ch\/de\/author\/galledia\/"}]}},"_links":{"self":[{"href":"https:\/\/www.organisator.ch\/de\/wp-json\/wp\/v2\/posts\/27884","targetHints":{"allow":["GET"]}}],"collection":[{"href":"https:\/\/www.organisator.ch\/de\/wp-json\/wp\/v2\/posts"}],"about":[{"href":"https:\/\/www.organisator.ch\/de\/wp-json\/wp\/v2\/types\/post"}],"author":[{"embeddable":true,"href":"https:\/\/www.organisator.ch\/de\/wp-json\/wp\/v2\/users\/8"}],"replies":[{"embeddable":true,"href":"https:\/\/www.organisator.ch\/de\/wp-json\/wp\/v2\/comments?post=27884"}],"version-history":[{"count":5,"href":"https:\/\/www.organisator.ch\/de\/wp-json\/wp\/v2\/posts\/27884\/revisions"}],"predecessor-version":[{"id":32173,"href":"https:\/\/www.organisator.ch\/de\/wp-json\/wp\/v2\/posts\/27884\/revisions\/32173"}],"wp:attachment":[{"href":"https:\/\/www.organisator.ch\/de\/wp-json\/wp\/v2\/media?parent=27884"}],"wp:term":[{"taxonomy":"category","embeddable":true,"href":"https:\/\/www.organisator.ch\/de\/wp-json\/wp\/v2\/categories?post=27884"},{"taxonomy":"post_tag","embeddable":true,"href":"https:\/\/www.organisator.ch\/de\/wp-json\/wp\/v2\/tags?post=27884"}],"curies":[{"name":"wp","href":"https:\/\/api.w.org\/{rel}","templated":true}]}}