{"id":27886,"date":"2024-06-20T10:27:37","date_gmt":"2024-06-20T08:27:37","guid":{"rendered":"https:\/\/www.werbewoche.ch\/?p=216927"},"modified":"2024-11-10T09:54:08","modified_gmt":"2024-11-10T08:54:08","slug":"jim-jim-jugendliche-lesen-news-auf-social-media","status":"publish","type":"post","link":"https:\/\/www.organisator.ch\/de\/marketing\/2024-06-20\/jim-jim-jugendliche-lesen-news-auf-social-media\/","title":{"rendered":"Jim &amp; Jim: Jugendliche lesen News auf Social Media"},"content":{"rendered":"<p><img class=\"alignnone wp-image-216931 size-full\" src=\"https:\/\/www.werbewoche.ch\/wp-content\/uploads\/2024\/06\/Jim3.jpg\" alt=\"junge Generation \" width=\"1200\" height=\"675\" \/>Die sogenannte Hyperdigitalisierung konfrontiert uns mit unterschiedlichen Herausforderungen sowie Chancen. Die jungen Generationen und damit die sogenannten Hyperconnected Customers sind in diese \u00c4ra hineingeboren und stellen sich den laufenden Ver\u00e4nderungen. Doch was macht die Konsument:innen von heute aus und auf welche grundlegenden Verhaltensmuster oder Bed\u00fcrfnisse muss sich eine Marke achten?<\/p>\r\n<p>Eine neue Studie von Jim &amp; Jim und 20 Minuten liefert Antworten. Danach scheint die junge Generation mit einer zuversichtlichen Gef\u00fchlslage durchs Leben zu gehen, wobei dieser jugendliche Optimismus sehr oberfl\u00e4chlich zu sein scheint. Themen wie die aktuell inflation\u00e4re Wirtschaftslage, der teure Wohnraum oder die Schwierigkeit, sich finanziell abzusichern, bereiten den Jungen allt\u00e4gliche Bauchschmerzen sowie Zukunfts\u00e4ngste. So gaben \u00fcber die H\u00e4lfte der Studienteilnehmenden an, dass Arbeit nebst der pers\u00f6nlichen Entwicklung vor allem der Existenzsicherung dienen soll. Trotz einiger Faktoren, die den jungen Schweizer:innen Sorgen bereiten, erscheint das Stimmungsbarometer positiver als bei den deutschen und \u00f6sterreichischen Nachbarn auszufallen. Auch zum Thema Nachhaltigkeit wurden die Jugendlichen befragt:<\/p>\r\n<p><img class=\"alignnone size-full wp-image-216930\" src=\"https:\/\/www.werbewoche.ch\/wp-content\/uploads\/2024\/06\/Jim2-scaled.jpg\" alt=\"\" width=\"911\" height=\"1400\" \/><\/p>\r\n<h3>Instagram bleibt beliebteste Social-Media-Plattform<\/h3>\r\n<p>Nachrichten werden von der jungen Generation vermehrt \u00fcber die Sozialen Medien konsumiert. Instagram z\u00e4hlt mit einem Anteil von 37 Prozent aller Befragten zum absoluten Favoriten, gefolgt von den klassischen News-Apps mit 22\u00a0 und Snapchat mit 15 Prozent. Der unkomplizierte Konsum von Inhalten ist dabei Voraussetzung. So l\u00e4sst sich schlussfolgern, dass heutzutage eine Omnipr\u00e4senz auf Social-Media-Plattformen oder anderen digitalen Kan\u00e4len erwartet wird. Klassische Formate wie bspw. eine Zeitung oder das Radio werden zwar weniger h\u00e4ufig konsumiert als Social Media, werden aber von der jungen Zielgruppe f\u00fcr informationsreichere oder seri\u00f6sere Kan\u00e4le gehalten.<\/p>\r\n<p><img class=\"alignnone size-full wp-image-216929\" src=\"https:\/\/www.werbewoche.ch\/wp-content\/uploads\/2024\/06\/Jim-scaled.jpg\" alt=\"\" width=\"1048\" height=\"1400\" \/><\/p>","protected":false},"excerpt":{"rendered":"<p>Junge Menschen kennen die Digitalisierung von klein auf. Doch was heisst das f\u00fcr Marken &#8211; und wie erreichen sie die Gen Z heute noch? Das zeigt eine neue Studie von Jim &amp; Jim und 20 Minuten.<\/p>\n","protected":false},"author":8,"featured_media":0,"comment_status":"closed","ping_status":"closed","sticky":false,"template":"","format":"standard","meta":{"_acf_changed":false,"_yoast_wpseo_focuskw":"junge Generation","_yoast_wpseo_metadesc":"Studie: Junge Generation in Hyperdigitalisierung mit Herausforderungen. Instagram beliebteste Social-Media-Plattform.","articlekey":"","footnotes":""},"categories":[29],"tags":[3566,3429,341],"class_list":["post-27886","post","type-post","status-publish","format-standard","hentry","category-marketing","tag-gen-z","tag-jim-jim","tag-marktforschung"],"acf":[],"yoast_head":"<!-- This site is optimized with the Yoast SEO plugin v27.5 - https:\/\/yoast.com\/product\/yoast-seo-wordpress\/ -->\n<title>Jim &amp; Jim: Jugendliche lesen News auf Social Media - Organisator<\/title>\n<meta name=\"description\" content=\"Studie: Junge Generation in Hyperdigitalisierung mit Herausforderungen. Instagram beliebteste Social-Media-Plattform.\" \/>\n<meta name=\"robots\" content=\"index, follow, max-snippet:-1, max-image-preview:large, max-video-preview:-1\" \/>\n<link rel=\"canonical\" href=\"https:\/\/www.organisator.ch\/de\/marketing\/2024-06-20\/jim-jim-jugendliche-lesen-news-auf-social-media\/\" \/>\n<meta property=\"og:locale\" content=\"de_DE\" \/>\n<meta property=\"og:type\" content=\"article\" \/>\n<meta property=\"og:title\" content=\"Jim &amp; Jim: Jugendliche lesen News auf Social Media - Organisator\" \/>\n<meta property=\"og:description\" content=\"Studie: Junge Generation in Hyperdigitalisierung mit Herausforderungen. Instagram beliebteste Social-Media-Plattform.\" \/>\n<meta property=\"og:url\" content=\"https:\/\/www.organisator.ch\/de\/marketing\/2024-06-20\/jim-jim-jugendliche-lesen-news-auf-social-media\/\" \/>\n<meta property=\"og:site_name\" content=\"Organisator\" \/>\n<meta property=\"article:publisher\" content=\"https:\/\/www.facebook.com\/OrganisatorFachmagazin\" \/>\n<meta property=\"article:published_time\" content=\"2024-06-20T08:27:37+00:00\" \/>\n<meta property=\"article:modified_time\" content=\"2024-11-10T08:54:08+00:00\" \/>\n<meta property=\"og:image\" content=\"https:\/\/www.werbewoche.ch\/wp-content\/uploads\/2024\/06\/Jim3.jpg\" \/>\n<meta name=\"author\" content=\"galledia\" \/>\n<meta name=\"twitter:card\" content=\"summary_large_image\" \/>\n<meta name=\"twitter:creator\" content=\"@admin\" \/>\n<script type=\"application\/ld+json\" class=\"yoast-schema-graph\">{\"@context\":\"https:\\\/\\\/schema.org\",\"@graph\":[{\"@type\":\"Article\",\"@id\":\"https:\\\/\\\/www.organisator.ch\\\/marketing\\\/2024-06-20\\\/jim-jim-jugendliche-lesen-news-auf-social-media\\\/#article\",\"isPartOf\":{\"@id\":\"https:\\\/\\\/www.organisator.ch\\\/marketing\\\/2024-06-20\\\/jim-jim-jugendliche-lesen-news-auf-social-media\\\/\"},\"author\":{\"name\":\"galledia\",\"@id\":\"https:\\\/\\\/www.organisator.ch\\\/#\\\/schema\\\/person\\\/4e51799071cd2dd1232ac003643ef5f0\"},\"headline\":\"Jim &amp; Jim: Jugendliche lesen News auf Social Media\",\"datePublished\":\"2024-06-20T08:27:37+00:00\",\"dateModified\":\"2024-11-10T08:54:08+00:00\",\"mainEntityOfPage\":{\"@id\":\"https:\\\/\\\/www.organisator.ch\\\/marketing\\\/2024-06-20\\\/jim-jim-jugendliche-lesen-news-auf-social-media\\\/\"},\"wordCount\":273,\"publisher\":{\"@id\":\"https:\\\/\\\/www.organisator.ch\\\/#organization\"},\"image\":{\"@id\":\"https:\\\/\\\/www.organisator.ch\\\/marketing\\\/2024-06-20\\\/jim-jim-jugendliche-lesen-news-auf-social-media\\\/#primaryimage\"},\"thumbnailUrl\":\"https:\\\/\\\/www.werbewoche.ch\\\/wp-content\\\/uploads\\\/2024\\\/06\\\/Jim3.jpg\",\"keywords\":[\"Gen Z\",\"Jim &amp; Jim\",\"Marktforschung\"],\"articleSection\":[\"MARKETING\"],\"inLanguage\":\"de\"},{\"@type\":\"WebPage\",\"@id\":\"https:\\\/\\\/www.organisator.ch\\\/marketing\\\/2024-06-20\\\/jim-jim-jugendliche-lesen-news-auf-social-media\\\/\",\"url\":\"https:\\\/\\\/www.organisator.ch\\\/marketing\\\/2024-06-20\\\/jim-jim-jugendliche-lesen-news-auf-social-media\\\/\",\"name\":\"Jim &amp; Jim: Jugendliche lesen News auf Social Media - Organisator\",\"isPartOf\":{\"@id\":\"https:\\\/\\\/www.organisator.ch\\\/#website\"},\"primaryImageOfPage\":{\"@id\":\"https:\\\/\\\/www.organisator.ch\\\/marketing\\\/2024-06-20\\\/jim-jim-jugendliche-lesen-news-auf-social-media\\\/#primaryimage\"},\"image\":{\"@id\":\"https:\\\/\\\/www.organisator.ch\\\/marketing\\\/2024-06-20\\\/jim-jim-jugendliche-lesen-news-auf-social-media\\\/#primaryimage\"},\"thumbnailUrl\":\"https:\\\/\\\/www.werbewoche.ch\\\/wp-content\\\/uploads\\\/2024\\\/06\\\/Jim3.jpg\",\"datePublished\":\"2024-06-20T08:27:37+00:00\",\"dateModified\":\"2024-11-10T08:54:08+00:00\",\"description\":\"Studie: Junge Generation in Hyperdigitalisierung mit Herausforderungen. Instagram beliebteste Social-Media-Plattform.\",\"breadcrumb\":{\"@id\":\"https:\\\/\\\/www.organisator.ch\\\/marketing\\\/2024-06-20\\\/jim-jim-jugendliche-lesen-news-auf-social-media\\\/#breadcrumb\"},\"inLanguage\":\"de\",\"potentialAction\":[{\"@type\":\"ReadAction\",\"target\":[\"https:\\\/\\\/www.organisator.ch\\\/marketing\\\/2024-06-20\\\/jim-jim-jugendliche-lesen-news-auf-social-media\\\/\"]}]},{\"@type\":\"ImageObject\",\"inLanguage\":\"de\",\"@id\":\"https:\\\/\\\/www.organisator.ch\\\/marketing\\\/2024-06-20\\\/jim-jim-jugendliche-lesen-news-auf-social-media\\\/#primaryimage\",\"url\":\"https:\\\/\\\/www.werbewoche.ch\\\/wp-content\\\/uploads\\\/2024\\\/06\\\/Jim3.jpg\",\"contentUrl\":\"https:\\\/\\\/www.werbewoche.ch\\\/wp-content\\\/uploads\\\/2024\\\/06\\\/Jim3.jpg\"},{\"@type\":\"BreadcrumbList\",\"@id\":\"https:\\\/\\\/www.organisator.ch\\\/marketing\\\/2024-06-20\\\/jim-jim-jugendliche-lesen-news-auf-social-media\\\/#breadcrumb\",\"itemListElement\":[{\"@type\":\"ListItem\",\"position\":1,\"name\":\"Home\",\"item\":\"https:\\\/\\\/www.organisator.ch\\\/\"},{\"@type\":\"ListItem\",\"position\":2,\"name\":\"Jim &amp; Jim: Jugendliche lesen News auf Social Media\"}]},{\"@type\":\"WebSite\",\"@id\":\"https:\\\/\\\/www.organisator.ch\\\/#website\",\"url\":\"https:\\\/\\\/www.organisator.ch\\\/\",\"name\":\"Organisator\",\"description\":\"Kompetent. Praxisnah. Der ORGANISATOR bereitet in 10 Ausgaben pro Jahr die wesentlichen Themen f\u00fcr F\u00fchrungskr\u00e4fte von KMU auf.\",\"publisher\":{\"@id\":\"https:\\\/\\\/www.organisator.ch\\\/#organization\"},\"potentialAction\":[{\"@type\":\"SearchAction\",\"target\":{\"@type\":\"EntryPoint\",\"urlTemplate\":\"https:\\\/\\\/www.organisator.ch\\\/?s={search_term_string}\"},\"query-input\":{\"@type\":\"PropertyValueSpecification\",\"valueRequired\":true,\"valueName\":\"search_term_string\"}}],\"inLanguage\":\"de\"},{\"@type\":\"Organization\",\"@id\":\"https:\\\/\\\/www.organisator.ch\\\/#organization\",\"name\":\"Organisator\",\"url\":\"https:\\\/\\\/www.organisator.ch\\\/\",\"logo\":{\"@type\":\"ImageObject\",\"inLanguage\":\"de\",\"@id\":\"https:\\\/\\\/www.organisator.ch\\\/#\\\/schema\\\/logo\\\/image\\\/\",\"url\":\"https:\\\/\\\/www.organisator.ch\\\/wp-content\\\/uploads\\\/2022\\\/01\\\/Logo_Organisator_Website.png\",\"contentUrl\":\"https:\\\/\\\/www.organisator.ch\\\/wp-content\\\/uploads\\\/2022\\\/01\\\/Logo_Organisator_Website.png\",\"width\":800,\"height\":77,\"caption\":\"Organisator\"},\"image\":{\"@id\":\"https:\\\/\\\/www.organisator.ch\\\/#\\\/schema\\\/logo\\\/image\\\/\"},\"sameAs\":[\"https:\\\/\\\/www.facebook.com\\\/OrganisatorFachmagazin\",\"https:\\\/\\\/www.linkedin.com\\\/showcase\\\/organisator-das-magazin-fr-kmu\",\"https:\\\/\\\/www.xing.com\\\/news\\\/pages\\\/organisator-ch-695\",\"https:\\\/\\\/www.youtube.com\\\/channel\\\/UCGP2Sq0iWaZwT3BdIAQFYpw\"]},{\"@type\":\"Person\",\"@id\":\"https:\\\/\\\/www.organisator.ch\\\/#\\\/schema\\\/person\\\/4e51799071cd2dd1232ac003643ef5f0\",\"name\":\"galledia\",\"image\":{\"@type\":\"ImageObject\",\"inLanguage\":\"de\",\"@id\":\"https:\\\/\\\/secure.gravatar.com\\\/avatar\\\/78a7f90c01fc2bfc875782a0d4922b37cde2cf184ce347b91316d23cd7f69a36?s=96&d=mm&r=g\",\"url\":\"https:\\\/\\\/secure.gravatar.com\\\/avatar\\\/78a7f90c01fc2bfc875782a0d4922b37cde2cf184ce347b91316d23cd7f69a36?s=96&d=mm&r=g\",\"contentUrl\":\"https:\\\/\\\/secure.gravatar.com\\\/avatar\\\/78a7f90c01fc2bfc875782a0d4922b37cde2cf184ce347b91316d23cd7f69a36?s=96&d=mm&r=g\",\"caption\":\"galledia\"},\"sameAs\":[\"https:\\\/\\\/x.com\\\/admin\"],\"url\":\"https:\\\/\\\/www.organisator.ch\\\/de\\\/author\\\/galledia\\\/\"}]}<\/script>\n<!-- \/ Yoast SEO plugin. -->","yoast_head_json":{"title":"Jim &amp; Jim: Jugendliche lesen News auf Social Media - Organisator","description":"Studie: Junge Generation in Hyperdigitalisierung mit Herausforderungen. Instagram beliebteste Social-Media-Plattform.","robots":{"index":"index","follow":"follow","max-snippet":"max-snippet:-1","max-image-preview":"max-image-preview:large","max-video-preview":"max-video-preview:-1"},"canonical":"https:\/\/www.organisator.ch\/de\/marketing\/2024-06-20\/jim-jim-jugendliche-lesen-news-auf-social-media\/","og_locale":"de_DE","og_type":"article","og_title":"Jim &amp; Jim: Jugendliche lesen News auf Social Media - Organisator","og_description":"Studie: Junge Generation in Hyperdigitalisierung mit Herausforderungen. Instagram beliebteste Social-Media-Plattform.","og_url":"https:\/\/www.organisator.ch\/de\/marketing\/2024-06-20\/jim-jim-jugendliche-lesen-news-auf-social-media\/","og_site_name":"Organisator","article_publisher":"https:\/\/www.facebook.com\/OrganisatorFachmagazin","article_published_time":"2024-06-20T08:27:37+00:00","article_modified_time":"2024-11-10T08:54:08+00:00","og_image":[{"url":"https:\/\/www.werbewoche.ch\/wp-content\/uploads\/2024\/06\/Jim3.jpg","type":"","width":"","height":""}],"author":"galledia","twitter_card":"summary_large_image","twitter_creator":"@admin","schema":{"@context":"https:\/\/schema.org","@graph":[{"@type":"Article","@id":"https:\/\/www.organisator.ch\/marketing\/2024-06-20\/jim-jim-jugendliche-lesen-news-auf-social-media\/#article","isPartOf":{"@id":"https:\/\/www.organisator.ch\/marketing\/2024-06-20\/jim-jim-jugendliche-lesen-news-auf-social-media\/"},"author":{"name":"galledia","@id":"https:\/\/www.organisator.ch\/#\/schema\/person\/4e51799071cd2dd1232ac003643ef5f0"},"headline":"Jim &amp; Jim: Jugendliche lesen News auf Social Media","datePublished":"2024-06-20T08:27:37+00:00","dateModified":"2024-11-10T08:54:08+00:00","mainEntityOfPage":{"@id":"https:\/\/www.organisator.ch\/marketing\/2024-06-20\/jim-jim-jugendliche-lesen-news-auf-social-media\/"},"wordCount":273,"publisher":{"@id":"https:\/\/www.organisator.ch\/#organization"},"image":{"@id":"https:\/\/www.organisator.ch\/marketing\/2024-06-20\/jim-jim-jugendliche-lesen-news-auf-social-media\/#primaryimage"},"thumbnailUrl":"https:\/\/www.werbewoche.ch\/wp-content\/uploads\/2024\/06\/Jim3.jpg","keywords":["Gen Z","Jim &amp; Jim","Marktforschung"],"articleSection":["MARKETING"],"inLanguage":"de"},{"@type":"WebPage","@id":"https:\/\/www.organisator.ch\/marketing\/2024-06-20\/jim-jim-jugendliche-lesen-news-auf-social-media\/","url":"https:\/\/www.organisator.ch\/marketing\/2024-06-20\/jim-jim-jugendliche-lesen-news-auf-social-media\/","name":"Jim &amp; Jim: Jugendliche lesen News auf Social Media - Organisator","isPartOf":{"@id":"https:\/\/www.organisator.ch\/#website"},"primaryImageOfPage":{"@id":"https:\/\/www.organisator.ch\/marketing\/2024-06-20\/jim-jim-jugendliche-lesen-news-auf-social-media\/#primaryimage"},"image":{"@id":"https:\/\/www.organisator.ch\/marketing\/2024-06-20\/jim-jim-jugendliche-lesen-news-auf-social-media\/#primaryimage"},"thumbnailUrl":"https:\/\/www.werbewoche.ch\/wp-content\/uploads\/2024\/06\/Jim3.jpg","datePublished":"2024-06-20T08:27:37+00:00","dateModified":"2024-11-10T08:54:08+00:00","description":"Studie: Junge Generation in Hyperdigitalisierung mit Herausforderungen. Instagram beliebteste Social-Media-Plattform.","breadcrumb":{"@id":"https:\/\/www.organisator.ch\/marketing\/2024-06-20\/jim-jim-jugendliche-lesen-news-auf-social-media\/#breadcrumb"},"inLanguage":"de","potentialAction":[{"@type":"ReadAction","target":["https:\/\/www.organisator.ch\/marketing\/2024-06-20\/jim-jim-jugendliche-lesen-news-auf-social-media\/"]}]},{"@type":"ImageObject","inLanguage":"de","@id":"https:\/\/www.organisator.ch\/marketing\/2024-06-20\/jim-jim-jugendliche-lesen-news-auf-social-media\/#primaryimage","url":"https:\/\/www.werbewoche.ch\/wp-content\/uploads\/2024\/06\/Jim3.jpg","contentUrl":"https:\/\/www.werbewoche.ch\/wp-content\/uploads\/2024\/06\/Jim3.jpg"},{"@type":"BreadcrumbList","@id":"https:\/\/www.organisator.ch\/marketing\/2024-06-20\/jim-jim-jugendliche-lesen-news-auf-social-media\/#breadcrumb","itemListElement":[{"@type":"ListItem","position":1,"name":"Home","item":"https:\/\/www.organisator.ch\/"},{"@type":"ListItem","position":2,"name":"Jim &amp; Jim: Jugendliche lesen News auf Social Media"}]},{"@type":"WebSite","@id":"https:\/\/www.organisator.ch\/#website","url":"https:\/\/www.organisator.ch\/","name":"Organisator","description":"Kompetent. Praxisnah. Der ORGANISATOR bereitet in 10 Ausgaben pro Jahr die wesentlichen Themen f\u00fcr F\u00fchrungskr\u00e4fte von KMU auf.","publisher":{"@id":"https:\/\/www.organisator.ch\/#organization"},"potentialAction":[{"@type":"SearchAction","target":{"@type":"EntryPoint","urlTemplate":"https:\/\/www.organisator.ch\/?s={search_term_string}"},"query-input":{"@type":"PropertyValueSpecification","valueRequired":true,"valueName":"search_term_string"}}],"inLanguage":"de"},{"@type":"Organization","@id":"https:\/\/www.organisator.ch\/#organization","name":"Organisator","url":"https:\/\/www.organisator.ch\/","logo":{"@type":"ImageObject","inLanguage":"de","@id":"https:\/\/www.organisator.ch\/#\/schema\/logo\/image\/","url":"https:\/\/www.organisator.ch\/wp-content\/uploads\/2022\/01\/Logo_Organisator_Website.png","contentUrl":"https:\/\/www.organisator.ch\/wp-content\/uploads\/2022\/01\/Logo_Organisator_Website.png","width":800,"height":77,"caption":"Organisator"},"image":{"@id":"https:\/\/www.organisator.ch\/#\/schema\/logo\/image\/"},"sameAs":["https:\/\/www.facebook.com\/OrganisatorFachmagazin","https:\/\/www.linkedin.com\/showcase\/organisator-das-magazin-fr-kmu","https:\/\/www.xing.com\/news\/pages\/organisator-ch-695","https:\/\/www.youtube.com\/channel\/UCGP2Sq0iWaZwT3BdIAQFYpw"]},{"@type":"Person","@id":"https:\/\/www.organisator.ch\/#\/schema\/person\/4e51799071cd2dd1232ac003643ef5f0","name":"galledia","image":{"@type":"ImageObject","inLanguage":"de","@id":"https:\/\/secure.gravatar.com\/avatar\/78a7f90c01fc2bfc875782a0d4922b37cde2cf184ce347b91316d23cd7f69a36?s=96&d=mm&r=g","url":"https:\/\/secure.gravatar.com\/avatar\/78a7f90c01fc2bfc875782a0d4922b37cde2cf184ce347b91316d23cd7f69a36?s=96&d=mm&r=g","contentUrl":"https:\/\/secure.gravatar.com\/avatar\/78a7f90c01fc2bfc875782a0d4922b37cde2cf184ce347b91316d23cd7f69a36?s=96&d=mm&r=g","caption":"galledia"},"sameAs":["https:\/\/x.com\/admin"],"url":"https:\/\/www.organisator.ch\/de\/author\/galledia\/"}]}},"_links":{"self":[{"href":"https:\/\/www.organisator.ch\/de\/wp-json\/wp\/v2\/posts\/27886","targetHints":{"allow":["GET"]}}],"collection":[{"href":"https:\/\/www.organisator.ch\/de\/wp-json\/wp\/v2\/posts"}],"about":[{"href":"https:\/\/www.organisator.ch\/de\/wp-json\/wp\/v2\/types\/post"}],"author":[{"embeddable":true,"href":"https:\/\/www.organisator.ch\/de\/wp-json\/wp\/v2\/users\/8"}],"replies":[{"embeddable":true,"href":"https:\/\/www.organisator.ch\/de\/wp-json\/wp\/v2\/comments?post=27886"}],"version-history":[{"count":3,"href":"https:\/\/www.organisator.ch\/de\/wp-json\/wp\/v2\/posts\/27886\/revisions"}],"predecessor-version":[{"id":32174,"href":"https:\/\/www.organisator.ch\/de\/wp-json\/wp\/v2\/posts\/27886\/revisions\/32174"}],"wp:attachment":[{"href":"https:\/\/www.organisator.ch\/de\/wp-json\/wp\/v2\/media?parent=27886"}],"wp:term":[{"taxonomy":"category","embeddable":true,"href":"https:\/\/www.organisator.ch\/de\/wp-json\/wp\/v2\/categories?post=27886"},{"taxonomy":"post_tag","embeddable":true,"href":"https:\/\/www.organisator.ch\/de\/wp-json\/wp\/v2\/tags?post=27886"}],"curies":[{"name":"wp","href":"https:\/\/api.w.org\/{rel}","templated":true}]}}