{"id":279,"date":"2016-03-22T15:24:32","date_gmt":"2016-03-22T14:24:32","guid":{"rendered":"https:\/\/dev.umweltperspektiven.ch\/?p=279"},"modified":"2022-02-09T11:10:56","modified_gmt":"2022-02-09T10:10:56","slug":"weltwassertag-78-aller-jobs-haengen-von-wasser-ab","status":"publish","type":"post","link":"https:\/\/www.organisator.ch\/de\/sustainability\/2016-03-22\/weltwassertag-78-aller-jobs-haengen-von-wasser-ab\/","title":{"rendered":"Weltwassertag: 78% aller Jobs h\u00e4ngen von Wasser ab"},"content":{"rendered":"<figure id=\"attachment_280\" aria-describedby=\"caption-attachment-280\" style=\"width: 667px\" class=\"wp-caption alignnone\"><a href=\"\/\/dev.umweltperspektiven.ch\/wp-content\/uploads\/2016\/12\/Weltwassertag-78-aller-Jobs-h\u00e4ngen-von-Wasser-ab-umweltperspektiven.jpg\"><img loading=\"lazy\" decoding=\"async\" class=\"size-medium wp-image-280\" src=\"\/\/dev.umweltperspektiven.ch\/wp-content\/uploads\/2016\/12\/Weltwassertag-78-aller-Jobs-h\u00e4ngen-von-Wasser-ab-umweltperspektiven-667x1000.jpg\" alt=\"Investitionen in Wasserinfrastrukturen zahlen sich f\u00fcr L\u00e4nder auch wirtschaftlich aus.\" width=\"667\" height=\"1000\" \/><\/a><figcaption id=\"caption-attachment-280\" class=\"wp-caption-text\">Investitionen in Wasserinfrastrukturen zahlen sich f\u00fcr L\u00e4nder auch wirtschaftlich aus.<\/figcaption><\/figure>\n<p>Die UN erinnert zum heutigen Weltwassertag daran, dass Arbeitspl\u00e4tze und Besch\u00e4ftigungsraten stark von nachhaltigen Management von Wasserressourcen, einer verl\u00e4sslichen Wasserversorgung\u00a0und sanit\u00e4rer Infrastrukturen abh\u00e4ngen.<\/p>\n<p>Der UN-Bericht zum Thema Wasser und Arbeit beleuchtet, dass knapp\u00a0die H\u00e4lfte der Arbeitskr\u00e4fte weltweit in stark wasserabh\u00e4ngigen Sektoren besch\u00e4ftigt sind. Dazu geh\u00f6ren Landwirtschaft, Waldwirtschaft, Fischerei, Energie, ressourcenintensive Produktion, Recycling und Tourismus. Ein weiterer Drittel aller Arbeitspl\u00e4tze ist moderat von Wasser abh\u00e4ngig &#8211; etwa der Freizeitsektor, Transport und die Bauindustrie. Damit h\u00e4ngen insgesamt 78% aller Arbeitsstellen weltweit von Wasser ab.<\/p>\n<p><strong>Wasserverbraucht steigt j\u00e4hrlich an<\/strong><br \/>\nSeit den 1980er-Jahren steigt der Frischwasserverbauch j\u00e4hrlich um rund 1% an &#8211; haupts\u00e4chlich aufgrund des wachsenden Verbrauchs in Wachstums- und Schwellenl\u00e4ndern. In den bereits hochentwickelten L\u00e4ndern ist der Verbrauch hingegen stabil oder gar leicht sinkend.<\/p>\n<p>Gr\u00fcnde f\u00fcr den steigenden Verbrauch liegen in der Urbanisierung und\u00a0steigenden Lebensstandards, die mit einem h\u00f6heren Bedarf an Wasser, Lebensmittel (speziell Fleisch) und Energie mit sich gehen. Hier sieht der Bericht auch Wachstumschancen f\u00fcr bestimmte Sektoren, etwa in der Abwasserbehandlung.<\/p>\n<p>Gleichzeitig warnt die UN aber: Wird das Frischwasser knapp, so k\u00f6nne dies in den kommenden Jahren und Jahrzehnten die Wachstumschancen beschr\u00e4nken und verhindern, dass gute Arbeitsstellen geschaffen werden. Existieren keine Infrastrukturen \u2013 wie dies noch in vielen L\u00e4ndern der Fall ist \u2013 k\u00f6nnen Regionen und L\u00e4nder von einer gen\u00fcgenden Wasserversorgung abgeschnitten werden. Ist ausserdem das vorhandene Wasser von schlechter Qualit\u00e4t, werden hohe finanzielle Ressourcen von der Wasserbehandlung aufgefressen.<\/p>\n<p><strong>Klimawandel versch\u00e4rft Knappheit<\/strong><\/p>\n<p>Wasserknappheit k\u00f6nne ausserdem in betroffenen L\u00e4ndern zu Krisen f\u00fchren, wenn etwa verschiedene Verbrauchergruppen um die knappen Ressourcen konkurrieren. Versch\u00e4rft wird das Szenario zudem durch den Klimawandel, der vielerorts zu einer weiteren Verknappung der Wasserressourcen f\u00fchrt<\/p>\n<p><strong>In Wasser investieren heisst in Jobs investieren<\/strong><\/p>\n<p>Die UN sieht Investitionen in die Wasserversorgung als unabdingbare Voraussetzung f\u00fcr \u00f6konomisches Wachstum und damit auch f\u00fcr Arbeitsstellen. Es zeigt sich, dass zwischen solchen Investitionen und nationalem Einkommen eine hohe Korrelanz besteht; das gleiche gilt f\u00fcr die vorhandene Wasserspeicherkapazit\u00e4t.<\/p>\n<p><a href=\"http:\/\/www.unesco.org\/new\/en\/natural-sciences\/environment\/water\/wwap\/wwdr\/2016-water-and-jobs\/\" target=\"_blank\" data-cke-saved-href=\"\/\/www.unesco.org\/new\/en\/natural-sciences\/environment\/water\/wwap\/wwdr\/2016-water-and-jobs\/\" rel=\"noopener\">Zum Bericht<\/a> (auf Englisch und Spanisch verf\u00fcgbar)<\/p>\n","protected":false},"excerpt":{"rendered":"<p>Die UN erinnert zum heutigen Weltwassertag daran, dass Arbeitspl\u00e4tze und Besch\u00e4ftigungsraten stark von nachhaltigen Management von Wasserressourcen, einer verl\u00e4sslichen Wasserversorgung\u00a0und sanit\u00e4rer Infrastrukturen abh\u00e4ngen. Der UN-Bericht zum Thema Wasser und Arbeit beleuchtet, dass knapp\u00a0die H\u00e4lfte der Arbeitskr\u00e4fte weltweit in stark wasserabh\u00e4ngigen Sektoren besch\u00e4ftigt sind. Dazu geh\u00f6ren Landwirtschaft, Waldwirtschaft, Fischerei, Energie, ressourcenintensive Produktion, Recycling und Tourismus. Ein [&hellip;]<\/p>\n","protected":false},"author":1,"featured_media":280,"comment_status":"open","ping_status":"open","sticky":false,"template":"","format":"standard","meta":{"_acf_changed":false,"_yoast_wpseo_focuskw":"Weltwassertag","_yoast_wpseo_metadesc":"Der UN-Bericht zum j\u00e4hrlichen Weltwassertag beleuchtet den Zusammenhang zwischen Wasser und Arbeit. Die Korrelation ist eindeutig.","articlekey":"","footnotes":""},"categories":[580],"tags":[42,2394,600,2553],"class_list":["post-279","post","type-post","status-publish","format-standard","has-post-thumbnail","hentry","category-sustainability","tag-arbeit","tag-un","tag-wasser","tag-weltwassertag"],"acf":[],"yoast_head":"<!-- This site is optimized with the Yoast SEO plugin v27.4 - https:\/\/yoast.com\/product\/yoast-seo-wordpress\/ -->\n<title>Weltwassertag: 78% aller Jobs h\u00e4ngen von Wasser ab - Organisator<\/title>\n<meta name=\"description\" content=\"Der UN-Bericht zum j\u00e4hrlichen Weltwassertag beleuchtet den Zusammenhang zwischen Wasser und Arbeit. Die Korrelation ist eindeutig.\" \/>\n<meta name=\"robots\" content=\"index, follow, max-snippet:-1, max-image-preview:large, max-video-preview:-1\" \/>\n<link rel=\"canonical\" href=\"https:\/\/www.organisator.ch\/de\/sustainability\/2016-03-22\/weltwassertag-78-aller-jobs-haengen-von-wasser-ab\/\" \/>\n<meta property=\"og:locale\" content=\"de_DE\" \/>\n<meta property=\"og:type\" content=\"article\" \/>\n<meta property=\"og:title\" content=\"Weltwassertag: 78% aller Jobs h\u00e4ngen von Wasser ab - Organisator\" \/>\n<meta property=\"og:description\" content=\"Der UN-Bericht zum j\u00e4hrlichen Weltwassertag beleuchtet den Zusammenhang zwischen Wasser und Arbeit. Die Korrelation ist eindeutig.\" \/>\n<meta property=\"og:url\" content=\"https:\/\/www.organisator.ch\/de\/sustainability\/2016-03-22\/weltwassertag-78-aller-jobs-haengen-von-wasser-ab\/\" \/>\n<meta property=\"og:site_name\" content=\"Organisator\" \/>\n<meta property=\"article:publisher\" content=\"https:\/\/www.facebook.com\/OrganisatorFachmagazin\" \/>\n<meta property=\"article:published_time\" content=\"2016-03-22T14:24:32+00:00\" \/>\n<meta property=\"article:modified_time\" content=\"2022-02-09T10:10:56+00:00\" \/>\n<meta property=\"og:image\" content=\"https:\/\/www.organisator.ch\/wp-content\/uploads\/2016\/12\/Weltwassertag-78-aller-Jobs-haengen-von-Wasser-ab-umweltperspektiven.jpg\" \/>\n\t<meta property=\"og:image:width\" content=\"667\" \/>\n\t<meta property=\"og:image:height\" content=\"1000\" \/>\n\t<meta property=\"og:image:type\" content=\"image\/jpeg\" \/>\n<meta name=\"author\" content=\"admin\" \/>\n<meta name=\"twitter:card\" content=\"summary_large_image\" \/>\n<script type=\"application\/ld+json\" class=\"yoast-schema-graph\">{\"@context\":\"https:\\\/\\\/schema.org\",\"@graph\":[{\"@type\":\"Article\",\"@id\":\"https:\\\/\\\/www.organisator.ch\\\/sustainability\\\/2016-03-22\\\/weltwassertag-78-aller-jobs-haengen-von-wasser-ab\\\/#article\",\"isPartOf\":{\"@id\":\"https:\\\/\\\/www.organisator.ch\\\/sustainability\\\/2016-03-22\\\/weltwassertag-78-aller-jobs-haengen-von-wasser-ab\\\/\"},\"author\":{\"name\":\"admin\",\"@id\":\"https:\\\/\\\/www.organisator.ch\\\/#\\\/schema\\\/person\\\/aa2bace6c5c5aad60102004a50c4eb1c\"},\"headline\":\"Weltwassertag: 78% aller Jobs h\u00e4ngen von Wasser ab\",\"datePublished\":\"2016-03-22T14:24:32+00:00\",\"dateModified\":\"2022-02-09T10:10:56+00:00\",\"mainEntityOfPage\":{\"@id\":\"https:\\\/\\\/www.organisator.ch\\\/sustainability\\\/2016-03-22\\\/weltwassertag-78-aller-jobs-haengen-von-wasser-ab\\\/\"},\"wordCount\":385,\"commentCount\":0,\"publisher\":{\"@id\":\"https:\\\/\\\/www.organisator.ch\\\/#organization\"},\"image\":{\"@id\":\"https:\\\/\\\/www.organisator.ch\\\/sustainability\\\/2016-03-22\\\/weltwassertag-78-aller-jobs-haengen-von-wasser-ab\\\/#primaryimage\"},\"thumbnailUrl\":\"https:\\\/\\\/www.organisator.ch\\\/wp-content\\\/uploads\\\/2016\\\/12\\\/Weltwassertag-78-aller-Jobs-haengen-von-Wasser-ab-umweltperspektiven.jpg\",\"keywords\":[\"Arbeit\",\"UN\",\"WASSER\",\"Weltwassertag\"],\"articleSection\":[\"SUSTAINABILITY\"],\"inLanguage\":\"de\"},{\"@type\":\"WebPage\",\"@id\":\"https:\\\/\\\/www.organisator.ch\\\/sustainability\\\/2016-03-22\\\/weltwassertag-78-aller-jobs-haengen-von-wasser-ab\\\/\",\"url\":\"https:\\\/\\\/www.organisator.ch\\\/sustainability\\\/2016-03-22\\\/weltwassertag-78-aller-jobs-haengen-von-wasser-ab\\\/\",\"name\":\"Weltwassertag: 78% aller Jobs h\u00e4ngen von Wasser ab - Organisator\",\"isPartOf\":{\"@id\":\"https:\\\/\\\/www.organisator.ch\\\/#website\"},\"primaryImageOfPage\":{\"@id\":\"https:\\\/\\\/www.organisator.ch\\\/sustainability\\\/2016-03-22\\\/weltwassertag-78-aller-jobs-haengen-von-wasser-ab\\\/#primaryimage\"},\"image\":{\"@id\":\"https:\\\/\\\/www.organisator.ch\\\/sustainability\\\/2016-03-22\\\/weltwassertag-78-aller-jobs-haengen-von-wasser-ab\\\/#primaryimage\"},\"thumbnailUrl\":\"https:\\\/\\\/www.organisator.ch\\\/wp-content\\\/uploads\\\/2016\\\/12\\\/Weltwassertag-78-aller-Jobs-haengen-von-Wasser-ab-umweltperspektiven.jpg\",\"datePublished\":\"2016-03-22T14:24:32+00:00\",\"dateModified\":\"2022-02-09T10:10:56+00:00\",\"description\":\"Der UN-Bericht zum j\u00e4hrlichen Weltwassertag beleuchtet den Zusammenhang zwischen Wasser und Arbeit. Die Korrelation ist eindeutig.\",\"breadcrumb\":{\"@id\":\"https:\\\/\\\/www.organisator.ch\\\/sustainability\\\/2016-03-22\\\/weltwassertag-78-aller-jobs-haengen-von-wasser-ab\\\/#breadcrumb\"},\"inLanguage\":\"de\",\"potentialAction\":[{\"@type\":\"ReadAction\",\"target\":[\"https:\\\/\\\/www.organisator.ch\\\/sustainability\\\/2016-03-22\\\/weltwassertag-78-aller-jobs-haengen-von-wasser-ab\\\/\"]}]},{\"@type\":\"ImageObject\",\"inLanguage\":\"de\",\"@id\":\"https:\\\/\\\/www.organisator.ch\\\/sustainability\\\/2016-03-22\\\/weltwassertag-78-aller-jobs-haengen-von-wasser-ab\\\/#primaryimage\",\"url\":\"https:\\\/\\\/www.organisator.ch\\\/wp-content\\\/uploads\\\/2016\\\/12\\\/Weltwassertag-78-aller-Jobs-haengen-von-Wasser-ab-umweltperspektiven.jpg\",\"contentUrl\":\"https:\\\/\\\/www.organisator.ch\\\/wp-content\\\/uploads\\\/2016\\\/12\\\/Weltwassertag-78-aller-Jobs-haengen-von-Wasser-ab-umweltperspektiven.jpg\",\"width\":667,\"height\":1000,\"caption\":\"Investitionen in Wasserinfrastrukturen zahlen sich f\u00fcr L\u00e4nder auch wirtschaftlich aus.\"},{\"@type\":\"BreadcrumbList\",\"@id\":\"https:\\\/\\\/www.organisator.ch\\\/sustainability\\\/2016-03-22\\\/weltwassertag-78-aller-jobs-haengen-von-wasser-ab\\\/#breadcrumb\",\"itemListElement\":[{\"@type\":\"ListItem\",\"position\":1,\"name\":\"Home\",\"item\":\"https:\\\/\\\/www.organisator.ch\\\/\"},{\"@type\":\"ListItem\",\"position\":2,\"name\":\"Weltwassertag: 78% aller Jobs h\u00e4ngen von Wasser ab\"}]},{\"@type\":\"WebSite\",\"@id\":\"https:\\\/\\\/www.organisator.ch\\\/#website\",\"url\":\"https:\\\/\\\/www.organisator.ch\\\/\",\"name\":\"Organisator\",\"description\":\"Kompetent. Praxisnah. Der ORGANISATOR bereitet in 10 Ausgaben pro Jahr die wesentlichen Themen f\u00fcr F\u00fchrungskr\u00e4fte von KMU auf.\",\"publisher\":{\"@id\":\"https:\\\/\\\/www.organisator.ch\\\/#organization\"},\"potentialAction\":[{\"@type\":\"SearchAction\",\"target\":{\"@type\":\"EntryPoint\",\"urlTemplate\":\"https:\\\/\\\/www.organisator.ch\\\/?s={search_term_string}\"},\"query-input\":{\"@type\":\"PropertyValueSpecification\",\"valueRequired\":true,\"valueName\":\"search_term_string\"}}],\"inLanguage\":\"de\"},{\"@type\":\"Organization\",\"@id\":\"https:\\\/\\\/www.organisator.ch\\\/#organization\",\"name\":\"Organisator\",\"url\":\"https:\\\/\\\/www.organisator.ch\\\/\",\"logo\":{\"@type\":\"ImageObject\",\"inLanguage\":\"de\",\"@id\":\"https:\\\/\\\/www.organisator.ch\\\/#\\\/schema\\\/logo\\\/image\\\/\",\"url\":\"https:\\\/\\\/www.organisator.ch\\\/wp-content\\\/uploads\\\/2022\\\/01\\\/Logo_Organisator_Website.png\",\"contentUrl\":\"https:\\\/\\\/www.organisator.ch\\\/wp-content\\\/uploads\\\/2022\\\/01\\\/Logo_Organisator_Website.png\",\"width\":800,\"height\":77,\"caption\":\"Organisator\"},\"image\":{\"@id\":\"https:\\\/\\\/www.organisator.ch\\\/#\\\/schema\\\/logo\\\/image\\\/\"},\"sameAs\":[\"https:\\\/\\\/www.facebook.com\\\/OrganisatorFachmagazin\",\"https:\\\/\\\/www.linkedin.com\\\/showcase\\\/organisator-das-magazin-fr-kmu\",\"https:\\\/\\\/www.xing.com\\\/news\\\/pages\\\/organisator-ch-695\",\"https:\\\/\\\/www.youtube.com\\\/channel\\\/UCGP2Sq0iWaZwT3BdIAQFYpw\"]},{\"@type\":\"Person\",\"@id\":\"https:\\\/\\\/www.organisator.ch\\\/#\\\/schema\\\/person\\\/aa2bace6c5c5aad60102004a50c4eb1c\",\"name\":\"admin\",\"image\":{\"@type\":\"ImageObject\",\"inLanguage\":\"de\",\"@id\":\"https:\\\/\\\/secure.gravatar.com\\\/avatar\\\/ae2f4d718e6c49043e314ce431e7e645d646302a24a5ef5a8bc8e3f5a032e319?s=96&d=mm&r=g\",\"url\":\"https:\\\/\\\/secure.gravatar.com\\\/avatar\\\/ae2f4d718e6c49043e314ce431e7e645d646302a24a5ef5a8bc8e3f5a032e319?s=96&d=mm&r=g\",\"contentUrl\":\"https:\\\/\\\/secure.gravatar.com\\\/avatar\\\/ae2f4d718e6c49043e314ce431e7e645d646302a24a5ef5a8bc8e3f5a032e319?s=96&d=mm&r=g\",\"caption\":\"admin\"},\"sameAs\":[\"https:\\\/\\\/www.organisator.ch\"],\"url\":\"https:\\\/\\\/www.organisator.ch\\\/de\\\/author\\\/admin\\\/\"}]}<\/script>\n<!-- \/ Yoast SEO plugin. -->","yoast_head_json":{"title":"Weltwassertag: 78% aller Jobs h\u00e4ngen von Wasser ab - Organisator","description":"Der UN-Bericht zum j\u00e4hrlichen Weltwassertag beleuchtet den Zusammenhang zwischen Wasser und Arbeit. Die Korrelation ist eindeutig.","robots":{"index":"index","follow":"follow","max-snippet":"max-snippet:-1","max-image-preview":"max-image-preview:large","max-video-preview":"max-video-preview:-1"},"canonical":"https:\/\/www.organisator.ch\/de\/sustainability\/2016-03-22\/weltwassertag-78-aller-jobs-haengen-von-wasser-ab\/","og_locale":"de_DE","og_type":"article","og_title":"Weltwassertag: 78% aller Jobs h\u00e4ngen von Wasser ab - Organisator","og_description":"Der UN-Bericht zum j\u00e4hrlichen Weltwassertag beleuchtet den Zusammenhang zwischen Wasser und Arbeit. Die Korrelation ist eindeutig.","og_url":"https:\/\/www.organisator.ch\/de\/sustainability\/2016-03-22\/weltwassertag-78-aller-jobs-haengen-von-wasser-ab\/","og_site_name":"Organisator","article_publisher":"https:\/\/www.facebook.com\/OrganisatorFachmagazin","article_published_time":"2016-03-22T14:24:32+00:00","article_modified_time":"2022-02-09T10:10:56+00:00","og_image":[{"width":667,"height":1000,"url":"https:\/\/www.organisator.ch\/wp-content\/uploads\/2016\/12\/Weltwassertag-78-aller-Jobs-haengen-von-Wasser-ab-umweltperspektiven.jpg","type":"image\/jpeg"}],"author":"admin","twitter_card":"summary_large_image","schema":{"@context":"https:\/\/schema.org","@graph":[{"@type":"Article","@id":"https:\/\/www.organisator.ch\/sustainability\/2016-03-22\/weltwassertag-78-aller-jobs-haengen-von-wasser-ab\/#article","isPartOf":{"@id":"https:\/\/www.organisator.ch\/sustainability\/2016-03-22\/weltwassertag-78-aller-jobs-haengen-von-wasser-ab\/"},"author":{"name":"admin","@id":"https:\/\/www.organisator.ch\/#\/schema\/person\/aa2bace6c5c5aad60102004a50c4eb1c"},"headline":"Weltwassertag: 78% aller Jobs h\u00e4ngen von Wasser ab","datePublished":"2016-03-22T14:24:32+00:00","dateModified":"2022-02-09T10:10:56+00:00","mainEntityOfPage":{"@id":"https:\/\/www.organisator.ch\/sustainability\/2016-03-22\/weltwassertag-78-aller-jobs-haengen-von-wasser-ab\/"},"wordCount":385,"commentCount":0,"publisher":{"@id":"https:\/\/www.organisator.ch\/#organization"},"image":{"@id":"https:\/\/www.organisator.ch\/sustainability\/2016-03-22\/weltwassertag-78-aller-jobs-haengen-von-wasser-ab\/#primaryimage"},"thumbnailUrl":"https:\/\/www.organisator.ch\/wp-content\/uploads\/2016\/12\/Weltwassertag-78-aller-Jobs-haengen-von-Wasser-ab-umweltperspektiven.jpg","keywords":["Arbeit","UN","WASSER","Weltwassertag"],"articleSection":["SUSTAINABILITY"],"inLanguage":"de"},{"@type":"WebPage","@id":"https:\/\/www.organisator.ch\/sustainability\/2016-03-22\/weltwassertag-78-aller-jobs-haengen-von-wasser-ab\/","url":"https:\/\/www.organisator.ch\/sustainability\/2016-03-22\/weltwassertag-78-aller-jobs-haengen-von-wasser-ab\/","name":"Weltwassertag: 78% aller Jobs h\u00e4ngen von Wasser ab - Organisator","isPartOf":{"@id":"https:\/\/www.organisator.ch\/#website"},"primaryImageOfPage":{"@id":"https:\/\/www.organisator.ch\/sustainability\/2016-03-22\/weltwassertag-78-aller-jobs-haengen-von-wasser-ab\/#primaryimage"},"image":{"@id":"https:\/\/www.organisator.ch\/sustainability\/2016-03-22\/weltwassertag-78-aller-jobs-haengen-von-wasser-ab\/#primaryimage"},"thumbnailUrl":"https:\/\/www.organisator.ch\/wp-content\/uploads\/2016\/12\/Weltwassertag-78-aller-Jobs-haengen-von-Wasser-ab-umweltperspektiven.jpg","datePublished":"2016-03-22T14:24:32+00:00","dateModified":"2022-02-09T10:10:56+00:00","description":"Der UN-Bericht zum j\u00e4hrlichen Weltwassertag beleuchtet den Zusammenhang zwischen Wasser und Arbeit. Die Korrelation ist eindeutig.","breadcrumb":{"@id":"https:\/\/www.organisator.ch\/sustainability\/2016-03-22\/weltwassertag-78-aller-jobs-haengen-von-wasser-ab\/#breadcrumb"},"inLanguage":"de","potentialAction":[{"@type":"ReadAction","target":["https:\/\/www.organisator.ch\/sustainability\/2016-03-22\/weltwassertag-78-aller-jobs-haengen-von-wasser-ab\/"]}]},{"@type":"ImageObject","inLanguage":"de","@id":"https:\/\/www.organisator.ch\/sustainability\/2016-03-22\/weltwassertag-78-aller-jobs-haengen-von-wasser-ab\/#primaryimage","url":"https:\/\/www.organisator.ch\/wp-content\/uploads\/2016\/12\/Weltwassertag-78-aller-Jobs-haengen-von-Wasser-ab-umweltperspektiven.jpg","contentUrl":"https:\/\/www.organisator.ch\/wp-content\/uploads\/2016\/12\/Weltwassertag-78-aller-Jobs-haengen-von-Wasser-ab-umweltperspektiven.jpg","width":667,"height":1000,"caption":"Investitionen in Wasserinfrastrukturen zahlen sich f\u00fcr L\u00e4nder auch wirtschaftlich aus."},{"@type":"BreadcrumbList","@id":"https:\/\/www.organisator.ch\/sustainability\/2016-03-22\/weltwassertag-78-aller-jobs-haengen-von-wasser-ab\/#breadcrumb","itemListElement":[{"@type":"ListItem","position":1,"name":"Home","item":"https:\/\/www.organisator.ch\/"},{"@type":"ListItem","position":2,"name":"Weltwassertag: 78% aller Jobs h\u00e4ngen von Wasser ab"}]},{"@type":"WebSite","@id":"https:\/\/www.organisator.ch\/#website","url":"https:\/\/www.organisator.ch\/","name":"Organisator","description":"Kompetent. Praxisnah. Der ORGANISATOR bereitet in 10 Ausgaben pro Jahr die wesentlichen Themen f\u00fcr F\u00fchrungskr\u00e4fte von KMU auf.","publisher":{"@id":"https:\/\/www.organisator.ch\/#organization"},"potentialAction":[{"@type":"SearchAction","target":{"@type":"EntryPoint","urlTemplate":"https:\/\/www.organisator.ch\/?s={search_term_string}"},"query-input":{"@type":"PropertyValueSpecification","valueRequired":true,"valueName":"search_term_string"}}],"inLanguage":"de"},{"@type":"Organization","@id":"https:\/\/www.organisator.ch\/#organization","name":"Organisator","url":"https:\/\/www.organisator.ch\/","logo":{"@type":"ImageObject","inLanguage":"de","@id":"https:\/\/www.organisator.ch\/#\/schema\/logo\/image\/","url":"https:\/\/www.organisator.ch\/wp-content\/uploads\/2022\/01\/Logo_Organisator_Website.png","contentUrl":"https:\/\/www.organisator.ch\/wp-content\/uploads\/2022\/01\/Logo_Organisator_Website.png","width":800,"height":77,"caption":"Organisator"},"image":{"@id":"https:\/\/www.organisator.ch\/#\/schema\/logo\/image\/"},"sameAs":["https:\/\/www.facebook.com\/OrganisatorFachmagazin","https:\/\/www.linkedin.com\/showcase\/organisator-das-magazin-fr-kmu","https:\/\/www.xing.com\/news\/pages\/organisator-ch-695","https:\/\/www.youtube.com\/channel\/UCGP2Sq0iWaZwT3BdIAQFYpw"]},{"@type":"Person","@id":"https:\/\/www.organisator.ch\/#\/schema\/person\/aa2bace6c5c5aad60102004a50c4eb1c","name":"admin","image":{"@type":"ImageObject","inLanguage":"de","@id":"https:\/\/secure.gravatar.com\/avatar\/ae2f4d718e6c49043e314ce431e7e645d646302a24a5ef5a8bc8e3f5a032e319?s=96&d=mm&r=g","url":"https:\/\/secure.gravatar.com\/avatar\/ae2f4d718e6c49043e314ce431e7e645d646302a24a5ef5a8bc8e3f5a032e319?s=96&d=mm&r=g","contentUrl":"https:\/\/secure.gravatar.com\/avatar\/ae2f4d718e6c49043e314ce431e7e645d646302a24a5ef5a8bc8e3f5a032e319?s=96&d=mm&r=g","caption":"admin"},"sameAs":["https:\/\/www.organisator.ch"],"url":"https:\/\/www.organisator.ch\/de\/author\/admin\/"}]}},"_links":{"self":[{"href":"https:\/\/www.organisator.ch\/de\/wp-json\/wp\/v2\/posts\/279","targetHints":{"allow":["GET"]}}],"collection":[{"href":"https:\/\/www.organisator.ch\/de\/wp-json\/wp\/v2\/posts"}],"about":[{"href":"https:\/\/www.organisator.ch\/de\/wp-json\/wp\/v2\/types\/post"}],"author":[{"embeddable":true,"href":"https:\/\/www.organisator.ch\/de\/wp-json\/wp\/v2\/users\/1"}],"replies":[{"embeddable":true,"href":"https:\/\/www.organisator.ch\/de\/wp-json\/wp\/v2\/comments?post=279"}],"version-history":[{"count":1,"href":"https:\/\/www.organisator.ch\/de\/wp-json\/wp\/v2\/posts\/279\/revisions"}],"predecessor-version":[{"id":11053,"href":"https:\/\/www.organisator.ch\/de\/wp-json\/wp\/v2\/posts\/279\/revisions\/11053"}],"wp:featuredmedia":[{"embeddable":true,"href":"https:\/\/www.organisator.ch\/de\/wp-json\/wp\/v2\/media\/280"}],"wp:attachment":[{"href":"https:\/\/www.organisator.ch\/de\/wp-json\/wp\/v2\/media?parent=279"}],"wp:term":[{"taxonomy":"category","embeddable":true,"href":"https:\/\/www.organisator.ch\/de\/wp-json\/wp\/v2\/categories?post=279"},{"taxonomy":"post_tag","embeddable":true,"href":"https:\/\/www.organisator.ch\/de\/wp-json\/wp\/v2\/tags?post=279"}],"curies":[{"name":"wp","href":"https:\/\/api.w.org\/{rel}","templated":true}]}}