{"id":2790,"date":"2017-11-28T15:54:38","date_gmt":"2017-11-28T14:54:38","guid":{"rendered":"https:\/\/www.organisator.ch\/?p=2790"},"modified":"2017-11-28T15:54:38","modified_gmt":"2017-11-28T14:54:38","slug":"digitalisierung-in-kmu-wie-digital-schweizer-unternehmen-sind","status":"publish","type":"post","link":"https:\/\/www.organisator.ch\/de\/management\/it\/2017-11-28\/digitalisierung-in-kmu-wie-digital-schweizer-unternehmen-sind\/","title":{"rendered":"Digitalisierung in KMU: Wie digital Schweizer Unternehmen sind"},"content":{"rendered":"<figure id=\"attachment_2791\" aria-describedby=\"caption-attachment-2791\" style=\"width: 602px\" class=\"wp-caption alignnone\"><img loading=\"lazy\" decoding=\"async\" class=\"size-full wp-image-2791\" src=\"https:\/\/www.organisator.ch\/wp-content\/uploads\/2017\/11\/Digitalisierung-in-KMU-Wie-digital-Schweizer-Unternehmen-sind_Organisator.jpg\" alt=\"\" width=\"602\" height=\"480\" srcset=\"https:\/\/www.organisator.ch\/wp-content\/uploads\/2017\/11\/Digitalisierung-in-KMU-Wie-digital-Schweizer-Unternehmen-sind_Organisator.jpg 602w, https:\/\/www.organisator.ch\/wp-content\/uploads\/2017\/11\/Digitalisierung-in-KMU-Wie-digital-Schweizer-Unternehmen-sind_Organisator-16x12.jpg 16w, https:\/\/www.organisator.ch\/wp-content\/uploads\/2017\/11\/Digitalisierung-in-KMU-Wie-digital-Schweizer-Unternehmen-sind_Organisator-219x175.jpg 219w, https:\/\/www.organisator.ch\/wp-content\/uploads\/2017\/11\/Digitalisierung-in-KMU-Wie-digital-Schweizer-Unternehmen-sind_Organisator-439x350.jpg 439w, https:\/\/www.organisator.ch\/wp-content\/uploads\/2017\/11\/Digitalisierung-in-KMU-Wie-digital-Schweizer-Unternehmen-sind_Organisator-300x239.jpg 300w\" sizes=\"auto, (max-width: 602px) 100vw, 602px\" \/><figcaption id=\"caption-attachment-2791\" class=\"wp-caption-text\">Digitalisierung in KMU: Eine neue Studie der FHNW ortet verschiedenste Handlungsfelder. (Bild: Fotolia.com)<\/figcaption><\/figure>\n<p>Erstmals angek\u00fcndigt wurde die Studie zur Digitalen Transformation am Digital Summit f\u00fcr KMU von Ende August. Schon damals wurden erste Ergebnisse pr\u00e4sentiert. Nach Angaben der Studienautoren handelt es sich um die bisher gr\u00f6sste Schweizer Untersuchung zu diesem Thema. Die Studie wurde von namhaften\u00a0Sponsoren und Partnern\u00a0wie PostFinance, Abacus, AECS Swisscard, Die Post, Dreamlab Technologies, Gewerbezeitung, GS1, KMU Next, Mobiliar und Nemuk unterst\u00fctzt. Rund 2500 Teilnehmende beteiligten sich an der Befragung.\u00a0Den Fokus legte die Studie bewusst auf KMU. Dort wird eine hohe Relevanz dieses Themas festgestellt. Als Konsequenz aus den Studienergebnissen hat die Hochschule f\u00fcr Wirtschaft FHNW einen Praxisleitfaden entwickelt, der KMU in der Umsetzung der Digitalen Transformation unterst\u00fctzen soll.<\/p>\n<h2>Auswirkungen auf verschiedenen Ebenen<\/h2>\n<p>Getrieben wird die\u00a0Digitalisierung in KMU\u00a0\u00fcber technologische Entwicklungen und neue digitale \u00d6kosysteme, die Auswirkungen auf Gesellschaft, Politik und Wirtschaft haben, wie es heisst. Dennoch verg\u00e4ssen immer noch viele Unternehmen, worum es ihnen bei der Digitalisierung \u00fcberhaupt gehen soll: N\u00e4mlich darum, im digitalen Zeitalter eine wettbewerbsf\u00e4hige Position zu finden, wie Prof. Dr. Marc K. Peter schon anl\u00e4sslich des Digital Summit f\u00fcr KMU \u00e4usserte. Die Ergebnisse der Studie zeigen nun, dass die Transformation von Unternehmen durch das Bed\u00fcrfnis nach optimierten Prozessen (82 Prozent der KMU), Ver\u00e4nderungen der Kundenanforderungen (59 Prozent) und neu verf\u00fcgbarer Technologie (53 Prozent) getrieben wird.<\/p>\n<p>Die Auswirkungen der Transformation seien &#8211; so die Studie &#8211; auf verschiedenen Ebenen wahrnehmbar:<\/p>\n<ul>\n<li>Bei 85% der KMU hat die Digitale Transformation Auswirkungen auf das Gesch\u00e4ftsmodell und die interne Zusammenarbeit.<\/li>\n<li>Bei knapp 70% der KMU hat die Digitale Transformation Einfluss auf die Unternehmenskultur.<\/li>\n<li>63% der KMU haben bereits neue Technologien eingef\u00fchrt.<\/li>\n<li>62% der KMU haben ihre Marktpositionierung angepasst.<\/li>\n<li>Aber nur 30% der KMU sind mit ihren eigenen Digitalisierungsbem\u00fchungen zufrieden.<\/li>\n<\/ul>\n<h2>Digitalisierung in KMU: Sieben Handlungsfelder<\/h2>\n<p>Der grosse Zeitaufwand und fehlendes Wissen bei F\u00fchrungskr\u00e4ften und Mitarbeitenden erweisen sich nach wie vor als Barrieren f\u00fcr eine\u00a0erfolgreiche\u00a0Digitalisierung in KMU. Die Studie ortete folgende\u00a0sieben Handlungsfelder der Digitalisierung ab:<\/p>\n<ul>\n<li>Konstante Kundenorientierung<\/li>\n<li>Neue Strategien und Gesch\u00e4ftsmodelle<\/li>\n<li>Neue Ans\u00e4tze in F\u00fchrung und Kultur<\/li>\n<li>Optimierte Arbeitsabl\u00e4ufe<\/li>\n<li>Digitales Marketing<\/li>\n<li>Neue Technologien wie z.B. Internet of Things (IoT)<\/li>\n<li>Cloud &amp; Daten, d.h. eine moderne IT-Infrastruktur<\/li>\n<\/ul>\n<p>&#8222;Mit diesen nun vorliegenden Handlungsfeldern haben wir eine wichtige Orientierungshilfe geschaffen, um diese wichtigen Projekte zu unterst\u00fctzen&#8220;, sagt Marc K. Peter.\u00a0Der ver\u00f6ffentlichte Praxisleitfaden beinhaltet Checklisten, Kurzfallstudien, ein Vorgehensmodell zur Transformation sowie Fachbeitr\u00e4ge f\u00fcr die Praxis von namhaften Autorinnen und Autoren.\u00a0Sowohl Studie wie auch Praxisleitfaden k\u00f6nnen auf der Website <a href=\"http:\/\/www.kmu-transformation.ch\/\">www.kmu-transformation.ch<\/a> bezogen werden.<\/p>\n","protected":false},"excerpt":{"rendered":"<p>Erstmals angek\u00fcndigt wurde die Studie zur Digitalen Transformation am Digital Summit f\u00fcr KMU von Ende August. Schon damals wurden erste Ergebnisse pr\u00e4sentiert. Nach Angaben der Studienautoren handelt es sich um die bisher gr\u00f6sste Schweizer Untersuchung zu diesem Thema. Die Studie wurde von namhaften\u00a0Sponsoren und Partnern\u00a0wie PostFinance, Abacus, AECS Swisscard, Die Post, Dreamlab Technologies, Gewerbezeitung, GS1, [&hellip;]<\/p>\n","protected":false},"author":4,"featured_media":2791,"comment_status":"open","ping_status":"open","sticky":false,"template":"","format":"standard","meta":{"_acf_changed":false,"_yoast_wpseo_focuskw":"Digitalisierung in KMU","_yoast_wpseo_metadesc":"Die Fachhochschule Nordwestschweiz ver\u00f6ffentlicht Ergebnisse einer Studie, welche den Stand der Digitalisierung in KMU untersucht hat.","articlekey":"","footnotes":""},"categories":[27],"tags":[156,218,286,459],"class_list":["post-2790","post","type-post","status-publish","format-standard","has-post-thumbnail","hentry","category-it","tag-digitalisierung","tag-forschung","tag-it","tag-studie"],"acf":[],"yoast_head":"<!-- This site is optimized with the Yoast SEO plugin v27.4 - https:\/\/yoast.com\/product\/yoast-seo-wordpress\/ -->\n<title>Digitalisierung in KMU: Wie digital Schweizer Unternehmen sind - Organisator<\/title>\n<meta name=\"description\" content=\"Die Fachhochschule Nordwestschweiz ver\u00f6ffentlicht Ergebnisse einer Studie, welche den Stand der Digitalisierung in KMU untersucht hat.\" \/>\n<meta name=\"robots\" content=\"index, follow, max-snippet:-1, max-image-preview:large, max-video-preview:-1\" \/>\n<link rel=\"canonical\" href=\"https:\/\/www.organisator.ch\/de\/management\/it\/2017-11-28\/digitalisierung-in-kmu-wie-digital-schweizer-unternehmen-sind\/\" \/>\n<meta property=\"og:locale\" content=\"de_DE\" \/>\n<meta property=\"og:type\" content=\"article\" \/>\n<meta property=\"og:title\" content=\"Digitalisierung in KMU: Wie digital Schweizer Unternehmen sind\" \/>\n<meta property=\"og:description\" content=\"Die #Fachhochschule Nordwestschweiz #FHNW ver\u00f6ffentlicht Ergebnisse einer Studie, welche den Stand der #Digitalisierung in #KMU untersucht hat.\" \/>\n<meta property=\"og:url\" content=\"https:\/\/www.organisator.ch\/de\/management\/it\/2017-11-28\/digitalisierung-in-kmu-wie-digital-schweizer-unternehmen-sind\/\" \/>\n<meta property=\"og:site_name\" content=\"Organisator\" \/>\n<meta property=\"article:publisher\" content=\"https:\/\/www.facebook.com\/OrganisatorFachmagazin\" \/>\n<meta property=\"article:published_time\" content=\"2017-11-28T14:54:38+00:00\" \/>\n<meta property=\"og:image\" content=\"https:\/\/www.organisator.ch\/wp-content\/uploads\/2017\/11\/Digitalisierung-in-KMU-Wie-digital-Schweizer-Unternehmen-sind_Organisator.jpg\" \/>\n\t<meta property=\"og:image:width\" content=\"602\" \/>\n\t<meta property=\"og:image:height\" content=\"480\" \/>\n\t<meta property=\"og:image:type\" content=\"image\/jpeg\" \/>\n<meta name=\"author\" content=\"thomas.berner\" \/>\n<meta name=\"twitter:card\" content=\"summary_large_image\" \/>\n<meta name=\"twitter:title\" content=\"#Digitalisierung in #KMU: Wie digital Schweizer Unternehmen sind\" \/>\n<meta name=\"twitter:description\" content=\"Die #Fachhochschule Nordwestschweiz #FHNW ver\u00f6ffentlicht Ergebnisse einer Studie, welche den Stand der #Digitalisierung in #KMU untersucht hat.\" \/>\n<meta name=\"twitter:image\" content=\"https:\/\/www.organisator.ch\/wp-content\/uploads\/2017\/11\/Digitalisierung-in-KMU-Wie-digital-Schweizer-Unternehmen-sind_Organisator.jpg\" \/>\n<script type=\"application\/ld+json\" class=\"yoast-schema-graph\">{\"@context\":\"https:\\\/\\\/schema.org\",\"@graph\":[{\"@type\":\"Article\",\"@id\":\"https:\\\/\\\/www.organisator.ch\\\/management\\\/it\\\/2017-11-28\\\/digitalisierung-in-kmu-wie-digital-schweizer-unternehmen-sind\\\/#article\",\"isPartOf\":{\"@id\":\"https:\\\/\\\/www.organisator.ch\\\/management\\\/it\\\/2017-11-28\\\/digitalisierung-in-kmu-wie-digital-schweizer-unternehmen-sind\\\/\"},\"author\":{\"name\":\"thomas.berner\",\"@id\":\"https:\\\/\\\/www.organisator.ch\\\/#\\\/schema\\\/person\\\/6f650f90b2842cd4c0cc334b4e36f67e\"},\"headline\":\"Digitalisierung in KMU: Wie digital Schweizer Unternehmen sind\",\"datePublished\":\"2017-11-28T14:54:38+00:00\",\"mainEntityOfPage\":{\"@id\":\"https:\\\/\\\/www.organisator.ch\\\/management\\\/it\\\/2017-11-28\\\/digitalisierung-in-kmu-wie-digital-schweizer-unternehmen-sind\\\/\"},\"wordCount\":456,\"commentCount\":0,\"publisher\":{\"@id\":\"https:\\\/\\\/www.organisator.ch\\\/#organization\"},\"image\":{\"@id\":\"https:\\\/\\\/www.organisator.ch\\\/management\\\/it\\\/2017-11-28\\\/digitalisierung-in-kmu-wie-digital-schweizer-unternehmen-sind\\\/#primaryimage\"},\"thumbnailUrl\":\"https:\\\/\\\/www.organisator.ch\\\/wp-content\\\/uploads\\\/2017\\\/11\\\/Digitalisierung-in-KMU-Wie-digital-Schweizer-Unternehmen-sind_Organisator.jpg\",\"keywords\":[\"Digitalisierung\",\"Forschung\",\"IT\",\"Studie\"],\"articleSection\":[\"IT\"],\"inLanguage\":\"de\"},{\"@type\":\"WebPage\",\"@id\":\"https:\\\/\\\/www.organisator.ch\\\/management\\\/it\\\/2017-11-28\\\/digitalisierung-in-kmu-wie-digital-schweizer-unternehmen-sind\\\/\",\"url\":\"https:\\\/\\\/www.organisator.ch\\\/management\\\/it\\\/2017-11-28\\\/digitalisierung-in-kmu-wie-digital-schweizer-unternehmen-sind\\\/\",\"name\":\"Digitalisierung in KMU: Wie digital Schweizer Unternehmen sind - Organisator\",\"isPartOf\":{\"@id\":\"https:\\\/\\\/www.organisator.ch\\\/#website\"},\"primaryImageOfPage\":{\"@id\":\"https:\\\/\\\/www.organisator.ch\\\/management\\\/it\\\/2017-11-28\\\/digitalisierung-in-kmu-wie-digital-schweizer-unternehmen-sind\\\/#primaryimage\"},\"image\":{\"@id\":\"https:\\\/\\\/www.organisator.ch\\\/management\\\/it\\\/2017-11-28\\\/digitalisierung-in-kmu-wie-digital-schweizer-unternehmen-sind\\\/#primaryimage\"},\"thumbnailUrl\":\"https:\\\/\\\/www.organisator.ch\\\/wp-content\\\/uploads\\\/2017\\\/11\\\/Digitalisierung-in-KMU-Wie-digital-Schweizer-Unternehmen-sind_Organisator.jpg\",\"datePublished\":\"2017-11-28T14:54:38+00:00\",\"description\":\"Die Fachhochschule Nordwestschweiz ver\u00f6ffentlicht Ergebnisse einer Studie, welche den Stand der Digitalisierung in KMU untersucht hat.\",\"breadcrumb\":{\"@id\":\"https:\\\/\\\/www.organisator.ch\\\/management\\\/it\\\/2017-11-28\\\/digitalisierung-in-kmu-wie-digital-schweizer-unternehmen-sind\\\/#breadcrumb\"},\"inLanguage\":\"de\",\"potentialAction\":[{\"@type\":\"ReadAction\",\"target\":[\"https:\\\/\\\/www.organisator.ch\\\/management\\\/it\\\/2017-11-28\\\/digitalisierung-in-kmu-wie-digital-schweizer-unternehmen-sind\\\/\"]}]},{\"@type\":\"ImageObject\",\"inLanguage\":\"de\",\"@id\":\"https:\\\/\\\/www.organisator.ch\\\/management\\\/it\\\/2017-11-28\\\/digitalisierung-in-kmu-wie-digital-schweizer-unternehmen-sind\\\/#primaryimage\",\"url\":\"https:\\\/\\\/www.organisator.ch\\\/wp-content\\\/uploads\\\/2017\\\/11\\\/Digitalisierung-in-KMU-Wie-digital-Schweizer-Unternehmen-sind_Organisator.jpg\",\"contentUrl\":\"https:\\\/\\\/www.organisator.ch\\\/wp-content\\\/uploads\\\/2017\\\/11\\\/Digitalisierung-in-KMU-Wie-digital-Schweizer-Unternehmen-sind_Organisator.jpg\",\"width\":602,\"height\":480,\"caption\":\"Digitalisierung in KMU: Eine neue Studie der FHNW ortet verschiedenste Handlungsfelder. (Bild: Fotolia.com)\"},{\"@type\":\"BreadcrumbList\",\"@id\":\"https:\\\/\\\/www.organisator.ch\\\/management\\\/it\\\/2017-11-28\\\/digitalisierung-in-kmu-wie-digital-schweizer-unternehmen-sind\\\/#breadcrumb\",\"itemListElement\":[{\"@type\":\"ListItem\",\"position\":1,\"name\":\"Home\",\"item\":\"https:\\\/\\\/www.organisator.ch\\\/\"},{\"@type\":\"ListItem\",\"position\":2,\"name\":\"Digitalisierung in KMU: Wie digital Schweizer Unternehmen sind\"}]},{\"@type\":\"WebSite\",\"@id\":\"https:\\\/\\\/www.organisator.ch\\\/#website\",\"url\":\"https:\\\/\\\/www.organisator.ch\\\/\",\"name\":\"Organisator\",\"description\":\"Kompetent. Praxisnah. Der ORGANISATOR bereitet in 10 Ausgaben pro Jahr die wesentlichen Themen f\u00fcr F\u00fchrungskr\u00e4fte von KMU auf.\",\"publisher\":{\"@id\":\"https:\\\/\\\/www.organisator.ch\\\/#organization\"},\"potentialAction\":[{\"@type\":\"SearchAction\",\"target\":{\"@type\":\"EntryPoint\",\"urlTemplate\":\"https:\\\/\\\/www.organisator.ch\\\/?s={search_term_string}\"},\"query-input\":{\"@type\":\"PropertyValueSpecification\",\"valueRequired\":true,\"valueName\":\"search_term_string\"}}],\"inLanguage\":\"de\"},{\"@type\":\"Organization\",\"@id\":\"https:\\\/\\\/www.organisator.ch\\\/#organization\",\"name\":\"Organisator\",\"url\":\"https:\\\/\\\/www.organisator.ch\\\/\",\"logo\":{\"@type\":\"ImageObject\",\"inLanguage\":\"de\",\"@id\":\"https:\\\/\\\/www.organisator.ch\\\/#\\\/schema\\\/logo\\\/image\\\/\",\"url\":\"https:\\\/\\\/www.organisator.ch\\\/wp-content\\\/uploads\\\/2022\\\/01\\\/Logo_Organisator_Website.png\",\"contentUrl\":\"https:\\\/\\\/www.organisator.ch\\\/wp-content\\\/uploads\\\/2022\\\/01\\\/Logo_Organisator_Website.png\",\"width\":800,\"height\":77,\"caption\":\"Organisator\"},\"image\":{\"@id\":\"https:\\\/\\\/www.organisator.ch\\\/#\\\/schema\\\/logo\\\/image\\\/\"},\"sameAs\":[\"https:\\\/\\\/www.facebook.com\\\/OrganisatorFachmagazin\",\"https:\\\/\\\/www.linkedin.com\\\/showcase\\\/organisator-das-magazin-fr-kmu\",\"https:\\\/\\\/www.xing.com\\\/news\\\/pages\\\/organisator-ch-695\",\"https:\\\/\\\/www.youtube.com\\\/channel\\\/UCGP2Sq0iWaZwT3BdIAQFYpw\"]},{\"@type\":\"Person\",\"@id\":\"https:\\\/\\\/www.organisator.ch\\\/#\\\/schema\\\/person\\\/6f650f90b2842cd4c0cc334b4e36f67e\",\"name\":\"thomas.berner\",\"image\":{\"@type\":\"ImageObject\",\"inLanguage\":\"de\",\"@id\":\"https:\\\/\\\/secure.gravatar.com\\\/avatar\\\/ac5001d2a36cb6c6cd3e50789007ffca834b477b74a2144564522e944eabff61?s=96&d=mm&r=g\",\"url\":\"https:\\\/\\\/secure.gravatar.com\\\/avatar\\\/ac5001d2a36cb6c6cd3e50789007ffca834b477b74a2144564522e944eabff61?s=96&d=mm&r=g\",\"contentUrl\":\"https:\\\/\\\/secure.gravatar.com\\\/avatar\\\/ac5001d2a36cb6c6cd3e50789007ffca834b477b74a2144564522e944eabff61?s=96&d=mm&r=g\",\"caption\":\"thomas.berner\"},\"url\":\"https:\\\/\\\/www.organisator.ch\\\/de\\\/author\\\/thomas-berner\\\/\"}]}<\/script>\n<!-- \/ Yoast SEO plugin. -->","yoast_head_json":{"title":"Digitalisierung in KMU: Wie digital Schweizer Unternehmen sind - Organisator","description":"Die Fachhochschule Nordwestschweiz ver\u00f6ffentlicht Ergebnisse einer Studie, welche den Stand der Digitalisierung in KMU untersucht hat.","robots":{"index":"index","follow":"follow","max-snippet":"max-snippet:-1","max-image-preview":"max-image-preview:large","max-video-preview":"max-video-preview:-1"},"canonical":"https:\/\/www.organisator.ch\/de\/management\/it\/2017-11-28\/digitalisierung-in-kmu-wie-digital-schweizer-unternehmen-sind\/","og_locale":"de_DE","og_type":"article","og_title":"Digitalisierung in KMU: Wie digital Schweizer Unternehmen sind","og_description":"Die #Fachhochschule Nordwestschweiz #FHNW ver\u00f6ffentlicht Ergebnisse einer Studie, welche den Stand der #Digitalisierung in #KMU untersucht hat.","og_url":"https:\/\/www.organisator.ch\/de\/management\/it\/2017-11-28\/digitalisierung-in-kmu-wie-digital-schweizer-unternehmen-sind\/","og_site_name":"Organisator","article_publisher":"https:\/\/www.facebook.com\/OrganisatorFachmagazin","article_published_time":"2017-11-28T14:54:38+00:00","og_image":[{"width":602,"height":480,"url":"https:\/\/www.organisator.ch\/wp-content\/uploads\/2017\/11\/Digitalisierung-in-KMU-Wie-digital-Schweizer-Unternehmen-sind_Organisator.jpg","type":"image\/jpeg"}],"author":"thomas.berner","twitter_card":"summary_large_image","twitter_title":"#Digitalisierung in #KMU: Wie digital Schweizer Unternehmen sind","twitter_description":"Die #Fachhochschule Nordwestschweiz #FHNW ver\u00f6ffentlicht Ergebnisse einer Studie, welche den Stand der #Digitalisierung in #KMU untersucht hat.","twitter_image":"https:\/\/www.organisator.ch\/wp-content\/uploads\/2017\/11\/Digitalisierung-in-KMU-Wie-digital-Schweizer-Unternehmen-sind_Organisator.jpg","schema":{"@context":"https:\/\/schema.org","@graph":[{"@type":"Article","@id":"https:\/\/www.organisator.ch\/management\/it\/2017-11-28\/digitalisierung-in-kmu-wie-digital-schweizer-unternehmen-sind\/#article","isPartOf":{"@id":"https:\/\/www.organisator.ch\/management\/it\/2017-11-28\/digitalisierung-in-kmu-wie-digital-schweizer-unternehmen-sind\/"},"author":{"name":"thomas.berner","@id":"https:\/\/www.organisator.ch\/#\/schema\/person\/6f650f90b2842cd4c0cc334b4e36f67e"},"headline":"Digitalisierung in KMU: Wie digital Schweizer Unternehmen sind","datePublished":"2017-11-28T14:54:38+00:00","mainEntityOfPage":{"@id":"https:\/\/www.organisator.ch\/management\/it\/2017-11-28\/digitalisierung-in-kmu-wie-digital-schweizer-unternehmen-sind\/"},"wordCount":456,"commentCount":0,"publisher":{"@id":"https:\/\/www.organisator.ch\/#organization"},"image":{"@id":"https:\/\/www.organisator.ch\/management\/it\/2017-11-28\/digitalisierung-in-kmu-wie-digital-schweizer-unternehmen-sind\/#primaryimage"},"thumbnailUrl":"https:\/\/www.organisator.ch\/wp-content\/uploads\/2017\/11\/Digitalisierung-in-KMU-Wie-digital-Schweizer-Unternehmen-sind_Organisator.jpg","keywords":["Digitalisierung","Forschung","IT","Studie"],"articleSection":["IT"],"inLanguage":"de"},{"@type":"WebPage","@id":"https:\/\/www.organisator.ch\/management\/it\/2017-11-28\/digitalisierung-in-kmu-wie-digital-schweizer-unternehmen-sind\/","url":"https:\/\/www.organisator.ch\/management\/it\/2017-11-28\/digitalisierung-in-kmu-wie-digital-schweizer-unternehmen-sind\/","name":"Digitalisierung in KMU: Wie digital Schweizer Unternehmen sind - Organisator","isPartOf":{"@id":"https:\/\/www.organisator.ch\/#website"},"primaryImageOfPage":{"@id":"https:\/\/www.organisator.ch\/management\/it\/2017-11-28\/digitalisierung-in-kmu-wie-digital-schweizer-unternehmen-sind\/#primaryimage"},"image":{"@id":"https:\/\/www.organisator.ch\/management\/it\/2017-11-28\/digitalisierung-in-kmu-wie-digital-schweizer-unternehmen-sind\/#primaryimage"},"thumbnailUrl":"https:\/\/www.organisator.ch\/wp-content\/uploads\/2017\/11\/Digitalisierung-in-KMU-Wie-digital-Schweizer-Unternehmen-sind_Organisator.jpg","datePublished":"2017-11-28T14:54:38+00:00","description":"Die Fachhochschule Nordwestschweiz ver\u00f6ffentlicht Ergebnisse einer Studie, welche den Stand der Digitalisierung in KMU untersucht hat.","breadcrumb":{"@id":"https:\/\/www.organisator.ch\/management\/it\/2017-11-28\/digitalisierung-in-kmu-wie-digital-schweizer-unternehmen-sind\/#breadcrumb"},"inLanguage":"de","potentialAction":[{"@type":"ReadAction","target":["https:\/\/www.organisator.ch\/management\/it\/2017-11-28\/digitalisierung-in-kmu-wie-digital-schweizer-unternehmen-sind\/"]}]},{"@type":"ImageObject","inLanguage":"de","@id":"https:\/\/www.organisator.ch\/management\/it\/2017-11-28\/digitalisierung-in-kmu-wie-digital-schweizer-unternehmen-sind\/#primaryimage","url":"https:\/\/www.organisator.ch\/wp-content\/uploads\/2017\/11\/Digitalisierung-in-KMU-Wie-digital-Schweizer-Unternehmen-sind_Organisator.jpg","contentUrl":"https:\/\/www.organisator.ch\/wp-content\/uploads\/2017\/11\/Digitalisierung-in-KMU-Wie-digital-Schweizer-Unternehmen-sind_Organisator.jpg","width":602,"height":480,"caption":"Digitalisierung in KMU: Eine neue Studie der FHNW ortet verschiedenste Handlungsfelder. (Bild: Fotolia.com)"},{"@type":"BreadcrumbList","@id":"https:\/\/www.organisator.ch\/management\/it\/2017-11-28\/digitalisierung-in-kmu-wie-digital-schweizer-unternehmen-sind\/#breadcrumb","itemListElement":[{"@type":"ListItem","position":1,"name":"Home","item":"https:\/\/www.organisator.ch\/"},{"@type":"ListItem","position":2,"name":"Digitalisierung in KMU: Wie digital Schweizer Unternehmen sind"}]},{"@type":"WebSite","@id":"https:\/\/www.organisator.ch\/#website","url":"https:\/\/www.organisator.ch\/","name":"Organisator","description":"Kompetent. Praxisnah. Der ORGANISATOR bereitet in 10 Ausgaben pro Jahr die wesentlichen Themen f\u00fcr F\u00fchrungskr\u00e4fte von KMU auf.","publisher":{"@id":"https:\/\/www.organisator.ch\/#organization"},"potentialAction":[{"@type":"SearchAction","target":{"@type":"EntryPoint","urlTemplate":"https:\/\/www.organisator.ch\/?s={search_term_string}"},"query-input":{"@type":"PropertyValueSpecification","valueRequired":true,"valueName":"search_term_string"}}],"inLanguage":"de"},{"@type":"Organization","@id":"https:\/\/www.organisator.ch\/#organization","name":"Organisator","url":"https:\/\/www.organisator.ch\/","logo":{"@type":"ImageObject","inLanguage":"de","@id":"https:\/\/www.organisator.ch\/#\/schema\/logo\/image\/","url":"https:\/\/www.organisator.ch\/wp-content\/uploads\/2022\/01\/Logo_Organisator_Website.png","contentUrl":"https:\/\/www.organisator.ch\/wp-content\/uploads\/2022\/01\/Logo_Organisator_Website.png","width":800,"height":77,"caption":"Organisator"},"image":{"@id":"https:\/\/www.organisator.ch\/#\/schema\/logo\/image\/"},"sameAs":["https:\/\/www.facebook.com\/OrganisatorFachmagazin","https:\/\/www.linkedin.com\/showcase\/organisator-das-magazin-fr-kmu","https:\/\/www.xing.com\/news\/pages\/organisator-ch-695","https:\/\/www.youtube.com\/channel\/UCGP2Sq0iWaZwT3BdIAQFYpw"]},{"@type":"Person","@id":"https:\/\/www.organisator.ch\/#\/schema\/person\/6f650f90b2842cd4c0cc334b4e36f67e","name":"thomas.berner","image":{"@type":"ImageObject","inLanguage":"de","@id":"https:\/\/secure.gravatar.com\/avatar\/ac5001d2a36cb6c6cd3e50789007ffca834b477b74a2144564522e944eabff61?s=96&d=mm&r=g","url":"https:\/\/secure.gravatar.com\/avatar\/ac5001d2a36cb6c6cd3e50789007ffca834b477b74a2144564522e944eabff61?s=96&d=mm&r=g","contentUrl":"https:\/\/secure.gravatar.com\/avatar\/ac5001d2a36cb6c6cd3e50789007ffca834b477b74a2144564522e944eabff61?s=96&d=mm&r=g","caption":"thomas.berner"},"url":"https:\/\/www.organisator.ch\/de\/author\/thomas-berner\/"}]}},"_links":{"self":[{"href":"https:\/\/www.organisator.ch\/de\/wp-json\/wp\/v2\/posts\/2790","targetHints":{"allow":["GET"]}}],"collection":[{"href":"https:\/\/www.organisator.ch\/de\/wp-json\/wp\/v2\/posts"}],"about":[{"href":"https:\/\/www.organisator.ch\/de\/wp-json\/wp\/v2\/types\/post"}],"author":[{"embeddable":true,"href":"https:\/\/www.organisator.ch\/de\/wp-json\/wp\/v2\/users\/4"}],"replies":[{"embeddable":true,"href":"https:\/\/www.organisator.ch\/de\/wp-json\/wp\/v2\/comments?post=2790"}],"version-history":[{"count":0,"href":"https:\/\/www.organisator.ch\/de\/wp-json\/wp\/v2\/posts\/2790\/revisions"}],"wp:featuredmedia":[{"embeddable":true,"href":"https:\/\/www.organisator.ch\/de\/wp-json\/wp\/v2\/media\/2791"}],"wp:attachment":[{"href":"https:\/\/www.organisator.ch\/de\/wp-json\/wp\/v2\/media?parent=2790"}],"wp:term":[{"taxonomy":"category","embeddable":true,"href":"https:\/\/www.organisator.ch\/de\/wp-json\/wp\/v2\/categories?post=2790"},{"taxonomy":"post_tag","embeddable":true,"href":"https:\/\/www.organisator.ch\/de\/wp-json\/wp\/v2\/tags?post=2790"}],"curies":[{"name":"wp","href":"https:\/\/api.w.org\/{rel}","templated":true}]}}