{"id":27925,"date":"2024-06-21T10:02:43","date_gmt":"2024-06-21T08:02:43","guid":{"rendered":"https:\/\/www.werbewoche.ch\/?p=216997"},"modified":"2024-11-10T09:43:21","modified_gmt":"2024-11-10T08:43:21","slug":"boom-bei-start-up-gruendungen-durch-ki","status":"publish","type":"post","link":"https:\/\/www.organisator.ch\/de\/marketing\/2024-06-21\/boom-bei-start-up-gruendungen-durch-ki\/","title":{"rendered":"Boom bei Start-up-Gr\u00fcndungen durch KI"},"content":{"rendered":"<figure id=\"attachment_217001\" class=\"wp-caption alignnone\" style=\"width: 1200px\" aria-describedby=\"caption-attachment-217001\"><img class=\"alignnone wp-image-217001 size-full\" src=\"https:\/\/www.werbewoche.ch\/wp-content\/uploads\/2024\/06\/Start-up-Unsplash.jpg\" alt=\"Start-ups Schweiz \" width=\"1200\" height=\"880\" \/>\r\n<figcaption id=\"caption-attachment-217001\" class=\"wp-caption-text\">Bild: J\u00fanior Ferreira; Unsplash.<\/figcaption>\r\n<\/figure>\r\n<p>Schweizweit sind im ersten Halbjahr 2024 rund 27\u2018329 Unternehmen neu ins Handelsregister eingetragen worden, was einem Plus von 3 Prozent gegen\u00fcber dem Vorjahreszeitraum entspricht. Das ermittelte die Onlineplattform startups.ch in einer neuen Auswertung.<\/p>\r\n<h3>Romandie legt deutlich zu<\/h3>\r\n<p>Danach zeigt sich ein Wachstum \u00fcber fast alle Regionen hinweg. Die Romandie (Zahl der Neueintragungen gegen\u00fcber Vorjahresperiode: +5,9%) entwickelte sich besonders stark. Spitzenreiter in der Region ist der Kantone Waadt (+13,9%). Er hat sich seit Jahren als ausgesprochen attraktiver Standort f\u00fcr Jungunternehmen etabliert. Der wirtschaftsstarke und branchenm\u00e4ssig breit abgest\u00fctzte Kanton Z\u00fcrich weist ein Plus von 2,9 Prozent aus.<\/p>\r\n<h3>Mehr junge Gr\u00fcnder<\/h3>\r\n<p>\u00abJungunternehmer gr\u00fcnden Firmen aus einer Position der St\u00e4rke heraus. Brummt der Wirtschaftsmotor, schl\u00e4gt sich dies entsprechend positiv im Start-up-Sektor nieder. Das ist aktuell der Fall\u00bb, kommentiert Michele Blasucci, Gr\u00fcnder und CEO von Startups.ch. F\u00fcr Schub sorgt allem voran der Boom rund um K\u00fcnstliche Intelligenz. Unternehmen haben die Notwendigkeit erkannt, in KI zu investieren und holen sich daf\u00fcr externe Beratung. \u00abHier setzen Jungunternehmer an. Sie unterst\u00fctzen gestandene Unternehmen, um etwa deren Buchhaltung zu automatisieren oder KI-basierte Anwendungen wie der Programmierung von Bots zu implementieren, die zum Beispiel die Erstberatung von Kunden \u00fcbernehmen. Oder sie zeigen auf, wie ein junges Publikum marketingmassig mit KI \u00fcber Tiktok und andere Plattformern effizient erreicht werden kann\u00bb, so Blasucci.<\/p>\r\n<p>Die junge Generation ist an diesen neuen Technologien nahe dran. Dies d\u00fcrfte mit ein Grund sein, weshalb auf sie eine Grosszahl der neu gegr\u00fcndeten Firmen f\u00e4llt. Wie die eigenen, von Startups.ch analysierten Daten zeigen, ist der Anteil der 18- bis 27-j\u00e4hrigen Gr\u00fcnderinnen und Gr\u00fcnder um 1 Prozentpunkt auf 20,8 Prozent gestiegen, w\u00e4hrend derjenige der 28- bis 37-J\u00e4hrigen \u2013 auf sie f\u00e4llt der gr\u00f6sste Anteil der Gr\u00fcnder \u2013 von 39,4 auf 32,8 Prozent deutlich gesunken ist.<\/p>\r\n<h3>Fahrzeug- und Carosserie-Branche d\u00fcrfte von Camperboom profitieren<\/h3>\r\n<p>Ein weiterer Treiber f\u00fcr die Zunahme an neu gegr\u00fcndeten Firmen sind die moderaten Zinsen. \u00abDie Nachfrage im Bereich Immobilien, Bauwesen und Handwerk ist hoch, was viele Handwerker f\u00fcr den Sprung in die Selbstst\u00e4ndigkeit zu nutzen wussten, eine Berufskategorie, die auch kaum von KI verdr\u00e4ngt werden kann\u00bb, h\u00e4lt Michele Blasucci fest.<\/p>\r\n<p>Das zeigt sich ebenso im Bereich Fahrzeuge und Carosserie. Hier sind ebenfalls vermehrt Start-ups gegr\u00fcndet worden, was nicht zuletzt auf den Camping-Boom der vergangenen Jahre zur\u00fcckzuf\u00fchren sein d\u00fcrfte. Handwerker sind auch hier gefragt. F\u00fcr die zweite Jahresh\u00e4lfte ist Michele Blasucci zuversichtlich. Er geht davon aus, dass die Dynamik anhalten wird und rechnet f\u00fcr 2024 mit einem Rekord an neu gegr\u00fcndeten Unternehmen.<\/p>\r\n<figure id=\"attachment_216999\" class=\"wp-caption alignnone\" style=\"width: 1200px\" aria-describedby=\"caption-attachment-216999\"><img class=\"wp-image-216999 size-full\" src=\"https:\/\/www.werbewoche.ch\/wp-content\/uploads\/2024\/06\/STartups.jpg\" alt=\"\" width=\"1200\" height=\"873\" \/>\r\n<figcaption id=\"caption-attachment-216999\" class=\"wp-caption-text\">Bild: Startups.ch Statistik, 19.06.2024.<\/figcaption>\r\n<\/figure>","protected":false},"excerpt":{"rendered":"<p>Dank K\u00fcnstlicher Intelligenz ist die Start-up-Branche auf Rekordkurs: Die Zahl der neu im Schweizer Handelsregister eingetragenen Unternehmen ist um rund 3 Prozent gestiegen, heisst es bei Startups.ch.<\/p>\n","protected":false},"author":8,"featured_media":0,"comment_status":"closed","ping_status":"closed","sticky":false,"template":"","format":"standard","meta":{"_acf_changed":false,"_yoast_wpseo_focuskw":"Start-ups Schweiz","_yoast_wpseo_metadesc":"27'329 neue Firmen in der Schweiz im ersten Halbjahr 2024. Starker Anstieg in der Romandie und bei jungen Gr\u00fcndern.","articlekey":"","footnotes":""},"categories":[29],"tags":[319,341,2195],"class_list":["post-27925","post","type-post","status-publish","format-standard","hentry","category-marketing","tag-kuenstliche-intelligenz","tag-marktforschung","tag-start-up"],"acf":[],"yoast_head":"<!-- This site is optimized with the Yoast SEO plugin v27.4 - https:\/\/yoast.com\/product\/yoast-seo-wordpress\/ -->\n<title>Boom bei Start-up-Gr\u00fcndungen durch KI - Organisator<\/title>\n<meta name=\"description\" content=\"27&#039;329 neue Firmen in der Schweiz im ersten Halbjahr 2024. Starker Anstieg in der Romandie und bei jungen Gr\u00fcndern.\" \/>\n<meta name=\"robots\" content=\"index, follow, max-snippet:-1, max-image-preview:large, max-video-preview:-1\" \/>\n<link rel=\"canonical\" href=\"https:\/\/www.organisator.ch\/de\/marketing\/2024-06-21\/boom-bei-start-up-gruendungen-durch-ki\/\" \/>\n<meta property=\"og:locale\" content=\"de_DE\" \/>\n<meta property=\"og:type\" content=\"article\" \/>\n<meta property=\"og:title\" content=\"Boom bei Start-up-Gr\u00fcndungen durch KI - Organisator\" \/>\n<meta property=\"og:description\" content=\"27&#039;329 neue Firmen in der Schweiz im ersten Halbjahr 2024. Starker Anstieg in der Romandie und bei jungen Gr\u00fcndern.\" \/>\n<meta property=\"og:url\" content=\"https:\/\/www.organisator.ch\/de\/marketing\/2024-06-21\/boom-bei-start-up-gruendungen-durch-ki\/\" \/>\n<meta property=\"og:site_name\" content=\"Organisator\" \/>\n<meta property=\"article:publisher\" content=\"https:\/\/www.facebook.com\/OrganisatorFachmagazin\" \/>\n<meta property=\"article:published_time\" content=\"2024-06-21T08:02:43+00:00\" \/>\n<meta property=\"article:modified_time\" content=\"2024-11-10T08:43:21+00:00\" \/>\n<meta property=\"og:image\" content=\"https:\/\/www.werbewoche.ch\/wp-content\/uploads\/2024\/06\/Start-up-Unsplash.jpg\" \/>\n<meta name=\"author\" content=\"galledia\" \/>\n<meta name=\"twitter:card\" content=\"summary_large_image\" \/>\n<meta name=\"twitter:creator\" content=\"@admin\" \/>\n<script type=\"application\/ld+json\" class=\"yoast-schema-graph\">{\"@context\":\"https:\\\/\\\/schema.org\",\"@graph\":[{\"@type\":\"Article\",\"@id\":\"https:\\\/\\\/www.organisator.ch\\\/marketing\\\/2024-06-21\\\/boom-bei-start-up-gruendungen-durch-ki\\\/#article\",\"isPartOf\":{\"@id\":\"https:\\\/\\\/www.organisator.ch\\\/marketing\\\/2024-06-21\\\/boom-bei-start-up-gruendungen-durch-ki\\\/\"},\"author\":{\"name\":\"galledia\",\"@id\":\"https:\\\/\\\/www.organisator.ch\\\/#\\\/schema\\\/person\\\/4e51799071cd2dd1232ac003643ef5f0\"},\"headline\":\"Boom bei Start-up-Gr\u00fcndungen durch KI\",\"datePublished\":\"2024-06-21T08:02:43+00:00\",\"dateModified\":\"2024-11-10T08:43:21+00:00\",\"mainEntityOfPage\":{\"@id\":\"https:\\\/\\\/www.organisator.ch\\\/marketing\\\/2024-06-21\\\/boom-bei-start-up-gruendungen-durch-ki\\\/\"},\"wordCount\":450,\"publisher\":{\"@id\":\"https:\\\/\\\/www.organisator.ch\\\/#organization\"},\"image\":{\"@id\":\"https:\\\/\\\/www.organisator.ch\\\/marketing\\\/2024-06-21\\\/boom-bei-start-up-gruendungen-durch-ki\\\/#primaryimage\"},\"thumbnailUrl\":\"https:\\\/\\\/www.werbewoche.ch\\\/wp-content\\\/uploads\\\/2024\\\/06\\\/Start-up-Unsplash.jpg\",\"keywords\":[\"K\u00fcnstliche Intelligenz\",\"Marktforschung\",\"Start-up\"],\"articleSection\":[\"MARKETING\"],\"inLanguage\":\"de\"},{\"@type\":\"WebPage\",\"@id\":\"https:\\\/\\\/www.organisator.ch\\\/marketing\\\/2024-06-21\\\/boom-bei-start-up-gruendungen-durch-ki\\\/\",\"url\":\"https:\\\/\\\/www.organisator.ch\\\/marketing\\\/2024-06-21\\\/boom-bei-start-up-gruendungen-durch-ki\\\/\",\"name\":\"Boom bei Start-up-Gr\u00fcndungen durch KI - Organisator\",\"isPartOf\":{\"@id\":\"https:\\\/\\\/www.organisator.ch\\\/#website\"},\"primaryImageOfPage\":{\"@id\":\"https:\\\/\\\/www.organisator.ch\\\/marketing\\\/2024-06-21\\\/boom-bei-start-up-gruendungen-durch-ki\\\/#primaryimage\"},\"image\":{\"@id\":\"https:\\\/\\\/www.organisator.ch\\\/marketing\\\/2024-06-21\\\/boom-bei-start-up-gruendungen-durch-ki\\\/#primaryimage\"},\"thumbnailUrl\":\"https:\\\/\\\/www.werbewoche.ch\\\/wp-content\\\/uploads\\\/2024\\\/06\\\/Start-up-Unsplash.jpg\",\"datePublished\":\"2024-06-21T08:02:43+00:00\",\"dateModified\":\"2024-11-10T08:43:21+00:00\",\"description\":\"27'329 neue Firmen in der Schweiz im ersten Halbjahr 2024. Starker Anstieg in der Romandie und bei jungen Gr\u00fcndern.\",\"breadcrumb\":{\"@id\":\"https:\\\/\\\/www.organisator.ch\\\/marketing\\\/2024-06-21\\\/boom-bei-start-up-gruendungen-durch-ki\\\/#breadcrumb\"},\"inLanguage\":\"de\",\"potentialAction\":[{\"@type\":\"ReadAction\",\"target\":[\"https:\\\/\\\/www.organisator.ch\\\/marketing\\\/2024-06-21\\\/boom-bei-start-up-gruendungen-durch-ki\\\/\"]}]},{\"@type\":\"ImageObject\",\"inLanguage\":\"de\",\"@id\":\"https:\\\/\\\/www.organisator.ch\\\/marketing\\\/2024-06-21\\\/boom-bei-start-up-gruendungen-durch-ki\\\/#primaryimage\",\"url\":\"https:\\\/\\\/www.werbewoche.ch\\\/wp-content\\\/uploads\\\/2024\\\/06\\\/Start-up-Unsplash.jpg\",\"contentUrl\":\"https:\\\/\\\/www.werbewoche.ch\\\/wp-content\\\/uploads\\\/2024\\\/06\\\/Start-up-Unsplash.jpg\"},{\"@type\":\"BreadcrumbList\",\"@id\":\"https:\\\/\\\/www.organisator.ch\\\/marketing\\\/2024-06-21\\\/boom-bei-start-up-gruendungen-durch-ki\\\/#breadcrumb\",\"itemListElement\":[{\"@type\":\"ListItem\",\"position\":1,\"name\":\"Home\",\"item\":\"https:\\\/\\\/www.organisator.ch\\\/\"},{\"@type\":\"ListItem\",\"position\":2,\"name\":\"Boom bei Start-up-Gr\u00fcndungen durch KI\"}]},{\"@type\":\"WebSite\",\"@id\":\"https:\\\/\\\/www.organisator.ch\\\/#website\",\"url\":\"https:\\\/\\\/www.organisator.ch\\\/\",\"name\":\"Organisator\",\"description\":\"Kompetent. Praxisnah. Der ORGANISATOR bereitet in 10 Ausgaben pro Jahr die wesentlichen Themen f\u00fcr F\u00fchrungskr\u00e4fte von KMU auf.\",\"publisher\":{\"@id\":\"https:\\\/\\\/www.organisator.ch\\\/#organization\"},\"potentialAction\":[{\"@type\":\"SearchAction\",\"target\":{\"@type\":\"EntryPoint\",\"urlTemplate\":\"https:\\\/\\\/www.organisator.ch\\\/?s={search_term_string}\"},\"query-input\":{\"@type\":\"PropertyValueSpecification\",\"valueRequired\":true,\"valueName\":\"search_term_string\"}}],\"inLanguage\":\"de\"},{\"@type\":\"Organization\",\"@id\":\"https:\\\/\\\/www.organisator.ch\\\/#organization\",\"name\":\"Organisator\",\"url\":\"https:\\\/\\\/www.organisator.ch\\\/\",\"logo\":{\"@type\":\"ImageObject\",\"inLanguage\":\"de\",\"@id\":\"https:\\\/\\\/www.organisator.ch\\\/#\\\/schema\\\/logo\\\/image\\\/\",\"url\":\"https:\\\/\\\/www.organisator.ch\\\/wp-content\\\/uploads\\\/2022\\\/01\\\/Logo_Organisator_Website.png\",\"contentUrl\":\"https:\\\/\\\/www.organisator.ch\\\/wp-content\\\/uploads\\\/2022\\\/01\\\/Logo_Organisator_Website.png\",\"width\":800,\"height\":77,\"caption\":\"Organisator\"},\"image\":{\"@id\":\"https:\\\/\\\/www.organisator.ch\\\/#\\\/schema\\\/logo\\\/image\\\/\"},\"sameAs\":[\"https:\\\/\\\/www.facebook.com\\\/OrganisatorFachmagazin\",\"https:\\\/\\\/www.linkedin.com\\\/showcase\\\/organisator-das-magazin-fr-kmu\",\"https:\\\/\\\/www.xing.com\\\/news\\\/pages\\\/organisator-ch-695\",\"https:\\\/\\\/www.youtube.com\\\/channel\\\/UCGP2Sq0iWaZwT3BdIAQFYpw\"]},{\"@type\":\"Person\",\"@id\":\"https:\\\/\\\/www.organisator.ch\\\/#\\\/schema\\\/person\\\/4e51799071cd2dd1232ac003643ef5f0\",\"name\":\"galledia\",\"image\":{\"@type\":\"ImageObject\",\"inLanguage\":\"de\",\"@id\":\"https:\\\/\\\/secure.gravatar.com\\\/avatar\\\/78a7f90c01fc2bfc875782a0d4922b37cde2cf184ce347b91316d23cd7f69a36?s=96&d=mm&r=g\",\"url\":\"https:\\\/\\\/secure.gravatar.com\\\/avatar\\\/78a7f90c01fc2bfc875782a0d4922b37cde2cf184ce347b91316d23cd7f69a36?s=96&d=mm&r=g\",\"contentUrl\":\"https:\\\/\\\/secure.gravatar.com\\\/avatar\\\/78a7f90c01fc2bfc875782a0d4922b37cde2cf184ce347b91316d23cd7f69a36?s=96&d=mm&r=g\",\"caption\":\"galledia\"},\"sameAs\":[\"https:\\\/\\\/x.com\\\/admin\"],\"url\":\"https:\\\/\\\/www.organisator.ch\\\/de\\\/author\\\/galledia\\\/\"}]}<\/script>\n<!-- \/ Yoast SEO plugin. -->","yoast_head_json":{"title":"Boom bei Start-up-Gr\u00fcndungen durch KI - Organisator","description":"27'329 neue Firmen in der Schweiz im ersten Halbjahr 2024. Starker Anstieg in der Romandie und bei jungen Gr\u00fcndern.","robots":{"index":"index","follow":"follow","max-snippet":"max-snippet:-1","max-image-preview":"max-image-preview:large","max-video-preview":"max-video-preview:-1"},"canonical":"https:\/\/www.organisator.ch\/de\/marketing\/2024-06-21\/boom-bei-start-up-gruendungen-durch-ki\/","og_locale":"de_DE","og_type":"article","og_title":"Boom bei Start-up-Gr\u00fcndungen durch KI - Organisator","og_description":"27'329 neue Firmen in der Schweiz im ersten Halbjahr 2024. Starker Anstieg in der Romandie und bei jungen Gr\u00fcndern.","og_url":"https:\/\/www.organisator.ch\/de\/marketing\/2024-06-21\/boom-bei-start-up-gruendungen-durch-ki\/","og_site_name":"Organisator","article_publisher":"https:\/\/www.facebook.com\/OrganisatorFachmagazin","article_published_time":"2024-06-21T08:02:43+00:00","article_modified_time":"2024-11-10T08:43:21+00:00","og_image":[{"url":"https:\/\/www.werbewoche.ch\/wp-content\/uploads\/2024\/06\/Start-up-Unsplash.jpg","type":"","width":"","height":""}],"author":"galledia","twitter_card":"summary_large_image","twitter_creator":"@admin","schema":{"@context":"https:\/\/schema.org","@graph":[{"@type":"Article","@id":"https:\/\/www.organisator.ch\/marketing\/2024-06-21\/boom-bei-start-up-gruendungen-durch-ki\/#article","isPartOf":{"@id":"https:\/\/www.organisator.ch\/marketing\/2024-06-21\/boom-bei-start-up-gruendungen-durch-ki\/"},"author":{"name":"galledia","@id":"https:\/\/www.organisator.ch\/#\/schema\/person\/4e51799071cd2dd1232ac003643ef5f0"},"headline":"Boom bei Start-up-Gr\u00fcndungen durch KI","datePublished":"2024-06-21T08:02:43+00:00","dateModified":"2024-11-10T08:43:21+00:00","mainEntityOfPage":{"@id":"https:\/\/www.organisator.ch\/marketing\/2024-06-21\/boom-bei-start-up-gruendungen-durch-ki\/"},"wordCount":450,"publisher":{"@id":"https:\/\/www.organisator.ch\/#organization"},"image":{"@id":"https:\/\/www.organisator.ch\/marketing\/2024-06-21\/boom-bei-start-up-gruendungen-durch-ki\/#primaryimage"},"thumbnailUrl":"https:\/\/www.werbewoche.ch\/wp-content\/uploads\/2024\/06\/Start-up-Unsplash.jpg","keywords":["K\u00fcnstliche Intelligenz","Marktforschung","Start-up"],"articleSection":["MARKETING"],"inLanguage":"de"},{"@type":"WebPage","@id":"https:\/\/www.organisator.ch\/marketing\/2024-06-21\/boom-bei-start-up-gruendungen-durch-ki\/","url":"https:\/\/www.organisator.ch\/marketing\/2024-06-21\/boom-bei-start-up-gruendungen-durch-ki\/","name":"Boom bei Start-up-Gr\u00fcndungen durch KI - Organisator","isPartOf":{"@id":"https:\/\/www.organisator.ch\/#website"},"primaryImageOfPage":{"@id":"https:\/\/www.organisator.ch\/marketing\/2024-06-21\/boom-bei-start-up-gruendungen-durch-ki\/#primaryimage"},"image":{"@id":"https:\/\/www.organisator.ch\/marketing\/2024-06-21\/boom-bei-start-up-gruendungen-durch-ki\/#primaryimage"},"thumbnailUrl":"https:\/\/www.werbewoche.ch\/wp-content\/uploads\/2024\/06\/Start-up-Unsplash.jpg","datePublished":"2024-06-21T08:02:43+00:00","dateModified":"2024-11-10T08:43:21+00:00","description":"27'329 neue Firmen in der Schweiz im ersten Halbjahr 2024. Starker Anstieg in der Romandie und bei jungen Gr\u00fcndern.","breadcrumb":{"@id":"https:\/\/www.organisator.ch\/marketing\/2024-06-21\/boom-bei-start-up-gruendungen-durch-ki\/#breadcrumb"},"inLanguage":"de","potentialAction":[{"@type":"ReadAction","target":["https:\/\/www.organisator.ch\/marketing\/2024-06-21\/boom-bei-start-up-gruendungen-durch-ki\/"]}]},{"@type":"ImageObject","inLanguage":"de","@id":"https:\/\/www.organisator.ch\/marketing\/2024-06-21\/boom-bei-start-up-gruendungen-durch-ki\/#primaryimage","url":"https:\/\/www.werbewoche.ch\/wp-content\/uploads\/2024\/06\/Start-up-Unsplash.jpg","contentUrl":"https:\/\/www.werbewoche.ch\/wp-content\/uploads\/2024\/06\/Start-up-Unsplash.jpg"},{"@type":"BreadcrumbList","@id":"https:\/\/www.organisator.ch\/marketing\/2024-06-21\/boom-bei-start-up-gruendungen-durch-ki\/#breadcrumb","itemListElement":[{"@type":"ListItem","position":1,"name":"Home","item":"https:\/\/www.organisator.ch\/"},{"@type":"ListItem","position":2,"name":"Boom bei Start-up-Gr\u00fcndungen durch KI"}]},{"@type":"WebSite","@id":"https:\/\/www.organisator.ch\/#website","url":"https:\/\/www.organisator.ch\/","name":"Organisator","description":"Kompetent. Praxisnah. Der ORGANISATOR bereitet in 10 Ausgaben pro Jahr die wesentlichen Themen f\u00fcr F\u00fchrungskr\u00e4fte von KMU auf.","publisher":{"@id":"https:\/\/www.organisator.ch\/#organization"},"potentialAction":[{"@type":"SearchAction","target":{"@type":"EntryPoint","urlTemplate":"https:\/\/www.organisator.ch\/?s={search_term_string}"},"query-input":{"@type":"PropertyValueSpecification","valueRequired":true,"valueName":"search_term_string"}}],"inLanguage":"de"},{"@type":"Organization","@id":"https:\/\/www.organisator.ch\/#organization","name":"Organisator","url":"https:\/\/www.organisator.ch\/","logo":{"@type":"ImageObject","inLanguage":"de","@id":"https:\/\/www.organisator.ch\/#\/schema\/logo\/image\/","url":"https:\/\/www.organisator.ch\/wp-content\/uploads\/2022\/01\/Logo_Organisator_Website.png","contentUrl":"https:\/\/www.organisator.ch\/wp-content\/uploads\/2022\/01\/Logo_Organisator_Website.png","width":800,"height":77,"caption":"Organisator"},"image":{"@id":"https:\/\/www.organisator.ch\/#\/schema\/logo\/image\/"},"sameAs":["https:\/\/www.facebook.com\/OrganisatorFachmagazin","https:\/\/www.linkedin.com\/showcase\/organisator-das-magazin-fr-kmu","https:\/\/www.xing.com\/news\/pages\/organisator-ch-695","https:\/\/www.youtube.com\/channel\/UCGP2Sq0iWaZwT3BdIAQFYpw"]},{"@type":"Person","@id":"https:\/\/www.organisator.ch\/#\/schema\/person\/4e51799071cd2dd1232ac003643ef5f0","name":"galledia","image":{"@type":"ImageObject","inLanguage":"de","@id":"https:\/\/secure.gravatar.com\/avatar\/78a7f90c01fc2bfc875782a0d4922b37cde2cf184ce347b91316d23cd7f69a36?s=96&d=mm&r=g","url":"https:\/\/secure.gravatar.com\/avatar\/78a7f90c01fc2bfc875782a0d4922b37cde2cf184ce347b91316d23cd7f69a36?s=96&d=mm&r=g","contentUrl":"https:\/\/secure.gravatar.com\/avatar\/78a7f90c01fc2bfc875782a0d4922b37cde2cf184ce347b91316d23cd7f69a36?s=96&d=mm&r=g","caption":"galledia"},"sameAs":["https:\/\/x.com\/admin"],"url":"https:\/\/www.organisator.ch\/de\/author\/galledia\/"}]}},"_links":{"self":[{"href":"https:\/\/www.organisator.ch\/de\/wp-json\/wp\/v2\/posts\/27925","targetHints":{"allow":["GET"]}}],"collection":[{"href":"https:\/\/www.organisator.ch\/de\/wp-json\/wp\/v2\/posts"}],"about":[{"href":"https:\/\/www.organisator.ch\/de\/wp-json\/wp\/v2\/types\/post"}],"author":[{"embeddable":true,"href":"https:\/\/www.organisator.ch\/de\/wp-json\/wp\/v2\/users\/8"}],"replies":[{"embeddable":true,"href":"https:\/\/www.organisator.ch\/de\/wp-json\/wp\/v2\/comments?post=27925"}],"version-history":[{"count":5,"href":"https:\/\/www.organisator.ch\/de\/wp-json\/wp\/v2\/posts\/27925\/revisions"}],"predecessor-version":[{"id":32167,"href":"https:\/\/www.organisator.ch\/de\/wp-json\/wp\/v2\/posts\/27925\/revisions\/32167"}],"wp:attachment":[{"href":"https:\/\/www.organisator.ch\/de\/wp-json\/wp\/v2\/media?parent=27925"}],"wp:term":[{"taxonomy":"category","embeddable":true,"href":"https:\/\/www.organisator.ch\/de\/wp-json\/wp\/v2\/categories?post=27925"},{"taxonomy":"post_tag","embeddable":true,"href":"https:\/\/www.organisator.ch\/de\/wp-json\/wp\/v2\/tags?post=27925"}],"curies":[{"name":"wp","href":"https:\/\/api.w.org\/{rel}","templated":true}]}}