{"id":27933,"date":"2024-06-21T10:16:11","date_gmt":"2024-06-21T08:16:11","guid":{"rendered":"https:\/\/www.werbewoche.ch\/?p=217003"},"modified":"2024-11-10T09:42:06","modified_gmt":"2024-11-10T08:42:06","slug":"brandpulse-fuer-kitzbuehel-neupositionierung-wie-eine-fashion-brand","status":"publish","type":"post","link":"https:\/\/www.organisator.ch\/de\/marketing\/2024-06-21\/brandpulse-fuer-kitzbuehel-neupositionierung-wie-eine-fashion-brand\/","title":{"rendered":"Brandpulse f\u00fcr Kitzb\u00fchel: Neupositionierung \u00abwie eine Fashion-Brand\u00bb"},"content":{"rendered":"<p><img class=\"alignnone wp-image-217005 size-full\" src=\"https:\/\/www.werbewoche.ch\/wp-content\/uploads\/2024\/06\/BP_Case_Kitzbu%E2%95%A0ehel_Press-scaled.jpg\" alt=\"Kitzb\u00fchel Rebranding \" width=\"1400\" height=\"787\" \/>Kitzb\u00fchel ist weltweit als einer der exklusivsten Wintersportorte der Alpen bekannt. Brandpulse hat f\u00fcr die ikonische Marke in einem umfassenden Rebranding eine differenzierende Markenstrategie mit neuem Design und neuer Brand Experience geschaffen, die auch f\u00fcr j\u00fcngere Zielgruppen interessant sein soll.<\/p>\r\n<p>Die Tiroler Alpenstadt vereint als legend\u00e4re Sportstadt Tradition und Lifestyle. Ziel des von Brandpulse entwickelten Rebrandings war deshalb eine klare Attraktivit\u00e4tssteigerung. Die Millennials als mittlerweile gr\u00f6sste und wichtigste Touristengruppe der Welt reisen mit neuer Werthaltung: Nicht mehr der Besitz steht im Vordergrund, sondern der Wunsch nach Erlebnissen (\u00abCollect Moments, not Things\u00bb).<\/p>\r\n<h3>\u00abYour time is now\u00bb<\/h3>\r\n<p>Der Erfolgsparameter von Kitzb\u00fchel, um f\u00fcr junge Zielgruppen entsprechend der neuen Markenstrategie attraktiv zu sein, lautet deshalb: Die ikonische Marke muss ihre Bravheit ablegen und zu einer modernen sportliche Lifestyle-Luxusmarke werden \u2013 allerdings ohne ihre traditionell wichtigen Elemente wie die legend\u00e4re Kitzb\u00fcheler Gams und die Farbe Rot zu verlieren. Aus diesen Analyse-Erkenntnissen leitete Brandpulse die neue Message von Kitzb\u00fchel ab, ganz nach dem Motto \u00abYour time is now\u00bb \u2013 warte nicht auf morgen, sondern (er)lebe heute.<\/p>\r\n<p>Die Analyse des Wettbewerbsumfeldes ergab: Alpine Tourismusorte setzen auf ihre Destinationsg\u00fcter und pr\u00e4sentieren sich haupts\u00e4chlich mit sch\u00f6nen Landschaften und Bergpanoramen. Das neue Brandig-Konzept f\u00fcr Kitzb\u00fchel bricht mit dieser Tradition und pr\u00e4sentiert Kitzb\u00fchel als Lifestyle-Brand, vergleichbar mit einem Fashion Brand. Weg von der \u00abaustauschbaren\u00bb Natur, hin zu einem Lifestyle-Erlebnis \u2013 jung, frech, non-konformistisch, glamour\u00f6s und mit internationaler Ausstrahlung.<\/p>\r\n<p>Der bisherige, vom renommierten Kitzb\u00fcheler K\u00fcnstler Alfons Walde vor \u00fcber 90 Jahren gestaltete und Mitte der 70er-Jahre leicht adaptierte Schriftzug wurde durch eine impact-starke, geometrische Grotesk-Schrift ersetzt. Durch das angedeutete \u00ab\u00dc\u00bb und die Integration des\u00a0 stilisierten Gams-Kopfes pr\u00e4sentiert sich Kitzb\u00fchel mit neuer Wort-Bild-Marke.<\/p>","protected":false},"excerpt":{"rendered":"<p>Die Agentur positioniert den ber\u00fchmten Wintersportort in einem umfassenden Rebranding als sportlichen Luxus-Lifestyle-Brand.<\/p>\n","protected":false},"author":8,"featured_media":0,"comment_status":"closed","ping_status":"closed","sticky":false,"template":"","format":"standard","meta":{"_acf_changed":false,"_yoast_wpseo_focuskw":"Kitzb\u00fchel Rebranding","_yoast_wpseo_metadesc":"Kitzb\u00fchel wird neu als moderne Lifestyle-Luxusmarke positioniert, mit Fokus auf Erlebnisse und internationale Ausstrahlung.","articlekey":"","footnotes":""},"categories":[29],"tags":[2630,2617],"class_list":["post-27933","post","type-post","status-publish","format-standard","hentry","category-marketing","tag-brandpulse","tag-marken"],"acf":[],"yoast_head":"<!-- This site is optimized with the Yoast SEO plugin v27.4 - https:\/\/yoast.com\/product\/yoast-seo-wordpress\/ -->\n<title>Brandpulse f\u00fcr Kitzb\u00fchel: Neupositionierung \u00abwie eine Fashion-Brand\u00bb - Organisator<\/title>\n<meta name=\"description\" content=\"Kitzb\u00fchel wird neu als moderne Lifestyle-Luxusmarke positioniert, mit Fokus auf Erlebnisse und internationale Ausstrahlung.\" \/>\n<meta name=\"robots\" content=\"index, follow, max-snippet:-1, max-image-preview:large, max-video-preview:-1\" \/>\n<link rel=\"canonical\" href=\"https:\/\/www.organisator.ch\/de\/marketing\/2024-06-21\/brandpulse-fuer-kitzbuehel-neupositionierung-wie-eine-fashion-brand\/\" \/>\n<meta property=\"og:locale\" content=\"de_DE\" \/>\n<meta property=\"og:type\" content=\"article\" \/>\n<meta property=\"og:title\" content=\"Brandpulse f\u00fcr Kitzb\u00fchel: Neupositionierung \u00abwie eine Fashion-Brand\u00bb - Organisator\" \/>\n<meta property=\"og:description\" content=\"Kitzb\u00fchel wird neu als moderne Lifestyle-Luxusmarke positioniert, mit Fokus auf Erlebnisse und internationale Ausstrahlung.\" \/>\n<meta property=\"og:url\" content=\"https:\/\/www.organisator.ch\/de\/marketing\/2024-06-21\/brandpulse-fuer-kitzbuehel-neupositionierung-wie-eine-fashion-brand\/\" \/>\n<meta property=\"og:site_name\" content=\"Organisator\" \/>\n<meta property=\"article:publisher\" content=\"https:\/\/www.facebook.com\/OrganisatorFachmagazin\" \/>\n<meta property=\"article:published_time\" content=\"2024-06-21T08:16:11+00:00\" \/>\n<meta property=\"article:modified_time\" content=\"2024-11-10T08:42:06+00:00\" \/>\n<meta property=\"og:image\" content=\"https:\/\/www.werbewoche.ch\/wp-content\/uploads\/2024\/06\/BP_Case_Kitzbu%E2%95%A0ehel_Press-scaled.jpg\" \/>\n<meta name=\"author\" content=\"galledia\" \/>\n<meta name=\"twitter:card\" content=\"summary_large_image\" \/>\n<meta name=\"twitter:creator\" content=\"@admin\" \/>\n<script type=\"application\/ld+json\" class=\"yoast-schema-graph\">{\"@context\":\"https:\\\/\\\/schema.org\",\"@graph\":[{\"@type\":\"Article\",\"@id\":\"https:\\\/\\\/www.organisator.ch\\\/marketing\\\/2024-06-21\\\/brandpulse-fuer-kitzbuehel-neupositionierung-wie-eine-fashion-brand\\\/#article\",\"isPartOf\":{\"@id\":\"https:\\\/\\\/www.organisator.ch\\\/marketing\\\/2024-06-21\\\/brandpulse-fuer-kitzbuehel-neupositionierung-wie-eine-fashion-brand\\\/\"},\"author\":{\"name\":\"galledia\",\"@id\":\"https:\\\/\\\/www.organisator.ch\\\/#\\\/schema\\\/person\\\/4e51799071cd2dd1232ac003643ef5f0\"},\"headline\":\"Brandpulse f\u00fcr Kitzb\u00fchel: Neupositionierung \u00abwie eine Fashion-Brand\u00bb\",\"datePublished\":\"2024-06-21T08:16:11+00:00\",\"dateModified\":\"2024-11-10T08:42:06+00:00\",\"mainEntityOfPage\":{\"@id\":\"https:\\\/\\\/www.organisator.ch\\\/marketing\\\/2024-06-21\\\/brandpulse-fuer-kitzbuehel-neupositionierung-wie-eine-fashion-brand\\\/\"},\"wordCount\":301,\"publisher\":{\"@id\":\"https:\\\/\\\/www.organisator.ch\\\/#organization\"},\"image\":{\"@id\":\"https:\\\/\\\/www.organisator.ch\\\/marketing\\\/2024-06-21\\\/brandpulse-fuer-kitzbuehel-neupositionierung-wie-eine-fashion-brand\\\/#primaryimage\"},\"thumbnailUrl\":\"https:\\\/\\\/www.werbewoche.ch\\\/wp-content\\\/uploads\\\/2024\\\/06\\\/BP_Case_Kitzbu%E2%95%A0ehel_Press-scaled.jpg\",\"keywords\":[\"Brandpulse\",\"Marken\"],\"articleSection\":[\"MARKETING\"],\"inLanguage\":\"de\"},{\"@type\":\"WebPage\",\"@id\":\"https:\\\/\\\/www.organisator.ch\\\/marketing\\\/2024-06-21\\\/brandpulse-fuer-kitzbuehel-neupositionierung-wie-eine-fashion-brand\\\/\",\"url\":\"https:\\\/\\\/www.organisator.ch\\\/marketing\\\/2024-06-21\\\/brandpulse-fuer-kitzbuehel-neupositionierung-wie-eine-fashion-brand\\\/\",\"name\":\"Brandpulse f\u00fcr Kitzb\u00fchel: Neupositionierung \u00abwie eine Fashion-Brand\u00bb - Organisator\",\"isPartOf\":{\"@id\":\"https:\\\/\\\/www.organisator.ch\\\/#website\"},\"primaryImageOfPage\":{\"@id\":\"https:\\\/\\\/www.organisator.ch\\\/marketing\\\/2024-06-21\\\/brandpulse-fuer-kitzbuehel-neupositionierung-wie-eine-fashion-brand\\\/#primaryimage\"},\"image\":{\"@id\":\"https:\\\/\\\/www.organisator.ch\\\/marketing\\\/2024-06-21\\\/brandpulse-fuer-kitzbuehel-neupositionierung-wie-eine-fashion-brand\\\/#primaryimage\"},\"thumbnailUrl\":\"https:\\\/\\\/www.werbewoche.ch\\\/wp-content\\\/uploads\\\/2024\\\/06\\\/BP_Case_Kitzbu%E2%95%A0ehel_Press-scaled.jpg\",\"datePublished\":\"2024-06-21T08:16:11+00:00\",\"dateModified\":\"2024-11-10T08:42:06+00:00\",\"description\":\"Kitzb\u00fchel wird neu als moderne Lifestyle-Luxusmarke positioniert, mit Fokus auf Erlebnisse und internationale Ausstrahlung.\",\"breadcrumb\":{\"@id\":\"https:\\\/\\\/www.organisator.ch\\\/marketing\\\/2024-06-21\\\/brandpulse-fuer-kitzbuehel-neupositionierung-wie-eine-fashion-brand\\\/#breadcrumb\"},\"inLanguage\":\"de\",\"potentialAction\":[{\"@type\":\"ReadAction\",\"target\":[\"https:\\\/\\\/www.organisator.ch\\\/marketing\\\/2024-06-21\\\/brandpulse-fuer-kitzbuehel-neupositionierung-wie-eine-fashion-brand\\\/\"]}]},{\"@type\":\"ImageObject\",\"inLanguage\":\"de\",\"@id\":\"https:\\\/\\\/www.organisator.ch\\\/marketing\\\/2024-06-21\\\/brandpulse-fuer-kitzbuehel-neupositionierung-wie-eine-fashion-brand\\\/#primaryimage\",\"url\":\"https:\\\/\\\/www.werbewoche.ch\\\/wp-content\\\/uploads\\\/2024\\\/06\\\/BP_Case_Kitzbu%E2%95%A0ehel_Press-scaled.jpg\",\"contentUrl\":\"https:\\\/\\\/www.werbewoche.ch\\\/wp-content\\\/uploads\\\/2024\\\/06\\\/BP_Case_Kitzbu%E2%95%A0ehel_Press-scaled.jpg\"},{\"@type\":\"BreadcrumbList\",\"@id\":\"https:\\\/\\\/www.organisator.ch\\\/marketing\\\/2024-06-21\\\/brandpulse-fuer-kitzbuehel-neupositionierung-wie-eine-fashion-brand\\\/#breadcrumb\",\"itemListElement\":[{\"@type\":\"ListItem\",\"position\":1,\"name\":\"Home\",\"item\":\"https:\\\/\\\/www.organisator.ch\\\/\"},{\"@type\":\"ListItem\",\"position\":2,\"name\":\"Brandpulse f\u00fcr Kitzb\u00fchel: Neupositionierung \u00abwie eine Fashion-Brand\u00bb\"}]},{\"@type\":\"WebSite\",\"@id\":\"https:\\\/\\\/www.organisator.ch\\\/#website\",\"url\":\"https:\\\/\\\/www.organisator.ch\\\/\",\"name\":\"Organisator\",\"description\":\"Kompetent. Praxisnah. Der ORGANISATOR bereitet in 10 Ausgaben pro Jahr die wesentlichen Themen f\u00fcr F\u00fchrungskr\u00e4fte von KMU auf.\",\"publisher\":{\"@id\":\"https:\\\/\\\/www.organisator.ch\\\/#organization\"},\"potentialAction\":[{\"@type\":\"SearchAction\",\"target\":{\"@type\":\"EntryPoint\",\"urlTemplate\":\"https:\\\/\\\/www.organisator.ch\\\/?s={search_term_string}\"},\"query-input\":{\"@type\":\"PropertyValueSpecification\",\"valueRequired\":true,\"valueName\":\"search_term_string\"}}],\"inLanguage\":\"de\"},{\"@type\":\"Organization\",\"@id\":\"https:\\\/\\\/www.organisator.ch\\\/#organization\",\"name\":\"Organisator\",\"url\":\"https:\\\/\\\/www.organisator.ch\\\/\",\"logo\":{\"@type\":\"ImageObject\",\"inLanguage\":\"de\",\"@id\":\"https:\\\/\\\/www.organisator.ch\\\/#\\\/schema\\\/logo\\\/image\\\/\",\"url\":\"https:\\\/\\\/www.organisator.ch\\\/wp-content\\\/uploads\\\/2022\\\/01\\\/Logo_Organisator_Website.png\",\"contentUrl\":\"https:\\\/\\\/www.organisator.ch\\\/wp-content\\\/uploads\\\/2022\\\/01\\\/Logo_Organisator_Website.png\",\"width\":800,\"height\":77,\"caption\":\"Organisator\"},\"image\":{\"@id\":\"https:\\\/\\\/www.organisator.ch\\\/#\\\/schema\\\/logo\\\/image\\\/\"},\"sameAs\":[\"https:\\\/\\\/www.facebook.com\\\/OrganisatorFachmagazin\",\"https:\\\/\\\/www.linkedin.com\\\/showcase\\\/organisator-das-magazin-fr-kmu\",\"https:\\\/\\\/www.xing.com\\\/news\\\/pages\\\/organisator-ch-695\",\"https:\\\/\\\/www.youtube.com\\\/channel\\\/UCGP2Sq0iWaZwT3BdIAQFYpw\"]},{\"@type\":\"Person\",\"@id\":\"https:\\\/\\\/www.organisator.ch\\\/#\\\/schema\\\/person\\\/4e51799071cd2dd1232ac003643ef5f0\",\"name\":\"galledia\",\"image\":{\"@type\":\"ImageObject\",\"inLanguage\":\"de\",\"@id\":\"https:\\\/\\\/secure.gravatar.com\\\/avatar\\\/78a7f90c01fc2bfc875782a0d4922b37cde2cf184ce347b91316d23cd7f69a36?s=96&d=mm&r=g\",\"url\":\"https:\\\/\\\/secure.gravatar.com\\\/avatar\\\/78a7f90c01fc2bfc875782a0d4922b37cde2cf184ce347b91316d23cd7f69a36?s=96&d=mm&r=g\",\"contentUrl\":\"https:\\\/\\\/secure.gravatar.com\\\/avatar\\\/78a7f90c01fc2bfc875782a0d4922b37cde2cf184ce347b91316d23cd7f69a36?s=96&d=mm&r=g\",\"caption\":\"galledia\"},\"sameAs\":[\"https:\\\/\\\/x.com\\\/admin\"],\"url\":\"https:\\\/\\\/www.organisator.ch\\\/de\\\/author\\\/galledia\\\/\"}]}<\/script>\n<!-- \/ Yoast SEO plugin. -->","yoast_head_json":{"title":"Brandpulse f\u00fcr Kitzb\u00fchel: Neupositionierung \u00abwie eine Fashion-Brand\u00bb - Organisator","description":"Kitzb\u00fchel wird neu als moderne Lifestyle-Luxusmarke positioniert, mit Fokus auf Erlebnisse und internationale Ausstrahlung.","robots":{"index":"index","follow":"follow","max-snippet":"max-snippet:-1","max-image-preview":"max-image-preview:large","max-video-preview":"max-video-preview:-1"},"canonical":"https:\/\/www.organisator.ch\/de\/marketing\/2024-06-21\/brandpulse-fuer-kitzbuehel-neupositionierung-wie-eine-fashion-brand\/","og_locale":"de_DE","og_type":"article","og_title":"Brandpulse f\u00fcr Kitzb\u00fchel: Neupositionierung \u00abwie eine Fashion-Brand\u00bb - Organisator","og_description":"Kitzb\u00fchel wird neu als moderne Lifestyle-Luxusmarke positioniert, mit Fokus auf Erlebnisse und internationale Ausstrahlung.","og_url":"https:\/\/www.organisator.ch\/de\/marketing\/2024-06-21\/brandpulse-fuer-kitzbuehel-neupositionierung-wie-eine-fashion-brand\/","og_site_name":"Organisator","article_publisher":"https:\/\/www.facebook.com\/OrganisatorFachmagazin","article_published_time":"2024-06-21T08:16:11+00:00","article_modified_time":"2024-11-10T08:42:06+00:00","og_image":[{"url":"https:\/\/www.werbewoche.ch\/wp-content\/uploads\/2024\/06\/BP_Case_Kitzbu%E2%95%A0ehel_Press-scaled.jpg","type":"","width":"","height":""}],"author":"galledia","twitter_card":"summary_large_image","twitter_creator":"@admin","schema":{"@context":"https:\/\/schema.org","@graph":[{"@type":"Article","@id":"https:\/\/www.organisator.ch\/marketing\/2024-06-21\/brandpulse-fuer-kitzbuehel-neupositionierung-wie-eine-fashion-brand\/#article","isPartOf":{"@id":"https:\/\/www.organisator.ch\/marketing\/2024-06-21\/brandpulse-fuer-kitzbuehel-neupositionierung-wie-eine-fashion-brand\/"},"author":{"name":"galledia","@id":"https:\/\/www.organisator.ch\/#\/schema\/person\/4e51799071cd2dd1232ac003643ef5f0"},"headline":"Brandpulse f\u00fcr Kitzb\u00fchel: Neupositionierung \u00abwie eine Fashion-Brand\u00bb","datePublished":"2024-06-21T08:16:11+00:00","dateModified":"2024-11-10T08:42:06+00:00","mainEntityOfPage":{"@id":"https:\/\/www.organisator.ch\/marketing\/2024-06-21\/brandpulse-fuer-kitzbuehel-neupositionierung-wie-eine-fashion-brand\/"},"wordCount":301,"publisher":{"@id":"https:\/\/www.organisator.ch\/#organization"},"image":{"@id":"https:\/\/www.organisator.ch\/marketing\/2024-06-21\/brandpulse-fuer-kitzbuehel-neupositionierung-wie-eine-fashion-brand\/#primaryimage"},"thumbnailUrl":"https:\/\/www.werbewoche.ch\/wp-content\/uploads\/2024\/06\/BP_Case_Kitzbu%E2%95%A0ehel_Press-scaled.jpg","keywords":["Brandpulse","Marken"],"articleSection":["MARKETING"],"inLanguage":"de"},{"@type":"WebPage","@id":"https:\/\/www.organisator.ch\/marketing\/2024-06-21\/brandpulse-fuer-kitzbuehel-neupositionierung-wie-eine-fashion-brand\/","url":"https:\/\/www.organisator.ch\/marketing\/2024-06-21\/brandpulse-fuer-kitzbuehel-neupositionierung-wie-eine-fashion-brand\/","name":"Brandpulse f\u00fcr Kitzb\u00fchel: Neupositionierung \u00abwie eine Fashion-Brand\u00bb - Organisator","isPartOf":{"@id":"https:\/\/www.organisator.ch\/#website"},"primaryImageOfPage":{"@id":"https:\/\/www.organisator.ch\/marketing\/2024-06-21\/brandpulse-fuer-kitzbuehel-neupositionierung-wie-eine-fashion-brand\/#primaryimage"},"image":{"@id":"https:\/\/www.organisator.ch\/marketing\/2024-06-21\/brandpulse-fuer-kitzbuehel-neupositionierung-wie-eine-fashion-brand\/#primaryimage"},"thumbnailUrl":"https:\/\/www.werbewoche.ch\/wp-content\/uploads\/2024\/06\/BP_Case_Kitzbu%E2%95%A0ehel_Press-scaled.jpg","datePublished":"2024-06-21T08:16:11+00:00","dateModified":"2024-11-10T08:42:06+00:00","description":"Kitzb\u00fchel wird neu als moderne Lifestyle-Luxusmarke positioniert, mit Fokus auf Erlebnisse und internationale Ausstrahlung.","breadcrumb":{"@id":"https:\/\/www.organisator.ch\/marketing\/2024-06-21\/brandpulse-fuer-kitzbuehel-neupositionierung-wie-eine-fashion-brand\/#breadcrumb"},"inLanguage":"de","potentialAction":[{"@type":"ReadAction","target":["https:\/\/www.organisator.ch\/marketing\/2024-06-21\/brandpulse-fuer-kitzbuehel-neupositionierung-wie-eine-fashion-brand\/"]}]},{"@type":"ImageObject","inLanguage":"de","@id":"https:\/\/www.organisator.ch\/marketing\/2024-06-21\/brandpulse-fuer-kitzbuehel-neupositionierung-wie-eine-fashion-brand\/#primaryimage","url":"https:\/\/www.werbewoche.ch\/wp-content\/uploads\/2024\/06\/BP_Case_Kitzbu%E2%95%A0ehel_Press-scaled.jpg","contentUrl":"https:\/\/www.werbewoche.ch\/wp-content\/uploads\/2024\/06\/BP_Case_Kitzbu%E2%95%A0ehel_Press-scaled.jpg"},{"@type":"BreadcrumbList","@id":"https:\/\/www.organisator.ch\/marketing\/2024-06-21\/brandpulse-fuer-kitzbuehel-neupositionierung-wie-eine-fashion-brand\/#breadcrumb","itemListElement":[{"@type":"ListItem","position":1,"name":"Home","item":"https:\/\/www.organisator.ch\/"},{"@type":"ListItem","position":2,"name":"Brandpulse f\u00fcr Kitzb\u00fchel: Neupositionierung \u00abwie eine Fashion-Brand\u00bb"}]},{"@type":"WebSite","@id":"https:\/\/www.organisator.ch\/#website","url":"https:\/\/www.organisator.ch\/","name":"Organisator","description":"Kompetent. Praxisnah. Der ORGANISATOR bereitet in 10 Ausgaben pro Jahr die wesentlichen Themen f\u00fcr F\u00fchrungskr\u00e4fte von KMU auf.","publisher":{"@id":"https:\/\/www.organisator.ch\/#organization"},"potentialAction":[{"@type":"SearchAction","target":{"@type":"EntryPoint","urlTemplate":"https:\/\/www.organisator.ch\/?s={search_term_string}"},"query-input":{"@type":"PropertyValueSpecification","valueRequired":true,"valueName":"search_term_string"}}],"inLanguage":"de"},{"@type":"Organization","@id":"https:\/\/www.organisator.ch\/#organization","name":"Organisator","url":"https:\/\/www.organisator.ch\/","logo":{"@type":"ImageObject","inLanguage":"de","@id":"https:\/\/www.organisator.ch\/#\/schema\/logo\/image\/","url":"https:\/\/www.organisator.ch\/wp-content\/uploads\/2022\/01\/Logo_Organisator_Website.png","contentUrl":"https:\/\/www.organisator.ch\/wp-content\/uploads\/2022\/01\/Logo_Organisator_Website.png","width":800,"height":77,"caption":"Organisator"},"image":{"@id":"https:\/\/www.organisator.ch\/#\/schema\/logo\/image\/"},"sameAs":["https:\/\/www.facebook.com\/OrganisatorFachmagazin","https:\/\/www.linkedin.com\/showcase\/organisator-das-magazin-fr-kmu","https:\/\/www.xing.com\/news\/pages\/organisator-ch-695","https:\/\/www.youtube.com\/channel\/UCGP2Sq0iWaZwT3BdIAQFYpw"]},{"@type":"Person","@id":"https:\/\/www.organisator.ch\/#\/schema\/person\/4e51799071cd2dd1232ac003643ef5f0","name":"galledia","image":{"@type":"ImageObject","inLanguage":"de","@id":"https:\/\/secure.gravatar.com\/avatar\/78a7f90c01fc2bfc875782a0d4922b37cde2cf184ce347b91316d23cd7f69a36?s=96&d=mm&r=g","url":"https:\/\/secure.gravatar.com\/avatar\/78a7f90c01fc2bfc875782a0d4922b37cde2cf184ce347b91316d23cd7f69a36?s=96&d=mm&r=g","contentUrl":"https:\/\/secure.gravatar.com\/avatar\/78a7f90c01fc2bfc875782a0d4922b37cde2cf184ce347b91316d23cd7f69a36?s=96&d=mm&r=g","caption":"galledia"},"sameAs":["https:\/\/x.com\/admin"],"url":"https:\/\/www.organisator.ch\/de\/author\/galledia\/"}]}},"_links":{"self":[{"href":"https:\/\/www.organisator.ch\/de\/wp-json\/wp\/v2\/posts\/27933","targetHints":{"allow":["GET"]}}],"collection":[{"href":"https:\/\/www.organisator.ch\/de\/wp-json\/wp\/v2\/posts"}],"about":[{"href":"https:\/\/www.organisator.ch\/de\/wp-json\/wp\/v2\/types\/post"}],"author":[{"embeddable":true,"href":"https:\/\/www.organisator.ch\/de\/wp-json\/wp\/v2\/users\/8"}],"replies":[{"embeddable":true,"href":"https:\/\/www.organisator.ch\/de\/wp-json\/wp\/v2\/comments?post=27933"}],"version-history":[{"count":5,"href":"https:\/\/www.organisator.ch\/de\/wp-json\/wp\/v2\/posts\/27933\/revisions"}],"predecessor-version":[{"id":32165,"href":"https:\/\/www.organisator.ch\/de\/wp-json\/wp\/v2\/posts\/27933\/revisions\/32165"}],"wp:attachment":[{"href":"https:\/\/www.organisator.ch\/de\/wp-json\/wp\/v2\/media?parent=27933"}],"wp:term":[{"taxonomy":"category","embeddable":true,"href":"https:\/\/www.organisator.ch\/de\/wp-json\/wp\/v2\/categories?post=27933"},{"taxonomy":"post_tag","embeddable":true,"href":"https:\/\/www.organisator.ch\/de\/wp-json\/wp\/v2\/tags?post=27933"}],"curies":[{"name":"wp","href":"https:\/\/api.w.org\/{rel}","templated":true}]}}